{"id":21278,"date":"2017-07-11T00:24:26","date_gmt":"2017-07-11T00:24:26","guid":{"rendered":"https:\/\/www.camac-harps.com\/blog\/?p=21278\/"},"modified":"2017-07-12T00:11:04","modified_gmt":"2017-07-12T00:11:04","slug":"whc-tue","status":"publish","type":"post","link":"https:\/\/www.camac-harps.com\/blog\/en\/latest\/whc-tue\/","title":{"rendered":"World Harp Congress, Hong Kong 2017: Tuesday, July 11th"},"content":{"rendered":"<p><a href=\"https:\/\/www.camac-harps.com\/wp-content\/uploads\/sites\/27\/2016\/10\/14718734_10210697954755297_7190615688286473560_n-e1477662828146.jpg\"><img loading=\"lazy\" decoding=\"async\" class=\"alignleft size-medium wp-image-7120\" src=\"https:\/\/www.camac-harps.com\/wp-content\/uploads\/sites\/27\/2016\/10\/14718734_10210697954755297_7190615688286473560_n-e1477662828146-300x255.jpg\" alt=\"Liza Jensen\" width=\"300\" height=\"255\" srcset=\"https:\/\/www.camac-harps.com\/blog\/wp-content\/uploads\/sites\/27\/2016\/10\/14718734_10210697954755297_7190615688286473560_n-e1477662828146-300x255.jpg 300w, https:\/\/www.camac-harps.com\/blog\/wp-content\/uploads\/sites\/27\/2016\/10\/14718734_10210697954755297_7190615688286473560_n-e1477662828146-768x653.jpg 768w, https:\/\/www.camac-harps.com\/blog\/wp-content\/uploads\/sites\/27\/2016\/10\/14718734_10210697954755297_7190615688286473560_n-e1477662828146-800x680.jpg 800w, https:\/\/www.camac-harps.com\/blog\/wp-content\/uploads\/sites\/27\/2016\/10\/14718734_10210697954755297_7190615688286473560_n-e1477662828146-55x47.jpg 55w, https:\/\/www.camac-harps.com\/blog\/wp-content\/uploads\/sites\/27\/2016\/10\/14718734_10210697954755297_7190615688286473560_n-e1477662828146-250x213.jpg 250w, https:\/\/www.camac-harps.com\/blog\/wp-content\/uploads\/sites\/27\/2016\/10\/14718734_10210697954755297_7190615688286473560_n-e1477662828146.jpg 940w\" sizes=\"auto, (max-width: 300px) 100vw, 300px\" \/><\/a>Have you ever been advised to immediately release the tension right down on your harp, for example before freighting? This idea frequently circulates internet advice forums and social media, but in fact there are few things in existence that are worse for your harp. Harps being what (or perhaps I should say, who) they are, nothing ever goes wrong at 9:30AM on a Tuesday when your technician is sitting by the phone. Your best defence against a panic at precisely the wrong moment, is to attend a technician session when you can! You can learn how your harp works, and check hearsay against facts.\u00a0<\/p>\n<p>The Hong Kong WHC has wisely programmed such sessions from many of the harp makers, and our turn is tomorrow.\u00a0Bright and early at 9:15, our principal touring technician for the USA and Australasia &#8211; <a href=\"https:\/\/www.camac-harps.com\/blog\/en\/liza-jensen\/\" target=\"_blank\" rel=\"noopener\">Liza Jensen<\/a> &#8211; will give a workshop about the construction of our harps. Discover why they are lighter, stronger, easier to regulate, why you\u2019ll never suffer the always-just-before-a-concert nightmare of a broken pedal rod, and much more besides.\u00a0<\/p>\n<p><a href=\"http:\/\/www.harpes-camac-boutique.net\/product_info.php?products_id=2506\"><img loading=\"lazy\" decoding=\"async\" class=\"size-medium wp-image-21281 alignleft\" src=\"https:\/\/www.camac-harps.com\/wp-content\/uploads\/sites\/27\/2017\/07\/gurls-224x300.jpg\" alt=\"\" width=\"224\" height=\"300\" srcset=\"https:\/\/www.camac-harps.com\/blog\/wp-content\/uploads\/sites\/27\/2017\/07\/gurls-224x300.jpg 224w, https:\/\/www.camac-harps.com\/blog\/wp-content\/uploads\/sites\/27\/2017\/07\/gurls-300x402.jpg 300w, https:\/\/www.camac-harps.com\/blog\/wp-content\/uploads\/sites\/27\/2017\/07\/gurls-55x74.jpg 55w, https:\/\/www.camac-harps.com\/blog\/wp-content\/uploads\/sites\/27\/2017\/07\/gurls-250x335.jpg 250w, https:\/\/www.camac-harps.com\/blog\/wp-content\/uploads\/sites\/27\/2017\/07\/gurls.jpg 440w\" sizes=\"auto, (max-width: 224px) 100vw, 224px\" \/><\/a>Deborah Henson-Conant is here in Hong Kong (and appearing at the Pop and Jazz Night on Wednesday!). She has written an excellent book, the \u00a0&#8220;<a href=\"http:\/\/www.harpes-camac-boutique.net\/product_info.php?products_id=2506\" target=\"_blank\" rel=\"noopener\">Gurl&#8217;s Guide to Amplification<\/a>&#8220;. This clear, friendly guide aims to empower the harpist by explaining the basics &#8211; it won&#8217;t take you long to read, and it could make your life much, much easier in the future. Our technicians&#8217; sessions follow the same philosophy! We also have a specialist electro room as past of our exhibition halls in Hong Kong. The Camac team will be happy to discuss your amplification questions throughout the duration of the Congress.\u00a0<\/p>\n<p>Today also marks the appearance of two heavyweights (in the metaphorical sense) of the French classical harp: Chantal Mathieu, and Sylvain Blassel. Chantal, <a href=\"https:\/\/www.camac-harps.com\/blog\/en\/blog\/news\/portrait-of-veronika-lemishenko\/\" target=\"_blank\" rel=\"noopener\">Veronika Lemishenko<\/a> and Sakuya Koda (soprano) will perform a tribute concert to Jean-Michel Damase.<\/p>\n<div id=\"attachment_21285\" class=\"wp-caption alignright\" style=\"width: 200px\"><a href=\"https:\/\/www.camac-harps.com\/wp-content\/uploads\/sites\/27\/2017\/07\/isabelledamasecouleur.jpg\"><img loading=\"lazy\" decoding=\"async\" class=\"size-medium wp-image-21285\" src=\"https:\/\/www.camac-harps.com\/wp-content\/uploads\/sites\/27\/2017\/07\/isabelledamasecouleur-200x300.jpg\" alt=\"Isabelle Moretti, Jean-Michel Damase\" width=\"200\" height=\"300\" srcset=\"https:\/\/www.camac-harps.com\/blog\/wp-content\/uploads\/sites\/27\/2017\/07\/isabelledamasecouleur-200x300.jpg 200w, https:\/\/www.camac-harps.com\/blog\/wp-content\/uploads\/sites\/27\/2017\/07\/isabelledamasecouleur-768x1152.jpg 768w, https:\/\/www.camac-harps.com\/blog\/wp-content\/uploads\/sites\/27\/2017\/07\/isabelledamasecouleur-683x1024.jpg 683w, https:\/\/www.camac-harps.com\/blog\/wp-content\/uploads\/sites\/27\/2017\/07\/isabelledamasecouleur.jpg 1000w, https:\/\/www.camac-harps.com\/blog\/wp-content\/uploads\/sites\/27\/2017\/07\/isabelledamasecouleur-300x450.jpg 300w, https:\/\/www.camac-harps.com\/blog\/wp-content\/uploads\/sites\/27\/2017\/07\/isabelledamasecouleur-800x1200.jpg 800w, https:\/\/www.camac-harps.com\/blog\/wp-content\/uploads\/sites\/27\/2017\/07\/isabelledamasecouleur-55x83.jpg 55w, https:\/\/www.camac-harps.com\/blog\/wp-content\/uploads\/sites\/27\/2017\/07\/isabelledamasecouleur-250x375.jpg 250w\" sizes=\"auto, (max-width: 200px) 100vw, 200px\" \/><\/a><p class=\"wp-caption-text\">Isabelle Moretti with Jean-Michel Damase at the Concours Cit\u00e9 des Arts, 2012<\/p><\/div>\n<p>The then ten-year-old Chantal Mathieu met Damase in Jacqueline Borot&#8217;s appartment. A few years later, she won her Premier Prix at the Paris Conservatoire, performing the Sicilienne Vari\u00e9e which Damase had just written at the time. She also performed often in orchestras he was conducting, and she was even accompanied by him on the piano in Moscow, performing the Debussy Dances. We are looking forward to a programme of the Sicilienne Vari\u00e9e, Aubade, the Sonatine for two harps &#8211; and <em>Epigrammes et Madrigaux<\/em>, a cycle of nine melodies for voice and harp commissioned by Chantal in 2004.\u00a0<\/p>\n<p>Even if you&#8217;re not in Hong Kong, you can hear Chantal any time of the day or night on our <a href=\"https:\/\/vimeo.com\/224300473\" target=\"_blank\" rel=\"noopener\">Canop\u00e9e video<\/a>! We are very honoured that she consented to play for the launch of our new instrument.\u00a0<\/p>\n<div id=\"attachment_2788\" class=\"wp-caption alignleft\" style=\"width: 240px\"><a href=\"https:\/\/www.camac-harps.com\/wp-content\/uploads\/sites\/27\/2015\/11\/12238303_1226304334051565_5681955510280245666_o.jpg\"><img loading=\"lazy\" decoding=\"async\" class=\"size-medium wp-image-2788\" src=\"https:\/\/www.camac-harps.com\/wp-content\/uploads\/sites\/27\/2015\/11\/12238303_1226304334051565_5681955510280245666_o-240x300.jpg\" alt=\"Sylvain Blassel\" width=\"240\" height=\"300\" srcset=\"https:\/\/www.camac-harps.com\/blog\/wp-content\/uploads\/sites\/27\/2015\/11\/12238303_1226304334051565_5681955510280245666_o-240x300.jpg 240w, https:\/\/www.camac-harps.com\/blog\/wp-content\/uploads\/sites\/27\/2015\/11\/12238303_1226304334051565_5681955510280245666_o.jpg 768w, https:\/\/www.camac-harps.com\/blog\/wp-content\/uploads\/sites\/27\/2015\/11\/12238303_1226304334051565_5681955510280245666_o-300x375.jpg 300w, https:\/\/www.camac-harps.com\/blog\/wp-content\/uploads\/sites\/27\/2015\/11\/12238303_1226304334051565_5681955510280245666_o-55x69.jpg 55w, https:\/\/www.camac-harps.com\/blog\/wp-content\/uploads\/sites\/27\/2015\/11\/12238303_1226304334051565_5681955510280245666_o-250x313.jpg 250w\" sizes=\"auto, (max-width: 240px) 100vw, 240px\" \/><\/a><p class=\"wp-caption-text\">Sylvain Blassel. Photo: Kristina Finch<\/p><\/div>\n<p>After the Damase Tribute Concert, <a href=\"http:\/\/www.sylvainblassel.com\" target=\"_blank\" rel=\"noopener\">Sylvain Blassel<\/a> will\u00a0perform one of the Liszt programmes for which he has justifiably become so well-known. The last time I heard this programme, at the <a href=\"https:\/\/www.camac-harps.com\/blog\/en\/blog\/news\/princeton-harp-festival-2015-5\/\" target=\"_blank\" rel=\"noopener\">Princeton Harp Festival<\/a>, remains one of the most profound musical experiences I have ever had. Apart from Sylvain&#8217;s technical brilliance &#8211; catapulting &#8220;playing transcriptions on the harp&#8221; into new dimensions &#8211; I also love the clarity and audacity of his musicianship. In Princeton, he also <a href=\"https:\/\/www.camac-harps.com\/blog\/en\/blog\/news\/princeton-harp-festival-2015-5\/\" target=\"_blank\" rel=\"noopener\">gave a lecture<\/a> about the question of &#8220;authentic interpretation&#8221;. It&#8217;s as important to think critically in music, as in any other art form. When you watch a great musician perform, it&#8217;s not the brilliance of their technique or how mistake-free they play that blows you away. It&#8217;s the sense behind the notes, the order, the grasp of the oeuvre in its entirety &#8211; as a piece of music, a piece of an epoch, and a piece of the artist themselves, as the work has come to be.\u00a0<\/p>\n<p>In the afternoon, we&#8217;ll enjoy another Asian highlight concert &#8211; this time, from Indonesia and Japan. Heidi Awuy, our partner in Indonesia, is bringing her harp ensemble to perform traditional Indonesian music on the harp. Heidi writes: &#8220;this is an interesting crossover, especially when the harp plays gamelan or keroncong patterns, which are familiar to the public from traditional instruments.&#8221; After this, Gabriella Dall&#8217;Olio will make another appearance (following on from her beautiful Ginastera Sonatina on Monday), together with Sara S\u00ecmari to discuss &#8216;The Harp in the Kingdom of Naples: from Street Musicians to Celebrated Virtuosos.&#8217;<\/p>\n<div id=\"attachment_3549\" class=\"wp-caption alignleft\" style=\"width: 300px\"><a href=\"https:\/\/www.camac-harps.com\/wp-content\/uploads\/sites\/27\/2016\/01\/12510401_334203576703513_1054871823859743167_n.jpg\"><img loading=\"lazy\" decoding=\"async\" class=\"size-medium wp-image-3549\" src=\"https:\/\/www.camac-harps.com\/wp-content\/uploads\/sites\/27\/2016\/01\/12510401_334203576703513_1054871823859743167_n-300x239.jpg\" alt=\"Anneleen \/ Bruges\" width=\"300\" height=\"239\" srcset=\"https:\/\/www.camac-harps.com\/blog\/wp-content\/uploads\/sites\/27\/2016\/01\/12510401_334203576703513_1054871823859743167_n-300x239.jpg 300w, https:\/\/www.camac-harps.com\/blog\/wp-content\/uploads\/sites\/27\/2016\/01\/12510401_334203576703513_1054871823859743167_n-800x636.jpg 800w, https:\/\/www.camac-harps.com\/blog\/wp-content\/uploads\/sites\/27\/2016\/01\/12510401_334203576703513_1054871823859743167_n-768x611.jpg 768w, https:\/\/www.camac-harps.com\/blog\/wp-content\/uploads\/sites\/27\/2016\/01\/12510401_334203576703513_1054871823859743167_n-55x44.jpg 55w, https:\/\/www.camac-harps.com\/blog\/wp-content\/uploads\/sites\/27\/2016\/01\/12510401_334203576703513_1054871823859743167_n-250x199.jpg 250w, https:\/\/www.camac-harps.com\/blog\/wp-content\/uploads\/sites\/27\/2016\/01\/12510401_334203576703513_1054871823859743167_n.jpg 836w\" sizes=\"auto, (max-width: 300px) 100vw, 300px\" \/><\/a><p class=\"wp-caption-text\">Anneleen Lenaerts<\/p><\/div>\n<p>In the evening, we&#8217;ll decamp to the Hong Kong Cultural Centre Concert Hall, for the World Harp Congress Gala Concerto Concert. It&#8217;s normally difficult enough to hear four harp concertos a year, let alone four in one night. And they are <em>all<\/em> unusual! Firstly, Anneleen Lenaerts will perform the Harp Concerto Op. 129 by Joseph Jongen &#8211; a beautiful Romantic work, strangely neglected, which you can also enjoy on Anneleen&#8217;s <a href=\"https:\/\/www.camac-harps.com\/blog\/en\/blog\/news\/anneleen-lenaerts-gliere-rodrigo-jongen-brussels-philharmonic\/\" target=\"_blank\" rel=\"noopener\">CD<\/a> of Harp Concertos with the Brussels Philharmonic. Next, Florence Sitruk will give the world premiere of Detlev Glanert&#8217;s Harp Concerto. This refers to the harp&#8217;s mythological traditions, in three continuous movements inspired by Ancient Greece.\u00a0<\/p>\n<p>Thirdly, Xiaotang Gao will perform another world premiere: &#8220;The Road&#8221;, by Qing Yang. This is not only a new composition, but a new setting for the konghou &#8211; &#8220;the first known crossover&#8221;, the programme notes explain, &#8220;of the instrument with cello (Artem Konstantinov), double bass (Andrea Pino) and caj\u00f3n&#8221; (Simon Williams). Finally, Baltazar Ju\u00e1rez and Nicolas Tulliez will perform Manuel Moreno-Buend\u00eda&#8217;s Concerto Neocl\u00e1sico (1994). Originally for harp, marimba and strings, the work was rescored by\u00a0Moreno-Buend\u00eda in 2007, for two harps and strings.\u00a0<\/p>\n<p>Phew! And after all that &#8211; we will all head to Grappa&#8217;s Cellar to hear Cristina Braga, Ricardo Medeiros and Antonia Medeiros again &#8211; this time in quartet, with Nate Wong on percussion!\u00a0<\/p>\n","protected":false},"excerpt":{"rendered":"<p>Huge day today in Hong Kong, with performances from Chantal Mathieu, Sylvain Blassel, Anneleen Lenaerts, Florence Sitruk, Cristina Braga (again, woo-hoo!) and our friends from Indonesia, to name but a few. <\/p>\n","protected":false},"author":3,"featured_media":3549,"comment_status":"open","ping_status":"open","sticky":false,"template":"","format":"standard","meta":{"_acf_changed":false,"footnotes":""},"categories":[778,552],"tags":[792],"class_list":["post-21278","post","type-post","status-publish","format-standard","has-post-thumbnail","hentry","category-latest","category-news","tag-camac-around-the-world"],"acf":[],"yoast_head":"<title>World Harp Congress, Hong Kong 2017: Tuesday, July 11th - Camac Harps<\/title>\n<meta name=\"robots\" content=\"index, follow, max-snippet:-1, max-image-preview:large, max-video-preview:-1\" \/>\n<link rel=\"canonical\" href=\"https:\/\/www.camac-harps.com\/blog\/en\/latest\/whc-tue\/\" \/>\n<meta property=\"og:locale\" content=\"en_US\" \/>\n<meta property=\"og:type\" content=\"article\" \/>\n<meta property=\"og:title\" content=\"World Harp Congress, Hong Kong 2017: Tuesday, July 11th - Camac Harps\" \/>\n<meta property=\"og:description\" content=\"Huge day today in Hong Kong, with performances from Chantal Mathieu, Sylvain Blassel, Anneleen Lenaerts, Florence Sitruk, Cristina Braga (again, woo-hoo!) and our friends from Indonesia, to name but a few.\" \/>\n<meta property=\"og:url\" content=\"https:\/\/www.camac-harps.com\/blog\/en\/latest\/whc-tue\/\" \/>\n<meta property=\"og:site_name\" content=\"Camac Harps\" \/>\n<meta property=\"article:published_time\" content=\"2017-07-11T00:24:26+00:00\" \/>\n<meta property=\"article:modified_time\" content=\"2017-07-12T00:11:04+00:00\" \/>\n<meta property=\"og:image\" content=\"https:\/\/www.camac-harps.com\/blog\/wp-content\/uploads\/sites\/27\/2016\/01\/12510401_334203576703513_1054871823859743167_n.jpg\" \/>\n\t<meta property=\"og:image:width\" content=\"836\" \/>\n\t<meta property=\"og:image:height\" content=\"665\" \/>\n\t<meta property=\"og:image:type\" content=\"image\/jpeg\" \/>\n<meta name=\"author\" content=\"Helen Leitner\" \/>\n<meta name=\"twitter:card\" content=\"summary_large_image\" \/>\n<meta name=\"twitter:label1\" content=\"Written by\" \/>\n\t<meta name=\"twitter:data1\" content=\"Helen Leitner\" \/>\n\t<meta name=\"twitter:label2\" content=\"Est. reading time\" \/>\n\t<meta name=\"twitter:data2\" content=\"5 minutes\" \/>\n<script type=\"application\/ld+json\" class=\"yoast-schema-graph\">{\"@context\":\"https:\/\/schema.org\",\"@graph\":[{\"@type\":\"Article\",\"@id\":\"https:\/\/www.camac-harps.com\/blog\/en\/latest\/whc-tue\/#article\",\"isPartOf\":{\"@id\":\"https:\/\/www.camac-harps.com\/blog\/en\/latest\/whc-tue\/\"},\"author\":{\"name\":\"Helen Leitner\",\"@id\":\"https:\/\/www.camac-harps.com\/blog\/en\/#\/schema\/person\/59b9e6843c0338179fb914afaf144d22\"},\"headline\":\"World Harp Congress, Hong Kong 2017: Tuesday, July 11th\",\"datePublished\":\"2017-07-11T00:24:26+00:00\",\"dateModified\":\"2017-07-12T00:11:04+00:00\",\"mainEntityOfPage\":{\"@id\":\"https:\/\/www.camac-harps.com\/blog\/en\/latest\/whc-tue\/\"},\"wordCount\":1000,\"commentCount\":0,\"image\":{\"@id\":\"https:\/\/www.camac-harps.com\/blog\/en\/latest\/whc-tue\/#primaryimage\"},\"thumbnailUrl\":\"https:\/\/www.camac-harps.com\/blog\/wp-content\/uploads\/sites\/27\/2016\/01\/12510401_334203576703513_1054871823859743167_n.jpg\",\"keywords\":[\"Camac around the world\"],\"articleSection\":[\"Latest\",\"News\"],\"inLanguage\":\"en-US\",\"potentialAction\":[{\"@type\":\"CommentAction\",\"name\":\"Comment\",\"target\":[\"https:\/\/www.camac-harps.com\/blog\/en\/latest\/whc-tue\/#respond\"]}]},{\"@type\":\"WebPage\",\"@id\":\"https:\/\/www.camac-harps.com\/blog\/en\/latest\/whc-tue\/\",\"url\":\"https:\/\/www.camac-harps.com\/blog\/en\/latest\/whc-tue\/\",\"name\":\"World Harp Congress, Hong Kong 2017: Tuesday, July 11th - Camac Harps\",\"isPartOf\":{\"@id\":\"https:\/\/www.camac-harps.com\/blog\/en\/#website\"},\"primaryImageOfPage\":{\"@id\":\"https:\/\/www.camac-harps.com\/blog\/en\/latest\/whc-tue\/#primaryimage\"},\"image\":{\"@id\":\"https:\/\/www.camac-harps.com\/blog\/en\/latest\/whc-tue\/#primaryimage\"},\"thumbnailUrl\":\"https:\/\/www.camac-harps.com\/blog\/wp-content\/uploads\/sites\/27\/2016\/01\/12510401_334203576703513_1054871823859743167_n.jpg\",\"datePublished\":\"2017-07-11T00:24:26+00:00\",\"dateModified\":\"2017-07-12T00:11:04+00:00\",\"author\":{\"@id\":\"https:\/\/www.camac-harps.com\/blog\/en\/#\/schema\/person\/59b9e6843c0338179fb914afaf144d22\"},\"breadcrumb\":{\"@id\":\"https:\/\/www.camac-harps.com\/blog\/en\/latest\/whc-tue\/#breadcrumb\"},\"inLanguage\":\"en-US\",\"potentialAction\":[{\"@type\":\"ReadAction\",\"target\":[\"https:\/\/www.camac-harps.com\/blog\/en\/latest\/whc-tue\/\"]}]},{\"@type\":\"ImageObject\",\"inLanguage\":\"en-US\",\"@id\":\"https:\/\/www.camac-harps.com\/blog\/en\/latest\/whc-tue\/#primaryimage\",\"url\":\"https:\/\/www.camac-harps.com\/blog\/wp-content\/uploads\/sites\/27\/2016\/01\/12510401_334203576703513_1054871823859743167_n.jpg\",\"contentUrl\":\"https:\/\/www.camac-harps.com\/blog\/wp-content\/uploads\/sites\/27\/2016\/01\/12510401_334203576703513_1054871823859743167_n.jpg\",\"width\":836,\"height\":665,\"caption\":\"Anneleen Lenaerts performs the Rodrigo Concierto at the New Year's concert with the Brussels Philharmonic & Herv\u00e9 Niquet, Concertgebouw Bruges 2016\"},{\"@type\":\"BreadcrumbList\",\"@id\":\"https:\/\/www.camac-harps.com\/blog\/en\/latest\/whc-tue\/#breadcrumb\",\"itemListElement\":[{\"@type\":\"ListItem\",\"position\":1,\"name\":\"Home\",\"item\":\"https:\/\/www.camac-harps.com\/blog\/en\/\"},{\"@type\":\"ListItem\",\"position\":2,\"name\":\"World Harp Congress, Hong Kong 2017: Tuesday, July 11th\"}]},{\"@type\":\"WebSite\",\"@id\":\"https:\/\/www.camac-harps.com\/blog\/en\/#website\",\"url\":\"https:\/\/www.camac-harps.com\/blog\/en\/\",\"name\":\"Camac Harps\",\"description\":\"\",\"potentialAction\":[{\"@type\":\"SearchAction\",\"target\":{\"@type\":\"EntryPoint\",\"urlTemplate\":\"https:\/\/www.camac-harps.com\/blog\/en\/?s={search_term_string}\"},\"query-input\":{\"@type\":\"PropertyValueSpecification\",\"valueRequired\":true,\"valueName\":\"search_term_string\"}}],\"inLanguage\":\"en-US\"},{\"@type\":\"Person\",\"@id\":\"https:\/\/www.camac-harps.com\/blog\/en\/#\/schema\/person\/59b9e6843c0338179fb914afaf144d22\",\"name\":\"Helen Leitner\",\"image\":{\"@type\":\"ImageObject\",\"inLanguage\":\"en-US\",\"@id\":\"https:\/\/www.camac-harps.com\/blog\/en\/#\/schema\/person\/image\/\",\"url\":\"https:\/\/secure.gravatar.com\/avatar\/ebbebff931219cff4c2d1e25c3229b2e036693f67bf237fb12f452d7a019a6da?s=96&d=mm&r=g\",\"contentUrl\":\"https:\/\/secure.gravatar.com\/avatar\/ebbebff931219cff4c2d1e25c3229b2e036693f67bf237fb12f452d7a019a6da?s=96&d=mm&r=g\",\"caption\":\"Helen Leitner\"},\"url\":\"https:\/\/www.camac-harps.com\/blog\/en\/author\/ltnr\/\"}]}<\/script>","yoast_head_json":{"title":"World Harp Congress, Hong Kong 2017: Tuesday, July 11th - Camac Harps","robots":{"index":"index","follow":"follow","max-snippet":"max-snippet:-1","max-image-preview":"max-image-preview:large","max-video-preview":"max-video-preview:-1"},"canonical":"https:\/\/www.camac-harps.com\/blog\/en\/latest\/whc-tue\/","og_locale":"en_US","og_type":"article","og_title":"World Harp Congress, Hong Kong 2017: Tuesday, July 11th - Camac Harps","og_description":"Huge day today in Hong Kong, with performances from Chantal Mathieu, Sylvain Blassel, Anneleen Lenaerts, Florence Sitruk, Cristina Braga (again, woo-hoo!) and our friends from Indonesia, to name but a few.","og_url":"https:\/\/www.camac-harps.com\/blog\/en\/latest\/whc-tue\/","og_site_name":"Camac Harps","article_published_time":"2017-07-11T00:24:26+00:00","article_modified_time":"2017-07-12T00:11:04+00:00","og_image":[{"width":836,"height":665,"url":"https:\/\/www.camac-harps.com\/blog\/wp-content\/uploads\/sites\/27\/2016\/01\/12510401_334203576703513_1054871823859743167_n.jpg","type":"image\/jpeg"}],"author":"Helen Leitner","twitter_card":"summary_large_image","twitter_misc":{"Written by":"Helen Leitner","Est. reading time":"5 minutes"},"schema":{"@context":"https:\/\/schema.org","@graph":[{"@type":"Article","@id":"https:\/\/www.camac-harps.com\/blog\/en\/latest\/whc-tue\/#article","isPartOf":{"@id":"https:\/\/www.camac-harps.com\/blog\/en\/latest\/whc-tue\/"},"author":{"name":"Helen Leitner","@id":"https:\/\/www.camac-harps.com\/blog\/en\/#\/schema\/person\/59b9e6843c0338179fb914afaf144d22"},"headline":"World Harp Congress, Hong Kong 2017: Tuesday, July 11th","datePublished":"2017-07-11T00:24:26+00:00","dateModified":"2017-07-12T00:11:04+00:00","mainEntityOfPage":{"@id":"https:\/\/www.camac-harps.com\/blog\/en\/latest\/whc-tue\/"},"wordCount":1000,"commentCount":0,"image":{"@id":"https:\/\/www.camac-harps.com\/blog\/en\/latest\/whc-tue\/#primaryimage"},"thumbnailUrl":"https:\/\/www.camac-harps.com\/blog\/wp-content\/uploads\/sites\/27\/2016\/01\/12510401_334203576703513_1054871823859743167_n.jpg","keywords":["Camac around the world"],"articleSection":["Latest","News"],"inLanguage":"en-US","potentialAction":[{"@type":"CommentAction","name":"Comment","target":["https:\/\/www.camac-harps.com\/blog\/en\/latest\/whc-tue\/#respond"]}]},{"@type":"WebPage","@id":"https:\/\/www.camac-harps.com\/blog\/en\/latest\/whc-tue\/","url":"https:\/\/www.camac-harps.com\/blog\/en\/latest\/whc-tue\/","name":"World Harp Congress, Hong Kong 2017: Tuesday, July 11th - Camac Harps","isPartOf":{"@id":"https:\/\/www.camac-harps.com\/blog\/en\/#website"},"primaryImageOfPage":{"@id":"https:\/\/www.camac-harps.com\/blog\/en\/latest\/whc-tue\/#primaryimage"},"image":{"@id":"https:\/\/www.camac-harps.com\/blog\/en\/latest\/whc-tue\/#primaryimage"},"thumbnailUrl":"https:\/\/www.camac-harps.com\/blog\/wp-content\/uploads\/sites\/27\/2016\/01\/12510401_334203576703513_1054871823859743167_n.jpg","datePublished":"2017-07-11T00:24:26+00:00","dateModified":"2017-07-12T00:11:04+00:00","author":{"@id":"https:\/\/www.camac-harps.com\/blog\/en\/#\/schema\/person\/59b9e6843c0338179fb914afaf144d22"},"breadcrumb":{"@id":"https:\/\/www.camac-harps.com\/blog\/en\/latest\/whc-tue\/#breadcrumb"},"inLanguage":"en-US","potentialAction":[{"@type":"ReadAction","target":["https:\/\/www.camac-harps.com\/blog\/en\/latest\/whc-tue\/"]}]},{"@type":"ImageObject","inLanguage":"en-US","@id":"https:\/\/www.camac-harps.com\/blog\/en\/latest\/whc-tue\/#primaryimage","url":"https:\/\/www.camac-harps.com\/blog\/wp-content\/uploads\/sites\/27\/2016\/01\/12510401_334203576703513_1054871823859743167_n.jpg","contentUrl":"https:\/\/www.camac-harps.com\/blog\/wp-content\/uploads\/sites\/27\/2016\/01\/12510401_334203576703513_1054871823859743167_n.jpg","width":836,"height":665,"caption":"Anneleen Lenaerts performs the Rodrigo Concierto at the New Year's concert with the Brussels Philharmonic & Herv\u00e9 Niquet, Concertgebouw Bruges 2016"},{"@type":"BreadcrumbList","@id":"https:\/\/www.camac-harps.com\/blog\/en\/latest\/whc-tue\/#breadcrumb","itemListElement":[{"@type":"ListItem","position":1,"name":"Home","item":"https:\/\/www.camac-harps.com\/blog\/en\/"},{"@type":"ListItem","position":2,"name":"World Harp Congress, Hong Kong 2017: Tuesday, July 11th"}]},{"@type":"WebSite","@id":"https:\/\/www.camac-harps.com\/blog\/en\/#website","url":"https:\/\/www.camac-harps.com\/blog\/en\/","name":"Camac Harps","description":"","potentialAction":[{"@type":"SearchAction","target":{"@type":"EntryPoint","urlTemplate":"https:\/\/www.camac-harps.com\/blog\/en\/?s={search_term_string}"},"query-input":{"@type":"PropertyValueSpecification","valueRequired":true,"valueName":"search_term_string"}}],"inLanguage":"en-US"},{"@type":"Person","@id":"https:\/\/www.camac-harps.com\/blog\/en\/#\/schema\/person\/59b9e6843c0338179fb914afaf144d22","name":"Helen Leitner","image":{"@type":"ImageObject","inLanguage":"en-US","@id":"https:\/\/www.camac-harps.com\/blog\/en\/#\/schema\/person\/image\/","url":"https:\/\/secure.gravatar.com\/avatar\/ebbebff931219cff4c2d1e25c3229b2e036693f67bf237fb12f452d7a019a6da?s=96&d=mm&r=g","contentUrl":"https:\/\/secure.gravatar.com\/avatar\/ebbebff931219cff4c2d1e25c3229b2e036693f67bf237fb12f452d7a019a6da?s=96&d=mm&r=g","caption":"Helen Leitner"},"url":"https:\/\/www.camac-harps.com\/blog\/en\/author\/ltnr\/"}]}},"_links":{"self":[{"href":"https:\/\/www.camac-harps.com\/blog\/en\/wp-json\/wp\/v2\/posts\/21278","targetHints":{"allow":["GET"]}}],"collection":[{"href":"https:\/\/www.camac-harps.com\/blog\/en\/wp-json\/wp\/v2\/posts"}],"about":[{"href":"https:\/\/www.camac-harps.com\/blog\/en\/wp-json\/wp\/v2\/types\/post"}],"author":[{"embeddable":true,"href":"https:\/\/www.camac-harps.com\/blog\/en\/wp-json\/wp\/v2\/users\/3"}],"replies":[{"embeddable":true,"href":"https:\/\/www.camac-harps.com\/blog\/en\/wp-json\/wp\/v2\/comments?post=21278"}],"version-history":[{"count":10,"href":"https:\/\/www.camac-harps.com\/blog\/en\/wp-json\/wp\/v2\/posts\/21278\/revisions"}],"predecessor-version":[{"id":21300,"href":"https:\/\/www.camac-harps.com\/blog\/en\/wp-json\/wp\/v2\/posts\/21278\/revisions\/21300"}],"wp:featuredmedia":[{"embeddable":true,"href":"https:\/\/www.camac-harps.com\/blog\/en\/wp-json\/wp\/v2\/media\/3549"}],"wp:attachment":[{"href":"https:\/\/www.camac-harps.com\/blog\/en\/wp-json\/wp\/v2\/media?parent=21278"}],"wp:term":[{"taxonomy":"category","embeddable":true,"href":"https:\/\/www.camac-harps.com\/blog\/en\/wp-json\/wp\/v2\/categories?post=21278"},{"taxonomy":"post_tag","embeddable":true,"href":"https:\/\/www.camac-harps.com\/blog\/en\/wp-json\/wp\/v2\/tags?post=21278"}],"curies":[{"name":"wp","href":"https:\/\/api.w.org\/{rel}","templated":true}]}}