{"id":21644,"date":"2017-11-09T11:55:40","date_gmt":"2017-11-09T11:55:40","guid":{"rendered":"https:\/\/www.camac-harps.com\/blog\/?p=21644"},"modified":"2017-11-16T09:52:00","modified_gmt":"2017-11-16T09:52:00","slug":"interview-maire-ni-chathasaigh-folk-magazin","status":"publish","type":"post","link":"https:\/\/www.camac-harps.com\/blog\/en\/news\/interview-maire-ni-chathasaigh-folk-magazin\/","title":{"rendered":"Interview with M\u00e1ire N\u00ed Chathasaigh in Folk Magazin"},"content":{"rendered":"<p style=\"text-align: justify;\">Congratulations to <a href=\"http:\/\/mairenichathasaigh.com\/index.html\" target=\"_blank\" rel=\"noopener\">M\u00e1ire N\u00ed Chathasaigh<\/a>, who is on the cover of the German journal Folk Magazin. Thank-you also to Folk Magazin who has kindly allowed us to republish the interview in full (at the end of this article), for all you German speakers.\u00a0<\/p>\n<p style=\"text-align: justify;\">M\u00e1ire is an internationally-recognised exponent of traditional Irish music on the harp. She has made it her life&#8217;s work to research and develop Irish music.\u00a0<\/p>\n<p style=\"text-align: justify;\">&#8220;The harp had been an incredibly important instrument in Ireland from the Middle Ages until the nineteenth century, when there was a move towards a more European style of playing&#8221;, M\u00e1ire explains. &#8220;Traditional methods of playing wire-strung harps with the fingernails were superseded in the 1800s by the development of a non-wire strung harp called the &#8220;neo Irish harp&#8221;. The 1800 Act of Reunion also had a bad effect on traditional musicians. Previously, harpists had been supported by aristocratic patrons, but after the Act all landowners of British origin abruptly decamped to London, causing a massive decline in patronage.<\/p>\n<p style=\"text-align: justify;\">At the end of the nineteenth century came the so-called Irish Revival. Somewhat like the Breton Celtic Revival some fifty years later in France, the Irish Revival was, for all its interest in the roots of Irish culture, a middle class urban movement, beloved of political-literary-arty types. The city intelligensia&#8217;s daughters &#8211; who would have been learning the pedal harp in the eighteenth century &#8211; now took up the Irish harp. Up until the 1950s, the Irish harp had therefore lost its roots in the country as a whole, and the oral tradition had practically died out. I realised that what I wanted to do was to try and recover it.<\/p>\n<p style=\"text-align: justify;\">I didn&#8217;t have many direct harp sources to draw on. The harp was popular in Dublin, but beyond that, most people only played the music of Carolan. So I took ornaments that were used on the tin whistle, pipes or fiddle, and used them on the harp. This became my basis to play traditional Irish dance music and airs in an authentic style. It is completely normal to do this now &#8211; you can&#8217;t find a harpist who does not do this &#8211; but when I was in my teens, it was the other way round. Then and now, you need a rounded perspective &#8211; it&#8217;s no good going to the other extreme and playing only dance music and ignoring Carolan and his contemporaries, either.<\/p>\n<p style=\"text-align: justify;\">You also need to find a balance between being informed about traditional music&#8217;s roots, and keeping those roots alive today. For over twenty years, I have been in a harp-guitar duo with Chris Newman, and we tour practically full-time. Chris&#8217;s background is improvised music, mostly swing, jazz, bluegrass and so on. I had to learn his music, and he mine, and our duo is a mix of styles. I wouldn&#8217;t call it crossover, because we don&#8217;t mix styles, but any concert has many different numbers.&#8221;<\/p>\n<p style=\"text-align: justify;\">M\u00e1ire and Chris&#8217;s album\u00a0<a href=\"http:\/\/www.harpes-camac-boutique.net\/product_info.php?products_id=208\" target=\"_blank\" rel=\"noopener\">Firewire<\/a> won Best Celtic Instrumental Album category in the 2009 Just Plain Folks Music Awards &#8211; selected from over 42,000 albums and 560,000 songs in 93 genres from 163 countries around the world, making these the largest music awards of any kind anywhere. You can buy this, and all of\u00a0M\u00e1ire&#8217;s discography, from your one-stop shop for the best harp accessories &#8211; the <a href=\"http:\/\/www.harp-store.com\" target=\"_blank\" rel=\"noopener\">Camac e-store<\/a>!\u00a0<\/p>\n<p style=\"text-align: justify;\">M\u00e1ire has also published two books of arrangements. These books, The Irish Harper Vols. 1 &amp; 2, explain Carolan&#8217;s music, a part of the Irish tradition with its own stylistic conventions, very unlike early music of the same period elsewhere in Europe. For further concise and scholarly reading, M\u00e1ire recommends Joan Rimmer&#8217;s The Irish Harp, now out of print, but available in libraries.\u00a0<\/p>\n<p style=\"text-align: justify;\"><span class=\"style17\">Recent Irish TV programmes featuring M\u00e1ire and Chris<\/span><span class=\"style763\"><span class=\"style17\">\u00a0are still available on the TG4 server, including Part I of the TV programme <span class=\"style505\">&#8220;<\/span><\/span><a href=\"http:\/\/www.tg4.ie\/ga\/player\/baile\/?pid=4849025692001%20\" target=\"_blank\" rel=\"noopener\"><span class=\"style900\">Mn\u00e1 an Cheoil&#8221; (Women in traditional Music)<\/span><\/a><span class=\"style17\"> on TG4, M\u00e1ire&#8217;s live TV performance with Anne-Marie O&#8217;Farrell and Cormac de Barra on <span class=\"style505\">\u201c<\/span><\/span><a href=\"http:\/\/www.tg4.ie\/en\/player\/home\/?pid=4767103355001\" target=\"_blank\" rel=\"noopener\"><span class=\"style900\">Gradam Ceoil TG4 2016<\/span><\/a><span class=\"style17\"><span class=\"style505\">\u201d<\/span> and their duo performance on &#8220;<\/span><a href=\"http:\/\/www.tg4.ie\/en\/programmes\/hup\/\" target=\"_blank\" rel=\"noopener\"><span class=\"style17\">Hup<\/span><\/a><span class=\"style17\">&#8221; on TG4.<\/span><\/span><\/p>\n<p style=\"text-align: justify;\"><a href=\"https:\/\/www.camac-harps.com\/wp-content\/uploads\/sites\/27\/2017\/10\/interviewinfolkm.jpeg\"><img loading=\"lazy\" decoding=\"async\" class=\"size-full wp-image-21646\" src=\"https:\/\/www.camac-harps.com\/wp-content\/uploads\/sites\/27\/2017\/10\/interviewinfolkm.jpeg\" alt=\"Interview in Folk Magazin \" width=\"566\" height=\"850\" srcset=\"https:\/\/www.camac-harps.com\/blog\/wp-content\/uploads\/sites\/27\/2017\/10\/interviewinfolkm.jpeg 566w, https:\/\/www.camac-harps.com\/blog\/wp-content\/uploads\/sites\/27\/2017\/10\/interviewinfolkm-200x300.jpeg 200w, https:\/\/www.camac-harps.com\/blog\/wp-content\/uploads\/sites\/27\/2017\/10\/interviewinfolkm-300x451.jpeg 300w, https:\/\/www.camac-harps.com\/blog\/wp-content\/uploads\/sites\/27\/2017\/10\/interviewinfolkm-55x83.jpeg 55w, https:\/\/www.camac-harps.com\/blog\/wp-content\/uploads\/sites\/27\/2017\/10\/interviewinfolkm-250x375.jpeg 250w\" sizes=\"auto, (max-width: 566px) 100vw, 566px\" \/><\/a><\/p>\n","protected":false},"excerpt":{"rendered":"<p>Calling all German speakers! M\u00e1ire N\u00ed Chathasaigh is on the front cover of Folk Magazin, with an extensive interview inside&#8230;<\/p>\n","protected":false},"author":3,"featured_media":21645,"comment_status":"open","ping_status":"open","sticky":false,"template":"","format":"standard","meta":{"_acf_changed":false,"footnotes":""},"categories":[552],"tags":[],"class_list":["post-21644","post","type-post","status-publish","format-standard","has-post-thumbnail","hentry","category-news"],"acf":[],"yoast_head":"<title>Interview with M\u00e1ire N\u00ed Chathasaigh in Folk Magazin - Camac Harps<\/title>\n<meta name=\"robots\" content=\"index, follow, max-snippet:-1, max-image-preview:large, max-video-preview:-1\" \/>\n<link rel=\"canonical\" href=\"https:\/\/www.camac-harps.com\/blog\/en\/news\/interview-maire-ni-chathasaigh-folk-magazin\/\" \/>\n<meta property=\"og:locale\" content=\"en_US\" \/>\n<meta property=\"og:type\" content=\"article\" \/>\n<meta property=\"og:title\" content=\"Interview with M\u00e1ire N\u00ed Chathasaigh in Folk Magazin - Camac Harps\" \/>\n<meta property=\"og:description\" content=\"Calling all German speakers! M\u00e1ire N\u00ed Chathasaigh is on the front cover of Folk Magazin, with an extensive interview inside...\" \/>\n<meta property=\"og:url\" content=\"https:\/\/www.camac-harps.com\/blog\/en\/news\/interview-maire-ni-chathasaigh-folk-magazin\/\" \/>\n<meta property=\"og:site_name\" content=\"Camac Harps\" \/>\n<meta property=\"article:published_time\" content=\"2017-11-09T11:55:40+00:00\" \/>\n<meta property=\"article:modified_time\" content=\"2017-11-16T09:52:00+00:00\" \/>\n<meta property=\"og:image\" content=\"https:\/\/www.camac-harps.com\/blog\/wp-content\/uploads\/sites\/27\/2017\/10\/maire.jpg\" \/>\n\t<meta property=\"og:image:width\" content=\"323\" \/>\n\t<meta property=\"og:image:height\" content=\"450\" \/>\n\t<meta property=\"og:image:type\" content=\"image\/jpeg\" \/>\n<meta name=\"author\" content=\"Helen Leitner\" \/>\n<meta name=\"twitter:card\" content=\"summary_large_image\" \/>\n<meta name=\"twitter:label1\" content=\"Written by\" \/>\n\t<meta name=\"twitter:data1\" content=\"Helen Leitner\" \/>\n\t<meta name=\"twitter:label2\" content=\"Est. reading time\" \/>\n\t<meta name=\"twitter:data2\" content=\"3 minutes\" \/>\n<script type=\"application\/ld+json\" class=\"yoast-schema-graph\">{\"@context\":\"https:\/\/schema.org\",\"@graph\":[{\"@type\":\"Article\",\"@id\":\"https:\/\/www.camac-harps.com\/blog\/en\/news\/interview-maire-ni-chathasaigh-folk-magazin\/#article\",\"isPartOf\":{\"@id\":\"https:\/\/www.camac-harps.com\/blog\/en\/news\/interview-maire-ni-chathasaigh-folk-magazin\/\"},\"author\":{\"name\":\"Helen Leitner\",\"@id\":\"https:\/\/www.camac-harps.com\/blog\/en\/#\/schema\/person\/59b9e6843c0338179fb914afaf144d22\"},\"headline\":\"Interview with M\u00e1ire N\u00ed Chathasaigh in Folk Magazin\",\"datePublished\":\"2017-11-09T11:55:40+00:00\",\"dateModified\":\"2017-11-16T09:52:00+00:00\",\"mainEntityOfPage\":{\"@id\":\"https:\/\/www.camac-harps.com\/blog\/en\/news\/interview-maire-ni-chathasaigh-folk-magazin\/\"},\"wordCount\":699,\"commentCount\":0,\"image\":{\"@id\":\"https:\/\/www.camac-harps.com\/blog\/en\/news\/interview-maire-ni-chathasaigh-folk-magazin\/#primaryimage\"},\"thumbnailUrl\":\"https:\/\/www.camac-harps.com\/blog\/wp-content\/uploads\/sites\/27\/2017\/10\/maire.jpg\",\"articleSection\":[\"News\"],\"inLanguage\":\"en-US\",\"potentialAction\":[{\"@type\":\"CommentAction\",\"name\":\"Comment\",\"target\":[\"https:\/\/www.camac-harps.com\/blog\/en\/news\/interview-maire-ni-chathasaigh-folk-magazin\/#respond\"]}]},{\"@type\":\"WebPage\",\"@id\":\"https:\/\/www.camac-harps.com\/blog\/en\/news\/interview-maire-ni-chathasaigh-folk-magazin\/\",\"url\":\"https:\/\/www.camac-harps.com\/blog\/en\/news\/interview-maire-ni-chathasaigh-folk-magazin\/\",\"name\":\"Interview with M\u00e1ire N\u00ed Chathasaigh in Folk Magazin - Camac Harps\",\"isPartOf\":{\"@id\":\"https:\/\/www.camac-harps.com\/blog\/en\/#website\"},\"primaryImageOfPage\":{\"@id\":\"https:\/\/www.camac-harps.com\/blog\/en\/news\/interview-maire-ni-chathasaigh-folk-magazin\/#primaryimage\"},\"image\":{\"@id\":\"https:\/\/www.camac-harps.com\/blog\/en\/news\/interview-maire-ni-chathasaigh-folk-magazin\/#primaryimage\"},\"thumbnailUrl\":\"https:\/\/www.camac-harps.com\/blog\/wp-content\/uploads\/sites\/27\/2017\/10\/maire.jpg\",\"datePublished\":\"2017-11-09T11:55:40+00:00\",\"dateModified\":\"2017-11-16T09:52:00+00:00\",\"author\":{\"@id\":\"https:\/\/www.camac-harps.com\/blog\/en\/#\/schema\/person\/59b9e6843c0338179fb914afaf144d22\"},\"breadcrumb\":{\"@id\":\"https:\/\/www.camac-harps.com\/blog\/en\/news\/interview-maire-ni-chathasaigh-folk-magazin\/#breadcrumb\"},\"inLanguage\":\"en-US\",\"potentialAction\":[{\"@type\":\"ReadAction\",\"target\":[\"https:\/\/www.camac-harps.com\/blog\/en\/news\/interview-maire-ni-chathasaigh-folk-magazin\/\"]}]},{\"@type\":\"ImageObject\",\"inLanguage\":\"en-US\",\"@id\":\"https:\/\/www.camac-harps.com\/blog\/en\/news\/interview-maire-ni-chathasaigh-folk-magazin\/#primaryimage\",\"url\":\"https:\/\/www.camac-harps.com\/blog\/wp-content\/uploads\/sites\/27\/2017\/10\/maire.jpg\",\"contentUrl\":\"https:\/\/www.camac-harps.com\/blog\/wp-content\/uploads\/sites\/27\/2017\/10\/maire.jpg\",\"width\":323,\"height\":450,\"caption\":\"M\u00e1ire Ni N\u00ed Chathasaigh \/ Folk Magazin\"},{\"@type\":\"BreadcrumbList\",\"@id\":\"https:\/\/www.camac-harps.com\/blog\/en\/news\/interview-maire-ni-chathasaigh-folk-magazin\/#breadcrumb\",\"itemListElement\":[{\"@type\":\"ListItem\",\"position\":1,\"name\":\"Home\",\"item\":\"https:\/\/www.camac-harps.com\/blog\/en\/\"},{\"@type\":\"ListItem\",\"position\":2,\"name\":\"Interview with M\u00e1ire N\u00ed Chathasaigh in Folk Magazin\"}]},{\"@type\":\"WebSite\",\"@id\":\"https:\/\/www.camac-harps.com\/blog\/en\/#website\",\"url\":\"https:\/\/www.camac-harps.com\/blog\/en\/\",\"name\":\"Camac Harps\",\"description\":\"\",\"potentialAction\":[{\"@type\":\"SearchAction\",\"target\":{\"@type\":\"EntryPoint\",\"urlTemplate\":\"https:\/\/www.camac-harps.com\/blog\/en\/?s={search_term_string}\"},\"query-input\":{\"@type\":\"PropertyValueSpecification\",\"valueRequired\":true,\"valueName\":\"search_term_string\"}}],\"inLanguage\":\"en-US\"},{\"@type\":\"Person\",\"@id\":\"https:\/\/www.camac-harps.com\/blog\/en\/#\/schema\/person\/59b9e6843c0338179fb914afaf144d22\",\"name\":\"Helen Leitner\",\"image\":{\"@type\":\"ImageObject\",\"inLanguage\":\"en-US\",\"@id\":\"https:\/\/www.camac-harps.com\/blog\/en\/#\/schema\/person\/image\/\",\"url\":\"https:\/\/secure.gravatar.com\/avatar\/ebbebff931219cff4c2d1e25c3229b2e036693f67bf237fb12f452d7a019a6da?s=96&d=mm&r=g\",\"contentUrl\":\"https:\/\/secure.gravatar.com\/avatar\/ebbebff931219cff4c2d1e25c3229b2e036693f67bf237fb12f452d7a019a6da?s=96&d=mm&r=g\",\"caption\":\"Helen Leitner\"},\"url\":\"https:\/\/www.camac-harps.com\/blog\/en\/author\/ltnr\/\"}]}<\/script>","yoast_head_json":{"title":"Interview with M\u00e1ire N\u00ed Chathasaigh in Folk Magazin - Camac Harps","robots":{"index":"index","follow":"follow","max-snippet":"max-snippet:-1","max-image-preview":"max-image-preview:large","max-video-preview":"max-video-preview:-1"},"canonical":"https:\/\/www.camac-harps.com\/blog\/en\/news\/interview-maire-ni-chathasaigh-folk-magazin\/","og_locale":"en_US","og_type":"article","og_title":"Interview with M\u00e1ire N\u00ed Chathasaigh in Folk Magazin - Camac Harps","og_description":"Calling all German speakers! M\u00e1ire N\u00ed Chathasaigh is on the front cover of Folk Magazin, with an extensive interview inside...","og_url":"https:\/\/www.camac-harps.com\/blog\/en\/news\/interview-maire-ni-chathasaigh-folk-magazin\/","og_site_name":"Camac Harps","article_published_time":"2017-11-09T11:55:40+00:00","article_modified_time":"2017-11-16T09:52:00+00:00","og_image":[{"width":323,"height":450,"url":"https:\/\/www.camac-harps.com\/blog\/wp-content\/uploads\/sites\/27\/2017\/10\/maire.jpg","type":"image\/jpeg"}],"author":"Helen Leitner","twitter_card":"summary_large_image","twitter_misc":{"Written by":"Helen Leitner","Est. reading time":"3 minutes"},"schema":{"@context":"https:\/\/schema.org","@graph":[{"@type":"Article","@id":"https:\/\/www.camac-harps.com\/blog\/en\/news\/interview-maire-ni-chathasaigh-folk-magazin\/#article","isPartOf":{"@id":"https:\/\/www.camac-harps.com\/blog\/en\/news\/interview-maire-ni-chathasaigh-folk-magazin\/"},"author":{"name":"Helen Leitner","@id":"https:\/\/www.camac-harps.com\/blog\/en\/#\/schema\/person\/59b9e6843c0338179fb914afaf144d22"},"headline":"Interview with M\u00e1ire N\u00ed Chathasaigh in Folk Magazin","datePublished":"2017-11-09T11:55:40+00:00","dateModified":"2017-11-16T09:52:00+00:00","mainEntityOfPage":{"@id":"https:\/\/www.camac-harps.com\/blog\/en\/news\/interview-maire-ni-chathasaigh-folk-magazin\/"},"wordCount":699,"commentCount":0,"image":{"@id":"https:\/\/www.camac-harps.com\/blog\/en\/news\/interview-maire-ni-chathasaigh-folk-magazin\/#primaryimage"},"thumbnailUrl":"https:\/\/www.camac-harps.com\/blog\/wp-content\/uploads\/sites\/27\/2017\/10\/maire.jpg","articleSection":["News"],"inLanguage":"en-US","potentialAction":[{"@type":"CommentAction","name":"Comment","target":["https:\/\/www.camac-harps.com\/blog\/en\/news\/interview-maire-ni-chathasaigh-folk-magazin\/#respond"]}]},{"@type":"WebPage","@id":"https:\/\/www.camac-harps.com\/blog\/en\/news\/interview-maire-ni-chathasaigh-folk-magazin\/","url":"https:\/\/www.camac-harps.com\/blog\/en\/news\/interview-maire-ni-chathasaigh-folk-magazin\/","name":"Interview with M\u00e1ire N\u00ed Chathasaigh in Folk Magazin - Camac Harps","isPartOf":{"@id":"https:\/\/www.camac-harps.com\/blog\/en\/#website"},"primaryImageOfPage":{"@id":"https:\/\/www.camac-harps.com\/blog\/en\/news\/interview-maire-ni-chathasaigh-folk-magazin\/#primaryimage"},"image":{"@id":"https:\/\/www.camac-harps.com\/blog\/en\/news\/interview-maire-ni-chathasaigh-folk-magazin\/#primaryimage"},"thumbnailUrl":"https:\/\/www.camac-harps.com\/blog\/wp-content\/uploads\/sites\/27\/2017\/10\/maire.jpg","datePublished":"2017-11-09T11:55:40+00:00","dateModified":"2017-11-16T09:52:00+00:00","author":{"@id":"https:\/\/www.camac-harps.com\/blog\/en\/#\/schema\/person\/59b9e6843c0338179fb914afaf144d22"},"breadcrumb":{"@id":"https:\/\/www.camac-harps.com\/blog\/en\/news\/interview-maire-ni-chathasaigh-folk-magazin\/#breadcrumb"},"inLanguage":"en-US","potentialAction":[{"@type":"ReadAction","target":["https:\/\/www.camac-harps.com\/blog\/en\/news\/interview-maire-ni-chathasaigh-folk-magazin\/"]}]},{"@type":"ImageObject","inLanguage":"en-US","@id":"https:\/\/www.camac-harps.com\/blog\/en\/news\/interview-maire-ni-chathasaigh-folk-magazin\/#primaryimage","url":"https:\/\/www.camac-harps.com\/blog\/wp-content\/uploads\/sites\/27\/2017\/10\/maire.jpg","contentUrl":"https:\/\/www.camac-harps.com\/blog\/wp-content\/uploads\/sites\/27\/2017\/10\/maire.jpg","width":323,"height":450,"caption":"M\u00e1ire Ni N\u00ed Chathasaigh \/ Folk Magazin"},{"@type":"BreadcrumbList","@id":"https:\/\/www.camac-harps.com\/blog\/en\/news\/interview-maire-ni-chathasaigh-folk-magazin\/#breadcrumb","itemListElement":[{"@type":"ListItem","position":1,"name":"Home","item":"https:\/\/www.camac-harps.com\/blog\/en\/"},{"@type":"ListItem","position":2,"name":"Interview with M\u00e1ire N\u00ed Chathasaigh in Folk Magazin"}]},{"@type":"WebSite","@id":"https:\/\/www.camac-harps.com\/blog\/en\/#website","url":"https:\/\/www.camac-harps.com\/blog\/en\/","name":"Camac Harps","description":"","potentialAction":[{"@type":"SearchAction","target":{"@type":"EntryPoint","urlTemplate":"https:\/\/www.camac-harps.com\/blog\/en\/?s={search_term_string}"},"query-input":{"@type":"PropertyValueSpecification","valueRequired":true,"valueName":"search_term_string"}}],"inLanguage":"en-US"},{"@type":"Person","@id":"https:\/\/www.camac-harps.com\/blog\/en\/#\/schema\/person\/59b9e6843c0338179fb914afaf144d22","name":"Helen Leitner","image":{"@type":"ImageObject","inLanguage":"en-US","@id":"https:\/\/www.camac-harps.com\/blog\/en\/#\/schema\/person\/image\/","url":"https:\/\/secure.gravatar.com\/avatar\/ebbebff931219cff4c2d1e25c3229b2e036693f67bf237fb12f452d7a019a6da?s=96&d=mm&r=g","contentUrl":"https:\/\/secure.gravatar.com\/avatar\/ebbebff931219cff4c2d1e25c3229b2e036693f67bf237fb12f452d7a019a6da?s=96&d=mm&r=g","caption":"Helen Leitner"},"url":"https:\/\/www.camac-harps.com\/blog\/en\/author\/ltnr\/"}]}},"_links":{"self":[{"href":"https:\/\/www.camac-harps.com\/blog\/en\/wp-json\/wp\/v2\/posts\/21644","targetHints":{"allow":["GET"]}}],"collection":[{"href":"https:\/\/www.camac-harps.com\/blog\/en\/wp-json\/wp\/v2\/posts"}],"about":[{"href":"https:\/\/www.camac-harps.com\/blog\/en\/wp-json\/wp\/v2\/types\/post"}],"author":[{"embeddable":true,"href":"https:\/\/www.camac-harps.com\/blog\/en\/wp-json\/wp\/v2\/users\/3"}],"replies":[{"embeddable":true,"href":"https:\/\/www.camac-harps.com\/blog\/en\/wp-json\/wp\/v2\/comments?post=21644"}],"version-history":[{"count":5,"href":"https:\/\/www.camac-harps.com\/blog\/en\/wp-json\/wp\/v2\/posts\/21644\/revisions"}],"predecessor-version":[{"id":21716,"href":"https:\/\/www.camac-harps.com\/blog\/en\/wp-json\/wp\/v2\/posts\/21644\/revisions\/21716"}],"wp:featuredmedia":[{"embeddable":true,"href":"https:\/\/www.camac-harps.com\/blog\/en\/wp-json\/wp\/v2\/media\/21645"}],"wp:attachment":[{"href":"https:\/\/www.camac-harps.com\/blog\/en\/wp-json\/wp\/v2\/media?parent=21644"}],"wp:term":[{"taxonomy":"category","embeddable":true,"href":"https:\/\/www.camac-harps.com\/blog\/en\/wp-json\/wp\/v2\/categories?post=21644"},{"taxonomy":"post_tag","embeddable":true,"href":"https:\/\/www.camac-harps.com\/blog\/en\/wp-json\/wp\/v2\/tags?post=21644"}],"curies":[{"name":"wp","href":"https:\/\/api.w.org\/{rel}","templated":true}]}}