{"id":21695,"date":"2017-11-10T14:11:05","date_gmt":"2017-11-10T14:11:05","guid":{"rendered":"https:\/\/www.camac-harps.com\/blog\/?p=21695"},"modified":"2017-11-22T10:30:07","modified_gmt":"2017-11-22T10:30:07","slug":"talking-isabelle-moretti","status":"publish","type":"post","link":"https:\/\/www.camac-harps.com\/blog\/en\/news\/talking-isabelle-moretti\/","title":{"rendered":"Talking with Isabelle Moretti"},"content":{"rendered":"<div id=\"attachment_21697\" class=\"wp-caption alignright\" style=\"width: 199px\"><a href=\"https:\/\/www.camac-harps.com\/wp-content\/uploads\/sites\/27\/2017\/10\/isabellemorettiphotoericlarraydieu.jpg\"><img loading=\"lazy\" decoding=\"async\" class=\"size-medium wp-image-21697\" src=\"https:\/\/www.camac-harps.com\/wp-content\/uploads\/sites\/27\/2017\/10\/isabellemorettiphotoericlarraydieu-199x300.jpg\" alt=\"Isabelle Moretti \/ photo Eric Larrayadieu\" width=\"199\" height=\"300\" srcset=\"https:\/\/www.camac-harps.com\/blog\/wp-content\/uploads\/sites\/27\/2017\/10\/isabellemorettiphotoericlarraydieu-199x300.jpg 199w, https:\/\/www.camac-harps.com\/blog\/wp-content\/uploads\/sites\/27\/2017\/10\/isabellemorettiphotoericlarraydieu-768x1156.jpg 768w, https:\/\/www.camac-harps.com\/blog\/wp-content\/uploads\/sites\/27\/2017\/10\/isabellemorettiphotoericlarraydieu-680x1024.jpg 680w, https:\/\/www.camac-harps.com\/blog\/wp-content\/uploads\/sites\/27\/2017\/10\/isabellemorettiphotoericlarraydieu-1000x1506.jpg 1000w, https:\/\/www.camac-harps.com\/blog\/wp-content\/uploads\/sites\/27\/2017\/10\/isabellemorettiphotoericlarraydieu-300x452.jpg 300w, https:\/\/www.camac-harps.com\/blog\/wp-content\/uploads\/sites\/27\/2017\/10\/isabellemorettiphotoericlarraydieu-800x1204.jpg 800w, https:\/\/www.camac-harps.com\/blog\/wp-content\/uploads\/sites\/27\/2017\/10\/isabellemorettiphotoericlarraydieu-55x83.jpg 55w, https:\/\/www.camac-harps.com\/blog\/wp-content\/uploads\/sites\/27\/2017\/10\/isabellemorettiphotoericlarraydieu-250x376.jpg 250w\" sizes=\"auto, (max-width: 199px) 100vw, 199px\" \/><\/a><p class=\"wp-caption-text\">Photo: Eric Larrayadieu<\/p><\/div>\n<p style=\"text-align: justify;\">&#8220;For a composer, there is no more intense emotion than hear their work performed as they would dream to be able to play, themselves. I was overcome by this feeling when Isabelle Moretti premiered my harp concerto &#8220;Le Tombeau de Virgile&#8221; at the Th\u00e9\u00e2tre des Champs Elys\u00e9es. The piece seemed extraordinarily familiar to her: she played it from memory, with incredible security. Musically, it was as if it could not be any other way: such beautiful sound, such perfect style, so much depth and eloquence in her playing. It was on that evening that I knew that Isabelle Moretti is one of the greatest artists I have ever been privileged to meet.&#8221;\u00a0<\/p>\n<p style=\"text-align: right;\">Philippe Hersant, composer<\/p>\n<p style=\"text-align: justify;\">Isabelle Moretti needs little introduction to harpists today. After winning international competition prizes in Geneva, Munich and Israel at the start of her career, she is now one of the best-known classical soloists for our instrument. Read about her <a href=\"http:\/\/www.caecilia.ch\/artiste.php?l=En&amp;id=142\" target=\"_blank\" rel=\"noopener\">here<\/a>.\u00a0<\/p>\n<p style=\"text-align: justify;\">In the run-up to her recital at the <a href=\"https:\/\/www.camac-harps.com\/blog\/en\/blog\/comingup\/the-camac-festival-usa\/\" target=\"_blank\" rel=\"noopener\">Camac Festival USA<\/a>, you can also discover more in the interview below.\u00a0<\/p>\n<p style=\"text-align: justify;\"><i>You are one of the most f\u00eated soloists in the world. Can you tell us more about your career path, and how you got to where you are today?\u00a0<\/i><\/p>\n<p style=\"text-align: justify;\">Well, I worked hard. We can say that right at the start! After that &#8211; I was lucky to have an incredible teacher, Germaine Lorenzini. And a solid classical progression &#8211; conservatoire, international competitions, concert agents, and so on. You have to develop your talent of course, and then also you need some clever awareness of how to sell yourself, which is sometimes very far away from music. I personally have no vision of myself at all. I am who I am\u2026I can\u2019t picture myself as a well-known soloist, although I know I am one. This is more common than you\u2019d think &#8211; a lot of soloists don\u2019t really know how they got there. Par contre, there are agents who are masters of this, and that\u2019s why they do what they do.\u00a0<\/p>\n<div id=\"attachment_21696\" class=\"wp-caption alignleft\" style=\"width: 300px\"><a href=\"https:\/\/www.camac-harps.com\/wp-content\/uploads\/sites\/27\/2017\/10\/isabellemorettiphotoansonsiu.jpg\"><img loading=\"lazy\" decoding=\"async\" class=\"size-medium wp-image-21696\" src=\"https:\/\/www.camac-harps.com\/wp-content\/uploads\/sites\/27\/2017\/10\/isabellemorettiphotoansonsiu-300x300.jpg\" alt=\"Isabelle Moretti \/ photo Anson Siu \" width=\"300\" height=\"300\" srcset=\"https:\/\/www.camac-harps.com\/blog\/wp-content\/uploads\/sites\/27\/2017\/10\/isabellemorettiphotoansonsiu-300x300.jpg 300w, https:\/\/www.camac-harps.com\/blog\/wp-content\/uploads\/sites\/27\/2017\/10\/isabellemorettiphotoansonsiu-800x800.jpg 800w, https:\/\/www.camac-harps.com\/blog\/wp-content\/uploads\/sites\/27\/2017\/10\/isabellemorettiphotoansonsiu-150x150.jpg 150w, https:\/\/www.camac-harps.com\/blog\/wp-content\/uploads\/sites\/27\/2017\/10\/isabellemorettiphotoansonsiu-768x768.jpg 768w, https:\/\/www.camac-harps.com\/blog\/wp-content\/uploads\/sites\/27\/2017\/10\/isabellemorettiphotoansonsiu-55x55.jpg 55w, https:\/\/www.camac-harps.com\/blog\/wp-content\/uploads\/sites\/27\/2017\/10\/isabellemorettiphotoansonsiu-250x250.jpg 250w, https:\/\/www.camac-harps.com\/blog\/wp-content\/uploads\/sites\/27\/2017\/10\/isabellemorettiphotoansonsiu.jpg 960w\" sizes=\"auto, (max-width: 300px) 100vw, 300px\" \/><\/a><p class=\"wp-caption-text\">Isabelle Moretti. Photo: Anson Siu<\/p><\/div>\n<p style=\"text-align: justify;\">Regarding the competitions I did, I don\u2019t come from a musical family, so I had to do competitions in order to broaden my musical perspectives, and to meet people. Everyone knows that the phone doesn\u2019t start to ring just because of a competition win. What competitions really achieve, above all, are encounters. You meet fellow competitors, jury members, audience members, press, agents\u2026and I was lucky to meet people who believed in me and took up my cause. The Munich (ARD) competition is a particularly important one because it offers concerts as prizes, also a lot of chamber music with other laureates. Never underestimate the importance of meeting people. The word \u201csoloist\u201d is a bit deceptive in that regard.\u00a0<\/p>\n<p style=\"text-align: justify;\"><i>In an earlier interview (with Marta Glenszczyk of MyHarp), you said that you particularly like teaching, and that you would not enjoy your career as a soloist so much, if you weren\u2019t also teaching alongside it. Can you tell us more about what teaching means for you, and how this influences your work as a concert artist?\u00a0<\/i><\/p>\n<p style=\"text-align: justify;\">I have loved teaching ever since I started doing it at the age of twenty-four. Firstly it\u2019s really a relief and an important balance not to have to gaze at your own soul all the time, and think about someone else instead! And when you do go back to yourself, teaching obliges you to reexamine your persepectives all the time. That\u2019s healthy, otherwise it\u2019s easy to take yourself too seriously.\u00a0<\/p>\n<p style=\"text-align: justify;\">I also see it as another way to share what I experience and can transmit as a soloist. When you perform, you are sharing the music with the audience, and when you teach, you are sharing it with the student. This communication is fundamental for me.\u00a0<\/p>\n<p style=\"text-align: justify;\"><i>You studied the harp with the late Germaine Lorenzini, who taught many famous harpists. What made her teaching so special?\u00a0<\/i><\/p>\n<p style=\"text-align: justify;\">There were two things. The first, which is rare in teachers, was that she really delved into the relationship between the instrument, and the body of the instrumentalist. She wasn\u2019t satisfied by just doing what her teacher had told her to do, then passing that on to her students. She really thought about what possibilities each individual had, and what they didn\u2019t. She tried to help her students to find a very harmonious relationship with their instrument, mechanically\/technically speaking. Technique is a tool for communicating what you want to express, so the better your technique, the better it is for your music of course.\u00a0<\/p>\n<p style=\"text-align: justify;\">Secondly, she approached music &#8211; and life! &#8211; with complete integrity. She had done a lot of orchestra, her musical experience and vision was very sharp. And she was very generous and unbelievably human. She constantly gave of herself in order to help people. This was the \u201cCocktail Lorenzini\u201d &#8211; it was completely unique.\u00a0<\/p>\n<p style=\"text-align: justify;\"><i>You teach at the Paris Conservatoire. It\u2019s probably the hardest school to get into in the world. What advice would you give to students who want to take up the challenge? How can you best prepare for the entrance auditions?\u00a0<\/i><\/p>\n<p style=\"text-align: justify;\">First thing: at the moment a student decides to prepare this competition, their free choice piece should be one they already know and have performed in public. This is because they have to focus on the set work in their available learning time. They should also practise sight-reading. Going back to the free choice: it\u2019s not worth chasing an excessively difficult piece. It\u2019s much better to choose a piece they can defend, and where they can express their personality.\u00a0<\/p>\n<div id=\"attachment_21285\" class=\"wp-caption alignleft\" style=\"width: 200px\"><a href=\"https:\/\/www.camac-harps.com\/wp-content\/uploads\/sites\/27\/2017\/07\/isabelledamasecouleur.jpg\"><img loading=\"lazy\" decoding=\"async\" class=\"size-medium wp-image-21285\" src=\"https:\/\/www.camac-harps.com\/wp-content\/uploads\/sites\/27\/2017\/07\/isabelledamasecouleur-200x300.jpg\" alt=\"Isabelle Moretti, Jean-Michel Damase\" width=\"200\" height=\"300\" srcset=\"https:\/\/www.camac-harps.com\/blog\/wp-content\/uploads\/sites\/27\/2017\/07\/isabelledamasecouleur-200x300.jpg 200w, https:\/\/www.camac-harps.com\/blog\/wp-content\/uploads\/sites\/27\/2017\/07\/isabelledamasecouleur-768x1152.jpg 768w, https:\/\/www.camac-harps.com\/blog\/wp-content\/uploads\/sites\/27\/2017\/07\/isabelledamasecouleur-683x1024.jpg 683w, https:\/\/www.camac-harps.com\/blog\/wp-content\/uploads\/sites\/27\/2017\/07\/isabelledamasecouleur.jpg 1000w, https:\/\/www.camac-harps.com\/blog\/wp-content\/uploads\/sites\/27\/2017\/07\/isabelledamasecouleur-300x450.jpg 300w, https:\/\/www.camac-harps.com\/blog\/wp-content\/uploads\/sites\/27\/2017\/07\/isabelledamasecouleur-800x1200.jpg 800w, https:\/\/www.camac-harps.com\/blog\/wp-content\/uploads\/sites\/27\/2017\/07\/isabelledamasecouleur-55x83.jpg 55w, https:\/\/www.camac-harps.com\/blog\/wp-content\/uploads\/sites\/27\/2017\/07\/isabelledamasecouleur-250x375.jpg 250w\" sizes=\"auto, (max-width: 200px) 100vw, 200px\" \/><\/a><p class=\"wp-caption-text\">With Jean-Michel Damase. Photo: Jean-Marc Volta<\/p><\/div>\n<p style=\"text-align: justify;\"><i>Do you think there is a French Harp School? It\u2019s a concept we hear a lot, but in reality it\u2019s not well-defined.\u00a0<\/i><\/p>\n<p style=\"text-align: justify;\">It\u2019s harder to define today &#8211; maybe because our communications are all faster, and the world is more global! So there are more different influences. I completely recognise and immensely respect our illustrious masters of the French harp, from Pierre Jamet to Marcel Tournier, together with Henriette Reni\u00e9, Micheline Kahn and Marcel Grandjany. But I am still very inspired by wonderful harpists from all over the world!\u00a0<\/p>\n<p style=\"text-align: justify;\">I also think that what is important in a \u201cschool\u201d today, it is the culture of the country. This is what is so enriching. In France, on a simplified level you could say for example that we like to argue, to refine, that we love freedom and\u2026having enough time to live and to eat! It\u2019s true that we have a culture of \u201cbeau son\u201d, \u201cbeautiful sound\u201d, which is something very polished. On the other hand, that could mean that we are not so spontaneous (although that doesn\u2019t affect me, because I am lucky to have a lot of Italian blood in my veins!).<\/p>\n<p style=\"text-align: justify;\">Beyond this, the role of every professor in the world is to give their students tools to serve music. As Germaine Lorenzini realised so well, it is much more important to establish a real harmony between yourself and your instrument, than it is to stick doggedly to this technique or the other one. Whatever school people call it!\u00a0<\/p>\n<p style=\"text-align: justify;\"><i>You are also very known for your chamber music work, and you say you love to make music with friends. Why is friendship so important for you, in this context?<\/i><\/p>\n<p style=\"text-align: justify;\">Yes &#8211; it may seem obvious, but it\u2019s very simple: I have much more joy when I play with friends. I\u2019m sorry to perhaps disappoint some readers, but I definitely prefer people to music! We serve music, but the point is that music, in its turn, is there to\u00a0 help us to communicate with each other on a higher spiritual level. What a gift!<\/p>\n<p style=\"text-align: justify;\">It&#8217;s a very personal attitude. Lots of people probably also love playing chamber music with fantastic musicians who are not their friends. But for me, at the moment you play chamber music with friends, you have a change of energy. You work on the piece first, before rehearsing, and then you come together with the shared goal of succeeding in creating something fine. That comes from everyone\u2019s hearts. And that connection is made by music. Such work always fills me with joy.<\/p>\n<p style=\"text-align: justify;\"><i>What advice would you give to harpists at the start of their career? We cannot all become soloists. How can we find our own path?\u00a0<\/i><\/p>\n<p style=\"text-align: justify;\">Practise a lot, while you still have the time to do so. You need to find yourself, in order to melt your voice with the composer\u2019s one. It is like a beautiful dance, but freedom in music has a price, and this price is time. The market is tough and you have to be the best version of yourself. If you want to be a soloist, you need to know that the time behind the harp is forty percent of the work, and the rest is communication and marketing &#8211; which takes a lot of time. You need to be very robust, mentally and physically. There are lots of techniques that have been developed to help with this &#8211; sophrology, meditation\u2026there are lots of options to centre yourself and keep focused and confident.\u00a0<\/p>\n<p style=\"text-align: justify;\">As for finding your path, everyone is trying to this all the time, musicians or no musicians! Maybe young people could learn about intuition a bit earlier. Those who are exceptional are not always those who follow the rules &#8211; although if you\u2019re going to break them, you must build solid bases first! If you feel something strongly, you should go after that feeling. You must also never be afraid of making mistakes, which would be the worst possible condition for an artist. You have to be prepared to be wrong, to take risks. Following a path because you suppose you ought to or have to &#8211; this is unlikely to end well for a creative artist.<\/p>\n<p style=\"text-align: justify;\">One of my favourite quotes is: \u201cbe yourself. Everyone else is already taken!\u201d<\/p>\n<div class=\"gdpr_opt_in\" data-cc-enable=\"youtube\">\n<div class=\"gdpr_opt_in__inner\">I want to enable video content and agree that data will be loaded from Google (see <a href=\"https:\/\/www.camac-harps.com\/blog\/en\/news\/talking-isabelle-moretti\/\" target=\"_blank\">Privacy Policy<\/a>).<\/div>\n<\/div>\n<div class=\"video_container\">\n<div class=\"video_container__inner\"><iframe title=\"Maurice Ravel: Introduction et Allegro, pour harpe, fl\u00fbte, clarinette, et quatuor \u00e0 cordes\" width=\"500\" height=\"375\" alt-src=\"https:\/\/www.youtube-nocookie.com\/embed\/SOvyCymdB0A?feature=oembed\" frameborder=\"0\" allow=\"accelerometer; autoplay; clipboard-write; encrypted-media; gyroscope; picture-in-picture; web-share\" referrerpolicy=\"strict-origin-when-cross-origin\" allowfullscreen><\/iframe><\/div>\n<\/div>\n","protected":false},"excerpt":{"rendered":"<p>&#8220;Be yourself. Everyone else is already taken!&#8221;. Read on to hear what Isabelle Moretti has to tell us about life as one of the most f\u00eated solo harpists in the world. <\/p>\n","protected":false},"author":3,"featured_media":21696,"comment_status":"open","ping_status":"open","sticky":false,"template":"","format":"standard","meta":{"_acf_changed":false,"footnotes":""},"categories":[552],"tags":[],"class_list":["post-21695","post","type-post","status-publish","format-standard","has-post-thumbnail","hentry","category-news"],"acf":[],"yoast_head":"<title>Talking with Isabelle Moretti - Camac Harps<\/title>\n<meta name=\"robots\" content=\"index, follow, max-snippet:-1, max-image-preview:large, max-video-preview:-1\" \/>\n<link rel=\"canonical\" href=\"https:\/\/www.camac-harps.com\/blog\/en\/news\/talking-isabelle-moretti\/\" \/>\n<meta property=\"og:locale\" content=\"en_US\" \/>\n<meta property=\"og:type\" content=\"article\" \/>\n<meta property=\"og:title\" content=\"Talking with Isabelle Moretti - Camac Harps\" \/>\n<meta property=\"og:description\" content=\"&quot;Be yourself. Everyone else is already taken!&quot;. Read on to hear what Isabelle Moretti has to tell us about life as one of the most f\u00eated solo harpists in the world.\" \/>\n<meta property=\"og:url\" content=\"https:\/\/www.camac-harps.com\/blog\/en\/news\/talking-isabelle-moretti\/\" \/>\n<meta property=\"og:site_name\" content=\"Camac Harps\" \/>\n<meta property=\"article:published_time\" content=\"2017-11-10T14:11:05+00:00\" \/>\n<meta property=\"article:modified_time\" content=\"2017-11-22T10:30:07+00:00\" \/>\n<meta property=\"og:image\" content=\"https:\/\/www.camac-harps.com\/blog\/wp-content\/uploads\/sites\/27\/2017\/10\/isabellemorettiphotoansonsiu.jpg\" \/>\n\t<meta property=\"og:image:width\" content=\"960\" \/>\n\t<meta property=\"og:image:height\" content=\"960\" \/>\n\t<meta property=\"og:image:type\" content=\"image\/jpeg\" \/>\n<meta name=\"author\" content=\"Helen Leitner\" \/>\n<meta name=\"twitter:card\" content=\"summary_large_image\" \/>\n<meta name=\"twitter:label1\" content=\"Written by\" \/>\n\t<meta name=\"twitter:data1\" content=\"Helen Leitner\" \/>\n\t<meta name=\"twitter:label2\" content=\"Est. reading time\" \/>\n\t<meta name=\"twitter:data2\" content=\"9 minutes\" \/>\n<script type=\"application\/ld+json\" class=\"yoast-schema-graph\">{\"@context\":\"https:\/\/schema.org\",\"@graph\":[{\"@type\":\"Article\",\"@id\":\"https:\/\/www.camac-harps.com\/blog\/en\/news\/talking-isabelle-moretti\/#article\",\"isPartOf\":{\"@id\":\"https:\/\/www.camac-harps.com\/blog\/en\/news\/talking-isabelle-moretti\/\"},\"author\":{\"name\":\"Helen Leitner\",\"@id\":\"https:\/\/www.camac-harps.com\/blog\/en\/#\/schema\/person\/59b9e6843c0338179fb914afaf144d22\"},\"headline\":\"Talking with Isabelle Moretti\",\"datePublished\":\"2017-11-10T14:11:05+00:00\",\"dateModified\":\"2017-11-22T10:30:07+00:00\",\"mainEntityOfPage\":{\"@id\":\"https:\/\/www.camac-harps.com\/blog\/en\/news\/talking-isabelle-moretti\/\"},\"wordCount\":1718,\"commentCount\":0,\"image\":{\"@id\":\"https:\/\/www.camac-harps.com\/blog\/en\/news\/talking-isabelle-moretti\/#primaryimage\"},\"thumbnailUrl\":\"https:\/\/www.camac-harps.com\/blog\/wp-content\/uploads\/sites\/27\/2017\/10\/isabellemorettiphotoansonsiu.jpg\",\"articleSection\":[\"News\"],\"inLanguage\":\"en-US\",\"potentialAction\":[{\"@type\":\"CommentAction\",\"name\":\"Comment\",\"target\":[\"https:\/\/www.camac-harps.com\/blog\/en\/news\/talking-isabelle-moretti\/#respond\"]}]},{\"@type\":\"WebPage\",\"@id\":\"https:\/\/www.camac-harps.com\/blog\/en\/news\/talking-isabelle-moretti\/\",\"url\":\"https:\/\/www.camac-harps.com\/blog\/en\/news\/talking-isabelle-moretti\/\",\"name\":\"Talking with Isabelle Moretti - Camac Harps\",\"isPartOf\":{\"@id\":\"https:\/\/www.camac-harps.com\/blog\/en\/#website\"},\"primaryImageOfPage\":{\"@id\":\"https:\/\/www.camac-harps.com\/blog\/en\/news\/talking-isabelle-moretti\/#primaryimage\"},\"image\":{\"@id\":\"https:\/\/www.camac-harps.com\/blog\/en\/news\/talking-isabelle-moretti\/#primaryimage\"},\"thumbnailUrl\":\"https:\/\/www.camac-harps.com\/blog\/wp-content\/uploads\/sites\/27\/2017\/10\/isabellemorettiphotoansonsiu.jpg\",\"datePublished\":\"2017-11-10T14:11:05+00:00\",\"dateModified\":\"2017-11-22T10:30:07+00:00\",\"author\":{\"@id\":\"https:\/\/www.camac-harps.com\/blog\/en\/#\/schema\/person\/59b9e6843c0338179fb914afaf144d22\"},\"breadcrumb\":{\"@id\":\"https:\/\/www.camac-harps.com\/blog\/en\/news\/talking-isabelle-moretti\/#breadcrumb\"},\"inLanguage\":\"en-US\",\"potentialAction\":[{\"@type\":\"ReadAction\",\"target\":[\"https:\/\/www.camac-harps.com\/blog\/en\/news\/talking-isabelle-moretti\/\"]}]},{\"@type\":\"ImageObject\",\"inLanguage\":\"en-US\",\"@id\":\"https:\/\/www.camac-harps.com\/blog\/en\/news\/talking-isabelle-moretti\/#primaryimage\",\"url\":\"https:\/\/www.camac-harps.com\/blog\/wp-content\/uploads\/sites\/27\/2017\/10\/isabellemorettiphotoansonsiu.jpg\",\"contentUrl\":\"https:\/\/www.camac-harps.com\/blog\/wp-content\/uploads\/sites\/27\/2017\/10\/isabellemorettiphotoansonsiu.jpg\",\"width\":960,\"height\":960,\"caption\":\"Isabelle Moretti. Photo: Anson Siu\"},{\"@type\":\"BreadcrumbList\",\"@id\":\"https:\/\/www.camac-harps.com\/blog\/en\/news\/talking-isabelle-moretti\/#breadcrumb\",\"itemListElement\":[{\"@type\":\"ListItem\",\"position\":1,\"name\":\"Home\",\"item\":\"https:\/\/www.camac-harps.com\/blog\/en\/\"},{\"@type\":\"ListItem\",\"position\":2,\"name\":\"Talking with Isabelle Moretti\"}]},{\"@type\":\"WebSite\",\"@id\":\"https:\/\/www.camac-harps.com\/blog\/en\/#website\",\"url\":\"https:\/\/www.camac-harps.com\/blog\/en\/\",\"name\":\"Camac Harps\",\"description\":\"\",\"potentialAction\":[{\"@type\":\"SearchAction\",\"target\":{\"@type\":\"EntryPoint\",\"urlTemplate\":\"https:\/\/www.camac-harps.com\/blog\/en\/?s={search_term_string}\"},\"query-input\":{\"@type\":\"PropertyValueSpecification\",\"valueRequired\":true,\"valueName\":\"search_term_string\"}}],\"inLanguage\":\"en-US\"},{\"@type\":\"Person\",\"@id\":\"https:\/\/www.camac-harps.com\/blog\/en\/#\/schema\/person\/59b9e6843c0338179fb914afaf144d22\",\"name\":\"Helen Leitner\",\"image\":{\"@type\":\"ImageObject\",\"inLanguage\":\"en-US\",\"@id\":\"https:\/\/www.camac-harps.com\/blog\/en\/#\/schema\/person\/image\/\",\"url\":\"https:\/\/secure.gravatar.com\/avatar\/ebbebff931219cff4c2d1e25c3229b2e036693f67bf237fb12f452d7a019a6da?s=96&d=mm&r=g\",\"contentUrl\":\"https:\/\/secure.gravatar.com\/avatar\/ebbebff931219cff4c2d1e25c3229b2e036693f67bf237fb12f452d7a019a6da?s=96&d=mm&r=g\",\"caption\":\"Helen Leitner\"},\"url\":\"https:\/\/www.camac-harps.com\/blog\/en\/author\/ltnr\/\"}]}<\/script>","yoast_head_json":{"title":"Talking with Isabelle Moretti - Camac Harps","robots":{"index":"index","follow":"follow","max-snippet":"max-snippet:-1","max-image-preview":"max-image-preview:large","max-video-preview":"max-video-preview:-1"},"canonical":"https:\/\/www.camac-harps.com\/blog\/en\/news\/talking-isabelle-moretti\/","og_locale":"en_US","og_type":"article","og_title":"Talking with Isabelle Moretti - Camac Harps","og_description":"\"Be yourself. Everyone else is already taken!\". Read on to hear what Isabelle Moretti has to tell us about life as one of the most f\u00eated solo harpists in the world.","og_url":"https:\/\/www.camac-harps.com\/blog\/en\/news\/talking-isabelle-moretti\/","og_site_name":"Camac Harps","article_published_time":"2017-11-10T14:11:05+00:00","article_modified_time":"2017-11-22T10:30:07+00:00","og_image":[{"width":960,"height":960,"url":"https:\/\/www.camac-harps.com\/blog\/wp-content\/uploads\/sites\/27\/2017\/10\/isabellemorettiphotoansonsiu.jpg","type":"image\/jpeg"}],"author":"Helen Leitner","twitter_card":"summary_large_image","twitter_misc":{"Written by":"Helen Leitner","Est. reading time":"9 minutes"},"schema":{"@context":"https:\/\/schema.org","@graph":[{"@type":"Article","@id":"https:\/\/www.camac-harps.com\/blog\/en\/news\/talking-isabelle-moretti\/#article","isPartOf":{"@id":"https:\/\/www.camac-harps.com\/blog\/en\/news\/talking-isabelle-moretti\/"},"author":{"name":"Helen Leitner","@id":"https:\/\/www.camac-harps.com\/blog\/en\/#\/schema\/person\/59b9e6843c0338179fb914afaf144d22"},"headline":"Talking with Isabelle Moretti","datePublished":"2017-11-10T14:11:05+00:00","dateModified":"2017-11-22T10:30:07+00:00","mainEntityOfPage":{"@id":"https:\/\/www.camac-harps.com\/blog\/en\/news\/talking-isabelle-moretti\/"},"wordCount":1718,"commentCount":0,"image":{"@id":"https:\/\/www.camac-harps.com\/blog\/en\/news\/talking-isabelle-moretti\/#primaryimage"},"thumbnailUrl":"https:\/\/www.camac-harps.com\/blog\/wp-content\/uploads\/sites\/27\/2017\/10\/isabellemorettiphotoansonsiu.jpg","articleSection":["News"],"inLanguage":"en-US","potentialAction":[{"@type":"CommentAction","name":"Comment","target":["https:\/\/www.camac-harps.com\/blog\/en\/news\/talking-isabelle-moretti\/#respond"]}]},{"@type":"WebPage","@id":"https:\/\/www.camac-harps.com\/blog\/en\/news\/talking-isabelle-moretti\/","url":"https:\/\/www.camac-harps.com\/blog\/en\/news\/talking-isabelle-moretti\/","name":"Talking with Isabelle Moretti - Camac Harps","isPartOf":{"@id":"https:\/\/www.camac-harps.com\/blog\/en\/#website"},"primaryImageOfPage":{"@id":"https:\/\/www.camac-harps.com\/blog\/en\/news\/talking-isabelle-moretti\/#primaryimage"},"image":{"@id":"https:\/\/www.camac-harps.com\/blog\/en\/news\/talking-isabelle-moretti\/#primaryimage"},"thumbnailUrl":"https:\/\/www.camac-harps.com\/blog\/wp-content\/uploads\/sites\/27\/2017\/10\/isabellemorettiphotoansonsiu.jpg","datePublished":"2017-11-10T14:11:05+00:00","dateModified":"2017-11-22T10:30:07+00:00","author":{"@id":"https:\/\/www.camac-harps.com\/blog\/en\/#\/schema\/person\/59b9e6843c0338179fb914afaf144d22"},"breadcrumb":{"@id":"https:\/\/www.camac-harps.com\/blog\/en\/news\/talking-isabelle-moretti\/#breadcrumb"},"inLanguage":"en-US","potentialAction":[{"@type":"ReadAction","target":["https:\/\/www.camac-harps.com\/blog\/en\/news\/talking-isabelle-moretti\/"]}]},{"@type":"ImageObject","inLanguage":"en-US","@id":"https:\/\/www.camac-harps.com\/blog\/en\/news\/talking-isabelle-moretti\/#primaryimage","url":"https:\/\/www.camac-harps.com\/blog\/wp-content\/uploads\/sites\/27\/2017\/10\/isabellemorettiphotoansonsiu.jpg","contentUrl":"https:\/\/www.camac-harps.com\/blog\/wp-content\/uploads\/sites\/27\/2017\/10\/isabellemorettiphotoansonsiu.jpg","width":960,"height":960,"caption":"Isabelle Moretti. Photo: Anson Siu"},{"@type":"BreadcrumbList","@id":"https:\/\/www.camac-harps.com\/blog\/en\/news\/talking-isabelle-moretti\/#breadcrumb","itemListElement":[{"@type":"ListItem","position":1,"name":"Home","item":"https:\/\/www.camac-harps.com\/blog\/en\/"},{"@type":"ListItem","position":2,"name":"Talking with Isabelle Moretti"}]},{"@type":"WebSite","@id":"https:\/\/www.camac-harps.com\/blog\/en\/#website","url":"https:\/\/www.camac-harps.com\/blog\/en\/","name":"Camac Harps","description":"","potentialAction":[{"@type":"SearchAction","target":{"@type":"EntryPoint","urlTemplate":"https:\/\/www.camac-harps.com\/blog\/en\/?s={search_term_string}"},"query-input":{"@type":"PropertyValueSpecification","valueRequired":true,"valueName":"search_term_string"}}],"inLanguage":"en-US"},{"@type":"Person","@id":"https:\/\/www.camac-harps.com\/blog\/en\/#\/schema\/person\/59b9e6843c0338179fb914afaf144d22","name":"Helen Leitner","image":{"@type":"ImageObject","inLanguage":"en-US","@id":"https:\/\/www.camac-harps.com\/blog\/en\/#\/schema\/person\/image\/","url":"https:\/\/secure.gravatar.com\/avatar\/ebbebff931219cff4c2d1e25c3229b2e036693f67bf237fb12f452d7a019a6da?s=96&d=mm&r=g","contentUrl":"https:\/\/secure.gravatar.com\/avatar\/ebbebff931219cff4c2d1e25c3229b2e036693f67bf237fb12f452d7a019a6da?s=96&d=mm&r=g","caption":"Helen Leitner"},"url":"https:\/\/www.camac-harps.com\/blog\/en\/author\/ltnr\/"}]}},"_links":{"self":[{"href":"https:\/\/www.camac-harps.com\/blog\/en\/wp-json\/wp\/v2\/posts\/21695","targetHints":{"allow":["GET"]}}],"collection":[{"href":"https:\/\/www.camac-harps.com\/blog\/en\/wp-json\/wp\/v2\/posts"}],"about":[{"href":"https:\/\/www.camac-harps.com\/blog\/en\/wp-json\/wp\/v2\/types\/post"}],"author":[{"embeddable":true,"href":"https:\/\/www.camac-harps.com\/blog\/en\/wp-json\/wp\/v2\/users\/3"}],"replies":[{"embeddable":true,"href":"https:\/\/www.camac-harps.com\/blog\/en\/wp-json\/wp\/v2\/comments?post=21695"}],"version-history":[{"count":1,"href":"https:\/\/www.camac-harps.com\/blog\/en\/wp-json\/wp\/v2\/posts\/21695\/revisions"}],"predecessor-version":[{"id":21698,"href":"https:\/\/www.camac-harps.com\/blog\/en\/wp-json\/wp\/v2\/posts\/21695\/revisions\/21698"}],"wp:featuredmedia":[{"embeddable":true,"href":"https:\/\/www.camac-harps.com\/blog\/en\/wp-json\/wp\/v2\/media\/21696"}],"wp:attachment":[{"href":"https:\/\/www.camac-harps.com\/blog\/en\/wp-json\/wp\/v2\/media?parent=21695"}],"wp:term":[{"taxonomy":"category","embeddable":true,"href":"https:\/\/www.camac-harps.com\/blog\/en\/wp-json\/wp\/v2\/categories?post=21695"},{"taxonomy":"post_tag","embeddable":true,"href":"https:\/\/www.camac-harps.com\/blog\/en\/wp-json\/wp\/v2\/tags?post=21695"}],"curies":[{"name":"wp","href":"https:\/\/api.w.org\/{rel}","templated":true}]}}