{"id":22858,"date":"2018-06-09T20:03:00","date_gmt":"2018-06-09T20:03:00","guid":{"rendered":"https:\/\/www.camac-harps.com\/blog\/?p=22858"},"modified":"2018-06-10T08:59:39","modified_gmt":"2018-06-10T08:59:39","slug":"first-concerto-for-irish-harp-and-orchestra","status":"publish","type":"post","link":"https:\/\/www.camac-harps.com\/blog\/en\/news\/first-concerto-for-irish-harp-and-orchestra\/","title":{"rendered":"First concerto for Irish Harp and Orchestra"},"content":{"rendered":"<div id=\"attachment_4519\" class=\"wp-caption alignright\" style=\"width: 300px\"><a href=\"https:\/\/www.camac-harps.com\/wp-content\/uploads\/sites\/27\/2016\/05\/chris-maire-001-480.jpg\"><img loading=\"lazy\" decoding=\"async\" class=\"size-medium wp-image-4519\" src=\"https:\/\/www.camac-harps.com\/wp-content\/uploads\/sites\/27\/2016\/05\/chris-maire-001-480-300x226.jpg\" alt=\"M\u00e1ire N\u00ed Chathasaigh\" width=\"300\" height=\"226\" srcset=\"https:\/\/www.camac-harps.com\/blog\/wp-content\/uploads\/sites\/27\/2016\/05\/chris-maire-001-480-300x226.jpg 300w, https:\/\/www.camac-harps.com\/blog\/wp-content\/uploads\/sites\/27\/2016\/05\/chris-maire-001-480-55x41.jpg 55w, https:\/\/www.camac-harps.com\/blog\/wp-content\/uploads\/sites\/27\/2016\/05\/chris-maire-001-480-250x188.jpg 250w, https:\/\/www.camac-harps.com\/blog\/wp-content\/uploads\/sites\/27\/2016\/05\/chris-maire-001-480.jpg 480w\" sizes=\"auto, (max-width: 300px) 100vw, 300px\" \/><\/a><p class=\"wp-caption-text\">M\u00e1ire N\u00ed Chathasaigh<\/p><\/div>\n<p class=\"\" style=\"text-align: justify;\">Exciting news from <span class=\"\">M\u00e1ire N\u00ed Chathasaigh &#8211; she will be the soloist premiering the first concerto ever to be written for Irish harp and orchestra.\u00a0<\/span><\/p>\n<p class=\"\" style=\"text-align: justify;\"><a href=\"https:\/\/www.rte.ie\/lyricfm\/\" target=\"_blank\" rel=\"noopener\">RT\u00c9 lyric fm<\/a> is celebrating its 20th birthday by commissioning three new works, with a total prize fund of \u20ac14 000 available to composers born or living in Ireland. These new compositions will be performed live by the RT\u00c9 National Symphony Orchestra and RT\u00c9 Philharmonic Choir at a gala concert on 1st May 2019. The Irish harp concerto will be the primary birthday composition, with \u20ac10000 of prize money\u00a0available for a 10-15 minute Irish harp concerto, in three movements, for M\u00e1ire and the RT\u00c9 National Symphony Orchestra.\u00a0<\/p>\n<div id=\"attachment_4639\" class=\"wp-caption alignleft\" style=\"width: 150px\"><a href=\"https:\/\/www.camac-harps.com\/wp-content\/uploads\/sites\/27\/2016\/06\/janet-noyer_top.png\"><img loading=\"lazy\" decoding=\"async\" class=\"size-medium wp-image-4639\" src=\"https:\/\/www.camac-harps.com\/wp-content\/uploads\/sites\/27\/2016\/06\/janet-noyer_top-150x300.png\" alt=\"Janet\" width=\"150\" height=\"300\" srcset=\"https:\/\/www.camac-harps.com\/blog\/wp-content\/uploads\/sites\/27\/2016\/06\/janet-noyer_top-150x300.png 150w, https:\/\/www.camac-harps.com\/blog\/wp-content\/uploads\/sites\/27\/2016\/06\/janet-noyer_top-55x110.png 55w, https:\/\/www.camac-harps.com\/blog\/wp-content\/uploads\/sites\/27\/2016\/06\/janet-noyer_top-250x500.png 250w, https:\/\/www.camac-harps.com\/blog\/wp-content\/uploads\/sites\/27\/2016\/06\/janet-noyer_top.png 260w\" sizes=\"auto, (max-width: 150px) 100vw, 150px\" \/><\/a><p class=\"wp-caption-text\">Camac&#8217;s &#8216;Janet&#8217; Irish harp<\/p><\/div>\n<p class=\"\" style=\"text-align: justify;\">Announcing the launch of the competition, Director General of RT\u00c9, Dee Forbes, said: &#8220;<span class=\"\">Since its inception, RT\u00c9 lyric fm has championed the very best in classical music from home and abroad and occupies a unique and cherished place in the lives of its listeners. It is fitting that a station that celebrates both composition and live performance should mark its anniversary by investing in the composition and performance of new Irish works. I look forward to hearing the results, and to celebrating 20 ground-breaking years of RT\u00c9 lyric fm.&#8221;<\/span><\/p>\n<p class=\"\" style=\"text-align: justify;\">Aod\u00e1n \u00d3 Dubhghaill, Managing Director, RT\u00c9&#8217;s Orchestras, RT\u00c9 lyric fm, Quartet &amp; Choirs, described the competition as follows:<span class=\"\">\u00a0&#8220;Irish musicians have always been at the heart of the station. What better way to mark our birthday than with a new work for the national emblem of Ireland the Irish harp with one of its leading exponents M\u00e1ire N\u00ed Chathasaigh premiering it with the RT\u00c9 National Symphony Orchestra.&#8221;<\/span><\/p>\n<p style=\"text-align: justify;\">Entrants should think about creating melodic, accessible new compositions that will engage the lyric listener and that can ultimately be recorded in studio for repeat broadcast on the station\u2019s prime time programmes. All entrants must submit approximately 1 minute of their proposed score, a 200 word outline of their work and a detailed musical CV including MP3\/ WAV audio. Three hard copies of each of these documents must be posted to: RT\u00c9 lyric fm, 20th Anniversary Competition, Top Floor, Cornmarket Square, Limerick by 5pm Friday 1st September 2018. For more information, <a href=\"https:\/\/www.rte.ie\/lyricfm\/info\/2013\/0501\/389840-rte-music-commissions\/\" target=\"_blank\" rel=\"noopener\">see here<\/a>, or contact\u00a0<a class=\"moz-txt-link-abbreviated\" href=\"mailto:sandra.byrne@rte.ie\">sandra.byrne@rte.ie<\/a> \/ +353 1 20825-6.<\/p>\n<p style=\"text-align: justify;\">\u00a0<\/p>\n","protected":false},"excerpt":{"rendered":"<p>RT\u00c9 lyric fm is celebrating its 20th birthday by commissioning three new works, with a total prize fund of \u20ac14 000 available to composers born or living in Ireland. The primary birthday commission will be the first ever concerto for Irish harp and orchestra, and will be performed by soloist M\u00e1ire N\u00ed Chathasaigh with the RT\u00c9 National Symphony Orchestra.<\/p>\n","protected":false},"author":3,"featured_media":4519,"comment_status":"open","ping_status":"open","sticky":false,"template":"","format":"standard","meta":{"_acf_changed":false,"footnotes":""},"categories":[778,552],"tags":[],"class_list":["post-22858","post","type-post","status-publish","format-standard","has-post-thumbnail","hentry","category-latest","category-news"],"acf":[],"yoast_head":"<title>First concerto for Irish Harp and Orchestra - Camac Harps<\/title>\n<meta name=\"robots\" content=\"index, follow, max-snippet:-1, max-image-preview:large, max-video-preview:-1\" \/>\n<link rel=\"canonical\" href=\"https:\/\/www.camac-harps.com\/blog\/en\/news\/first-concerto-for-irish-harp-and-orchestra\/\" \/>\n<meta property=\"og:locale\" content=\"en_US\" \/>\n<meta property=\"og:type\" content=\"article\" \/>\n<meta property=\"og:title\" content=\"First concerto for Irish Harp and Orchestra - Camac Harps\" \/>\n<meta property=\"og:description\" content=\"RT\u00c9 lyric fm is celebrating its 20th birthday by commissioning three new works, with a total prize fund of \u20ac14 000 available to composers born or living in Ireland. The primary birthday commission will be the first ever concerto for Irish harp and orchestra, and will be performed by soloist M\u00e1ire N\u00ed Chathasaigh with the RT\u00c9 National Symphony Orchestra.\" \/>\n<meta property=\"og:url\" content=\"https:\/\/www.camac-harps.com\/blog\/en\/news\/first-concerto-for-irish-harp-and-orchestra\/\" \/>\n<meta property=\"og:site_name\" content=\"Camac Harps\" \/>\n<meta property=\"article:published_time\" content=\"2018-06-09T20:03:00+00:00\" \/>\n<meta property=\"article:modified_time\" content=\"2018-06-10T08:59:39+00:00\" \/>\n<meta property=\"og:image\" content=\"https:\/\/www.camac-harps.com\/blog\/wp-content\/uploads\/sites\/27\/2016\/05\/chris-maire-001-480.jpg\" \/>\n\t<meta property=\"og:image:width\" content=\"480\" \/>\n\t<meta property=\"og:image:height\" content=\"361\" \/>\n\t<meta property=\"og:image:type\" content=\"image\/jpeg\" \/>\n<meta name=\"author\" content=\"Helen Leitner\" \/>\n<meta name=\"twitter:card\" content=\"summary_large_image\" \/>\n<meta name=\"twitter:label1\" content=\"Written by\" \/>\n\t<meta name=\"twitter:data1\" content=\"Helen Leitner\" \/>\n\t<meta name=\"twitter:label2\" content=\"Est. reading time\" \/>\n\t<meta name=\"twitter:data2\" content=\"2 minutes\" \/>\n<script type=\"application\/ld+json\" class=\"yoast-schema-graph\">{\"@context\":\"https:\/\/schema.org\",\"@graph\":[{\"@type\":\"Article\",\"@id\":\"https:\/\/www.camac-harps.com\/blog\/en\/news\/first-concerto-for-irish-harp-and-orchestra\/#article\",\"isPartOf\":{\"@id\":\"https:\/\/www.camac-harps.com\/blog\/en\/news\/first-concerto-for-irish-harp-and-orchestra\/\"},\"author\":{\"name\":\"Helen Leitner\",\"@id\":\"https:\/\/www.camac-harps.com\/blog\/en\/#\/schema\/person\/59b9e6843c0338179fb914afaf144d22\"},\"headline\":\"First concerto for Irish Harp and Orchestra\",\"datePublished\":\"2018-06-09T20:03:00+00:00\",\"dateModified\":\"2018-06-10T08:59:39+00:00\",\"mainEntityOfPage\":{\"@id\":\"https:\/\/www.camac-harps.com\/blog\/en\/news\/first-concerto-for-irish-harp-and-orchestra\/\"},\"wordCount\":396,\"commentCount\":0,\"image\":{\"@id\":\"https:\/\/www.camac-harps.com\/blog\/en\/news\/first-concerto-for-irish-harp-and-orchestra\/#primaryimage\"},\"thumbnailUrl\":\"https:\/\/www.camac-harps.com\/blog\/wp-content\/uploads\/sites\/27\/2016\/05\/chris-maire-001-480.jpg\",\"articleSection\":[\"Latest\",\"News\"],\"inLanguage\":\"en-US\",\"potentialAction\":[{\"@type\":\"CommentAction\",\"name\":\"Comment\",\"target\":[\"https:\/\/www.camac-harps.com\/blog\/en\/news\/first-concerto-for-irish-harp-and-orchestra\/#respond\"]}]},{\"@type\":\"WebPage\",\"@id\":\"https:\/\/www.camac-harps.com\/blog\/en\/news\/first-concerto-for-irish-harp-and-orchestra\/\",\"url\":\"https:\/\/www.camac-harps.com\/blog\/en\/news\/first-concerto-for-irish-harp-and-orchestra\/\",\"name\":\"First concerto for Irish Harp and Orchestra - Camac Harps\",\"isPartOf\":{\"@id\":\"https:\/\/www.camac-harps.com\/blog\/en\/#website\"},\"primaryImageOfPage\":{\"@id\":\"https:\/\/www.camac-harps.com\/blog\/en\/news\/first-concerto-for-irish-harp-and-orchestra\/#primaryimage\"},\"image\":{\"@id\":\"https:\/\/www.camac-harps.com\/blog\/en\/news\/first-concerto-for-irish-harp-and-orchestra\/#primaryimage\"},\"thumbnailUrl\":\"https:\/\/www.camac-harps.com\/blog\/wp-content\/uploads\/sites\/27\/2016\/05\/chris-maire-001-480.jpg\",\"datePublished\":\"2018-06-09T20:03:00+00:00\",\"dateModified\":\"2018-06-10T08:59:39+00:00\",\"author\":{\"@id\":\"https:\/\/www.camac-harps.com\/blog\/en\/#\/schema\/person\/59b9e6843c0338179fb914afaf144d22\"},\"breadcrumb\":{\"@id\":\"https:\/\/www.camac-harps.com\/blog\/en\/news\/first-concerto-for-irish-harp-and-orchestra\/#breadcrumb\"},\"inLanguage\":\"en-US\",\"potentialAction\":[{\"@type\":\"ReadAction\",\"target\":[\"https:\/\/www.camac-harps.com\/blog\/en\/news\/first-concerto-for-irish-harp-and-orchestra\/\"]}]},{\"@type\":\"ImageObject\",\"inLanguage\":\"en-US\",\"@id\":\"https:\/\/www.camac-harps.com\/blog\/en\/news\/first-concerto-for-irish-harp-and-orchestra\/#primaryimage\",\"url\":\"https:\/\/www.camac-harps.com\/blog\/wp-content\/uploads\/sites\/27\/2016\/05\/chris-maire-001-480.jpg\",\"contentUrl\":\"https:\/\/www.camac-harps.com\/blog\/wp-content\/uploads\/sites\/27\/2016\/05\/chris-maire-001-480.jpg\",\"width\":480,\"height\":361,\"caption\":\"M\u00e1ire N\u00ed Chathasaigh\"},{\"@type\":\"BreadcrumbList\",\"@id\":\"https:\/\/www.camac-harps.com\/blog\/en\/news\/first-concerto-for-irish-harp-and-orchestra\/#breadcrumb\",\"itemListElement\":[{\"@type\":\"ListItem\",\"position\":1,\"name\":\"Home\",\"item\":\"https:\/\/www.camac-harps.com\/blog\/en\/\"},{\"@type\":\"ListItem\",\"position\":2,\"name\":\"First concerto for Irish Harp and Orchestra\"}]},{\"@type\":\"WebSite\",\"@id\":\"https:\/\/www.camac-harps.com\/blog\/en\/#website\",\"url\":\"https:\/\/www.camac-harps.com\/blog\/en\/\",\"name\":\"Camac Harps\",\"description\":\"\",\"potentialAction\":[{\"@type\":\"SearchAction\",\"target\":{\"@type\":\"EntryPoint\",\"urlTemplate\":\"https:\/\/www.camac-harps.com\/blog\/en\/?s={search_term_string}\"},\"query-input\":{\"@type\":\"PropertyValueSpecification\",\"valueRequired\":true,\"valueName\":\"search_term_string\"}}],\"inLanguage\":\"en-US\"},{\"@type\":\"Person\",\"@id\":\"https:\/\/www.camac-harps.com\/blog\/en\/#\/schema\/person\/59b9e6843c0338179fb914afaf144d22\",\"name\":\"Helen Leitner\",\"image\":{\"@type\":\"ImageObject\",\"inLanguage\":\"en-US\",\"@id\":\"https:\/\/www.camac-harps.com\/blog\/en\/#\/schema\/person\/image\/\",\"url\":\"https:\/\/secure.gravatar.com\/avatar\/ebbebff931219cff4c2d1e25c3229b2e036693f67bf237fb12f452d7a019a6da?s=96&d=mm&r=g\",\"contentUrl\":\"https:\/\/secure.gravatar.com\/avatar\/ebbebff931219cff4c2d1e25c3229b2e036693f67bf237fb12f452d7a019a6da?s=96&d=mm&r=g\",\"caption\":\"Helen Leitner\"},\"url\":\"https:\/\/www.camac-harps.com\/blog\/en\/author\/ltnr\/\"}]}<\/script>","yoast_head_json":{"title":"First concerto for Irish Harp and Orchestra - Camac Harps","robots":{"index":"index","follow":"follow","max-snippet":"max-snippet:-1","max-image-preview":"max-image-preview:large","max-video-preview":"max-video-preview:-1"},"canonical":"https:\/\/www.camac-harps.com\/blog\/en\/news\/first-concerto-for-irish-harp-and-orchestra\/","og_locale":"en_US","og_type":"article","og_title":"First concerto for Irish Harp and Orchestra - Camac Harps","og_description":"RT\u00c9 lyric fm is celebrating its 20th birthday by commissioning three new works, with a total prize fund of \u20ac14 000 available to composers born or living in Ireland. The primary birthday commission will be the first ever concerto for Irish harp and orchestra, and will be performed by soloist M\u00e1ire N\u00ed Chathasaigh with the RT\u00c9 National Symphony Orchestra.","og_url":"https:\/\/www.camac-harps.com\/blog\/en\/news\/first-concerto-for-irish-harp-and-orchestra\/","og_site_name":"Camac Harps","article_published_time":"2018-06-09T20:03:00+00:00","article_modified_time":"2018-06-10T08:59:39+00:00","og_image":[{"width":480,"height":361,"url":"https:\/\/www.camac-harps.com\/blog\/wp-content\/uploads\/sites\/27\/2016\/05\/chris-maire-001-480.jpg","type":"image\/jpeg"}],"author":"Helen Leitner","twitter_card":"summary_large_image","twitter_misc":{"Written by":"Helen Leitner","Est. reading time":"2 minutes"},"schema":{"@context":"https:\/\/schema.org","@graph":[{"@type":"Article","@id":"https:\/\/www.camac-harps.com\/blog\/en\/news\/first-concerto-for-irish-harp-and-orchestra\/#article","isPartOf":{"@id":"https:\/\/www.camac-harps.com\/blog\/en\/news\/first-concerto-for-irish-harp-and-orchestra\/"},"author":{"name":"Helen Leitner","@id":"https:\/\/www.camac-harps.com\/blog\/en\/#\/schema\/person\/59b9e6843c0338179fb914afaf144d22"},"headline":"First concerto for Irish Harp and Orchestra","datePublished":"2018-06-09T20:03:00+00:00","dateModified":"2018-06-10T08:59:39+00:00","mainEntityOfPage":{"@id":"https:\/\/www.camac-harps.com\/blog\/en\/news\/first-concerto-for-irish-harp-and-orchestra\/"},"wordCount":396,"commentCount":0,"image":{"@id":"https:\/\/www.camac-harps.com\/blog\/en\/news\/first-concerto-for-irish-harp-and-orchestra\/#primaryimage"},"thumbnailUrl":"https:\/\/www.camac-harps.com\/blog\/wp-content\/uploads\/sites\/27\/2016\/05\/chris-maire-001-480.jpg","articleSection":["Latest","News"],"inLanguage":"en-US","potentialAction":[{"@type":"CommentAction","name":"Comment","target":["https:\/\/www.camac-harps.com\/blog\/en\/news\/first-concerto-for-irish-harp-and-orchestra\/#respond"]}]},{"@type":"WebPage","@id":"https:\/\/www.camac-harps.com\/blog\/en\/news\/first-concerto-for-irish-harp-and-orchestra\/","url":"https:\/\/www.camac-harps.com\/blog\/en\/news\/first-concerto-for-irish-harp-and-orchestra\/","name":"First concerto for Irish Harp and Orchestra - Camac Harps","isPartOf":{"@id":"https:\/\/www.camac-harps.com\/blog\/en\/#website"},"primaryImageOfPage":{"@id":"https:\/\/www.camac-harps.com\/blog\/en\/news\/first-concerto-for-irish-harp-and-orchestra\/#primaryimage"},"image":{"@id":"https:\/\/www.camac-harps.com\/blog\/en\/news\/first-concerto-for-irish-harp-and-orchestra\/#primaryimage"},"thumbnailUrl":"https:\/\/www.camac-harps.com\/blog\/wp-content\/uploads\/sites\/27\/2016\/05\/chris-maire-001-480.jpg","datePublished":"2018-06-09T20:03:00+00:00","dateModified":"2018-06-10T08:59:39+00:00","author":{"@id":"https:\/\/www.camac-harps.com\/blog\/en\/#\/schema\/person\/59b9e6843c0338179fb914afaf144d22"},"breadcrumb":{"@id":"https:\/\/www.camac-harps.com\/blog\/en\/news\/first-concerto-for-irish-harp-and-orchestra\/#breadcrumb"},"inLanguage":"en-US","potentialAction":[{"@type":"ReadAction","target":["https:\/\/www.camac-harps.com\/blog\/en\/news\/first-concerto-for-irish-harp-and-orchestra\/"]}]},{"@type":"ImageObject","inLanguage":"en-US","@id":"https:\/\/www.camac-harps.com\/blog\/en\/news\/first-concerto-for-irish-harp-and-orchestra\/#primaryimage","url":"https:\/\/www.camac-harps.com\/blog\/wp-content\/uploads\/sites\/27\/2016\/05\/chris-maire-001-480.jpg","contentUrl":"https:\/\/www.camac-harps.com\/blog\/wp-content\/uploads\/sites\/27\/2016\/05\/chris-maire-001-480.jpg","width":480,"height":361,"caption":"M\u00e1ire N\u00ed Chathasaigh"},{"@type":"BreadcrumbList","@id":"https:\/\/www.camac-harps.com\/blog\/en\/news\/first-concerto-for-irish-harp-and-orchestra\/#breadcrumb","itemListElement":[{"@type":"ListItem","position":1,"name":"Home","item":"https:\/\/www.camac-harps.com\/blog\/en\/"},{"@type":"ListItem","position":2,"name":"First concerto for Irish Harp and Orchestra"}]},{"@type":"WebSite","@id":"https:\/\/www.camac-harps.com\/blog\/en\/#website","url":"https:\/\/www.camac-harps.com\/blog\/en\/","name":"Camac Harps","description":"","potentialAction":[{"@type":"SearchAction","target":{"@type":"EntryPoint","urlTemplate":"https:\/\/www.camac-harps.com\/blog\/en\/?s={search_term_string}"},"query-input":{"@type":"PropertyValueSpecification","valueRequired":true,"valueName":"search_term_string"}}],"inLanguage":"en-US"},{"@type":"Person","@id":"https:\/\/www.camac-harps.com\/blog\/en\/#\/schema\/person\/59b9e6843c0338179fb914afaf144d22","name":"Helen Leitner","image":{"@type":"ImageObject","inLanguage":"en-US","@id":"https:\/\/www.camac-harps.com\/blog\/en\/#\/schema\/person\/image\/","url":"https:\/\/secure.gravatar.com\/avatar\/ebbebff931219cff4c2d1e25c3229b2e036693f67bf237fb12f452d7a019a6da?s=96&d=mm&r=g","contentUrl":"https:\/\/secure.gravatar.com\/avatar\/ebbebff931219cff4c2d1e25c3229b2e036693f67bf237fb12f452d7a019a6da?s=96&d=mm&r=g","caption":"Helen Leitner"},"url":"https:\/\/www.camac-harps.com\/blog\/en\/author\/ltnr\/"}]}},"_links":{"self":[{"href":"https:\/\/www.camac-harps.com\/blog\/en\/wp-json\/wp\/v2\/posts\/22858","targetHints":{"allow":["GET"]}}],"collection":[{"href":"https:\/\/www.camac-harps.com\/blog\/en\/wp-json\/wp\/v2\/posts"}],"about":[{"href":"https:\/\/www.camac-harps.com\/blog\/en\/wp-json\/wp\/v2\/types\/post"}],"author":[{"embeddable":true,"href":"https:\/\/www.camac-harps.com\/blog\/en\/wp-json\/wp\/v2\/users\/3"}],"replies":[{"embeddable":true,"href":"https:\/\/www.camac-harps.com\/blog\/en\/wp-json\/wp\/v2\/comments?post=22858"}],"version-history":[{"count":2,"href":"https:\/\/www.camac-harps.com\/blog\/en\/wp-json\/wp\/v2\/posts\/22858\/revisions"}],"predecessor-version":[{"id":23108,"href":"https:\/\/www.camac-harps.com\/blog\/en\/wp-json\/wp\/v2\/posts\/22858\/revisions\/23108"}],"wp:featuredmedia":[{"embeddable":true,"href":"https:\/\/www.camac-harps.com\/blog\/en\/wp-json\/wp\/v2\/media\/4519"}],"wp:attachment":[{"href":"https:\/\/www.camac-harps.com\/blog\/en\/wp-json\/wp\/v2\/media?parent=22858"}],"wp:term":[{"taxonomy":"category","embeddable":true,"href":"https:\/\/www.camac-harps.com\/blog\/en\/wp-json\/wp\/v2\/categories?post=22858"},{"taxonomy":"post_tag","embeddable":true,"href":"https:\/\/www.camac-harps.com\/blog\/en\/wp-json\/wp\/v2\/tags?post=22858"}],"curies":[{"name":"wp","href":"https:\/\/api.w.org\/{rel}","templated":true}]}}