{"id":25328,"date":"2018-09-20T07:46:27","date_gmt":"2018-09-20T07:46:27","guid":{"rendered":"https:\/\/www.camac-harps.com\/blog\/?p=25328"},"modified":"2018-10-22T07:22:17","modified_gmt":"2018-10-22T07:22:17","slug":"20th-international-harp-festival-godollo-october-5th-14th-2018","status":"publish","type":"post","link":"https:\/\/www.camac-harps.com\/blog\/en\/news\/20th-international-harp-festival-godollo-october-5th-14th-2018\/","title":{"rendered":"20th International Harp Festival, G\u00f6d\u00f6ll\u00f6: October 5th &#8211; 14th, 2018"},"content":{"rendered":"<p style=\"text-align: justify;\"><a href=\"https:\/\/www.camac-harps.com\/wp-content\/uploads\/sites\/27\/2018\/09\/hungaryposter.jpg\"><img loading=\"lazy\" decoding=\"async\" class=\"alignright size-medium wp-image-25332\" src=\"https:\/\/www.camac-harps.com\/wp-content\/uploads\/sites\/27\/2018\/09\/hungaryposter-211x300.jpg\" alt=\"G\u00f6d\u00f6ll\u00f6 20th anniversary congratulations \" width=\"211\" height=\"300\" \/><\/a>Congratulations are in order to the G\u00f6d\u00f6ll\u00f6 International Harp Festival, which is twenty years old this year! We are happy to be returning to the beautiful setting of the Royal Palace, as well as the Great Hall of the Academy of Music. The entire festival runs for over two weeks, with a great range of contributions across the world of Hungarian and international artists, and diverse sponsors and harp makers. Andrea Vigh, Rector of the <a href=\"http:\/\/lfze.hu\/en\" target=\"_blank\" rel=\"noopener\">Liszt Academy of Music<\/a>, and Anastasia Razvalyaeva, Artistic Director of the International Harp Competition in Szeged, will open the festival with French and Spanish solo repertoire:\u00a0Alb\u00e9niz, Granados, Franck, Debussy and Rameau are all on the programme.<\/p>\n<p style=\"text-align: justify;\">This will be followed by the &#8220;Camac weekend&#8221; of October 6th &#8211; 7th. On Saturday evening, <a href=\"http:\/\/www.bjcg.co.uk\" target=\"_blank\" rel=\"noopener\">Ben Creighton Griffiths<\/a> will give a jazz concert &#8211; which will be your chance not only to discover Ben&#8217;s excellent blend of original music and jazz standards, but also how he turns the <a href=\"https:\/\/www.camac-harps.com\/blog\/en\/harps-en\/electric\/the-big-blue-47\/\" target=\"_blank\" rel=\"noopener\">electroacoustic pedal harp<\/a> into a <a href=\"https:\/\/www.camac-harps.com\/blog\/en\/blog\/news\/1-man-band\/\" target=\"_blank\" rel=\"noopener\">one-man band<\/a>.<\/p>\n<p style=\"text-align: justify;\">On Sunday October 7th, also in the Royal Palace of G\u00f6d\u00f6ll\u00f6 at 7PM, <a href=\"http:\/\/www.isabelle-moretti.com\" target=\"_blank\" rel=\"noopener\">Isabelle Moretti<\/a> will give a solo recital: Tournier, Debussy, Faur\u00e9, Piern\u00e9, Grandjany, and also Ginastera, Quintanilla and De Falla. During the daytime, there will also be concerts by the winners of the Hungarian National Harp Competition; a presentation of different student harp ensembles performing together with Ben; a children&#8217;s concert directed by Andrea Vigh and Csilla Guly\u00e1s, our Hungarian partner; and the much-to-be-desired idea of a &#8220;Cheerful Harp Competition&#8221;, this one specially for beginners.\u00a0<\/p>\n<p style=\"text-align: justify;\">More information and ticket booking is available from <a href=\"http:\/\/www.jakobikoncert.hu\/index.php?option=com_content&amp;view=category&amp;layout=blog&amp;id=7&amp;Itemid=24&amp;lang=en\" target=\"_blank\" rel=\"noopener\">Jakobi Koncert<\/a>, Hungary, or via Csilla at <a href=\"https:\/\/hu.camac-harps.com\" target=\"_blank\" rel=\"noopener\">Camac Harps Hungary<\/a>.\u00a0<\/p>\n<p style=\"text-align: justify;\">\u00a0<\/p>\n","protected":false},"excerpt":{"rendered":"<p>Congratulations are in order to the G\u00f6d\u00f6ll\u00f6 International Harp Festival, which is twenty years old this year! We are happy to be returning to the beautiful setting of the Royal Palace, as well as the Great Hall of the Academy of Music. <\/p>\n","protected":false},"author":3,"featured_media":25526,"comment_status":"open","ping_status":"open","sticky":false,"template":"","format":"standard","meta":{"_acf_changed":false,"footnotes":""},"categories":[552],"tags":[],"class_list":["post-25328","post","type-post","status-publish","format-standard","has-post-thumbnail","hentry","category-news"],"acf":[],"yoast_head":"<title>20th International Harp Festival, G\u00f6d\u00f6ll\u00f6: October 5th - 14th, 2018 - Camac Harps<\/title>\n<meta name=\"robots\" content=\"index, follow, max-snippet:-1, max-image-preview:large, max-video-preview:-1\" \/>\n<link rel=\"canonical\" href=\"https:\/\/www.camac-harps.com\/blog\/en\/news\/20th-international-harp-festival-godollo-october-5th-14th-2018\/\" \/>\n<meta property=\"og:locale\" content=\"en_US\" \/>\n<meta property=\"og:type\" content=\"article\" \/>\n<meta property=\"og:title\" content=\"20th International Harp Festival, G\u00f6d\u00f6ll\u00f6: October 5th - 14th, 2018 - Camac Harps\" \/>\n<meta property=\"og:description\" content=\"Congratulations are in order to the G\u00f6d\u00f6ll\u00f6 International Harp Festival, which is twenty years old this year! We are happy to be returning to the beautiful setting of the Royal Palace, as well as the Great Hall of the Academy of Music.\" \/>\n<meta property=\"og:url\" content=\"https:\/\/www.camac-harps.com\/blog\/en\/news\/20th-international-harp-festival-godollo-october-5th-14th-2018\/\" \/>\n<meta property=\"og:site_name\" content=\"Camac Harps\" \/>\n<meta property=\"article:published_time\" content=\"2018-09-20T07:46:27+00:00\" \/>\n<meta property=\"article:modified_time\" content=\"2018-10-22T07:22:17+00:00\" \/>\n<meta property=\"og:image\" content=\"https:\/\/www.camac-harps.com\/blog\/wp-content\/uploads\/sites\/27\/2018\/09\/doc-logo-camac-harps-hungary.jpg\" \/>\n\t<meta property=\"og:image:width\" content=\"2363\" \/>\n\t<meta property=\"og:image:height\" content=\"945\" \/>\n\t<meta property=\"og:image:type\" content=\"image\/jpeg\" \/>\n<meta name=\"author\" content=\"Helen Leitner\" \/>\n<meta name=\"twitter:card\" content=\"summary_large_image\" \/>\n<meta name=\"twitter:label1\" content=\"Written by\" \/>\n\t<meta name=\"twitter:data1\" content=\"Helen Leitner\" \/>\n\t<meta name=\"twitter:label2\" content=\"Est. reading time\" \/>\n\t<meta name=\"twitter:data2\" content=\"1 minute\" \/>\n<script type=\"application\/ld+json\" class=\"yoast-schema-graph\">{\"@context\":\"https:\/\/schema.org\",\"@graph\":[{\"@type\":\"Article\",\"@id\":\"https:\/\/www.camac-harps.com\/blog\/en\/news\/20th-international-harp-festival-godollo-october-5th-14th-2018\/#article\",\"isPartOf\":{\"@id\":\"https:\/\/www.camac-harps.com\/blog\/en\/news\/20th-international-harp-festival-godollo-october-5th-14th-2018\/\"},\"author\":{\"name\":\"Helen Leitner\",\"@id\":\"https:\/\/www.camac-harps.com\/blog\/en\/#\/schema\/person\/59b9e6843c0338179fb914afaf144d22\"},\"headline\":\"20th International Harp Festival, G\u00f6d\u00f6ll\u00f6: October 5th &#8211; 14th, 2018\",\"datePublished\":\"2018-09-20T07:46:27+00:00\",\"dateModified\":\"2018-10-22T07:22:17+00:00\",\"mainEntityOfPage\":{\"@id\":\"https:\/\/www.camac-harps.com\/blog\/en\/news\/20th-international-harp-festival-godollo-october-5th-14th-2018\/\"},\"wordCount\":292,\"commentCount\":0,\"image\":{\"@id\":\"https:\/\/www.camac-harps.com\/blog\/en\/news\/20th-international-harp-festival-godollo-october-5th-14th-2018\/#primaryimage\"},\"thumbnailUrl\":\"https:\/\/www.camac-harps.com\/blog\/wp-content\/uploads\/sites\/27\/2018\/09\/doc-logo-camac-harps-hungary.jpg\",\"articleSection\":[\"News\"],\"inLanguage\":\"en-US\",\"potentialAction\":[{\"@type\":\"CommentAction\",\"name\":\"Comment\",\"target\":[\"https:\/\/www.camac-harps.com\/blog\/en\/news\/20th-international-harp-festival-godollo-october-5th-14th-2018\/#respond\"]}]},{\"@type\":\"WebPage\",\"@id\":\"https:\/\/www.camac-harps.com\/blog\/en\/news\/20th-international-harp-festival-godollo-october-5th-14th-2018\/\",\"url\":\"https:\/\/www.camac-harps.com\/blog\/en\/news\/20th-international-harp-festival-godollo-october-5th-14th-2018\/\",\"name\":\"20th International Harp Festival, G\u00f6d\u00f6ll\u00f6: October 5th - 14th, 2018 - Camac Harps\",\"isPartOf\":{\"@id\":\"https:\/\/www.camac-harps.com\/blog\/en\/#website\"},\"primaryImageOfPage\":{\"@id\":\"https:\/\/www.camac-harps.com\/blog\/en\/news\/20th-international-harp-festival-godollo-october-5th-14th-2018\/#primaryimage\"},\"image\":{\"@id\":\"https:\/\/www.camac-harps.com\/blog\/en\/news\/20th-international-harp-festival-godollo-october-5th-14th-2018\/#primaryimage\"},\"thumbnailUrl\":\"https:\/\/www.camac-harps.com\/blog\/wp-content\/uploads\/sites\/27\/2018\/09\/doc-logo-camac-harps-hungary.jpg\",\"datePublished\":\"2018-09-20T07:46:27+00:00\",\"dateModified\":\"2018-10-22T07:22:17+00:00\",\"author\":{\"@id\":\"https:\/\/www.camac-harps.com\/blog\/en\/#\/schema\/person\/59b9e6843c0338179fb914afaf144d22\"},\"breadcrumb\":{\"@id\":\"https:\/\/www.camac-harps.com\/blog\/en\/news\/20th-international-harp-festival-godollo-october-5th-14th-2018\/#breadcrumb\"},\"inLanguage\":\"en-US\",\"potentialAction\":[{\"@type\":\"ReadAction\",\"target\":[\"https:\/\/www.camac-harps.com\/blog\/en\/news\/20th-international-harp-festival-godollo-october-5th-14th-2018\/\"]}]},{\"@type\":\"ImageObject\",\"inLanguage\":\"en-US\",\"@id\":\"https:\/\/www.camac-harps.com\/blog\/en\/news\/20th-international-harp-festival-godollo-october-5th-14th-2018\/#primaryimage\",\"url\":\"https:\/\/www.camac-harps.com\/blog\/wp-content\/uploads\/sites\/27\/2018\/09\/doc-logo-camac-harps-hungary.jpg\",\"contentUrl\":\"https:\/\/www.camac-harps.com\/blog\/wp-content\/uploads\/sites\/27\/2018\/09\/doc-logo-camac-harps-hungary.jpg\",\"width\":2363,\"height\":945,\"caption\":\"Camac Harps Hungary\"},{\"@type\":\"BreadcrumbList\",\"@id\":\"https:\/\/www.camac-harps.com\/blog\/en\/news\/20th-international-harp-festival-godollo-october-5th-14th-2018\/#breadcrumb\",\"itemListElement\":[{\"@type\":\"ListItem\",\"position\":1,\"name\":\"Home\",\"item\":\"https:\/\/www.camac-harps.com\/blog\/en\/\"},{\"@type\":\"ListItem\",\"position\":2,\"name\":\"20th International Harp Festival, G\u00f6d\u00f6ll\u00f6: October 5th &#8211; 14th, 2018\"}]},{\"@type\":\"WebSite\",\"@id\":\"https:\/\/www.camac-harps.com\/blog\/en\/#website\",\"url\":\"https:\/\/www.camac-harps.com\/blog\/en\/\",\"name\":\"Camac Harps\",\"description\":\"\",\"potentialAction\":[{\"@type\":\"SearchAction\",\"target\":{\"@type\":\"EntryPoint\",\"urlTemplate\":\"https:\/\/www.camac-harps.com\/blog\/en\/?s={search_term_string}\"},\"query-input\":{\"@type\":\"PropertyValueSpecification\",\"valueRequired\":true,\"valueName\":\"search_term_string\"}}],\"inLanguage\":\"en-US\"},{\"@type\":\"Person\",\"@id\":\"https:\/\/www.camac-harps.com\/blog\/en\/#\/schema\/person\/59b9e6843c0338179fb914afaf144d22\",\"name\":\"Helen Leitner\",\"image\":{\"@type\":\"ImageObject\",\"inLanguage\":\"en-US\",\"@id\":\"https:\/\/www.camac-harps.com\/blog\/en\/#\/schema\/person\/image\/\",\"url\":\"https:\/\/secure.gravatar.com\/avatar\/ebbebff931219cff4c2d1e25c3229b2e036693f67bf237fb12f452d7a019a6da?s=96&d=mm&r=g\",\"contentUrl\":\"https:\/\/secure.gravatar.com\/avatar\/ebbebff931219cff4c2d1e25c3229b2e036693f67bf237fb12f452d7a019a6da?s=96&d=mm&r=g\",\"caption\":\"Helen Leitner\"},\"url\":\"https:\/\/www.camac-harps.com\/blog\/en\/author\/ltnr\/\"}]}<\/script>","yoast_head_json":{"title":"20th International Harp Festival, G\u00f6d\u00f6ll\u00f6: October 5th - 14th, 2018 - Camac Harps","robots":{"index":"index","follow":"follow","max-snippet":"max-snippet:-1","max-image-preview":"max-image-preview:large","max-video-preview":"max-video-preview:-1"},"canonical":"https:\/\/www.camac-harps.com\/blog\/en\/news\/20th-international-harp-festival-godollo-october-5th-14th-2018\/","og_locale":"en_US","og_type":"article","og_title":"20th International Harp Festival, G\u00f6d\u00f6ll\u00f6: October 5th - 14th, 2018 - Camac Harps","og_description":"Congratulations are in order to the G\u00f6d\u00f6ll\u00f6 International Harp Festival, which is twenty years old this year! We are happy to be returning to the beautiful setting of the Royal Palace, as well as the Great Hall of the Academy of Music.","og_url":"https:\/\/www.camac-harps.com\/blog\/en\/news\/20th-international-harp-festival-godollo-october-5th-14th-2018\/","og_site_name":"Camac Harps","article_published_time":"2018-09-20T07:46:27+00:00","article_modified_time":"2018-10-22T07:22:17+00:00","og_image":[{"width":2363,"height":945,"url":"https:\/\/www.camac-harps.com\/blog\/wp-content\/uploads\/sites\/27\/2018\/09\/doc-logo-camac-harps-hungary.jpg","type":"image\/jpeg"}],"author":"Helen Leitner","twitter_card":"summary_large_image","twitter_misc":{"Written by":"Helen Leitner","Est. reading time":"1 minute"},"schema":{"@context":"https:\/\/schema.org","@graph":[{"@type":"Article","@id":"https:\/\/www.camac-harps.com\/blog\/en\/news\/20th-international-harp-festival-godollo-october-5th-14th-2018\/#article","isPartOf":{"@id":"https:\/\/www.camac-harps.com\/blog\/en\/news\/20th-international-harp-festival-godollo-october-5th-14th-2018\/"},"author":{"name":"Helen Leitner","@id":"https:\/\/www.camac-harps.com\/blog\/en\/#\/schema\/person\/59b9e6843c0338179fb914afaf144d22"},"headline":"20th International Harp Festival, G\u00f6d\u00f6ll\u00f6: October 5th &#8211; 14th, 2018","datePublished":"2018-09-20T07:46:27+00:00","dateModified":"2018-10-22T07:22:17+00:00","mainEntityOfPage":{"@id":"https:\/\/www.camac-harps.com\/blog\/en\/news\/20th-international-harp-festival-godollo-october-5th-14th-2018\/"},"wordCount":292,"commentCount":0,"image":{"@id":"https:\/\/www.camac-harps.com\/blog\/en\/news\/20th-international-harp-festival-godollo-october-5th-14th-2018\/#primaryimage"},"thumbnailUrl":"https:\/\/www.camac-harps.com\/blog\/wp-content\/uploads\/sites\/27\/2018\/09\/doc-logo-camac-harps-hungary.jpg","articleSection":["News"],"inLanguage":"en-US","potentialAction":[{"@type":"CommentAction","name":"Comment","target":["https:\/\/www.camac-harps.com\/blog\/en\/news\/20th-international-harp-festival-godollo-october-5th-14th-2018\/#respond"]}]},{"@type":"WebPage","@id":"https:\/\/www.camac-harps.com\/blog\/en\/news\/20th-international-harp-festival-godollo-october-5th-14th-2018\/","url":"https:\/\/www.camac-harps.com\/blog\/en\/news\/20th-international-harp-festival-godollo-october-5th-14th-2018\/","name":"20th International Harp Festival, G\u00f6d\u00f6ll\u00f6: October 5th - 14th, 2018 - Camac Harps","isPartOf":{"@id":"https:\/\/www.camac-harps.com\/blog\/en\/#website"},"primaryImageOfPage":{"@id":"https:\/\/www.camac-harps.com\/blog\/en\/news\/20th-international-harp-festival-godollo-october-5th-14th-2018\/#primaryimage"},"image":{"@id":"https:\/\/www.camac-harps.com\/blog\/en\/news\/20th-international-harp-festival-godollo-october-5th-14th-2018\/#primaryimage"},"thumbnailUrl":"https:\/\/www.camac-harps.com\/blog\/wp-content\/uploads\/sites\/27\/2018\/09\/doc-logo-camac-harps-hungary.jpg","datePublished":"2018-09-20T07:46:27+00:00","dateModified":"2018-10-22T07:22:17+00:00","author":{"@id":"https:\/\/www.camac-harps.com\/blog\/en\/#\/schema\/person\/59b9e6843c0338179fb914afaf144d22"},"breadcrumb":{"@id":"https:\/\/www.camac-harps.com\/blog\/en\/news\/20th-international-harp-festival-godollo-october-5th-14th-2018\/#breadcrumb"},"inLanguage":"en-US","potentialAction":[{"@type":"ReadAction","target":["https:\/\/www.camac-harps.com\/blog\/en\/news\/20th-international-harp-festival-godollo-october-5th-14th-2018\/"]}]},{"@type":"ImageObject","inLanguage":"en-US","@id":"https:\/\/www.camac-harps.com\/blog\/en\/news\/20th-international-harp-festival-godollo-october-5th-14th-2018\/#primaryimage","url":"https:\/\/www.camac-harps.com\/blog\/wp-content\/uploads\/sites\/27\/2018\/09\/doc-logo-camac-harps-hungary.jpg","contentUrl":"https:\/\/www.camac-harps.com\/blog\/wp-content\/uploads\/sites\/27\/2018\/09\/doc-logo-camac-harps-hungary.jpg","width":2363,"height":945,"caption":"Camac Harps Hungary"},{"@type":"BreadcrumbList","@id":"https:\/\/www.camac-harps.com\/blog\/en\/news\/20th-international-harp-festival-godollo-october-5th-14th-2018\/#breadcrumb","itemListElement":[{"@type":"ListItem","position":1,"name":"Home","item":"https:\/\/www.camac-harps.com\/blog\/en\/"},{"@type":"ListItem","position":2,"name":"20th International Harp Festival, G\u00f6d\u00f6ll\u00f6: October 5th &#8211; 14th, 2018"}]},{"@type":"WebSite","@id":"https:\/\/www.camac-harps.com\/blog\/en\/#website","url":"https:\/\/www.camac-harps.com\/blog\/en\/","name":"Camac Harps","description":"","potentialAction":[{"@type":"SearchAction","target":{"@type":"EntryPoint","urlTemplate":"https:\/\/www.camac-harps.com\/blog\/en\/?s={search_term_string}"},"query-input":{"@type":"PropertyValueSpecification","valueRequired":true,"valueName":"search_term_string"}}],"inLanguage":"en-US"},{"@type":"Person","@id":"https:\/\/www.camac-harps.com\/blog\/en\/#\/schema\/person\/59b9e6843c0338179fb914afaf144d22","name":"Helen Leitner","image":{"@type":"ImageObject","inLanguage":"en-US","@id":"https:\/\/www.camac-harps.com\/blog\/en\/#\/schema\/person\/image\/","url":"https:\/\/secure.gravatar.com\/avatar\/ebbebff931219cff4c2d1e25c3229b2e036693f67bf237fb12f452d7a019a6da?s=96&d=mm&r=g","contentUrl":"https:\/\/secure.gravatar.com\/avatar\/ebbebff931219cff4c2d1e25c3229b2e036693f67bf237fb12f452d7a019a6da?s=96&d=mm&r=g","caption":"Helen Leitner"},"url":"https:\/\/www.camac-harps.com\/blog\/en\/author\/ltnr\/"}]}},"_links":{"self":[{"href":"https:\/\/www.camac-harps.com\/blog\/en\/wp-json\/wp\/v2\/posts\/25328","targetHints":{"allow":["GET"]}}],"collection":[{"href":"https:\/\/www.camac-harps.com\/blog\/en\/wp-json\/wp\/v2\/posts"}],"about":[{"href":"https:\/\/www.camac-harps.com\/blog\/en\/wp-json\/wp\/v2\/types\/post"}],"author":[{"embeddable":true,"href":"https:\/\/www.camac-harps.com\/blog\/en\/wp-json\/wp\/v2\/users\/3"}],"replies":[{"embeddable":true,"href":"https:\/\/www.camac-harps.com\/blog\/en\/wp-json\/wp\/v2\/comments?post=25328"}],"version-history":[{"count":5,"href":"https:\/\/www.camac-harps.com\/blog\/en\/wp-json\/wp\/v2\/posts\/25328\/revisions"}],"predecessor-version":[{"id":25430,"href":"https:\/\/www.camac-harps.com\/blog\/en\/wp-json\/wp\/v2\/posts\/25328\/revisions\/25430"}],"wp:featuredmedia":[{"embeddable":true,"href":"https:\/\/www.camac-harps.com\/blog\/en\/wp-json\/wp\/v2\/media\/25526"}],"wp:attachment":[{"href":"https:\/\/www.camac-harps.com\/blog\/en\/wp-json\/wp\/v2\/media?parent=25328"}],"wp:term":[{"taxonomy":"category","embeddable":true,"href":"https:\/\/www.camac-harps.com\/blog\/en\/wp-json\/wp\/v2\/categories?post=25328"},{"taxonomy":"post_tag","embeddable":true,"href":"https:\/\/www.camac-harps.com\/blog\/en\/wp-json\/wp\/v2\/tags?post=25328"}],"curies":[{"name":"wp","href":"https:\/\/api.w.org\/{rel}","templated":true}]}}