{"id":27328,"date":"2019-11-07T20:39:45","date_gmt":"2019-11-07T20:39:45","guid":{"rendered":"https:\/\/www.camac-harps.com\/blog\/?p=27328"},"modified":"2019-11-18T20:53:32","modified_gmt":"2019-11-18T20:53:32","slug":"5th-international-harp-competition-in-slovenia-results","status":"publish","type":"post","link":"https:\/\/www.camac-harps.com\/blog\/en\/news\/5th-international-harp-competition-in-slovenia-results\/","title":{"rendered":"5th International Harp Competition in Slovenia: results!"},"content":{"rendered":"<div id=\"attachment_27329\" class=\"wp-caption alignleft\" style=\"width: 200px\"><a href=\"https:\/\/www.camac-harps.com\/blog\/wp-content\/uploads\/sites\/27\/2019\/11\/oliverwassvelenje.jpg\"><img loading=\"lazy\" decoding=\"async\" class=\"wp-image-27329 size-medium\" src=\"https:\/\/www.camac-harps.com\/blog\/wp-content\/uploads\/sites\/27\/2019\/11\/oliverwassvelenje-200x300.jpg\" alt=\"Oliver Wass, Velenje 2019\" width=\"200\" height=\"300\" srcset=\"https:\/\/www.camac-harps.com\/blog\/wp-content\/uploads\/sites\/27\/2019\/11\/oliverwassvelenje-200x300.jpg 200w, https:\/\/www.camac-harps.com\/blog\/wp-content\/uploads\/sites\/27\/2019\/11\/oliverwassvelenje-300x450.jpg 300w, https:\/\/www.camac-harps.com\/blog\/wp-content\/uploads\/sites\/27\/2019\/11\/oliverwassvelenje-55x83.jpg 55w, https:\/\/www.camac-harps.com\/blog\/wp-content\/uploads\/sites\/27\/2019\/11\/oliverwassvelenje-250x375.jpg 250w, https:\/\/www.camac-harps.com\/blog\/wp-content\/uploads\/sites\/27\/2019\/11\/oliverwassvelenje.jpg 533w\" sizes=\"auto, (max-width: 200px) 100vw, 200px\" \/><\/a><p class=\"wp-caption-text\">Pictured is Oliver Wass, winning his special prize of a Camac Bardic harp.<\/p><\/div>\n<p style=\"text-align: justify;\">The <a href=\"http:\/\/www.drustvo-harfistov.si\/domov\" target=\"_blank\" rel=\"noopener noreferrer\">Harpist Association of Slovenia<\/a> has now organised no fewer than five international competitions in Velenje. We have been proud sponsors since the second edition, working with association president (and Camac <a href=\"https:\/\/si.camac-harps.com\/sl\/\" target=\"_blank\" rel=\"noopener noreferrer\">Slovenian distributor)<\/a>\u00a0Dalibor Bernatovi\u0107.\u00a0<\/p>\n<p style=\"text-align: justify;\">Velenje welcomed competitors across no fewer than eight categories, to perform for the competition&#8217;s distinguished jury: Irina Zingg (Russia\/Switzerland), Stephen Fitzpatrick (UK\/Germany), Emanuela Degli Esposti (Italy), Ruda Ravnik Kosi (Slovenia), Diana Grubi\u0161i\u0107 \u0106ikovi\u0107 (Croatia), and \u015eirin Pancaro\u011flu (Turkey).\u00a0<\/p>\n<p>Without further ado, here are the results!<\/p>\n<p><strong>Category A &#8211; lever harp, candidates born in 2009 and younger<\/strong><br \/>\nFirst Prize: Kl\u00e1ra Brabcov\u00e1 <br \/>\nSecond Prize: Elettra Bellini <br \/>\nThird Prize: Gala Vrezec <\/p>\n<p><strong>Category A &#8211; pedal harp, candidates born in 2009 and younger<\/strong><br \/>\nFirst Prize: Veronika Gams<br \/>\nSecond Prize: Ema Bozhilova<br \/>\nThird Prize: Alisia Batalova <\/p>\n<p><strong>Category B, candidates born in 2008, 2007, 2006<\/strong><br \/>\nFirst Prize: Filippo Craglietto<br \/>\nSecond Prize: Melissa Kim<br \/>\nThird Prize: Adrian Ignjatovi\u0107, Bojana Bozhilova<\/p>\n<p><strong>Category C, candidates born in 2005, 2004, 2003<\/strong><br \/>\nFirst Prize: Aleksandra Mohorko<br \/>\nSecond Prize: Ajda Nina Vivod<br \/>\nThird Prize: Eleonora Burigo<\/p>\n<p><strong>Category D, candidates born in 2002, 2001, 2000, 1999<\/strong><br \/>\nFirst Prize: Virginia Pestugia<br \/>\nThird Prize: Leto Kri\u017eani\u010d \u017dor\u017e<\/p>\n<p><strong>Category E, candidates born in 1998, 1997, 1996, 1995<\/strong><br \/>\nFirst Prize: Lise Vandersmissen<br \/>\nSecond Prize: Brin Bernatovi\u0107<br \/>\nThird Prize: Naja Mohori\u010d<\/p>\n<p><strong>Category F, candidates born in 1994, 1993, 1992, 1991<\/strong><br \/>\nFirst Prize: Oliver Wass<\/p>\n<p><strong>Special Prizes<\/strong><br \/>\nSlovene Harp Association Award: Oliver Wass<br \/>\nVelenje Music School Award: Lise Vandersmissen<br \/>\nCamac Harps Award: Oliver Wass<\/p>\n<p style=\"text-align: justify;\">Congratulations to all!\u00a0<\/p>\n<p style=\"text-align: justify;\">\u00a0<\/p>\n","protected":false},"excerpt":{"rendered":"<p>The Harpist Association of Slovenia has now organised no fewer than five international competitions in Velenje. We have been proud sponsors since the second edition, working with association president (and Camac Slovenian distributor)\u00a0Dalibor Bernatovi\u0107.\u00a0<\/p>\n","protected":false},"author":3,"featured_media":27331,"comment_status":"open","ping_status":"open","sticky":false,"template":"","format":"standard","meta":{"_acf_changed":false,"footnotes":""},"categories":[778,552],"tags":[],"class_list":["post-27328","post","type-post","status-publish","format-standard","has-post-thumbnail","hentry","category-latest","category-news"],"acf":[],"yoast_head":"<title>5th International Harp Competition in Slovenia: results! - Camac Harps<\/title>\n<meta name=\"robots\" content=\"index, follow, max-snippet:-1, max-image-preview:large, max-video-preview:-1\" \/>\n<link rel=\"canonical\" href=\"https:\/\/www.camac-harps.com\/blog\/en\/news\/5th-international-harp-competition-in-slovenia-results\/\" \/>\n<meta property=\"og:locale\" content=\"en_US\" \/>\n<meta property=\"og:type\" content=\"article\" \/>\n<meta property=\"og:title\" content=\"5th International Harp Competition in Slovenia: results! - Camac Harps\" \/>\n<meta property=\"og:description\" content=\"The Harpist Association of Slovenia has now organised no fewer than five international competitions in Velenje. We have been proud sponsors since the second edition, working with association president (and Camac Slovenian distributor)\u00a0Dalibor Bernatovi\u0107.\u00a0\" \/>\n<meta property=\"og:url\" content=\"https:\/\/www.camac-harps.com\/blog\/en\/news\/5th-international-harp-competition-in-slovenia-results\/\" \/>\n<meta property=\"og:site_name\" content=\"Camac Harps\" \/>\n<meta property=\"article:published_time\" content=\"2019-11-07T20:39:45+00:00\" \/>\n<meta property=\"article:modified_time\" content=\"2019-11-18T20:53:32+00:00\" \/>\n<meta property=\"og:image\" content=\"https:\/\/www.camac-harps.com\/blog\/wp-content\/uploads\/sites\/27\/2019\/11\/juryandorganisersvelenje.jpg\" \/>\n\t<meta property=\"og:image:width\" content=\"800\" \/>\n\t<meta property=\"og:image:height\" content=\"533\" \/>\n\t<meta property=\"og:image:type\" content=\"image\/jpeg\" \/>\n<meta name=\"author\" content=\"Helen Leitner\" \/>\n<meta name=\"twitter:card\" content=\"summary_large_image\" \/>\n<meta name=\"twitter:label1\" content=\"Written by\" \/>\n\t<meta name=\"twitter:data1\" content=\"Helen Leitner\" \/>\n\t<meta name=\"twitter:label2\" content=\"Est. reading time\" \/>\n\t<meta name=\"twitter:data2\" content=\"1 minute\" \/>\n<script type=\"application\/ld+json\" class=\"yoast-schema-graph\">{\"@context\":\"https:\/\/schema.org\",\"@graph\":[{\"@type\":\"Article\",\"@id\":\"https:\/\/www.camac-harps.com\/blog\/en\/news\/5th-international-harp-competition-in-slovenia-results\/#article\",\"isPartOf\":{\"@id\":\"https:\/\/www.camac-harps.com\/blog\/en\/news\/5th-international-harp-competition-in-slovenia-results\/\"},\"author\":{\"name\":\"Helen Leitner\",\"@id\":\"https:\/\/www.camac-harps.com\/blog\/en\/#\/schema\/person\/59b9e6843c0338179fb914afaf144d22\"},\"headline\":\"5th International Harp Competition in Slovenia: results!\",\"datePublished\":\"2019-11-07T20:39:45+00:00\",\"dateModified\":\"2019-11-18T20:53:32+00:00\",\"mainEntityOfPage\":{\"@id\":\"https:\/\/www.camac-harps.com\/blog\/en\/news\/5th-international-harp-competition-in-slovenia-results\/\"},\"wordCount\":257,\"commentCount\":0,\"image\":{\"@id\":\"https:\/\/www.camac-harps.com\/blog\/en\/news\/5th-international-harp-competition-in-slovenia-results\/#primaryimage\"},\"thumbnailUrl\":\"https:\/\/www.camac-harps.com\/blog\/wp-content\/uploads\/sites\/27\/2019\/11\/juryandorganisersvelenje.jpg\",\"articleSection\":[\"Latest\",\"News\"],\"inLanguage\":\"en-US\",\"potentialAction\":[{\"@type\":\"CommentAction\",\"name\":\"Comment\",\"target\":[\"https:\/\/www.camac-harps.com\/blog\/en\/news\/5th-international-harp-competition-in-slovenia-results\/#respond\"]}]},{\"@type\":\"WebPage\",\"@id\":\"https:\/\/www.camac-harps.com\/blog\/en\/news\/5th-international-harp-competition-in-slovenia-results\/\",\"url\":\"https:\/\/www.camac-harps.com\/blog\/en\/news\/5th-international-harp-competition-in-slovenia-results\/\",\"name\":\"5th International Harp Competition in Slovenia: results! - Camac Harps\",\"isPartOf\":{\"@id\":\"https:\/\/www.camac-harps.com\/blog\/en\/#website\"},\"primaryImageOfPage\":{\"@id\":\"https:\/\/www.camac-harps.com\/blog\/en\/news\/5th-international-harp-competition-in-slovenia-results\/#primaryimage\"},\"image\":{\"@id\":\"https:\/\/www.camac-harps.com\/blog\/en\/news\/5th-international-harp-competition-in-slovenia-results\/#primaryimage\"},\"thumbnailUrl\":\"https:\/\/www.camac-harps.com\/blog\/wp-content\/uploads\/sites\/27\/2019\/11\/juryandorganisersvelenje.jpg\",\"datePublished\":\"2019-11-07T20:39:45+00:00\",\"dateModified\":\"2019-11-18T20:53:32+00:00\",\"author\":{\"@id\":\"https:\/\/www.camac-harps.com\/blog\/en\/#\/schema\/person\/59b9e6843c0338179fb914afaf144d22\"},\"breadcrumb\":{\"@id\":\"https:\/\/www.camac-harps.com\/blog\/en\/news\/5th-international-harp-competition-in-slovenia-results\/#breadcrumb\"},\"inLanguage\":\"en-US\",\"potentialAction\":[{\"@type\":\"ReadAction\",\"target\":[\"https:\/\/www.camac-harps.com\/blog\/en\/news\/5th-international-harp-competition-in-slovenia-results\/\"]}]},{\"@type\":\"ImageObject\",\"inLanguage\":\"en-US\",\"@id\":\"https:\/\/www.camac-harps.com\/blog\/en\/news\/5th-international-harp-competition-in-slovenia-results\/#primaryimage\",\"url\":\"https:\/\/www.camac-harps.com\/blog\/wp-content\/uploads\/sites\/27\/2019\/11\/juryandorganisersvelenje.jpg\",\"contentUrl\":\"https:\/\/www.camac-harps.com\/blog\/wp-content\/uploads\/sites\/27\/2019\/11\/juryandorganisersvelenje.jpg\",\"width\":800,\"height\":533},{\"@type\":\"BreadcrumbList\",\"@id\":\"https:\/\/www.camac-harps.com\/blog\/en\/news\/5th-international-harp-competition-in-slovenia-results\/#breadcrumb\",\"itemListElement\":[{\"@type\":\"ListItem\",\"position\":1,\"name\":\"Home\",\"item\":\"https:\/\/www.camac-harps.com\/blog\/en\/\"},{\"@type\":\"ListItem\",\"position\":2,\"name\":\"5th International Harp Competition in Slovenia: results!\"}]},{\"@type\":\"WebSite\",\"@id\":\"https:\/\/www.camac-harps.com\/blog\/en\/#website\",\"url\":\"https:\/\/www.camac-harps.com\/blog\/en\/\",\"name\":\"Camac Harps\",\"description\":\"\",\"potentialAction\":[{\"@type\":\"SearchAction\",\"target\":{\"@type\":\"EntryPoint\",\"urlTemplate\":\"https:\/\/www.camac-harps.com\/blog\/en\/?s={search_term_string}\"},\"query-input\":{\"@type\":\"PropertyValueSpecification\",\"valueRequired\":true,\"valueName\":\"search_term_string\"}}],\"inLanguage\":\"en-US\"},{\"@type\":\"Person\",\"@id\":\"https:\/\/www.camac-harps.com\/blog\/en\/#\/schema\/person\/59b9e6843c0338179fb914afaf144d22\",\"name\":\"Helen Leitner\",\"image\":{\"@type\":\"ImageObject\",\"inLanguage\":\"en-US\",\"@id\":\"https:\/\/www.camac-harps.com\/blog\/en\/#\/schema\/person\/image\/\",\"url\":\"https:\/\/secure.gravatar.com\/avatar\/ebbebff931219cff4c2d1e25c3229b2e036693f67bf237fb12f452d7a019a6da?s=96&d=mm&r=g\",\"contentUrl\":\"https:\/\/secure.gravatar.com\/avatar\/ebbebff931219cff4c2d1e25c3229b2e036693f67bf237fb12f452d7a019a6da?s=96&d=mm&r=g\",\"caption\":\"Helen Leitner\"},\"url\":\"https:\/\/www.camac-harps.com\/blog\/en\/author\/ltnr\/\"}]}<\/script>","yoast_head_json":{"title":"5th International Harp Competition in Slovenia: results! - Camac Harps","robots":{"index":"index","follow":"follow","max-snippet":"max-snippet:-1","max-image-preview":"max-image-preview:large","max-video-preview":"max-video-preview:-1"},"canonical":"https:\/\/www.camac-harps.com\/blog\/en\/news\/5th-international-harp-competition-in-slovenia-results\/","og_locale":"en_US","og_type":"article","og_title":"5th International Harp Competition in Slovenia: results! - Camac Harps","og_description":"The Harpist Association of Slovenia has now organised no fewer than five international competitions in Velenje. We have been proud sponsors since the second edition, working with association president (and Camac Slovenian distributor)\u00a0Dalibor Bernatovi\u0107.\u00a0","og_url":"https:\/\/www.camac-harps.com\/blog\/en\/news\/5th-international-harp-competition-in-slovenia-results\/","og_site_name":"Camac Harps","article_published_time":"2019-11-07T20:39:45+00:00","article_modified_time":"2019-11-18T20:53:32+00:00","og_image":[{"width":800,"height":533,"url":"https:\/\/www.camac-harps.com\/blog\/wp-content\/uploads\/sites\/27\/2019\/11\/juryandorganisersvelenje.jpg","type":"image\/jpeg"}],"author":"Helen Leitner","twitter_card":"summary_large_image","twitter_misc":{"Written by":"Helen Leitner","Est. reading time":"1 minute"},"schema":{"@context":"https:\/\/schema.org","@graph":[{"@type":"Article","@id":"https:\/\/www.camac-harps.com\/blog\/en\/news\/5th-international-harp-competition-in-slovenia-results\/#article","isPartOf":{"@id":"https:\/\/www.camac-harps.com\/blog\/en\/news\/5th-international-harp-competition-in-slovenia-results\/"},"author":{"name":"Helen Leitner","@id":"https:\/\/www.camac-harps.com\/blog\/en\/#\/schema\/person\/59b9e6843c0338179fb914afaf144d22"},"headline":"5th International Harp Competition in Slovenia: results!","datePublished":"2019-11-07T20:39:45+00:00","dateModified":"2019-11-18T20:53:32+00:00","mainEntityOfPage":{"@id":"https:\/\/www.camac-harps.com\/blog\/en\/news\/5th-international-harp-competition-in-slovenia-results\/"},"wordCount":257,"commentCount":0,"image":{"@id":"https:\/\/www.camac-harps.com\/blog\/en\/news\/5th-international-harp-competition-in-slovenia-results\/#primaryimage"},"thumbnailUrl":"https:\/\/www.camac-harps.com\/blog\/wp-content\/uploads\/sites\/27\/2019\/11\/juryandorganisersvelenje.jpg","articleSection":["Latest","News"],"inLanguage":"en-US","potentialAction":[{"@type":"CommentAction","name":"Comment","target":["https:\/\/www.camac-harps.com\/blog\/en\/news\/5th-international-harp-competition-in-slovenia-results\/#respond"]}]},{"@type":"WebPage","@id":"https:\/\/www.camac-harps.com\/blog\/en\/news\/5th-international-harp-competition-in-slovenia-results\/","url":"https:\/\/www.camac-harps.com\/blog\/en\/news\/5th-international-harp-competition-in-slovenia-results\/","name":"5th International Harp Competition in Slovenia: results! - Camac Harps","isPartOf":{"@id":"https:\/\/www.camac-harps.com\/blog\/en\/#website"},"primaryImageOfPage":{"@id":"https:\/\/www.camac-harps.com\/blog\/en\/news\/5th-international-harp-competition-in-slovenia-results\/#primaryimage"},"image":{"@id":"https:\/\/www.camac-harps.com\/blog\/en\/news\/5th-international-harp-competition-in-slovenia-results\/#primaryimage"},"thumbnailUrl":"https:\/\/www.camac-harps.com\/blog\/wp-content\/uploads\/sites\/27\/2019\/11\/juryandorganisersvelenje.jpg","datePublished":"2019-11-07T20:39:45+00:00","dateModified":"2019-11-18T20:53:32+00:00","author":{"@id":"https:\/\/www.camac-harps.com\/blog\/en\/#\/schema\/person\/59b9e6843c0338179fb914afaf144d22"},"breadcrumb":{"@id":"https:\/\/www.camac-harps.com\/blog\/en\/news\/5th-international-harp-competition-in-slovenia-results\/#breadcrumb"},"inLanguage":"en-US","potentialAction":[{"@type":"ReadAction","target":["https:\/\/www.camac-harps.com\/blog\/en\/news\/5th-international-harp-competition-in-slovenia-results\/"]}]},{"@type":"ImageObject","inLanguage":"en-US","@id":"https:\/\/www.camac-harps.com\/blog\/en\/news\/5th-international-harp-competition-in-slovenia-results\/#primaryimage","url":"https:\/\/www.camac-harps.com\/blog\/wp-content\/uploads\/sites\/27\/2019\/11\/juryandorganisersvelenje.jpg","contentUrl":"https:\/\/www.camac-harps.com\/blog\/wp-content\/uploads\/sites\/27\/2019\/11\/juryandorganisersvelenje.jpg","width":800,"height":533},{"@type":"BreadcrumbList","@id":"https:\/\/www.camac-harps.com\/blog\/en\/news\/5th-international-harp-competition-in-slovenia-results\/#breadcrumb","itemListElement":[{"@type":"ListItem","position":1,"name":"Home","item":"https:\/\/www.camac-harps.com\/blog\/en\/"},{"@type":"ListItem","position":2,"name":"5th International Harp Competition in Slovenia: results!"}]},{"@type":"WebSite","@id":"https:\/\/www.camac-harps.com\/blog\/en\/#website","url":"https:\/\/www.camac-harps.com\/blog\/en\/","name":"Camac Harps","description":"","potentialAction":[{"@type":"SearchAction","target":{"@type":"EntryPoint","urlTemplate":"https:\/\/www.camac-harps.com\/blog\/en\/?s={search_term_string}"},"query-input":{"@type":"PropertyValueSpecification","valueRequired":true,"valueName":"search_term_string"}}],"inLanguage":"en-US"},{"@type":"Person","@id":"https:\/\/www.camac-harps.com\/blog\/en\/#\/schema\/person\/59b9e6843c0338179fb914afaf144d22","name":"Helen Leitner","image":{"@type":"ImageObject","inLanguage":"en-US","@id":"https:\/\/www.camac-harps.com\/blog\/en\/#\/schema\/person\/image\/","url":"https:\/\/secure.gravatar.com\/avatar\/ebbebff931219cff4c2d1e25c3229b2e036693f67bf237fb12f452d7a019a6da?s=96&d=mm&r=g","contentUrl":"https:\/\/secure.gravatar.com\/avatar\/ebbebff931219cff4c2d1e25c3229b2e036693f67bf237fb12f452d7a019a6da?s=96&d=mm&r=g","caption":"Helen Leitner"},"url":"https:\/\/www.camac-harps.com\/blog\/en\/author\/ltnr\/"}]}},"_links":{"self":[{"href":"https:\/\/www.camac-harps.com\/blog\/en\/wp-json\/wp\/v2\/posts\/27328","targetHints":{"allow":["GET"]}}],"collection":[{"href":"https:\/\/www.camac-harps.com\/blog\/en\/wp-json\/wp\/v2\/posts"}],"about":[{"href":"https:\/\/www.camac-harps.com\/blog\/en\/wp-json\/wp\/v2\/types\/post"}],"author":[{"embeddable":true,"href":"https:\/\/www.camac-harps.com\/blog\/en\/wp-json\/wp\/v2\/users\/3"}],"replies":[{"embeddable":true,"href":"https:\/\/www.camac-harps.com\/blog\/en\/wp-json\/wp\/v2\/comments?post=27328"}],"version-history":[{"count":3,"href":"https:\/\/www.camac-harps.com\/blog\/en\/wp-json\/wp\/v2\/posts\/27328\/revisions"}],"predecessor-version":[{"id":27335,"href":"https:\/\/www.camac-harps.com\/blog\/en\/wp-json\/wp\/v2\/posts\/27328\/revisions\/27335"}],"wp:featuredmedia":[{"embeddable":true,"href":"https:\/\/www.camac-harps.com\/blog\/en\/wp-json\/wp\/v2\/media\/27331"}],"wp:attachment":[{"href":"https:\/\/www.camac-harps.com\/blog\/en\/wp-json\/wp\/v2\/media?parent=27328"}],"wp:term":[{"taxonomy":"category","embeddable":true,"href":"https:\/\/www.camac-harps.com\/blog\/en\/wp-json\/wp\/v2\/categories?post=27328"},{"taxonomy":"post_tag","embeddable":true,"href":"https:\/\/www.camac-harps.com\/blog\/en\/wp-json\/wp\/v2\/tags?post=27328"}],"curies":[{"name":"wp","href":"https:\/\/api.w.org\/{rel}","templated":true}]}}