{"id":30543,"date":"2023-02-16T19:08:02","date_gmt":"2023-02-16T17:08:02","guid":{"rendered":"https:\/\/www.camac-harps.com\/blog\/uncategorized\/harpes-au-max-2023\/"},"modified":"2023-03-14T16:47:44","modified_gmt":"2023-03-14T14:47:44","slug":"harpes-au-max-2023","status":"publish","type":"post","link":"https:\/\/www.camac-harps.com\/blog\/en\/news\/harpes-au-max-2023\/","title":{"rendered":"Harpes au Max 2023"},"content":{"rendered":"<p style=\"text-align: justify;\"><a href=\"https:\/\/www.harpesaumax.com\/\">Harpes au Max<\/a> began life in 2016. We had, in 2012, celebrated Camac\u2019s 40th anniversary in Ancenis-Saint-G\u00e9r\u00e9on, the nearest town to our offices and workshops in Mouzeil. Harpists from throughout the world joined the party, the sun shone constantly, and we were wonderfully supported by the civic authorities and a plethora of volunteers from our region.<\/p>\n<div class=\"gdpr_opt_in\" data-cc-enable=\"youtube\">\n<div class=\"gdpr_opt_in__inner\">I want to enable video content and agree that data will be loaded from Google (see <a href=\"https:\/\/www.camac-harps.com\/blog\/en\/news\/harpes-au-max-2023\/\" target=\"_blank\">Privacy Policy<\/a>).<\/div>\n<\/div>\n<div class=\"video_container\">\n<div class=\"video_container__inner\"><iframe title=\"Teaser Harpes au Max 2023\" width=\"500\" height=\"281\" alt-src=\"https:\/\/www.youtube-nocookie.com\/embed\/lGjXXChO5fM?feature=oembed\" frameborder=\"0\" allow=\"accelerometer; autoplay; clipboard-write; encrypted-media; gyroscope; picture-in-picture; web-share\" referrerpolicy=\"strict-origin-when-cross-origin\" allowfullscreen><\/iframe><\/div>\n<\/div>\n<p style=\"text-align: justify;\">Following this, the same civic authorities decided to launch their own harp festival, and Harpes au Max was born! For four days in May, harps well and truly take over the town, and many of its surrounding villages and community centres besides. We get to experience everything and everyone from the greatest classical stars, to jazz, Celtic music, harps of the world, storytelling and film. There are events for children, outreach concerts in hospitals, nursing homes and shopping centres, lectures, dances and magical mystery tours. Our entire community comes together for this brilliant long weekend: the \u201cfront of house\u201d team you know from harp events across the world or from contact with our offices, our master artisans and their families, our family of distributors, and above all the supportive and enthusiastic general public.<\/p>\n<p style=\"text-align: justify;\">We provide the harps and Jakez Fran\u00e7ois the artistic direction, but it is the COMPA together with the town of Ancenis-Saint-G\u00e9r\u00e9on who make it happen. As Harpes au Max enters its third edition, they\u2019ve also been known to beat us in displays of general expertise about the harp on more than one occasion.<\/p>\n<p style=\"text-align: justify;\"><a href=\"https:\/\/www.camac-harps.com\/blog\/wp-content\/uploads\/sites\/27\/2023\/02\/harpesaumax2023.jpg\"><img loading=\"lazy\" decoding=\"async\" class=\"alignleft size-medium wp-image-30531\" src=\"https:\/\/www.camac-harps.com\/blog\/wp-content\/uploads\/sites\/27\/2023\/02\/harpesaumax2023-200x300.jpg\" alt=\"Harpes au Max 2023\" width=\"200\" height=\"300\" srcset=\"https:\/\/www.camac-harps.com\/blog\/wp-content\/uploads\/sites\/27\/2023\/02\/harpesaumax2023-200x300.jpg 200w, https:\/\/www.camac-harps.com\/blog\/wp-content\/uploads\/sites\/27\/2023\/02\/harpesaumax2023-683x1024.jpg 683w, https:\/\/www.camac-harps.com\/blog\/wp-content\/uploads\/sites\/27\/2023\/02\/harpesaumax2023-768x1152.jpg 768w, https:\/\/www.camac-harps.com\/blog\/wp-content\/uploads\/sites\/27\/2023\/02\/harpesaumax2023-300x450.jpg 300w, https:\/\/www.camac-harps.com\/blog\/wp-content\/uploads\/sites\/27\/2023\/02\/harpesaumax2023-800x1200.jpg 800w, https:\/\/www.camac-harps.com\/blog\/wp-content\/uploads\/sites\/27\/2023\/02\/harpesaumax2023-55x83.jpg 55w, https:\/\/www.camac-harps.com\/blog\/wp-content\/uploads\/sites\/27\/2023\/02\/harpesaumax2023-250x375.jpg 250w, https:\/\/www.camac-harps.com\/blog\/wp-content\/uploads\/sites\/27\/2023\/02\/harpesaumax2023.jpg 1000w\" sizes=\"auto, (max-width: 200px) 100vw, 200px\" \/><\/a>What\u2019s on the programme in 2023? This is now announced <a href=\"https:\/\/www.harpesaumax.com\/programmation\/par-jour\">here<\/a> on Harpes au Max\u2019s website. Isabelle Moretti will present \u201c<a href=\"https:\/\/www.harpesaumax.com\/programmation\/artistes\/la-harpe-et-la-bete\">La harpe et la b\u00eate<\/a>\u201d, a recital themed around the harp and animal photographs by Vincent Munier, with music from Bach to Breschand. Other classical artists include <a href=\"https:\/\/www.harpesaumax.com\/programmation\/par-jour\/classique-a-la-chapelle\">Chantal Mathieu and Alexandra Bidi<\/a>, <a href=\"https:\/\/www.harpesaumax.com\/programmation\/par-jour\/recital\">Andre\u00ef Olaru and Hyejin Kim<\/a>. There\u2019s also <a href=\"https:\/\/www.harpesaumax.com\/programmation\/par-jour\/harpe-et-slam\">harp and poetry slam<\/a>, in picturesque Oudon. For harp and electro, look no further than the <a href=\"https:\/\/www.harpesaumax.com\/programmation\/artistes\/association-bruderschaft\">Association Bruderschaft and M\u2019Mich\u00e8le Trio<\/a>. We also have <a href=\"https:\/\/www.harpesaumax.com\/programmation\/par-jour\/jazz-a-la-chapelle-1\">Chocho Cannelle<\/a> (starring our <a href=\"https:\/\/www.camac-harps.com\/en\/harps-en\/south-americain\/electro-llanera-37\/\">Electro Llanera<\/a>, in the skilled hands of Camille Heim); a <a href=\"https:\/\/www.harpesaumax.com\/programmation\/artistes\/harpe-et-danse\">fascinating combination<\/a> of classical and Gabonese harps, saxophone and dance; the <a href=\"https:\/\/www.harpesaumax.com\/programmation\/artistes\/phoenix\">Finnish kantele<\/a>, the <a href=\"https:\/\/www.harpesaumax.com\/programmation\/artistes\/aung-pyae-sone\">Burmese harp<\/a>, the <a href=\"https:\/\/www.harpesaumax.com\/programmation\/artistes\/yannick-essono-ndong\">sacred Ngombi harp<\/a>, the <a href=\"https:\/\/www.harpesaumax.com\/programmation\/artistes\/yofre-brito\">Colombian llanera<\/a>\u2026not to mention the <a href=\"https:\/\/www.harpesaumax.com\/programmation\/par-jour\/talents-dici\">harp classes of the region\u2019s music schools<\/a>, a wealth of open-air performances in the <a href=\"https:\/\/www.harpesaumax.com\/programmation\/par-jour\/concerts-village-festival\">festival village<\/a>, and more!<\/p>\n<p style=\"text-align: justify;\">Mark your calendars! The <a href=\"https:\/\/www.harpesaumax.com\/billetterie\">box office<\/a> will open on March 28, and the intermunicipal <a href=\"https:\/\/www.pays-ancenis-tourisme.com\/preparer-son-sejour\">tourist office<\/a> will assist you with further guides to our lovely region. We can\u2019t wait to welcome you!<\/p>\n","protected":false},"excerpt":{"rendered":"<p>Harpes au Max is indeed \u201charps to the max\u201d, and it\u2019s a very special festival organised by the civic authorities of our home region in France. Put May 11-14 in your diaries now!<\/p>\n","protected":false},"author":3,"featured_media":30530,"comment_status":"open","ping_status":"open","sticky":false,"template":"","format":"standard","meta":{"_acf_changed":false,"footnotes":""},"categories":[778,552],"tags":[],"class_list":["post-30543","post","type-post","status-publish","format-standard","has-post-thumbnail","hentry","category-latest","category-news"],"acf":[],"yoast_head":"<title>Harpes au Max 2023 - Camac Harps blog<\/title>\n<meta name=\"description\" content=\"Harpes au Max is indeed \u201charps to the max\u201d, and it\u2019s a very special festival. Put May 11-14 in your diaries now!\" \/>\n<meta name=\"robots\" content=\"index, follow, max-snippet:-1, max-image-preview:large, max-video-preview:-1\" \/>\n<link rel=\"canonical\" href=\"https:\/\/www.camac-harps.com\/blog\/en\/news\/harpes-au-max-2023\/\" \/>\n<meta property=\"og:locale\" content=\"en_US\" \/>\n<meta property=\"og:type\" content=\"article\" \/>\n<meta property=\"og:title\" content=\"Harpes au Max 2023 - Camac Harps blog\" \/>\n<meta property=\"og:description\" content=\"Harpes au Max is indeed \u201charps to the max\u201d, and it\u2019s a very special festival. Put May 11-14 in your diaries now!\" \/>\n<meta property=\"og:url\" content=\"https:\/\/www.camac-harps.com\/blog\/en\/news\/harpes-au-max-2023\/\" \/>\n<meta property=\"og:site_name\" content=\"Camac Harps\" \/>\n<meta property=\"article:published_time\" content=\"2023-02-16T17:08:02+00:00\" \/>\n<meta property=\"article:modified_time\" content=\"2023-03-14T14:47:44+00:00\" \/>\n<meta property=\"og:image\" content=\"https:\/\/www.camac-harps.com\/blog\/wp-content\/uploads\/sites\/27\/2023\/02\/harpesaumax.jpg\" \/>\n\t<meta property=\"og:image:width\" content=\"717\" \/>\n\t<meta property=\"og:image:height\" content=\"717\" \/>\n\t<meta property=\"og:image:type\" content=\"image\/jpeg\" \/>\n<meta name=\"author\" content=\"Helen Leitner\" \/>\n<meta name=\"twitter:card\" content=\"summary_large_image\" \/>\n<meta name=\"twitter:label1\" content=\"Written by\" \/>\n\t<meta name=\"twitter:data1\" content=\"Helen Leitner\" \/>\n\t<meta name=\"twitter:label2\" content=\"Est. reading time\" \/>\n\t<meta name=\"twitter:data2\" content=\"3 minutes\" \/>\n<script type=\"application\/ld+json\" class=\"yoast-schema-graph\">{\"@context\":\"https:\/\/schema.org\",\"@graph\":[{\"@type\":\"Article\",\"@id\":\"https:\/\/www.camac-harps.com\/blog\/en\/news\/harpes-au-max-2023\/#article\",\"isPartOf\":{\"@id\":\"https:\/\/www.camac-harps.com\/blog\/en\/news\/harpes-au-max-2023\/\"},\"author\":{\"name\":\"Helen Leitner\",\"@id\":\"https:\/\/www.camac-harps.com\/blog\/en\/#\/schema\/person\/59b9e6843c0338179fb914afaf144d22\"},\"headline\":\"Harpes au Max 2023\",\"datePublished\":\"2023-02-16T17:08:02+00:00\",\"dateModified\":\"2023-03-14T14:47:44+00:00\",\"mainEntityOfPage\":{\"@id\":\"https:\/\/www.camac-harps.com\/blog\/en\/news\/harpes-au-max-2023\/\"},\"wordCount\":437,\"commentCount\":0,\"image\":{\"@id\":\"https:\/\/www.camac-harps.com\/blog\/en\/news\/harpes-au-max-2023\/#primaryimage\"},\"thumbnailUrl\":\"https:\/\/www.camac-harps.com\/blog\/wp-content\/uploads\/sites\/27\/2023\/02\/harpesaumax.jpg\",\"articleSection\":[\"Latest\",\"News\"],\"inLanguage\":\"en-US\",\"potentialAction\":[{\"@type\":\"CommentAction\",\"name\":\"Comment\",\"target\":[\"https:\/\/www.camac-harps.com\/blog\/en\/news\/harpes-au-max-2023\/#respond\"]}]},{\"@type\":\"WebPage\",\"@id\":\"https:\/\/www.camac-harps.com\/blog\/en\/news\/harpes-au-max-2023\/\",\"url\":\"https:\/\/www.camac-harps.com\/blog\/en\/news\/harpes-au-max-2023\/\",\"name\":\"Harpes au Max 2023 - Camac Harps blog\",\"isPartOf\":{\"@id\":\"https:\/\/www.camac-harps.com\/blog\/en\/#website\"},\"primaryImageOfPage\":{\"@id\":\"https:\/\/www.camac-harps.com\/blog\/en\/news\/harpes-au-max-2023\/#primaryimage\"},\"image\":{\"@id\":\"https:\/\/www.camac-harps.com\/blog\/en\/news\/harpes-au-max-2023\/#primaryimage\"},\"thumbnailUrl\":\"https:\/\/www.camac-harps.com\/blog\/wp-content\/uploads\/sites\/27\/2023\/02\/harpesaumax.jpg\",\"datePublished\":\"2023-02-16T17:08:02+00:00\",\"dateModified\":\"2023-03-14T14:47:44+00:00\",\"author\":{\"@id\":\"https:\/\/www.camac-harps.com\/blog\/en\/#\/schema\/person\/59b9e6843c0338179fb914afaf144d22\"},\"description\":\"Harpes au Max is indeed \u201charps to the max\u201d, and it\u2019s a very special festival. Put May 11-14 in your diaries now!\",\"breadcrumb\":{\"@id\":\"https:\/\/www.camac-harps.com\/blog\/en\/news\/harpes-au-max-2023\/#breadcrumb\"},\"inLanguage\":\"en-US\",\"potentialAction\":[{\"@type\":\"ReadAction\",\"target\":[\"https:\/\/www.camac-harps.com\/blog\/en\/news\/harpes-au-max-2023\/\"]}]},{\"@type\":\"ImageObject\",\"inLanguage\":\"en-US\",\"@id\":\"https:\/\/www.camac-harps.com\/blog\/en\/news\/harpes-au-max-2023\/#primaryimage\",\"url\":\"https:\/\/www.camac-harps.com\/blog\/wp-content\/uploads\/sites\/27\/2023\/02\/harpesaumax.jpg\",\"contentUrl\":\"https:\/\/www.camac-harps.com\/blog\/wp-content\/uploads\/sites\/27\/2023\/02\/harpesaumax.jpg\",\"width\":717,\"height\":717,\"caption\":\"Harpes au Max 2023\"},{\"@type\":\"BreadcrumbList\",\"@id\":\"https:\/\/www.camac-harps.com\/blog\/en\/news\/harpes-au-max-2023\/#breadcrumb\",\"itemListElement\":[{\"@type\":\"ListItem\",\"position\":1,\"name\":\"Home\",\"item\":\"https:\/\/www.camac-harps.com\/blog\/en\/\"},{\"@type\":\"ListItem\",\"position\":2,\"name\":\"Harpes au Max 2023\"}]},{\"@type\":\"WebSite\",\"@id\":\"https:\/\/www.camac-harps.com\/blog\/en\/#website\",\"url\":\"https:\/\/www.camac-harps.com\/blog\/en\/\",\"name\":\"Camac Harps\",\"description\":\"\",\"potentialAction\":[{\"@type\":\"SearchAction\",\"target\":{\"@type\":\"EntryPoint\",\"urlTemplate\":\"https:\/\/www.camac-harps.com\/blog\/en\/?s={search_term_string}\"},\"query-input\":{\"@type\":\"PropertyValueSpecification\",\"valueRequired\":true,\"valueName\":\"search_term_string\"}}],\"inLanguage\":\"en-US\"},{\"@type\":\"Person\",\"@id\":\"https:\/\/www.camac-harps.com\/blog\/en\/#\/schema\/person\/59b9e6843c0338179fb914afaf144d22\",\"name\":\"Helen Leitner\",\"image\":{\"@type\":\"ImageObject\",\"inLanguage\":\"en-US\",\"@id\":\"https:\/\/www.camac-harps.com\/blog\/en\/#\/schema\/person\/image\/\",\"url\":\"https:\/\/secure.gravatar.com\/avatar\/ebbebff931219cff4c2d1e25c3229b2e036693f67bf237fb12f452d7a019a6da?s=96&d=mm&r=g\",\"contentUrl\":\"https:\/\/secure.gravatar.com\/avatar\/ebbebff931219cff4c2d1e25c3229b2e036693f67bf237fb12f452d7a019a6da?s=96&d=mm&r=g\",\"caption\":\"Helen Leitner\"},\"url\":\"https:\/\/www.camac-harps.com\/blog\/en\/author\/ltnr\/\"}]}<\/script>","yoast_head_json":{"title":"Harpes au Max 2023 - Camac Harps blog","description":"Harpes au Max is indeed \u201charps to the max\u201d, and it\u2019s a very special festival. Put May 11-14 in your diaries now!","robots":{"index":"index","follow":"follow","max-snippet":"max-snippet:-1","max-image-preview":"max-image-preview:large","max-video-preview":"max-video-preview:-1"},"canonical":"https:\/\/www.camac-harps.com\/blog\/en\/news\/harpes-au-max-2023\/","og_locale":"en_US","og_type":"article","og_title":"Harpes au Max 2023 - Camac Harps blog","og_description":"Harpes au Max is indeed \u201charps to the max\u201d, and it\u2019s a very special festival. Put May 11-14 in your diaries now!","og_url":"https:\/\/www.camac-harps.com\/blog\/en\/news\/harpes-au-max-2023\/","og_site_name":"Camac Harps","article_published_time":"2023-02-16T17:08:02+00:00","article_modified_time":"2023-03-14T14:47:44+00:00","og_image":[{"width":717,"height":717,"url":"https:\/\/www.camac-harps.com\/blog\/wp-content\/uploads\/sites\/27\/2023\/02\/harpesaumax.jpg","type":"image\/jpeg"}],"author":"Helen Leitner","twitter_card":"summary_large_image","twitter_misc":{"Written by":"Helen Leitner","Est. reading time":"3 minutes"},"schema":{"@context":"https:\/\/schema.org","@graph":[{"@type":"Article","@id":"https:\/\/www.camac-harps.com\/blog\/en\/news\/harpes-au-max-2023\/#article","isPartOf":{"@id":"https:\/\/www.camac-harps.com\/blog\/en\/news\/harpes-au-max-2023\/"},"author":{"name":"Helen Leitner","@id":"https:\/\/www.camac-harps.com\/blog\/en\/#\/schema\/person\/59b9e6843c0338179fb914afaf144d22"},"headline":"Harpes au Max 2023","datePublished":"2023-02-16T17:08:02+00:00","dateModified":"2023-03-14T14:47:44+00:00","mainEntityOfPage":{"@id":"https:\/\/www.camac-harps.com\/blog\/en\/news\/harpes-au-max-2023\/"},"wordCount":437,"commentCount":0,"image":{"@id":"https:\/\/www.camac-harps.com\/blog\/en\/news\/harpes-au-max-2023\/#primaryimage"},"thumbnailUrl":"https:\/\/www.camac-harps.com\/blog\/wp-content\/uploads\/sites\/27\/2023\/02\/harpesaumax.jpg","articleSection":["Latest","News"],"inLanguage":"en-US","potentialAction":[{"@type":"CommentAction","name":"Comment","target":["https:\/\/www.camac-harps.com\/blog\/en\/news\/harpes-au-max-2023\/#respond"]}]},{"@type":"WebPage","@id":"https:\/\/www.camac-harps.com\/blog\/en\/news\/harpes-au-max-2023\/","url":"https:\/\/www.camac-harps.com\/blog\/en\/news\/harpes-au-max-2023\/","name":"Harpes au Max 2023 - Camac Harps blog","isPartOf":{"@id":"https:\/\/www.camac-harps.com\/blog\/en\/#website"},"primaryImageOfPage":{"@id":"https:\/\/www.camac-harps.com\/blog\/en\/news\/harpes-au-max-2023\/#primaryimage"},"image":{"@id":"https:\/\/www.camac-harps.com\/blog\/en\/news\/harpes-au-max-2023\/#primaryimage"},"thumbnailUrl":"https:\/\/www.camac-harps.com\/blog\/wp-content\/uploads\/sites\/27\/2023\/02\/harpesaumax.jpg","datePublished":"2023-02-16T17:08:02+00:00","dateModified":"2023-03-14T14:47:44+00:00","author":{"@id":"https:\/\/www.camac-harps.com\/blog\/en\/#\/schema\/person\/59b9e6843c0338179fb914afaf144d22"},"description":"Harpes au Max is indeed \u201charps to the max\u201d, and it\u2019s a very special festival. Put May 11-14 in your diaries now!","breadcrumb":{"@id":"https:\/\/www.camac-harps.com\/blog\/en\/news\/harpes-au-max-2023\/#breadcrumb"},"inLanguage":"en-US","potentialAction":[{"@type":"ReadAction","target":["https:\/\/www.camac-harps.com\/blog\/en\/news\/harpes-au-max-2023\/"]}]},{"@type":"ImageObject","inLanguage":"en-US","@id":"https:\/\/www.camac-harps.com\/blog\/en\/news\/harpes-au-max-2023\/#primaryimage","url":"https:\/\/www.camac-harps.com\/blog\/wp-content\/uploads\/sites\/27\/2023\/02\/harpesaumax.jpg","contentUrl":"https:\/\/www.camac-harps.com\/blog\/wp-content\/uploads\/sites\/27\/2023\/02\/harpesaumax.jpg","width":717,"height":717,"caption":"Harpes au Max 2023"},{"@type":"BreadcrumbList","@id":"https:\/\/www.camac-harps.com\/blog\/en\/news\/harpes-au-max-2023\/#breadcrumb","itemListElement":[{"@type":"ListItem","position":1,"name":"Home","item":"https:\/\/www.camac-harps.com\/blog\/en\/"},{"@type":"ListItem","position":2,"name":"Harpes au Max 2023"}]},{"@type":"WebSite","@id":"https:\/\/www.camac-harps.com\/blog\/en\/#website","url":"https:\/\/www.camac-harps.com\/blog\/en\/","name":"Camac Harps","description":"","potentialAction":[{"@type":"SearchAction","target":{"@type":"EntryPoint","urlTemplate":"https:\/\/www.camac-harps.com\/blog\/en\/?s={search_term_string}"},"query-input":{"@type":"PropertyValueSpecification","valueRequired":true,"valueName":"search_term_string"}}],"inLanguage":"en-US"},{"@type":"Person","@id":"https:\/\/www.camac-harps.com\/blog\/en\/#\/schema\/person\/59b9e6843c0338179fb914afaf144d22","name":"Helen Leitner","image":{"@type":"ImageObject","inLanguage":"en-US","@id":"https:\/\/www.camac-harps.com\/blog\/en\/#\/schema\/person\/image\/","url":"https:\/\/secure.gravatar.com\/avatar\/ebbebff931219cff4c2d1e25c3229b2e036693f67bf237fb12f452d7a019a6da?s=96&d=mm&r=g","contentUrl":"https:\/\/secure.gravatar.com\/avatar\/ebbebff931219cff4c2d1e25c3229b2e036693f67bf237fb12f452d7a019a6da?s=96&d=mm&r=g","caption":"Helen Leitner"},"url":"https:\/\/www.camac-harps.com\/blog\/en\/author\/ltnr\/"}]}},"_links":{"self":[{"href":"https:\/\/www.camac-harps.com\/blog\/en\/wp-json\/wp\/v2\/posts\/30543","targetHints":{"allow":["GET"]}}],"collection":[{"href":"https:\/\/www.camac-harps.com\/blog\/en\/wp-json\/wp\/v2\/posts"}],"about":[{"href":"https:\/\/www.camac-harps.com\/blog\/en\/wp-json\/wp\/v2\/types\/post"}],"author":[{"embeddable":true,"href":"https:\/\/www.camac-harps.com\/blog\/en\/wp-json\/wp\/v2\/users\/3"}],"replies":[{"embeddable":true,"href":"https:\/\/www.camac-harps.com\/blog\/en\/wp-json\/wp\/v2\/comments?post=30543"}],"version-history":[{"count":4,"href":"https:\/\/www.camac-harps.com\/blog\/en\/wp-json\/wp\/v2\/posts\/30543\/revisions"}],"predecessor-version":[{"id":30547,"href":"https:\/\/www.camac-harps.com\/blog\/en\/wp-json\/wp\/v2\/posts\/30543\/revisions\/30547"}],"wp:featuredmedia":[{"embeddable":true,"href":"https:\/\/www.camac-harps.com\/blog\/en\/wp-json\/wp\/v2\/media\/30530"}],"wp:attachment":[{"href":"https:\/\/www.camac-harps.com\/blog\/en\/wp-json\/wp\/v2\/media?parent=30543"}],"wp:term":[{"taxonomy":"category","embeddable":true,"href":"https:\/\/www.camac-harps.com\/blog\/en\/wp-json\/wp\/v2\/categories?post=30543"},{"taxonomy":"post_tag","embeddable":true,"href":"https:\/\/www.camac-harps.com\/blog\/en\/wp-json\/wp\/v2\/tags?post=30543"}],"curies":[{"name":"wp","href":"https:\/\/api.w.org\/{rel}","templated":true}]}}