{"id":30753,"date":"2023-10-10T11:08:22","date_gmt":"2023-10-10T09:08:22","guid":{"rendered":"https:\/\/www.camac-harps.com\/blog\/?p=30753"},"modified":"2023-10-25T17:46:56","modified_gmt":"2023-10-25T15:46:56","slug":"glowing-zagreb-the-glowing-harp-festival-comes-to-zagreb","status":"publish","type":"post","link":"https:\/\/www.camac-harps.com\/blog\/en\/news\/glowing-zagreb-the-glowing-harp-festival-comes-to-zagreb\/","title":{"rendered":"Glowing Zagreb: The Glowing Harp Festival comes to Zagreb"},"content":{"rendered":"<p class=\"p2\"><span class=\"s1\"><a href=\"https:\/\/glowingharp-ukraine.com\/en\/festivals\/festival-2023\/\">The 10th Zagreb International harp festival<\/a> will be taking place from 22-26 November 2023. This special event has been jointly organised by the Croatian association of harpists, HATHOR and\u00a0with the support of Camac Harps, under the leadership of festival artistic director Tajana Vukeli\u0107 Pei\u0107. The festival represents a collaboration with the <a href=\"https:\/\/glowingharp-ukraine.com\/en\/\">Ukrainian Glowing Harp Festival<\/a>, which (under the circumstances) is holding its present edition abroad this year.<\/span><\/p>\n<div id=\"attachment_30756\" class=\"wp-caption aligncenter\" style=\"width: 300px\"><img loading=\"lazy\" decoding=\"async\" class=\"size-medium wp-image-30756\" src=\"https:\/\/www.camac-harps.com\/blog\/wp-content\/uploads\/sites\/27\/2023\/10\/zagreb-kopyia-11-1536x995-1-300x194.jpg\" alt=\"The 10th Zagreb International harp festival, in conjunction with the Glowing Harp festival, will be taking place from 22-26 November 2023.\" width=\"300\" height=\"194\" srcset=\"https:\/\/www.camac-harps.com\/blog\/wp-content\/uploads\/sites\/27\/2023\/10\/zagreb-kopyia-11-1536x995-1-300x194.jpg 300w, https:\/\/www.camac-harps.com\/blog\/wp-content\/uploads\/sites\/27\/2023\/10\/zagreb-kopyia-11-1536x995-1-1024x663.jpg 1024w, https:\/\/www.camac-harps.com\/blog\/wp-content\/uploads\/sites\/27\/2023\/10\/zagreb-kopyia-11-1536x995-1-768x498.jpg 768w, https:\/\/www.camac-harps.com\/blog\/wp-content\/uploads\/sites\/27\/2023\/10\/zagreb-kopyia-11-1536x995-1-1000x648.jpg 1000w, https:\/\/www.camac-harps.com\/blog\/wp-content\/uploads\/sites\/27\/2023\/10\/zagreb-kopyia-11-1536x995-1-800x518.jpg 800w, https:\/\/www.camac-harps.com\/blog\/wp-content\/uploads\/sites\/27\/2023\/10\/zagreb-kopyia-11-1536x995-1-55x36.jpg 55w, https:\/\/www.camac-harps.com\/blog\/wp-content\/uploads\/sites\/27\/2023\/10\/zagreb-kopyia-11-1536x995-1-250x162.jpg 250w, https:\/\/www.camac-harps.com\/blog\/wp-content\/uploads\/sites\/27\/2023\/10\/zagreb-kopyia-11-1536x995-1-420x270.jpg 420w, https:\/\/www.camac-harps.com\/blog\/wp-content\/uploads\/sites\/27\/2023\/10\/zagreb-kopyia-11-1536x995-1.jpg 1536w\" sizes=\"auto, (max-width: 300px) 100vw, 300px\" \/><p class=\"wp-caption-text\">The 10th Zagreb International harp festival, in conjunction with the Glowing Harp festival, will be taking place from 22-26 November 2023.<\/p><\/div>\n<p class=\"p2\"><span class=\"s1\">Fittingly the festival will be based around a \u2018theme of synthesis in the arts\u2019, and is organised in collaboration with <i>Creative Europe <\/i>(the European Union\u2019s programme of cultural support).<\/span><\/p>\n<p class=\"p2\"><span class=\"s1\">Among performances from the Croatian contingent, we can announce a concert by the solo harpist of the Zagreb Philharmonic Orchestra, Mirjam Lu\u010dev Debani\u0107 with her colleagues from the orchestra : Martin Drau\u0161nik- (<i>concertmaster)<\/i> and Zita Drau\u0161nik (substitute solo cello). There will be a concert by Mirjana Kri\u0161kovi\u0107, solo harpist of the Croatian Radio Television National Orchestra, with trumpeter Maria Lon\u010dar (solo trumpet of the Zagreb Philharmonic Orchestra), and festival director Tajana Vukli\u0107 Pei\u0107 will give a concert Helena Bernarda Luci\u0107 \u0160ego, mezzo-soprano (soloist of the Croatian National Theatre, Zagreb)<\/span><\/p>\n<p class=\"p2\"><span class=\"s1\">Apart from performances by this host of homegrown talent, there will be concerts, workshops and masterclasses from international performers including Isabelle Moretti, Noelia Cotuna and <a href=\"https:\/\/manjasmits.com\/\">Manja Smits<\/a>. <a href=\"https:\/\/isabellemoretti.com\">Isabelle Moretti<\/a> will appear with the world-famous Zagreb soloists; there will be a special poignancy to this concert, as the Zagreb soloists celebrate their 70th anniversary, Moretti having performed as soloist on the occasion of their 50th anniversary, 20 years ago in Zagreb.<\/span><\/p>\n<div id=\"attachment_21696\" class=\"wp-caption alignleft\" style=\"width: 300px\"><img loading=\"lazy\" decoding=\"async\" class=\"size-medium wp-image-21696\" src=\"https:\/\/www.camac-harps.com\/blog\/wp-content\/uploads\/sites\/27\/2017\/10\/isabellemorettiphotoansonsiu-300x300.jpg\" alt=\"Isabelle Moretti \/ photo Anson Siu\" width=\"300\" height=\"300\" srcset=\"https:\/\/www.camac-harps.com\/blog\/wp-content\/uploads\/sites\/27\/2017\/10\/isabellemorettiphotoansonsiu-300x300.jpg 300w, https:\/\/www.camac-harps.com\/blog\/wp-content\/uploads\/sites\/27\/2017\/10\/isabellemorettiphotoansonsiu-800x800.jpg 800w, https:\/\/www.camac-harps.com\/blog\/wp-content\/uploads\/sites\/27\/2017\/10\/isabellemorettiphotoansonsiu-150x150.jpg 150w, https:\/\/www.camac-harps.com\/blog\/wp-content\/uploads\/sites\/27\/2017\/10\/isabellemorettiphotoansonsiu-768x768.jpg 768w, https:\/\/www.camac-harps.com\/blog\/wp-content\/uploads\/sites\/27\/2017\/10\/isabellemorettiphotoansonsiu-55x55.jpg 55w, https:\/\/www.camac-harps.com\/blog\/wp-content\/uploads\/sites\/27\/2017\/10\/isabellemorettiphotoansonsiu-250x250.jpg 250w, https:\/\/www.camac-harps.com\/blog\/wp-content\/uploads\/sites\/27\/2017\/10\/isabellemorettiphotoansonsiu.jpg 960w\" sizes=\"auto, (max-width: 300px) 100vw, 300px\" \/><p class=\"wp-caption-text\">Isabelle Moretti. Photo: Anson Siu<\/p><\/div>\n<p class=\"p2\"><span class=\"s1\">Naturally, there will also be an emphasis on showcasing the outstanding artistry of Ukrainian harpists, such as the inspirational <a href=\"https:\/\/www.camac-harps.com\/blog\/en\/news\/portrait-of-veronika-lemishenko\/\">Veronika Lemishenko<\/a>. Veronika is now harpist of the Croatian National Theater in Osijek (as well as being artistic director of the Glowing harp festival), Larysa Klievtsova-(manager of the Glowing harp festival),\u00a0 will also perform.<\/span><\/p>\n<p class=\"p2\"><span class=\"s1\">There will also be performances from promising young harpists including: Petra Bari\u0161i\u0107 &#8211; Croatia &#8211; Netherlands, Tara Franji\u0107 &#8211; Croatia &#8211; Slovenia, Viktoria Smetana &#8211; Ukraine &#8211; Netherlands, Yelyzaveta Rakovska &#8211; Ukraine &#8211; UK.\u00a0<\/span><\/p>\n<p><img loading=\"lazy\" decoding=\"async\" class=\"size-medium wp-image-1598 alignright\" src=\"https:\/\/www.camac-harps.com\/blog\/wp-content\/uploads\/sites\/27\/2015\/08\/11209670_10205762852783626_2969470209071959838_n-300x300.jpg\" alt=\"Veronika Lemishenko\" width=\"300\" height=\"300\" srcset=\"https:\/\/www.camac-harps.com\/blog\/wp-content\/uploads\/sites\/27\/2015\/08\/11209670_10205762852783626_2969470209071959838_n-300x300.jpg 300w, https:\/\/www.camac-harps.com\/blog\/wp-content\/uploads\/sites\/27\/2015\/08\/11209670_10205762852783626_2969470209071959838_n-800x800.jpg 800w, https:\/\/www.camac-harps.com\/blog\/wp-content\/uploads\/sites\/27\/2015\/08\/11209670_10205762852783626_2969470209071959838_n-150x150.jpg 150w, https:\/\/www.camac-harps.com\/blog\/wp-content\/uploads\/sites\/27\/2015\/08\/11209670_10205762852783626_2969470209071959838_n-768x768.jpg 768w, https:\/\/www.camac-harps.com\/blog\/wp-content\/uploads\/sites\/27\/2015\/08\/11209670_10205762852783626_2969470209071959838_n-55x55.jpg 55w, https:\/\/www.camac-harps.com\/blog\/wp-content\/uploads\/sites\/27\/2015\/08\/11209670_10205762852783626_2969470209071959838_n-250x250.jpg 250w, https:\/\/www.camac-harps.com\/blog\/wp-content\/uploads\/sites\/27\/2015\/08\/11209670_10205762852783626_2969470209071959838_n.jpg 960w\" sizes=\"auto, (max-width: 300px) 100vw, 300px\" \/><\/p>\n<p class=\"p2\"><span class=\"s1\">Tajana Vukeli\u0107 Pei\u0107 says\u201dwe are proud to present a festival of this scale\u00a0 and to\u00a0 have the opportunity to host our dear friends from Ukraine and the world. We are especially proud of the many educational events for young artists who have the opportunity to work with world-famous harpists.&#8221;<\/span><\/p>\n<p class=\"p2\">If you would like to attend or participate in any of the festival&#8217;s events, <a href=\"https:\/\/glowingharp-ukraine.com\/en\/festivals\/festival-2023\/?fbclid=PAAaar124URNX4rMsXKW0JpZjjmtAVbtUa5ZvYfEcXOSdRZLnZJYN0Y9k0QdY_aem_ARqJDav77KrMVXOoITPe6KdctW8mLJznej8R7z2EYTNnO3LaoNsGdCXZpe6MJPtbric\">you can find the full registration form and schedule here!<\/a><\/p>\n","protected":false},"excerpt":{"rendered":"<p>The 10th Zagreb International harp festival will be taking place from 22-26 November 2023. This special event has been jointly organised by the Croatian association of harpists, HATHOR and\u00a0with the support of Camac Harps, under the leadership of festival artistic director Tajana Vukeli\u0107 Pei\u0107. The festival represents a collaboration with the Ukrainian Glowing Harp Festival, which (under the circumstances) is holding its present edition abroad this year.<\/p>\n","protected":false},"author":11708,"featured_media":30756,"comment_status":"open","ping_status":"open","sticky":false,"template":"","format":"standard","meta":{"_acf_changed":false,"footnotes":""},"categories":[552],"tags":[],"class_list":["post-30753","post","type-post","status-publish","format-standard","has-post-thumbnail","hentry","category-news"],"acf":[],"yoast_head":"<title>Glowing Zagreb: The Glowing Harp Festival comes to Zagreb - Camac Harps<\/title>\n<meta name=\"description\" content=\"The 10th Zagreb International harp festival will present a collaboration with the Ukrainian Glowing Harp Festival.\" \/>\n<meta name=\"robots\" content=\"index, follow, max-snippet:-1, max-image-preview:large, max-video-preview:-1\" \/>\n<link rel=\"canonical\" href=\"https:\/\/www.camac-harps.com\/blog\/en\/news\/glowing-zagreb-the-glowing-harp-festival-comes-to-zagreb\/\" \/>\n<meta property=\"og:locale\" content=\"en_US\" \/>\n<meta property=\"og:type\" content=\"article\" \/>\n<meta property=\"og:title\" content=\"Glowing Zagreb: The Glowing Harp Festival comes to Zagreb - Camac Harps\" \/>\n<meta property=\"og:description\" content=\"The 10th Zagreb International harp festival will present a collaboration with the Ukrainian Glowing Harp Festival.\" \/>\n<meta property=\"og:url\" content=\"https:\/\/www.camac-harps.com\/blog\/en\/news\/glowing-zagreb-the-glowing-harp-festival-comes-to-zagreb\/\" \/>\n<meta property=\"og:site_name\" content=\"Camac Harps\" \/>\n<meta property=\"article:published_time\" content=\"2023-10-10T09:08:22+00:00\" \/>\n<meta property=\"article:modified_time\" content=\"2023-10-25T15:46:56+00:00\" \/>\n<meta property=\"og:image\" content=\"https:\/\/www.camac-harps.com\/blog\/wp-content\/uploads\/sites\/27\/2023\/10\/zagreb-kopyia-11-1536x995-1.jpg\" \/>\n\t<meta property=\"og:image:width\" content=\"1536\" \/>\n\t<meta property=\"og:image:height\" content=\"995\" \/>\n\t<meta property=\"og:image:type\" content=\"image\/jpeg\" \/>\n<meta name=\"author\" content=\"alexrider\" \/>\n<meta name=\"twitter:card\" content=\"summary_large_image\" \/>\n<meta name=\"twitter:label1\" content=\"Written by\" \/>\n\t<meta name=\"twitter:data1\" content=\"alexrider\" \/>\n\t<meta name=\"twitter:label2\" content=\"Est. reading time\" \/>\n\t<meta name=\"twitter:data2\" content=\"3 minutes\" \/>\n<script type=\"application\/ld+json\" class=\"yoast-schema-graph\">{\"@context\":\"https:\/\/schema.org\",\"@graph\":[{\"@type\":\"Article\",\"@id\":\"https:\/\/www.camac-harps.com\/blog\/en\/news\/glowing-zagreb-the-glowing-harp-festival-comes-to-zagreb\/#article\",\"isPartOf\":{\"@id\":\"https:\/\/www.camac-harps.com\/blog\/en\/news\/glowing-zagreb-the-glowing-harp-festival-comes-to-zagreb\/\"},\"author\":{\"name\":\"alexrider\",\"@id\":\"https:\/\/www.camac-harps.com\/blog\/en\/#\/schema\/person\/063699c28ac65abcf6a1aacf1103cbda\"},\"headline\":\"Glowing Zagreb: The Glowing Harp Festival comes to Zagreb\",\"datePublished\":\"2023-10-10T09:08:22+00:00\",\"dateModified\":\"2023-10-25T15:46:56+00:00\",\"mainEntityOfPage\":{\"@id\":\"https:\/\/www.camac-harps.com\/blog\/en\/news\/glowing-zagreb-the-glowing-harp-festival-comes-to-zagreb\/\"},\"wordCount\":471,\"commentCount\":0,\"image\":{\"@id\":\"https:\/\/www.camac-harps.com\/blog\/en\/news\/glowing-zagreb-the-glowing-harp-festival-comes-to-zagreb\/#primaryimage\"},\"thumbnailUrl\":\"https:\/\/www.camac-harps.com\/blog\/wp-content\/uploads\/sites\/27\/2023\/10\/zagreb-kopyia-11-1536x995-1.jpg\",\"articleSection\":[\"News\"],\"inLanguage\":\"en-US\",\"potentialAction\":[{\"@type\":\"CommentAction\",\"name\":\"Comment\",\"target\":[\"https:\/\/www.camac-harps.com\/blog\/en\/news\/glowing-zagreb-the-glowing-harp-festival-comes-to-zagreb\/#respond\"]}]},{\"@type\":\"WebPage\",\"@id\":\"https:\/\/www.camac-harps.com\/blog\/en\/news\/glowing-zagreb-the-glowing-harp-festival-comes-to-zagreb\/\",\"url\":\"https:\/\/www.camac-harps.com\/blog\/en\/news\/glowing-zagreb-the-glowing-harp-festival-comes-to-zagreb\/\",\"name\":\"Glowing Zagreb: The Glowing Harp Festival comes to Zagreb - Camac Harps\",\"isPartOf\":{\"@id\":\"https:\/\/www.camac-harps.com\/blog\/en\/#website\"},\"primaryImageOfPage\":{\"@id\":\"https:\/\/www.camac-harps.com\/blog\/en\/news\/glowing-zagreb-the-glowing-harp-festival-comes-to-zagreb\/#primaryimage\"},\"image\":{\"@id\":\"https:\/\/www.camac-harps.com\/blog\/en\/news\/glowing-zagreb-the-glowing-harp-festival-comes-to-zagreb\/#primaryimage\"},\"thumbnailUrl\":\"https:\/\/www.camac-harps.com\/blog\/wp-content\/uploads\/sites\/27\/2023\/10\/zagreb-kopyia-11-1536x995-1.jpg\",\"datePublished\":\"2023-10-10T09:08:22+00:00\",\"dateModified\":\"2023-10-25T15:46:56+00:00\",\"author\":{\"@id\":\"https:\/\/www.camac-harps.com\/blog\/en\/#\/schema\/person\/063699c28ac65abcf6a1aacf1103cbda\"},\"description\":\"The 10th Zagreb International harp festival will present a collaboration with the Ukrainian Glowing Harp Festival.\",\"breadcrumb\":{\"@id\":\"https:\/\/www.camac-harps.com\/blog\/en\/news\/glowing-zagreb-the-glowing-harp-festival-comes-to-zagreb\/#breadcrumb\"},\"inLanguage\":\"en-US\",\"potentialAction\":[{\"@type\":\"ReadAction\",\"target\":[\"https:\/\/www.camac-harps.com\/blog\/en\/news\/glowing-zagreb-the-glowing-harp-festival-comes-to-zagreb\/\"]}]},{\"@type\":\"ImageObject\",\"inLanguage\":\"en-US\",\"@id\":\"https:\/\/www.camac-harps.com\/blog\/en\/news\/glowing-zagreb-the-glowing-harp-festival-comes-to-zagreb\/#primaryimage\",\"url\":\"https:\/\/www.camac-harps.com\/blog\/wp-content\/uploads\/sites\/27\/2023\/10\/zagreb-kopyia-11-1536x995-1.jpg\",\"contentUrl\":\"https:\/\/www.camac-harps.com\/blog\/wp-content\/uploads\/sites\/27\/2023\/10\/zagreb-kopyia-11-1536x995-1.jpg\",\"width\":1536,\"height\":995,\"caption\":\"The 10th Zagreb International harp festival, in conjunction with the Glowing Harp festival, will be taking place from 22-26 November 2023.\"},{\"@type\":\"BreadcrumbList\",\"@id\":\"https:\/\/www.camac-harps.com\/blog\/en\/news\/glowing-zagreb-the-glowing-harp-festival-comes-to-zagreb\/#breadcrumb\",\"itemListElement\":[{\"@type\":\"ListItem\",\"position\":1,\"name\":\"Home\",\"item\":\"https:\/\/www.camac-harps.com\/blog\/en\/\"},{\"@type\":\"ListItem\",\"position\":2,\"name\":\"Glowing Zagreb: The Glowing Harp Festival comes to Zagreb\"}]},{\"@type\":\"WebSite\",\"@id\":\"https:\/\/www.camac-harps.com\/blog\/en\/#website\",\"url\":\"https:\/\/www.camac-harps.com\/blog\/en\/\",\"name\":\"Camac Harps\",\"description\":\"\",\"potentialAction\":[{\"@type\":\"SearchAction\",\"target\":{\"@type\":\"EntryPoint\",\"urlTemplate\":\"https:\/\/www.camac-harps.com\/blog\/en\/?s={search_term_string}\"},\"query-input\":{\"@type\":\"PropertyValueSpecification\",\"valueRequired\":true,\"valueName\":\"search_term_string\"}}],\"inLanguage\":\"en-US\"},{\"@type\":\"Person\",\"@id\":\"https:\/\/www.camac-harps.com\/blog\/en\/#\/schema\/person\/063699c28ac65abcf6a1aacf1103cbda\",\"name\":\"alexrider\",\"image\":{\"@type\":\"ImageObject\",\"inLanguage\":\"en-US\",\"@id\":\"https:\/\/www.camac-harps.com\/blog\/en\/#\/schema\/person\/image\/\",\"url\":\"https:\/\/secure.gravatar.com\/avatar\/ec8c53fa633da4d324cd5b269a0d07c1b692e75ed685d57a578c7207127db0f4?s=96&d=mm&r=g\",\"contentUrl\":\"https:\/\/secure.gravatar.com\/avatar\/ec8c53fa633da4d324cd5b269a0d07c1b692e75ed685d57a578c7207127db0f4?s=96&d=mm&r=g\",\"caption\":\"alexrider\"},\"url\":\"https:\/\/www.camac-harps.com\/blog\/en\/author\/alexrider\/\"}]}<\/script>","yoast_head_json":{"title":"Glowing Zagreb: The Glowing Harp Festival comes to Zagreb - Camac Harps","description":"The 10th Zagreb International harp festival will present a collaboration with the Ukrainian Glowing Harp Festival.","robots":{"index":"index","follow":"follow","max-snippet":"max-snippet:-1","max-image-preview":"max-image-preview:large","max-video-preview":"max-video-preview:-1"},"canonical":"https:\/\/www.camac-harps.com\/blog\/en\/news\/glowing-zagreb-the-glowing-harp-festival-comes-to-zagreb\/","og_locale":"en_US","og_type":"article","og_title":"Glowing Zagreb: The Glowing Harp Festival comes to Zagreb - Camac Harps","og_description":"The 10th Zagreb International harp festival will present a collaboration with the Ukrainian Glowing Harp Festival.","og_url":"https:\/\/www.camac-harps.com\/blog\/en\/news\/glowing-zagreb-the-glowing-harp-festival-comes-to-zagreb\/","og_site_name":"Camac Harps","article_published_time":"2023-10-10T09:08:22+00:00","article_modified_time":"2023-10-25T15:46:56+00:00","og_image":[{"width":1536,"height":995,"url":"https:\/\/www.camac-harps.com\/blog\/wp-content\/uploads\/sites\/27\/2023\/10\/zagreb-kopyia-11-1536x995-1.jpg","type":"image\/jpeg"}],"author":"alexrider","twitter_card":"summary_large_image","twitter_misc":{"Written by":"alexrider","Est. reading time":"3 minutes"},"schema":{"@context":"https:\/\/schema.org","@graph":[{"@type":"Article","@id":"https:\/\/www.camac-harps.com\/blog\/en\/news\/glowing-zagreb-the-glowing-harp-festival-comes-to-zagreb\/#article","isPartOf":{"@id":"https:\/\/www.camac-harps.com\/blog\/en\/news\/glowing-zagreb-the-glowing-harp-festival-comes-to-zagreb\/"},"author":{"name":"alexrider","@id":"https:\/\/www.camac-harps.com\/blog\/en\/#\/schema\/person\/063699c28ac65abcf6a1aacf1103cbda"},"headline":"Glowing Zagreb: The Glowing Harp Festival comes to Zagreb","datePublished":"2023-10-10T09:08:22+00:00","dateModified":"2023-10-25T15:46:56+00:00","mainEntityOfPage":{"@id":"https:\/\/www.camac-harps.com\/blog\/en\/news\/glowing-zagreb-the-glowing-harp-festival-comes-to-zagreb\/"},"wordCount":471,"commentCount":0,"image":{"@id":"https:\/\/www.camac-harps.com\/blog\/en\/news\/glowing-zagreb-the-glowing-harp-festival-comes-to-zagreb\/#primaryimage"},"thumbnailUrl":"https:\/\/www.camac-harps.com\/blog\/wp-content\/uploads\/sites\/27\/2023\/10\/zagreb-kopyia-11-1536x995-1.jpg","articleSection":["News"],"inLanguage":"en-US","potentialAction":[{"@type":"CommentAction","name":"Comment","target":["https:\/\/www.camac-harps.com\/blog\/en\/news\/glowing-zagreb-the-glowing-harp-festival-comes-to-zagreb\/#respond"]}]},{"@type":"WebPage","@id":"https:\/\/www.camac-harps.com\/blog\/en\/news\/glowing-zagreb-the-glowing-harp-festival-comes-to-zagreb\/","url":"https:\/\/www.camac-harps.com\/blog\/en\/news\/glowing-zagreb-the-glowing-harp-festival-comes-to-zagreb\/","name":"Glowing Zagreb: The Glowing Harp Festival comes to Zagreb - Camac Harps","isPartOf":{"@id":"https:\/\/www.camac-harps.com\/blog\/en\/#website"},"primaryImageOfPage":{"@id":"https:\/\/www.camac-harps.com\/blog\/en\/news\/glowing-zagreb-the-glowing-harp-festival-comes-to-zagreb\/#primaryimage"},"image":{"@id":"https:\/\/www.camac-harps.com\/blog\/en\/news\/glowing-zagreb-the-glowing-harp-festival-comes-to-zagreb\/#primaryimage"},"thumbnailUrl":"https:\/\/www.camac-harps.com\/blog\/wp-content\/uploads\/sites\/27\/2023\/10\/zagreb-kopyia-11-1536x995-1.jpg","datePublished":"2023-10-10T09:08:22+00:00","dateModified":"2023-10-25T15:46:56+00:00","author":{"@id":"https:\/\/www.camac-harps.com\/blog\/en\/#\/schema\/person\/063699c28ac65abcf6a1aacf1103cbda"},"description":"The 10th Zagreb International harp festival will present a collaboration with the Ukrainian Glowing Harp Festival.","breadcrumb":{"@id":"https:\/\/www.camac-harps.com\/blog\/en\/news\/glowing-zagreb-the-glowing-harp-festival-comes-to-zagreb\/#breadcrumb"},"inLanguage":"en-US","potentialAction":[{"@type":"ReadAction","target":["https:\/\/www.camac-harps.com\/blog\/en\/news\/glowing-zagreb-the-glowing-harp-festival-comes-to-zagreb\/"]}]},{"@type":"ImageObject","inLanguage":"en-US","@id":"https:\/\/www.camac-harps.com\/blog\/en\/news\/glowing-zagreb-the-glowing-harp-festival-comes-to-zagreb\/#primaryimage","url":"https:\/\/www.camac-harps.com\/blog\/wp-content\/uploads\/sites\/27\/2023\/10\/zagreb-kopyia-11-1536x995-1.jpg","contentUrl":"https:\/\/www.camac-harps.com\/blog\/wp-content\/uploads\/sites\/27\/2023\/10\/zagreb-kopyia-11-1536x995-1.jpg","width":1536,"height":995,"caption":"The 10th Zagreb International harp festival, in conjunction with the Glowing Harp festival, will be taking place from 22-26 November 2023."},{"@type":"BreadcrumbList","@id":"https:\/\/www.camac-harps.com\/blog\/en\/news\/glowing-zagreb-the-glowing-harp-festival-comes-to-zagreb\/#breadcrumb","itemListElement":[{"@type":"ListItem","position":1,"name":"Home","item":"https:\/\/www.camac-harps.com\/blog\/en\/"},{"@type":"ListItem","position":2,"name":"Glowing Zagreb: The Glowing Harp Festival comes to Zagreb"}]},{"@type":"WebSite","@id":"https:\/\/www.camac-harps.com\/blog\/en\/#website","url":"https:\/\/www.camac-harps.com\/blog\/en\/","name":"Camac Harps","description":"","potentialAction":[{"@type":"SearchAction","target":{"@type":"EntryPoint","urlTemplate":"https:\/\/www.camac-harps.com\/blog\/en\/?s={search_term_string}"},"query-input":{"@type":"PropertyValueSpecification","valueRequired":true,"valueName":"search_term_string"}}],"inLanguage":"en-US"},{"@type":"Person","@id":"https:\/\/www.camac-harps.com\/blog\/en\/#\/schema\/person\/063699c28ac65abcf6a1aacf1103cbda","name":"alexrider","image":{"@type":"ImageObject","inLanguage":"en-US","@id":"https:\/\/www.camac-harps.com\/blog\/en\/#\/schema\/person\/image\/","url":"https:\/\/secure.gravatar.com\/avatar\/ec8c53fa633da4d324cd5b269a0d07c1b692e75ed685d57a578c7207127db0f4?s=96&d=mm&r=g","contentUrl":"https:\/\/secure.gravatar.com\/avatar\/ec8c53fa633da4d324cd5b269a0d07c1b692e75ed685d57a578c7207127db0f4?s=96&d=mm&r=g","caption":"alexrider"},"url":"https:\/\/www.camac-harps.com\/blog\/en\/author\/alexrider\/"}]}},"_links":{"self":[{"href":"https:\/\/www.camac-harps.com\/blog\/en\/wp-json\/wp\/v2\/posts\/30753","targetHints":{"allow":["GET"]}}],"collection":[{"href":"https:\/\/www.camac-harps.com\/blog\/en\/wp-json\/wp\/v2\/posts"}],"about":[{"href":"https:\/\/www.camac-harps.com\/blog\/en\/wp-json\/wp\/v2\/types\/post"}],"author":[{"embeddable":true,"href":"https:\/\/www.camac-harps.com\/blog\/en\/wp-json\/wp\/v2\/users\/11708"}],"replies":[{"embeddable":true,"href":"https:\/\/www.camac-harps.com\/blog\/en\/wp-json\/wp\/v2\/comments?post=30753"}],"version-history":[{"count":5,"href":"https:\/\/www.camac-harps.com\/blog\/en\/wp-json\/wp\/v2\/posts\/30753\/revisions"}],"predecessor-version":[{"id":30769,"href":"https:\/\/www.camac-harps.com\/blog\/en\/wp-json\/wp\/v2\/posts\/30753\/revisions\/30769"}],"wp:featuredmedia":[{"embeddable":true,"href":"https:\/\/www.camac-harps.com\/blog\/en\/wp-json\/wp\/v2\/media\/30756"}],"wp:attachment":[{"href":"https:\/\/www.camac-harps.com\/blog\/en\/wp-json\/wp\/v2\/media?parent=30753"}],"wp:term":[{"taxonomy":"category","embeddable":true,"href":"https:\/\/www.camac-harps.com\/blog\/en\/wp-json\/wp\/v2\/categories?post=30753"},{"taxonomy":"post_tag","embeddable":true,"href":"https:\/\/www.camac-harps.com\/blog\/en\/wp-json\/wp\/v2\/tags?post=30753"}],"curies":[{"name":"wp","href":"https:\/\/api.w.org\/{rel}","templated":true}]}}