{"id":31412,"date":"2024-10-24T10:58:23","date_gmt":"2024-10-24T08:58:23","guid":{"rendered":"https:\/\/www.camac-harps.com\/blog\/?p=31412"},"modified":"2024-11-01T12:22:59","modified_gmt":"2024-11-01T10:22:59","slug":"autumn-in-antibes","status":"publish","type":"post","link":"https:\/\/www.camac-harps.com\/blog\/en\/news\/autumn-in-antibes\/","title":{"rendered":"Autumn in Antibes"},"content":{"rendered":"<p><span style=\"font-weight: 400;\">We have received these delightful photographic souvenirs of our festival in Antibes. We received the most wonderful welcome from the Conservatoire de musique et d\u2019art dramatique d\u2019Antibes Juan-les-Pins, in their stunning building, kindly facilitated by director No\u00ebl Bianchini.<\/span><\/p>\n<p><span style=\"font-weight: 400;\">There was so much packed into these three short days, but seeing these beautiful pictures is the ideal opportunity to relive some highlights: at our exhibition, we\u00a0 launched our brand new lever harp LANCELOT. A totally new design, and the successor to our iconic Korrigan harp, this harp sets the standard to gut-strung lever harps.<\/span><\/p>\n<p>&nbsp;<\/p>\n<div id=\"attachment_31424\" class=\"wp-caption aligncenter\" style=\"width: 1024px\"><img loading=\"lazy\" decoding=\"async\" class=\"wp-image-31424 size-large\" src=\"https:\/\/www.camac-harps.com\/blog\/wp-content\/uploads\/sites\/27\/2024\/10\/exhibit-2--cedric-de-bruyn.j-1024x683.jpg\" alt=\"\" width=\"1024\" height=\"683\" srcset=\"https:\/\/www.camac-harps.com\/blog\/wp-content\/uploads\/sites\/27\/2024\/10\/exhibit-2--cedric-de-bruyn.j-1024x683.jpg 1024w, https:\/\/www.camac-harps.com\/blog\/wp-content\/uploads\/sites\/27\/2024\/10\/exhibit-2--cedric-de-bruyn.j-300x200.jpg 300w, https:\/\/www.camac-harps.com\/blog\/wp-content\/uploads\/sites\/27\/2024\/10\/exhibit-2--cedric-de-bruyn.j-768x512.jpg 768w, https:\/\/www.camac-harps.com\/blog\/wp-content\/uploads\/sites\/27\/2024\/10\/exhibit-2--cedric-de-bruyn.j-1536x1024.jpg 1536w, https:\/\/www.camac-harps.com\/blog\/wp-content\/uploads\/sites\/27\/2024\/10\/exhibit-2--cedric-de-bruyn.j-1000x667.jpg 1000w, https:\/\/www.camac-harps.com\/blog\/wp-content\/uploads\/sites\/27\/2024\/10\/exhibit-2--cedric-de-bruyn.j-800x533.jpg 800w, https:\/\/www.camac-harps.com\/blog\/wp-content\/uploads\/sites\/27\/2024\/10\/exhibit-2--cedric-de-bruyn.j-55x37.jpg 55w, https:\/\/www.camac-harps.com\/blog\/wp-content\/uploads\/sites\/27\/2024\/10\/exhibit-2--cedric-de-bruyn.j-250x167.jpg 250w, https:\/\/www.camac-harps.com\/blog\/wp-content\/uploads\/sites\/27\/2024\/10\/exhibit-2--cedric-de-bruyn.j.jpg 2048w\" sizes=\"auto, (max-width: 1024px) 100vw, 1024px\" \/><p class=\"wp-caption-text\">Our exhibtion at Antibes \u00a9 Cedric DE BRUYN<\/p><\/div>\n<p>&nbsp;<\/p>\n<p><span style=\"font-weight: 400;\">The opening night\u00a0 was preluded by a delightful flashmob harp ensemble in honour of our president Jakez Fran\u00e7ois, and masterminded by professor of harp and our brilliant co-organiser, Magali Pyka de Coster.<\/span><\/p>\n<p>&nbsp;<\/p>\n<div id=\"attachment_31442\" class=\"wp-caption aligncenter\" style=\"width: 1024px\"><img loading=\"lazy\" decoding=\"async\" class=\"wp-image-31442 size-large\" src=\"https:\/\/www.camac-harps.com\/blog\/wp-content\/uploads\/sites\/27\/2024\/10\/jakez--cedric-de-bruyn.j-1024x683.jpg\" alt=\"Camac president Jakez Fran\u00e7ois introduces Shamim Minoo\" width=\"1024\" height=\"683\" srcset=\"https:\/\/www.camac-harps.com\/blog\/wp-content\/uploads\/sites\/27\/2024\/10\/jakez--cedric-de-bruyn.j-1024x683.jpg 1024w, https:\/\/www.camac-harps.com\/blog\/wp-content\/uploads\/sites\/27\/2024\/10\/jakez--cedric-de-bruyn.j-300x200.jpg 300w, https:\/\/www.camac-harps.com\/blog\/wp-content\/uploads\/sites\/27\/2024\/10\/jakez--cedric-de-bruyn.j-768x512.jpg 768w, https:\/\/www.camac-harps.com\/blog\/wp-content\/uploads\/sites\/27\/2024\/10\/jakez--cedric-de-bruyn.j-1536x1024.jpg 1536w, https:\/\/www.camac-harps.com\/blog\/wp-content\/uploads\/sites\/27\/2024\/10\/jakez--cedric-de-bruyn.j-1000x667.jpg 1000w, https:\/\/www.camac-harps.com\/blog\/wp-content\/uploads\/sites\/27\/2024\/10\/jakez--cedric-de-bruyn.j-800x533.jpg 800w, https:\/\/www.camac-harps.com\/blog\/wp-content\/uploads\/sites\/27\/2024\/10\/jakez--cedric-de-bruyn.j-55x37.jpg 55w, https:\/\/www.camac-harps.com\/blog\/wp-content\/uploads\/sites\/27\/2024\/10\/jakez--cedric-de-bruyn.j-250x167.jpg 250w, https:\/\/www.camac-harps.com\/blog\/wp-content\/uploads\/sites\/27\/2024\/10\/jakez--cedric-de-bruyn.j.jpg 2048w\" sizes=\"auto, (max-width: 1024px) 100vw, 1024px\" \/><p class=\"wp-caption-text\">Camac president Jakez Fran\u00e7ois introduces Shamim Minoo \u00a9 Cedric DE BRUYN<\/p><\/div>\n<p>&nbsp;<\/p>\n<p><span style=\"font-weight: 400;\">There followed a ravishing recital by Shamim Minoo who treated us to her enchanting interpretations of music by Tailleferre, Scarlatti, Posse and Faur\u00e9. The audience was touched by her musicianship and her integrity, exemplified by her detailed and mature interpretation.<\/span><\/p>\n<p><span style=\"font-weight: 400;\">\u00a0<\/span><\/p>\n<div id=\"attachment_31462\" class=\"wp-caption aligncenter\" style=\"width: 1024px\"><img loading=\"lazy\" decoding=\"async\" class=\"wp-image-31462 size-large\" src=\"https:\/\/www.camac-harps.com\/blog\/wp-content\/uploads\/sites\/27\/2024\/10\/shamim-minoo-2-cedric-de-bruyn.j-1024x683.jpg\" alt=\"Shamim_MINOO\" width=\"1024\" height=\"683\" srcset=\"https:\/\/www.camac-harps.com\/blog\/wp-content\/uploads\/sites\/27\/2024\/10\/shamim-minoo-2-cedric-de-bruyn.j-1024x683.jpg 1024w, https:\/\/www.camac-harps.com\/blog\/wp-content\/uploads\/sites\/27\/2024\/10\/shamim-minoo-2-cedric-de-bruyn.j-300x200.jpg 300w, https:\/\/www.camac-harps.com\/blog\/wp-content\/uploads\/sites\/27\/2024\/10\/shamim-minoo-2-cedric-de-bruyn.j-768x512.jpg 768w, https:\/\/www.camac-harps.com\/blog\/wp-content\/uploads\/sites\/27\/2024\/10\/shamim-minoo-2-cedric-de-bruyn.j-1536x1024.jpg 1536w, https:\/\/www.camac-harps.com\/blog\/wp-content\/uploads\/sites\/27\/2024\/10\/shamim-minoo-2-cedric-de-bruyn.j-1000x667.jpg 1000w, https:\/\/www.camac-harps.com\/blog\/wp-content\/uploads\/sites\/27\/2024\/10\/shamim-minoo-2-cedric-de-bruyn.j-800x533.jpg 800w, https:\/\/www.camac-harps.com\/blog\/wp-content\/uploads\/sites\/27\/2024\/10\/shamim-minoo-2-cedric-de-bruyn.j-55x37.jpg 55w, https:\/\/www.camac-harps.com\/blog\/wp-content\/uploads\/sites\/27\/2024\/10\/shamim-minoo-2-cedric-de-bruyn.j-250x167.jpg 250w, https:\/\/www.camac-harps.com\/blog\/wp-content\/uploads\/sites\/27\/2024\/10\/shamim-minoo-2-cedric-de-bruyn.j.jpg 2048w\" sizes=\"auto, (max-width: 1024px) 100vw, 1024px\" \/><p class=\"wp-caption-text\">Shamim Minoo giving her captivating opening night performance \u00a9Cedric DE BRUYN<\/p><\/div>\n<p>&nbsp;<\/p>\n<p><span style=\"font-weight: 400;\">In the second half, the duo of Catrin Finch and Aoife N\u00ec Bahrain brought the audience to its feet with their diverse and totally unique programming of original music as well as the Saint-Sa\u00ebns Fantaisie- just to finish off. It was a source of pride and admiration for us to witness the force of Catrin\u2019s mastery on our red Jubilee harp. Such was the quality and quantity of Catrin\u2019s tone one audience member exclaimed \u201c You made the harp sound\u201d.<\/span><\/p>\n<p>&nbsp;<\/p>\n<div id=\"attachment_31416\" class=\"wp-caption aligncenter\" style=\"width: 1024px\"><img loading=\"lazy\" decoding=\"async\" class=\"wp-image-31416 size-large\" src=\"https:\/\/www.camac-harps.com\/blog\/wp-content\/uploads\/sites\/27\/2024\/10\/catrin-finch-aoife-ni-bhriaincedric-de-bruyn.2-1024x683.jpg\" alt=\"Catrin Finch and Aoife N\u00ec Bhriain \" width=\"1024\" height=\"683\" srcset=\"https:\/\/www.camac-harps.com\/blog\/wp-content\/uploads\/sites\/27\/2024\/10\/catrin-finch-aoife-ni-bhriaincedric-de-bruyn.2-1024x683.jpg 1024w, https:\/\/www.camac-harps.com\/blog\/wp-content\/uploads\/sites\/27\/2024\/10\/catrin-finch-aoife-ni-bhriaincedric-de-bruyn.2-300x200.jpg 300w, https:\/\/www.camac-harps.com\/blog\/wp-content\/uploads\/sites\/27\/2024\/10\/catrin-finch-aoife-ni-bhriaincedric-de-bruyn.2-768x512.jpg 768w, https:\/\/www.camac-harps.com\/blog\/wp-content\/uploads\/sites\/27\/2024\/10\/catrin-finch-aoife-ni-bhriaincedric-de-bruyn.2-1536x1024.jpg 1536w, https:\/\/www.camac-harps.com\/blog\/wp-content\/uploads\/sites\/27\/2024\/10\/catrin-finch-aoife-ni-bhriaincedric-de-bruyn.2-1000x667.jpg 1000w, https:\/\/www.camac-harps.com\/blog\/wp-content\/uploads\/sites\/27\/2024\/10\/catrin-finch-aoife-ni-bhriaincedric-de-bruyn.2-800x533.jpg 800w, https:\/\/www.camac-harps.com\/blog\/wp-content\/uploads\/sites\/27\/2024\/10\/catrin-finch-aoife-ni-bhriaincedric-de-bruyn.2-55x37.jpg 55w, https:\/\/www.camac-harps.com\/blog\/wp-content\/uploads\/sites\/27\/2024\/10\/catrin-finch-aoife-ni-bhriaincedric-de-bruyn.2-250x167.jpg 250w, https:\/\/www.camac-harps.com\/blog\/wp-content\/uploads\/sites\/27\/2024\/10\/catrin-finch-aoife-ni-bhriaincedric-de-bruyn.2.jpg 2048w\" sizes=\"auto, (max-width: 1024px) 100vw, 1024px\" \/><p class=\"wp-caption-text\">Catrin Finch and Aoife N\u00ec Bhriain \u00a9Cedric DE BRUYN<\/p><\/div>\n<p>&nbsp;<\/p>\n<p><span style=\"font-weight: 400;\">Our second day began with a thrilling workshop from Adriano Sangineto; those who took part gained insights on playing new tunes by ear, on-the-spot arranging and rhythmic bass motifs in a class that also required quite a bit of singing and dancing! Adriano is the perfect workshop leader: he is inspirational, humorous, creative\u00a0 and absolutely tireless in his determination to transmit knowledge and skills to participants.<\/span><\/p>\n<div id=\"attachment_31428\" class=\"wp-caption aligncenter\" style=\"width: 1024px\"><img loading=\"lazy\" decoding=\"async\" class=\"wp-image-31428 size-large\" src=\"https:\/\/www.camac-harps.com\/blog\/wp-content\/uploads\/sites\/27\/2024\/10\/flashmob-2-cedric-de-bruyn.j-1024x683.jpg\" alt=\"Young flashmob participans try our new Lancelot harp! \u00a9 Cedric DE BRUYN\" width=\"1024\" height=\"683\" srcset=\"https:\/\/www.camac-harps.com\/blog\/wp-content\/uploads\/sites\/27\/2024\/10\/flashmob-2-cedric-de-bruyn.j-1024x683.jpg 1024w, https:\/\/www.camac-harps.com\/blog\/wp-content\/uploads\/sites\/27\/2024\/10\/flashmob-2-cedric-de-bruyn.j-300x200.jpg 300w, https:\/\/www.camac-harps.com\/blog\/wp-content\/uploads\/sites\/27\/2024\/10\/flashmob-2-cedric-de-bruyn.j-768x512.jpg 768w, https:\/\/www.camac-harps.com\/blog\/wp-content\/uploads\/sites\/27\/2024\/10\/flashmob-2-cedric-de-bruyn.j-1536x1024.jpg 1536w, https:\/\/www.camac-harps.com\/blog\/wp-content\/uploads\/sites\/27\/2024\/10\/flashmob-2-cedric-de-bruyn.j-1000x667.jpg 1000w, https:\/\/www.camac-harps.com\/blog\/wp-content\/uploads\/sites\/27\/2024\/10\/flashmob-2-cedric-de-bruyn.j-800x533.jpg 800w, https:\/\/www.camac-harps.com\/blog\/wp-content\/uploads\/sites\/27\/2024\/10\/flashmob-2-cedric-de-bruyn.j-55x37.jpg 55w, https:\/\/www.camac-harps.com\/blog\/wp-content\/uploads\/sites\/27\/2024\/10\/flashmob-2-cedric-de-bruyn.j-250x167.jpg 250w, https:\/\/www.camac-harps.com\/blog\/wp-content\/uploads\/sites\/27\/2024\/10\/flashmob-2-cedric-de-bruyn.j.jpg 2048w\" sizes=\"auto, (max-width: 1024px) 100vw, 1024px\" \/><p class=\"wp-caption-text\">Young flashmob participants try our new Lancelot harp! \u00a9 Cedric DE BRUYN<\/p><\/div>\n<p><span style=\"font-weight: 400;\">In the afternoon number of advanced pupils had the good fortune to have an in depth masterclass with Isabelle Perrin, who transmitted knowledge with her usual warmth, flair and extraordinary eye for detail; the characteristics for which she is an acknowledged master teacher on the global scene, and as a leading exponent of the French school of the harp.<\/span><\/p>\n<p><span style=\"font-weight: 400;\">Across the hall, we increased our learning with Patrick Barbier (Catholic University of Angers), who presented his new book: Marie Antoinette et la Musique. With humour, warmth and\u00a0 astonishing erudition, Patrick evoked the sweep of Marie Antoinette\u2019s world, and the place of music (and the harp) within it.<\/span><\/p>\n<p>&nbsp;<\/p>\n<div id=\"attachment_31422\" class=\"wp-caption aligncenter\" style=\"width: 1024px\"><img loading=\"lazy\" decoding=\"async\" class=\"wp-image-31422 size-large\" src=\"https:\/\/www.camac-harps.com\/blog\/wp-content\/uploads\/sites\/27\/2024\/10\/exhbition-cedric-de-bruyn--1024x683.jpg\" alt=\"Harp_Exhbition_Antibes\" width=\"1024\" height=\"683\" srcset=\"https:\/\/www.camac-harps.com\/blog\/wp-content\/uploads\/sites\/27\/2024\/10\/exhbition-cedric-de-bruyn--1024x683.jpg 1024w, https:\/\/www.camac-harps.com\/blog\/wp-content\/uploads\/sites\/27\/2024\/10\/exhbition-cedric-de-bruyn--300x200.jpg 300w, https:\/\/www.camac-harps.com\/blog\/wp-content\/uploads\/sites\/27\/2024\/10\/exhbition-cedric-de-bruyn--768x512.jpg 768w, https:\/\/www.camac-harps.com\/blog\/wp-content\/uploads\/sites\/27\/2024\/10\/exhbition-cedric-de-bruyn--1536x1024.jpg 1536w, https:\/\/www.camac-harps.com\/blog\/wp-content\/uploads\/sites\/27\/2024\/10\/exhbition-cedric-de-bruyn--1000x667.jpg 1000w, https:\/\/www.camac-harps.com\/blog\/wp-content\/uploads\/sites\/27\/2024\/10\/exhbition-cedric-de-bruyn--800x533.jpg 800w, https:\/\/www.camac-harps.com\/blog\/wp-content\/uploads\/sites\/27\/2024\/10\/exhbition-cedric-de-bruyn--55x37.jpg 55w, https:\/\/www.camac-harps.com\/blog\/wp-content\/uploads\/sites\/27\/2024\/10\/exhbition-cedric-de-bruyn--250x167.jpg 250w, https:\/\/www.camac-harps.com\/blog\/wp-content\/uploads\/sites\/27\/2024\/10\/exhbition-cedric-de-bruyn-.jpg 2048w\" sizes=\"auto, (max-width: 1024px) 100vw, 1024px\" \/><p class=\"wp-caption-text\">Our Exhbition at Antibes \u00a9 Cedric DE BRUYN<\/p><\/div>\n<p>&nbsp;<\/p>\n<p><span style=\"font-weight: 400;\">All of our concerts were completely packed, and the second evening was no exception: Duo Bisiad began proceedings with the rhythmical, hypnotic textures of their combined Celtic harps and voices. In the second part,\u00a0 Adriano and his wonderful ensemble brought us a piece of Italy with a surprising, heart-warming repertoire of Italian folk music which seemed to combine the medieval with life-affirming pop. In this concert which combined the ethereal and the ecstatic, the audience was totally spellbound.<\/span><\/p>\n<p><span style=\"font-weight: 400;\">After all that harping, we\u00a0 had to eat of course\u2026 and we were treated to a marvellous dinner at the restaurant Sophocle. But of course, we needed music, and Anna Boulic obliged us with a set of her Australian blues. By turns hilariarous, seductive and heart-rending. A truly special performer and a consummate professional.\u00a0<\/span><\/p>\n<p><span style=\"font-weight: 400;\">While all the concerts were sold out, the final concert : around the world in 80 harpists outdid itself in being MORE than sold out, and having to be streamed in the projection room so that everyone could hear it; lucky that the conservatoire is thus equipped! 156 young participants from all the conservatoires of the region took place in a programme that took in traditional music, jazz, Indian raga, ABBA, and even an appearance from Beetle Juice!<\/span><\/p>\n<p>&nbsp;<\/p>\n<div id=\"attachment_31430\" class=\"wp-caption aligncenter\" style=\"width: 1024px\"><img loading=\"lazy\" decoding=\"async\" class=\"wp-image-31430 size-large\" src=\"https:\/\/www.camac-harps.com\/blog\/wp-content\/uploads\/sites\/27\/2024\/10\/harp-ensemble-antibes-cedric-de-bruyn.2-1024x683.jpg\" alt=\"Around the World in 80 Harpists\" width=\"1024\" height=\"683\" srcset=\"https:\/\/www.camac-harps.com\/blog\/wp-content\/uploads\/sites\/27\/2024\/10\/harp-ensemble-antibes-cedric-de-bruyn.2-1024x683.jpg 1024w, https:\/\/www.camac-harps.com\/blog\/wp-content\/uploads\/sites\/27\/2024\/10\/harp-ensemble-antibes-cedric-de-bruyn.2-300x200.jpg 300w, https:\/\/www.camac-harps.com\/blog\/wp-content\/uploads\/sites\/27\/2024\/10\/harp-ensemble-antibes-cedric-de-bruyn.2-768x512.jpg 768w, https:\/\/www.camac-harps.com\/blog\/wp-content\/uploads\/sites\/27\/2024\/10\/harp-ensemble-antibes-cedric-de-bruyn.2-1536x1024.jpg 1536w, https:\/\/www.camac-harps.com\/blog\/wp-content\/uploads\/sites\/27\/2024\/10\/harp-ensemble-antibes-cedric-de-bruyn.2-1000x667.jpg 1000w, https:\/\/www.camac-harps.com\/blog\/wp-content\/uploads\/sites\/27\/2024\/10\/harp-ensemble-antibes-cedric-de-bruyn.2-800x533.jpg 800w, https:\/\/www.camac-harps.com\/blog\/wp-content\/uploads\/sites\/27\/2024\/10\/harp-ensemble-antibes-cedric-de-bruyn.2-55x37.jpg 55w, https:\/\/www.camac-harps.com\/blog\/wp-content\/uploads\/sites\/27\/2024\/10\/harp-ensemble-antibes-cedric-de-bruyn.2-250x167.jpg 250w, https:\/\/www.camac-harps.com\/blog\/wp-content\/uploads\/sites\/27\/2024\/10\/harp-ensemble-antibes-cedric-de-bruyn.2.jpg 2048w\" sizes=\"auto, (max-width: 1024px) 100vw, 1024px\" \/><p class=\"wp-caption-text\">Around the World in 80 Harpists \u00a9Cedric DE BRUYN<\/p><\/div>\n<p><span style=\"font-weight: 400;\">We are deeply grateful for the participation of the harp classes of Antibes (Magali Pyka de Coster), Aix-en-Provence (Nora Lamoureux), Cannes (C\u00e9cile Maudire and Megan Methney), Grasse (Alessandra Magrini), Nice (Nathalie Lebrun and Agn\u00e8s B\u00e9rard), Mandelieu (Mutsuko Uematsu), Marseille (Camille Roux), Monaco (No\u00eblle Fichou-V\u00e9ra), Toulon (Elodie Adler), Tourettes (Emeline Chatelin), St-Laurent-du-Var and Villeneuve-Loubet (Aur\u00e9lie Ellul Ricci) and St-Rapha\u00ebl and Draguignan (Tha\u00efs Duhautois).\u00a0<\/span><\/p>\n<p>&nbsp;<\/p>\n<div id=\"attachment_31444\" class=\"wp-caption aligncenter\" style=\"width: 1024px\"><img loading=\"lazy\" decoding=\"async\" class=\"wp-image-31444 size-large\" src=\"https:\/\/www.camac-harps.com\/blog\/wp-content\/uploads\/sites\/27\/2024\/10\/magali-pyka-de-coster--cedric-de-bruyn.j-1024x683.jpg\" alt=\"Magali_PYKA_DE_COSTA\" width=\"1024\" height=\"683\" srcset=\"https:\/\/www.camac-harps.com\/blog\/wp-content\/uploads\/sites\/27\/2024\/10\/magali-pyka-de-coster--cedric-de-bruyn.j-1024x683.jpg 1024w, https:\/\/www.camac-harps.com\/blog\/wp-content\/uploads\/sites\/27\/2024\/10\/magali-pyka-de-coster--cedric-de-bruyn.j-300x200.jpg 300w, https:\/\/www.camac-harps.com\/blog\/wp-content\/uploads\/sites\/27\/2024\/10\/magali-pyka-de-coster--cedric-de-bruyn.j-768x512.jpg 768w, https:\/\/www.camac-harps.com\/blog\/wp-content\/uploads\/sites\/27\/2024\/10\/magali-pyka-de-coster--cedric-de-bruyn.j-1536x1024.jpg 1536w, https:\/\/www.camac-harps.com\/blog\/wp-content\/uploads\/sites\/27\/2024\/10\/magali-pyka-de-coster--cedric-de-bruyn.j-1000x667.jpg 1000w, https:\/\/www.camac-harps.com\/blog\/wp-content\/uploads\/sites\/27\/2024\/10\/magali-pyka-de-coster--cedric-de-bruyn.j-800x533.jpg 800w, https:\/\/www.camac-harps.com\/blog\/wp-content\/uploads\/sites\/27\/2024\/10\/magali-pyka-de-coster--cedric-de-bruyn.j-55x37.jpg 55w, https:\/\/www.camac-harps.com\/blog\/wp-content\/uploads\/sites\/27\/2024\/10\/magali-pyka-de-coster--cedric-de-bruyn.j-250x167.jpg 250w, https:\/\/www.camac-harps.com\/blog\/wp-content\/uploads\/sites\/27\/2024\/10\/magali-pyka-de-coster--cedric-de-bruyn.j.jpg 2048w\" sizes=\"auto, (max-width: 1024px) 100vw, 1024px\" \/><p class=\"wp-caption-text\">Professor and co-organiser Magali Pyka de Coster \u00a9Cedric DE BRUYN<\/p><\/div>\n<p>&nbsp;<\/p>\n<p><span style=\"font-weight: 400;\">The conservatoire \u2018s harp professor Magali Pyka de Coster and her team of volunteers ensured precise and totally smooth running of all events. We e are so grateful to her and to the harp professors from a great number of regional conservatoires whose wonderful teaching and playing made the final concert such a resounding success.<\/span><\/p>\n<div id=\"attachment_31438\" class=\"wp-caption aligncenter\" style=\"width: 1024px\"><img loading=\"lazy\" decoding=\"async\" class=\"wp-image-31438 size-large\" src=\"https:\/\/www.camac-harps.com\/blog\/wp-content\/uploads\/sites\/27\/2024\/10\/harp-ensemble-antibes-cedric-de-bruyn.7-1024x683.jpg\" alt=\"All 156 young harpists, Duo Bisiad and Jakez Fran\u00e7ois \u00a9Cedric De Bruyn\" width=\"1024\" height=\"683\" srcset=\"https:\/\/www.camac-harps.com\/blog\/wp-content\/uploads\/sites\/27\/2024\/10\/harp-ensemble-antibes-cedric-de-bruyn.7-1024x683.jpg 1024w, https:\/\/www.camac-harps.com\/blog\/wp-content\/uploads\/sites\/27\/2024\/10\/harp-ensemble-antibes-cedric-de-bruyn.7-300x200.jpg 300w, https:\/\/www.camac-harps.com\/blog\/wp-content\/uploads\/sites\/27\/2024\/10\/harp-ensemble-antibes-cedric-de-bruyn.7-768x512.jpg 768w, https:\/\/www.camac-harps.com\/blog\/wp-content\/uploads\/sites\/27\/2024\/10\/harp-ensemble-antibes-cedric-de-bruyn.7-1536x1024.jpg 1536w, https:\/\/www.camac-harps.com\/blog\/wp-content\/uploads\/sites\/27\/2024\/10\/harp-ensemble-antibes-cedric-de-bruyn.7-1000x667.jpg 1000w, https:\/\/www.camac-harps.com\/blog\/wp-content\/uploads\/sites\/27\/2024\/10\/harp-ensemble-antibes-cedric-de-bruyn.7-800x533.jpg 800w, https:\/\/www.camac-harps.com\/blog\/wp-content\/uploads\/sites\/27\/2024\/10\/harp-ensemble-antibes-cedric-de-bruyn.7-55x37.jpg 55w, https:\/\/www.camac-harps.com\/blog\/wp-content\/uploads\/sites\/27\/2024\/10\/harp-ensemble-antibes-cedric-de-bruyn.7-250x167.jpg 250w, https:\/\/www.camac-harps.com\/blog\/wp-content\/uploads\/sites\/27\/2024\/10\/harp-ensemble-antibes-cedric-de-bruyn.7.jpg 2048w\" sizes=\"auto, (max-width: 1024px) 100vw, 1024px\" \/><p class=\"wp-caption-text\">All 156 young harpists, Duo Bisiad and Jakez Fran\u00e7ois \u00a9Cedric De Bruyn<\/p><\/div>\n<p><span style=\"font-weight: 400;\">Thank you to Mr. Bianchini, our incredible artists, to the generous public and above all to the tremendous Conservatoire de musique et d\u2019art dramatique d\u2019Antibes Juan-les-Pins. Thanks go to Mr De Bruyn and his communications team who have have kindly provided us with the the possibility to remember this formidable occasion with these wonderful photos.<\/span><\/p>\n<p>&nbsp;<\/p>\n","protected":false},"excerpt":{"rendered":"<p>We received the most wonderful welcome from the Conservatoire de musique et d\u2019art dramatique d\u2019Antibes Juan-les-Pins, in their stunning building, kindly facilitated by director No\u00ebl Bianchini.<\/p>\n","protected":false},"author":11708,"featured_media":31462,"comment_status":"open","ping_status":"open","sticky":false,"template":"","format":"standard","meta":{"_acf_changed":false,"footnotes":""},"categories":[552],"tags":[],"class_list":["post-31412","post","type-post","status-publish","format-standard","has-post-thumbnail","hentry","category-news"],"acf":[],"yoast_head":"<title>Autumn in Antibes - Camac Harps<\/title>\n<meta name=\"robots\" content=\"index, follow, max-snippet:-1, max-image-preview:large, max-video-preview:-1\" \/>\n<link rel=\"canonical\" href=\"https:\/\/www.camac-harps.com\/blog\/en\/news\/autumn-in-antibes\/\" \/>\n<meta property=\"og:locale\" content=\"en_US\" \/>\n<meta property=\"og:type\" content=\"article\" \/>\n<meta property=\"og:title\" content=\"Autumn in Antibes - Camac Harps\" \/>\n<meta property=\"og:description\" content=\"We received the most wonderful welcome from the Conservatoire de musique et d\u2019art dramatique d\u2019Antibes Juan-les-Pins, in their stunning building, kindly facilitated by director No\u00ebl Bianchini.\" \/>\n<meta property=\"og:url\" content=\"https:\/\/www.camac-harps.com\/blog\/en\/news\/autumn-in-antibes\/\" \/>\n<meta property=\"og:site_name\" content=\"Camac Harps\" \/>\n<meta property=\"article:published_time\" content=\"2024-10-24T08:58:23+00:00\" \/>\n<meta property=\"article:modified_time\" content=\"2024-11-01T10:22:59+00:00\" \/>\n<meta property=\"og:image\" content=\"https:\/\/www.camac-harps.com\/blog\/wp-content\/uploads\/sites\/27\/2024\/10\/shamim-minoo-2-cedric-de-bruyn.j.jpg\" \/>\n\t<meta property=\"og:image:width\" content=\"2048\" \/>\n\t<meta property=\"og:image:height\" content=\"1365\" \/>\n\t<meta property=\"og:image:type\" content=\"image\/jpeg\" \/>\n<meta name=\"author\" content=\"alexrider\" \/>\n<meta name=\"twitter:card\" content=\"summary_large_image\" \/>\n<meta name=\"twitter:label1\" content=\"Written by\" \/>\n\t<meta name=\"twitter:data1\" content=\"alexrider\" \/>\n\t<meta name=\"twitter:label2\" content=\"Est. reading time\" \/>\n\t<meta name=\"twitter:data2\" content=\"7 minutes\" \/>\n<script type=\"application\/ld+json\" class=\"yoast-schema-graph\">{\"@context\":\"https:\/\/schema.org\",\"@graph\":[{\"@type\":\"Article\",\"@id\":\"https:\/\/www.camac-harps.com\/blog\/en\/news\/autumn-in-antibes\/#article\",\"isPartOf\":{\"@id\":\"https:\/\/www.camac-harps.com\/blog\/en\/news\/autumn-in-antibes\/\"},\"author\":{\"name\":\"alexrider\",\"@id\":\"https:\/\/www.camac-harps.com\/blog\/en\/#\/schema\/person\/063699c28ac65abcf6a1aacf1103cbda\"},\"headline\":\"Autumn in Antibes\",\"datePublished\":\"2024-10-24T08:58:23+00:00\",\"dateModified\":\"2024-11-01T10:22:59+00:00\",\"mainEntityOfPage\":{\"@id\":\"https:\/\/www.camac-harps.com\/blog\/en\/news\/autumn-in-antibes\/\"},\"wordCount\":979,\"commentCount\":0,\"image\":{\"@id\":\"https:\/\/www.camac-harps.com\/blog\/en\/news\/autumn-in-antibes\/#primaryimage\"},\"thumbnailUrl\":\"https:\/\/www.camac-harps.com\/blog\/wp-content\/uploads\/sites\/27\/2024\/10\/shamim-minoo-2-cedric-de-bruyn.j.jpg\",\"articleSection\":[\"News\"],\"inLanguage\":\"en-US\",\"potentialAction\":[{\"@type\":\"CommentAction\",\"name\":\"Comment\",\"target\":[\"https:\/\/www.camac-harps.com\/blog\/en\/news\/autumn-in-antibes\/#respond\"]}]},{\"@type\":\"WebPage\",\"@id\":\"https:\/\/www.camac-harps.com\/blog\/en\/news\/autumn-in-antibes\/\",\"url\":\"https:\/\/www.camac-harps.com\/blog\/en\/news\/autumn-in-antibes\/\",\"name\":\"Autumn in Antibes - Camac Harps\",\"isPartOf\":{\"@id\":\"https:\/\/www.camac-harps.com\/blog\/en\/#website\"},\"primaryImageOfPage\":{\"@id\":\"https:\/\/www.camac-harps.com\/blog\/en\/news\/autumn-in-antibes\/#primaryimage\"},\"image\":{\"@id\":\"https:\/\/www.camac-harps.com\/blog\/en\/news\/autumn-in-antibes\/#primaryimage\"},\"thumbnailUrl\":\"https:\/\/www.camac-harps.com\/blog\/wp-content\/uploads\/sites\/27\/2024\/10\/shamim-minoo-2-cedric-de-bruyn.j.jpg\",\"datePublished\":\"2024-10-24T08:58:23+00:00\",\"dateModified\":\"2024-11-01T10:22:59+00:00\",\"author\":{\"@id\":\"https:\/\/www.camac-harps.com\/blog\/en\/#\/schema\/person\/063699c28ac65abcf6a1aacf1103cbda\"},\"breadcrumb\":{\"@id\":\"https:\/\/www.camac-harps.com\/blog\/en\/news\/autumn-in-antibes\/#breadcrumb\"},\"inLanguage\":\"en-US\",\"potentialAction\":[{\"@type\":\"ReadAction\",\"target\":[\"https:\/\/www.camac-harps.com\/blog\/en\/news\/autumn-in-antibes\/\"]}]},{\"@type\":\"ImageObject\",\"inLanguage\":\"en-US\",\"@id\":\"https:\/\/www.camac-harps.com\/blog\/en\/news\/autumn-in-antibes\/#primaryimage\",\"url\":\"https:\/\/www.camac-harps.com\/blog\/wp-content\/uploads\/sites\/27\/2024\/10\/shamim-minoo-2-cedric-de-bruyn.j.jpg\",\"contentUrl\":\"https:\/\/www.camac-harps.com\/blog\/wp-content\/uploads\/sites\/27\/2024\/10\/shamim-minoo-2-cedric-de-bruyn.j.jpg\",\"width\":2048,\"height\":1365,\"caption\":\"Shamim Minoo giving her captivating opening night performance \u00a9Cedric DE BRUYN\"},{\"@type\":\"BreadcrumbList\",\"@id\":\"https:\/\/www.camac-harps.com\/blog\/en\/news\/autumn-in-antibes\/#breadcrumb\",\"itemListElement\":[{\"@type\":\"ListItem\",\"position\":1,\"name\":\"Home\",\"item\":\"https:\/\/www.camac-harps.com\/blog\/en\/\"},{\"@type\":\"ListItem\",\"position\":2,\"name\":\"Autumn in Antibes\"}]},{\"@type\":\"WebSite\",\"@id\":\"https:\/\/www.camac-harps.com\/blog\/en\/#website\",\"url\":\"https:\/\/www.camac-harps.com\/blog\/en\/\",\"name\":\"Camac Harps\",\"description\":\"\",\"potentialAction\":[{\"@type\":\"SearchAction\",\"target\":{\"@type\":\"EntryPoint\",\"urlTemplate\":\"https:\/\/www.camac-harps.com\/blog\/en\/?s={search_term_string}\"},\"query-input\":{\"@type\":\"PropertyValueSpecification\",\"valueRequired\":true,\"valueName\":\"search_term_string\"}}],\"inLanguage\":\"en-US\"},{\"@type\":\"Person\",\"@id\":\"https:\/\/www.camac-harps.com\/blog\/en\/#\/schema\/person\/063699c28ac65abcf6a1aacf1103cbda\",\"name\":\"alexrider\",\"image\":{\"@type\":\"ImageObject\",\"inLanguage\":\"en-US\",\"@id\":\"https:\/\/www.camac-harps.com\/blog\/en\/#\/schema\/person\/image\/\",\"url\":\"https:\/\/secure.gravatar.com\/avatar\/ec8c53fa633da4d324cd5b269a0d07c1b692e75ed685d57a578c7207127db0f4?s=96&d=mm&r=g\",\"contentUrl\":\"https:\/\/secure.gravatar.com\/avatar\/ec8c53fa633da4d324cd5b269a0d07c1b692e75ed685d57a578c7207127db0f4?s=96&d=mm&r=g\",\"caption\":\"alexrider\"},\"url\":\"https:\/\/www.camac-harps.com\/blog\/en\/author\/alexrider\/\"}]}<\/script>","yoast_head_json":{"title":"Autumn in Antibes - Camac Harps","robots":{"index":"index","follow":"follow","max-snippet":"max-snippet:-1","max-image-preview":"max-image-preview:large","max-video-preview":"max-video-preview:-1"},"canonical":"https:\/\/www.camac-harps.com\/blog\/en\/news\/autumn-in-antibes\/","og_locale":"en_US","og_type":"article","og_title":"Autumn in Antibes - Camac Harps","og_description":"We received the most wonderful welcome from the Conservatoire de musique et d\u2019art dramatique d\u2019Antibes Juan-les-Pins, in their stunning building, kindly facilitated by director No\u00ebl Bianchini.","og_url":"https:\/\/www.camac-harps.com\/blog\/en\/news\/autumn-in-antibes\/","og_site_name":"Camac Harps","article_published_time":"2024-10-24T08:58:23+00:00","article_modified_time":"2024-11-01T10:22:59+00:00","og_image":[{"width":2048,"height":1365,"url":"https:\/\/www.camac-harps.com\/blog\/wp-content\/uploads\/sites\/27\/2024\/10\/shamim-minoo-2-cedric-de-bruyn.j.jpg","type":"image\/jpeg"}],"author":"alexrider","twitter_card":"summary_large_image","twitter_misc":{"Written by":"alexrider","Est. reading time":"7 minutes"},"schema":{"@context":"https:\/\/schema.org","@graph":[{"@type":"Article","@id":"https:\/\/www.camac-harps.com\/blog\/en\/news\/autumn-in-antibes\/#article","isPartOf":{"@id":"https:\/\/www.camac-harps.com\/blog\/en\/news\/autumn-in-antibes\/"},"author":{"name":"alexrider","@id":"https:\/\/www.camac-harps.com\/blog\/en\/#\/schema\/person\/063699c28ac65abcf6a1aacf1103cbda"},"headline":"Autumn in Antibes","datePublished":"2024-10-24T08:58:23+00:00","dateModified":"2024-11-01T10:22:59+00:00","mainEntityOfPage":{"@id":"https:\/\/www.camac-harps.com\/blog\/en\/news\/autumn-in-antibes\/"},"wordCount":979,"commentCount":0,"image":{"@id":"https:\/\/www.camac-harps.com\/blog\/en\/news\/autumn-in-antibes\/#primaryimage"},"thumbnailUrl":"https:\/\/www.camac-harps.com\/blog\/wp-content\/uploads\/sites\/27\/2024\/10\/shamim-minoo-2-cedric-de-bruyn.j.jpg","articleSection":["News"],"inLanguage":"en-US","potentialAction":[{"@type":"CommentAction","name":"Comment","target":["https:\/\/www.camac-harps.com\/blog\/en\/news\/autumn-in-antibes\/#respond"]}]},{"@type":"WebPage","@id":"https:\/\/www.camac-harps.com\/blog\/en\/news\/autumn-in-antibes\/","url":"https:\/\/www.camac-harps.com\/blog\/en\/news\/autumn-in-antibes\/","name":"Autumn in Antibes - Camac Harps","isPartOf":{"@id":"https:\/\/www.camac-harps.com\/blog\/en\/#website"},"primaryImageOfPage":{"@id":"https:\/\/www.camac-harps.com\/blog\/en\/news\/autumn-in-antibes\/#primaryimage"},"image":{"@id":"https:\/\/www.camac-harps.com\/blog\/en\/news\/autumn-in-antibes\/#primaryimage"},"thumbnailUrl":"https:\/\/www.camac-harps.com\/blog\/wp-content\/uploads\/sites\/27\/2024\/10\/shamim-minoo-2-cedric-de-bruyn.j.jpg","datePublished":"2024-10-24T08:58:23+00:00","dateModified":"2024-11-01T10:22:59+00:00","author":{"@id":"https:\/\/www.camac-harps.com\/blog\/en\/#\/schema\/person\/063699c28ac65abcf6a1aacf1103cbda"},"breadcrumb":{"@id":"https:\/\/www.camac-harps.com\/blog\/en\/news\/autumn-in-antibes\/#breadcrumb"},"inLanguage":"en-US","potentialAction":[{"@type":"ReadAction","target":["https:\/\/www.camac-harps.com\/blog\/en\/news\/autumn-in-antibes\/"]}]},{"@type":"ImageObject","inLanguage":"en-US","@id":"https:\/\/www.camac-harps.com\/blog\/en\/news\/autumn-in-antibes\/#primaryimage","url":"https:\/\/www.camac-harps.com\/blog\/wp-content\/uploads\/sites\/27\/2024\/10\/shamim-minoo-2-cedric-de-bruyn.j.jpg","contentUrl":"https:\/\/www.camac-harps.com\/blog\/wp-content\/uploads\/sites\/27\/2024\/10\/shamim-minoo-2-cedric-de-bruyn.j.jpg","width":2048,"height":1365,"caption":"Shamim Minoo giving her captivating opening night performance \u00a9Cedric DE BRUYN"},{"@type":"BreadcrumbList","@id":"https:\/\/www.camac-harps.com\/blog\/en\/news\/autumn-in-antibes\/#breadcrumb","itemListElement":[{"@type":"ListItem","position":1,"name":"Home","item":"https:\/\/www.camac-harps.com\/blog\/en\/"},{"@type":"ListItem","position":2,"name":"Autumn in Antibes"}]},{"@type":"WebSite","@id":"https:\/\/www.camac-harps.com\/blog\/en\/#website","url":"https:\/\/www.camac-harps.com\/blog\/en\/","name":"Camac Harps","description":"","potentialAction":[{"@type":"SearchAction","target":{"@type":"EntryPoint","urlTemplate":"https:\/\/www.camac-harps.com\/blog\/en\/?s={search_term_string}"},"query-input":{"@type":"PropertyValueSpecification","valueRequired":true,"valueName":"search_term_string"}}],"inLanguage":"en-US"},{"@type":"Person","@id":"https:\/\/www.camac-harps.com\/blog\/en\/#\/schema\/person\/063699c28ac65abcf6a1aacf1103cbda","name":"alexrider","image":{"@type":"ImageObject","inLanguage":"en-US","@id":"https:\/\/www.camac-harps.com\/blog\/en\/#\/schema\/person\/image\/","url":"https:\/\/secure.gravatar.com\/avatar\/ec8c53fa633da4d324cd5b269a0d07c1b692e75ed685d57a578c7207127db0f4?s=96&d=mm&r=g","contentUrl":"https:\/\/secure.gravatar.com\/avatar\/ec8c53fa633da4d324cd5b269a0d07c1b692e75ed685d57a578c7207127db0f4?s=96&d=mm&r=g","caption":"alexrider"},"url":"https:\/\/www.camac-harps.com\/blog\/en\/author\/alexrider\/"}]}},"_links":{"self":[{"href":"https:\/\/www.camac-harps.com\/blog\/en\/wp-json\/wp\/v2\/posts\/31412","targetHints":{"allow":["GET"]}}],"collection":[{"href":"https:\/\/www.camac-harps.com\/blog\/en\/wp-json\/wp\/v2\/posts"}],"about":[{"href":"https:\/\/www.camac-harps.com\/blog\/en\/wp-json\/wp\/v2\/types\/post"}],"author":[{"embeddable":true,"href":"https:\/\/www.camac-harps.com\/blog\/en\/wp-json\/wp\/v2\/users\/11708"}],"replies":[{"embeddable":true,"href":"https:\/\/www.camac-harps.com\/blog\/en\/wp-json\/wp\/v2\/comments?post=31412"}],"version-history":[{"count":4,"href":"https:\/\/www.camac-harps.com\/blog\/en\/wp-json\/wp\/v2\/posts\/31412\/revisions"}],"predecessor-version":[{"id":31471,"href":"https:\/\/www.camac-harps.com\/blog\/en\/wp-json\/wp\/v2\/posts\/31412\/revisions\/31471"}],"wp:featuredmedia":[{"embeddable":true,"href":"https:\/\/www.camac-harps.com\/blog\/en\/wp-json\/wp\/v2\/media\/31462"}],"wp:attachment":[{"href":"https:\/\/www.camac-harps.com\/blog\/en\/wp-json\/wp\/v2\/media?parent=31412"}],"wp:term":[{"taxonomy":"category","embeddable":true,"href":"https:\/\/www.camac-harps.com\/blog\/en\/wp-json\/wp\/v2\/categories?post=31412"},{"taxonomy":"post_tag","embeddable":true,"href":"https:\/\/www.camac-harps.com\/blog\/en\/wp-json\/wp\/v2\/tags?post=31412"}],"curies":[{"name":"wp","href":"https:\/\/api.w.org\/{rel}","templated":true}]}}