{"id":5705,"date":"2017-05-14T10:09:04","date_gmt":"2017-05-14T10:09:04","guid":{"rendered":"http:\/\/www.harpblog.info\/?p=5705"},"modified":"2017-06-29T08:32:24","modified_gmt":"2017-06-29T08:32:24","slug":"petar-konjovic-results-2017","status":"publish","type":"post","link":"https:\/\/www.camac-harps.com\/blog\/en\/news\/petar-konjovic-results-2017\/","title":{"rendered":"Results of the 22nd Petar Konjovi\u0107 Competition"},"content":{"rendered":"<p><a href=\"https:\/\/www.camac-harps.com\/wp-content\/uploads\/sites\/27\/2017\/05\/serbiacomp.jpg\"><img loading=\"lazy\" decoding=\"async\" class=\"aligncenter wp-image-5706 size-full\" src=\"https:\/\/www.camac-harps.com\/wp-content\/uploads\/sites\/27\/2017\/05\/serbiacomp.jpg\" alt=\"22nd Petar Konjovic International Competition, Novi Sad 2017\" width=\"793\" height=\"245\" srcset=\"https:\/\/www.camac-harps.com\/blog\/wp-content\/uploads\/sites\/27\/2017\/05\/serbiacomp.jpg 793w, https:\/\/www.camac-harps.com\/blog\/wp-content\/uploads\/sites\/27\/2017\/05\/serbiacomp-300x93.jpg 300w, https:\/\/www.camac-harps.com\/blog\/wp-content\/uploads\/sites\/27\/2017\/05\/serbiacomp-768x237.jpg 768w, https:\/\/www.camac-harps.com\/blog\/wp-content\/uploads\/sites\/27\/2017\/05\/serbiacomp-55x17.jpg 55w, https:\/\/www.camac-harps.com\/blog\/wp-content\/uploads\/sites\/27\/2017\/05\/serbiacomp-250x77.jpg 250w\" sizes=\"auto, (max-width: 793px) 100vw, 793px\" \/><\/a><\/p>\n<p>&nbsp;<\/p>\n<div id=\"attachment_5708\" class=\"wp-caption alignright\" style=\"width: 300px\"><a href=\"https:\/\/www.camac-harps.com\/wp-content\/uploads\/sites\/27\/2017\/05\/18342710_1686352458059219_4501551369215288738_n.jpg\"><img loading=\"lazy\" decoding=\"async\" class=\"size-medium wp-image-5708\" src=\"https:\/\/www.camac-harps.com\/wp-content\/uploads\/sites\/27\/2017\/05\/18342710_1686352458059219_4501551369215288738_n-300x300.jpg\" alt=\"\" width=\"300\" height=\"300\" srcset=\"https:\/\/www.camac-harps.com\/blog\/wp-content\/uploads\/sites\/27\/2017\/05\/18342710_1686352458059219_4501551369215288738_n-300x300.jpg 300w, https:\/\/www.camac-harps.com\/blog\/wp-content\/uploads\/sites\/27\/2017\/05\/18342710_1686352458059219_4501551369215288738_n-800x800.jpg 800w, https:\/\/www.camac-harps.com\/blog\/wp-content\/uploads\/sites\/27\/2017\/05\/18342710_1686352458059219_4501551369215288738_n-150x150.jpg 150w, https:\/\/www.camac-harps.com\/blog\/wp-content\/uploads\/sites\/27\/2017\/05\/18342710_1686352458059219_4501551369215288738_n-768x768.jpg 768w, https:\/\/www.camac-harps.com\/blog\/wp-content\/uploads\/sites\/27\/2017\/05\/18342710_1686352458059219_4501551369215288738_n-55x55.jpg 55w, https:\/\/www.camac-harps.com\/blog\/wp-content\/uploads\/sites\/27\/2017\/05\/18342710_1686352458059219_4501551369215288738_n-250x250.jpg 250w, https:\/\/www.camac-harps.com\/blog\/wp-content\/uploads\/sites\/27\/2017\/05\/18342710_1686352458059219_4501551369215288738_n.jpg 960w\" sizes=\"auto, (max-width: 300px) 100vw, 300px\" \/><\/a><p class=\"wp-caption-text\">The harp jury deliberate. L-R: Emanuela Degli Esposti, Stasa Mirkovic Grujic, Chantal Mathieu<\/p><\/div>\n<p>We\u00a0have spent a great weekend at the <a href=\"http:\/\/www.konjovic-competition.rs\/english\/about_petar.html\">22nd Peter\u00a0Konjovi\u0107 Competition<\/a> in Novi Sad. Held every two years, this long-running contest is a fixture of the Balkan harp calendar &#8211; and also those of other instruments.\u00a0Petar Konjovi\u0107 is one of Serbia&#8217;s most distinguished twentieth-century musicians, and this extensive competition has been held in his honour since 1991. It is a great opportunity for students, with\u00a0broad range of categories from young beginners, to professionals under the age of twenty-five.<\/p>\n<p>Here are the results!<\/p>\n<p><strong>Concert Harp (candidates born in 1992 or younger)<\/strong><\/p>\n<p>First\u00a0prize: \u00a0Na\u0111a Dornik<\/p>\n<p><strong>Concert Harp (candidates born in 1998 or younger)<\/strong><\/p>\n<p>First\u00a0prize:\u00a0An\u0111ela Stankovi\u0107<br \/>\nSecond prize:\u00a0Aleksandra Petrovi\u0107<br \/>\nDiploma for participation: Olga Markovi\u0107<\/p>\n<p><strong>Concert Harp (candidates born in 2000 or younger)<\/strong><\/p>\n<p>First prize: Leto Kri\u017eani\u0107 \u017dor\u017e<br \/>\nII\/1 prize: Marija Zoroja<br \/>\nII\/2 prize: Irina Pejoska<br \/>\nIII\/1 prize: Milica Horvat<br \/>\nIII\/2 prize: Korana \u010ci\u010da-Potkonjak<br \/>\n7. place &#8211; Lana Dujmovi\u0107<\/p>\n<p><strong>Concert Harp (candidates born in 2002 or younger)<\/strong><\/p>\n<p>First\u00a0prize: Aleksandra Mohorko<br \/>\nII\/1 prize: Jernej Mi\u0161i\u010d<br \/>\nII\/2 prize: Minja Stojanovi\u0107<br \/>\nIII\/1 prize: Teodora Vujo\u0161evi\u0107<br \/>\nIII\/2 prize: Mariann Patkos<br \/>\nIII\/3 prize: Zoja \u0110or\u0111evi\u0107<br \/>\n7. place: Jelisaveta Nedeljkovi\u0107<br \/>\n8. place: Sara Bajc<br \/>\n9. place: Una Dejanovi\u0107<\/p>\n<p><strong>Concert Harp (candidates born in 2005 or younger)<\/strong><\/p>\n<p>First\u00a0prize: Kristal Fortunat<br \/>\nII\/1 prize: Maja Patkos<br \/>\nII\/2 prize: Adrian Ignjatovi\u0107<br \/>\nIII\/1 prize: Mila Marinkovi\u0107<br \/>\nIII\/2 prize: Anikija Premovi\u0107<br \/>\nIII\/3 prize: Lenka Radonji\u0107<br \/>\n7. place: Mima Stevanovi\u0107<br \/>\n8. place: Hana \u0110or\u0111evi\u0107<br \/>\n9. place: Simona Mini\u0107<br \/>\n10. place: Ana Mihajlovi\u0107<\/p>\n<p><strong>Lever harp (candidates born in 2005 or younger)<\/strong><\/p>\n<p>First\u00a0prize: Mina Jakovljevi\u0107<br \/>\nII\/1 prize: Hanna Vida Fruzsina<br \/>\nII prize: Milica Stanar<br \/>\nIII\/1 prize: Aleksandra Radovanovi\u0107<br \/>\nIII\/2 prize: Lana Kosti\u0107<br \/>\nIII\/3 prize: Rita Palinka\u0161<\/p>\n<p><strong>Lever Harp (Candidates born in 2002 or younger)<\/strong><\/p>\n<p>First prize: Lenka Zdravi\u0107<br \/>\nII\/1 prize: Ivona Stefanovi\u0107<br \/>\nII\/2 prize: Anja Plav\u0161i\u0107<\/p>\n<p>Congratulations to them all!<\/p>\n","protected":false},"excerpt":{"rendered":"<p>Petar Konjovi\u0107 is one of Serbia&#8217;s most distinguished twentieth-century musicians, and this extensive competition has been held in his honour since 1991. It is a great opportunity for students, with broad range of categories from young beginners, to professionals under the age of twenty-five. And here are the results! &#8230;<\/p>\n","protected":false},"author":3,"featured_media":5708,"comment_status":"open","ping_status":"open","sticky":false,"template":"","format":"standard","meta":{"_acf_changed":false,"footnotes":""},"categories":[552],"tags":[795,803],"class_list":["post-5705","post","type-post","status-publish","format-standard","has-post-thumbnail","hentry","category-news","tag-competitions","tag-pedal-harp"],"acf":[],"yoast_head":"<title>Results of the 22nd Petar Konjovi\u0107 Competition - Camac Harps<\/title>\n<meta name=\"robots\" content=\"index, follow, max-snippet:-1, max-image-preview:large, max-video-preview:-1\" \/>\n<link rel=\"canonical\" href=\"https:\/\/www.camac-harps.com\/blog\/en\/news\/petar-konjovic-results-2017\/\" \/>\n<meta property=\"og:locale\" content=\"en_US\" \/>\n<meta property=\"og:type\" content=\"article\" \/>\n<meta property=\"og:title\" content=\"Results of the 22nd Petar Konjovi\u0107 Competition - Camac Harps\" \/>\n<meta property=\"og:description\" content=\"Petar Konjovi\u0107 is one of Serbia&#039;s most distinguished twentieth-century musicians, and this extensive competition has been held in his honour since 1991. It is a great opportunity for students, with broad range of categories from young beginners, to professionals under the age of twenty-five. And here are the results! ...\" \/>\n<meta property=\"og:url\" content=\"https:\/\/www.camac-harps.com\/blog\/en\/news\/petar-konjovic-results-2017\/\" \/>\n<meta property=\"og:site_name\" content=\"Camac Harps\" \/>\n<meta property=\"article:published_time\" content=\"2017-05-14T10:09:04+00:00\" \/>\n<meta property=\"article:modified_time\" content=\"2017-06-29T08:32:24+00:00\" \/>\n<meta property=\"og:image\" content=\"https:\/\/www.camac-harps.com\/blog\/wp-content\/uploads\/sites\/27\/2017\/05\/18342710_1686352458059219_4501551369215288738_n.jpg\" \/>\n\t<meta property=\"og:image:width\" content=\"960\" \/>\n\t<meta property=\"og:image:height\" content=\"960\" \/>\n\t<meta property=\"og:image:type\" content=\"image\/jpeg\" \/>\n<meta name=\"author\" content=\"Helen Leitner\" \/>\n<meta name=\"twitter:card\" content=\"summary_large_image\" \/>\n<meta name=\"twitter:label1\" content=\"Written by\" \/>\n\t<meta name=\"twitter:data1\" content=\"Helen Leitner\" \/>\n\t<meta name=\"twitter:label2\" content=\"Est. reading time\" \/>\n\t<meta name=\"twitter:data2\" content=\"2 minutes\" \/>\n<script type=\"application\/ld+json\" class=\"yoast-schema-graph\">{\"@context\":\"https:\/\/schema.org\",\"@graph\":[{\"@type\":\"Article\",\"@id\":\"https:\/\/www.camac-harps.com\/blog\/en\/news\/petar-konjovic-results-2017\/#article\",\"isPartOf\":{\"@id\":\"https:\/\/www.camac-harps.com\/blog\/en\/news\/petar-konjovic-results-2017\/\"},\"author\":{\"name\":\"Helen Leitner\",\"@id\":\"https:\/\/www.camac-harps.com\/blog\/en\/#\/schema\/person\/59b9e6843c0338179fb914afaf144d22\"},\"headline\":\"Results of the 22nd Petar Konjovi\u0107 Competition\",\"datePublished\":\"2017-05-14T10:09:04+00:00\",\"dateModified\":\"2017-06-29T08:32:24+00:00\",\"mainEntityOfPage\":{\"@id\":\"https:\/\/www.camac-harps.com\/blog\/en\/news\/petar-konjovic-results-2017\/\"},\"wordCount\":323,\"commentCount\":0,\"image\":{\"@id\":\"https:\/\/www.camac-harps.com\/blog\/en\/news\/petar-konjovic-results-2017\/#primaryimage\"},\"thumbnailUrl\":\"https:\/\/www.camac-harps.com\/blog\/wp-content\/uploads\/sites\/27\/2017\/05\/18342710_1686352458059219_4501551369215288738_n.jpg\",\"keywords\":[\"competitions\",\"pedal harp\"],\"articleSection\":[\"News\"],\"inLanguage\":\"en-US\",\"potentialAction\":[{\"@type\":\"CommentAction\",\"name\":\"Comment\",\"target\":[\"https:\/\/www.camac-harps.com\/blog\/en\/news\/petar-konjovic-results-2017\/#respond\"]}]},{\"@type\":\"WebPage\",\"@id\":\"https:\/\/www.camac-harps.com\/blog\/en\/news\/petar-konjovic-results-2017\/\",\"url\":\"https:\/\/www.camac-harps.com\/blog\/en\/news\/petar-konjovic-results-2017\/\",\"name\":\"Results of the 22nd Petar Konjovi\u0107 Competition - Camac Harps\",\"isPartOf\":{\"@id\":\"https:\/\/www.camac-harps.com\/blog\/en\/#website\"},\"primaryImageOfPage\":{\"@id\":\"https:\/\/www.camac-harps.com\/blog\/en\/news\/petar-konjovic-results-2017\/#primaryimage\"},\"image\":{\"@id\":\"https:\/\/www.camac-harps.com\/blog\/en\/news\/petar-konjovic-results-2017\/#primaryimage\"},\"thumbnailUrl\":\"https:\/\/www.camac-harps.com\/blog\/wp-content\/uploads\/sites\/27\/2017\/05\/18342710_1686352458059219_4501551369215288738_n.jpg\",\"datePublished\":\"2017-05-14T10:09:04+00:00\",\"dateModified\":\"2017-06-29T08:32:24+00:00\",\"author\":{\"@id\":\"https:\/\/www.camac-harps.com\/blog\/en\/#\/schema\/person\/59b9e6843c0338179fb914afaf144d22\"},\"breadcrumb\":{\"@id\":\"https:\/\/www.camac-harps.com\/blog\/en\/news\/petar-konjovic-results-2017\/#breadcrumb\"},\"inLanguage\":\"en-US\",\"potentialAction\":[{\"@type\":\"ReadAction\",\"target\":[\"https:\/\/www.camac-harps.com\/blog\/en\/news\/petar-konjovic-results-2017\/\"]}]},{\"@type\":\"ImageObject\",\"inLanguage\":\"en-US\",\"@id\":\"https:\/\/www.camac-harps.com\/blog\/en\/news\/petar-konjovic-results-2017\/#primaryimage\",\"url\":\"https:\/\/www.camac-harps.com\/blog\/wp-content\/uploads\/sites\/27\/2017\/05\/18342710_1686352458059219_4501551369215288738_n.jpg\",\"contentUrl\":\"https:\/\/www.camac-harps.com\/blog\/wp-content\/uploads\/sites\/27\/2017\/05\/18342710_1686352458059219_4501551369215288738_n.jpg\",\"width\":960,\"height\":960,\"caption\":\"The harp jury deliberate. L-R: Emanuela Degli Esposti, Stasa Mirkovic Grujic, Chantal Mathieu\"},{\"@type\":\"BreadcrumbList\",\"@id\":\"https:\/\/www.camac-harps.com\/blog\/en\/news\/petar-konjovic-results-2017\/#breadcrumb\",\"itemListElement\":[{\"@type\":\"ListItem\",\"position\":1,\"name\":\"Home\",\"item\":\"https:\/\/www.camac-harps.com\/blog\/en\/\"},{\"@type\":\"ListItem\",\"position\":2,\"name\":\"Results of the 22nd Petar Konjovi\u0107 Competition\"}]},{\"@type\":\"WebSite\",\"@id\":\"https:\/\/www.camac-harps.com\/blog\/en\/#website\",\"url\":\"https:\/\/www.camac-harps.com\/blog\/en\/\",\"name\":\"Camac Harps\",\"description\":\"\",\"potentialAction\":[{\"@type\":\"SearchAction\",\"target\":{\"@type\":\"EntryPoint\",\"urlTemplate\":\"https:\/\/www.camac-harps.com\/blog\/en\/?s={search_term_string}\"},\"query-input\":{\"@type\":\"PropertyValueSpecification\",\"valueRequired\":true,\"valueName\":\"search_term_string\"}}],\"inLanguage\":\"en-US\"},{\"@type\":\"Person\",\"@id\":\"https:\/\/www.camac-harps.com\/blog\/en\/#\/schema\/person\/59b9e6843c0338179fb914afaf144d22\",\"name\":\"Helen Leitner\",\"image\":{\"@type\":\"ImageObject\",\"inLanguage\":\"en-US\",\"@id\":\"https:\/\/www.camac-harps.com\/blog\/en\/#\/schema\/person\/image\/\",\"url\":\"https:\/\/secure.gravatar.com\/avatar\/ebbebff931219cff4c2d1e25c3229b2e036693f67bf237fb12f452d7a019a6da?s=96&d=mm&r=g\",\"contentUrl\":\"https:\/\/secure.gravatar.com\/avatar\/ebbebff931219cff4c2d1e25c3229b2e036693f67bf237fb12f452d7a019a6da?s=96&d=mm&r=g\",\"caption\":\"Helen Leitner\"},\"url\":\"https:\/\/www.camac-harps.com\/blog\/en\/author\/ltnr\/\"}]}<\/script>","yoast_head_json":{"title":"Results of the 22nd Petar Konjovi\u0107 Competition - Camac Harps","robots":{"index":"index","follow":"follow","max-snippet":"max-snippet:-1","max-image-preview":"max-image-preview:large","max-video-preview":"max-video-preview:-1"},"canonical":"https:\/\/www.camac-harps.com\/blog\/en\/news\/petar-konjovic-results-2017\/","og_locale":"en_US","og_type":"article","og_title":"Results of the 22nd Petar Konjovi\u0107 Competition - Camac Harps","og_description":"Petar Konjovi\u0107 is one of Serbia's most distinguished twentieth-century musicians, and this extensive competition has been held in his honour since 1991. It is a great opportunity for students, with broad range of categories from young beginners, to professionals under the age of twenty-five. And here are the results! ...","og_url":"https:\/\/www.camac-harps.com\/blog\/en\/news\/petar-konjovic-results-2017\/","og_site_name":"Camac Harps","article_published_time":"2017-05-14T10:09:04+00:00","article_modified_time":"2017-06-29T08:32:24+00:00","og_image":[{"width":960,"height":960,"url":"https:\/\/www.camac-harps.com\/blog\/wp-content\/uploads\/sites\/27\/2017\/05\/18342710_1686352458059219_4501551369215288738_n.jpg","type":"image\/jpeg"}],"author":"Helen Leitner","twitter_card":"summary_large_image","twitter_misc":{"Written by":"Helen Leitner","Est. reading time":"2 minutes"},"schema":{"@context":"https:\/\/schema.org","@graph":[{"@type":"Article","@id":"https:\/\/www.camac-harps.com\/blog\/en\/news\/petar-konjovic-results-2017\/#article","isPartOf":{"@id":"https:\/\/www.camac-harps.com\/blog\/en\/news\/petar-konjovic-results-2017\/"},"author":{"name":"Helen Leitner","@id":"https:\/\/www.camac-harps.com\/blog\/en\/#\/schema\/person\/59b9e6843c0338179fb914afaf144d22"},"headline":"Results of the 22nd Petar Konjovi\u0107 Competition","datePublished":"2017-05-14T10:09:04+00:00","dateModified":"2017-06-29T08:32:24+00:00","mainEntityOfPage":{"@id":"https:\/\/www.camac-harps.com\/blog\/en\/news\/petar-konjovic-results-2017\/"},"wordCount":323,"commentCount":0,"image":{"@id":"https:\/\/www.camac-harps.com\/blog\/en\/news\/petar-konjovic-results-2017\/#primaryimage"},"thumbnailUrl":"https:\/\/www.camac-harps.com\/blog\/wp-content\/uploads\/sites\/27\/2017\/05\/18342710_1686352458059219_4501551369215288738_n.jpg","keywords":["competitions","pedal harp"],"articleSection":["News"],"inLanguage":"en-US","potentialAction":[{"@type":"CommentAction","name":"Comment","target":["https:\/\/www.camac-harps.com\/blog\/en\/news\/petar-konjovic-results-2017\/#respond"]}]},{"@type":"WebPage","@id":"https:\/\/www.camac-harps.com\/blog\/en\/news\/petar-konjovic-results-2017\/","url":"https:\/\/www.camac-harps.com\/blog\/en\/news\/petar-konjovic-results-2017\/","name":"Results of the 22nd Petar Konjovi\u0107 Competition - Camac Harps","isPartOf":{"@id":"https:\/\/www.camac-harps.com\/blog\/en\/#website"},"primaryImageOfPage":{"@id":"https:\/\/www.camac-harps.com\/blog\/en\/news\/petar-konjovic-results-2017\/#primaryimage"},"image":{"@id":"https:\/\/www.camac-harps.com\/blog\/en\/news\/petar-konjovic-results-2017\/#primaryimage"},"thumbnailUrl":"https:\/\/www.camac-harps.com\/blog\/wp-content\/uploads\/sites\/27\/2017\/05\/18342710_1686352458059219_4501551369215288738_n.jpg","datePublished":"2017-05-14T10:09:04+00:00","dateModified":"2017-06-29T08:32:24+00:00","author":{"@id":"https:\/\/www.camac-harps.com\/blog\/en\/#\/schema\/person\/59b9e6843c0338179fb914afaf144d22"},"breadcrumb":{"@id":"https:\/\/www.camac-harps.com\/blog\/en\/news\/petar-konjovic-results-2017\/#breadcrumb"},"inLanguage":"en-US","potentialAction":[{"@type":"ReadAction","target":["https:\/\/www.camac-harps.com\/blog\/en\/news\/petar-konjovic-results-2017\/"]}]},{"@type":"ImageObject","inLanguage":"en-US","@id":"https:\/\/www.camac-harps.com\/blog\/en\/news\/petar-konjovic-results-2017\/#primaryimage","url":"https:\/\/www.camac-harps.com\/blog\/wp-content\/uploads\/sites\/27\/2017\/05\/18342710_1686352458059219_4501551369215288738_n.jpg","contentUrl":"https:\/\/www.camac-harps.com\/blog\/wp-content\/uploads\/sites\/27\/2017\/05\/18342710_1686352458059219_4501551369215288738_n.jpg","width":960,"height":960,"caption":"The harp jury deliberate. L-R: Emanuela Degli Esposti, Stasa Mirkovic Grujic, Chantal Mathieu"},{"@type":"BreadcrumbList","@id":"https:\/\/www.camac-harps.com\/blog\/en\/news\/petar-konjovic-results-2017\/#breadcrumb","itemListElement":[{"@type":"ListItem","position":1,"name":"Home","item":"https:\/\/www.camac-harps.com\/blog\/en\/"},{"@type":"ListItem","position":2,"name":"Results of the 22nd Petar Konjovi\u0107 Competition"}]},{"@type":"WebSite","@id":"https:\/\/www.camac-harps.com\/blog\/en\/#website","url":"https:\/\/www.camac-harps.com\/blog\/en\/","name":"Camac Harps","description":"","potentialAction":[{"@type":"SearchAction","target":{"@type":"EntryPoint","urlTemplate":"https:\/\/www.camac-harps.com\/blog\/en\/?s={search_term_string}"},"query-input":{"@type":"PropertyValueSpecification","valueRequired":true,"valueName":"search_term_string"}}],"inLanguage":"en-US"},{"@type":"Person","@id":"https:\/\/www.camac-harps.com\/blog\/en\/#\/schema\/person\/59b9e6843c0338179fb914afaf144d22","name":"Helen Leitner","image":{"@type":"ImageObject","inLanguage":"en-US","@id":"https:\/\/www.camac-harps.com\/blog\/en\/#\/schema\/person\/image\/","url":"https:\/\/secure.gravatar.com\/avatar\/ebbebff931219cff4c2d1e25c3229b2e036693f67bf237fb12f452d7a019a6da?s=96&d=mm&r=g","contentUrl":"https:\/\/secure.gravatar.com\/avatar\/ebbebff931219cff4c2d1e25c3229b2e036693f67bf237fb12f452d7a019a6da?s=96&d=mm&r=g","caption":"Helen Leitner"},"url":"https:\/\/www.camac-harps.com\/blog\/en\/author\/ltnr\/"}]}},"_links":{"self":[{"href":"https:\/\/www.camac-harps.com\/blog\/en\/wp-json\/wp\/v2\/posts\/5705","targetHints":{"allow":["GET"]}}],"collection":[{"href":"https:\/\/www.camac-harps.com\/blog\/en\/wp-json\/wp\/v2\/posts"}],"about":[{"href":"https:\/\/www.camac-harps.com\/blog\/en\/wp-json\/wp\/v2\/types\/post"}],"author":[{"embeddable":true,"href":"https:\/\/www.camac-harps.com\/blog\/en\/wp-json\/wp\/v2\/users\/3"}],"replies":[{"embeddable":true,"href":"https:\/\/www.camac-harps.com\/blog\/en\/wp-json\/wp\/v2\/comments?post=5705"}],"version-history":[{"count":1,"href":"https:\/\/www.camac-harps.com\/blog\/en\/wp-json\/wp\/v2\/posts\/5705\/revisions"}],"predecessor-version":[{"id":20849,"href":"https:\/\/www.camac-harps.com\/blog\/en\/wp-json\/wp\/v2\/posts\/5705\/revisions\/20849"}],"wp:featuredmedia":[{"embeddable":true,"href":"https:\/\/www.camac-harps.com\/blog\/en\/wp-json\/wp\/v2\/media\/5708"}],"wp:attachment":[{"href":"https:\/\/www.camac-harps.com\/blog\/en\/wp-json\/wp\/v2\/media?parent=5705"}],"wp:term":[{"taxonomy":"category","embeddable":true,"href":"https:\/\/www.camac-harps.com\/blog\/en\/wp-json\/wp\/v2\/categories?post=5705"},{"taxonomy":"post_tag","embeddable":true,"href":"https:\/\/www.camac-harps.com\/blog\/en\/wp-json\/wp\/v2\/tags?post=5705"}],"curies":[{"name":"wp","href":"https:\/\/api.w.org\/{rel}","templated":true}]}}