{"id":1556,"date":"2015-08-24T10:25:17","date_gmt":"2015-08-24T10:25:17","guid":{"rendered":"http:\/\/www.harpblog.info\/?p=1556"},"modified":"2017-07-01T20:17:20","modified_gmt":"2017-07-01T20:17:20","slug":"une-foret-de-harpes-sur-les-rives-du-lac-constance","status":"publish","type":"post","link":"https:\/\/www.camac-harps.com\/blog\/fr\/actualites\/une-foret-de-harpes-sur-les-rives-du-lac-constance\/","title":{"rendered":"Une for\u00eat de harpes sur les rives du Lac Constance"},"content":{"rendered":"<p><a href=\"https:\/\/www.camac-harps.com\/wp-content\/uploads\/sites\/27\/2015\/04\/tettnang1web.jpg\"><img loading=\"lazy\" decoding=\"async\" class=\"alignleft size-medium wp-image-1542\" src=\"https:\/\/www.camac-harps.com\/wp-content\/uploads\/sites\/27\/2015\/04\/tettnang1web-300x203.jpg\" alt=\"Vielsaitig auf Tour \/ Tettang\" width=\"300\" height=\"203\" srcset=\"https:\/\/www.camac-harps.com\/blog\/wp-content\/uploads\/sites\/27\/2015\/04\/tettnang1web-300x203.jpg 300w, https:\/\/www.camac-harps.com\/blog\/wp-content\/uploads\/sites\/27\/2015\/04\/tettnang1web-800x541.jpg 800w, https:\/\/www.camac-harps.com\/blog\/wp-content\/uploads\/sites\/27\/2015\/04\/tettnang1web-463x315.jpg 463w, https:\/\/www.camac-harps.com\/blog\/wp-content\/uploads\/sites\/27\/2015\/04\/tettnang1web-768x520.jpg 768w, https:\/\/www.camac-harps.com\/blog\/wp-content\/uploads\/sites\/27\/2015\/04\/tettnang1web-55x37.jpg 55w, https:\/\/www.camac-harps.com\/blog\/wp-content\/uploads\/sites\/27\/2015\/04\/tettnang1web-250x169.jpg 250w, https:\/\/www.camac-harps.com\/blog\/wp-content\/uploads\/sites\/27\/2015\/04\/tettnang1web.jpg 950w\" sizes=\"auto, (max-width: 300px) 100vw, 300px\" \/><\/a><\/p>\n<p>Nous nous sommes rendus \u00e0 Tettnang, sur les rives du Lac Constance, en Allemagne, avec <a href=\"http:\/\/nikolazcadoret.jimdo.com\/\">Nikolaz Cadoret<\/a>\u00a0et nos partenaires de la <a href=\"http:\/\/www.harfengalerie.de\/\">Harfengalerie Camac Berlin<\/a>. Cette collaboration faisait partie du projet <a href=\"http:\/\/www.harpblog.info\/le_harp\/2015\/03\/harfengalerie-camac-berlin-vielsaitig-auf-tour.html\">Vielsaitig<\/a>\u00a0de la Harfengalerie, et proposait \u00e0 la fois un \u00e9v\u00e9nement artistique, une exposition d\u2019instruments et un service apr\u00e8s-vente, dans divers centres r\u00e9gionaux \u00e0 travers toute l\u2019Allemagne.<\/p>\n<p>Nous avons re\u00e7u un accueil fantastique de la part de la <a href=\"http:\/\/www.musikschule-tettnang.de\/index.php?idcat=1\">Musikschule Tettnang<\/a>. Le succ\u00e8s de nos projets itin\u00e9rants est en r\u00e9alit\u00e9 le succ\u00e8s d\u2019une \u00e9quipe, d\u2019une collaboration lors de laquelle nous travaillons tous ensemble avec des harpistes, des \u00e9l\u00e8ves, des parents et des institutions pour cr\u00e9er une superbe exp\u00e9rience pour chacun.<\/p>\n<div id=\"attachment_1544\" class=\"wp-caption alignright\" style=\"width: 150px\"><a href=\"https:\/\/www.camac-harps.com\/wp-content\/uploads\/sites\/27\/2015\/04\/7899516_1_5953qeg0_c.jpg\"><img loading=\"lazy\" decoding=\"async\" class=\"size-thumbnail wp-image-1544\" src=\"https:\/\/www.camac-harps.com\/wp-content\/uploads\/sites\/27\/2015\/04\/7899516_1_5953qeg0_c-150x150.jpg\" alt=\"Simone H\u00e4usler\" width=\"150\" height=\"150\" \/><\/a><p class=\"wp-caption-text\">Simone H\u00e4usler<\/p><\/div>\n<p><!--more-->Simone H\u00e4usler, professeur de harpe \u00e0 Tettnang, a actuellement plus de soixante \u00e9l\u00e8ves dans sa classe (elle a m\u00eame eu jusqu\u2019\u00e0 une centaine d\u2019\u00e9l\u00e8ves avant de rejoindre l\u2019\u00e9quipe de direction de l\u2019\u00e9cole\u00a0!). Lorsque son ensemble \u00ab\u00a0Viva la Harpa\u00a0\u00bb, compos\u00e9 d\u2019\u00e9l\u00e8ves harpistes, se produit en concert, ce sont soixante-dix harpistes qui se retrouvent ensemble sur sc\u00e8ne ! Alexis et son d\u00e9sormais c\u00e9l\u00e8bre <a href=\"http:\/\/www.harpblog.info\/le_harp\/2010\/05\/housses-de-transports-crawl.html\">HDT crawl<\/a> sont donc battus\u00a0!<\/p>\n<p>Il est \u00e9galement difficile qu\u2019un \u00e9v\u00e9nement soit rat\u00e9 s\u2019il est entre les mains de <a href=\"http:\/\/nikolazcadoret.jimdo.com\/\">Nikolaz Cadoret<\/a>, qui fait partie actuellement des harpistes celtiques les plus virtuoses et dynamiques. Il a commenc\u00e9 par un atelier sur la musique bretonne. Les participants ont d\u2019abord d\u00fb abandonner leurs pupitres, car ils allaient jouer d\u2019oreille, puis ils ont \u00e9galement d\u00fb abandonner (temporairement\u00a0!) leurs harpes\u2026 En effet, les stagiaires ont d\u2019abord dans\u00e9, puis chant\u00e9, puis jou\u00e9 d\u2019oreille et enfin improvis\u00e9. Pour finir, la tradition et la modernit\u00e9 se sont rejointes, avec le concours \u00e9difiant de la\u00a0<a href=\"https:\/\/camac-harps.com\/fr\/harpes\/harpes-electriques\/dhc-blue-light-32\">harpe \u00e9lectrique DHC<\/a>.<\/p>\n<p>Nous nous sommes rendus dans la splendide Rittersaal du Castle Tettnang, pour assister au concert de cl\u00f4ture. L\u00e0, le hall \u00e9tait rempli de personnes nous attendant patiemment. La presse \u00e9tait l\u00e0, le public \u00e9tait l\u00e0. Il y avait des affiches partout dans la ville\u2026 Au final, ce n\u2019\u00e9tait pas uniquement les \u00e9l\u00e8ves harpistes et leurs parents, mais toute la ville qui montrait son engouement pour cet \u00e9v\u00e9nement.<\/p>\n<p><a href=\"https:\/\/www.camac-harps.com\/wp-content\/uploads\/sites\/27\/2015\/04\/tettnang-2web.jpg\"><img loading=\"lazy\" decoding=\"async\" class=\"alignleft size-medium wp-image-1543\" src=\"https:\/\/www.camac-harps.com\/wp-content\/uploads\/sites\/27\/2015\/04\/tettnang-2web-300x300.jpg\" alt=\"Rittersaal Tettnang\" width=\"300\" height=\"300\" srcset=\"https:\/\/www.camac-harps.com\/blog\/wp-content\/uploads\/sites\/27\/2015\/04\/tettnang-2web-300x300.jpg 300w, https:\/\/www.camac-harps.com\/blog\/wp-content\/uploads\/sites\/27\/2015\/04\/tettnang-2web-150x150.jpg 150w, https:\/\/www.camac-harps.com\/blog\/wp-content\/uploads\/sites\/27\/2015\/04\/tettnang-2web-768x768.jpg 768w, https:\/\/www.camac-harps.com\/blog\/wp-content\/uploads\/sites\/27\/2015\/04\/tettnang-2web-800x800.jpg 800w, https:\/\/www.camac-harps.com\/blog\/wp-content\/uploads\/sites\/27\/2015\/04\/tettnang-2web-55x55.jpg 55w, https:\/\/www.camac-harps.com\/blog\/wp-content\/uploads\/sites\/27\/2015\/04\/tettnang-2web-250x250.jpg 250w, https:\/\/www.camac-harps.com\/blog\/wp-content\/uploads\/sites\/27\/2015\/04\/tettnang-2web.jpg 950w\" sizes=\"auto, (max-width: 300px) 100vw, 300px\" \/><\/a><\/p>\n<p>Simone H\u00e4usler et sa dynamique \u00e9cole de musique proposent de nombreuses exp\u00e9riences musicales, toutes plus vari\u00e9es les unes que les autres, et accessibles au plus grand nombre de leurs \u00e9l\u00e8ves. Et tout cela est vraiment essentiel. Les \u00e9coles de musique sont parfois catalogu\u00e9es comme \u00e9tant juste la premi\u00e8re \u00e9tape d\u2019un voyage qui prendra de l\u2019importance plus tard, mais rien ne peut \u00eatre plus \u00e9loign\u00e9 de la r\u00e9alit\u00e9. Les bonnes \u00e9coles de musique sont le socle de notre culture musicale. Si l\u2019enseignement dans les \u00e9coles de musique est de faible qualit\u00e9, les \u00e9l\u00e8ves se pr\u00e9sentent \u00e0 l\u2019entr\u00e9e du conservatoire, esp\u00e9rant pouvoir faire de la musique leur m\u00e9tier, et n\u2019ont en fait aucune chance. En dehors de ce que vous choisissez comme m\u00e9tier, il existe un nombre incalculable d\u2019\u00e9tudes sur l\u2019importance de la musique dans le d\u00e9veloppement personnel et social de l\u2019enfant. Shelley Fairplay, une enseignante aussi tr\u00e8s dynamique avec beaucoup d\u2019\u00e9l\u00e8ves et un ensemble tr\u00e8s \u00e9nergique,\u00a0nous disait l&rsquo;an dernier : \u00ab\u00a0J&rsquo;ai \u00e9galement travaill\u00e9 pendant deux ans en tant qu&rsquo;institutrice en \u00e9cole primaire avant d&rsquo;\u00eatre enti\u00e8rement accapar\u00e9e par mon activit\u00e9 harpistique (\u2026). Je suis arriv\u00e9e dans mon \u00e9cole et j&rsquo;ai d\u00e9couvert que jusqu&rsquo;\u00e0 l&rsquo;\u00e2ge de six ans, les enfants n&rsquo;avaient jamais chant\u00e9 autrement qu&rsquo;avec une bande-son, jamais avec de la vraie musique. Comme les bandes-son sont souvent mises tr\u00e8s fortes, il est impossible de vraiment entendre ce que l&rsquo;on chante, si bien que la plupart des enfants ne savait pas du tout chanter juste. Ils ne savaient pas \u00e9couter une m\u00e9lodie et la chanter, ils pouvaient \u00e0 peine taper la pulsation, et ne parvenaient pas \u00e0 cr\u00e9er quelque sorte de musique que ce soit puisqu&rsquo;ils n&rsquo;en avaient jamais eu l&rsquo;occasion.\u00a0\u00bb<\/p>\n<p>Plus positivement, l\u2019\u00e9cole de musique de Tettnang propose des cours pour les m\u00e8res et leurs enfants \u00e0 partir de l\u2019\u00e2ge de deux ans, ainsi que des cours en \u00e9coles primaires, des cours pour des enfants aux besoins sp\u00e9cifiques, et des cours pour les enfants et jeunes gens en situation de handicap physique.<\/p>\n<p>Comme nous l\u2019a montr\u00e9 le large public pr\u00e9sent au Castle Tettnang, les nombreux \u00e9v\u00e9nements organis\u00e9s par la Musikschule la place aussi au c\u0153ur de la communaut\u00e9 locale. La musique est importante aux yeux de beaucoup de gens, quel que soit leur \u00e2ge, leur milieu, leur parcours, et ne touche pas seulement ceux qui fr\u00e9quentent les \u00e9coles de musique. Et c\u2019est cela qui garde la musique vivante.<\/p>\n","protected":false},"excerpt":{"rendered":"<p>Nous nous sommes rendus \u00e0 Tettnang, sur les rives du Lac Constance, en Allemagne, avec Nikolaz Cadoret\u00a0et nos partenaires de la Harfengalerie Camac Berlin. Cette collaboration faisait partie du projet Vielsaitig\u00a0de la Harfengalerie, et proposait \u00e0 la fois un \u00e9v\u00e9nement artistique, une exposition d\u2019instruments et un service apr\u00e8s-vente, dans divers centres r\u00e9gionaux \u00e0 travers toute l\u2019Allemagne. Nous avons re\u00e7u un accueil fantastique de la part de la Musikschule Tettnang. Le succ\u00e8s de nos projets itin\u00e9rants est en r\u00e9alit\u00e9 le succ\u00e8s d\u2019une \u00e9quipe, d\u2019une collaboration lors de laquelle nous travaillons tous ensemble avec des harpistes, des \u00e9l\u00e8ves, des parents et des institutions pour cr\u00e9er une superbe exp\u00e9rience pour chacun.<\/p>\n","protected":false},"author":3,"featured_media":1542,"comment_status":"open","ping_status":"open","sticky":false,"template":"","format":"standard","meta":{"_acf_changed":false,"footnotes":""},"categories":[533],"tags":[790,783,791],"class_list":["post-1556","post","type-post","status-publish","format-standard","has-post-thumbnail","hentry","category-actualites","tag-camac-dans-le-monde","tag-stages","tag-vos-projets"],"acf":[],"yoast_head":"<title>Une for\u00eat de harpes sur les rives du Lac Constance - Camac Harps<\/title>\n<meta name=\"robots\" content=\"index, follow, max-snippet:-1, max-image-preview:large, max-video-preview:-1\" \/>\n<link rel=\"canonical\" href=\"https:\/\/www.camac-harps.com\/blog\/fr\/actualites\/une-foret-de-harpes-sur-les-rives-du-lac-constance\/\" \/>\n<meta property=\"og:locale\" content=\"fr_FR\" \/>\n<meta property=\"og:type\" content=\"article\" \/>\n<meta property=\"og:title\" content=\"Une for\u00eat de harpes sur les rives du Lac Constance - Camac Harps\" \/>\n<meta property=\"og:description\" content=\"Nous nous sommes rendus \u00e0 Tettnang, sur les rives du Lac Constance, en Allemagne, avec Nikolaz Cadoret\u00a0et nos partenaires de la Harfengalerie Camac Berlin. Cette collaboration faisait partie du projet Vielsaitig\u00a0de la Harfengalerie, et proposait \u00e0 la fois un \u00e9v\u00e9nement artistique, une exposition d\u2019instruments et un service apr\u00e8s-vente, dans divers centres r\u00e9gionaux \u00e0 travers toute l\u2019Allemagne. Nous avons re\u00e7u un accueil fantastique de la part de la Musikschule Tettnang. Le succ\u00e8s de nos projets itin\u00e9rants est en r\u00e9alit\u00e9 le succ\u00e8s d\u2019une \u00e9quipe, d\u2019une collaboration lors de laquelle nous travaillons tous ensemble avec des harpistes, des \u00e9l\u00e8ves, des parents et des institutions pour cr\u00e9er une superbe exp\u00e9rience pour chacun.\" \/>\n<meta property=\"og:url\" content=\"https:\/\/www.camac-harps.com\/blog\/fr\/actualites\/une-foret-de-harpes-sur-les-rives-du-lac-constance\/\" \/>\n<meta property=\"og:site_name\" content=\"Camac Harps\" \/>\n<meta property=\"article:published_time\" content=\"2015-08-24T10:25:17+00:00\" \/>\n<meta property=\"article:modified_time\" content=\"2017-07-01T20:17:20+00:00\" \/>\n<meta property=\"og:image\" content=\"https:\/\/www.camac-harps.com\/blog\/wp-content\/uploads\/sites\/27\/2015\/04\/tettnang1web.jpg\" \/>\n\t<meta property=\"og:image:width\" content=\"950\" \/>\n\t<meta property=\"og:image:height\" content=\"643\" \/>\n\t<meta property=\"og:image:type\" content=\"image\/jpeg\" \/>\n<meta name=\"author\" content=\"Helen Leitner\" \/>\n<meta name=\"twitter:card\" content=\"summary_large_image\" \/>\n<meta name=\"twitter:label1\" content=\"\u00c9crit par\" \/>\n\t<meta name=\"twitter:data1\" content=\"Helen Leitner\" \/>\n\t<meta name=\"twitter:label2\" content=\"Dur\u00e9e de lecture estim\u00e9e\" \/>\n\t<meta name=\"twitter:data2\" content=\"4 minutes\" \/>\n<script type=\"application\/ld+json\" class=\"yoast-schema-graph\">{\"@context\":\"https:\/\/schema.org\",\"@graph\":[{\"@type\":\"Article\",\"@id\":\"https:\/\/www.camac-harps.com\/blog\/fr\/actualites\/une-foret-de-harpes-sur-les-rives-du-lac-constance\/#article\",\"isPartOf\":{\"@id\":\"https:\/\/www.camac-harps.com\/blog\/fr\/actualites\/une-foret-de-harpes-sur-les-rives-du-lac-constance\/\"},\"author\":{\"name\":\"Helen Leitner\",\"@id\":\"https:\/\/www.camac-harps.com\/blog\/fr\/#\/schema\/person\/59b9e6843c0338179fb914afaf144d22\"},\"headline\":\"Une for\u00eat de harpes sur les rives du Lac Constance\",\"datePublished\":\"2015-08-24T10:25:17+00:00\",\"dateModified\":\"2017-07-01T20:17:20+00:00\",\"mainEntityOfPage\":{\"@id\":\"https:\/\/www.camac-harps.com\/blog\/fr\/actualites\/une-foret-de-harpes-sur-les-rives-du-lac-constance\/\"},\"wordCount\":839,\"commentCount\":0,\"image\":{\"@id\":\"https:\/\/www.camac-harps.com\/blog\/fr\/actualites\/une-foret-de-harpes-sur-les-rives-du-lac-constance\/#primaryimage\"},\"thumbnailUrl\":\"https:\/\/www.camac-harps.com\/blog\/wp-content\/uploads\/sites\/27\/2015\/04\/tettnang1web.jpg\",\"keywords\":[\"Camac dans le monde\",\"stages\",\"vos projets\"],\"articleSection\":[\"Actualit\u00e9s\"],\"inLanguage\":\"fr-FR\",\"potentialAction\":[{\"@type\":\"CommentAction\",\"name\":\"Comment\",\"target\":[\"https:\/\/www.camac-harps.com\/blog\/fr\/actualites\/une-foret-de-harpes-sur-les-rives-du-lac-constance\/#respond\"]}]},{\"@type\":\"WebPage\",\"@id\":\"https:\/\/www.camac-harps.com\/blog\/fr\/actualites\/une-foret-de-harpes-sur-les-rives-du-lac-constance\/\",\"url\":\"https:\/\/www.camac-harps.com\/blog\/fr\/actualites\/une-foret-de-harpes-sur-les-rives-du-lac-constance\/\",\"name\":\"Une for\u00eat de harpes sur les rives du Lac Constance - Camac Harps\",\"isPartOf\":{\"@id\":\"https:\/\/www.camac-harps.com\/blog\/fr\/#website\"},\"primaryImageOfPage\":{\"@id\":\"https:\/\/www.camac-harps.com\/blog\/fr\/actualites\/une-foret-de-harpes-sur-les-rives-du-lac-constance\/#primaryimage\"},\"image\":{\"@id\":\"https:\/\/www.camac-harps.com\/blog\/fr\/actualites\/une-foret-de-harpes-sur-les-rives-du-lac-constance\/#primaryimage\"},\"thumbnailUrl\":\"https:\/\/www.camac-harps.com\/blog\/wp-content\/uploads\/sites\/27\/2015\/04\/tettnang1web.jpg\",\"datePublished\":\"2015-08-24T10:25:17+00:00\",\"dateModified\":\"2017-07-01T20:17:20+00:00\",\"author\":{\"@id\":\"https:\/\/www.camac-harps.com\/blog\/fr\/#\/schema\/person\/59b9e6843c0338179fb914afaf144d22\"},\"breadcrumb\":{\"@id\":\"https:\/\/www.camac-harps.com\/blog\/fr\/actualites\/une-foret-de-harpes-sur-les-rives-du-lac-constance\/#breadcrumb\"},\"inLanguage\":\"fr-FR\",\"potentialAction\":[{\"@type\":\"ReadAction\",\"target\":[\"https:\/\/www.camac-harps.com\/blog\/fr\/actualites\/une-foret-de-harpes-sur-les-rives-du-lac-constance\/\"]}]},{\"@type\":\"ImageObject\",\"inLanguage\":\"fr-FR\",\"@id\":\"https:\/\/www.camac-harps.com\/blog\/fr\/actualites\/une-foret-de-harpes-sur-les-rives-du-lac-constance\/#primaryimage\",\"url\":\"https:\/\/www.camac-harps.com\/blog\/wp-content\/uploads\/sites\/27\/2015\/04\/tettnang1web.jpg\",\"contentUrl\":\"https:\/\/www.camac-harps.com\/blog\/wp-content\/uploads\/sites\/27\/2015\/04\/tettnang1web.jpg\",\"width\":950,\"height\":643,\"caption\":\"Vielsaitig auf Tour \/ Tettang\"},{\"@type\":\"BreadcrumbList\",\"@id\":\"https:\/\/www.camac-harps.com\/blog\/fr\/actualites\/une-foret-de-harpes-sur-les-rives-du-lac-constance\/#breadcrumb\",\"itemListElement\":[{\"@type\":\"ListItem\",\"position\":1,\"name\":\"Home\",\"item\":\"https:\/\/www.camac-harps.com\/blog\/fr\/\"},{\"@type\":\"ListItem\",\"position\":2,\"name\":\"Une for\u00eat de harpes sur les rives du Lac Constance\"}]},{\"@type\":\"WebSite\",\"@id\":\"https:\/\/www.camac-harps.com\/blog\/fr\/#website\",\"url\":\"https:\/\/www.camac-harps.com\/blog\/fr\/\",\"name\":\"Camac Harps\",\"description\":\"\",\"potentialAction\":[{\"@type\":\"SearchAction\",\"target\":{\"@type\":\"EntryPoint\",\"urlTemplate\":\"https:\/\/www.camac-harps.com\/blog\/fr\/?s={search_term_string}\"},\"query-input\":{\"@type\":\"PropertyValueSpecification\",\"valueRequired\":true,\"valueName\":\"search_term_string\"}}],\"inLanguage\":\"fr-FR\"},{\"@type\":\"Person\",\"@id\":\"https:\/\/www.camac-harps.com\/blog\/fr\/#\/schema\/person\/59b9e6843c0338179fb914afaf144d22\",\"name\":\"Helen Leitner\",\"image\":{\"@type\":\"ImageObject\",\"inLanguage\":\"fr-FR\",\"@id\":\"https:\/\/www.camac-harps.com\/blog\/fr\/#\/schema\/person\/image\/\",\"url\":\"https:\/\/secure.gravatar.com\/avatar\/ebbebff931219cff4c2d1e25c3229b2e036693f67bf237fb12f452d7a019a6da?s=96&d=mm&r=g\",\"contentUrl\":\"https:\/\/secure.gravatar.com\/avatar\/ebbebff931219cff4c2d1e25c3229b2e036693f67bf237fb12f452d7a019a6da?s=96&d=mm&r=g\",\"caption\":\"Helen Leitner\"},\"url\":\"https:\/\/www.camac-harps.com\/blog\/fr\/author\/ltnr\/\"}]}<\/script>","yoast_head_json":{"title":"Une for\u00eat de harpes sur les rives du Lac Constance - Camac Harps","robots":{"index":"index","follow":"follow","max-snippet":"max-snippet:-1","max-image-preview":"max-image-preview:large","max-video-preview":"max-video-preview:-1"},"canonical":"https:\/\/www.camac-harps.com\/blog\/fr\/actualites\/une-foret-de-harpes-sur-les-rives-du-lac-constance\/","og_locale":"fr_FR","og_type":"article","og_title":"Une for\u00eat de harpes sur les rives du Lac Constance - Camac Harps","og_description":"Nous nous sommes rendus \u00e0 Tettnang, sur les rives du Lac Constance, en Allemagne, avec Nikolaz Cadoret\u00a0et nos partenaires de la Harfengalerie Camac Berlin. Cette collaboration faisait partie du projet Vielsaitig\u00a0de la Harfengalerie, et proposait \u00e0 la fois un \u00e9v\u00e9nement artistique, une exposition d\u2019instruments et un service apr\u00e8s-vente, dans divers centres r\u00e9gionaux \u00e0 travers toute l\u2019Allemagne. Nous avons re\u00e7u un accueil fantastique de la part de la Musikschule Tettnang. Le succ\u00e8s de nos projets itin\u00e9rants est en r\u00e9alit\u00e9 le succ\u00e8s d\u2019une \u00e9quipe, d\u2019une collaboration lors de laquelle nous travaillons tous ensemble avec des harpistes, des \u00e9l\u00e8ves, des parents et des institutions pour cr\u00e9er une superbe exp\u00e9rience pour chacun.","og_url":"https:\/\/www.camac-harps.com\/blog\/fr\/actualites\/une-foret-de-harpes-sur-les-rives-du-lac-constance\/","og_site_name":"Camac Harps","article_published_time":"2015-08-24T10:25:17+00:00","article_modified_time":"2017-07-01T20:17:20+00:00","og_image":[{"width":950,"height":643,"url":"https:\/\/www.camac-harps.com\/blog\/wp-content\/uploads\/sites\/27\/2015\/04\/tettnang1web.jpg","type":"image\/jpeg"}],"author":"Helen Leitner","twitter_card":"summary_large_image","twitter_misc":{"\u00c9crit par":"Helen Leitner","Dur\u00e9e de lecture estim\u00e9e":"4 minutes"},"schema":{"@context":"https:\/\/schema.org","@graph":[{"@type":"Article","@id":"https:\/\/www.camac-harps.com\/blog\/fr\/actualites\/une-foret-de-harpes-sur-les-rives-du-lac-constance\/#article","isPartOf":{"@id":"https:\/\/www.camac-harps.com\/blog\/fr\/actualites\/une-foret-de-harpes-sur-les-rives-du-lac-constance\/"},"author":{"name":"Helen Leitner","@id":"https:\/\/www.camac-harps.com\/blog\/fr\/#\/schema\/person\/59b9e6843c0338179fb914afaf144d22"},"headline":"Une for\u00eat de harpes sur les rives du Lac Constance","datePublished":"2015-08-24T10:25:17+00:00","dateModified":"2017-07-01T20:17:20+00:00","mainEntityOfPage":{"@id":"https:\/\/www.camac-harps.com\/blog\/fr\/actualites\/une-foret-de-harpes-sur-les-rives-du-lac-constance\/"},"wordCount":839,"commentCount":0,"image":{"@id":"https:\/\/www.camac-harps.com\/blog\/fr\/actualites\/une-foret-de-harpes-sur-les-rives-du-lac-constance\/#primaryimage"},"thumbnailUrl":"https:\/\/www.camac-harps.com\/blog\/wp-content\/uploads\/sites\/27\/2015\/04\/tettnang1web.jpg","keywords":["Camac dans le monde","stages","vos projets"],"articleSection":["Actualit\u00e9s"],"inLanguage":"fr-FR","potentialAction":[{"@type":"CommentAction","name":"Comment","target":["https:\/\/www.camac-harps.com\/blog\/fr\/actualites\/une-foret-de-harpes-sur-les-rives-du-lac-constance\/#respond"]}]},{"@type":"WebPage","@id":"https:\/\/www.camac-harps.com\/blog\/fr\/actualites\/une-foret-de-harpes-sur-les-rives-du-lac-constance\/","url":"https:\/\/www.camac-harps.com\/blog\/fr\/actualites\/une-foret-de-harpes-sur-les-rives-du-lac-constance\/","name":"Une for\u00eat de harpes sur les rives du Lac Constance - Camac Harps","isPartOf":{"@id":"https:\/\/www.camac-harps.com\/blog\/fr\/#website"},"primaryImageOfPage":{"@id":"https:\/\/www.camac-harps.com\/blog\/fr\/actualites\/une-foret-de-harpes-sur-les-rives-du-lac-constance\/#primaryimage"},"image":{"@id":"https:\/\/www.camac-harps.com\/blog\/fr\/actualites\/une-foret-de-harpes-sur-les-rives-du-lac-constance\/#primaryimage"},"thumbnailUrl":"https:\/\/www.camac-harps.com\/blog\/wp-content\/uploads\/sites\/27\/2015\/04\/tettnang1web.jpg","datePublished":"2015-08-24T10:25:17+00:00","dateModified":"2017-07-01T20:17:20+00:00","author":{"@id":"https:\/\/www.camac-harps.com\/blog\/fr\/#\/schema\/person\/59b9e6843c0338179fb914afaf144d22"},"breadcrumb":{"@id":"https:\/\/www.camac-harps.com\/blog\/fr\/actualites\/une-foret-de-harpes-sur-les-rives-du-lac-constance\/#breadcrumb"},"inLanguage":"fr-FR","potentialAction":[{"@type":"ReadAction","target":["https:\/\/www.camac-harps.com\/blog\/fr\/actualites\/une-foret-de-harpes-sur-les-rives-du-lac-constance\/"]}]},{"@type":"ImageObject","inLanguage":"fr-FR","@id":"https:\/\/www.camac-harps.com\/blog\/fr\/actualites\/une-foret-de-harpes-sur-les-rives-du-lac-constance\/#primaryimage","url":"https:\/\/www.camac-harps.com\/blog\/wp-content\/uploads\/sites\/27\/2015\/04\/tettnang1web.jpg","contentUrl":"https:\/\/www.camac-harps.com\/blog\/wp-content\/uploads\/sites\/27\/2015\/04\/tettnang1web.jpg","width":950,"height":643,"caption":"Vielsaitig auf Tour \/ Tettang"},{"@type":"BreadcrumbList","@id":"https:\/\/www.camac-harps.com\/blog\/fr\/actualites\/une-foret-de-harpes-sur-les-rives-du-lac-constance\/#breadcrumb","itemListElement":[{"@type":"ListItem","position":1,"name":"Home","item":"https:\/\/www.camac-harps.com\/blog\/fr\/"},{"@type":"ListItem","position":2,"name":"Une for\u00eat de harpes sur les rives du Lac Constance"}]},{"@type":"WebSite","@id":"https:\/\/www.camac-harps.com\/blog\/fr\/#website","url":"https:\/\/www.camac-harps.com\/blog\/fr\/","name":"Camac Harps","description":"","potentialAction":[{"@type":"SearchAction","target":{"@type":"EntryPoint","urlTemplate":"https:\/\/www.camac-harps.com\/blog\/fr\/?s={search_term_string}"},"query-input":{"@type":"PropertyValueSpecification","valueRequired":true,"valueName":"search_term_string"}}],"inLanguage":"fr-FR"},{"@type":"Person","@id":"https:\/\/www.camac-harps.com\/blog\/fr\/#\/schema\/person\/59b9e6843c0338179fb914afaf144d22","name":"Helen Leitner","image":{"@type":"ImageObject","inLanguage":"fr-FR","@id":"https:\/\/www.camac-harps.com\/blog\/fr\/#\/schema\/person\/image\/","url":"https:\/\/secure.gravatar.com\/avatar\/ebbebff931219cff4c2d1e25c3229b2e036693f67bf237fb12f452d7a019a6da?s=96&d=mm&r=g","contentUrl":"https:\/\/secure.gravatar.com\/avatar\/ebbebff931219cff4c2d1e25c3229b2e036693f67bf237fb12f452d7a019a6da?s=96&d=mm&r=g","caption":"Helen Leitner"},"url":"https:\/\/www.camac-harps.com\/blog\/fr\/author\/ltnr\/"}]}},"_links":{"self":[{"href":"https:\/\/www.camac-harps.com\/blog\/fr\/wp-json\/wp\/v2\/posts\/1556","targetHints":{"allow":["GET"]}}],"collection":[{"href":"https:\/\/www.camac-harps.com\/blog\/fr\/wp-json\/wp\/v2\/posts"}],"about":[{"href":"https:\/\/www.camac-harps.com\/blog\/fr\/wp-json\/wp\/v2\/types\/post"}],"author":[{"embeddable":true,"href":"https:\/\/www.camac-harps.com\/blog\/fr\/wp-json\/wp\/v2\/users\/3"}],"replies":[{"embeddable":true,"href":"https:\/\/www.camac-harps.com\/blog\/fr\/wp-json\/wp\/v2\/comments?post=1556"}],"version-history":[{"count":6,"href":"https:\/\/www.camac-harps.com\/blog\/fr\/wp-json\/wp\/v2\/posts\/1556\/revisions"}],"predecessor-version":[{"id":21006,"href":"https:\/\/www.camac-harps.com\/blog\/fr\/wp-json\/wp\/v2\/posts\/1556\/revisions\/21006"}],"wp:featuredmedia":[{"embeddable":true,"href":"https:\/\/www.camac-harps.com\/blog\/fr\/wp-json\/wp\/v2\/media\/1542"}],"wp:attachment":[{"href":"https:\/\/www.camac-harps.com\/blog\/fr\/wp-json\/wp\/v2\/media?parent=1556"}],"wp:term":[{"taxonomy":"category","embeddable":true,"href":"https:\/\/www.camac-harps.com\/blog\/fr\/wp-json\/wp\/v2\/categories?post=1556"},{"taxonomy":"post_tag","embeddable":true,"href":"https:\/\/www.camac-harps.com\/blog\/fr\/wp-json\/wp\/v2\/tags?post=1556"}],"curies":[{"name":"wp","href":"https:\/\/api.w.org\/{rel}","templated":true}]}}