{"id":1931,"date":"2015-10-07T06:00:56","date_gmt":"2015-10-07T06:00:56","guid":{"rendered":"http:\/\/www.harpblog.info\/?p=1931"},"modified":"2017-06-29T07:07:51","modified_gmt":"2017-06-29T07:07:51","slug":"en-attendant-le-festival-camac-j-9","status":"publish","type":"post","link":"https:\/\/www.camac-harps.com\/blog\/fr\/non-classifiee\/en-attendant-le-festival-camac-j-9\/","title":{"rendered":"En attendant le Festival Camac&#8230; J-9 !"},"content":{"rendered":"<p><a href=\"https:\/\/www.camac-harps.com\/wp-content\/uploads\/sites\/27\/2015\/09\/b-banner-fusee-9.jpg\"><img loading=\"lazy\" decoding=\"async\" class=\"aligncenter wp-image-2003 size-full\" src=\"https:\/\/www.camac-harps.com\/wp-content\/uploads\/sites\/27\/2015\/09\/b-banner-fusee-9.jpg\" alt=\"Grand countdown - 9!\" width=\"850\" height=\"250\" srcset=\"https:\/\/www.camac-harps.com\/blog\/wp-content\/uploads\/sites\/27\/2015\/09\/b-banner-fusee-9.jpg 850w, https:\/\/www.camac-harps.com\/blog\/wp-content\/uploads\/sites\/27\/2015\/09\/b-banner-fusee-9-300x88.jpg 300w, https:\/\/www.camac-harps.com\/blog\/wp-content\/uploads\/sites\/27\/2015\/09\/b-banner-fusee-9-768x226.jpg 768w, https:\/\/www.camac-harps.com\/blog\/wp-content\/uploads\/sites\/27\/2015\/09\/b-banner-fusee-9-800x235.jpg 800w, https:\/\/www.camac-harps.com\/blog\/wp-content\/uploads\/sites\/27\/2015\/09\/b-banner-fusee-9-55x16.jpg 55w, https:\/\/www.camac-harps.com\/blog\/wp-content\/uploads\/sites\/27\/2015\/09\/b-banner-fusee-9-250x74.jpg 250w\" sizes=\"auto, (max-width: 850px) 100vw, 850px\" \/><\/a><\/p>\n<p>J-9\u00a0! Plus que 9 jours avant notre\u00a0<a href=\"https:\/\/www.camac-harps.com\/blog\/fr_blog\/2015\/07\/les-harpes-camac-font-leur-festival-a-nancy-2\/\" target=\"_blank\">dixi\u00e8me Festival Camac<\/a>, festival que nous organisons\u00a0chaque ann\u00e9e dans une r\u00e9gion francophone. Aujourd&rsquo;hui, notre cadeau est une partition de <a href=\"http:\/\/www.kimrobertson.net\/about\/index.html\" target=\"_blank\">Kim Robertson<\/a>, qui repr\u00e9sentera la harpe celtique lors de notre traditionnel concert\u00a0\u00ab\u00a0Harp\u00e9lidoskope\u00a0\u00bb du samedi\u00a0soir. Il s&rsquo;agit d&rsquo;une version contemporaine d&rsquo;une pi\u00e8ce peu connue d&rsquo;O&rsquo;Carolan, \u00ab\u00a0Catherine Martin\u00a0\u00bb, extraite du dernier recueil de partitions de Kim intitul\u00e9\u00a0<a href=\"http:\/\/www.verlene.com\/forgetnot.html\" target=\"_blank\">Forget Not The Angels<\/a>. Vous pouvez \u00e9galement \u00e9couter les pi\u00e8ces pr\u00e9sentes dans ce recueil sur le CD \u00e9ponyme que\u00a0vous pouvez vous procurer\u00a0<a href=\"http:\/\/www.gourd.com\/145A.html\" target=\"_blank\">ici<\/a>.<\/p>\n<p><a href=\"http:\/\/www.verlene.com\/forgetnot.html\"><img loading=\"lazy\" decoding=\"async\" class=\"alignright size-medium wp-image-1876\" src=\"https:\/\/www.camac-harps.com\/wp-content\/uploads\/sites\/27\/2015\/10\/gm145cover5-300x300.jpg\" alt=\"Robertson\/Forget Not The Angels\" width=\"300\" height=\"300\" srcset=\"https:\/\/www.camac-harps.com\/blog\/wp-content\/uploads\/sites\/27\/2015\/10\/gm145cover5-300x300.jpg 300w, https:\/\/www.camac-harps.com\/blog\/wp-content\/uploads\/sites\/27\/2015\/10\/gm145cover5-150x150.jpg 150w, https:\/\/www.camac-harps.com\/blog\/wp-content\/uploads\/sites\/27\/2015\/10\/gm145cover5-55x55.jpg 55w, https:\/\/www.camac-harps.com\/blog\/wp-content\/uploads\/sites\/27\/2015\/10\/gm145cover5-250x250.jpg 250w, https:\/\/www.camac-harps.com\/blog\/wp-content\/uploads\/sites\/27\/2015\/10\/gm145cover5.jpg 324w\" sizes=\"auto, (max-width: 300px) 100vw, 300px\" \/><\/a>\u00ab\u00a0Je sais bien qu\u2019il n\u2019y a pas de d\u00e9finition pr\u00e9cise de \u00ab\u00a0celtique\u00a0\u00bb, pourtant \u00ab\u00a0celtique\u00a0\u00bb correspond \u00e0 mon identit\u00e9 artistique. Peut-\u00eatre est-ce un avantage d\u2019\u00eatre am\u00e9ricaine, car je n\u2019ai pas d\u2019h\u00e9ritage irlandais, \u00e9cossais ou breton. L\u2019Am\u00e9rique est un pays d\u2019immigration, et si j\u2019ai \u00e9t\u00e9 attir\u00e9e par la musique celtique, c\u2019\u00e9tait simplement parce que j\u2019aimais cette musique. J\u2019ai grandi dans les ann\u00e9es 60, en pleine p\u00e9riode revival de la musique folk \u2013 San Francisco, Bob Dylan et tout \u00e7a \u2013 et pour moi la harpe celtique a \u00e9t\u00e9 une chance de red\u00e9couvrir la musique folk. Cela me parlait bien plus que la musique classique, alors j\u2019ai laiss\u00e9 tomber la harpe \u00e0 p\u00e9dales.<\/p>\n<p>Peut-\u00eatre que j\u2019avais jou\u00e9 trop de piano, mais le r\u00e9pertoire de la harpe \u00e0 p\u00e9dales me semblait m\u00e9diocre en comparaison. Et cette vie de harpiste classique l\u00e0 o\u00f9 je vivais, dans le Wisconsin, \u00e0 transporter cet \u00e9norme instrument dans ce climat hivernal, et sans vraiment de grande sc\u00e8ne classique\u2026 Peut-\u00eatre que \u00e7a aurait \u00e9t\u00e9 diff\u00e9rent \u00e0 New York, mais \u00e7a ne me faisait vraiment pas envie dans le Wisconsin.<\/p>\n<div id=\"attachment_1877\" class=\"wp-caption alignleft\" style=\"width: 300px\"><a href=\"https:\/\/www.camac-harps.com\/wp-content\/uploads\/sites\/27\/2015\/10\/bd-celtique-verte-avant.jpg\"><img loading=\"lazy\" decoding=\"async\" class=\"size-medium wp-image-1877\" src=\"https:\/\/www.camac-harps.com\/wp-content\/uploads\/sites\/27\/2015\/10\/bd-celtique-verte-avant-300x300.jpg\" alt=\"&quot;Irish&quot; early harp\" width=\"300\" height=\"300\" srcset=\"https:\/\/www.camac-harps.com\/blog\/wp-content\/uploads\/sites\/27\/2015\/10\/bd-celtique-verte-avant-300x300.jpg 300w, https:\/\/www.camac-harps.com\/blog\/wp-content\/uploads\/sites\/27\/2015\/10\/bd-celtique-verte-avant-150x150.jpg 150w, https:\/\/www.camac-harps.com\/blog\/wp-content\/uploads\/sites\/27\/2015\/10\/bd-celtique-verte-avant-768x768.jpg 768w, https:\/\/www.camac-harps.com\/blog\/wp-content\/uploads\/sites\/27\/2015\/10\/bd-celtique-verte-avant-800x800.jpg 800w, https:\/\/www.camac-harps.com\/blog\/wp-content\/uploads\/sites\/27\/2015\/10\/bd-celtique-verte-avant-55x55.jpg 55w, https:\/\/www.camac-harps.com\/blog\/wp-content\/uploads\/sites\/27\/2015\/10\/bd-celtique-verte-avant-250x250.jpg 250w, https:\/\/www.camac-harps.com\/blog\/wp-content\/uploads\/sites\/27\/2015\/10\/bd-celtique-verte-avant.jpg 875w\" sizes=\"auto, (max-width: 300px) 100vw, 300px\" \/><\/a><p class=\"wp-caption-text\">Harpe de type irlandaise, France, vers 1970. Luthiers : Claude et\u00a0Michel Leroux, assist\u00e9s de\u00a0Daniel Paris. Instrument de la collection de harpes anciennes de Camac.<\/p><\/div>\n<p>Le piano classique ou la harpe \u00e0 p\u00e9dales sont des instruments solitaires, et j\u2019ai r\u00e9alis\u00e9 que le milieu celtique \u00e9tait beaucoup plus dr\u00f4le et sociable. Avec la harpe celtique, je pouvais jouer dans plusieurs groupes, participer \u00e0 des rencontres o\u00f9 la musique \u00e9tait une activit\u00e9 d\u2019ensemble, et o\u00f9 tout le monde \u00e9tait uni dans l\u2019amour de la musique.<\/p>\n<p>J\u2019ai trouv\u00e9 ma place dans l\u2019industrie du disque en jouant de la musique new-age, pour la relaxation et la m\u00e9ditation. J\u2019ai eu de la chance, car \u00e0 l\u2019\u00e9poque je fus l\u2019une des premi\u00e8res am\u00e9ricaines \u00e0 m\u2019identifier \u00e0 la harpe celtique\u00a0: il y a beaucoup plus de monde aujourd\u2019hui. J\u2019ai beaucoup aim\u00e9 faire ces enregistrements, car on me laissait jouer ce que je voulais, du moment que \u00e7a sonnait relaxant et m\u00e9ditatif. Alors j\u2019ai commenc\u00e9 \u00e0 composer pour cr\u00e9er des plages sur les CDs. C\u2019est un autre aspect des Am\u00e9ricains\u00a0: vous \u00eates tr\u00e8s libre, les gens ne vous jugent pas. C\u2019est vrai que pour mes premiers disques, c\u2019\u00e9tait une harpiste classique qui jouait de la musique celtique pour un label new-age, mais en Am\u00e9rique cela ne g\u00eane personne, vous pouvez faire ce qui vous pla\u00eet.<\/p>\n<p>J\u2019ai fait ma carri\u00e8re en enregistrant et en donnant des concerts. L\u2019industrie du disque a compl\u00e8tement chang\u00e9, en particulier avec le t\u00e9l\u00e9chargement sur internet. J\u2019ai aussi beaucoup aim\u00e9 publier les partitions de mes arrangements, et rencontrer les gens qui les jouaient au cours de mes voyages. Je les ai d\u00e9lib\u00e9r\u00e9ment con\u00e7us pour qu\u2019ils tombent sous les doigts des harpistes, ainsi on peut facilement les d\u00e9chiffrer pendant un \u00ab\u00a0cacheton\u00a0\u00bb\u2026 J\u2019ai toujours trouv\u00e9 que la musique classique \u00e9tait trop stressante, une simple audition suffit \u00e0 vous donner une crise de nerfs\u00a0! Ce n\u2019est qu\u2019apr\u00e8s un premier atelier avec Derek Bell (le harpiste du c\u00e9l\u00e9brissime groupe irlandais \u00ab\u00a0The Chieftains\u00a0\u00bb) que j\u2019ai d\u00e9couvert que jouer de la harpe pouvait aussi \u00eatre agr\u00e9able.<\/p>\n<p><a href=\"https:\/\/www.camac-harps.com\/wp-content\/uploads\/sites\/27\/2015\/10\/kimrobertson2014-702x336.jpg\"><img loading=\"lazy\" decoding=\"async\" class=\"alignleft wp-image-1878 size-medium\" src=\"https:\/\/www.camac-harps.com\/wp-content\/uploads\/sites\/27\/2015\/10\/kimrobertson2014-702x336-300x144.jpg\" alt=\"Kim Robertson\" width=\"300\" height=\"144\" srcset=\"https:\/\/www.camac-harps.com\/blog\/wp-content\/uploads\/sites\/27\/2015\/10\/kimrobertson2014-702x336-300x144.jpg 300w, https:\/\/www.camac-harps.com\/blog\/wp-content\/uploads\/sites\/27\/2015\/10\/kimrobertson2014-702x336-55x26.jpg 55w, https:\/\/www.camac-harps.com\/blog\/wp-content\/uploads\/sites\/27\/2015\/10\/kimrobertson2014-702x336-250x120.jpg 250w, https:\/\/www.camac-harps.com\/blog\/wp-content\/uploads\/sites\/27\/2015\/10\/kimrobertson2014-702x336.jpg 702w\" sizes=\"auto, (max-width: 300px) 100vw, 300px\" \/><\/a>J\u2019ai aussi remarqu\u00e9 que lorsque je demande au public quelle pi\u00e8ce ils aimeraient entendre \u00e0 nouveau, ils demandent toujours une pi\u00e8ce lente, jamais une rapide. Et il y a une tr\u00e8s belle lenteur dans la musique celtique, quelque chose qui vient de l\u2019espace entre les notes. Peut-\u00eatre que mon travail, c\u2019est de communiquer cet espace entre les notes.\u00a0\u00bb<\/p>\n<p>Il n&rsquo;est pas trop tard pour\u00a0recevoir la partition de \u00ab\u00a0Catherine Martin\u00a0\u00bb ! Rejoignez notre liste de diffusion sp\u00e9cialement cr\u00e9\u00e9e pour l&rsquo;occasion, en remplissant le petit formulaire !<\/p>\n<p>&nbsp;<\/p>\n<p>[mc4wp_form id=\u00a0\u00bb2025&Prime;]<\/p>\n","protected":false},"excerpt":{"rendered":"<p>Plus que 7 jours avant la dixi\u00e8me \u00e9dition du Festival Camac \u00e0 Nancy ! Nous vous offrons aujourd&rsquo;hui la partition de l&rsquo;arrangement de \u00ab\u00a0Catherine Martin\u00a0\u00bb par Kim Robertson.<\/p>\n","protected":false},"author":3,"featured_media":2281,"comment_status":"open","ping_status":"open","sticky":false,"template":"","format":"standard","meta":{"_acf_changed":false,"footnotes":""},"categories":[2],"tags":[],"class_list":["post-1931","post","type-post","status-publish","format-standard","has-post-thumbnail","hentry","category-non-classifiee"],"acf":[],"yoast_head":"<title>En attendant le Festival Camac... J-9 ! - Camac Harps<\/title>\n<meta name=\"robots\" content=\"index, follow, max-snippet:-1, max-image-preview:large, max-video-preview:-1\" \/>\n<link rel=\"canonical\" href=\"https:\/\/www.camac-harps.com\/blog\/fr\/non-classifiee\/en-attendant-le-festival-camac-j-9\/\" \/>\n<meta property=\"og:locale\" content=\"fr_FR\" \/>\n<meta property=\"og:type\" content=\"article\" \/>\n<meta property=\"og:title\" content=\"En attendant le Festival Camac... J-9 ! - Camac Harps\" \/>\n<meta property=\"og:description\" content=\"Plus que 7 jours avant la dixi\u00e8me \u00e9dition du Festival Camac \u00e0 Nancy ! Nous vous offrons aujourd&#039;hui la partition de l&#039;arrangement de &quot;Catherine Martin&quot; par Kim Robertson.\" \/>\n<meta property=\"og:url\" content=\"https:\/\/www.camac-harps.com\/blog\/fr\/non-classifiee\/en-attendant-le-festival-camac-j-9\/\" \/>\n<meta property=\"og:site_name\" content=\"Camac Harps\" \/>\n<meta property=\"article:published_time\" content=\"2015-10-07T06:00:56+00:00\" \/>\n<meta property=\"article:modified_time\" content=\"2017-06-29T07:07:51+00:00\" \/>\n<meta property=\"og:image\" content=\"https:\/\/www.camac-harps.com\/blog\/wp-content\/uploads\/sites\/27\/2015\/10\/b-banner-fusee-9-e1444160124326.jpg\" \/>\n\t<meta property=\"og:image:width\" content=\"478\" \/>\n\t<meta property=\"og:image:height\" content=\"248\" \/>\n\t<meta property=\"og:image:type\" content=\"image\/jpeg\" \/>\n<meta name=\"author\" content=\"Helen Leitner\" \/>\n<meta name=\"twitter:card\" content=\"summary_large_image\" \/>\n<meta name=\"twitter:label1\" content=\"\u00c9crit par\" \/>\n\t<meta name=\"twitter:data1\" content=\"Helen Leitner\" \/>\n\t<meta name=\"twitter:label2\" content=\"Dur\u00e9e de lecture estim\u00e9e\" \/>\n\t<meta name=\"twitter:data2\" content=\"4 minutes\" \/>\n<script type=\"application\/ld+json\" class=\"yoast-schema-graph\">{\"@context\":\"https:\/\/schema.org\",\"@graph\":[{\"@type\":\"Article\",\"@id\":\"https:\/\/www.camac-harps.com\/blog\/fr\/non-classifiee\/en-attendant-le-festival-camac-j-9\/#article\",\"isPartOf\":{\"@id\":\"https:\/\/www.camac-harps.com\/blog\/fr\/non-classifiee\/en-attendant-le-festival-camac-j-9\/\"},\"author\":{\"name\":\"Helen Leitner\",\"@id\":\"https:\/\/www.camac-harps.com\/blog\/fr\/#\/schema\/person\/59b9e6843c0338179fb914afaf144d22\"},\"headline\":\"En attendant le Festival Camac&#8230; J-9 !\",\"datePublished\":\"2015-10-07T06:00:56+00:00\",\"dateModified\":\"2017-06-29T07:07:51+00:00\",\"mainEntityOfPage\":{\"@id\":\"https:\/\/www.camac-harps.com\/blog\/fr\/non-classifiee\/en-attendant-le-festival-camac-j-9\/\"},\"wordCount\":793,\"commentCount\":0,\"image\":{\"@id\":\"https:\/\/www.camac-harps.com\/blog\/fr\/non-classifiee\/en-attendant-le-festival-camac-j-9\/#primaryimage\"},\"thumbnailUrl\":\"https:\/\/www.camac-harps.com\/blog\/wp-content\/uploads\/sites\/27\/2015\/10\/b-banner-fusee-9-e1444160124326.jpg\",\"articleSection\":[\"Non classifi\u00e9(e)\"],\"inLanguage\":\"fr-FR\",\"potentialAction\":[{\"@type\":\"CommentAction\",\"name\":\"Comment\",\"target\":[\"https:\/\/www.camac-harps.com\/blog\/fr\/non-classifiee\/en-attendant-le-festival-camac-j-9\/#respond\"]}]},{\"@type\":\"WebPage\",\"@id\":\"https:\/\/www.camac-harps.com\/blog\/fr\/non-classifiee\/en-attendant-le-festival-camac-j-9\/\",\"url\":\"https:\/\/www.camac-harps.com\/blog\/fr\/non-classifiee\/en-attendant-le-festival-camac-j-9\/\",\"name\":\"En attendant le Festival Camac... J-9 ! - Camac Harps\",\"isPartOf\":{\"@id\":\"https:\/\/www.camac-harps.com\/blog\/fr\/#website\"},\"primaryImageOfPage\":{\"@id\":\"https:\/\/www.camac-harps.com\/blog\/fr\/non-classifiee\/en-attendant-le-festival-camac-j-9\/#primaryimage\"},\"image\":{\"@id\":\"https:\/\/www.camac-harps.com\/blog\/fr\/non-classifiee\/en-attendant-le-festival-camac-j-9\/#primaryimage\"},\"thumbnailUrl\":\"https:\/\/www.camac-harps.com\/blog\/wp-content\/uploads\/sites\/27\/2015\/10\/b-banner-fusee-9-e1444160124326.jpg\",\"datePublished\":\"2015-10-07T06:00:56+00:00\",\"dateModified\":\"2017-06-29T07:07:51+00:00\",\"author\":{\"@id\":\"https:\/\/www.camac-harps.com\/blog\/fr\/#\/schema\/person\/59b9e6843c0338179fb914afaf144d22\"},\"breadcrumb\":{\"@id\":\"https:\/\/www.camac-harps.com\/blog\/fr\/non-classifiee\/en-attendant-le-festival-camac-j-9\/#breadcrumb\"},\"inLanguage\":\"fr-FR\",\"potentialAction\":[{\"@type\":\"ReadAction\",\"target\":[\"https:\/\/www.camac-harps.com\/blog\/fr\/non-classifiee\/en-attendant-le-festival-camac-j-9\/\"]}]},{\"@type\":\"ImageObject\",\"inLanguage\":\"fr-FR\",\"@id\":\"https:\/\/www.camac-harps.com\/blog\/fr\/non-classifiee\/en-attendant-le-festival-camac-j-9\/#primaryimage\",\"url\":\"https:\/\/www.camac-harps.com\/blog\/wp-content\/uploads\/sites\/27\/2015\/10\/b-banner-fusee-9-e1444160124326.jpg\",\"contentUrl\":\"https:\/\/www.camac-harps.com\/blog\/wp-content\/uploads\/sites\/27\/2015\/10\/b-banner-fusee-9-e1444160124326.jpg\",\"width\":478,\"height\":248,\"caption\":\"Countdown 9\"},{\"@type\":\"BreadcrumbList\",\"@id\":\"https:\/\/www.camac-harps.com\/blog\/fr\/non-classifiee\/en-attendant-le-festival-camac-j-9\/#breadcrumb\",\"itemListElement\":[{\"@type\":\"ListItem\",\"position\":1,\"name\":\"Home\",\"item\":\"https:\/\/www.camac-harps.com\/blog\/fr\/\"},{\"@type\":\"ListItem\",\"position\":2,\"name\":\"En attendant le Festival Camac&#8230; J-9 !\"}]},{\"@type\":\"WebSite\",\"@id\":\"https:\/\/www.camac-harps.com\/blog\/fr\/#website\",\"url\":\"https:\/\/www.camac-harps.com\/blog\/fr\/\",\"name\":\"Camac Harps\",\"description\":\"\",\"potentialAction\":[{\"@type\":\"SearchAction\",\"target\":{\"@type\":\"EntryPoint\",\"urlTemplate\":\"https:\/\/www.camac-harps.com\/blog\/fr\/?s={search_term_string}\"},\"query-input\":{\"@type\":\"PropertyValueSpecification\",\"valueRequired\":true,\"valueName\":\"search_term_string\"}}],\"inLanguage\":\"fr-FR\"},{\"@type\":\"Person\",\"@id\":\"https:\/\/www.camac-harps.com\/blog\/fr\/#\/schema\/person\/59b9e6843c0338179fb914afaf144d22\",\"name\":\"Helen Leitner\",\"image\":{\"@type\":\"ImageObject\",\"inLanguage\":\"fr-FR\",\"@id\":\"https:\/\/www.camac-harps.com\/blog\/fr\/#\/schema\/person\/image\/\",\"url\":\"https:\/\/secure.gravatar.com\/avatar\/ebbebff931219cff4c2d1e25c3229b2e036693f67bf237fb12f452d7a019a6da?s=96&d=mm&r=g\",\"contentUrl\":\"https:\/\/secure.gravatar.com\/avatar\/ebbebff931219cff4c2d1e25c3229b2e036693f67bf237fb12f452d7a019a6da?s=96&d=mm&r=g\",\"caption\":\"Helen Leitner\"},\"url\":\"https:\/\/www.camac-harps.com\/blog\/fr\/author\/ltnr\/\"}]}<\/script>","yoast_head_json":{"title":"En attendant le Festival Camac... J-9 ! - Camac Harps","robots":{"index":"index","follow":"follow","max-snippet":"max-snippet:-1","max-image-preview":"max-image-preview:large","max-video-preview":"max-video-preview:-1"},"canonical":"https:\/\/www.camac-harps.com\/blog\/fr\/non-classifiee\/en-attendant-le-festival-camac-j-9\/","og_locale":"fr_FR","og_type":"article","og_title":"En attendant le Festival Camac... J-9 ! - Camac Harps","og_description":"Plus que 7 jours avant la dixi\u00e8me \u00e9dition du Festival Camac \u00e0 Nancy ! Nous vous offrons aujourd'hui la partition de l'arrangement de \"Catherine Martin\" par Kim Robertson.","og_url":"https:\/\/www.camac-harps.com\/blog\/fr\/non-classifiee\/en-attendant-le-festival-camac-j-9\/","og_site_name":"Camac Harps","article_published_time":"2015-10-07T06:00:56+00:00","article_modified_time":"2017-06-29T07:07:51+00:00","og_image":[{"width":478,"height":248,"url":"https:\/\/www.camac-harps.com\/blog\/wp-content\/uploads\/sites\/27\/2015\/10\/b-banner-fusee-9-e1444160124326.jpg","type":"image\/jpeg"}],"author":"Helen Leitner","twitter_card":"summary_large_image","twitter_misc":{"\u00c9crit par":"Helen Leitner","Dur\u00e9e de lecture estim\u00e9e":"4 minutes"},"schema":{"@context":"https:\/\/schema.org","@graph":[{"@type":"Article","@id":"https:\/\/www.camac-harps.com\/blog\/fr\/non-classifiee\/en-attendant-le-festival-camac-j-9\/#article","isPartOf":{"@id":"https:\/\/www.camac-harps.com\/blog\/fr\/non-classifiee\/en-attendant-le-festival-camac-j-9\/"},"author":{"name":"Helen Leitner","@id":"https:\/\/www.camac-harps.com\/blog\/fr\/#\/schema\/person\/59b9e6843c0338179fb914afaf144d22"},"headline":"En attendant le Festival Camac&#8230; J-9 !","datePublished":"2015-10-07T06:00:56+00:00","dateModified":"2017-06-29T07:07:51+00:00","mainEntityOfPage":{"@id":"https:\/\/www.camac-harps.com\/blog\/fr\/non-classifiee\/en-attendant-le-festival-camac-j-9\/"},"wordCount":793,"commentCount":0,"image":{"@id":"https:\/\/www.camac-harps.com\/blog\/fr\/non-classifiee\/en-attendant-le-festival-camac-j-9\/#primaryimage"},"thumbnailUrl":"https:\/\/www.camac-harps.com\/blog\/wp-content\/uploads\/sites\/27\/2015\/10\/b-banner-fusee-9-e1444160124326.jpg","articleSection":["Non classifi\u00e9(e)"],"inLanguage":"fr-FR","potentialAction":[{"@type":"CommentAction","name":"Comment","target":["https:\/\/www.camac-harps.com\/blog\/fr\/non-classifiee\/en-attendant-le-festival-camac-j-9\/#respond"]}]},{"@type":"WebPage","@id":"https:\/\/www.camac-harps.com\/blog\/fr\/non-classifiee\/en-attendant-le-festival-camac-j-9\/","url":"https:\/\/www.camac-harps.com\/blog\/fr\/non-classifiee\/en-attendant-le-festival-camac-j-9\/","name":"En attendant le Festival Camac... J-9 ! - Camac Harps","isPartOf":{"@id":"https:\/\/www.camac-harps.com\/blog\/fr\/#website"},"primaryImageOfPage":{"@id":"https:\/\/www.camac-harps.com\/blog\/fr\/non-classifiee\/en-attendant-le-festival-camac-j-9\/#primaryimage"},"image":{"@id":"https:\/\/www.camac-harps.com\/blog\/fr\/non-classifiee\/en-attendant-le-festival-camac-j-9\/#primaryimage"},"thumbnailUrl":"https:\/\/www.camac-harps.com\/blog\/wp-content\/uploads\/sites\/27\/2015\/10\/b-banner-fusee-9-e1444160124326.jpg","datePublished":"2015-10-07T06:00:56+00:00","dateModified":"2017-06-29T07:07:51+00:00","author":{"@id":"https:\/\/www.camac-harps.com\/blog\/fr\/#\/schema\/person\/59b9e6843c0338179fb914afaf144d22"},"breadcrumb":{"@id":"https:\/\/www.camac-harps.com\/blog\/fr\/non-classifiee\/en-attendant-le-festival-camac-j-9\/#breadcrumb"},"inLanguage":"fr-FR","potentialAction":[{"@type":"ReadAction","target":["https:\/\/www.camac-harps.com\/blog\/fr\/non-classifiee\/en-attendant-le-festival-camac-j-9\/"]}]},{"@type":"ImageObject","inLanguage":"fr-FR","@id":"https:\/\/www.camac-harps.com\/blog\/fr\/non-classifiee\/en-attendant-le-festival-camac-j-9\/#primaryimage","url":"https:\/\/www.camac-harps.com\/blog\/wp-content\/uploads\/sites\/27\/2015\/10\/b-banner-fusee-9-e1444160124326.jpg","contentUrl":"https:\/\/www.camac-harps.com\/blog\/wp-content\/uploads\/sites\/27\/2015\/10\/b-banner-fusee-9-e1444160124326.jpg","width":478,"height":248,"caption":"Countdown 9"},{"@type":"BreadcrumbList","@id":"https:\/\/www.camac-harps.com\/blog\/fr\/non-classifiee\/en-attendant-le-festival-camac-j-9\/#breadcrumb","itemListElement":[{"@type":"ListItem","position":1,"name":"Home","item":"https:\/\/www.camac-harps.com\/blog\/fr\/"},{"@type":"ListItem","position":2,"name":"En attendant le Festival Camac&#8230; J-9 !"}]},{"@type":"WebSite","@id":"https:\/\/www.camac-harps.com\/blog\/fr\/#website","url":"https:\/\/www.camac-harps.com\/blog\/fr\/","name":"Camac Harps","description":"","potentialAction":[{"@type":"SearchAction","target":{"@type":"EntryPoint","urlTemplate":"https:\/\/www.camac-harps.com\/blog\/fr\/?s={search_term_string}"},"query-input":{"@type":"PropertyValueSpecification","valueRequired":true,"valueName":"search_term_string"}}],"inLanguage":"fr-FR"},{"@type":"Person","@id":"https:\/\/www.camac-harps.com\/blog\/fr\/#\/schema\/person\/59b9e6843c0338179fb914afaf144d22","name":"Helen Leitner","image":{"@type":"ImageObject","inLanguage":"fr-FR","@id":"https:\/\/www.camac-harps.com\/blog\/fr\/#\/schema\/person\/image\/","url":"https:\/\/secure.gravatar.com\/avatar\/ebbebff931219cff4c2d1e25c3229b2e036693f67bf237fb12f452d7a019a6da?s=96&d=mm&r=g","contentUrl":"https:\/\/secure.gravatar.com\/avatar\/ebbebff931219cff4c2d1e25c3229b2e036693f67bf237fb12f452d7a019a6da?s=96&d=mm&r=g","caption":"Helen Leitner"},"url":"https:\/\/www.camac-harps.com\/blog\/fr\/author\/ltnr\/"}]}},"_links":{"self":[{"href":"https:\/\/www.camac-harps.com\/blog\/fr\/wp-json\/wp\/v2\/posts\/1931","targetHints":{"allow":["GET"]}}],"collection":[{"href":"https:\/\/www.camac-harps.com\/blog\/fr\/wp-json\/wp\/v2\/posts"}],"about":[{"href":"https:\/\/www.camac-harps.com\/blog\/fr\/wp-json\/wp\/v2\/types\/post"}],"author":[{"embeddable":true,"href":"https:\/\/www.camac-harps.com\/blog\/fr\/wp-json\/wp\/v2\/users\/3"}],"replies":[{"embeddable":true,"href":"https:\/\/www.camac-harps.com\/blog\/fr\/wp-json\/wp\/v2\/comments?post=1931"}],"version-history":[{"count":6,"href":"https:\/\/www.camac-harps.com\/blog\/fr\/wp-json\/wp\/v2\/posts\/1931\/revisions"}],"predecessor-version":[{"id":20252,"href":"https:\/\/www.camac-harps.com\/blog\/fr\/wp-json\/wp\/v2\/posts\/1931\/revisions\/20252"}],"wp:featuredmedia":[{"embeddable":true,"href":"https:\/\/www.camac-harps.com\/blog\/fr\/wp-json\/wp\/v2\/media\/2281"}],"wp:attachment":[{"href":"https:\/\/www.camac-harps.com\/blog\/fr\/wp-json\/wp\/v2\/media?parent=1931"}],"wp:term":[{"taxonomy":"category","embeddable":true,"href":"https:\/\/www.camac-harps.com\/blog\/fr\/wp-json\/wp\/v2\/categories?post=1931"},{"taxonomy":"post_tag","embeddable":true,"href":"https:\/\/www.camac-harps.com\/blog\/fr\/wp-json\/wp\/v2\/tags?post=1931"}],"curies":[{"name":"wp","href":"https:\/\/api.w.org\/{rel}","templated":true}]}}