{"id":19929,"date":"2015-08-30T09:03:16","date_gmt":"2015-08-30T09:03:16","guid":{"rendered":"http:\/\/www.harpblog.info\/?p=1656"},"modified":"2017-06-29T07:03:13","modified_gmt":"2017-06-29T07:03:13","slug":"harfenfest-luzern-du-4-au-6-septembre-2015","status":"publish","type":"post","link":"https:\/\/www.camac-harps.com\/blog\/fr\/non-classifiee\/harfenfest-luzern-du-4-au-6-septembre-2015\/","title":{"rendered":"Harfenfest Luzern, du 4 au 6 septembre 2015"},"content":{"rendered":"<p><a href=\"http:\/\/www.harfenfestluzern.ch\/?page=accueil\"><img loading=\"lazy\" decoding=\"async\" class=\"alignright size-medium wp-image-1449\" src=\"https:\/\/www.camac-harps.com\/wp-content\/uploads\/sites\/27\/2015\/08\/harfenfest_accueil-1-212x300.png\" alt=\"Harfenfest Luzern\" width=\"212\" height=\"300\" srcset=\"https:\/\/www.camac-harps.com\/blog\/wp-content\/uploads\/sites\/27\/2015\/08\/harfenfest_accueil-1-212x300.png 212w, https:\/\/www.camac-harps.com\/blog\/wp-content\/uploads\/sites\/27\/2015\/08\/harfenfest_accueil-1-768x1086.png 768w, https:\/\/www.camac-harps.com\/blog\/wp-content\/uploads\/sites\/27\/2015\/08\/harfenfest_accueil-1-724x1024.png 724w, https:\/\/www.camac-harps.com\/blog\/wp-content\/uploads\/sites\/27\/2015\/08\/harfenfest_accueil-1-300x424.png 300w, https:\/\/www.camac-harps.com\/blog\/wp-content\/uploads\/sites\/27\/2015\/08\/harfenfest_accueil-1-800x1131.png 800w, https:\/\/www.camac-harps.com\/blog\/wp-content\/uploads\/sites\/27\/2015\/08\/harfenfest_accueil-1-55x78.png 55w, https:\/\/www.camac-harps.com\/blog\/wp-content\/uploads\/sites\/27\/2015\/08\/harfenfest_accueil-1-250x354.png 250w, https:\/\/www.camac-harps.com\/blog\/wp-content\/uploads\/sites\/27\/2015\/08\/harfenfest_accueil-1.png 862w\" sizes=\"auto, (max-width: 212px) 100vw, 212px\" \/><\/a>Nous avons \u00e9t\u00e9\u00a0tr\u00e8s heureux de collaborer avec\u00a0<a href=\"http:\/\/www.annebassand.com\/?lc=FR\" target=\"_blank\">Anne Bassand<\/a>\u00a0pour le\u00a0<a href=\"http:\/\/www.harfenfestluzern.ch\/?page=programmes\" target=\"_blank\">HarfenFest Luzern<\/a>\u00a0qui s&rsquo;est d\u00e9roul\u00e9 du 4 au 6 septembre 2015. Ce festival proposait trois jours de musiques classique et traditionnelle, interpr\u00e9t\u00e9es\u00a0par des solistes ou par divers ensembles.\u00a0Nikolaz Cadoret, Gabriella Dall&rsquo;Olio, le Duo Larkin (musique d&rsquo;inspiration irlandaise) compos\u00e9 de Stefanie et Roman Haller, et\u00a0Anne Bassand \u00e9taient\u00a0\u00e0 l&rsquo;<a href=\"http:\/\/www.harfenfestluzern.ch\/?page=programmes\" target=\"_blank\">affiche du festival<\/a>. Le week-end s&rsquo;est termin\u00e9 avec deux concerts d&rsquo;\u00e9l\u00e8ves : le premier par les ensembles de harpes des \u00e9coles r\u00e9gionales de musique de Berne et de Lucerne, et le second par les participants aux master-classes du festival.<\/p>\n<p>\u00ab\u00a0Notre concept est de cr\u00e9er une vraie rencontre entre des harpistes de diff\u00e9rents \u00e2ges et de diff\u00e9rents niveaux\u00a0\u00bb, dit Anne Bassand. \u00ab\u00a0Par exemple, j&rsquo;enseigne au sein de la\u00a0<a href=\"https:\/\/www.hslu.ch\/de-ch\/hochschule-luzern\/ueber-uns\/personensuche\/profile\/?pid=362\" target=\"_blank\">Luzern Musikhochschule<\/a>, et je suis tr\u00e8s heureuse de pouvoir travailler sur ce projet avec mes coll\u00e8gues de Lucerne et de Berne,\u00a0Franziska Brunner et\u00a0Simon Bilger. Cela permet d&rsquo;\u00e9largir les perspectives de tout le monde : les \u00e9l\u00e8ves les plus jeunes peuvent voir ce que font les plus grands, et vice versa.\u00a0Les enseignants peuvent \u00e9changer et partager leur exp\u00e9rience et nous apprenons tous des autres.\u00a0La musique prend toute sa mesure dans le\u00a0soutien et l&rsquo;int\u00e9r\u00eat mutuels. Plus les enseignants travaillent ensemble, plus il y a d&rsquo;\u00e9v\u00e9nements organis\u00e9s, plus ces \u00e9v\u00e9nements sont ambitieux et ont une large port\u00e9e, et plus le niveau est \u00e9lev\u00e9. Cela permet alors de susciter un int\u00e9r\u00eat plus important aupr\u00e8s du\u00a0public, et donc plus de concerts sont organis\u00e9s. C&rsquo;est un cercle vertueux.<\/p>\n<div id=\"attachment_1453\" class=\"wp-caption alignleft\" style=\"width: 300px\"><a href=\"http:\/\/www.annebassand.com\/?page=accueil\"><img loading=\"lazy\" decoding=\"async\" class=\"size-medium wp-image-1453\" src=\"https:\/\/www.camac-harps.com\/wp-content\/uploads\/sites\/27\/2015\/08\/anne_bassand_04-300x225.png\" alt=\"Anne Bassand\" width=\"300\" height=\"225\" srcset=\"https:\/\/www.camac-harps.com\/blog\/wp-content\/uploads\/sites\/27\/2015\/08\/anne_bassand_04-300x225.png 300w, https:\/\/www.camac-harps.com\/blog\/wp-content\/uploads\/sites\/27\/2015\/08\/anne_bassand_04-768x576.png 768w, https:\/\/www.camac-harps.com\/blog\/wp-content\/uploads\/sites\/27\/2015\/08\/anne_bassand_04.png 1024w, https:\/\/www.camac-harps.com\/blog\/wp-content\/uploads\/sites\/27\/2015\/08\/anne_bassand_04-1000x750.png 1000w, https:\/\/www.camac-harps.com\/blog\/wp-content\/uploads\/sites\/27\/2015\/08\/anne_bassand_04-800x600.png 800w, https:\/\/www.camac-harps.com\/blog\/wp-content\/uploads\/sites\/27\/2015\/08\/anne_bassand_04-55x41.png 55w, https:\/\/www.camac-harps.com\/blog\/wp-content\/uploads\/sites\/27\/2015\/08\/anne_bassand_04-250x188.png 250w\" sizes=\"auto, (max-width: 300px) 100vw, 300px\" \/><\/a><p class=\"wp-caption-text\">Anne Bassand<\/p><\/div>\n<p>Je pense \u00e9galement qu&rsquo;il est tr\u00e8s important de combiner les dimensions r\u00e9gionales et internationales de la musique. Notre programme associe ainsi des prestations par des \u00e9tudiants de la r\u00e9gion et des concerts par des harpistes reconnus internationalement, et parfois une rencontre des deux. Par exemple, huit \u00e9l\u00e8ves joueront un morceau avec Nikolaz Cadoret, ce qui sera une exp\u00e9rience incroyable pour eux. Nous mettons aussi en lumi\u00e8re des artistes de Lucerne, comme Stefanie Haller, ancienne \u00e9l\u00e8ve de la Luzern Hochschule, qui jouera avec son\u00a0Duo Larkin, et je donnerai un concert en duo avec ma coll\u00e8gue fl\u00fbtiste de la\u00a0Hochschule, Sarah Rumer. Lors de ce concert, nous jouerons en premi\u00e8re mondiale la version pour fl\u00fbte et harpe de\u00a0\u00ab\u00a0Sternbilder Suite\u00a0\u00bb de\u00a0<a href=\"http:\/\/www.gotthardodermatt.ch\/ecm\/ecm.cgi?c=index.html\" target=\"_blank\">Gotthard Odermatt<\/a>, un compositeur n\u00e9 \u00e0 Lucerne et maintenant tr\u00e8s c\u00e9l\u00e8bre.<\/p>\n<p>Nous avons choisi le nom de \u00ab\u00a0HarfenFest\u00a0\u00bb car nous souhaitons que cet \u00e9v\u00e9nement soit\u00a0un moment de f\u00eate !\u00a0J&rsquo;ai invit\u00e9 des artistes que j&rsquo;admire mais que je n&rsquo;ai pas encore eu la joie de rencontrer, ainsi que des amis de longue date. Une des choses merveilleuses en musique, c&rsquo;est qu&rsquo;il n&rsquo;y a souvent pas de limite entre les sph\u00e8res personnelle et professionnelle, les coll\u00e8gues deviennent des amis, et c&rsquo;est aussi pour cela qu&rsquo;il est si important de pouvoir rencontrer et apprendre \u00e0 conna\u00eetre les autres.\u00a0Gabriella Dall&rsquo;Olio et moi nous sommes rencontr\u00e9es il y a 25 ans lorsque nous \u00e9tions toutes deux \u00e9l\u00e8ves \u00e0 l&rsquo;<a href=\"http:\/\/www.gargilesse.fr\/index.php?code=Stages.php?saison=1\" target=\"_blank\">Acad\u00e9mie de Gargilesse<\/a>\u00a0de Pierre Jamet, et nous sommes rest\u00e9es en contact depuis !<\/p>\n<p>J&rsquo;esp\u00e8re que tous les participants rentreront chez eux \u00e0 la fin de ce week-end,\u00a0inspir\u00e9s et enthousiasm\u00e9s par tout ce que la harpe peut faire, pr\u00eats pour cette nouvelle ann\u00e9e de harpe.\u00a0J&rsquo;aimerais aussi remercier Les Harpes Camac,\u00a0la Luzern\u00a0Musikschule et la\u00a0Musikhochschule Luzern pour leur soutien dans l&rsquo;organisation de cet \u00e9v\u00e9nement.\u00a0\u00bb<\/p>\n<div id=\"attachment_1459\" class=\"wp-caption alignright\" style=\"width: 300px\"><a href=\"https:\/\/www.camac-harps.com\/wp-content\/uploads\/sites\/27\/2015\/08\/6a00d8341d450753ef01b7c743bf06970b.png\"><img loading=\"lazy\" decoding=\"async\" class=\"size-medium wp-image-1459\" src=\"https:\/\/www.camac-harps.com\/wp-content\/uploads\/sites\/27\/2015\/08\/6a00d8341d450753ef01b7c743bf06970b-300x85.png\" alt=\"Athenas on display\" width=\"300\" height=\"85\" srcset=\"https:\/\/www.camac-harps.com\/blog\/wp-content\/uploads\/sites\/27\/2015\/08\/6a00d8341d450753ef01b7c743bf06970b-300x85.png 300w, https:\/\/www.camac-harps.com\/blog\/wp-content\/uploads\/sites\/27\/2015\/08\/6a00d8341d450753ef01b7c743bf06970b-768x217.png 768w, https:\/\/www.camac-harps.com\/blog\/wp-content\/uploads\/sites\/27\/2015\/08\/6a00d8341d450753ef01b7c743bf06970b-1024x289.png 1024w, https:\/\/www.camac-harps.com\/blog\/wp-content\/uploads\/sites\/27\/2015\/08\/6a00d8341d450753ef01b7c743bf06970b-1000x283.png 1000w, https:\/\/www.camac-harps.com\/blog\/wp-content\/uploads\/sites\/27\/2015\/08\/6a00d8341d450753ef01b7c743bf06970b-800x226.png 800w, https:\/\/www.camac-harps.com\/blog\/wp-content\/uploads\/sites\/27\/2015\/08\/6a00d8341d450753ef01b7c743bf06970b-55x16.png 55w, https:\/\/www.camac-harps.com\/blog\/wp-content\/uploads\/sites\/27\/2015\/08\/6a00d8341d450753ef01b7c743bf06970b-250x71.png 250w, https:\/\/www.camac-harps.com\/blog\/wp-content\/uploads\/sites\/27\/2015\/08\/6a00d8341d450753ef01b7c743bf06970b.png 1200w\" sizes=\"auto, (max-width: 300px) 100vw, 300px\" \/><\/a><p class=\"wp-caption-text\">Photo: Vincent Jaques<\/p><\/div>\n<p>Notre \u00e9quipe commerciale \u00e9tait\u00a0\u00e9galement sur place : notre technicien en chef,\u00a0Enric De Anciola, a propos\u00e9\u00a0des r\u00e9glages gratuits de\u00a0vos harpes Camac et nous avons tenu\u00a0une exposition de nos instruments pendant toute la dur\u00e9e du festival.<\/p>\n<p>&nbsp;<\/p>\n","protected":false},"excerpt":{"rendered":"<p>Nous avons \u00e9t\u00e9\u00a0tr\u00e8s heureux de collaborer avec\u00a0Anne Bassand\u00a0pour le\u00a0HarfenFest Luzern\u00a0qui s&rsquo;est d\u00e9roul\u00e9 du 4 au 6 septembre 2015. Ce festival proposait trois jours de musiques classique et traditionnelle, interpr\u00e9t\u00e9es\u00a0par des solistes ou par divers ensembles.\u00a0Nikolaz Cadoret, Gabriella Dall&rsquo;Olio, le Duo Larkin (musique d&rsquo;inspiration irlandaise) compos\u00e9 de Stefanie et Roman Haller, et\u00a0Anne Bassand \u00e9taient\u00a0\u00e0 l&rsquo;affiche du festival. Le week-end s&rsquo;est termin\u00e9 avec deux concerts d&rsquo;\u00e9l\u00e8ves : le premier par les ensembles de harpes des \u00e9coles r\u00e9gionales de musique de Berne et de Lucerne, et le second par les participants aux master-classes du festival. \u00ab\u00a0Notre concept est de cr\u00e9er une vraie rencontre entre des harpistes de diff\u00e9rents \u00e2ges et de diff\u00e9rents niveaux\u00a0\u00bb, dit Anne Bassand. \u00ab\u00a0Par exemple, j&rsquo;enseigne au sein de la\u00a0Luzern Musikhochschule, et je suis tr\u00e8s heureuse de pouvoir travailler sur ce projet avec mes coll\u00e8gues de Lucerne et de Berne,\u00a0Franziska Brunner et\u00a0Simon Bilger. Cela permet d&rsquo;\u00e9largir les perspectives de tout le monde : les \u00e9l\u00e8ves les plus jeunes peuvent voir ce que font les plus grands, et vice versa.\u00a0Les enseignants peuvent \u00e9changer et partager leur exp\u00e9rience et nous apprenons tous des autres.\u00a0La musique prend toute sa mesure dans le\u00a0soutien et l&rsquo;int\u00e9r\u00eat mutuels. Plus les enseignants travaillent ensemble, plus il y a d&rsquo;\u00e9v\u00e9nements organis\u00e9s, plus ces \u00e9v\u00e9nements sont ambitieux et ont une large port\u00e9e, et plus le niveau est \u00e9lev\u00e9. Cela permet alors de susciter un int\u00e9r\u00eat plus important aupr\u00e8s du\u00a0public, et donc plus de concerts sont organis\u00e9s. C&rsquo;est un cercle vertueux. Je pense \u00e9galement qu&rsquo;il est tr\u00e8s important de combiner les dimensions r\u00e9gionales et internationales de la musique. Notre programme associe ainsi des prestations par des \u00e9tudiants de la r\u00e9gion et des concerts par des harpistes reconnus internationalement, et parfois une rencontre des deux. Par exemple, huit \u00e9l\u00e8ves joueront un morceau avec Nikolaz Cadoret, ce qui sera une exp\u00e9rience incroyable pour eux. Nous mettons aussi en lumi\u00e8re des artistes de Lucerne, comme Stefanie Haller, ancienne \u00e9l\u00e8ve de la Luzern Hochschule, qui jouera avec son\u00a0Duo Larkin, et je donnerai un concert en duo avec ma coll\u00e8gue fl\u00fbtiste de la\u00a0Hochschule, Sarah Rumer. Lors de ce concert, nous jouerons en premi\u00e8re mondiale la version pour fl\u00fbte et harpe de\u00a0\u00ab\u00a0Sternbilder Suite\u00a0\u00bb de\u00a0Gotthard Odermatt, un compositeur n\u00e9 \u00e0 Lucerne et maintenant tr\u00e8s c\u00e9l\u00e8bre. Nous avons choisi le nom de \u00ab\u00a0HarfenFest\u00a0\u00bb car nous souhaitons que cet \u00e9v\u00e9nement soit\u00a0un moment de f\u00eate !\u00a0J&rsquo;ai invit\u00e9 des artistes que j&rsquo;admire mais que je n&rsquo;ai pas encore eu la joie de rencontrer, ainsi que des amis de longue date. Une des choses merveilleuses en musique, c&rsquo;est qu&rsquo;il n&rsquo;y a souvent pas de limite entre les sph\u00e8res personnelle et professionnelle, les coll\u00e8gues deviennent des amis, et c&rsquo;est aussi pour cela qu&rsquo;il est si important de pouvoir rencontrer et apprendre \u00e0 conna\u00eetre les autres.\u00a0Gabriella Dall&rsquo;Olio et moi nous sommes rencontr\u00e9es il y a 25 ans lorsque nous \u00e9tions toutes deux \u00e9l\u00e8ves \u00e0 l&rsquo;Acad\u00e9mie de Gargilesse\u00a0de Pierre Jamet, et nous sommes rest\u00e9es en contact depuis ! J&rsquo;esp\u00e8re que tous les participants rentreront chez eux \u00e0 la fin de ce week-end,\u00a0inspir\u00e9s et enthousiasm\u00e9s par <a class=\"read-more\" href=\"https:\/\/www.camac-harps.com\/blog\/fr\/non-classifiee\/harfenfest-luzern-du-4-au-6-septembre-2015\/\">En savoir plus<\/a><\/p>\n","protected":false},"author":3,"featured_media":1465,"comment_status":"open","ping_status":"open","sticky":false,"template":"","format":"standard","meta":{"_acf_changed":false,"footnotes":""},"categories":[2],"tags":[],"class_list":["post-19929","post","type-post","status-publish","format-standard","has-post-thumbnail","hentry","category-non-classifiee"],"acf":[],"yoast_head":"<title>Harfenfest Luzern, du 4 au 6 septembre 2015 - Camac Harps<\/title>\n<meta name=\"robots\" content=\"index, follow, max-snippet:-1, max-image-preview:large, max-video-preview:-1\" \/>\n<link rel=\"canonical\" href=\"https:\/\/www.camac-harps.com\/blog\/fr\/non-classifiee\/harfenfest-luzern-du-4-au-6-septembre-2015\/\" \/>\n<meta property=\"og:locale\" content=\"fr_FR\" \/>\n<meta property=\"og:type\" content=\"article\" \/>\n<meta property=\"og:title\" content=\"Harfenfest Luzern, du 4 au 6 septembre 2015 - Camac Harps\" \/>\n<meta property=\"og:description\" content=\"Nous avons \u00e9t\u00e9\u00a0tr\u00e8s heureux de collaborer avec\u00a0Anne Bassand\u00a0pour le\u00a0HarfenFest Luzern\u00a0qui s&rsquo;est d\u00e9roul\u00e9 du 4 au 6 septembre 2015. Ce festival proposait trois jours de musiques classique et traditionnelle, interpr\u00e9t\u00e9es\u00a0par des solistes ou par divers ensembles.\u00a0Nikolaz Cadoret, Gabriella Dall&rsquo;Olio, le Duo Larkin (musique d&rsquo;inspiration irlandaise) compos\u00e9 de Stefanie et Roman Haller, et\u00a0Anne Bassand \u00e9taient\u00a0\u00e0 l&rsquo;affiche du festival. Le week-end s&rsquo;est termin\u00e9 avec deux concerts d&rsquo;\u00e9l\u00e8ves : le premier par les ensembles de harpes des \u00e9coles r\u00e9gionales de musique de Berne et de Lucerne, et le second par les participants aux master-classes du festival. \u00ab\u00a0Notre concept est de cr\u00e9er une vraie rencontre entre des harpistes de diff\u00e9rents \u00e2ges et de diff\u00e9rents niveaux\u00a0\u00bb, dit Anne Bassand. \u00ab\u00a0Par exemple, j&rsquo;enseigne au sein de la\u00a0Luzern Musikhochschule, et je suis tr\u00e8s heureuse de pouvoir travailler sur ce projet avec mes coll\u00e8gues de Lucerne et de Berne,\u00a0Franziska Brunner et\u00a0Simon Bilger. Cela permet d&rsquo;\u00e9largir les perspectives de tout le monde : les \u00e9l\u00e8ves les plus jeunes peuvent voir ce que font les plus grands, et vice versa.\u00a0Les enseignants peuvent \u00e9changer et partager leur exp\u00e9rience et nous apprenons tous des autres.\u00a0La musique prend toute sa mesure dans le\u00a0soutien et l&rsquo;int\u00e9r\u00eat mutuels. Plus les enseignants travaillent ensemble, plus il y a d&rsquo;\u00e9v\u00e9nements organis\u00e9s, plus ces \u00e9v\u00e9nements sont ambitieux et ont une large port\u00e9e, et plus le niveau est \u00e9lev\u00e9. Cela permet alors de susciter un int\u00e9r\u00eat plus important aupr\u00e8s du\u00a0public, et donc plus de concerts sont organis\u00e9s. C&rsquo;est un cercle vertueux. Je pense \u00e9galement qu&rsquo;il est tr\u00e8s important de combiner les dimensions r\u00e9gionales et internationales de la musique. Notre programme associe ainsi des prestations par des \u00e9tudiants de la r\u00e9gion et des concerts par des harpistes reconnus internationalement, et parfois une rencontre des deux. Par exemple, huit \u00e9l\u00e8ves joueront un morceau avec Nikolaz Cadoret, ce qui sera une exp\u00e9rience incroyable pour eux. Nous mettons aussi en lumi\u00e8re des artistes de Lucerne, comme Stefanie Haller, ancienne \u00e9l\u00e8ve de la Luzern Hochschule, qui jouera avec son\u00a0Duo Larkin, et je donnerai un concert en duo avec ma coll\u00e8gue fl\u00fbtiste de la\u00a0Hochschule, Sarah Rumer. Lors de ce concert, nous jouerons en premi\u00e8re mondiale la version pour fl\u00fbte et harpe de\u00a0\u00ab\u00a0Sternbilder Suite\u00a0\u00bb de\u00a0Gotthard Odermatt, un compositeur n\u00e9 \u00e0 Lucerne et maintenant tr\u00e8s c\u00e9l\u00e8bre. Nous avons choisi le nom de \u00ab\u00a0HarfenFest\u00a0\u00bb car nous souhaitons que cet \u00e9v\u00e9nement soit\u00a0un moment de f\u00eate !\u00a0J&rsquo;ai invit\u00e9 des artistes que j&rsquo;admire mais que je n&rsquo;ai pas encore eu la joie de rencontrer, ainsi que des amis de longue date. Une des choses merveilleuses en musique, c&rsquo;est qu&rsquo;il n&rsquo;y a souvent pas de limite entre les sph\u00e8res personnelle et professionnelle, les coll\u00e8gues deviennent des amis, et c&rsquo;est aussi pour cela qu&rsquo;il est si important de pouvoir rencontrer et apprendre \u00e0 conna\u00eetre les autres.\u00a0Gabriella Dall&rsquo;Olio et moi nous sommes rencontr\u00e9es il y a 25 ans lorsque nous \u00e9tions toutes deux \u00e9l\u00e8ves \u00e0 l&rsquo;Acad\u00e9mie de Gargilesse\u00a0de Pierre Jamet, et nous sommes rest\u00e9es en contact depuis ! J&rsquo;esp\u00e8re que tous les participants rentreront chez eux \u00e0 la fin de ce week-end,\u00a0inspir\u00e9s et enthousiasm\u00e9s par En savoir plus\" \/>\n<meta property=\"og:url\" content=\"https:\/\/www.camac-harps.com\/blog\/fr\/non-classifiee\/harfenfest-luzern-du-4-au-6-septembre-2015\/\" \/>\n<meta property=\"og:site_name\" content=\"Camac Harps\" \/>\n<meta property=\"article:published_time\" content=\"2015-08-30T09:03:16+00:00\" \/>\n<meta property=\"article:modified_time\" content=\"2017-06-29T07:03:13+00:00\" \/>\n<meta property=\"og:image\" content=\"https:\/\/www.camac-harps.com\/blog\/wp-content\/uploads\/sites\/27\/2015\/08\/harfenfest-thumbnail1.png\" \/>\n\t<meta property=\"og:image:width\" content=\"722\" \/>\n\t<meta property=\"og:image:height\" content=\"335\" \/>\n\t<meta property=\"og:image:type\" content=\"image\/png\" \/>\n<meta name=\"author\" content=\"Helen Leitner\" \/>\n<meta name=\"twitter:card\" content=\"summary_large_image\" \/>\n<meta name=\"twitter:label1\" content=\"\u00c9crit par\" \/>\n\t<meta name=\"twitter:data1\" content=\"Helen Leitner\" \/>\n\t<meta name=\"twitter:label2\" content=\"Dur\u00e9e de lecture estim\u00e9e\" \/>\n\t<meta name=\"twitter:data2\" content=\"3 minutes\" \/>\n<script type=\"application\/ld+json\" class=\"yoast-schema-graph\">{\"@context\":\"https:\/\/schema.org\",\"@graph\":[{\"@type\":\"Article\",\"@id\":\"https:\/\/www.camac-harps.com\/blog\/fr\/non-classifiee\/harfenfest-luzern-du-4-au-6-septembre-2015\/#article\",\"isPartOf\":{\"@id\":\"https:\/\/www.camac-harps.com\/blog\/fr\/non-classifiee\/harfenfest-luzern-du-4-au-6-septembre-2015\/\"},\"author\":{\"name\":\"Helen Leitner\",\"@id\":\"https:\/\/www.camac-harps.com\/blog\/fr\/#\/schema\/person\/59b9e6843c0338179fb914afaf144d22\"},\"headline\":\"Harfenfest Luzern, du 4 au 6 septembre 2015\",\"datePublished\":\"2015-08-30T09:03:16+00:00\",\"dateModified\":\"2017-06-29T07:03:13+00:00\",\"mainEntityOfPage\":{\"@id\":\"https:\/\/www.camac-harps.com\/blog\/fr\/non-classifiee\/harfenfest-luzern-du-4-au-6-septembre-2015\/\"},\"wordCount\":689,\"commentCount\":0,\"image\":{\"@id\":\"https:\/\/www.camac-harps.com\/blog\/fr\/non-classifiee\/harfenfest-luzern-du-4-au-6-septembre-2015\/#primaryimage\"},\"thumbnailUrl\":\"https:\/\/www.camac-harps.com\/blog\/wp-content\/uploads\/sites\/27\/2015\/08\/harfenfest-thumbnail1.png\",\"articleSection\":[\"Non classifi\u00e9(e)\"],\"inLanguage\":\"fr-FR\",\"potentialAction\":[{\"@type\":\"CommentAction\",\"name\":\"Comment\",\"target\":[\"https:\/\/www.camac-harps.com\/blog\/fr\/non-classifiee\/harfenfest-luzern-du-4-au-6-septembre-2015\/#respond\"]}]},{\"@type\":\"WebPage\",\"@id\":\"https:\/\/www.camac-harps.com\/blog\/fr\/non-classifiee\/harfenfest-luzern-du-4-au-6-septembre-2015\/\",\"url\":\"https:\/\/www.camac-harps.com\/blog\/fr\/non-classifiee\/harfenfest-luzern-du-4-au-6-septembre-2015\/\",\"name\":\"Harfenfest Luzern, du 4 au 6 septembre 2015 - Camac Harps\",\"isPartOf\":{\"@id\":\"https:\/\/www.camac-harps.com\/blog\/fr\/#website\"},\"primaryImageOfPage\":{\"@id\":\"https:\/\/www.camac-harps.com\/blog\/fr\/non-classifiee\/harfenfest-luzern-du-4-au-6-septembre-2015\/#primaryimage\"},\"image\":{\"@id\":\"https:\/\/www.camac-harps.com\/blog\/fr\/non-classifiee\/harfenfest-luzern-du-4-au-6-septembre-2015\/#primaryimage\"},\"thumbnailUrl\":\"https:\/\/www.camac-harps.com\/blog\/wp-content\/uploads\/sites\/27\/2015\/08\/harfenfest-thumbnail1.png\",\"datePublished\":\"2015-08-30T09:03:16+00:00\",\"dateModified\":\"2017-06-29T07:03:13+00:00\",\"author\":{\"@id\":\"https:\/\/www.camac-harps.com\/blog\/fr\/#\/schema\/person\/59b9e6843c0338179fb914afaf144d22\"},\"breadcrumb\":{\"@id\":\"https:\/\/www.camac-harps.com\/blog\/fr\/non-classifiee\/harfenfest-luzern-du-4-au-6-septembre-2015\/#breadcrumb\"},\"inLanguage\":\"fr-FR\",\"potentialAction\":[{\"@type\":\"ReadAction\",\"target\":[\"https:\/\/www.camac-harps.com\/blog\/fr\/non-classifiee\/harfenfest-luzern-du-4-au-6-septembre-2015\/\"]}]},{\"@type\":\"ImageObject\",\"inLanguage\":\"fr-FR\",\"@id\":\"https:\/\/www.camac-harps.com\/blog\/fr\/non-classifiee\/harfenfest-luzern-du-4-au-6-septembre-2015\/#primaryimage\",\"url\":\"https:\/\/www.camac-harps.com\/blog\/wp-content\/uploads\/sites\/27\/2015\/08\/harfenfest-thumbnail1.png\",\"contentUrl\":\"https:\/\/www.camac-harps.com\/blog\/wp-content\/uploads\/sites\/27\/2015\/08\/harfenfest-thumbnail1.png\",\"width\":722,\"height\":335},{\"@type\":\"BreadcrumbList\",\"@id\":\"https:\/\/www.camac-harps.com\/blog\/fr\/non-classifiee\/harfenfest-luzern-du-4-au-6-septembre-2015\/#breadcrumb\",\"itemListElement\":[{\"@type\":\"ListItem\",\"position\":1,\"name\":\"Home\",\"item\":\"https:\/\/www.camac-harps.com\/blog\/fr\/\"},{\"@type\":\"ListItem\",\"position\":2,\"name\":\"Harfenfest Luzern, du 4 au 6 septembre 2015\"}]},{\"@type\":\"WebSite\",\"@id\":\"https:\/\/www.camac-harps.com\/blog\/fr\/#website\",\"url\":\"https:\/\/www.camac-harps.com\/blog\/fr\/\",\"name\":\"Camac Harps\",\"description\":\"\",\"potentialAction\":[{\"@type\":\"SearchAction\",\"target\":{\"@type\":\"EntryPoint\",\"urlTemplate\":\"https:\/\/www.camac-harps.com\/blog\/fr\/?s={search_term_string}\"},\"query-input\":{\"@type\":\"PropertyValueSpecification\",\"valueRequired\":true,\"valueName\":\"search_term_string\"}}],\"inLanguage\":\"fr-FR\"},{\"@type\":\"Person\",\"@id\":\"https:\/\/www.camac-harps.com\/blog\/fr\/#\/schema\/person\/59b9e6843c0338179fb914afaf144d22\",\"name\":\"Helen Leitner\",\"image\":{\"@type\":\"ImageObject\",\"inLanguage\":\"fr-FR\",\"@id\":\"https:\/\/www.camac-harps.com\/blog\/fr\/#\/schema\/person\/image\/\",\"url\":\"https:\/\/secure.gravatar.com\/avatar\/ebbebff931219cff4c2d1e25c3229b2e036693f67bf237fb12f452d7a019a6da?s=96&d=mm&r=g\",\"contentUrl\":\"https:\/\/secure.gravatar.com\/avatar\/ebbebff931219cff4c2d1e25c3229b2e036693f67bf237fb12f452d7a019a6da?s=96&d=mm&r=g\",\"caption\":\"Helen Leitner\"},\"url\":\"https:\/\/www.camac-harps.com\/blog\/fr\/author\/ltnr\/\"}]}<\/script>","yoast_head_json":{"title":"Harfenfest Luzern, du 4 au 6 septembre 2015 - Camac Harps","robots":{"index":"index","follow":"follow","max-snippet":"max-snippet:-1","max-image-preview":"max-image-preview:large","max-video-preview":"max-video-preview:-1"},"canonical":"https:\/\/www.camac-harps.com\/blog\/fr\/non-classifiee\/harfenfest-luzern-du-4-au-6-septembre-2015\/","og_locale":"fr_FR","og_type":"article","og_title":"Harfenfest Luzern, du 4 au 6 septembre 2015 - Camac Harps","og_description":"Nous avons \u00e9t\u00e9\u00a0tr\u00e8s heureux de collaborer avec\u00a0Anne Bassand\u00a0pour le\u00a0HarfenFest Luzern\u00a0qui s&rsquo;est d\u00e9roul\u00e9 du 4 au 6 septembre 2015. Ce festival proposait trois jours de musiques classique et traditionnelle, interpr\u00e9t\u00e9es\u00a0par des solistes ou par divers ensembles.\u00a0Nikolaz Cadoret, Gabriella Dall&rsquo;Olio, le Duo Larkin (musique d&rsquo;inspiration irlandaise) compos\u00e9 de Stefanie et Roman Haller, et\u00a0Anne Bassand \u00e9taient\u00a0\u00e0 l&rsquo;affiche du festival. Le week-end s&rsquo;est termin\u00e9 avec deux concerts d&rsquo;\u00e9l\u00e8ves : le premier par les ensembles de harpes des \u00e9coles r\u00e9gionales de musique de Berne et de Lucerne, et le second par les participants aux master-classes du festival. \u00ab\u00a0Notre concept est de cr\u00e9er une vraie rencontre entre des harpistes de diff\u00e9rents \u00e2ges et de diff\u00e9rents niveaux\u00a0\u00bb, dit Anne Bassand. \u00ab\u00a0Par exemple, j&rsquo;enseigne au sein de la\u00a0Luzern Musikhochschule, et je suis tr\u00e8s heureuse de pouvoir travailler sur ce projet avec mes coll\u00e8gues de Lucerne et de Berne,\u00a0Franziska Brunner et\u00a0Simon Bilger. Cela permet d&rsquo;\u00e9largir les perspectives de tout le monde : les \u00e9l\u00e8ves les plus jeunes peuvent voir ce que font les plus grands, et vice versa.\u00a0Les enseignants peuvent \u00e9changer et partager leur exp\u00e9rience et nous apprenons tous des autres.\u00a0La musique prend toute sa mesure dans le\u00a0soutien et l&rsquo;int\u00e9r\u00eat mutuels. Plus les enseignants travaillent ensemble, plus il y a d&rsquo;\u00e9v\u00e9nements organis\u00e9s, plus ces \u00e9v\u00e9nements sont ambitieux et ont une large port\u00e9e, et plus le niveau est \u00e9lev\u00e9. Cela permet alors de susciter un int\u00e9r\u00eat plus important aupr\u00e8s du\u00a0public, et donc plus de concerts sont organis\u00e9s. C&rsquo;est un cercle vertueux. Je pense \u00e9galement qu&rsquo;il est tr\u00e8s important de combiner les dimensions r\u00e9gionales et internationales de la musique. Notre programme associe ainsi des prestations par des \u00e9tudiants de la r\u00e9gion et des concerts par des harpistes reconnus internationalement, et parfois une rencontre des deux. Par exemple, huit \u00e9l\u00e8ves joueront un morceau avec Nikolaz Cadoret, ce qui sera une exp\u00e9rience incroyable pour eux. Nous mettons aussi en lumi\u00e8re des artistes de Lucerne, comme Stefanie Haller, ancienne \u00e9l\u00e8ve de la Luzern Hochschule, qui jouera avec son\u00a0Duo Larkin, et je donnerai un concert en duo avec ma coll\u00e8gue fl\u00fbtiste de la\u00a0Hochschule, Sarah Rumer. Lors de ce concert, nous jouerons en premi\u00e8re mondiale la version pour fl\u00fbte et harpe de\u00a0\u00ab\u00a0Sternbilder Suite\u00a0\u00bb de\u00a0Gotthard Odermatt, un compositeur n\u00e9 \u00e0 Lucerne et maintenant tr\u00e8s c\u00e9l\u00e8bre. Nous avons choisi le nom de \u00ab\u00a0HarfenFest\u00a0\u00bb car nous souhaitons que cet \u00e9v\u00e9nement soit\u00a0un moment de f\u00eate !\u00a0J&rsquo;ai invit\u00e9 des artistes que j&rsquo;admire mais que je n&rsquo;ai pas encore eu la joie de rencontrer, ainsi que des amis de longue date. Une des choses merveilleuses en musique, c&rsquo;est qu&rsquo;il n&rsquo;y a souvent pas de limite entre les sph\u00e8res personnelle et professionnelle, les coll\u00e8gues deviennent des amis, et c&rsquo;est aussi pour cela qu&rsquo;il est si important de pouvoir rencontrer et apprendre \u00e0 conna\u00eetre les autres.\u00a0Gabriella Dall&rsquo;Olio et moi nous sommes rencontr\u00e9es il y a 25 ans lorsque nous \u00e9tions toutes deux \u00e9l\u00e8ves \u00e0 l&rsquo;Acad\u00e9mie de Gargilesse\u00a0de Pierre Jamet, et nous sommes rest\u00e9es en contact depuis ! J&rsquo;esp\u00e8re que tous les participants rentreront chez eux \u00e0 la fin de ce week-end,\u00a0inspir\u00e9s et enthousiasm\u00e9s par En savoir plus","og_url":"https:\/\/www.camac-harps.com\/blog\/fr\/non-classifiee\/harfenfest-luzern-du-4-au-6-septembre-2015\/","og_site_name":"Camac Harps","article_published_time":"2015-08-30T09:03:16+00:00","article_modified_time":"2017-06-29T07:03:13+00:00","og_image":[{"width":722,"height":335,"url":"https:\/\/www.camac-harps.com\/blog\/wp-content\/uploads\/sites\/27\/2015\/08\/harfenfest-thumbnail1.png","type":"image\/png"}],"author":"Helen Leitner","twitter_card":"summary_large_image","twitter_misc":{"\u00c9crit par":"Helen Leitner","Dur\u00e9e de lecture estim\u00e9e":"3 minutes"},"schema":{"@context":"https:\/\/schema.org","@graph":[{"@type":"Article","@id":"https:\/\/www.camac-harps.com\/blog\/fr\/non-classifiee\/harfenfest-luzern-du-4-au-6-septembre-2015\/#article","isPartOf":{"@id":"https:\/\/www.camac-harps.com\/blog\/fr\/non-classifiee\/harfenfest-luzern-du-4-au-6-septembre-2015\/"},"author":{"name":"Helen Leitner","@id":"https:\/\/www.camac-harps.com\/blog\/fr\/#\/schema\/person\/59b9e6843c0338179fb914afaf144d22"},"headline":"Harfenfest Luzern, du 4 au 6 septembre 2015","datePublished":"2015-08-30T09:03:16+00:00","dateModified":"2017-06-29T07:03:13+00:00","mainEntityOfPage":{"@id":"https:\/\/www.camac-harps.com\/blog\/fr\/non-classifiee\/harfenfest-luzern-du-4-au-6-septembre-2015\/"},"wordCount":689,"commentCount":0,"image":{"@id":"https:\/\/www.camac-harps.com\/blog\/fr\/non-classifiee\/harfenfest-luzern-du-4-au-6-septembre-2015\/#primaryimage"},"thumbnailUrl":"https:\/\/www.camac-harps.com\/blog\/wp-content\/uploads\/sites\/27\/2015\/08\/harfenfest-thumbnail1.png","articleSection":["Non classifi\u00e9(e)"],"inLanguage":"fr-FR","potentialAction":[{"@type":"CommentAction","name":"Comment","target":["https:\/\/www.camac-harps.com\/blog\/fr\/non-classifiee\/harfenfest-luzern-du-4-au-6-septembre-2015\/#respond"]}]},{"@type":"WebPage","@id":"https:\/\/www.camac-harps.com\/blog\/fr\/non-classifiee\/harfenfest-luzern-du-4-au-6-septembre-2015\/","url":"https:\/\/www.camac-harps.com\/blog\/fr\/non-classifiee\/harfenfest-luzern-du-4-au-6-septembre-2015\/","name":"Harfenfest Luzern, du 4 au 6 septembre 2015 - Camac Harps","isPartOf":{"@id":"https:\/\/www.camac-harps.com\/blog\/fr\/#website"},"primaryImageOfPage":{"@id":"https:\/\/www.camac-harps.com\/blog\/fr\/non-classifiee\/harfenfest-luzern-du-4-au-6-septembre-2015\/#primaryimage"},"image":{"@id":"https:\/\/www.camac-harps.com\/blog\/fr\/non-classifiee\/harfenfest-luzern-du-4-au-6-septembre-2015\/#primaryimage"},"thumbnailUrl":"https:\/\/www.camac-harps.com\/blog\/wp-content\/uploads\/sites\/27\/2015\/08\/harfenfest-thumbnail1.png","datePublished":"2015-08-30T09:03:16+00:00","dateModified":"2017-06-29T07:03:13+00:00","author":{"@id":"https:\/\/www.camac-harps.com\/blog\/fr\/#\/schema\/person\/59b9e6843c0338179fb914afaf144d22"},"breadcrumb":{"@id":"https:\/\/www.camac-harps.com\/blog\/fr\/non-classifiee\/harfenfest-luzern-du-4-au-6-septembre-2015\/#breadcrumb"},"inLanguage":"fr-FR","potentialAction":[{"@type":"ReadAction","target":["https:\/\/www.camac-harps.com\/blog\/fr\/non-classifiee\/harfenfest-luzern-du-4-au-6-septembre-2015\/"]}]},{"@type":"ImageObject","inLanguage":"fr-FR","@id":"https:\/\/www.camac-harps.com\/blog\/fr\/non-classifiee\/harfenfest-luzern-du-4-au-6-septembre-2015\/#primaryimage","url":"https:\/\/www.camac-harps.com\/blog\/wp-content\/uploads\/sites\/27\/2015\/08\/harfenfest-thumbnail1.png","contentUrl":"https:\/\/www.camac-harps.com\/blog\/wp-content\/uploads\/sites\/27\/2015\/08\/harfenfest-thumbnail1.png","width":722,"height":335},{"@type":"BreadcrumbList","@id":"https:\/\/www.camac-harps.com\/blog\/fr\/non-classifiee\/harfenfest-luzern-du-4-au-6-septembre-2015\/#breadcrumb","itemListElement":[{"@type":"ListItem","position":1,"name":"Home","item":"https:\/\/www.camac-harps.com\/blog\/fr\/"},{"@type":"ListItem","position":2,"name":"Harfenfest Luzern, du 4 au 6 septembre 2015"}]},{"@type":"WebSite","@id":"https:\/\/www.camac-harps.com\/blog\/fr\/#website","url":"https:\/\/www.camac-harps.com\/blog\/fr\/","name":"Camac Harps","description":"","potentialAction":[{"@type":"SearchAction","target":{"@type":"EntryPoint","urlTemplate":"https:\/\/www.camac-harps.com\/blog\/fr\/?s={search_term_string}"},"query-input":{"@type":"PropertyValueSpecification","valueRequired":true,"valueName":"search_term_string"}}],"inLanguage":"fr-FR"},{"@type":"Person","@id":"https:\/\/www.camac-harps.com\/blog\/fr\/#\/schema\/person\/59b9e6843c0338179fb914afaf144d22","name":"Helen Leitner","image":{"@type":"ImageObject","inLanguage":"fr-FR","@id":"https:\/\/www.camac-harps.com\/blog\/fr\/#\/schema\/person\/image\/","url":"https:\/\/secure.gravatar.com\/avatar\/ebbebff931219cff4c2d1e25c3229b2e036693f67bf237fb12f452d7a019a6da?s=96&d=mm&r=g","contentUrl":"https:\/\/secure.gravatar.com\/avatar\/ebbebff931219cff4c2d1e25c3229b2e036693f67bf237fb12f452d7a019a6da?s=96&d=mm&r=g","caption":"Helen Leitner"},"url":"https:\/\/www.camac-harps.com\/blog\/fr\/author\/ltnr\/"}]}},"_links":{"self":[{"href":"https:\/\/www.camac-harps.com\/blog\/fr\/wp-json\/wp\/v2\/posts\/19929","targetHints":{"allow":["GET"]}}],"collection":[{"href":"https:\/\/www.camac-harps.com\/blog\/fr\/wp-json\/wp\/v2\/posts"}],"about":[{"href":"https:\/\/www.camac-harps.com\/blog\/fr\/wp-json\/wp\/v2\/types\/post"}],"author":[{"embeddable":true,"href":"https:\/\/www.camac-harps.com\/blog\/fr\/wp-json\/wp\/v2\/users\/3"}],"replies":[{"embeddable":true,"href":"https:\/\/www.camac-harps.com\/blog\/fr\/wp-json\/wp\/v2\/comments?post=19929"}],"version-history":[{"count":2,"href":"https:\/\/www.camac-harps.com\/blog\/fr\/wp-json\/wp\/v2\/posts\/19929\/revisions"}],"predecessor-version":[{"id":20236,"href":"https:\/\/www.camac-harps.com\/blog\/fr\/wp-json\/wp\/v2\/posts\/19929\/revisions\/20236"}],"wp:featuredmedia":[{"embeddable":true,"href":"https:\/\/www.camac-harps.com\/blog\/fr\/wp-json\/wp\/v2\/media\/1465"}],"wp:attachment":[{"href":"https:\/\/www.camac-harps.com\/blog\/fr\/wp-json\/wp\/v2\/media?parent=19929"}],"wp:term":[{"taxonomy":"category","embeddable":true,"href":"https:\/\/www.camac-harps.com\/blog\/fr\/wp-json\/wp\/v2\/categories?post=19929"},{"taxonomy":"post_tag","embeddable":true,"href":"https:\/\/www.camac-harps.com\/blog\/fr\/wp-json\/wp\/v2\/tags?post=19929"}],"curies":[{"name":"wp","href":"https:\/\/api.w.org\/{rel}","templated":true}]}}