{"id":21402,"date":"2017-08-24T11:46:30","date_gmt":"2017-08-24T11:46:30","guid":{"rendered":"https:\/\/www.camac-harps.com\/blog\/?p=21402\/"},"modified":"2017-08-31T16:23:25","modified_gmt":"2017-08-31T16:23:25","slug":"eduardo-betancourt-et-le-venezuelan-project","status":"publish","type":"post","link":"https:\/\/www.camac-harps.com\/blog\/fr\/actualites\/eduardo-betancourt-et-le-venezuelan-project\/","title":{"rendered":"Eduardo Betancourt et le Venezuelan Project"},"content":{"rendered":"<div>\n<p style=\"text-align: justify;\"><a href=\"http:\/\/eduardobetancourt.weebly.com\" target=\"_blank\" rel=\"noopener\">Eduardo Betancourt<\/a> et le Venezuelan Project <a href=\"https:\/\/www.berklee.edu\/events\/venezuelan-project-0\" target=\"_blank\" rel=\"noopener\">ont jou\u00e9<\/a>\u00a0au Berklee College of Music dans le cadre de \u00ab\u00a0Summer in the City\u00a0\u00bb. Nous appr\u00e9cions beaucoup leur vid\u00e9o \u00ab\u00a0Roots Medley\u00a0\u00bb, un m\u00e9lange de \u00ab\u00a0Merenguisimo,\u201d \u201cBlue Ensemble\u00a0\u00bb (ces deux morceaux ont \u00e9t\u00e9 compos\u00e9s par les membres du Venezuelan Project, Josu Ortiz et Carlos Capacho) et le traditionnel \u00ab\u00a0Pajarillo.\u00a0\u00bb Cette vid\u00e9o est tout \u00e0 fait repr\u00e9sentative de la fa\u00e7on dont le Venezuelan Project associe les styles traditionnels v\u00e9n\u00e9zu\u00e9liens \u00e0 diff\u00e9rents styles contemporains.<\/p>\n<p style=\"text-align: justify;\">Depuis sa cr\u00e9ation, le Venezuelan Project s&rsquo;est produit dans des lieux tels que le Berklee Performance Center, la House of Blues, la NPR Radio Station, la Dreamfarm radio, ainsi que dans de tr\u00e8s nombreux festivals et \u00e9v\u00e9nements tels que le Beantown Jazz Festival en 2016, le Berklee International Folk Festival, le Berklee Encore Gala en 2015 et en 2016, le Berklee Summer in the City en 2017, entre autres.<\/p>\n<div class=\"gdpr_opt_in\" data-cc-enable=\"youtube\">\n<div class=\"gdpr_opt_in__inner\">Je souhaite activer le contenu vid\u00e9o et j&rsquo;accepte que des donn\u00e9es soient charg\u00e9es \u00e0 partir de Google (voir <a href=\"https:\/\/www.camac-harps.com\/blog\/fr\/actualites\/eduardo-betancourt-et-le-venezuelan-project\/\" target=\"_blank\">les r\u00e8gles de confidentialit\u00e9<\/a>).<\/div>\n<\/div>\n<div class=\"video_container\">\n<div class=\"video_container__inner\"><iframe title=\"The Venezuelan Project - Roots Medley (Live at Berklee)\" width=\"500\" height=\"281\" alt-src=\"https:\/\/www.youtube-nocookie.com\/embed\/ZdBrglYa6lc?feature=oembed\" frameborder=\"0\" allow=\"accelerometer; autoplay; clipboard-write; encrypted-media; gyroscope; picture-in-picture; web-share\" referrerpolicy=\"strict-origin-when-cross-origin\" allowfullscreen><\/iframe><\/div>\n<\/div>\n<p style=\"text-align: justify;\">Pour les harpistes nord-am\u00e9ricains qui nous lisent, sachez qu&rsquo;Eduardo vit actuellement \u00e0 Boston. Alors, si vous souhaitez le rencontrer pour explorer la llanera Camac, c&rsquo;est le moment ! Il est pr\u00e9sent sur <a href=\"https:\/\/m.facebook.com\/EduardoProject\/\" target=\"_blank\" rel=\"noopener\">Facebook<\/a>, <a href=\"https:\/\/www.youtube.com\/user\/bordoneando\" target=\"_blank\" rel=\"noopener\">YouTube<\/a>, Instagram et Twitter (@Bordoneando)&#8230; et n&rsquo;oubliez pas son nouvel album\u00a0<a href=\"http:\/\/www.harpes-camac-boutique.net\/product_info.php?products_id=3639\" target=\"_blank\" rel=\"noopener\">Ad Libitum.<\/a>\u00a0Ce CD (et bien d&rsquo;autres choses utiles \u00e0 tout harpiste !) est disponible dans notre <a href=\"http:\/\/www.harpes-camac-boutique.net\/product_info.php?products_id=3639\">boutique en ligne<\/a>.\u00a0<\/p>\n<p style=\"text-align: justify;\"><span style=\"font-size: 8pt;\"><em>photo \u00a9 <a href=\"http:\/\/eduardobetancourt.weebly.com\/pics.html\" target=\"_blank\" rel=\"noopener\">Eduardo Betancourt<\/a>\u00a0<\/em><\/span><\/p>\n<\/div>\n<div>\u00a0<\/div>\n","protected":false},"excerpt":{"rendered":"<p>Eduardo Betancourt et le Venezuelan Project ont jou\u00e9\u00a0au Berklee College of Music dans le cadre de \u00ab\u00a0Summer in the City\u00a0\u00bb. Nous appr\u00e9cions beaucoup leur vid\u00e9o \u00ab\u00a0Roots Medley\u00a0\u00bb, avec : Alexis Soto\u00a0(percussions), Ali Tovar (basse \u00e9lectrique), Carlos Capacho (cuatro), Josu Ortiz (piano), et bien s\u00fbr Eduardo et sa EC llanera Camac ! <\/p>\n","protected":false},"author":3,"featured_media":21399,"comment_status":"open","ping_status":"open","sticky":false,"template":"","format":"standard","meta":{"_acf_changed":false,"footnotes":""},"categories":[533],"tags":[],"class_list":["post-21402","post","type-post","status-publish","format-standard","has-post-thumbnail","hentry","category-actualites"],"acf":[],"yoast_head":"<title>Eduardo Betancourt et le Venezuelan Project - Camac Harps<\/title>\n<meta name=\"robots\" content=\"index, follow, max-snippet:-1, max-image-preview:large, max-video-preview:-1\" \/>\n<link rel=\"canonical\" href=\"https:\/\/www.camac-harps.com\/blog\/fr\/actualites\/eduardo-betancourt-et-le-venezuelan-project\/\" \/>\n<meta property=\"og:locale\" content=\"fr_FR\" \/>\n<meta property=\"og:type\" content=\"article\" \/>\n<meta property=\"og:title\" content=\"Eduardo Betancourt et le Venezuelan Project - Camac Harps\" \/>\n<meta property=\"og:description\" content=\"Eduardo Betancourt et le Venezuelan Project ont jou\u00e9\u00a0au Berklee College of Music dans le cadre de &quot;Summer in the City&quot;. Nous appr\u00e9cions beaucoup leur vid\u00e9o &quot;Roots Medley&quot;, avec : Alexis Soto\u00a0(percussions), Ali Tovar (basse \u00e9lectrique), Carlos Capacho (cuatro), Josu Ortiz (piano), et bien s\u00fbr Eduardo et sa EC llanera Camac !\" \/>\n<meta property=\"og:url\" content=\"https:\/\/www.camac-harps.com\/blog\/fr\/actualites\/eduardo-betancourt-et-le-venezuelan-project\/\" \/>\n<meta property=\"og:site_name\" content=\"Camac Harps\" \/>\n<meta property=\"article:published_time\" content=\"2017-08-24T11:46:30+00:00\" \/>\n<meta property=\"article:modified_time\" content=\"2017-08-31T16:23:25+00:00\" \/>\n<meta property=\"og:image\" content=\"https:\/\/www.camac-harps.com\/blog\/wp-content\/uploads\/sites\/27\/2017\/08\/eduardobetancourt.png\" \/>\n\t<meta property=\"og:image:width\" content=\"1012\" \/>\n\t<meta property=\"og:image:height\" content=\"800\" \/>\n\t<meta property=\"og:image:type\" content=\"image\/png\" \/>\n<meta name=\"author\" content=\"Helen Leitner\" \/>\n<meta name=\"twitter:card\" content=\"summary_large_image\" \/>\n<meta name=\"twitter:label1\" content=\"\u00c9crit par\" \/>\n\t<meta name=\"twitter:data1\" content=\"Helen Leitner\" \/>\n\t<meta name=\"twitter:label2\" content=\"Dur\u00e9e de lecture estim\u00e9e\" \/>\n\t<meta name=\"twitter:data2\" content=\"1 minute\" \/>\n<script type=\"application\/ld+json\" class=\"yoast-schema-graph\">{\"@context\":\"https:\/\/schema.org\",\"@graph\":[{\"@type\":\"Article\",\"@id\":\"https:\/\/www.camac-harps.com\/blog\/fr\/actualites\/eduardo-betancourt-et-le-venezuelan-project\/#article\",\"isPartOf\":{\"@id\":\"https:\/\/www.camac-harps.com\/blog\/fr\/actualites\/eduardo-betancourt-et-le-venezuelan-project\/\"},\"author\":{\"name\":\"Helen Leitner\",\"@id\":\"https:\/\/www.camac-harps.com\/blog\/fr\/#\/schema\/person\/59b9e6843c0338179fb914afaf144d22\"},\"headline\":\"Eduardo Betancourt et le Venezuelan Project\",\"datePublished\":\"2017-08-24T11:46:30+00:00\",\"dateModified\":\"2017-08-31T16:23:25+00:00\",\"mainEntityOfPage\":{\"@id\":\"https:\/\/www.camac-harps.com\/blog\/fr\/actualites\/eduardo-betancourt-et-le-venezuelan-project\/\"},\"wordCount\":238,\"commentCount\":0,\"image\":{\"@id\":\"https:\/\/www.camac-harps.com\/blog\/fr\/actualites\/eduardo-betancourt-et-le-venezuelan-project\/#primaryimage\"},\"thumbnailUrl\":\"https:\/\/www.camac-harps.com\/blog\/wp-content\/uploads\/sites\/27\/2017\/08\/eduardobetancourt.png\",\"articleSection\":[\"Actualit\u00e9s\"],\"inLanguage\":\"fr-FR\",\"potentialAction\":[{\"@type\":\"CommentAction\",\"name\":\"Comment\",\"target\":[\"https:\/\/www.camac-harps.com\/blog\/fr\/actualites\/eduardo-betancourt-et-le-venezuelan-project\/#respond\"]}]},{\"@type\":\"WebPage\",\"@id\":\"https:\/\/www.camac-harps.com\/blog\/fr\/actualites\/eduardo-betancourt-et-le-venezuelan-project\/\",\"url\":\"https:\/\/www.camac-harps.com\/blog\/fr\/actualites\/eduardo-betancourt-et-le-venezuelan-project\/\",\"name\":\"Eduardo Betancourt et le Venezuelan Project - Camac Harps\",\"isPartOf\":{\"@id\":\"https:\/\/www.camac-harps.com\/blog\/fr\/#website\"},\"primaryImageOfPage\":{\"@id\":\"https:\/\/www.camac-harps.com\/blog\/fr\/actualites\/eduardo-betancourt-et-le-venezuelan-project\/#primaryimage\"},\"image\":{\"@id\":\"https:\/\/www.camac-harps.com\/blog\/fr\/actualites\/eduardo-betancourt-et-le-venezuelan-project\/#primaryimage\"},\"thumbnailUrl\":\"https:\/\/www.camac-harps.com\/blog\/wp-content\/uploads\/sites\/27\/2017\/08\/eduardobetancourt.png\",\"datePublished\":\"2017-08-24T11:46:30+00:00\",\"dateModified\":\"2017-08-31T16:23:25+00:00\",\"author\":{\"@id\":\"https:\/\/www.camac-harps.com\/blog\/fr\/#\/schema\/person\/59b9e6843c0338179fb914afaf144d22\"},\"breadcrumb\":{\"@id\":\"https:\/\/www.camac-harps.com\/blog\/fr\/actualites\/eduardo-betancourt-et-le-venezuelan-project\/#breadcrumb\"},\"inLanguage\":\"fr-FR\",\"potentialAction\":[{\"@type\":\"ReadAction\",\"target\":[\"https:\/\/www.camac-harps.com\/blog\/fr\/actualites\/eduardo-betancourt-et-le-venezuelan-project\/\"]}]},{\"@type\":\"ImageObject\",\"inLanguage\":\"fr-FR\",\"@id\":\"https:\/\/www.camac-harps.com\/blog\/fr\/actualites\/eduardo-betancourt-et-le-venezuelan-project\/#primaryimage\",\"url\":\"https:\/\/www.camac-harps.com\/blog\/wp-content\/uploads\/sites\/27\/2017\/08\/eduardobetancourt.png\",\"contentUrl\":\"https:\/\/www.camac-harps.com\/blog\/wp-content\/uploads\/sites\/27\/2017\/08\/eduardobetancourt.png\",\"width\":1012,\"height\":800,\"caption\":\"Eduardo Betancourt\"},{\"@type\":\"BreadcrumbList\",\"@id\":\"https:\/\/www.camac-harps.com\/blog\/fr\/actualites\/eduardo-betancourt-et-le-venezuelan-project\/#breadcrumb\",\"itemListElement\":[{\"@type\":\"ListItem\",\"position\":1,\"name\":\"Home\",\"item\":\"https:\/\/www.camac-harps.com\/blog\/fr\/\"},{\"@type\":\"ListItem\",\"position\":2,\"name\":\"Eduardo Betancourt et le Venezuelan Project\"}]},{\"@type\":\"WebSite\",\"@id\":\"https:\/\/www.camac-harps.com\/blog\/fr\/#website\",\"url\":\"https:\/\/www.camac-harps.com\/blog\/fr\/\",\"name\":\"Camac Harps\",\"description\":\"\",\"potentialAction\":[{\"@type\":\"SearchAction\",\"target\":{\"@type\":\"EntryPoint\",\"urlTemplate\":\"https:\/\/www.camac-harps.com\/blog\/fr\/?s={search_term_string}\"},\"query-input\":{\"@type\":\"PropertyValueSpecification\",\"valueRequired\":true,\"valueName\":\"search_term_string\"}}],\"inLanguage\":\"fr-FR\"},{\"@type\":\"Person\",\"@id\":\"https:\/\/www.camac-harps.com\/blog\/fr\/#\/schema\/person\/59b9e6843c0338179fb914afaf144d22\",\"name\":\"Helen Leitner\",\"image\":{\"@type\":\"ImageObject\",\"inLanguage\":\"fr-FR\",\"@id\":\"https:\/\/www.camac-harps.com\/blog\/fr\/#\/schema\/person\/image\/\",\"url\":\"https:\/\/secure.gravatar.com\/avatar\/ebbebff931219cff4c2d1e25c3229b2e036693f67bf237fb12f452d7a019a6da?s=96&d=mm&r=g\",\"contentUrl\":\"https:\/\/secure.gravatar.com\/avatar\/ebbebff931219cff4c2d1e25c3229b2e036693f67bf237fb12f452d7a019a6da?s=96&d=mm&r=g\",\"caption\":\"Helen Leitner\"},\"url\":\"https:\/\/www.camac-harps.com\/blog\/fr\/author\/ltnr\/\"}]}<\/script>","yoast_head_json":{"title":"Eduardo Betancourt et le Venezuelan Project - Camac Harps","robots":{"index":"index","follow":"follow","max-snippet":"max-snippet:-1","max-image-preview":"max-image-preview:large","max-video-preview":"max-video-preview:-1"},"canonical":"https:\/\/www.camac-harps.com\/blog\/fr\/actualites\/eduardo-betancourt-et-le-venezuelan-project\/","og_locale":"fr_FR","og_type":"article","og_title":"Eduardo Betancourt et le Venezuelan Project - Camac Harps","og_description":"Eduardo Betancourt et le Venezuelan Project ont jou\u00e9\u00a0au Berklee College of Music dans le cadre de \"Summer in the City\". Nous appr\u00e9cions beaucoup leur vid\u00e9o \"Roots Medley\", avec : Alexis Soto\u00a0(percussions), Ali Tovar (basse \u00e9lectrique), Carlos Capacho (cuatro), Josu Ortiz (piano), et bien s\u00fbr Eduardo et sa EC llanera Camac !","og_url":"https:\/\/www.camac-harps.com\/blog\/fr\/actualites\/eduardo-betancourt-et-le-venezuelan-project\/","og_site_name":"Camac Harps","article_published_time":"2017-08-24T11:46:30+00:00","article_modified_time":"2017-08-31T16:23:25+00:00","og_image":[{"width":1012,"height":800,"url":"https:\/\/www.camac-harps.com\/blog\/wp-content\/uploads\/sites\/27\/2017\/08\/eduardobetancourt.png","type":"image\/png"}],"author":"Helen Leitner","twitter_card":"summary_large_image","twitter_misc":{"\u00c9crit par":"Helen Leitner","Dur\u00e9e de lecture estim\u00e9e":"1 minute"},"schema":{"@context":"https:\/\/schema.org","@graph":[{"@type":"Article","@id":"https:\/\/www.camac-harps.com\/blog\/fr\/actualites\/eduardo-betancourt-et-le-venezuelan-project\/#article","isPartOf":{"@id":"https:\/\/www.camac-harps.com\/blog\/fr\/actualites\/eduardo-betancourt-et-le-venezuelan-project\/"},"author":{"name":"Helen Leitner","@id":"https:\/\/www.camac-harps.com\/blog\/fr\/#\/schema\/person\/59b9e6843c0338179fb914afaf144d22"},"headline":"Eduardo Betancourt et le Venezuelan Project","datePublished":"2017-08-24T11:46:30+00:00","dateModified":"2017-08-31T16:23:25+00:00","mainEntityOfPage":{"@id":"https:\/\/www.camac-harps.com\/blog\/fr\/actualites\/eduardo-betancourt-et-le-venezuelan-project\/"},"wordCount":238,"commentCount":0,"image":{"@id":"https:\/\/www.camac-harps.com\/blog\/fr\/actualites\/eduardo-betancourt-et-le-venezuelan-project\/#primaryimage"},"thumbnailUrl":"https:\/\/www.camac-harps.com\/blog\/wp-content\/uploads\/sites\/27\/2017\/08\/eduardobetancourt.png","articleSection":["Actualit\u00e9s"],"inLanguage":"fr-FR","potentialAction":[{"@type":"CommentAction","name":"Comment","target":["https:\/\/www.camac-harps.com\/blog\/fr\/actualites\/eduardo-betancourt-et-le-venezuelan-project\/#respond"]}]},{"@type":"WebPage","@id":"https:\/\/www.camac-harps.com\/blog\/fr\/actualites\/eduardo-betancourt-et-le-venezuelan-project\/","url":"https:\/\/www.camac-harps.com\/blog\/fr\/actualites\/eduardo-betancourt-et-le-venezuelan-project\/","name":"Eduardo Betancourt et le Venezuelan Project - Camac Harps","isPartOf":{"@id":"https:\/\/www.camac-harps.com\/blog\/fr\/#website"},"primaryImageOfPage":{"@id":"https:\/\/www.camac-harps.com\/blog\/fr\/actualites\/eduardo-betancourt-et-le-venezuelan-project\/#primaryimage"},"image":{"@id":"https:\/\/www.camac-harps.com\/blog\/fr\/actualites\/eduardo-betancourt-et-le-venezuelan-project\/#primaryimage"},"thumbnailUrl":"https:\/\/www.camac-harps.com\/blog\/wp-content\/uploads\/sites\/27\/2017\/08\/eduardobetancourt.png","datePublished":"2017-08-24T11:46:30+00:00","dateModified":"2017-08-31T16:23:25+00:00","author":{"@id":"https:\/\/www.camac-harps.com\/blog\/fr\/#\/schema\/person\/59b9e6843c0338179fb914afaf144d22"},"breadcrumb":{"@id":"https:\/\/www.camac-harps.com\/blog\/fr\/actualites\/eduardo-betancourt-et-le-venezuelan-project\/#breadcrumb"},"inLanguage":"fr-FR","potentialAction":[{"@type":"ReadAction","target":["https:\/\/www.camac-harps.com\/blog\/fr\/actualites\/eduardo-betancourt-et-le-venezuelan-project\/"]}]},{"@type":"ImageObject","inLanguage":"fr-FR","@id":"https:\/\/www.camac-harps.com\/blog\/fr\/actualites\/eduardo-betancourt-et-le-venezuelan-project\/#primaryimage","url":"https:\/\/www.camac-harps.com\/blog\/wp-content\/uploads\/sites\/27\/2017\/08\/eduardobetancourt.png","contentUrl":"https:\/\/www.camac-harps.com\/blog\/wp-content\/uploads\/sites\/27\/2017\/08\/eduardobetancourt.png","width":1012,"height":800,"caption":"Eduardo Betancourt"},{"@type":"BreadcrumbList","@id":"https:\/\/www.camac-harps.com\/blog\/fr\/actualites\/eduardo-betancourt-et-le-venezuelan-project\/#breadcrumb","itemListElement":[{"@type":"ListItem","position":1,"name":"Home","item":"https:\/\/www.camac-harps.com\/blog\/fr\/"},{"@type":"ListItem","position":2,"name":"Eduardo Betancourt et le Venezuelan Project"}]},{"@type":"WebSite","@id":"https:\/\/www.camac-harps.com\/blog\/fr\/#website","url":"https:\/\/www.camac-harps.com\/blog\/fr\/","name":"Camac Harps","description":"","potentialAction":[{"@type":"SearchAction","target":{"@type":"EntryPoint","urlTemplate":"https:\/\/www.camac-harps.com\/blog\/fr\/?s={search_term_string}"},"query-input":{"@type":"PropertyValueSpecification","valueRequired":true,"valueName":"search_term_string"}}],"inLanguage":"fr-FR"},{"@type":"Person","@id":"https:\/\/www.camac-harps.com\/blog\/fr\/#\/schema\/person\/59b9e6843c0338179fb914afaf144d22","name":"Helen Leitner","image":{"@type":"ImageObject","inLanguage":"fr-FR","@id":"https:\/\/www.camac-harps.com\/blog\/fr\/#\/schema\/person\/image\/","url":"https:\/\/secure.gravatar.com\/avatar\/ebbebff931219cff4c2d1e25c3229b2e036693f67bf237fb12f452d7a019a6da?s=96&d=mm&r=g","contentUrl":"https:\/\/secure.gravatar.com\/avatar\/ebbebff931219cff4c2d1e25c3229b2e036693f67bf237fb12f452d7a019a6da?s=96&d=mm&r=g","caption":"Helen Leitner"},"url":"https:\/\/www.camac-harps.com\/blog\/fr\/author\/ltnr\/"}]}},"_links":{"self":[{"href":"https:\/\/www.camac-harps.com\/blog\/fr\/wp-json\/wp\/v2\/posts\/21402","targetHints":{"allow":["GET"]}}],"collection":[{"href":"https:\/\/www.camac-harps.com\/blog\/fr\/wp-json\/wp\/v2\/posts"}],"about":[{"href":"https:\/\/www.camac-harps.com\/blog\/fr\/wp-json\/wp\/v2\/types\/post"}],"author":[{"embeddable":true,"href":"https:\/\/www.camac-harps.com\/blog\/fr\/wp-json\/wp\/v2\/users\/3"}],"replies":[{"embeddable":true,"href":"https:\/\/www.camac-harps.com\/blog\/fr\/wp-json\/wp\/v2\/comments?post=21402"}],"version-history":[{"count":4,"href":"https:\/\/www.camac-harps.com\/blog\/fr\/wp-json\/wp\/v2\/posts\/21402\/revisions"}],"predecessor-version":[{"id":21406,"href":"https:\/\/www.camac-harps.com\/blog\/fr\/wp-json\/wp\/v2\/posts\/21402\/revisions\/21406"}],"wp:featuredmedia":[{"embeddable":true,"href":"https:\/\/www.camac-harps.com\/blog\/fr\/wp-json\/wp\/v2\/media\/21399"}],"wp:attachment":[{"href":"https:\/\/www.camac-harps.com\/blog\/fr\/wp-json\/wp\/v2\/media?parent=21402"}],"wp:term":[{"taxonomy":"category","embeddable":true,"href":"https:\/\/www.camac-harps.com\/blog\/fr\/wp-json\/wp\/v2\/categories?post=21402"},{"taxonomy":"post_tag","embeddable":true,"href":"https:\/\/www.camac-harps.com\/blog\/fr\/wp-json\/wp\/v2\/tags?post=21402"}],"curies":[{"name":"wp","href":"https:\/\/api.w.org\/{rel}","templated":true}]}}