{"id":22038,"date":"2018-01-24T09:23:42","date_gmt":"2018-01-24T09:23:42","guid":{"rendered":"https:\/\/www.camac-harps.com\/blog\/?p=22038"},"modified":"2018-01-29T08:31:36","modified_gmt":"2018-01-29T08:31:36","slug":"passages-de-tali-glaser-nouvelle-piece-pour-duo-de-harpes-en-hommage-ayelet-konieczny","status":"publish","type":"post","link":"https:\/\/www.camac-harps.com\/blog\/fr\/actualites\/passages-de-tali-glaser-nouvelle-piece-pour-duo-de-harpes-en-hommage-ayelet-konieczny\/","title":{"rendered":"Nouvelle pi\u00e8ce pour duo de harpes en hommage \u00e0 Ayelet Konieczny"},"content":{"rendered":"<p style=\"text-align: justify;\"><a href=\"https:\/\/www.camac-harps.com\/wp-content\/uploads\/sites\/27\/2018\/01\/ayeletmemorialconcert.jpg\"><img loading=\"lazy\" decoding=\"async\" class=\"size-large wp-image-22032\" src=\"https:\/\/www.camac-harps.com\/wp-content\/uploads\/sites\/27\/2018\/01\/ayeletmemorialconcert-1024x356.jpg\" alt=\"Memorial Concert for Ayelet 2018\" width=\"1024\" height=\"356\" srcset=\"https:\/\/www.camac-harps.com\/blog\/wp-content\/uploads\/sites\/27\/2018\/01\/ayeletmemorialconcert-1024x356.jpg 1024w, https:\/\/www.camac-harps.com\/blog\/wp-content\/uploads\/sites\/27\/2018\/01\/ayeletmemorialconcert-800x278.jpg 800w, https:\/\/www.camac-harps.com\/blog\/wp-content\/uploads\/sites\/27\/2018\/01\/ayeletmemorialconcert-300x104.jpg 300w, https:\/\/www.camac-harps.com\/blog\/wp-content\/uploads\/sites\/27\/2018\/01\/ayeletmemorialconcert-768x267.jpg 768w, https:\/\/www.camac-harps.com\/blog\/wp-content\/uploads\/sites\/27\/2018\/01\/ayeletmemorialconcert-1000x347.jpg 1000w, https:\/\/www.camac-harps.com\/blog\/wp-content\/uploads\/sites\/27\/2018\/01\/ayeletmemorialconcert-55x19.jpg 55w, https:\/\/www.camac-harps.com\/blog\/wp-content\/uploads\/sites\/27\/2018\/01\/ayeletmemorialconcert-250x87.jpg 250w\" sizes=\"auto, (max-width: 1024px) 100vw, 1024px\" \/><\/a><\/p>\n<p style=\"text-align: justify;\">La harpiste Ayelet Konieczny, d\u00e9c\u00e9d\u00e9e tragiquement \u00e0 l&rsquo;\u00e2ge de 29 ans, aimait particuli\u00e8rement la musique fran\u00e7aise. Elle admirait tout sp\u00e9cialement Henriette Reni\u00e9, compositrice remarquable \u00e0 une \u00e9poque o\u00f9 il \u00e9tait rare qu&rsquo;une femme m\u00e8ne une telle carri\u00e8re. Nos partenaires en Isra\u00ebl organisent un concert en m\u00e9moire d&rsquo;Ayelet le 12 f\u00e9vrier prochain. Diverses \u0153uvres compos\u00e9es par des femmes y seront interpr\u00e9t\u00e9es, et y sera jou\u00e9e \u00e9galement, en premi\u00e8re mondiale, \u00ab\u00a0Passages\u00a0\u00bb, une toute nouvelle pi\u00e8ce command\u00e9e en hommage \u00e0 Ayelet et \u00e9crite par Tali Glaser, harpiste du Philharmonique d&rsquo;Isra\u00ebl.<\/p>\n<div id=\"attachment_22044\" class=\"wp-caption alignright\" style=\"width: 150px\"><a href=\"https:\/\/www.camac-harps.com\/wp-content\/uploads\/sites\/27\/2018\/01\/ayeletkonieczny.jpg\"><img loading=\"lazy\" decoding=\"async\" class=\"size-thumbnail wp-image-22044\" src=\"https:\/\/www.camac-harps.com\/wp-content\/uploads\/sites\/27\/2018\/01\/ayeletkonieczny-150x150.jpg\" alt=\"\" width=\"150\" height=\"150\" \/><\/a><p class=\"wp-caption-text\">Ayelet Konieczny<\/p><\/div>\n<p style=\"text-align: justify;\">Nous avons dix exemplaires de \u00ab\u00a0Passages\u00a0\u00bb disponibles gratuitement pour les premiers d&rsquo;entre vous qui nous \u00e9criront \u00e0 harpblog@camac-harps.com en prenant soin d&rsquo;indiquer leur adresse postale. Symboliquement, ces exemplaires seront envoy\u00e9s le 12 f\u00e9vrier.\u00a0\u00a0<\/p>\n<p style=\"text-align: justify;\"><b>Tali Glaser \u00e0 propos de \u00ab\u00a0Passages\u00a0\u00bb :<\/b><\/p>\n<p style=\"text-align: justify;\">\u00ab\u00a0<em>Passages<\/em>\u00a0est une \u0153uvre compos\u00e9e en l&rsquo;hommage d&rsquo;Ayelet, une jeune isra\u00e9lienne remarquable, d\u00e9c\u00e9d\u00e9e \u00e0 l&rsquo;\u00e2ge de 29 ans. Je suis \u00e9ternellement reconnaissante \u00e0 sa famille de m&rsquo;avoir fait l&rsquo;honneur de cette exp\u00e9rience unique qu&rsquo;a \u00e9t\u00e9 la composition de cette \u0153uvre.<\/p>\n<p style=\"text-align: justify;\">1. \u00ab\u00a0Desert Dawn\u00a0\u00bb<\/p>\n<p style=\"text-align: justify;\">Ce mouvement est bas\u00e9 sur un battement r\u00e9p\u00e9titif qui appara\u00eet dans divers motifs rythmiques tout au long de la pi\u00e8ce. Ces rythmes rappellent l&rsquo;\u00e9nergie d&rsquo;une nouvelle vie, de l&rsquo;enfance et de la jeunesse.\u00a0<\/p>\n<p style=\"text-align: justify;\">Dans le d\u00e9sert, le soleil se l\u00e8ve dans toute sa splendeur au-dessus d&rsquo;un espace ouvert o\u00f9 les besoins vitaux de base sont imp\u00e9ratifs : de l&rsquo;eau, un abri, de la compassion, de l&rsquo;optimisme et de l&rsquo;amour.\u00a0<\/p>\n<p style=\"text-align: justify;\">2. \u00ab\u00a0Passages\u00a0\u00bb<\/p>\n<p style=\"text-align: justify;\">Au fur et \u00e0 mesure que nous franchissons divers chapitres dans notre vie, nous devons faire face \u00e0 de lourdes \u00e9motions et nous nous laissons porter par les plus l\u00e9g\u00e8res. Apr\u00e8s chaque \u201cpassage\u201d, nous voyons le monde avec un nouveau regard.<\/p>\n<p style=\"text-align: justify;\">3. \u00ab\u00a0Epilogue\u00a0\u00bb<\/p>\n<p style=\"text-align: justify;\"><a href=\"https:\/\/www.camac-harps.com\/wp-content\/uploads\/sites\/27\/2018\/01\/taliglaser.jpg\"><img loading=\"lazy\" decoding=\"async\" class=\"alignleft size-thumbnail wp-image-22043\" src=\"https:\/\/www.camac-harps.com\/wp-content\/uploads\/sites\/27\/2018\/01\/taliglaser-150x150.jpg\" alt=\"\" width=\"150\" height=\"150\" \/><\/a>Au c\u0153ur de cet \u00ab\u00a0Epilogue\u00a0\u00bb, nous retrouvons un th\u00e8me d&rsquo;amour qui m\u00e8ne \u00e0 une m\u00e9lodie dans un style blues \u00e9voquant la nostalgie et l&rsquo;amour \u00e9ternel.<\/p>\n<p style=\"text-align: justify;\">Je tiens \u00e0 exprimer toute ma profonde gratitude et \u00e0 remercier Michael Seltenreich et Daniel Markovich pour l&rsquo;aide indispensable qu&rsquo;ils m&rsquo;ont apport\u00e9e dans l&rsquo;\u00e9dition de <em>Passages<\/em>.\u00a0\u00bb<\/p>\n<p style=\"text-align: justify;\">Pour plus d&rsquo;informations concernant ce concert qui se d\u00e9roulera le 12 f\u00e9vrier 2018 au Weil Center, Kfar Shmeriyahu (ouverture des portes \u00e0 20h00, concert \u00e0 20h30), vous pouvez\u00a0<a href=\"http:\/\/english.harpshop.co.il\" target=\"_blank\" rel=\"noopener\">contacter nos partenaires \u00e0 Tel Aviv<\/a>.\u00a0<\/p>\n","protected":false},"excerpt":{"rendered":"<p>Nous avons dix exemplaires gratuits de \u00ab\u00a0Passages\u00a0\u00bb pour duo de harpes, une oeuvre compos\u00e9e par Tali Glaser et inspir\u00e9e de la musique fran\u00e7aise. Cette pi\u00e8ce a \u00e9t\u00e9 command\u00e9e par nos partenaires en Isra\u00ebl en hommage \u00e0 Ayelet Konieczny et sera jou\u00e9e en premi\u00e8re mondiale lors d&rsquo;un concert comm\u00e9moratif \u00e0 Kfar Shmeriyahu le 12 f\u00e9vrier 2018. <\/p>\n","protected":false},"author":3,"featured_media":22032,"comment_status":"open","ping_status":"open","sticky":false,"template":"","format":"standard","meta":{"_acf_changed":false,"footnotes":""},"categories":[533],"tags":[],"class_list":["post-22038","post","type-post","status-publish","format-standard","has-post-thumbnail","hentry","category-actualites"],"acf":[],"yoast_head":"<title>Nouvelle pi\u00e8ce pour duo de harpes en hommage \u00e0 Ayelet Konieczny - Camac Harps<\/title>\n<meta name=\"robots\" content=\"index, follow, max-snippet:-1, max-image-preview:large, max-video-preview:-1\" \/>\n<link rel=\"canonical\" href=\"https:\/\/www.camac-harps.com\/blog\/fr\/actualites\/passages-de-tali-glaser-nouvelle-piece-pour-duo-de-harpes-en-hommage-ayelet-konieczny\/\" \/>\n<meta property=\"og:locale\" content=\"fr_FR\" \/>\n<meta property=\"og:type\" content=\"article\" \/>\n<meta property=\"og:title\" content=\"Nouvelle pi\u00e8ce pour duo de harpes en hommage \u00e0 Ayelet Konieczny - Camac Harps\" \/>\n<meta property=\"og:description\" content=\"Nous avons dix exemplaires gratuits de &quot;Passages&quot; pour duo de harpes, une oeuvre compos\u00e9e par Tali Glaser et inspir\u00e9e de la musique fran\u00e7aise. Cette pi\u00e8ce a \u00e9t\u00e9 command\u00e9e par nos partenaires en Isra\u00ebl en hommage \u00e0 Ayelet Konieczny et sera jou\u00e9e en premi\u00e8re mondiale lors d&#039;un concert comm\u00e9moratif \u00e0 Kfar Shmeriyahu le 12 f\u00e9vrier 2018.\" \/>\n<meta property=\"og:url\" content=\"https:\/\/www.camac-harps.com\/blog\/fr\/actualites\/passages-de-tali-glaser-nouvelle-piece-pour-duo-de-harpes-en-hommage-ayelet-konieczny\/\" \/>\n<meta property=\"og:site_name\" content=\"Camac Harps\" \/>\n<meta property=\"article:published_time\" content=\"2018-01-24T09:23:42+00:00\" \/>\n<meta property=\"article:modified_time\" content=\"2018-01-29T08:31:36+00:00\" \/>\n<meta property=\"og:image\" content=\"https:\/\/www.camac-harps.com\/blog\/wp-content\/uploads\/sites\/27\/2018\/01\/ayeletmemorialconcert-1024x356.jpg\" \/>\n\t<meta property=\"og:image:width\" content=\"1024\" \/>\n\t<meta property=\"og:image:height\" content=\"356\" \/>\n\t<meta property=\"og:image:type\" content=\"image\/jpeg\" \/>\n<meta name=\"author\" content=\"Helen Leitner\" \/>\n<meta name=\"twitter:card\" content=\"summary_large_image\" \/>\n<meta name=\"twitter:label1\" content=\"\u00c9crit par\" \/>\n\t<meta name=\"twitter:data1\" content=\"Helen Leitner\" \/>\n\t<meta name=\"twitter:label2\" content=\"Dur\u00e9e de lecture estim\u00e9e\" \/>\n\t<meta name=\"twitter:data2\" content=\"2 minutes\" \/>\n<script type=\"application\/ld+json\" class=\"yoast-schema-graph\">{\"@context\":\"https:\/\/schema.org\",\"@graph\":[{\"@type\":\"Article\",\"@id\":\"https:\/\/www.camac-harps.com\/blog\/fr\/actualites\/passages-de-tali-glaser-nouvelle-piece-pour-duo-de-harpes-en-hommage-ayelet-konieczny\/#article\",\"isPartOf\":{\"@id\":\"https:\/\/www.camac-harps.com\/blog\/fr\/actualites\/passages-de-tali-glaser-nouvelle-piece-pour-duo-de-harpes-en-hommage-ayelet-konieczny\/\"},\"author\":{\"name\":\"Helen Leitner\",\"@id\":\"https:\/\/www.camac-harps.com\/blog\/fr\/#\/schema\/person\/59b9e6843c0338179fb914afaf144d22\"},\"headline\":\"Nouvelle pi\u00e8ce pour duo de harpes en hommage \u00e0 Ayelet Konieczny\",\"datePublished\":\"2018-01-24T09:23:42+00:00\",\"dateModified\":\"2018-01-29T08:31:36+00:00\",\"mainEntityOfPage\":{\"@id\":\"https:\/\/www.camac-harps.com\/blog\/fr\/actualites\/passages-de-tali-glaser-nouvelle-piece-pour-duo-de-harpes-en-hommage-ayelet-konieczny\/\"},\"wordCount\":435,\"commentCount\":0,\"image\":{\"@id\":\"https:\/\/www.camac-harps.com\/blog\/fr\/actualites\/passages-de-tali-glaser-nouvelle-piece-pour-duo-de-harpes-en-hommage-ayelet-konieczny\/#primaryimage\"},\"thumbnailUrl\":\"https:\/\/www.camac-harps.com\/blog\/wp-content\/uploads\/sites\/27\/2018\/01\/ayeletmemorialconcert.jpg\",\"articleSection\":[\"Actualit\u00e9s\"],\"inLanguage\":\"fr-FR\",\"potentialAction\":[{\"@type\":\"CommentAction\",\"name\":\"Comment\",\"target\":[\"https:\/\/www.camac-harps.com\/blog\/fr\/actualites\/passages-de-tali-glaser-nouvelle-piece-pour-duo-de-harpes-en-hommage-ayelet-konieczny\/#respond\"]}]},{\"@type\":\"WebPage\",\"@id\":\"https:\/\/www.camac-harps.com\/blog\/fr\/actualites\/passages-de-tali-glaser-nouvelle-piece-pour-duo-de-harpes-en-hommage-ayelet-konieczny\/\",\"url\":\"https:\/\/www.camac-harps.com\/blog\/fr\/actualites\/passages-de-tali-glaser-nouvelle-piece-pour-duo-de-harpes-en-hommage-ayelet-konieczny\/\",\"name\":\"Nouvelle pi\u00e8ce pour duo de harpes en hommage \u00e0 Ayelet Konieczny - Camac Harps\",\"isPartOf\":{\"@id\":\"https:\/\/www.camac-harps.com\/blog\/fr\/#website\"},\"primaryImageOfPage\":{\"@id\":\"https:\/\/www.camac-harps.com\/blog\/fr\/actualites\/passages-de-tali-glaser-nouvelle-piece-pour-duo-de-harpes-en-hommage-ayelet-konieczny\/#primaryimage\"},\"image\":{\"@id\":\"https:\/\/www.camac-harps.com\/blog\/fr\/actualites\/passages-de-tali-glaser-nouvelle-piece-pour-duo-de-harpes-en-hommage-ayelet-konieczny\/#primaryimage\"},\"thumbnailUrl\":\"https:\/\/www.camac-harps.com\/blog\/wp-content\/uploads\/sites\/27\/2018\/01\/ayeletmemorialconcert.jpg\",\"datePublished\":\"2018-01-24T09:23:42+00:00\",\"dateModified\":\"2018-01-29T08:31:36+00:00\",\"author\":{\"@id\":\"https:\/\/www.camac-harps.com\/blog\/fr\/#\/schema\/person\/59b9e6843c0338179fb914afaf144d22\"},\"breadcrumb\":{\"@id\":\"https:\/\/www.camac-harps.com\/blog\/fr\/actualites\/passages-de-tali-glaser-nouvelle-piece-pour-duo-de-harpes-en-hommage-ayelet-konieczny\/#breadcrumb\"},\"inLanguage\":\"fr-FR\",\"potentialAction\":[{\"@type\":\"ReadAction\",\"target\":[\"https:\/\/www.camac-harps.com\/blog\/fr\/actualites\/passages-de-tali-glaser-nouvelle-piece-pour-duo-de-harpes-en-hommage-ayelet-konieczny\/\"]}]},{\"@type\":\"ImageObject\",\"inLanguage\":\"fr-FR\",\"@id\":\"https:\/\/www.camac-harps.com\/blog\/fr\/actualites\/passages-de-tali-glaser-nouvelle-piece-pour-duo-de-harpes-en-hommage-ayelet-konieczny\/#primaryimage\",\"url\":\"https:\/\/www.camac-harps.com\/blog\/wp-content\/uploads\/sites\/27\/2018\/01\/ayeletmemorialconcert.jpg\",\"contentUrl\":\"https:\/\/www.camac-harps.com\/blog\/wp-content\/uploads\/sites\/27\/2018\/01\/ayeletmemorialconcert.jpg\",\"width\":3424,\"height\":1189,\"caption\":\"Memorial Concert for Ayelet 2018\"},{\"@type\":\"BreadcrumbList\",\"@id\":\"https:\/\/www.camac-harps.com\/blog\/fr\/actualites\/passages-de-tali-glaser-nouvelle-piece-pour-duo-de-harpes-en-hommage-ayelet-konieczny\/#breadcrumb\",\"itemListElement\":[{\"@type\":\"ListItem\",\"position\":1,\"name\":\"Home\",\"item\":\"https:\/\/www.camac-harps.com\/blog\/fr\/\"},{\"@type\":\"ListItem\",\"position\":2,\"name\":\"Nouvelle pi\u00e8ce pour duo de harpes en hommage \u00e0 Ayelet Konieczny\"}]},{\"@type\":\"WebSite\",\"@id\":\"https:\/\/www.camac-harps.com\/blog\/fr\/#website\",\"url\":\"https:\/\/www.camac-harps.com\/blog\/fr\/\",\"name\":\"Camac Harps\",\"description\":\"\",\"potentialAction\":[{\"@type\":\"SearchAction\",\"target\":{\"@type\":\"EntryPoint\",\"urlTemplate\":\"https:\/\/www.camac-harps.com\/blog\/fr\/?s={search_term_string}\"},\"query-input\":{\"@type\":\"PropertyValueSpecification\",\"valueRequired\":true,\"valueName\":\"search_term_string\"}}],\"inLanguage\":\"fr-FR\"},{\"@type\":\"Person\",\"@id\":\"https:\/\/www.camac-harps.com\/blog\/fr\/#\/schema\/person\/59b9e6843c0338179fb914afaf144d22\",\"name\":\"Helen Leitner\",\"image\":{\"@type\":\"ImageObject\",\"inLanguage\":\"fr-FR\",\"@id\":\"https:\/\/www.camac-harps.com\/blog\/fr\/#\/schema\/person\/image\/\",\"url\":\"https:\/\/secure.gravatar.com\/avatar\/ebbebff931219cff4c2d1e25c3229b2e036693f67bf237fb12f452d7a019a6da?s=96&d=mm&r=g\",\"contentUrl\":\"https:\/\/secure.gravatar.com\/avatar\/ebbebff931219cff4c2d1e25c3229b2e036693f67bf237fb12f452d7a019a6da?s=96&d=mm&r=g\",\"caption\":\"Helen Leitner\"},\"url\":\"https:\/\/www.camac-harps.com\/blog\/fr\/author\/ltnr\/\"}]}<\/script>","yoast_head_json":{"title":"Nouvelle pi\u00e8ce pour duo de harpes en hommage \u00e0 Ayelet Konieczny - Camac Harps","robots":{"index":"index","follow":"follow","max-snippet":"max-snippet:-1","max-image-preview":"max-image-preview:large","max-video-preview":"max-video-preview:-1"},"canonical":"https:\/\/www.camac-harps.com\/blog\/fr\/actualites\/passages-de-tali-glaser-nouvelle-piece-pour-duo-de-harpes-en-hommage-ayelet-konieczny\/","og_locale":"fr_FR","og_type":"article","og_title":"Nouvelle pi\u00e8ce pour duo de harpes en hommage \u00e0 Ayelet Konieczny - Camac Harps","og_description":"Nous avons dix exemplaires gratuits de \"Passages\" pour duo de harpes, une oeuvre compos\u00e9e par Tali Glaser et inspir\u00e9e de la musique fran\u00e7aise. Cette pi\u00e8ce a \u00e9t\u00e9 command\u00e9e par nos partenaires en Isra\u00ebl en hommage \u00e0 Ayelet Konieczny et sera jou\u00e9e en premi\u00e8re mondiale lors d'un concert comm\u00e9moratif \u00e0 Kfar Shmeriyahu le 12 f\u00e9vrier 2018.","og_url":"https:\/\/www.camac-harps.com\/blog\/fr\/actualites\/passages-de-tali-glaser-nouvelle-piece-pour-duo-de-harpes-en-hommage-ayelet-konieczny\/","og_site_name":"Camac Harps","article_published_time":"2018-01-24T09:23:42+00:00","article_modified_time":"2018-01-29T08:31:36+00:00","og_image":[{"width":1024,"height":356,"url":"https:\/\/www.camac-harps.com\/blog\/wp-content\/uploads\/sites\/27\/2018\/01\/ayeletmemorialconcert-1024x356.jpg","type":"image\/jpeg"}],"author":"Helen Leitner","twitter_card":"summary_large_image","twitter_misc":{"\u00c9crit par":"Helen Leitner","Dur\u00e9e de lecture estim\u00e9e":"2 minutes"},"schema":{"@context":"https:\/\/schema.org","@graph":[{"@type":"Article","@id":"https:\/\/www.camac-harps.com\/blog\/fr\/actualites\/passages-de-tali-glaser-nouvelle-piece-pour-duo-de-harpes-en-hommage-ayelet-konieczny\/#article","isPartOf":{"@id":"https:\/\/www.camac-harps.com\/blog\/fr\/actualites\/passages-de-tali-glaser-nouvelle-piece-pour-duo-de-harpes-en-hommage-ayelet-konieczny\/"},"author":{"name":"Helen Leitner","@id":"https:\/\/www.camac-harps.com\/blog\/fr\/#\/schema\/person\/59b9e6843c0338179fb914afaf144d22"},"headline":"Nouvelle pi\u00e8ce pour duo de harpes en hommage \u00e0 Ayelet Konieczny","datePublished":"2018-01-24T09:23:42+00:00","dateModified":"2018-01-29T08:31:36+00:00","mainEntityOfPage":{"@id":"https:\/\/www.camac-harps.com\/blog\/fr\/actualites\/passages-de-tali-glaser-nouvelle-piece-pour-duo-de-harpes-en-hommage-ayelet-konieczny\/"},"wordCount":435,"commentCount":0,"image":{"@id":"https:\/\/www.camac-harps.com\/blog\/fr\/actualites\/passages-de-tali-glaser-nouvelle-piece-pour-duo-de-harpes-en-hommage-ayelet-konieczny\/#primaryimage"},"thumbnailUrl":"https:\/\/www.camac-harps.com\/blog\/wp-content\/uploads\/sites\/27\/2018\/01\/ayeletmemorialconcert.jpg","articleSection":["Actualit\u00e9s"],"inLanguage":"fr-FR","potentialAction":[{"@type":"CommentAction","name":"Comment","target":["https:\/\/www.camac-harps.com\/blog\/fr\/actualites\/passages-de-tali-glaser-nouvelle-piece-pour-duo-de-harpes-en-hommage-ayelet-konieczny\/#respond"]}]},{"@type":"WebPage","@id":"https:\/\/www.camac-harps.com\/blog\/fr\/actualites\/passages-de-tali-glaser-nouvelle-piece-pour-duo-de-harpes-en-hommage-ayelet-konieczny\/","url":"https:\/\/www.camac-harps.com\/blog\/fr\/actualites\/passages-de-tali-glaser-nouvelle-piece-pour-duo-de-harpes-en-hommage-ayelet-konieczny\/","name":"Nouvelle pi\u00e8ce pour duo de harpes en hommage \u00e0 Ayelet Konieczny - Camac Harps","isPartOf":{"@id":"https:\/\/www.camac-harps.com\/blog\/fr\/#website"},"primaryImageOfPage":{"@id":"https:\/\/www.camac-harps.com\/blog\/fr\/actualites\/passages-de-tali-glaser-nouvelle-piece-pour-duo-de-harpes-en-hommage-ayelet-konieczny\/#primaryimage"},"image":{"@id":"https:\/\/www.camac-harps.com\/blog\/fr\/actualites\/passages-de-tali-glaser-nouvelle-piece-pour-duo-de-harpes-en-hommage-ayelet-konieczny\/#primaryimage"},"thumbnailUrl":"https:\/\/www.camac-harps.com\/blog\/wp-content\/uploads\/sites\/27\/2018\/01\/ayeletmemorialconcert.jpg","datePublished":"2018-01-24T09:23:42+00:00","dateModified":"2018-01-29T08:31:36+00:00","author":{"@id":"https:\/\/www.camac-harps.com\/blog\/fr\/#\/schema\/person\/59b9e6843c0338179fb914afaf144d22"},"breadcrumb":{"@id":"https:\/\/www.camac-harps.com\/blog\/fr\/actualites\/passages-de-tali-glaser-nouvelle-piece-pour-duo-de-harpes-en-hommage-ayelet-konieczny\/#breadcrumb"},"inLanguage":"fr-FR","potentialAction":[{"@type":"ReadAction","target":["https:\/\/www.camac-harps.com\/blog\/fr\/actualites\/passages-de-tali-glaser-nouvelle-piece-pour-duo-de-harpes-en-hommage-ayelet-konieczny\/"]}]},{"@type":"ImageObject","inLanguage":"fr-FR","@id":"https:\/\/www.camac-harps.com\/blog\/fr\/actualites\/passages-de-tali-glaser-nouvelle-piece-pour-duo-de-harpes-en-hommage-ayelet-konieczny\/#primaryimage","url":"https:\/\/www.camac-harps.com\/blog\/wp-content\/uploads\/sites\/27\/2018\/01\/ayeletmemorialconcert.jpg","contentUrl":"https:\/\/www.camac-harps.com\/blog\/wp-content\/uploads\/sites\/27\/2018\/01\/ayeletmemorialconcert.jpg","width":3424,"height":1189,"caption":"Memorial Concert for Ayelet 2018"},{"@type":"BreadcrumbList","@id":"https:\/\/www.camac-harps.com\/blog\/fr\/actualites\/passages-de-tali-glaser-nouvelle-piece-pour-duo-de-harpes-en-hommage-ayelet-konieczny\/#breadcrumb","itemListElement":[{"@type":"ListItem","position":1,"name":"Home","item":"https:\/\/www.camac-harps.com\/blog\/fr\/"},{"@type":"ListItem","position":2,"name":"Nouvelle pi\u00e8ce pour duo de harpes en hommage \u00e0 Ayelet Konieczny"}]},{"@type":"WebSite","@id":"https:\/\/www.camac-harps.com\/blog\/fr\/#website","url":"https:\/\/www.camac-harps.com\/blog\/fr\/","name":"Camac Harps","description":"","potentialAction":[{"@type":"SearchAction","target":{"@type":"EntryPoint","urlTemplate":"https:\/\/www.camac-harps.com\/blog\/fr\/?s={search_term_string}"},"query-input":{"@type":"PropertyValueSpecification","valueRequired":true,"valueName":"search_term_string"}}],"inLanguage":"fr-FR"},{"@type":"Person","@id":"https:\/\/www.camac-harps.com\/blog\/fr\/#\/schema\/person\/59b9e6843c0338179fb914afaf144d22","name":"Helen Leitner","image":{"@type":"ImageObject","inLanguage":"fr-FR","@id":"https:\/\/www.camac-harps.com\/blog\/fr\/#\/schema\/person\/image\/","url":"https:\/\/secure.gravatar.com\/avatar\/ebbebff931219cff4c2d1e25c3229b2e036693f67bf237fb12f452d7a019a6da?s=96&d=mm&r=g","contentUrl":"https:\/\/secure.gravatar.com\/avatar\/ebbebff931219cff4c2d1e25c3229b2e036693f67bf237fb12f452d7a019a6da?s=96&d=mm&r=g","caption":"Helen Leitner"},"url":"https:\/\/www.camac-harps.com\/blog\/fr\/author\/ltnr\/"}]}},"_links":{"self":[{"href":"https:\/\/www.camac-harps.com\/blog\/fr\/wp-json\/wp\/v2\/posts\/22038","targetHints":{"allow":["GET"]}}],"collection":[{"href":"https:\/\/www.camac-harps.com\/blog\/fr\/wp-json\/wp\/v2\/posts"}],"about":[{"href":"https:\/\/www.camac-harps.com\/blog\/fr\/wp-json\/wp\/v2\/types\/post"}],"author":[{"embeddable":true,"href":"https:\/\/www.camac-harps.com\/blog\/fr\/wp-json\/wp\/v2\/users\/3"}],"replies":[{"embeddable":true,"href":"https:\/\/www.camac-harps.com\/blog\/fr\/wp-json\/wp\/v2\/comments?post=22038"}],"version-history":[{"count":5,"href":"https:\/\/www.camac-harps.com\/blog\/fr\/wp-json\/wp\/v2\/posts\/22038\/revisions"}],"predecessor-version":[{"id":22063,"href":"https:\/\/www.camac-harps.com\/blog\/fr\/wp-json\/wp\/v2\/posts\/22038\/revisions\/22063"}],"wp:featuredmedia":[{"embeddable":true,"href":"https:\/\/www.camac-harps.com\/blog\/fr\/wp-json\/wp\/v2\/media\/22032"}],"wp:attachment":[{"href":"https:\/\/www.camac-harps.com\/blog\/fr\/wp-json\/wp\/v2\/media?parent=22038"}],"wp:term":[{"taxonomy":"category","embeddable":true,"href":"https:\/\/www.camac-harps.com\/blog\/fr\/wp-json\/wp\/v2\/categories?post=22038"},{"taxonomy":"post_tag","embeddable":true,"href":"https:\/\/www.camac-harps.com\/blog\/fr\/wp-json\/wp\/v2\/tags?post=22038"}],"curies":[{"name":"wp","href":"https:\/\/api.w.org\/{rel}","templated":true}]}}