{"id":2256,"date":"2015-10-10T06:00:34","date_gmt":"2015-10-10T06:00:34","guid":{"rendered":"http:\/\/www.harpblog.info\/?p=2256"},"modified":"2017-06-29T07:33:53","modified_gmt":"2017-06-29T07:33:53","slug":"en-attendant-le-festival-camac-j-6","status":"publish","type":"post","link":"https:\/\/www.camac-harps.com\/blog\/fr\/non-classifiee\/en-attendant-le-festival-camac-j-6\/","title":{"rendered":"En attendant le Festival Camac : J-6 !"},"content":{"rendered":"<p><a href=\"https:\/\/www.camac-harps.com\/wp-content\/uploads\/sites\/27\/2015\/10\/e-banner-fusee-6.jpg\"><img loading=\"lazy\" decoding=\"async\" class=\"aligncenter wp-image-2103 size-full\" src=\"https:\/\/www.camac-harps.com\/wp-content\/uploads\/sites\/27\/2015\/10\/e-banner-fusee-6.jpg\" alt=\"Countdown 6\" width=\"850\" height=\"250\" srcset=\"https:\/\/www.camac-harps.com\/blog\/wp-content\/uploads\/sites\/27\/2015\/10\/e-banner-fusee-6.jpg 850w, https:\/\/www.camac-harps.com\/blog\/wp-content\/uploads\/sites\/27\/2015\/10\/e-banner-fusee-6-300x88.jpg 300w, https:\/\/www.camac-harps.com\/blog\/wp-content\/uploads\/sites\/27\/2015\/10\/e-banner-fusee-6-768x226.jpg 768w, https:\/\/www.camac-harps.com\/blog\/wp-content\/uploads\/sites\/27\/2015\/10\/e-banner-fusee-6-800x235.jpg 800w, https:\/\/www.camac-harps.com\/blog\/wp-content\/uploads\/sites\/27\/2015\/10\/e-banner-fusee-6-55x16.jpg 55w, https:\/\/www.camac-harps.com\/blog\/wp-content\/uploads\/sites\/27\/2015\/10\/e-banner-fusee-6-250x74.jpg 250w\" sizes=\"auto, (max-width: 850px) 100vw, 850px\" \/><\/a><\/p>\n<p>&nbsp;<\/p>\n<p>Ces deux derniers jours, la musique contemporaine \u00e9tait \u00e0 l&rsquo;honneur dans le cadre de notre grand d\u00e9compte <a href=\"https:\/\/www.camac-harps.com\/blog\/fr_blog\/2015\/09\/en-attendant-le-festival-camac-des-cadeaux-a-gagner-chaque-jour\/\" target=\"_blank\">\u00ab\u00a0En attendant le Festival Camac\u00a0\u00bb<\/a>.\u00a0Aujourd&rsquo;hui, nous changeons d&rsquo;\u00e9poque pour nous int\u00e9resser aux instruments historiques.\u00a0Nous avons con\u00e7u une image de fond d&rsquo;\u00e9cran pour votre ordinateur, votre t\u00e9l\u00e9phone ou votre tablette, \u00e0 partir de photographies d&rsquo;instruments de notre collection de harpes anciennes.<\/p>\n<p>La collection historique de Camac est une collection priv\u00e9e que nous avons constitu\u00e9e pour notre propre plaisir et \u00e0 laquelle nous d\u00e9dions sp\u00e9cialement un espace au sein de nos ateliers \u00e0 Mouzeil. Nous l&rsquo;exposons parfois pour des occasions particuli\u00e8res, comme ce sera le cas \u00e0 Nancy.\u00a0Ce fond d&rsquo;\u00e9cran que nous avons con\u00e7u pour vous montre quelques instruments dont nous sommes tout particuli\u00e8rement fiers.<\/p>\n\n\t\t<style type=\"text\/css\">\n\t\t\t#gallery-1 {\n\t\t\t\tmargin: auto;\n\t\t\t}\n\t\t\t#gallery-1 .gallery-item {\n\t\t\t\tfloat: left;\n\t\t\t\tmargin-top: 10px;\n\t\t\t\ttext-align: center;\n\t\t\t\twidth: 33%;\n\t\t\t}\n\t\t\t#gallery-1 img {\n\t\t\t\tborder: 2px solid #cfcfcf;\n\t\t\t}\n\t\t\t#gallery-1 .gallery-caption {\n\t\t\t\tmargin-left: 0;\n\t\t\t}\n\t\t\t\/* see gallery_shortcode() in wp-includes\/media.php *\/\n\t\t<\/style>\n\t\t<div id='gallery-1' class='gallery galleryid-2256 gallery-columns-3 gallery-size-medium'><dl class='gallery-item'>\n\t\t\t<dt class='gallery-icon portrait'>\n\t\t\t\t<a href='https:\/\/www.camac-harps.com\/blog\/wp-content\/uploads\/sites\/27\/2015\/10\/bd-erard-3969-avant2.jpg'><img loading=\"lazy\" decoding=\"async\" width=\"188\" height=\"300\" src=\"https:\/\/www.camac-harps.com\/blog\/wp-content\/uploads\/sites\/27\/2015\/10\/bd-erard-3969-avant2-188x300.jpg\" class=\"attachment-medium size-medium\" alt=\"\" aria-describedby=\"gallery-1-23717\" srcset=\"https:\/\/www.camac-harps.com\/blog\/wp-content\/uploads\/sites\/27\/2015\/10\/bd-erard-3969-avant2-188x300.jpg 188w, https:\/\/www.camac-harps.com\/blog\/wp-content\/uploads\/sites\/27\/2015\/10\/bd-erard-3969-avant2-768x1229.jpg 768w, https:\/\/www.camac-harps.com\/blog\/wp-content\/uploads\/sites\/27\/2015\/10\/bd-erard-3969-avant2-640x1024.jpg 640w, https:\/\/www.camac-harps.com\/blog\/wp-content\/uploads\/sites\/27\/2015\/10\/bd-erard-3969-avant2-300x480.jpg 300w, https:\/\/www.camac-harps.com\/blog\/wp-content\/uploads\/sites\/27\/2015\/10\/bd-erard-3969-avant2-800x1280.jpg 800w, https:\/\/www.camac-harps.com\/blog\/wp-content\/uploads\/sites\/27\/2015\/10\/bd-erard-3969-avant2-55x88.jpg 55w, https:\/\/www.camac-harps.com\/blog\/wp-content\/uploads\/sites\/27\/2015\/10\/bd-erard-3969-avant2-250x400.jpg 250w, https:\/\/www.camac-harps.com\/blog\/wp-content\/uploads\/sites\/27\/2015\/10\/bd-erard-3969-avant2.jpg 875w\" sizes=\"auto, (max-width: 188px) 100vw, 188px\" \/><\/a>\n\t\t\t<\/dt>\n\t\t\t\t<dd class='wp-caption-text gallery-caption' id='gallery-1-23717'>\n\t\t\t\tLuthier : Erard France, Paris, 13 Rue du Mail. D\u00e9but du XXe si\u00e8cle (instrument no.3969, achev\u00e9 le 5 d\u00e9cembre 1913). Mod\u00e8le style Empire finition palissandre avec bronzes dor\u00e9s\n\t\t\t\t<\/dd><\/dl><dl class='gallery-item'>\n\t\t\t<dt class='gallery-icon portrait'>\n\t\t\t\t<a href='https:\/\/www.camac-harps.com\/blog\/wp-content\/uploads\/sites\/27\/2015\/10\/aquarelleharpe.jpg'><img loading=\"lazy\" decoding=\"async\" width=\"182\" height=\"300\" src=\"https:\/\/www.camac-harps.com\/blog\/wp-content\/uploads\/sites\/27\/2015\/10\/aquarelleharpe-182x300.jpg\" class=\"attachment-medium size-medium\" alt=\"\" aria-describedby=\"gallery-1-23721\" srcset=\"https:\/\/www.camac-harps.com\/blog\/wp-content\/uploads\/sites\/27\/2015\/10\/aquarelleharpe-182x300.jpg 182w, https:\/\/www.camac-harps.com\/blog\/wp-content\/uploads\/sites\/27\/2015\/10\/aquarelleharpe-300x495.jpg 300w, https:\/\/www.camac-harps.com\/blog\/wp-content\/uploads\/sites\/27\/2015\/10\/aquarelleharpe-55x91.jpg 55w, https:\/\/www.camac-harps.com\/blog\/wp-content\/uploads\/sites\/27\/2015\/10\/aquarelleharpe-250x413.jpg 250w, https:\/\/www.camac-harps.com\/blog\/wp-content\/uploads\/sites\/27\/2015\/10\/aquarelleharpe.jpg 606w\" sizes=\"auto, (max-width: 182px) 100vw, 182px\" \/><\/a>\n\t\t\t<\/dt>\n\t\t\t\t<dd class='wp-caption-text gallery-caption' id='gallery-1-23721'>\n\t\t\t\tEtude (aquarelle) pour la harpe Erard mod\u00e8le Empire. \u00ab\u00a0Etude pour une harpe Erard\u00a0\u00bb, N\u00b0 d&rsquo;inventaire D.2009.1.1631, Fonds Gaveau-Erard-Pleyel, d\u00e9p\u00f4t du Groupe AXA au Mus\u00e9e du Palais Lascaris, Nice\n\t\t\t\t<\/dd><\/dl><dl class='gallery-item'>\n\t\t\t<dt class='gallery-icon portrait'>\n\t\t\t\t<a href='https:\/\/www.camac-harps.com\/blog\/wp-content\/uploads\/sites\/27\/2015\/10\/bd-elysee-rvb.jpg'><img loading=\"lazy\" decoding=\"async\" width=\"200\" height=\"300\" src=\"https:\/\/www.camac-harps.com\/blog\/wp-content\/uploads\/sites\/27\/2015\/10\/bd-elysee-rvb-200x300.jpg\" class=\"attachment-medium size-medium\" alt=\"\" aria-describedby=\"gallery-1-23722\" srcset=\"https:\/\/www.camac-harps.com\/blog\/wp-content\/uploads\/sites\/27\/2015\/10\/bd-elysee-rvb-200x300.jpg 200w, https:\/\/www.camac-harps.com\/blog\/wp-content\/uploads\/sites\/27\/2015\/10\/bd-elysee-rvb-768x1152.jpg 768w, https:\/\/www.camac-harps.com\/blog\/wp-content\/uploads\/sites\/27\/2015\/10\/bd-elysee-rvb-683x1024.jpg 683w, https:\/\/www.camac-harps.com\/blog\/wp-content\/uploads\/sites\/27\/2015\/10\/bd-elysee-rvb-300x450.jpg 300w, https:\/\/www.camac-harps.com\/blog\/wp-content\/uploads\/sites\/27\/2015\/10\/bd-elysee-rvb-800x1200.jpg 800w, https:\/\/www.camac-harps.com\/blog\/wp-content\/uploads\/sites\/27\/2015\/10\/bd-elysee-rvb-55x83.jpg 55w, https:\/\/www.camac-harps.com\/blog\/wp-content\/uploads\/sites\/27\/2015\/10\/bd-elysee-rvb-250x375.jpg 250w, https:\/\/www.camac-harps.com\/blog\/wp-content\/uploads\/sites\/27\/2015\/10\/bd-elysee-rvb.jpg 936w\" sizes=\"auto, (max-width: 200px) 100vw, 200px\" \/><\/a>\n\t\t\t<\/dt>\n\t\t\t\t<dd class='wp-caption-text gallery-caption' id='gallery-1-23722'>\n\t\t\t\tNotre Elys\u00e9e, inspir\u00e9e par les magnifiques mod\u00e8les Empire de S\u00e9bastien Erard. Elle est \u00e9galement fabriqu\u00e9e en palissandre, avec des ornements en bronze dor\u00e9. Les ornements sont inspir\u00e9s de la harpe Erard no. 3969 de la collection historique Camac.\n\t\t\t\t<\/dd><\/dl><br style=\"clear: both\" \/>\n\t\t<\/div>\n\n<p>Ces images montrent trois versions de cette magnifique harpe Erard : une aquarelle\u00a0(\u00e9tude qui a pr\u00e9c\u00e9d\u00e9 la\u00a0fabrication de cette harpe), l&rsquo;instrument d&rsquo;origine, et notre <a href=\"https:\/\/www.camac-harps.com\/blog\/fr\/harpes\/harpes-a-pedales\/elysee\" target=\"_blank\">Elys\u00e9e<\/a>, qui est un hommage moderne au g\u00e9nie de S\u00e9bastien Erard.<\/p>\n<div id=\"attachment_2132\" class=\"wp-caption alignleft\" style=\"width: 188px\"><a href=\"https:\/\/www.camac-harps.com\/wp-content\/uploads\/sites\/27\/2015\/10\/bd-erard-2398-avant.jpg\"><img loading=\"lazy\" decoding=\"async\" class=\" td-modal-image wp-image-2132 size-medium\" src=\"https:\/\/www.camac-harps.com\/wp-content\/uploads\/sites\/27\/2015\/10\/bd-erard-2398-avant-188x300.jpg\" alt=\"Erard Japanese detail\" width=\"188\" height=\"300\" srcset=\"https:\/\/www.camac-harps.com\/blog\/wp-content\/uploads\/sites\/27\/2015\/10\/bd-erard-2398-avant-188x300.jpg 188w, https:\/\/www.camac-harps.com\/blog\/wp-content\/uploads\/sites\/27\/2015\/10\/bd-erard-2398-avant-768x1229.jpg 768w, https:\/\/www.camac-harps.com\/blog\/wp-content\/uploads\/sites\/27\/2015\/10\/bd-erard-2398-avant-640x1024.jpg 640w, https:\/\/www.camac-harps.com\/blog\/wp-content\/uploads\/sites\/27\/2015\/10\/bd-erard-2398-avant-300x480.jpg 300w, https:\/\/www.camac-harps.com\/blog\/wp-content\/uploads\/sites\/27\/2015\/10\/bd-erard-2398-avant-800x1280.jpg 800w, https:\/\/www.camac-harps.com\/blog\/wp-content\/uploads\/sites\/27\/2015\/10\/bd-erard-2398-avant-55x88.jpg 55w, https:\/\/www.camac-harps.com\/blog\/wp-content\/uploads\/sites\/27\/2015\/10\/bd-erard-2398-avant-250x400.jpg 250w, https:\/\/www.camac-harps.com\/blog\/wp-content\/uploads\/sites\/27\/2015\/10\/bd-erard-2398-avant.jpg 875w\" sizes=\"auto, (max-width: 188px) 100vw, 188px\" \/><\/a><p class=\"wp-caption-text\">Luthier : Erard<br \/> France : Paris, 13 Rue du Mail<br \/> Fin du XIXe si\u00e8cle\u00a0(instrument no. 2398, termin\u00e9 le 28 avril\u00a01894)<\/p><\/div>\n<p>Cette harpe Erard de style japonais (\u00e0 gauche) est tr\u00e8s rare. Nous ne savons pas combien Erard en a construites, mais le seul autre exemplaire dont nous avons eu connaissance est une harpe de la collection priv\u00e9e de Jean-Michel Damase. L\u2019exemplaire pr\u00e9sent\u00e9 ici est conforme au croquis, mise \u00e0 part l\u2019absence de peintures sur la table d\u2019harmonie qui nous am\u00e8ne \u00e0 supposer que la table a \u00e9t\u00e9 chang\u00e9e ou bien qu\u2019il s\u2019agirait d\u2019une commande sp\u00e9ciale, moins riche en d\u00e9corations. En effet, si les d\u00e9cors \u00ab \u00e0 la chinoise \u00bb \u00e9taient \u00e0 la mode sur les meubles et les harpes du XVIII\u00e8me si\u00e8cle (cf. harpes de Cousineau, Naderman et Renault et Chatelain), ce mod\u00e8le \u00ab japonais \u00bb semble unique.<\/p>\n<div id=\"attachment_2130\" class=\"wp-caption alignright\" style=\"width: 188px\"><a href=\"https:\/\/www.camac-harps.com\/wp-content\/uploads\/sites\/27\/2015\/10\/bd-naderman-avant.jpg\"><img loading=\"lazy\" decoding=\"async\" class=\" td-modal-image wp-image-2130 size-medium\" src=\"https:\/\/www.camac-harps.com\/wp-content\/uploads\/sites\/27\/2015\/10\/bd-naderman-avant-188x300.jpg\" alt=\"Naderman harp\" width=\"188\" height=\"300\" srcset=\"https:\/\/www.camac-harps.com\/blog\/wp-content\/uploads\/sites\/27\/2015\/10\/bd-naderman-avant-188x300.jpg 188w, https:\/\/www.camac-harps.com\/blog\/wp-content\/uploads\/sites\/27\/2015\/10\/bd-naderman-avant-768x1229.jpg 768w, https:\/\/www.camac-harps.com\/blog\/wp-content\/uploads\/sites\/27\/2015\/10\/bd-naderman-avant-640x1024.jpg 640w, https:\/\/www.camac-harps.com\/blog\/wp-content\/uploads\/sites\/27\/2015\/10\/bd-naderman-avant-300x480.jpg 300w, https:\/\/www.camac-harps.com\/blog\/wp-content\/uploads\/sites\/27\/2015\/10\/bd-naderman-avant-800x1280.jpg 800w, https:\/\/www.camac-harps.com\/blog\/wp-content\/uploads\/sites\/27\/2015\/10\/bd-naderman-avant-55x88.jpg 55w, https:\/\/www.camac-harps.com\/blog\/wp-content\/uploads\/sites\/27\/2015\/10\/bd-naderman-avant-250x400.jpg 250w, https:\/\/www.camac-harps.com\/blog\/wp-content\/uploads\/sites\/27\/2015\/10\/bd-naderman-avant.jpg 875w\" sizes=\"auto, (max-width: 188px) 100vw, 188px\" \/><\/a><p class=\"wp-caption-text\">Luthier : Jean Fran\u00e7ois Joseph Naderman (1781-1835),<br \/> Ma\u00eetre luthier et Facteur de Harpe ordinaire du service de la Reine\u00a0Marie-Antoinette.<br \/> France : Paris, Rue d\u2019Argenteuil, Butte St Roch.<br \/> Harpe restaur\u00e9e par\u00a0Camac en 2012.<\/p><\/div>\n<p>Notre\u00a0Naderman verte (\u00e0 droite) est l&rsquo;une des derni\u00e8res harpes fabriqu\u00e9es par ce luthier. Elle poss\u00e8de la plaque en bronze et les fourchettes brevet\u00e9es par Erard. Quand on pense \u00e0 la grande concurrence qui existait entre Erard et Naderman, il est int\u00e9ressant de constater que Naderman avait finalement opt\u00e9 pour ce qui allait devenir le m\u00e9canisme standard des harpes \u00e0 p\u00e9dales (m\u00eame s&rsquo;il n&rsquo;a jamais fabriqu\u00e9 de harpe double-mouvement).<\/p>\n<p>Cette harpe Naderman a un son incroyable et elle sera jou\u00e9e \u00e0 Nancy pour le premi\u00e8re fois depuis le XIXe si\u00e8cle, lors du r\u00e9cital\u00a0qu&rsquo;Elinor Bennett donnera sur\u00a0instruments historiques.<\/p>\n<p>Elinor jouera \u00e9galement sur notre harpe triple galloise.\u00a0Jakez aime particuli\u00e8rement cet instrument, et pas seulement parce que cela lui a pris beaucoup de temps avant de le trouver ! La harpe triple est enti\u00e8rement chromatique mais est aussi, comme le r\u00e9sume Elinor, \u00ab\u00a0consid\u00e9r\u00e9e comme \u00e9tant plut\u00f4t difficile \u00e0 jouer\u00a0\u00bb. Les deux rangs de cordes ext\u00e9rieurs sont accord\u00e9s dans la m\u00eame tonalit\u00e9\u00a0et toutes les notes chromatiques peuvent \u00eatre jou\u00e9es gr\u00e2ce \u00e0 la rang\u00e9e\u00a0de cordes du milieu.<\/p>\n<p>La harpe triple\u00a0(aussi connue sous le nom de Arpa Doppia, ou\u00a0Arpa a Tre Registri) a donc trois rang\u00e9es de cordes, et a \u00e9t\u00e9 invent\u00e9e en Italie \u00e0 la fin du XVIIe si\u00e8cle afin de permettre aux harpistes d&rsquo;avoir plus de cordes sur leur instrument et ainsi pouvoir jouer les musiques de l&rsquo;\u00e9poque, \u00e9crites par des compositeurs comme\u00a0Monteverdi ou\u00a0Trabaci. L&rsquo;instrument est devenu populaire dans de nombreuses cours europ\u00e9ennes au XVIIIe si\u00e8cle, y compris en France et en Angleterre. C&rsquo;est la seule harpe connue de compositeurs baroques comme Haendel (et dont ce dernier s&rsquo;est servi pour son Concerto pour Harpe, ou ses oratorios).<\/p>\n<p>Les harpistes gallois du XVIIIe si\u00e8cle ont adopt\u00e9 la harpe triple, alors qu&rsquo;elle tombait en d\u00e9su\u00e9tude ailleurs en Europe, au profit\u00a0des harpes \u00e0 simple et \u00e0 double mouvements de\u00a0Cousineau, Naderman et\u00a0Erard. Plus tard, la harpe triple a \u00e9t\u00e9 ardemment d\u00e9fendue et mise en valeur au pays de Galles par Lady Hall of Llanofer, une riche et influente aristocrate. Elle installa une fabrique de harpes triples sur ses terres du sud du pays de Galles au milieu du XIXe si\u00e8cle. L&rsquo;instrument de notre collection a certainement \u00e9t\u00e9 inspir\u00e9 par les harpes de Llanofer, la harpe venant sur l&rsquo;\u00e9paule gauche et la main droite jouant les basses, \u00e0 la fa\u00e7on des anciens harpistes gallois.<\/p>\n<div id=\"attachment_2126\" class=\"wp-caption alignright\" style=\"width: 188px\"><a href=\"https:\/\/www.camac-harps.com\/wp-content\/uploads\/sites\/27\/2015\/10\/bd-harpe-4446-avant.jpg\"><img loading=\"lazy\" decoding=\"async\" class=\" td-modal-image wp-image-2126 size-medium\" src=\"https:\/\/www.camac-harps.com\/wp-content\/uploads\/sites\/27\/2015\/10\/bd-harpe-4446-avant-188x300.jpg\" alt=\"Triple Harp\" width=\"188\" height=\"300\" srcset=\"https:\/\/www.camac-harps.com\/blog\/wp-content\/uploads\/sites\/27\/2015\/10\/bd-harpe-4446-avant-188x300.jpg 188w, https:\/\/www.camac-harps.com\/blog\/wp-content\/uploads\/sites\/27\/2015\/10\/bd-harpe-4446-avant-768x1229.jpg 768w, https:\/\/www.camac-harps.com\/blog\/wp-content\/uploads\/sites\/27\/2015\/10\/bd-harpe-4446-avant-640x1024.jpg 640w, https:\/\/www.camac-harps.com\/blog\/wp-content\/uploads\/sites\/27\/2015\/10\/bd-harpe-4446-avant-300x480.jpg 300w, https:\/\/www.camac-harps.com\/blog\/wp-content\/uploads\/sites\/27\/2015\/10\/bd-harpe-4446-avant-800x1280.jpg 800w, https:\/\/www.camac-harps.com\/blog\/wp-content\/uploads\/sites\/27\/2015\/10\/bd-harpe-4446-avant-55x88.jpg 55w, https:\/\/www.camac-harps.com\/blog\/wp-content\/uploads\/sites\/27\/2015\/10\/bd-harpe-4446-avant-250x400.jpg 250w, https:\/\/www.camac-harps.com\/blog\/wp-content\/uploads\/sites\/27\/2015\/10\/bd-harpe-4446-avant.jpg 875w\" sizes=\"auto, (max-width: 188px) 100vw, 188px\" \/><\/a><p class=\"wp-caption-text\">Harpe Triple Galloise, 1896, luthier inconnu. Construction d&rsquo;origine : la harpe vient sur l&rsquo;\u00e9paule gauche, la main gauche joue la m\u00e9lodie et la main droite l&rsquo;accompagnement.<\/p><\/div>\n<p>R\u00e9cemment, la harpe triple a connu un renouveau exceptionnel en tant qu&rsquo;instrument traditionnel du pays de Galles, mais la plupart des harpistes choisit d&rsquo;en jouer de mani\u00e8re moderne (avec la main droite jouant la m\u00e9lodie).\u00a0D&rsquo;apr\u00e8s les documents historiques, on constate que la harpe triple \u00e9tait jou\u00e9e principalement par des hommes, mais il y avait aussi d&rsquo;excellentes femmes harpistes \u00e0 la fin du XVIIIe si\u00e8cle-d\u00e9but du XIXe si\u00e8cle, lorsque la harpe double-mouvement prenait forme entre les mains d&rsquo;Erard et de ses coll\u00e8gues.<\/p>\n<p>Revenons en France maintenant avec une harpe sans p\u00e9dale mais avec beaucoup de cordes, 78 pour \u00eatre pr\u00e9cis !<\/p>\n<p>En ao\u00fbt 1894,\u00a0F\u00e9lix Godefroid et\u00a0Alphonse Hasselmans demandent \u00e0\u00a0Gustave Lyon, directeur de la firme Pleyel, de reprendre la construction des harpes \u00e0 p\u00e9dales \u00e0 double-mouvement de type\u00a0Erard interrompue\u00a0depuis 1855. Cette d\u00e9marche serait \u00e0 l\u2019origine de l\u2019invention de la harpe chromatique sans p\u00e9dale. Cet instrument devait rem\u00e9dier aux inconv\u00e9nients du mod\u00e8le pr\u00e9c\u00e9dent en garantissant un accord stable et en supprimant les bruits de p\u00e9dales, mais le r\u00e9sultat fut d\u00e9cevant. La harpe\u00a0comporte deux plans de cordes se croisant en leurs milieux, correspondant l\u2019un aux touches blanches, l\u2019autre aux touches noires du piano. Elle permet l&rsquo;ex\u00e9cution de tous les traits chromatiques avec une grande virtuosit\u00e9, mais contrairement \u00e0 la harpe diatonique, elle ne peut produire aucun glissando d\u2019accords&#8230;<\/p>\n<p>Suite \u00e0 une commande de Pleyel, d\u00e9sireux de montrer les possibilit\u00e9s de cet instrument, Claude Debussy composa les c\u00e9l\u00e8bres \u00ab Danses sacr\u00e9e et profane pour harpe chromatique et orchestre \u00e0 cordes \u00bb.\u00a0Andr\u00e9 Caplet composa une premi\u00e8re version de son \u00ab Conte fantastique pour harpe chromatique et orchestre \u00bb en 1908, intitul\u00e9e \u00ab L\u00e9gende \u00bb. Il adaptera ensuite l&rsquo;\u0153uvre pour harpe \u00e0 double mouvement\u00a0et quatuor \u00e0 cordes en 1924.<\/p>\n<p><a href=\"https:\/\/www.camac-harps.com\/wp-content\/uploads\/sites\/27\/2015\/10\/bd-cordes-croisees-avant.jpg\"><img loading=\"lazy\" decoding=\"async\" class=\" td-modal-image alignleft wp-image-2131 size-medium\" src=\"https:\/\/www.camac-harps.com\/wp-content\/uploads\/sites\/27\/2015\/10\/bd-cordes-croisees-avant-188x300.jpg\" alt=\"Cross-strung harp\" width=\"188\" height=\"300\" srcset=\"https:\/\/www.camac-harps.com\/blog\/wp-content\/uploads\/sites\/27\/2015\/10\/bd-cordes-croisees-avant-188x300.jpg 188w, https:\/\/www.camac-harps.com\/blog\/wp-content\/uploads\/sites\/27\/2015\/10\/bd-cordes-croisees-avant-768x1229.jpg 768w, https:\/\/www.camac-harps.com\/blog\/wp-content\/uploads\/sites\/27\/2015\/10\/bd-cordes-croisees-avant-640x1024.jpg 640w, https:\/\/www.camac-harps.com\/blog\/wp-content\/uploads\/sites\/27\/2015\/10\/bd-cordes-croisees-avant-300x480.jpg 300w, https:\/\/www.camac-harps.com\/blog\/wp-content\/uploads\/sites\/27\/2015\/10\/bd-cordes-croisees-avant-800x1280.jpg 800w, https:\/\/www.camac-harps.com\/blog\/wp-content\/uploads\/sites\/27\/2015\/10\/bd-cordes-croisees-avant-55x88.jpg 55w, https:\/\/www.camac-harps.com\/blog\/wp-content\/uploads\/sites\/27\/2015\/10\/bd-cordes-croisees-avant-250x400.jpg 250w, https:\/\/www.camac-harps.com\/blog\/wp-content\/uploads\/sites\/27\/2015\/10\/bd-cordes-croisees-avant.jpg 875w\" sizes=\"auto, (max-width: 188px) 100vw, 188px\" \/><\/a>Une classe de harpe chromatique a exist\u00e9 au Conservatoire national sup\u00e9rieur de Paris de 1903 \u00e0 1908 puis de 1912 \u00e0 1933. Une autre classe de harpe chromatique a perdur\u00e9 au Conservatoire Royal de Bruxelles jusqu&rsquo;en 2005 (ouverte en 1900, ferm\u00e9e en 1953, puis r\u00e9ouverte en 1978). Une association a \u00e9t\u00e9 cr\u00e9\u00e9e en 2006 sur l\u2019initiative de Vanessa Gerkens afin d&rsquo;\u00e9viter sa disparition et de favoriser sa renaissance.<\/p>\n<p>Nous avons \u00e9galement r\u00e9cemment fait l&rsquo;acquisition d&rsquo;une harpe \u00e0 cordes crois\u00e9es construite par Pleyel. Il n&rsquo;y a pas encore de photo car elle est en cours de restauration, et elle sera pr\u00e9sent\u00e9e pour la premi\u00e8re fois \u00e0 Nancy.<\/p>\n<p><em>Notes \u00e9crites avec l&rsquo;aide de\u00a0Laure Barthel et d&rsquo;Elinor Bennett que je remercie chaleureusement.<\/em><\/p>\n","protected":false},"excerpt":{"rendered":"<p>La collection de harpes anciennes r\u00e9unie par Camac est une collection priv\u00e9e que nous entretenons et restaurons pour notre propre plaisir. Nous avons con\u00e7u un fond d&rsquo;\u00e9cran sp\u00e9cialement pour vous, \u00e0 partir de photographies d&rsquo;instruments que nous appr\u00e9cions particuli\u00e8rement.<\/p>\n","protected":false},"author":3,"featured_media":2332,"comment_status":"open","ping_status":"open","sticky":false,"template":"","format":"standard","meta":{"_acf_changed":false,"footnotes":""},"categories":[2],"tags":[],"class_list":["post-2256","post","type-post","status-publish","format-standard","has-post-thumbnail","hentry","category-non-classifiee"],"acf":[],"yoast_head":"<title>En attendant le Festival Camac : J-6 ! - Camac Harps<\/title>\n<meta name=\"robots\" content=\"index, follow, max-snippet:-1, max-image-preview:large, max-video-preview:-1\" \/>\n<link rel=\"canonical\" href=\"https:\/\/www.camac-harps.com\/blog\/fr\/non-classifiee\/en-attendant-le-festival-camac-j-6\/\" \/>\n<meta property=\"og:locale\" content=\"fr_FR\" \/>\n<meta property=\"og:type\" content=\"article\" \/>\n<meta property=\"og:title\" content=\"En attendant le Festival Camac : J-6 ! - Camac Harps\" \/>\n<meta property=\"og:description\" content=\"La collection de harpes anciennes r\u00e9unie par Camac est une collection priv\u00e9e que nous entretenons et restaurons pour notre propre plaisir. Nous avons con\u00e7u un fond d&#039;\u00e9cran sp\u00e9cialement pour vous, \u00e0 partir de photographies d&#039;instruments que nous appr\u00e9cions particuli\u00e8rement.\" \/>\n<meta property=\"og:url\" content=\"https:\/\/www.camac-harps.com\/blog\/fr\/non-classifiee\/en-attendant-le-festival-camac-j-6\/\" \/>\n<meta property=\"og:site_name\" content=\"Camac Harps\" \/>\n<meta property=\"article:published_time\" content=\"2015-10-10T06:00:34+00:00\" \/>\n<meta property=\"article:modified_time\" content=\"2017-06-29T07:33:53+00:00\" \/>\n<meta property=\"og:image\" content=\"https:\/\/www.camac-harps.com\/blog\/wp-content\/uploads\/sites\/27\/2015\/10\/e-banner-fusee-61-e1444305742556.jpg\" \/>\n\t<meta property=\"og:image:width\" content=\"482\" \/>\n\t<meta property=\"og:image:height\" content=\"250\" \/>\n\t<meta property=\"og:image:type\" content=\"image\/jpeg\" \/>\n<meta name=\"author\" content=\"Helen Leitner\" \/>\n<meta name=\"twitter:card\" content=\"summary_large_image\" \/>\n<meta name=\"twitter:label1\" content=\"\u00c9crit par\" \/>\n\t<meta name=\"twitter:data1\" content=\"Helen Leitner\" \/>\n\t<meta name=\"twitter:label2\" content=\"Dur\u00e9e de lecture estim\u00e9e\" \/>\n\t<meta name=\"twitter:data2\" content=\"6 minutes\" \/>\n<script type=\"application\/ld+json\" class=\"yoast-schema-graph\">{\"@context\":\"https:\/\/schema.org\",\"@graph\":[{\"@type\":\"Article\",\"@id\":\"https:\/\/www.camac-harps.com\/blog\/fr\/non-classifiee\/en-attendant-le-festival-camac-j-6\/#article\",\"isPartOf\":{\"@id\":\"https:\/\/www.camac-harps.com\/blog\/fr\/non-classifiee\/en-attendant-le-festival-camac-j-6\/\"},\"author\":{\"name\":\"Helen Leitner\",\"@id\":\"https:\/\/www.camac-harps.com\/blog\/fr\/#\/schema\/person\/59b9e6843c0338179fb914afaf144d22\"},\"headline\":\"En attendant le Festival Camac : J-6 !\",\"datePublished\":\"2015-10-10T06:00:34+00:00\",\"dateModified\":\"2017-06-29T07:33:53+00:00\",\"mainEntityOfPage\":{\"@id\":\"https:\/\/www.camac-harps.com\/blog\/fr\/non-classifiee\/en-attendant-le-festival-camac-j-6\/\"},\"wordCount\":1291,\"commentCount\":0,\"image\":{\"@id\":\"https:\/\/www.camac-harps.com\/blog\/fr\/non-classifiee\/en-attendant-le-festival-camac-j-6\/#primaryimage\"},\"thumbnailUrl\":\"https:\/\/www.camac-harps.com\/blog\/wp-content\/uploads\/sites\/27\/2015\/10\/e-banner-fusee-61-e1444305742556.jpg\",\"articleSection\":[\"Non classifi\u00e9(e)\"],\"inLanguage\":\"fr-FR\",\"potentialAction\":[{\"@type\":\"CommentAction\",\"name\":\"Comment\",\"target\":[\"https:\/\/www.camac-harps.com\/blog\/fr\/non-classifiee\/en-attendant-le-festival-camac-j-6\/#respond\"]}]},{\"@type\":\"WebPage\",\"@id\":\"https:\/\/www.camac-harps.com\/blog\/fr\/non-classifiee\/en-attendant-le-festival-camac-j-6\/\",\"url\":\"https:\/\/www.camac-harps.com\/blog\/fr\/non-classifiee\/en-attendant-le-festival-camac-j-6\/\",\"name\":\"En attendant le Festival Camac : J-6 ! - Camac Harps\",\"isPartOf\":{\"@id\":\"https:\/\/www.camac-harps.com\/blog\/fr\/#website\"},\"primaryImageOfPage\":{\"@id\":\"https:\/\/www.camac-harps.com\/blog\/fr\/non-classifiee\/en-attendant-le-festival-camac-j-6\/#primaryimage\"},\"image\":{\"@id\":\"https:\/\/www.camac-harps.com\/blog\/fr\/non-classifiee\/en-attendant-le-festival-camac-j-6\/#primaryimage\"},\"thumbnailUrl\":\"https:\/\/www.camac-harps.com\/blog\/wp-content\/uploads\/sites\/27\/2015\/10\/e-banner-fusee-61-e1444305742556.jpg\",\"datePublished\":\"2015-10-10T06:00:34+00:00\",\"dateModified\":\"2017-06-29T07:33:53+00:00\",\"author\":{\"@id\":\"https:\/\/www.camac-harps.com\/blog\/fr\/#\/schema\/person\/59b9e6843c0338179fb914afaf144d22\"},\"breadcrumb\":{\"@id\":\"https:\/\/www.camac-harps.com\/blog\/fr\/non-classifiee\/en-attendant-le-festival-camac-j-6\/#breadcrumb\"},\"inLanguage\":\"fr-FR\",\"potentialAction\":[{\"@type\":\"ReadAction\",\"target\":[\"https:\/\/www.camac-harps.com\/blog\/fr\/non-classifiee\/en-attendant-le-festival-camac-j-6\/\"]}]},{\"@type\":\"ImageObject\",\"inLanguage\":\"fr-FR\",\"@id\":\"https:\/\/www.camac-harps.com\/blog\/fr\/non-classifiee\/en-attendant-le-festival-camac-j-6\/#primaryimage\",\"url\":\"https:\/\/www.camac-harps.com\/blog\/wp-content\/uploads\/sites\/27\/2015\/10\/e-banner-fusee-61-e1444305742556.jpg\",\"contentUrl\":\"https:\/\/www.camac-harps.com\/blog\/wp-content\/uploads\/sites\/27\/2015\/10\/e-banner-fusee-61-e1444305742556.jpg\",\"width\":482,\"height\":250,\"caption\":\"Countdown 6 cut\"},{\"@type\":\"BreadcrumbList\",\"@id\":\"https:\/\/www.camac-harps.com\/blog\/fr\/non-classifiee\/en-attendant-le-festival-camac-j-6\/#breadcrumb\",\"itemListElement\":[{\"@type\":\"ListItem\",\"position\":1,\"name\":\"Home\",\"item\":\"https:\/\/www.camac-harps.com\/blog\/fr\/\"},{\"@type\":\"ListItem\",\"position\":2,\"name\":\"En attendant le Festival Camac : J-6 !\"}]},{\"@type\":\"WebSite\",\"@id\":\"https:\/\/www.camac-harps.com\/blog\/fr\/#website\",\"url\":\"https:\/\/www.camac-harps.com\/blog\/fr\/\",\"name\":\"Camac Harps\",\"description\":\"\",\"potentialAction\":[{\"@type\":\"SearchAction\",\"target\":{\"@type\":\"EntryPoint\",\"urlTemplate\":\"https:\/\/www.camac-harps.com\/blog\/fr\/?s={search_term_string}\"},\"query-input\":{\"@type\":\"PropertyValueSpecification\",\"valueRequired\":true,\"valueName\":\"search_term_string\"}}],\"inLanguage\":\"fr-FR\"},{\"@type\":\"Person\",\"@id\":\"https:\/\/www.camac-harps.com\/blog\/fr\/#\/schema\/person\/59b9e6843c0338179fb914afaf144d22\",\"name\":\"Helen Leitner\",\"image\":{\"@type\":\"ImageObject\",\"inLanguage\":\"fr-FR\",\"@id\":\"https:\/\/www.camac-harps.com\/blog\/fr\/#\/schema\/person\/image\/\",\"url\":\"https:\/\/secure.gravatar.com\/avatar\/ebbebff931219cff4c2d1e25c3229b2e036693f67bf237fb12f452d7a019a6da?s=96&d=mm&r=g\",\"contentUrl\":\"https:\/\/secure.gravatar.com\/avatar\/ebbebff931219cff4c2d1e25c3229b2e036693f67bf237fb12f452d7a019a6da?s=96&d=mm&r=g\",\"caption\":\"Helen Leitner\"},\"url\":\"https:\/\/www.camac-harps.com\/blog\/fr\/author\/ltnr\/\"}]}<\/script>","yoast_head_json":{"title":"En attendant le Festival Camac : J-6 ! - Camac Harps","robots":{"index":"index","follow":"follow","max-snippet":"max-snippet:-1","max-image-preview":"max-image-preview:large","max-video-preview":"max-video-preview:-1"},"canonical":"https:\/\/www.camac-harps.com\/blog\/fr\/non-classifiee\/en-attendant-le-festival-camac-j-6\/","og_locale":"fr_FR","og_type":"article","og_title":"En attendant le Festival Camac : J-6 ! - Camac Harps","og_description":"La collection de harpes anciennes r\u00e9unie par Camac est une collection priv\u00e9e que nous entretenons et restaurons pour notre propre plaisir. Nous avons con\u00e7u un fond d'\u00e9cran sp\u00e9cialement pour vous, \u00e0 partir de photographies d'instruments que nous appr\u00e9cions particuli\u00e8rement.","og_url":"https:\/\/www.camac-harps.com\/blog\/fr\/non-classifiee\/en-attendant-le-festival-camac-j-6\/","og_site_name":"Camac Harps","article_published_time":"2015-10-10T06:00:34+00:00","article_modified_time":"2017-06-29T07:33:53+00:00","og_image":[{"width":482,"height":250,"url":"https:\/\/www.camac-harps.com\/blog\/wp-content\/uploads\/sites\/27\/2015\/10\/e-banner-fusee-61-e1444305742556.jpg","type":"image\/jpeg"}],"author":"Helen Leitner","twitter_card":"summary_large_image","twitter_misc":{"\u00c9crit par":"Helen Leitner","Dur\u00e9e de lecture estim\u00e9e":"6 minutes"},"schema":{"@context":"https:\/\/schema.org","@graph":[{"@type":"Article","@id":"https:\/\/www.camac-harps.com\/blog\/fr\/non-classifiee\/en-attendant-le-festival-camac-j-6\/#article","isPartOf":{"@id":"https:\/\/www.camac-harps.com\/blog\/fr\/non-classifiee\/en-attendant-le-festival-camac-j-6\/"},"author":{"name":"Helen Leitner","@id":"https:\/\/www.camac-harps.com\/blog\/fr\/#\/schema\/person\/59b9e6843c0338179fb914afaf144d22"},"headline":"En attendant le Festival Camac : J-6 !","datePublished":"2015-10-10T06:00:34+00:00","dateModified":"2017-06-29T07:33:53+00:00","mainEntityOfPage":{"@id":"https:\/\/www.camac-harps.com\/blog\/fr\/non-classifiee\/en-attendant-le-festival-camac-j-6\/"},"wordCount":1291,"commentCount":0,"image":{"@id":"https:\/\/www.camac-harps.com\/blog\/fr\/non-classifiee\/en-attendant-le-festival-camac-j-6\/#primaryimage"},"thumbnailUrl":"https:\/\/www.camac-harps.com\/blog\/wp-content\/uploads\/sites\/27\/2015\/10\/e-banner-fusee-61-e1444305742556.jpg","articleSection":["Non classifi\u00e9(e)"],"inLanguage":"fr-FR","potentialAction":[{"@type":"CommentAction","name":"Comment","target":["https:\/\/www.camac-harps.com\/blog\/fr\/non-classifiee\/en-attendant-le-festival-camac-j-6\/#respond"]}]},{"@type":"WebPage","@id":"https:\/\/www.camac-harps.com\/blog\/fr\/non-classifiee\/en-attendant-le-festival-camac-j-6\/","url":"https:\/\/www.camac-harps.com\/blog\/fr\/non-classifiee\/en-attendant-le-festival-camac-j-6\/","name":"En attendant le Festival Camac : J-6 ! - Camac Harps","isPartOf":{"@id":"https:\/\/www.camac-harps.com\/blog\/fr\/#website"},"primaryImageOfPage":{"@id":"https:\/\/www.camac-harps.com\/blog\/fr\/non-classifiee\/en-attendant-le-festival-camac-j-6\/#primaryimage"},"image":{"@id":"https:\/\/www.camac-harps.com\/blog\/fr\/non-classifiee\/en-attendant-le-festival-camac-j-6\/#primaryimage"},"thumbnailUrl":"https:\/\/www.camac-harps.com\/blog\/wp-content\/uploads\/sites\/27\/2015\/10\/e-banner-fusee-61-e1444305742556.jpg","datePublished":"2015-10-10T06:00:34+00:00","dateModified":"2017-06-29T07:33:53+00:00","author":{"@id":"https:\/\/www.camac-harps.com\/blog\/fr\/#\/schema\/person\/59b9e6843c0338179fb914afaf144d22"},"breadcrumb":{"@id":"https:\/\/www.camac-harps.com\/blog\/fr\/non-classifiee\/en-attendant-le-festival-camac-j-6\/#breadcrumb"},"inLanguage":"fr-FR","potentialAction":[{"@type":"ReadAction","target":["https:\/\/www.camac-harps.com\/blog\/fr\/non-classifiee\/en-attendant-le-festival-camac-j-6\/"]}]},{"@type":"ImageObject","inLanguage":"fr-FR","@id":"https:\/\/www.camac-harps.com\/blog\/fr\/non-classifiee\/en-attendant-le-festival-camac-j-6\/#primaryimage","url":"https:\/\/www.camac-harps.com\/blog\/wp-content\/uploads\/sites\/27\/2015\/10\/e-banner-fusee-61-e1444305742556.jpg","contentUrl":"https:\/\/www.camac-harps.com\/blog\/wp-content\/uploads\/sites\/27\/2015\/10\/e-banner-fusee-61-e1444305742556.jpg","width":482,"height":250,"caption":"Countdown 6 cut"},{"@type":"BreadcrumbList","@id":"https:\/\/www.camac-harps.com\/blog\/fr\/non-classifiee\/en-attendant-le-festival-camac-j-6\/#breadcrumb","itemListElement":[{"@type":"ListItem","position":1,"name":"Home","item":"https:\/\/www.camac-harps.com\/blog\/fr\/"},{"@type":"ListItem","position":2,"name":"En attendant le Festival Camac : J-6 !"}]},{"@type":"WebSite","@id":"https:\/\/www.camac-harps.com\/blog\/fr\/#website","url":"https:\/\/www.camac-harps.com\/blog\/fr\/","name":"Camac Harps","description":"","potentialAction":[{"@type":"SearchAction","target":{"@type":"EntryPoint","urlTemplate":"https:\/\/www.camac-harps.com\/blog\/fr\/?s={search_term_string}"},"query-input":{"@type":"PropertyValueSpecification","valueRequired":true,"valueName":"search_term_string"}}],"inLanguage":"fr-FR"},{"@type":"Person","@id":"https:\/\/www.camac-harps.com\/blog\/fr\/#\/schema\/person\/59b9e6843c0338179fb914afaf144d22","name":"Helen Leitner","image":{"@type":"ImageObject","inLanguage":"fr-FR","@id":"https:\/\/www.camac-harps.com\/blog\/fr\/#\/schema\/person\/image\/","url":"https:\/\/secure.gravatar.com\/avatar\/ebbebff931219cff4c2d1e25c3229b2e036693f67bf237fb12f452d7a019a6da?s=96&d=mm&r=g","contentUrl":"https:\/\/secure.gravatar.com\/avatar\/ebbebff931219cff4c2d1e25c3229b2e036693f67bf237fb12f452d7a019a6da?s=96&d=mm&r=g","caption":"Helen Leitner"},"url":"https:\/\/www.camac-harps.com\/blog\/fr\/author\/ltnr\/"}]}},"_links":{"self":[{"href":"https:\/\/www.camac-harps.com\/blog\/fr\/wp-json\/wp\/v2\/posts\/2256","targetHints":{"allow":["GET"]}}],"collection":[{"href":"https:\/\/www.camac-harps.com\/blog\/fr\/wp-json\/wp\/v2\/posts"}],"about":[{"href":"https:\/\/www.camac-harps.com\/blog\/fr\/wp-json\/wp\/v2\/types\/post"}],"author":[{"embeddable":true,"href":"https:\/\/www.camac-harps.com\/blog\/fr\/wp-json\/wp\/v2\/users\/3"}],"replies":[{"embeddable":true,"href":"https:\/\/www.camac-harps.com\/blog\/fr\/wp-json\/wp\/v2\/comments?post=2256"}],"version-history":[{"count":11,"href":"https:\/\/www.camac-harps.com\/blog\/fr\/wp-json\/wp\/v2\/posts\/2256\/revisions"}],"predecessor-version":[{"id":20449,"href":"https:\/\/www.camac-harps.com\/blog\/fr\/wp-json\/wp\/v2\/posts\/2256\/revisions\/20449"}],"wp:featuredmedia":[{"embeddable":true,"href":"https:\/\/www.camac-harps.com\/blog\/fr\/wp-json\/wp\/v2\/media\/2332"}],"wp:attachment":[{"href":"https:\/\/www.camac-harps.com\/blog\/fr\/wp-json\/wp\/v2\/media?parent=2256"}],"wp:term":[{"taxonomy":"category","embeddable":true,"href":"https:\/\/www.camac-harps.com\/blog\/fr\/wp-json\/wp\/v2\/categories?post=2256"},{"taxonomy":"post_tag","embeddable":true,"href":"https:\/\/www.camac-harps.com\/blog\/fr\/wp-json\/wp\/v2\/tags?post=2256"}],"curies":[{"name":"wp","href":"https:\/\/api.w.org\/{rel}","templated":true}]}}