{"id":23138,"date":"2018-06-12T11:07:29","date_gmt":"2018-06-12T11:07:29","guid":{"rendered":"https:\/\/www.camac-harps.com\/blog\/blog\/non-classifiee\/concert-and-lessons-with-jasmin-isabel-kuhne-at-camac-harfen-deutschland\/"},"modified":"2018-06-20T07:18:18","modified_gmt":"2018-06-20T07:18:18","slug":"concert-and-lessons-with-jasmin-isabel-kuhne-at-camac-harfen-deutschland","status":"publish","type":"post","link":"https:\/\/www.camac-harps.com\/blog\/fr\/actualites\/concert-and-lessons-with-jasmin-isabel-kuhne-at-camac-harfen-deutschland\/","title":{"rendered":"Concert et cours particuliers avec Jasmin-Isabel K\u00fchne, Berlin"},"content":{"rendered":"<p style=\"text-align: justify;\">Nous sommes tr\u00e8s heureux d&rsquo;accueillir <a href=\"http:\/\/jasmin-isabel-kuehne.de\" target=\"_blank\" rel=\"noopener\">Jasmin-Isabel K\u00fchne<\/a>\u00a0dans notre\u00a0<a href=\"https:\/\/de.camac-harps.com\/de\/berlin-filiale\/\" target=\"_blank\" rel=\"noopener\">magasin de Berlin<\/a>\u00a0les 6 et 7 juillet 2018. Cette jeune soliste allemande d&rsquo;exception, dipl\u00f4m\u00e9e de la classe de Godelieve Schrama \u00e0 la Hochschule f\u00fcr Musik de Detmold et des classes d&rsquo;Isabelle Perrin \u00e0 Paris et Oslo, donnera un r\u00e9cital le vendredi soir \u00e0 19h30.\u00a0Ce concert sera l&rsquo;occasion d&rsquo;appr\u00e9cier un r\u00e9pertoire int\u00e9ressant et rarement jou\u00e9 comme la \u00ab\u00a0Nordische Ballade\u00a0\u00bb de Franz P\u00f6nitz ou la premi\u00e8re en Allemagne de la derni\u00e8re oeuvre d&rsquo;<a href=\"https:\/\/www.unoharp.com\" target=\"_blank\" rel=\"noopener\">Uno Alexander Vesje<\/a>\u00a0qui sera interpr\u00e9t\u00e9e sur la\u00a0<a href=\"https:\/\/www.camac-harps.com\/blog\/fr\/harps-fr\/electric-fr\/the-big-blue-47\/\" target=\"_blank\" rel=\"noopener\">harpe bleue<\/a>.\u00a0<\/p>\n<p style=\"text-align: justify;\"><a href=\"https:\/\/www.camac-harps.com\/wp-content\/uploads\/sites\/27\/2018\/06\/excalibursquare.jpg\"><img loading=\"lazy\" decoding=\"async\" class=\"alignright size-thumbnail wp-image-23292\" src=\"https:\/\/www.camac-harps.com\/wp-content\/uploads\/sites\/27\/2018\/06\/excalibursquare-150x150.jpg\" alt=\"\" width=\"150\" height=\"150\" srcset=\"https:\/\/www.camac-harps.com\/blog\/wp-content\/uploads\/sites\/27\/2018\/06\/excalibursquare-150x150.jpg 150w, https:\/\/www.camac-harps.com\/blog\/wp-content\/uploads\/sites\/27\/2018\/06\/excalibursquare-300x300.jpg 300w, https:\/\/www.camac-harps.com\/blog\/wp-content\/uploads\/sites\/27\/2018\/06\/excalibursquare-55x55.jpg 55w, https:\/\/www.camac-harps.com\/blog\/wp-content\/uploads\/sites\/27\/2018\/06\/excalibursquare-250x250.jpg 250w, https:\/\/www.camac-harps.com\/blog\/wp-content\/uploads\/sites\/27\/2018\/06\/excalibursquare.jpg 756w\" sizes=\"auto, (max-width: 150px) 100vw, 150px\" \/><\/a>Le samedi 7 juillet, Jasmin-Isabel proposera des cours individuels tout au long de la journ\u00e9e. Ces cours seront \u00e9galement l&rsquo;occasion de d\u00e9couvrir notre harpe celtique\u00a0<a href=\"https:\/\/www.camac-harps.com\/blog\/fr\/harps-fr\/lever-fr\/excalibur\/\" target=\"_blank\" rel=\"noopener\">Excalibur<\/a>\u00a0plus en profondeur puisque ce sera l&rsquo;un des instruments sur lesquels les cours seront donn\u00e9s !<\/p>\n<p>Pour plus de d\u00e9tails sur cet \u00e9v\u00e9nement,\u00a0<a href=\"https:\/\/de.camac-harps.com\/de\/neuigkeiten\/\" target=\"_blank\" rel=\"noopener\">suivez ce lien (en allemand)<\/a>.\u00a0<\/p>\n","protected":false},"excerpt":{"rendered":"<p>Nous sommes tr\u00e8s heureux d&rsquo;accueillir Jasmin-Isabel K\u00fchne\u00a0dans notre\u00a0magasin de Berlin\u00a0les 6 et 7 juillet 2018. Ce concert sera l&rsquo;occasion d&rsquo;appr\u00e9cier un r\u00e9pertoire int\u00e9ressant et rarement jou\u00e9 comme la \u00ab\u00a0Nordische Ballade\u00a0\u00bb de Franz P\u00f6nitz ou la premi\u00e8re en Allemagne de la derni\u00e8re oeuvre d&rsquo;Uno Alexander Vesje\u00a0qui sera interpr\u00e9t\u00e9e sur la\u00a0harpe bleue.\u00a0<\/p>\n","protected":false},"author":3,"featured_media":23025,"comment_status":"open","ping_status":"open","sticky":false,"template":"","format":"standard","meta":{"_acf_changed":false,"footnotes":""},"categories":[533],"tags":[],"class_list":["post-23138","post","type-post","status-publish","format-standard","has-post-thumbnail","hentry","category-actualites"],"acf":[],"yoast_head":"<title>Concert et cours particuliers avec Jasmin-Isabel K\u00fchne, Berlin - Camac Harps<\/title>\n<meta name=\"robots\" content=\"index, follow, max-snippet:-1, max-image-preview:large, max-video-preview:-1\" \/>\n<link rel=\"canonical\" href=\"https:\/\/www.camac-harps.com\/blog\/fr\/actualites\/concert-and-lessons-with-jasmin-isabel-kuhne-at-camac-harfen-deutschland\/\" \/>\n<meta property=\"og:locale\" content=\"fr_FR\" \/>\n<meta property=\"og:type\" content=\"article\" \/>\n<meta property=\"og:title\" content=\"Concert et cours particuliers avec Jasmin-Isabel K\u00fchne, Berlin - Camac Harps\" \/>\n<meta property=\"og:description\" content=\"Nous sommes tr\u00e8s heureux d&#039;accueillir Jasmin-Isabel K\u00fchne\u00a0dans notre\u00a0magasin de Berlin\u00a0les 6 et 7 juillet 2018. Ce concert sera l&#039;occasion d&#039;appr\u00e9cier un r\u00e9pertoire int\u00e9ressant et rarement jou\u00e9 comme la &quot;Nordische Ballade&quot; de Franz P\u00f6nitz ou la premi\u00e8re en Allemagne de la derni\u00e8re oeuvre d&#039;Uno Alexander Vesje\u00a0qui sera interpr\u00e9t\u00e9e sur la\u00a0harpe bleue.\u00a0\" \/>\n<meta property=\"og:url\" content=\"https:\/\/www.camac-harps.com\/blog\/fr\/actualites\/concert-and-lessons-with-jasmin-isabel-kuhne-at-camac-harfen-deutschland\/\" \/>\n<meta property=\"og:site_name\" content=\"Camac Harps\" \/>\n<meta property=\"article:published_time\" content=\"2018-06-12T11:07:29+00:00\" \/>\n<meta property=\"article:modified_time\" content=\"2018-06-20T07:18:18+00:00\" \/>\n<meta property=\"og:image\" content=\"https:\/\/www.camac-harps.com\/blog\/wp-content\/uploads\/sites\/27\/2018\/06\/darfichmal-e1529307936594.png\" \/>\n\t<meta property=\"og:image:width\" content=\"600\" \/>\n\t<meta property=\"og:image:height\" content=\"600\" \/>\n\t<meta property=\"og:image:type\" content=\"image\/png\" \/>\n<meta name=\"author\" content=\"Helen Leitner\" \/>\n<meta name=\"twitter:card\" content=\"summary_large_image\" \/>\n<meta name=\"twitter:label1\" content=\"\u00c9crit par\" \/>\n\t<meta name=\"twitter:data1\" content=\"Helen Leitner\" \/>\n\t<meta name=\"twitter:label2\" content=\"Dur\u00e9e de lecture estim\u00e9e\" \/>\n\t<meta name=\"twitter:data2\" content=\"1 minute\" \/>\n<script type=\"application\/ld+json\" class=\"yoast-schema-graph\">{\"@context\":\"https:\/\/schema.org\",\"@graph\":[{\"@type\":\"Article\",\"@id\":\"https:\/\/www.camac-harps.com\/blog\/fr\/actualites\/concert-and-lessons-with-jasmin-isabel-kuhne-at-camac-harfen-deutschland\/#article\",\"isPartOf\":{\"@id\":\"https:\/\/www.camac-harps.com\/blog\/fr\/actualites\/concert-and-lessons-with-jasmin-isabel-kuhne-at-camac-harfen-deutschland\/\"},\"author\":{\"name\":\"Helen Leitner\",\"@id\":\"https:\/\/www.camac-harps.com\/blog\/fr\/#\/schema\/person\/59b9e6843c0338179fb914afaf144d22\"},\"headline\":\"Concert et cours particuliers avec Jasmin-Isabel K\u00fchne, Berlin\",\"datePublished\":\"2018-06-12T11:07:29+00:00\",\"dateModified\":\"2018-06-20T07:18:18+00:00\",\"mainEntityOfPage\":{\"@id\":\"https:\/\/www.camac-harps.com\/blog\/fr\/actualites\/concert-and-lessons-with-jasmin-isabel-kuhne-at-camac-harfen-deutschland\/\"},\"wordCount\":173,\"commentCount\":0,\"image\":{\"@id\":\"https:\/\/www.camac-harps.com\/blog\/fr\/actualites\/concert-and-lessons-with-jasmin-isabel-kuhne-at-camac-harfen-deutschland\/#primaryimage\"},\"thumbnailUrl\":\"https:\/\/www.camac-harps.com\/blog\/wp-content\/uploads\/sites\/27\/2018\/06\/darfichmal-e1529307936594.png\",\"articleSection\":[\"Actualit\u00e9s\"],\"inLanguage\":\"fr-FR\",\"potentialAction\":[{\"@type\":\"CommentAction\",\"name\":\"Comment\",\"target\":[\"https:\/\/www.camac-harps.com\/blog\/fr\/actualites\/concert-and-lessons-with-jasmin-isabel-kuhne-at-camac-harfen-deutschland\/#respond\"]}]},{\"@type\":\"WebPage\",\"@id\":\"https:\/\/www.camac-harps.com\/blog\/fr\/actualites\/concert-and-lessons-with-jasmin-isabel-kuhne-at-camac-harfen-deutschland\/\",\"url\":\"https:\/\/www.camac-harps.com\/blog\/fr\/actualites\/concert-and-lessons-with-jasmin-isabel-kuhne-at-camac-harfen-deutschland\/\",\"name\":\"Concert et cours particuliers avec Jasmin-Isabel K\u00fchne, Berlin - Camac Harps\",\"isPartOf\":{\"@id\":\"https:\/\/www.camac-harps.com\/blog\/fr\/#website\"},\"primaryImageOfPage\":{\"@id\":\"https:\/\/www.camac-harps.com\/blog\/fr\/actualites\/concert-and-lessons-with-jasmin-isabel-kuhne-at-camac-harfen-deutschland\/#primaryimage\"},\"image\":{\"@id\":\"https:\/\/www.camac-harps.com\/blog\/fr\/actualites\/concert-and-lessons-with-jasmin-isabel-kuhne-at-camac-harfen-deutschland\/#primaryimage\"},\"thumbnailUrl\":\"https:\/\/www.camac-harps.com\/blog\/wp-content\/uploads\/sites\/27\/2018\/06\/darfichmal-e1529307936594.png\",\"datePublished\":\"2018-06-12T11:07:29+00:00\",\"dateModified\":\"2018-06-20T07:18:18+00:00\",\"author\":{\"@id\":\"https:\/\/www.camac-harps.com\/blog\/fr\/#\/schema\/person\/59b9e6843c0338179fb914afaf144d22\"},\"breadcrumb\":{\"@id\":\"https:\/\/www.camac-harps.com\/blog\/fr\/actualites\/concert-and-lessons-with-jasmin-isabel-kuhne-at-camac-harfen-deutschland\/#breadcrumb\"},\"inLanguage\":\"fr-FR\",\"potentialAction\":[{\"@type\":\"ReadAction\",\"target\":[\"https:\/\/www.camac-harps.com\/blog\/fr\/actualites\/concert-and-lessons-with-jasmin-isabel-kuhne-at-camac-harfen-deutschland\/\"]}]},{\"@type\":\"ImageObject\",\"inLanguage\":\"fr-FR\",\"@id\":\"https:\/\/www.camac-harps.com\/blog\/fr\/actualites\/concert-and-lessons-with-jasmin-isabel-kuhne-at-camac-harfen-deutschland\/#primaryimage\",\"url\":\"https:\/\/www.camac-harps.com\/blog\/wp-content\/uploads\/sites\/27\/2018\/06\/darfichmal-e1529307936594.png\",\"contentUrl\":\"https:\/\/www.camac-harps.com\/blog\/wp-content\/uploads\/sites\/27\/2018\/06\/darfichmal-e1529307936594.png\",\"width\":600,\"height\":600},{\"@type\":\"BreadcrumbList\",\"@id\":\"https:\/\/www.camac-harps.com\/blog\/fr\/actualites\/concert-and-lessons-with-jasmin-isabel-kuhne-at-camac-harfen-deutschland\/#breadcrumb\",\"itemListElement\":[{\"@type\":\"ListItem\",\"position\":1,\"name\":\"Home\",\"item\":\"https:\/\/www.camac-harps.com\/blog\/fr\/\"},{\"@type\":\"ListItem\",\"position\":2,\"name\":\"Concert et cours particuliers avec Jasmin-Isabel K\u00fchne, Berlin\"}]},{\"@type\":\"WebSite\",\"@id\":\"https:\/\/www.camac-harps.com\/blog\/fr\/#website\",\"url\":\"https:\/\/www.camac-harps.com\/blog\/fr\/\",\"name\":\"Camac Harps\",\"description\":\"\",\"potentialAction\":[{\"@type\":\"SearchAction\",\"target\":{\"@type\":\"EntryPoint\",\"urlTemplate\":\"https:\/\/www.camac-harps.com\/blog\/fr\/?s={search_term_string}\"},\"query-input\":{\"@type\":\"PropertyValueSpecification\",\"valueRequired\":true,\"valueName\":\"search_term_string\"}}],\"inLanguage\":\"fr-FR\"},{\"@type\":\"Person\",\"@id\":\"https:\/\/www.camac-harps.com\/blog\/fr\/#\/schema\/person\/59b9e6843c0338179fb914afaf144d22\",\"name\":\"Helen Leitner\",\"image\":{\"@type\":\"ImageObject\",\"inLanguage\":\"fr-FR\",\"@id\":\"https:\/\/www.camac-harps.com\/blog\/fr\/#\/schema\/person\/image\/\",\"url\":\"https:\/\/secure.gravatar.com\/avatar\/ebbebff931219cff4c2d1e25c3229b2e036693f67bf237fb12f452d7a019a6da?s=96&d=mm&r=g\",\"contentUrl\":\"https:\/\/secure.gravatar.com\/avatar\/ebbebff931219cff4c2d1e25c3229b2e036693f67bf237fb12f452d7a019a6da?s=96&d=mm&r=g\",\"caption\":\"Helen Leitner\"},\"url\":\"https:\/\/www.camac-harps.com\/blog\/fr\/author\/ltnr\/\"}]}<\/script>","yoast_head_json":{"title":"Concert et cours particuliers avec Jasmin-Isabel K\u00fchne, Berlin - Camac Harps","robots":{"index":"index","follow":"follow","max-snippet":"max-snippet:-1","max-image-preview":"max-image-preview:large","max-video-preview":"max-video-preview:-1"},"canonical":"https:\/\/www.camac-harps.com\/blog\/fr\/actualites\/concert-and-lessons-with-jasmin-isabel-kuhne-at-camac-harfen-deutschland\/","og_locale":"fr_FR","og_type":"article","og_title":"Concert et cours particuliers avec Jasmin-Isabel K\u00fchne, Berlin - Camac Harps","og_description":"Nous sommes tr\u00e8s heureux d'accueillir Jasmin-Isabel K\u00fchne\u00a0dans notre\u00a0magasin de Berlin\u00a0les 6 et 7 juillet 2018. Ce concert sera l'occasion d'appr\u00e9cier un r\u00e9pertoire int\u00e9ressant et rarement jou\u00e9 comme la \"Nordische Ballade\" de Franz P\u00f6nitz ou la premi\u00e8re en Allemagne de la derni\u00e8re oeuvre d'Uno Alexander Vesje\u00a0qui sera interpr\u00e9t\u00e9e sur la\u00a0harpe bleue.\u00a0","og_url":"https:\/\/www.camac-harps.com\/blog\/fr\/actualites\/concert-and-lessons-with-jasmin-isabel-kuhne-at-camac-harfen-deutschland\/","og_site_name":"Camac Harps","article_published_time":"2018-06-12T11:07:29+00:00","article_modified_time":"2018-06-20T07:18:18+00:00","og_image":[{"width":600,"height":600,"url":"https:\/\/www.camac-harps.com\/blog\/wp-content\/uploads\/sites\/27\/2018\/06\/darfichmal-e1529307936594.png","type":"image\/png"}],"author":"Helen Leitner","twitter_card":"summary_large_image","twitter_misc":{"\u00c9crit par":"Helen Leitner","Dur\u00e9e de lecture estim\u00e9e":"1 minute"},"schema":{"@context":"https:\/\/schema.org","@graph":[{"@type":"Article","@id":"https:\/\/www.camac-harps.com\/blog\/fr\/actualites\/concert-and-lessons-with-jasmin-isabel-kuhne-at-camac-harfen-deutschland\/#article","isPartOf":{"@id":"https:\/\/www.camac-harps.com\/blog\/fr\/actualites\/concert-and-lessons-with-jasmin-isabel-kuhne-at-camac-harfen-deutschland\/"},"author":{"name":"Helen Leitner","@id":"https:\/\/www.camac-harps.com\/blog\/fr\/#\/schema\/person\/59b9e6843c0338179fb914afaf144d22"},"headline":"Concert et cours particuliers avec Jasmin-Isabel K\u00fchne, Berlin","datePublished":"2018-06-12T11:07:29+00:00","dateModified":"2018-06-20T07:18:18+00:00","mainEntityOfPage":{"@id":"https:\/\/www.camac-harps.com\/blog\/fr\/actualites\/concert-and-lessons-with-jasmin-isabel-kuhne-at-camac-harfen-deutschland\/"},"wordCount":173,"commentCount":0,"image":{"@id":"https:\/\/www.camac-harps.com\/blog\/fr\/actualites\/concert-and-lessons-with-jasmin-isabel-kuhne-at-camac-harfen-deutschland\/#primaryimage"},"thumbnailUrl":"https:\/\/www.camac-harps.com\/blog\/wp-content\/uploads\/sites\/27\/2018\/06\/darfichmal-e1529307936594.png","articleSection":["Actualit\u00e9s"],"inLanguage":"fr-FR","potentialAction":[{"@type":"CommentAction","name":"Comment","target":["https:\/\/www.camac-harps.com\/blog\/fr\/actualites\/concert-and-lessons-with-jasmin-isabel-kuhne-at-camac-harfen-deutschland\/#respond"]}]},{"@type":"WebPage","@id":"https:\/\/www.camac-harps.com\/blog\/fr\/actualites\/concert-and-lessons-with-jasmin-isabel-kuhne-at-camac-harfen-deutschland\/","url":"https:\/\/www.camac-harps.com\/blog\/fr\/actualites\/concert-and-lessons-with-jasmin-isabel-kuhne-at-camac-harfen-deutschland\/","name":"Concert et cours particuliers avec Jasmin-Isabel K\u00fchne, Berlin - Camac Harps","isPartOf":{"@id":"https:\/\/www.camac-harps.com\/blog\/fr\/#website"},"primaryImageOfPage":{"@id":"https:\/\/www.camac-harps.com\/blog\/fr\/actualites\/concert-and-lessons-with-jasmin-isabel-kuhne-at-camac-harfen-deutschland\/#primaryimage"},"image":{"@id":"https:\/\/www.camac-harps.com\/blog\/fr\/actualites\/concert-and-lessons-with-jasmin-isabel-kuhne-at-camac-harfen-deutschland\/#primaryimage"},"thumbnailUrl":"https:\/\/www.camac-harps.com\/blog\/wp-content\/uploads\/sites\/27\/2018\/06\/darfichmal-e1529307936594.png","datePublished":"2018-06-12T11:07:29+00:00","dateModified":"2018-06-20T07:18:18+00:00","author":{"@id":"https:\/\/www.camac-harps.com\/blog\/fr\/#\/schema\/person\/59b9e6843c0338179fb914afaf144d22"},"breadcrumb":{"@id":"https:\/\/www.camac-harps.com\/blog\/fr\/actualites\/concert-and-lessons-with-jasmin-isabel-kuhne-at-camac-harfen-deutschland\/#breadcrumb"},"inLanguage":"fr-FR","potentialAction":[{"@type":"ReadAction","target":["https:\/\/www.camac-harps.com\/blog\/fr\/actualites\/concert-and-lessons-with-jasmin-isabel-kuhne-at-camac-harfen-deutschland\/"]}]},{"@type":"ImageObject","inLanguage":"fr-FR","@id":"https:\/\/www.camac-harps.com\/blog\/fr\/actualites\/concert-and-lessons-with-jasmin-isabel-kuhne-at-camac-harfen-deutschland\/#primaryimage","url":"https:\/\/www.camac-harps.com\/blog\/wp-content\/uploads\/sites\/27\/2018\/06\/darfichmal-e1529307936594.png","contentUrl":"https:\/\/www.camac-harps.com\/blog\/wp-content\/uploads\/sites\/27\/2018\/06\/darfichmal-e1529307936594.png","width":600,"height":600},{"@type":"BreadcrumbList","@id":"https:\/\/www.camac-harps.com\/blog\/fr\/actualites\/concert-and-lessons-with-jasmin-isabel-kuhne-at-camac-harfen-deutschland\/#breadcrumb","itemListElement":[{"@type":"ListItem","position":1,"name":"Home","item":"https:\/\/www.camac-harps.com\/blog\/fr\/"},{"@type":"ListItem","position":2,"name":"Concert et cours particuliers avec Jasmin-Isabel K\u00fchne, Berlin"}]},{"@type":"WebSite","@id":"https:\/\/www.camac-harps.com\/blog\/fr\/#website","url":"https:\/\/www.camac-harps.com\/blog\/fr\/","name":"Camac Harps","description":"","potentialAction":[{"@type":"SearchAction","target":{"@type":"EntryPoint","urlTemplate":"https:\/\/www.camac-harps.com\/blog\/fr\/?s={search_term_string}"},"query-input":{"@type":"PropertyValueSpecification","valueRequired":true,"valueName":"search_term_string"}}],"inLanguage":"fr-FR"},{"@type":"Person","@id":"https:\/\/www.camac-harps.com\/blog\/fr\/#\/schema\/person\/59b9e6843c0338179fb914afaf144d22","name":"Helen Leitner","image":{"@type":"ImageObject","inLanguage":"fr-FR","@id":"https:\/\/www.camac-harps.com\/blog\/fr\/#\/schema\/person\/image\/","url":"https:\/\/secure.gravatar.com\/avatar\/ebbebff931219cff4c2d1e25c3229b2e036693f67bf237fb12f452d7a019a6da?s=96&d=mm&r=g","contentUrl":"https:\/\/secure.gravatar.com\/avatar\/ebbebff931219cff4c2d1e25c3229b2e036693f67bf237fb12f452d7a019a6da?s=96&d=mm&r=g","caption":"Helen Leitner"},"url":"https:\/\/www.camac-harps.com\/blog\/fr\/author\/ltnr\/"}]}},"_links":{"self":[{"href":"https:\/\/www.camac-harps.com\/blog\/fr\/wp-json\/wp\/v2\/posts\/23138","targetHints":{"allow":["GET"]}}],"collection":[{"href":"https:\/\/www.camac-harps.com\/blog\/fr\/wp-json\/wp\/v2\/posts"}],"about":[{"href":"https:\/\/www.camac-harps.com\/blog\/fr\/wp-json\/wp\/v2\/types\/post"}],"author":[{"embeddable":true,"href":"https:\/\/www.camac-harps.com\/blog\/fr\/wp-json\/wp\/v2\/users\/3"}],"replies":[{"embeddable":true,"href":"https:\/\/www.camac-harps.com\/blog\/fr\/wp-json\/wp\/v2\/comments?post=23138"}],"version-history":[{"count":3,"href":"https:\/\/www.camac-harps.com\/blog\/fr\/wp-json\/wp\/v2\/posts\/23138\/revisions"}],"predecessor-version":[{"id":23293,"href":"https:\/\/www.camac-harps.com\/blog\/fr\/wp-json\/wp\/v2\/posts\/23138\/revisions\/23293"}],"wp:featuredmedia":[{"embeddable":true,"href":"https:\/\/www.camac-harps.com\/blog\/fr\/wp-json\/wp\/v2\/media\/23025"}],"wp:attachment":[{"href":"https:\/\/www.camac-harps.com\/blog\/fr\/wp-json\/wp\/v2\/media?parent=23138"}],"wp:term":[{"taxonomy":"category","embeddable":true,"href":"https:\/\/www.camac-harps.com\/blog\/fr\/wp-json\/wp\/v2\/categories?post=23138"},{"taxonomy":"post_tag","embeddable":true,"href":"https:\/\/www.camac-harps.com\/blog\/fr\/wp-json\/wp\/v2\/tags?post=23138"}],"curies":[{"name":"wp","href":"https:\/\/api.w.org\/{rel}","templated":true}]}}