{"id":23149,"date":"2018-06-13T09:20:17","date_gmt":"2018-06-13T09:20:17","guid":{"rendered":"https:\/\/www.camac-harps.com\/blog\/blog\/non-classifiee\/harfenfest-luzern-2018\/"},"modified":"2018-07-23T12:30:05","modified_gmt":"2018-07-23T12:30:05","slug":"harfenfest-luzern-2018","status":"publish","type":"post","link":"https:\/\/www.camac-harps.com\/blog\/fr\/actualites\/harfenfest-luzern-2018\/","title":{"rendered":"Harfenfest Luzern 2018"},"content":{"rendered":"<p style=\"text-align: justify;\"><a href=\"http:\/\/www.sylvainblassel.com\" target=\"_blank\" rel=\"noopener\">Sylvain Blassel<\/a>, <a href=\"http:\/\/www.la-harpe-libre.com\" target=\"_blank\" rel=\"noopener\">Fran\u00e7ois Pernel<\/a>, <a href=\"http:\/\/www.annebassand.com\/?r=1&amp;Largeur=1440\" target=\"_blank\" rel=\"noopener\">Anne Bassand<\/a> et le duo \u00ab\u00a0Deux en Harpe\u00a0\u00bb (<a href=\"http:\/\/gaydescombes.ch\/index.html\" target=\"_blank\" rel=\"noopener\">C\u00e9line Gay de Combes<\/a> et\u00a0<a href=\"http:\/\/www.lindsaybuffington.com\" target=\"_blank\" rel=\"noopener\">Lindsay Buffington)<\/a>\u00a0sont en t\u00eate d&rsquo;affiche du <a href=\"https:\/\/www.camac-harps.com\/blog\/fr\/agenda\/?sd=2018-07-01\" target=\"_blank\" rel=\"noopener\">Harfenfest Luzern 2018<\/a> ! Nous sommes tr\u00e8s heureux de soutenir \u00e0 nouveau cet \u00e9v\u00e9nement (une vid\u00e9o de la derni\u00e8re \u00e9dition est\u00a0<a href=\"https:\/\/www.camac-harps.com\/blog\/fr\/blog\/non-classifiee\/un-week-end-de-festivals\/\" target=\"_blank\" rel=\"noopener\">disponible ici<\/a>). Les harpistes suisses auront la chance de pouvoir participer \u00e0 des concerts, ateliers, master-classes aussi nombreux que vari\u00e9s, ouverts \u00e0 diff\u00e9rents niveaux (de d\u00e9butant \u00e0 avanc\u00e9).\u00a0Il y aura \u00e9galement une s\u00e9ance sp\u00e9cialement d\u00e9di\u00e9e aux enseignants, des ateliers sur l&rsquo;entretien de votre harpe \u00e0 p\u00e9dales ou votre harpe celtique, une pr\u00e9sentation de la harpe celtique \u00e9lectroacoustique, ainsi qu&rsquo;un concert regroupant les \u00e9l\u00e8ves de toute la r\u00e9gion de Lucerne.<\/p>\n<p style=\"text-align: justify;\">Notre \u00e9quipe technique sera heureuse de pouvoir vous proposer des r\u00e9visions gratuites de vos harpes Camac tout au long du week-end. Pour cela, il est n\u00e9cessaire de r\u00e9server : vous pouvez contacter directement notre technicien en chef, <a href=\"atelier:sav@camac-harps.com\" target=\"_blank\" rel=\"noopener\">Enric De Anciola<\/a>. Nous pr\u00e9senterons \u00e9galement une exposition de nos harpes, alors n&rsquo;h\u00e9sitez pas \u00e0 nous faire part de vos requ\u00eates commerciales par mail \u00e0\u00a0<a href=\"mailto:info@camac-harps.com\" target=\"_blank\" rel=\"noopener\">info@camac-harps.com<\/a>.\u00a0<\/p>\n","protected":false},"excerpt":{"rendered":"<p>Sylvain Blassel, Fran\u00e7ois Pernel, Anne Bassand et le duo \u00ab\u00a0Deux en Harpe\u00a0\u00bb (C\u00e9line Gay de Combes et\u00a0Lindsay Buffington)\u00a0sont en t\u00eate d&rsquo;affiche du Harfenfest Luzern 2018 ! Nous sommes tr\u00e8s heureux de soutenir \u00e0 nouveau cet \u00e9v\u00e9nement.<\/p>\n","protected":false},"author":3,"featured_media":22538,"comment_status":"open","ping_status":"open","sticky":false,"template":"","format":"standard","meta":{"_acf_changed":false,"footnotes":""},"categories":[533],"tags":[],"class_list":["post-23149","post","type-post","status-publish","format-standard","has-post-thumbnail","hentry","category-actualites"],"acf":[],"yoast_head":"<title>Harfenfest Luzern 2018 - Camac Harps<\/title>\n<meta name=\"robots\" content=\"index, follow, max-snippet:-1, max-image-preview:large, max-video-preview:-1\" \/>\n<link rel=\"canonical\" href=\"https:\/\/www.camac-harps.com\/blog\/fr\/actualites\/harfenfest-luzern-2018\/\" \/>\n<meta property=\"og:locale\" content=\"fr_FR\" \/>\n<meta property=\"og:type\" content=\"article\" \/>\n<meta property=\"og:title\" content=\"Harfenfest Luzern 2018 - Camac Harps\" \/>\n<meta property=\"og:description\" content=\"Sylvain Blassel, Fran\u00e7ois Pernel, Anne Bassand et le duo &quot;Deux en Harpe&quot; (C\u00e9line Gay de Combes et\u00a0Lindsay Buffington)\u00a0sont en t\u00eate d&#039;affiche du Harfenfest Luzern 2018 ! Nous sommes tr\u00e8s heureux de soutenir \u00e0 nouveau cet \u00e9v\u00e9nement.\" \/>\n<meta property=\"og:url\" content=\"https:\/\/www.camac-harps.com\/blog\/fr\/actualites\/harfenfest-luzern-2018\/\" \/>\n<meta property=\"og:site_name\" content=\"Camac Harps\" \/>\n<meta property=\"article:published_time\" content=\"2018-06-13T09:20:17+00:00\" \/>\n<meta property=\"article:modified_time\" content=\"2018-07-23T12:30:05+00:00\" \/>\n<meta property=\"og:image\" content=\"https:\/\/www.camac-harps.com\/blog\/wp-content\/uploads\/sites\/27\/2018\/04\/luzernsquare.png\" \/>\n\t<meta property=\"og:image:width\" content=\"800\" \/>\n\t<meta property=\"og:image:height\" content=\"800\" \/>\n\t<meta property=\"og:image:type\" content=\"image\/png\" \/>\n<meta name=\"author\" content=\"Helen Leitner\" \/>\n<meta name=\"twitter:card\" content=\"summary_large_image\" \/>\n<meta name=\"twitter:label1\" content=\"\u00c9crit par\" \/>\n\t<meta name=\"twitter:data1\" content=\"Helen Leitner\" \/>\n\t<meta name=\"twitter:label2\" content=\"Dur\u00e9e de lecture estim\u00e9e\" \/>\n\t<meta name=\"twitter:data2\" content=\"1 minute\" \/>\n<script type=\"application\/ld+json\" class=\"yoast-schema-graph\">{\"@context\":\"https:\/\/schema.org\",\"@graph\":[{\"@type\":\"Article\",\"@id\":\"https:\/\/www.camac-harps.com\/blog\/fr\/actualites\/harfenfest-luzern-2018\/#article\",\"isPartOf\":{\"@id\":\"https:\/\/www.camac-harps.com\/blog\/fr\/actualites\/harfenfest-luzern-2018\/\"},\"author\":{\"name\":\"Helen Leitner\",\"@id\":\"https:\/\/www.camac-harps.com\/blog\/fr\/#\/schema\/person\/59b9e6843c0338179fb914afaf144d22\"},\"headline\":\"Harfenfest Luzern 2018\",\"datePublished\":\"2018-06-13T09:20:17+00:00\",\"dateModified\":\"2018-07-23T12:30:05+00:00\",\"mainEntityOfPage\":{\"@id\":\"https:\/\/www.camac-harps.com\/blog\/fr\/actualites\/harfenfest-luzern-2018\/\"},\"wordCount\":200,\"commentCount\":0,\"image\":{\"@id\":\"https:\/\/www.camac-harps.com\/blog\/fr\/actualites\/harfenfest-luzern-2018\/#primaryimage\"},\"thumbnailUrl\":\"https:\/\/www.camac-harps.com\/blog\/wp-content\/uploads\/sites\/27\/2018\/04\/luzernsquare.png\",\"articleSection\":[\"Actualit\u00e9s\"],\"inLanguage\":\"fr-FR\",\"potentialAction\":[{\"@type\":\"CommentAction\",\"name\":\"Comment\",\"target\":[\"https:\/\/www.camac-harps.com\/blog\/fr\/actualites\/harfenfest-luzern-2018\/#respond\"]}]},{\"@type\":\"WebPage\",\"@id\":\"https:\/\/www.camac-harps.com\/blog\/fr\/actualites\/harfenfest-luzern-2018\/\",\"url\":\"https:\/\/www.camac-harps.com\/blog\/fr\/actualites\/harfenfest-luzern-2018\/\",\"name\":\"Harfenfest Luzern 2018 - Camac Harps\",\"isPartOf\":{\"@id\":\"https:\/\/www.camac-harps.com\/blog\/fr\/#website\"},\"primaryImageOfPage\":{\"@id\":\"https:\/\/www.camac-harps.com\/blog\/fr\/actualites\/harfenfest-luzern-2018\/#primaryimage\"},\"image\":{\"@id\":\"https:\/\/www.camac-harps.com\/blog\/fr\/actualites\/harfenfest-luzern-2018\/#primaryimage\"},\"thumbnailUrl\":\"https:\/\/www.camac-harps.com\/blog\/wp-content\/uploads\/sites\/27\/2018\/04\/luzernsquare.png\",\"datePublished\":\"2018-06-13T09:20:17+00:00\",\"dateModified\":\"2018-07-23T12:30:05+00:00\",\"author\":{\"@id\":\"https:\/\/www.camac-harps.com\/blog\/fr\/#\/schema\/person\/59b9e6843c0338179fb914afaf144d22\"},\"breadcrumb\":{\"@id\":\"https:\/\/www.camac-harps.com\/blog\/fr\/actualites\/harfenfest-luzern-2018\/#breadcrumb\"},\"inLanguage\":\"fr-FR\",\"potentialAction\":[{\"@type\":\"ReadAction\",\"target\":[\"https:\/\/www.camac-harps.com\/blog\/fr\/actualites\/harfenfest-luzern-2018\/\"]}]},{\"@type\":\"ImageObject\",\"inLanguage\":\"fr-FR\",\"@id\":\"https:\/\/www.camac-harps.com\/blog\/fr\/actualites\/harfenfest-luzern-2018\/#primaryimage\",\"url\":\"https:\/\/www.camac-harps.com\/blog\/wp-content\/uploads\/sites\/27\/2018\/04\/luzernsquare.png\",\"contentUrl\":\"https:\/\/www.camac-harps.com\/blog\/wp-content\/uploads\/sites\/27\/2018\/04\/luzernsquare.png\",\"width\":800,\"height\":800,\"caption\":\"Harfenfest Luzern 2018\"},{\"@type\":\"BreadcrumbList\",\"@id\":\"https:\/\/www.camac-harps.com\/blog\/fr\/actualites\/harfenfest-luzern-2018\/#breadcrumb\",\"itemListElement\":[{\"@type\":\"ListItem\",\"position\":1,\"name\":\"Home\",\"item\":\"https:\/\/www.camac-harps.com\/blog\/fr\/\"},{\"@type\":\"ListItem\",\"position\":2,\"name\":\"Harfenfest Luzern 2018\"}]},{\"@type\":\"WebSite\",\"@id\":\"https:\/\/www.camac-harps.com\/blog\/fr\/#website\",\"url\":\"https:\/\/www.camac-harps.com\/blog\/fr\/\",\"name\":\"Camac Harps\",\"description\":\"\",\"potentialAction\":[{\"@type\":\"SearchAction\",\"target\":{\"@type\":\"EntryPoint\",\"urlTemplate\":\"https:\/\/www.camac-harps.com\/blog\/fr\/?s={search_term_string}\"},\"query-input\":{\"@type\":\"PropertyValueSpecification\",\"valueRequired\":true,\"valueName\":\"search_term_string\"}}],\"inLanguage\":\"fr-FR\"},{\"@type\":\"Person\",\"@id\":\"https:\/\/www.camac-harps.com\/blog\/fr\/#\/schema\/person\/59b9e6843c0338179fb914afaf144d22\",\"name\":\"Helen Leitner\",\"image\":{\"@type\":\"ImageObject\",\"inLanguage\":\"fr-FR\",\"@id\":\"https:\/\/www.camac-harps.com\/blog\/fr\/#\/schema\/person\/image\/\",\"url\":\"https:\/\/secure.gravatar.com\/avatar\/ebbebff931219cff4c2d1e25c3229b2e036693f67bf237fb12f452d7a019a6da?s=96&d=mm&r=g\",\"contentUrl\":\"https:\/\/secure.gravatar.com\/avatar\/ebbebff931219cff4c2d1e25c3229b2e036693f67bf237fb12f452d7a019a6da?s=96&d=mm&r=g\",\"caption\":\"Helen Leitner\"},\"url\":\"https:\/\/www.camac-harps.com\/blog\/fr\/author\/ltnr\/\"}]}<\/script>","yoast_head_json":{"title":"Harfenfest Luzern 2018 - Camac Harps","robots":{"index":"index","follow":"follow","max-snippet":"max-snippet:-1","max-image-preview":"max-image-preview:large","max-video-preview":"max-video-preview:-1"},"canonical":"https:\/\/www.camac-harps.com\/blog\/fr\/actualites\/harfenfest-luzern-2018\/","og_locale":"fr_FR","og_type":"article","og_title":"Harfenfest Luzern 2018 - Camac Harps","og_description":"Sylvain Blassel, Fran\u00e7ois Pernel, Anne Bassand et le duo \"Deux en Harpe\" (C\u00e9line Gay de Combes et\u00a0Lindsay Buffington)\u00a0sont en t\u00eate d'affiche du Harfenfest Luzern 2018 ! Nous sommes tr\u00e8s heureux de soutenir \u00e0 nouveau cet \u00e9v\u00e9nement.","og_url":"https:\/\/www.camac-harps.com\/blog\/fr\/actualites\/harfenfest-luzern-2018\/","og_site_name":"Camac Harps","article_published_time":"2018-06-13T09:20:17+00:00","article_modified_time":"2018-07-23T12:30:05+00:00","og_image":[{"width":800,"height":800,"url":"https:\/\/www.camac-harps.com\/blog\/wp-content\/uploads\/sites\/27\/2018\/04\/luzernsquare.png","type":"image\/png"}],"author":"Helen Leitner","twitter_card":"summary_large_image","twitter_misc":{"\u00c9crit par":"Helen Leitner","Dur\u00e9e de lecture estim\u00e9e":"1 minute"},"schema":{"@context":"https:\/\/schema.org","@graph":[{"@type":"Article","@id":"https:\/\/www.camac-harps.com\/blog\/fr\/actualites\/harfenfest-luzern-2018\/#article","isPartOf":{"@id":"https:\/\/www.camac-harps.com\/blog\/fr\/actualites\/harfenfest-luzern-2018\/"},"author":{"name":"Helen Leitner","@id":"https:\/\/www.camac-harps.com\/blog\/fr\/#\/schema\/person\/59b9e6843c0338179fb914afaf144d22"},"headline":"Harfenfest Luzern 2018","datePublished":"2018-06-13T09:20:17+00:00","dateModified":"2018-07-23T12:30:05+00:00","mainEntityOfPage":{"@id":"https:\/\/www.camac-harps.com\/blog\/fr\/actualites\/harfenfest-luzern-2018\/"},"wordCount":200,"commentCount":0,"image":{"@id":"https:\/\/www.camac-harps.com\/blog\/fr\/actualites\/harfenfest-luzern-2018\/#primaryimage"},"thumbnailUrl":"https:\/\/www.camac-harps.com\/blog\/wp-content\/uploads\/sites\/27\/2018\/04\/luzernsquare.png","articleSection":["Actualit\u00e9s"],"inLanguage":"fr-FR","potentialAction":[{"@type":"CommentAction","name":"Comment","target":["https:\/\/www.camac-harps.com\/blog\/fr\/actualites\/harfenfest-luzern-2018\/#respond"]}]},{"@type":"WebPage","@id":"https:\/\/www.camac-harps.com\/blog\/fr\/actualites\/harfenfest-luzern-2018\/","url":"https:\/\/www.camac-harps.com\/blog\/fr\/actualites\/harfenfest-luzern-2018\/","name":"Harfenfest Luzern 2018 - Camac Harps","isPartOf":{"@id":"https:\/\/www.camac-harps.com\/blog\/fr\/#website"},"primaryImageOfPage":{"@id":"https:\/\/www.camac-harps.com\/blog\/fr\/actualites\/harfenfest-luzern-2018\/#primaryimage"},"image":{"@id":"https:\/\/www.camac-harps.com\/blog\/fr\/actualites\/harfenfest-luzern-2018\/#primaryimage"},"thumbnailUrl":"https:\/\/www.camac-harps.com\/blog\/wp-content\/uploads\/sites\/27\/2018\/04\/luzernsquare.png","datePublished":"2018-06-13T09:20:17+00:00","dateModified":"2018-07-23T12:30:05+00:00","author":{"@id":"https:\/\/www.camac-harps.com\/blog\/fr\/#\/schema\/person\/59b9e6843c0338179fb914afaf144d22"},"breadcrumb":{"@id":"https:\/\/www.camac-harps.com\/blog\/fr\/actualites\/harfenfest-luzern-2018\/#breadcrumb"},"inLanguage":"fr-FR","potentialAction":[{"@type":"ReadAction","target":["https:\/\/www.camac-harps.com\/blog\/fr\/actualites\/harfenfest-luzern-2018\/"]}]},{"@type":"ImageObject","inLanguage":"fr-FR","@id":"https:\/\/www.camac-harps.com\/blog\/fr\/actualites\/harfenfest-luzern-2018\/#primaryimage","url":"https:\/\/www.camac-harps.com\/blog\/wp-content\/uploads\/sites\/27\/2018\/04\/luzernsquare.png","contentUrl":"https:\/\/www.camac-harps.com\/blog\/wp-content\/uploads\/sites\/27\/2018\/04\/luzernsquare.png","width":800,"height":800,"caption":"Harfenfest Luzern 2018"},{"@type":"BreadcrumbList","@id":"https:\/\/www.camac-harps.com\/blog\/fr\/actualites\/harfenfest-luzern-2018\/#breadcrumb","itemListElement":[{"@type":"ListItem","position":1,"name":"Home","item":"https:\/\/www.camac-harps.com\/blog\/fr\/"},{"@type":"ListItem","position":2,"name":"Harfenfest Luzern 2018"}]},{"@type":"WebSite","@id":"https:\/\/www.camac-harps.com\/blog\/fr\/#website","url":"https:\/\/www.camac-harps.com\/blog\/fr\/","name":"Camac Harps","description":"","potentialAction":[{"@type":"SearchAction","target":{"@type":"EntryPoint","urlTemplate":"https:\/\/www.camac-harps.com\/blog\/fr\/?s={search_term_string}"},"query-input":{"@type":"PropertyValueSpecification","valueRequired":true,"valueName":"search_term_string"}}],"inLanguage":"fr-FR"},{"@type":"Person","@id":"https:\/\/www.camac-harps.com\/blog\/fr\/#\/schema\/person\/59b9e6843c0338179fb914afaf144d22","name":"Helen Leitner","image":{"@type":"ImageObject","inLanguage":"fr-FR","@id":"https:\/\/www.camac-harps.com\/blog\/fr\/#\/schema\/person\/image\/","url":"https:\/\/secure.gravatar.com\/avatar\/ebbebff931219cff4c2d1e25c3229b2e036693f67bf237fb12f452d7a019a6da?s=96&d=mm&r=g","contentUrl":"https:\/\/secure.gravatar.com\/avatar\/ebbebff931219cff4c2d1e25c3229b2e036693f67bf237fb12f452d7a019a6da?s=96&d=mm&r=g","caption":"Helen Leitner"},"url":"https:\/\/www.camac-harps.com\/blog\/fr\/author\/ltnr\/"}]}},"_links":{"self":[{"href":"https:\/\/www.camac-harps.com\/blog\/fr\/wp-json\/wp\/v2\/posts\/23149","targetHints":{"allow":["GET"]}}],"collection":[{"href":"https:\/\/www.camac-harps.com\/blog\/fr\/wp-json\/wp\/v2\/posts"}],"about":[{"href":"https:\/\/www.camac-harps.com\/blog\/fr\/wp-json\/wp\/v2\/types\/post"}],"author":[{"embeddable":true,"href":"https:\/\/www.camac-harps.com\/blog\/fr\/wp-json\/wp\/v2\/users\/3"}],"replies":[{"embeddable":true,"href":"https:\/\/www.camac-harps.com\/blog\/fr\/wp-json\/wp\/v2\/comments?post=23149"}],"version-history":[{"count":4,"href":"https:\/\/www.camac-harps.com\/blog\/fr\/wp-json\/wp\/v2\/posts\/23149\/revisions"}],"predecessor-version":[{"id":25019,"href":"https:\/\/www.camac-harps.com\/blog\/fr\/wp-json\/wp\/v2\/posts\/23149\/revisions\/25019"}],"wp:featuredmedia":[{"embeddable":true,"href":"https:\/\/www.camac-harps.com\/blog\/fr\/wp-json\/wp\/v2\/media\/22538"}],"wp:attachment":[{"href":"https:\/\/www.camac-harps.com\/blog\/fr\/wp-json\/wp\/v2\/media?parent=23149"}],"wp:term":[{"taxonomy":"category","embeddable":true,"href":"https:\/\/www.camac-harps.com\/blog\/fr\/wp-json\/wp\/v2\/categories?post=23149"},{"taxonomy":"post_tag","embeddable":true,"href":"https:\/\/www.camac-harps.com\/blog\/fr\/wp-json\/wp\/v2\/tags?post=23149"}],"curies":[{"name":"wp","href":"https:\/\/api.w.org\/{rel}","templated":true}]}}