{"id":23182,"date":"2018-06-18T07:41:17","date_gmt":"2018-06-18T07:41:17","guid":{"rendered":"https:\/\/www.camac-harps.com\/blog\/?p=23182"},"modified":"2018-06-19T07:46:40","modified_gmt":"2018-06-19T07:46:40","slug":"rave-harps-au-vienna-virtuoso-festival-2018","status":"publish","type":"post","link":"https:\/\/www.camac-harps.com\/blog\/fr\/actualites\/rave-harps-au-vienna-virtuoso-festival-2018\/","title":{"rendered":"Rave Harps au Vienna Virtuoso Festival, 2018"},"content":{"rendered":"<p style=\"text-align: justify;\">Voici de belles nouvelles de Katryna Tan, <a href=\"https:\/\/sg.camac-harps.com\/en\/\" target=\"_blank\" rel=\"noopener\">notre partenaire \u00e0 Singapour et en Malaisie<\/a>. Ses centres\u00a0<a href=\"https:\/\/www.camac-harps.com\/blog\/fr\/blog\/non-classifiee\/rave-harps-devoile-ses-nouveaux-locaux-a-singapour\/\" target=\"_blank\" rel=\"noopener\">Rave Harps<\/a>\u00a0sont de magnifiques exemples de l&rsquo;association fructueuse de la distribution, du service, des concerts et de l&rsquo;enseignement. Katryna a \u00e9galement \u00e9crit un excellent livre pour les \u00e9l\u00e8ves harpistes (<a href=\"http:\/\/www.unleashthemusician.com\" target=\"_blank\" rel=\"noopener\">Unleash the Musician in You<\/a>) et a dirig\u00e9 une s\u00e9rie d&rsquo;op\u00e9ras pour harpe tr\u00e8s impressionnants, interpr\u00e9t\u00e9s par ses \u00e9l\u00e8ves (dont tout r\u00e9cemment au\u00a0<a href=\"https:\/\/www.camac-harps.com\/blog\/fr\/blog\/alaune\/congres-mondial-de-la-harpe-2017-hong-kong-le-grand-final\/\" target=\"_blank\" rel=\"noopener\">Congr\u00e8s Mondial de la Harpe<\/a>\u00a0\u00e0 Hong Kong en 2017).\u00a0<\/p>\n<p><div id=\"attachment_23157\" class=\"wp-caption aligncenter\" style=\"width: 1024px\"><img loading=\"lazy\" decoding=\"async\" class=\"size-large wp-image-23157\" src=\"https:\/\/www.camac-harps.com\/wp-content\/uploads\/sites\/27\/2018\/06\/katrynavienna-1024x684.jpg\" alt=\"Katryna Tan and students in Vienna, June 2018 \" width=\"1024\" height=\"684\" srcset=\"https:\/\/www.camac-harps.com\/blog\/wp-content\/uploads\/sites\/27\/2018\/06\/katrynavienna-1024x684.jpg 1024w, https:\/\/www.camac-harps.com\/blog\/wp-content\/uploads\/sites\/27\/2018\/06\/katrynavienna-300x200.jpg 300w, https:\/\/www.camac-harps.com\/blog\/wp-content\/uploads\/sites\/27\/2018\/06\/katrynavienna-768x513.jpg 768w, https:\/\/www.camac-harps.com\/blog\/wp-content\/uploads\/sites\/27\/2018\/06\/katrynavienna-1000x668.jpg 1000w, https:\/\/www.camac-harps.com\/blog\/wp-content\/uploads\/sites\/27\/2018\/06\/katrynavienna-800x534.jpg 800w, https:\/\/www.camac-harps.com\/blog\/wp-content\/uploads\/sites\/27\/2018\/06\/katrynavienna-55x37.jpg 55w, https:\/\/www.camac-harps.com\/blog\/wp-content\/uploads\/sites\/27\/2018\/06\/katrynavienna-250x167.jpg 250w, https:\/\/www.camac-harps.com\/blog\/wp-content\/uploads\/sites\/27\/2018\/06\/katrynavienna.jpg 1504w\" sizes=\"auto, (max-width: 1024px) 100vw, 1024px\" \/><p class=\"wp-caption-text\">De gauche \u00e0 droite : Katryna Tan, Kaitlyn Tan, Chong Tze Wey, Lauren Ong, Ian Lim, Ng Yi Xuan, Chloe Liow, Tan Su Yoong<\/p><\/div> <div id=\"attachment_23158\" class=\"wp-caption alignright\" style=\"width: 300px\"><a href=\"https:\/\/www.camac-harps.com\/wp-content\/uploads\/sites\/27\/2018\/06\/kaitlyn.jpg\"><img loading=\"lazy\" decoding=\"async\" class=\"size-medium wp-image-23158\" src=\"https:\/\/www.camac-harps.com\/wp-content\/uploads\/sites\/27\/2018\/06\/kaitlyn-300x225.jpg\" alt=\"\" width=\"300\" height=\"225\" srcset=\"https:\/\/www.camac-harps.com\/blog\/wp-content\/uploads\/sites\/27\/2018\/06\/kaitlyn-300x225.jpg 300w, https:\/\/www.camac-harps.com\/blog\/wp-content\/uploads\/sites\/27\/2018\/06\/kaitlyn-768x576.jpg 768w, https:\/\/www.camac-harps.com\/blog\/wp-content\/uploads\/sites\/27\/2018\/06\/kaitlyn-1024x768.jpg 1024w, https:\/\/www.camac-harps.com\/blog\/wp-content\/uploads\/sites\/27\/2018\/06\/kaitlyn-1000x750.jpg 1000w, https:\/\/www.camac-harps.com\/blog\/wp-content\/uploads\/sites\/27\/2018\/06\/kaitlyn-800x600.jpg 800w, https:\/\/www.camac-harps.com\/blog\/wp-content\/uploads\/sites\/27\/2018\/06\/kaitlyn-55x41.jpg 55w, https:\/\/www.camac-harps.com\/blog\/wp-content\/uploads\/sites\/27\/2018\/06\/kaitlyn-250x187.jpg 250w, https:\/\/www.camac-harps.com\/blog\/wp-content\/uploads\/sites\/27\/2018\/06\/kaitlyn.jpg 1250w\" sizes=\"auto, (max-width: 300px) 100vw, 300px\" \/><\/a><p class=\"wp-caption-text\">Kaitlyn Tan a remport\u00e9 le prix de la Meilleure Performance \u00e0 Vienne, en plus de son premier prix au Vienna Virtuoso Festival Competition (cat\u00e9gorie junior)<\/p><\/div><\/p>\n<p style=\"text-align: justify;\">Cette ann\u00e9e, une partie de ses \u00e9l\u00e8ves a particip\u00e9 au concours\u00a0<a href=\"http:\/\/viennavirtuosofestival.com\" target=\"_blank\" rel=\"noopener\">Vienna Virtuoso Festival 2018<\/a>. Il s&rsquo;agit d&rsquo;une collaboration avec le\u00a0<a href=\"https:\/\/www.rafflesarts.com\" target=\"_blank\" rel=\"noopener\">Singapore Raffles International Music Festival<\/a>\u00a0qui a permis cette ann\u00e9e \u00e0 soixante jeunes musiciens de Singapour de visiter le p\u00f4le musical international qu&rsquo;est Vienne. Ils ont notamment jou\u00e9 lors du concert des laur\u00e9ats du festival, o\u00f9 d&rsquo;ailleurs trois prix ont \u00e9t\u00e9 remport\u00e9s par des musiciens de Singapour. Bravo \u00e0 la harpiste Kaitlyn Tan Winnie, 10 ans, qui a remport\u00e9 l&rsquo;un de ces trois prix !\u00a0<\/p>\n<p style=\"text-align: justify;\">Les jeunes artistes ont aussi pu participer \u00e0 des ateliers et \u00e0 des master-classes pendant leur s\u00e9jour. Ils ont ainsi pu vivre un moment fort lors d&rsquo;une master-classe avec Anneleen Lenaerts du Philharmonique de Vienne.\u00a0Ils ont aussi b\u00e9n\u00e9fici\u00e9 d&rsquo;une visite priv\u00e9e de l&rsquo;Op\u00e9ra National de Vienne. En somme, une magnifique exp\u00e9rience, \u00e0 la fois pour les \u00e9l\u00e8ves et pour leurs professeurs, qui leur a permis de s&rsquo;immerger dans la musique, la culture, la gastronomie et l&rsquo;architecture viennoises. F\u00e9licitations \u00e0 Katryna et ses \u00e9l\u00e8ves !\u00a0<\/p>\n<div id=\"attachment_23159\" class=\"wp-caption alignnone\" style=\"width: 1024px\"><a href=\"https:\/\/www.camac-harps.com\/wp-content\/uploads\/sites\/27\/2018\/06\/raveharpsviennaanneleen.jpg\"><img loading=\"lazy\" decoding=\"async\" class=\"size-large wp-image-23159\" src=\"https:\/\/www.camac-harps.com\/wp-content\/uploads\/sites\/27\/2018\/06\/raveharpsviennaanneleen-1024x703.jpg\" alt=\"Rave Harps, Anneleen Lenaerts in Vienna, June 2018\" width=\"1024\" height=\"703\" srcset=\"https:\/\/www.camac-harps.com\/blog\/wp-content\/uploads\/sites\/27\/2018\/06\/raveharpsviennaanneleen-1024x703.jpg 1024w, https:\/\/www.camac-harps.com\/blog\/wp-content\/uploads\/sites\/27\/2018\/06\/raveharpsviennaanneleen-300x206.jpg 300w, https:\/\/www.camac-harps.com\/blog\/wp-content\/uploads\/sites\/27\/2018\/06\/raveharpsviennaanneleen-768x527.jpg 768w, https:\/\/www.camac-harps.com\/blog\/wp-content\/uploads\/sites\/27\/2018\/06\/raveharpsviennaanneleen-1000x686.jpg 1000w, https:\/\/www.camac-harps.com\/blog\/wp-content\/uploads\/sites\/27\/2018\/06\/raveharpsviennaanneleen-800x549.jpg 800w, https:\/\/www.camac-harps.com\/blog\/wp-content\/uploads\/sites\/27\/2018\/06\/raveharpsviennaanneleen-55x38.jpg 55w, https:\/\/www.camac-harps.com\/blog\/wp-content\/uploads\/sites\/27\/2018\/06\/raveharpsviennaanneleen-250x172.jpg 250w, https:\/\/www.camac-harps.com\/blog\/wp-content\/uploads\/sites\/27\/2018\/06\/raveharpsviennaanneleen.jpg 1511w\" sizes=\"auto, (max-width: 1024px) 100vw, 1024px\" \/><\/a><p class=\"wp-caption-text\">Avec Anneleen Lenaerts \u00e0 l&rsquo;Op\u00e9ra National de Vienne<\/p><\/div>\n","protected":false},"excerpt":{"rendered":"<p>Les centres de Katryna Tan \u00e0 Singapour et en Malaisie sont de magnifiques exemples de l&rsquo;association fructueuse de la distribution, du service, des concerts et de l&rsquo;enseignement. Elle s&rsquo;est rendue r\u00e9cemment au Vienna Virtuoso Festival, qui a permis \u00e0 plus de soixante jeunes musiciens de visiter la capitale autrichienne, ville de musique. Encore un beau succ\u00e8s p\u00e9dagogique pour Katryna ! <\/p>\n","protected":false},"author":3,"featured_media":23157,"comment_status":"open","ping_status":"open","sticky":false,"template":"","format":"standard","meta":{"_acf_changed":false,"footnotes":""},"categories":[781,533],"tags":[],"class_list":["post-23182","post","type-post","status-publish","format-standard","has-post-thumbnail","hentry","category-alaune","category-actualites"],"acf":[],"yoast_head":"<title>Rave Harps au Vienna Virtuoso Festival, 2018 - Camac Harps<\/title>\n<meta name=\"robots\" content=\"index, follow, max-snippet:-1, max-image-preview:large, max-video-preview:-1\" \/>\n<link rel=\"canonical\" href=\"https:\/\/www.camac-harps.com\/blog\/fr\/actualites\/rave-harps-au-vienna-virtuoso-festival-2018\/\" \/>\n<meta property=\"og:locale\" content=\"fr_FR\" \/>\n<meta property=\"og:type\" content=\"article\" \/>\n<meta property=\"og:title\" content=\"Rave Harps au Vienna Virtuoso Festival, 2018 - Camac Harps\" \/>\n<meta property=\"og:description\" content=\"Les centres de Katryna Tan \u00e0 Singapour et en Malaisie sont de magnifiques exemples de l&#039;association fructueuse de la distribution, du service, des concerts et de l&#039;enseignement. Elle s&#039;est rendue r\u00e9cemment au Vienna Virtuoso Festival, qui a permis \u00e0 plus de soixante jeunes musiciens de visiter la capitale autrichienne, ville de musique. Encore un beau succ\u00e8s p\u00e9dagogique pour Katryna !\" \/>\n<meta property=\"og:url\" content=\"https:\/\/www.camac-harps.com\/blog\/fr\/actualites\/rave-harps-au-vienna-virtuoso-festival-2018\/\" \/>\n<meta property=\"og:site_name\" content=\"Camac Harps\" \/>\n<meta property=\"article:published_time\" content=\"2018-06-18T07:41:17+00:00\" \/>\n<meta property=\"article:modified_time\" content=\"2018-06-19T07:46:40+00:00\" \/>\n<meta property=\"og:image\" content=\"https:\/\/www.camac-harps.com\/blog\/wp-content\/uploads\/sites\/27\/2018\/06\/katrynavienna.jpg\" \/>\n\t<meta property=\"og:image:width\" content=\"1504\" \/>\n\t<meta property=\"og:image:height\" content=\"1004\" \/>\n\t<meta property=\"og:image:type\" content=\"image\/jpeg\" \/>\n<meta name=\"author\" content=\"Helen Leitner\" \/>\n<meta name=\"twitter:card\" content=\"summary_large_image\" \/>\n<meta name=\"twitter:label1\" content=\"\u00c9crit par\" \/>\n\t<meta name=\"twitter:data1\" content=\"Helen Leitner\" \/>\n\t<meta name=\"twitter:label2\" content=\"Dur\u00e9e de lecture estim\u00e9e\" \/>\n\t<meta name=\"twitter:data2\" content=\"2 minutes\" \/>\n<script type=\"application\/ld+json\" class=\"yoast-schema-graph\">{\"@context\":\"https:\/\/schema.org\",\"@graph\":[{\"@type\":\"Article\",\"@id\":\"https:\/\/www.camac-harps.com\/blog\/fr\/actualites\/rave-harps-au-vienna-virtuoso-festival-2018\/#article\",\"isPartOf\":{\"@id\":\"https:\/\/www.camac-harps.com\/blog\/fr\/actualites\/rave-harps-au-vienna-virtuoso-festival-2018\/\"},\"author\":{\"name\":\"Helen Leitner\",\"@id\":\"https:\/\/www.camac-harps.com\/blog\/fr\/#\/schema\/person\/59b9e6843c0338179fb914afaf144d22\"},\"headline\":\"Rave Harps au Vienna Virtuoso Festival, 2018\",\"datePublished\":\"2018-06-18T07:41:17+00:00\",\"dateModified\":\"2018-06-19T07:46:40+00:00\",\"mainEntityOfPage\":{\"@id\":\"https:\/\/www.camac-harps.com\/blog\/fr\/actualites\/rave-harps-au-vienna-virtuoso-festival-2018\/\"},\"wordCount\":357,\"commentCount\":0,\"image\":{\"@id\":\"https:\/\/www.camac-harps.com\/blog\/fr\/actualites\/rave-harps-au-vienna-virtuoso-festival-2018\/#primaryimage\"},\"thumbnailUrl\":\"https:\/\/www.camac-harps.com\/blog\/wp-content\/uploads\/sites\/27\/2018\/06\/katrynavienna.jpg\",\"articleSection\":[\"\u00c0 la une\",\"Actualit\u00e9s\"],\"inLanguage\":\"fr-FR\",\"potentialAction\":[{\"@type\":\"CommentAction\",\"name\":\"Comment\",\"target\":[\"https:\/\/www.camac-harps.com\/blog\/fr\/actualites\/rave-harps-au-vienna-virtuoso-festival-2018\/#respond\"]}]},{\"@type\":\"WebPage\",\"@id\":\"https:\/\/www.camac-harps.com\/blog\/fr\/actualites\/rave-harps-au-vienna-virtuoso-festival-2018\/\",\"url\":\"https:\/\/www.camac-harps.com\/blog\/fr\/actualites\/rave-harps-au-vienna-virtuoso-festival-2018\/\",\"name\":\"Rave Harps au Vienna Virtuoso Festival, 2018 - Camac Harps\",\"isPartOf\":{\"@id\":\"https:\/\/www.camac-harps.com\/blog\/fr\/#website\"},\"primaryImageOfPage\":{\"@id\":\"https:\/\/www.camac-harps.com\/blog\/fr\/actualites\/rave-harps-au-vienna-virtuoso-festival-2018\/#primaryimage\"},\"image\":{\"@id\":\"https:\/\/www.camac-harps.com\/blog\/fr\/actualites\/rave-harps-au-vienna-virtuoso-festival-2018\/#primaryimage\"},\"thumbnailUrl\":\"https:\/\/www.camac-harps.com\/blog\/wp-content\/uploads\/sites\/27\/2018\/06\/katrynavienna.jpg\",\"datePublished\":\"2018-06-18T07:41:17+00:00\",\"dateModified\":\"2018-06-19T07:46:40+00:00\",\"author\":{\"@id\":\"https:\/\/www.camac-harps.com\/blog\/fr\/#\/schema\/person\/59b9e6843c0338179fb914afaf144d22\"},\"breadcrumb\":{\"@id\":\"https:\/\/www.camac-harps.com\/blog\/fr\/actualites\/rave-harps-au-vienna-virtuoso-festival-2018\/#breadcrumb\"},\"inLanguage\":\"fr-FR\",\"potentialAction\":[{\"@type\":\"ReadAction\",\"target\":[\"https:\/\/www.camac-harps.com\/blog\/fr\/actualites\/rave-harps-au-vienna-virtuoso-festival-2018\/\"]}]},{\"@type\":\"ImageObject\",\"inLanguage\":\"fr-FR\",\"@id\":\"https:\/\/www.camac-harps.com\/blog\/fr\/actualites\/rave-harps-au-vienna-virtuoso-festival-2018\/#primaryimage\",\"url\":\"https:\/\/www.camac-harps.com\/blog\/wp-content\/uploads\/sites\/27\/2018\/06\/katrynavienna.jpg\",\"contentUrl\":\"https:\/\/www.camac-harps.com\/blog\/wp-content\/uploads\/sites\/27\/2018\/06\/katrynavienna.jpg\",\"width\":1504,\"height\":1004,\"caption\":\"L-R: Katryna Tan, Kaitlyn Tan, Chong Tze Wey, Lauren Ong, Ian Lim, Ng Yi Xuan, Chloe Liow, Tan Su Yoong\"},{\"@type\":\"BreadcrumbList\",\"@id\":\"https:\/\/www.camac-harps.com\/blog\/fr\/actualites\/rave-harps-au-vienna-virtuoso-festival-2018\/#breadcrumb\",\"itemListElement\":[{\"@type\":\"ListItem\",\"position\":1,\"name\":\"Home\",\"item\":\"https:\/\/www.camac-harps.com\/blog\/fr\/\"},{\"@type\":\"ListItem\",\"position\":2,\"name\":\"Rave Harps au Vienna Virtuoso Festival, 2018\"}]},{\"@type\":\"WebSite\",\"@id\":\"https:\/\/www.camac-harps.com\/blog\/fr\/#website\",\"url\":\"https:\/\/www.camac-harps.com\/blog\/fr\/\",\"name\":\"Camac Harps\",\"description\":\"\",\"potentialAction\":[{\"@type\":\"SearchAction\",\"target\":{\"@type\":\"EntryPoint\",\"urlTemplate\":\"https:\/\/www.camac-harps.com\/blog\/fr\/?s={search_term_string}\"},\"query-input\":{\"@type\":\"PropertyValueSpecification\",\"valueRequired\":true,\"valueName\":\"search_term_string\"}}],\"inLanguage\":\"fr-FR\"},{\"@type\":\"Person\",\"@id\":\"https:\/\/www.camac-harps.com\/blog\/fr\/#\/schema\/person\/59b9e6843c0338179fb914afaf144d22\",\"name\":\"Helen Leitner\",\"image\":{\"@type\":\"ImageObject\",\"inLanguage\":\"fr-FR\",\"@id\":\"https:\/\/www.camac-harps.com\/blog\/fr\/#\/schema\/person\/image\/\",\"url\":\"https:\/\/secure.gravatar.com\/avatar\/ebbebff931219cff4c2d1e25c3229b2e036693f67bf237fb12f452d7a019a6da?s=96&d=mm&r=g\",\"contentUrl\":\"https:\/\/secure.gravatar.com\/avatar\/ebbebff931219cff4c2d1e25c3229b2e036693f67bf237fb12f452d7a019a6da?s=96&d=mm&r=g\",\"caption\":\"Helen Leitner\"},\"url\":\"https:\/\/www.camac-harps.com\/blog\/fr\/author\/ltnr\/\"}]}<\/script>","yoast_head_json":{"title":"Rave Harps au Vienna Virtuoso Festival, 2018 - Camac Harps","robots":{"index":"index","follow":"follow","max-snippet":"max-snippet:-1","max-image-preview":"max-image-preview:large","max-video-preview":"max-video-preview:-1"},"canonical":"https:\/\/www.camac-harps.com\/blog\/fr\/actualites\/rave-harps-au-vienna-virtuoso-festival-2018\/","og_locale":"fr_FR","og_type":"article","og_title":"Rave Harps au Vienna Virtuoso Festival, 2018 - Camac Harps","og_description":"Les centres de Katryna Tan \u00e0 Singapour et en Malaisie sont de magnifiques exemples de l'association fructueuse de la distribution, du service, des concerts et de l'enseignement. Elle s'est rendue r\u00e9cemment au Vienna Virtuoso Festival, qui a permis \u00e0 plus de soixante jeunes musiciens de visiter la capitale autrichienne, ville de musique. Encore un beau succ\u00e8s p\u00e9dagogique pour Katryna !","og_url":"https:\/\/www.camac-harps.com\/blog\/fr\/actualites\/rave-harps-au-vienna-virtuoso-festival-2018\/","og_site_name":"Camac Harps","article_published_time":"2018-06-18T07:41:17+00:00","article_modified_time":"2018-06-19T07:46:40+00:00","og_image":[{"width":1504,"height":1004,"url":"https:\/\/www.camac-harps.com\/blog\/wp-content\/uploads\/sites\/27\/2018\/06\/katrynavienna.jpg","type":"image\/jpeg"}],"author":"Helen Leitner","twitter_card":"summary_large_image","twitter_misc":{"\u00c9crit par":"Helen Leitner","Dur\u00e9e de lecture estim\u00e9e":"2 minutes"},"schema":{"@context":"https:\/\/schema.org","@graph":[{"@type":"Article","@id":"https:\/\/www.camac-harps.com\/blog\/fr\/actualites\/rave-harps-au-vienna-virtuoso-festival-2018\/#article","isPartOf":{"@id":"https:\/\/www.camac-harps.com\/blog\/fr\/actualites\/rave-harps-au-vienna-virtuoso-festival-2018\/"},"author":{"name":"Helen Leitner","@id":"https:\/\/www.camac-harps.com\/blog\/fr\/#\/schema\/person\/59b9e6843c0338179fb914afaf144d22"},"headline":"Rave Harps au Vienna Virtuoso Festival, 2018","datePublished":"2018-06-18T07:41:17+00:00","dateModified":"2018-06-19T07:46:40+00:00","mainEntityOfPage":{"@id":"https:\/\/www.camac-harps.com\/blog\/fr\/actualites\/rave-harps-au-vienna-virtuoso-festival-2018\/"},"wordCount":357,"commentCount":0,"image":{"@id":"https:\/\/www.camac-harps.com\/blog\/fr\/actualites\/rave-harps-au-vienna-virtuoso-festival-2018\/#primaryimage"},"thumbnailUrl":"https:\/\/www.camac-harps.com\/blog\/wp-content\/uploads\/sites\/27\/2018\/06\/katrynavienna.jpg","articleSection":["\u00c0 la une","Actualit\u00e9s"],"inLanguage":"fr-FR","potentialAction":[{"@type":"CommentAction","name":"Comment","target":["https:\/\/www.camac-harps.com\/blog\/fr\/actualites\/rave-harps-au-vienna-virtuoso-festival-2018\/#respond"]}]},{"@type":"WebPage","@id":"https:\/\/www.camac-harps.com\/blog\/fr\/actualites\/rave-harps-au-vienna-virtuoso-festival-2018\/","url":"https:\/\/www.camac-harps.com\/blog\/fr\/actualites\/rave-harps-au-vienna-virtuoso-festival-2018\/","name":"Rave Harps au Vienna Virtuoso Festival, 2018 - Camac Harps","isPartOf":{"@id":"https:\/\/www.camac-harps.com\/blog\/fr\/#website"},"primaryImageOfPage":{"@id":"https:\/\/www.camac-harps.com\/blog\/fr\/actualites\/rave-harps-au-vienna-virtuoso-festival-2018\/#primaryimage"},"image":{"@id":"https:\/\/www.camac-harps.com\/blog\/fr\/actualites\/rave-harps-au-vienna-virtuoso-festival-2018\/#primaryimage"},"thumbnailUrl":"https:\/\/www.camac-harps.com\/blog\/wp-content\/uploads\/sites\/27\/2018\/06\/katrynavienna.jpg","datePublished":"2018-06-18T07:41:17+00:00","dateModified":"2018-06-19T07:46:40+00:00","author":{"@id":"https:\/\/www.camac-harps.com\/blog\/fr\/#\/schema\/person\/59b9e6843c0338179fb914afaf144d22"},"breadcrumb":{"@id":"https:\/\/www.camac-harps.com\/blog\/fr\/actualites\/rave-harps-au-vienna-virtuoso-festival-2018\/#breadcrumb"},"inLanguage":"fr-FR","potentialAction":[{"@type":"ReadAction","target":["https:\/\/www.camac-harps.com\/blog\/fr\/actualites\/rave-harps-au-vienna-virtuoso-festival-2018\/"]}]},{"@type":"ImageObject","inLanguage":"fr-FR","@id":"https:\/\/www.camac-harps.com\/blog\/fr\/actualites\/rave-harps-au-vienna-virtuoso-festival-2018\/#primaryimage","url":"https:\/\/www.camac-harps.com\/blog\/wp-content\/uploads\/sites\/27\/2018\/06\/katrynavienna.jpg","contentUrl":"https:\/\/www.camac-harps.com\/blog\/wp-content\/uploads\/sites\/27\/2018\/06\/katrynavienna.jpg","width":1504,"height":1004,"caption":"L-R: Katryna Tan, Kaitlyn Tan, Chong Tze Wey, Lauren Ong, Ian Lim, Ng Yi Xuan, Chloe Liow, Tan Su Yoong"},{"@type":"BreadcrumbList","@id":"https:\/\/www.camac-harps.com\/blog\/fr\/actualites\/rave-harps-au-vienna-virtuoso-festival-2018\/#breadcrumb","itemListElement":[{"@type":"ListItem","position":1,"name":"Home","item":"https:\/\/www.camac-harps.com\/blog\/fr\/"},{"@type":"ListItem","position":2,"name":"Rave Harps au Vienna Virtuoso Festival, 2018"}]},{"@type":"WebSite","@id":"https:\/\/www.camac-harps.com\/blog\/fr\/#website","url":"https:\/\/www.camac-harps.com\/blog\/fr\/","name":"Camac Harps","description":"","potentialAction":[{"@type":"SearchAction","target":{"@type":"EntryPoint","urlTemplate":"https:\/\/www.camac-harps.com\/blog\/fr\/?s={search_term_string}"},"query-input":{"@type":"PropertyValueSpecification","valueRequired":true,"valueName":"search_term_string"}}],"inLanguage":"fr-FR"},{"@type":"Person","@id":"https:\/\/www.camac-harps.com\/blog\/fr\/#\/schema\/person\/59b9e6843c0338179fb914afaf144d22","name":"Helen Leitner","image":{"@type":"ImageObject","inLanguage":"fr-FR","@id":"https:\/\/www.camac-harps.com\/blog\/fr\/#\/schema\/person\/image\/","url":"https:\/\/secure.gravatar.com\/avatar\/ebbebff931219cff4c2d1e25c3229b2e036693f67bf237fb12f452d7a019a6da?s=96&d=mm&r=g","contentUrl":"https:\/\/secure.gravatar.com\/avatar\/ebbebff931219cff4c2d1e25c3229b2e036693f67bf237fb12f452d7a019a6da?s=96&d=mm&r=g","caption":"Helen Leitner"},"url":"https:\/\/www.camac-harps.com\/blog\/fr\/author\/ltnr\/"}]}},"_links":{"self":[{"href":"https:\/\/www.camac-harps.com\/blog\/fr\/wp-json\/wp\/v2\/posts\/23182","targetHints":{"allow":["GET"]}}],"collection":[{"href":"https:\/\/www.camac-harps.com\/blog\/fr\/wp-json\/wp\/v2\/posts"}],"about":[{"href":"https:\/\/www.camac-harps.com\/blog\/fr\/wp-json\/wp\/v2\/types\/post"}],"author":[{"embeddable":true,"href":"https:\/\/www.camac-harps.com\/blog\/fr\/wp-json\/wp\/v2\/users\/3"}],"replies":[{"embeddable":true,"href":"https:\/\/www.camac-harps.com\/blog\/fr\/wp-json\/wp\/v2\/comments?post=23182"}],"version-history":[{"count":2,"href":"https:\/\/www.camac-harps.com\/blog\/fr\/wp-json\/wp\/v2\/posts\/23182\/revisions"}],"predecessor-version":[{"id":23264,"href":"https:\/\/www.camac-harps.com\/blog\/fr\/wp-json\/wp\/v2\/posts\/23182\/revisions\/23264"}],"wp:featuredmedia":[{"embeddable":true,"href":"https:\/\/www.camac-harps.com\/blog\/fr\/wp-json\/wp\/v2\/media\/23157"}],"wp:attachment":[{"href":"https:\/\/www.camac-harps.com\/blog\/fr\/wp-json\/wp\/v2\/media?parent=23182"}],"wp:term":[{"taxonomy":"category","embeddable":true,"href":"https:\/\/www.camac-harps.com\/blog\/fr\/wp-json\/wp\/v2\/categories?post=23182"},{"taxonomy":"post_tag","embeddable":true,"href":"https:\/\/www.camac-harps.com\/blog\/fr\/wp-json\/wp\/v2\/tags?post=23182"}],"curies":[{"name":"wp","href":"https:\/\/api.w.org\/{rel}","templated":true}]}}