{"id":23316,"date":"2018-07-03T06:38:51","date_gmt":"2018-07-03T06:38:51","guid":{"rendered":"https:\/\/www.camac-harps.com\/blog\/?p=23316"},"modified":"2018-07-09T10:07:54","modified_gmt":"2018-07-09T10:07:54","slug":"dutch-harp-festival-2018","status":"publish","type":"post","link":"https:\/\/www.camac-harps.com\/blog\/fr\/actualites\/dutch-harp-festival-2018\/","title":{"rendered":"Dutch Harp Festival 2018"},"content":{"rendered":"<p style=\"text-align: justify;\">La sc\u00e8ne harpistique n\u00e9erlandaise est depuis des d\u00e9cennies l&rsquo;une des meilleures au monde. Phia Berghout, l&rsquo;une des harpistes les plus influentes (voire la plus influente) du XXe si\u00e8cle, avait d\u00e9clar\u00e9 d\u00e8s le d\u00e9but des ann\u00e9es 1950 que les jeunes musiciens avaient besoin d&rsquo;une vision plus large et plus cosmopolite, de l&rsquo;opportunit\u00e9 de se rencontrer et d&rsquo;\u00e9changer leurs id\u00e9es et de r\u00e9fl\u00e9chir en toute conscience \u00e0 leurs futures carri\u00e8res. Elle a co-fond\u00e9 la <a href=\"http:\/\/eduardvanbeinumstichting.nl\" target=\"_blank\" rel=\"noopener\">Eduard van Beinum Foundation<\/a> afin de favoriser les \u00e9changes et l&rsquo;innovation dans le domaine musical aux Pays-Bas et ses Harpweeks <a href=\"http:\/\/worldharpcongress.com\/phia-berghout-and-maria-korchinska\/\" target=\"_blank\" rel=\"noopener\">ont trac\u00e9 le chemin vers la cr\u00e9ation du Congr\u00e8s Mondial de la Harpe.<\/a>\u00a0Depuis, les harpistes n\u00e9erlandais se sont distingu\u00e9s par un tr\u00e8s haut niveau technique et musical, une ouverture d&rsquo;esprit et un int\u00e9r\u00eat pour les nouveaut\u00e9s et une capacit\u00e9 tout \u00e0 fait louable \u00e0 coop\u00e9rer et \u00e0 r\u00e9aliser des projets collectifs ambitieux. Le Congr\u00e8s Mondial de la Harpe en 2008 \u00e0 Amsterdam \u00e9tait \u00e0 la fois chaleureux, audacieux et tr\u00e8s qualitatif. Et c&rsquo;est aussi lors de cette \u00e9dition que j&rsquo;ai constat\u00e9 les plus gros efforts pour garder la main mise sur les tarifs, une question majeure en termes d&rsquo;accessibilit\u00e9, de qualit\u00e9 et de d\u00e9veloppement.\u00a0<\/p>\n<p style=\"text-align: justify;\">\u00a0<\/p>\n<div class=\"gdpr_opt_in\" data-cc-enable=\"youtube\">\n<div class=\"gdpr_opt_in__inner\">Je souhaite activer le contenu vid\u00e9o et j&rsquo;accepte que des donn\u00e9es soient charg\u00e9es \u00e0 partir de Google (voir <a href=\"https:\/\/www.camac-harps.com\/blog\/fr\/actualites\/dutch-harp-festival-2018\/\" target=\"_blank\">les r\u00e8gles de confidentialit\u00e9<\/a>).<\/div>\n<\/div>\n<div class=\"video_container\">\n<div class=\"video_container__inner\"><iframe title=\"Dutch Harp Festival 2018 - This was Planet Harp\" width=\"500\" height=\"281\" alt-src=\"https:\/\/www.youtube-nocookie.com\/embed\/1pGmmDrgQyY?feature=oembed\" frameborder=\"0\" allow=\"accelerometer; autoplay; clipboard-write; encrypted-media; gyroscope; picture-in-picture; web-share\" referrerpolicy=\"strict-origin-when-cross-origin\" allowfullscreen><\/iframe><\/div>\n<\/div>\n<p style=\"text-align: justify;\">\u00a0<\/p>\n<p style=\"text-align: justify;\">Dix ans apr\u00e8s ce Congr\u00e8s \u00e0 Amsterdam, les harpistes n\u00e9eerlandais sont toujours aussi dynamiques. Le\u00a0<a href=\"https:\/\/www.harpfestival.nl\" target=\"_blank\" rel=\"noopener\">Dutch Harp Festival<\/a>, qui se d\u00e9roule d\u00e9sormais dans le magnifique centre des arts\u00a0<a href=\"https:\/\/www.tivolivredenburg.nl\" target=\"_blank\" rel=\"noopener\">TivoliVrendenburg<\/a>\u00a0\u00e0 Utrecht, est devenu un moment-cl\u00e9 de nos calendriers. Il a \u00e9t\u00e9 cr\u00e9\u00e9 en 2010 par\u00a0Remy van Kesteren et ses coll\u00e8gues qui ont cherch\u00e9 avant tout \u00e0 associer un concours de harpe avec un festival. \u00ab\u00a0Les concours sont motivants et peuvent \u00eatre source d&rsquo;inspiration\u00a0\u00bb, expliquait Remy lors du premier DHF, \u00ab\u00a0mais on ne peut pas le nier : c&rsquo;est aussi une exp\u00e9rience tr\u00e8s difficile ! Je pense qu&rsquo;il est de la responsabilit\u00e9 des organisateurs de concours de rendre cette exp\u00e9rience aussi constructive que possible pour les candidats.<\/p>\n<p style=\"text-align: justify;\">C&rsquo;est important pour nous d&rsquo;organiser un festival en m\u00eame temps que ce concours \u00e0 Utrecht. Cela rend l&rsquo;ambiance moins pesante et plus festive, cela apporte quelque chose de positif pour les candidats qui sont \u00e9limin\u00e9s avant la finale et cela attire plus l&rsquo;attention du public. Apr\u00e8s tout, un concours a pour but de faire d\u00e9couvrir, de stimuler et de c\u00e9l\u00e9brer la musique et le talent musical. Cela devrait de toute fa\u00e7on \u00eatre en son essence m\u00eame un festival.\u00a0\u00bb\u00a0<\/p>\n<p style=\"text-align: justify;\">La\u00a0<a href=\"https:\/\/www.harpfestival.nl\/competition\/\" target=\"_blank\" rel=\"noopener\">Dutch Harp Competition<\/a> a bien \u00e9volu\u00e9 depuis 2010 et cette ann\u00e9e, il s&rsquo;agissait de l&rsquo;\u00e9dition la plus exp\u00e9rimentale organis\u00e9e jusqu&rsquo;\u00e0 ce jour. Soucieux de la question de l&rsquo;accessibilit\u00e9, l&rsquo;\u00e9liminatoire s&rsquo;est d\u00e9roul\u00e9 dans diff\u00e9rents endroits du monde. Cela co\u00fbte bien plus cher pour les organisateurs de faire voyager un jury jusqu&rsquo;\u00e0 Hong Kong, New York, etc., mais cela permet aux candidats de participer bien plus facilement.\u00a0Ce n&rsquo;est donc par pour rien que nous avons parl\u00e9 du \u00ab\u00a0circuit du concours\u00a0\u00bb ! La r\u00e9ussite \u00e0 un concours est \u00e9troitement li\u00e9e \u00e0 l&rsquo;exp\u00e9rience et \u00e0 l&rsquo;entra\u00eenement : les candidats qui ne peuvent se permettre financi\u00e8rement de participer \u00e0 un concours dans leur vie ont plus de chances d&rsquo;\u00e9chouer que ceux qui font des concours depuis leur plus jeune \u00e2ge. Avec toutes les d\u00e9ceptions que cela engendre.\u00a0<\/p>\n<p style=\"text-align: justify;\">La Dutch Harp Competition a toujours eu pour caract\u00e9ristique de laisser une grande place au libre choix du r\u00e9pertoire. Mais cette \u00e9dition \u00e9tait totalement transversale. La DHC 2018, rebaptis\u00e9e la World Harp Competition, \u00e9tait ouverte \u00e0 tous les types de harpe et le programme \u00e9tait enti\u00e8rement libre. Il s&rsquo;agit l\u00e0 de la plus courageuse et la plus complexe des innovations. On peut aborder le probl\u00e8me de la diff\u00e9rence d&rsquo;expertise entre les divers membres d&rsquo;un jury transdisciplinaire, mais cela est finalement assez simple si on invite des personnes comp\u00e9tentes en qui on a confiance. Ce qui peut \u00eatre plus probl\u00e9matique, et qui se v\u00e9rifie dans de nombreux concours, c&rsquo;est si tous les candidats sont bons. A ce moment-l\u00e0, le jury doit trouver des points valables afin de d\u00e9terminer un classement et cela requiert un cadre, car on compare les musiciens les uns par-rapport aux autres. Si vous d\u00e9cr\u00e9tez que telle personne est meilleure que telle autre, il en est de votre conscience professionnelle et humaine d&rsquo;\u00eatre en mesure d&rsquo;expliquer pourquoi.\u00a0<\/p>\n<p style=\"text-align: justify;\">Ce cadre est toujours, par essence, artificiel, construit. Un concours peut d\u00e9cider que la prestation de la demi-finale entrera \u00e9galement dans le jugement de la finale, un autre n&rsquo;en fera pas cas. On peut vous p\u00e9naliser ou non sur le fait de ne pas jouer par c\u0153ur, vous pouvez \u00eatre jug\u00e9 sur la qualit\u00e9 g\u00e9n\u00e9rale de votre programme ou seulement sur la fa\u00e7on dont vous jouez les pi\u00e8ces. Tout le monde sait qu&rsquo;on devrait dire courageusement apr\u00e8s un \u00e9chec que \u00ab\u00a0les concours sont tr\u00e8s subjectifs\u00a0\u00bb, mais cela peut prendre du temps pour saisir toute la profondeur de la v\u00e9rit\u00e9 cach\u00e9e derri\u00e8re cette banalit\u00e9. Par contre, une fois que l&rsquo;on a vraiment compris, cela est d&rsquo;une grande aide. Cela peut vous faire prendre du recul par-rapport au r\u00e9sultat et attirer votre attention sur le d\u00e9fi et l&rsquo;\u00e9volution personnels que cela implique. En abordant un concours avec cet \u00e9tat d&rsquo;esprit, vous serez toujours gagnant, peu importe le r\u00e9sultat.<\/p>\n<p style=\"text-align: justify;\">A Utrecht, c&rsquo;\u00e9tait un r\u00e9el plaisir que d&rsquo;assister \u00e0 un concours dans le cadre d&rsquo;un festival. Chaque demi-finaliste correspondait \u00e0 un concert du festival, le jury \u00e9tant assis parmi le public. Toutes nos f\u00e9licitations \u00e0 tous ceux qui ont acc\u00e9d\u00e9 aux \u00e9preuves \u00e0 Utrecht : c&rsquo;\u00e9tait une belle r\u00e9ussite et nous avons pu appr\u00e9cier tout l&rsquo;engagement derri\u00e8re chacune de ces prestations.<\/p>\n<p style=\"text-align: justify;\">Le fait de sortir des sentiers battus permet de porter une r\u00e9flexion sur les institutions habituelles, parce qu&rsquo;un regard ext\u00e9rieur ouvre toujours de nouvelles perspectives. En voici un exemple : comme nous \u00e9coutions les candidats de ce concours en plein c\u0153ur d&rsquo;un festival extr\u00eamement dynamique avec un nombre incroyable de concerts programm\u00e9s, certains spectateurs allaient et venaient. D&rsquo;un c\u00f4t\u00e9, cela cr\u00e9ait sans doute une ambiance plus d\u00e9contract\u00e9e, ce qui est certainement plus agr\u00e9able que les concours habituels o\u00f9 l&rsquo;on oscille entre respect nerveux et angoisse morbide. D&rsquo;un autre c\u00f4t\u00e9, la pression d&rsquo;un concours reste particuli\u00e8re. Les candidats ont pass\u00e9 beaucoup de temps \u00e0 se pr\u00e9parer et peut-\u00eatre, par respect pour cela, les auditeurs devraient rester assis et silencieux pendant la dur\u00e9e des prestations. On parle beaucoup des ambiances un peu fig\u00e9es, surtout dans le monde du classique, mais d&rsquo;un autre c\u00f4t\u00e9, cette tradition veut qu&rsquo;on reste assis et qu&rsquo;on se concentre sur ce qui se passe.<\/p>\n<p style=\"text-align: justify;\">M\u00eame s&rsquo;il est d\u00e9cid\u00e9 que les spectateurs d&rsquo;un concours devront \u00eatre plus silencieux \u00e0 l&rsquo;avenir, c&rsquo;est une bonne chose que d&rsquo;essayer diff\u00e9rentes solutions. Cela permet de r\u00e9fl\u00e9chir \u00e0 la nature des institutions, les raisons de leur existence et en quoi elles doivent \u00eatre remises en question. La Dutch Harp Competition a \u00e9t\u00e9 cr\u00e9\u00e9e en partie car Remy et ses coll\u00e8gues avaient ressenti certaines frustrations lorsqu&rsquo;ils passaient eux-m\u00eames des concours. C&rsquo;est important de remettre en question et c&rsquo;est encore mieux d&rsquo;essayer d&rsquo;agir. C&rsquo;est facile de critiquer X ou Y sur le papier, mais c&rsquo;est bien plus difficile de mettre des alternatives en pratique. Je ne vois pas d&rsquo;autre \u00e9v\u00e9nement harpistique qui le fait mieux que le DHF.\u00a0<\/p>\n<p style=\"text-align: justify;\">Parall\u00e8lement au concours, la qualit\u00e9, l&rsquo;\u00e9tendue et la richesse du programme \u00e9taient impressionnantes. Nous avons pu entendre Nikolaz Cadoret et H\u00e9l\u00e8ne Breschand improviser sur un film muet, \u00e9couter l&rsquo;incroyable Latin jazz d&rsquo;Edmar Castaneda, d\u00e9couvrir des concerts dans le noir, Stockhausen, du yoga \u00e0 la harpe, du koto japonais, de la fusion indienne, de la musique bretonne (youhou !). Nous souhaitons \u00e9galement f\u00e9liciter nos\u00a0<a href=\"https:\/\/www.salviharps.com\/harp\/reus-49\/\" target=\"_blank\" rel=\"noopener\">coll\u00e8gues italiens<\/a>\u00a0pour le lancement de leur Reus 49, fruit d&rsquo;une collaboration de quatre ans avec Remy. Il est bien BIEN plus difficile d&rsquo;augmenter le nombre de cordes d&rsquo;une harpe qu&rsquo;il n&rsquo;y para\u00eet et nous sommes \u00e9galement admiratifs de ce travail.<\/p>\n<p style=\"text-align: justify;\">Depuis sa cr\u00e9ation, le DHF a toujours eu une vision artistique cr\u00e9ative, voire un peu loufoque, et tout \u00e0 fait s\u00e9rieuse. Chaque \u00e9dition induit une r\u00e9flexion, ce n&rsquo;est jamais ennuyeux, la qualit\u00e9 du programme du festival est sans \u00e9gale et son organisation chaleureuse, calme et professionnelle est toujours tr\u00e8s agr\u00e9able.\u00a0Si vous n&rsquo;y avez encore jamais \u00e9t\u00e9, restez \u00e0 l&rsquo;aff\u00fbt de l&rsquo;annonce de la prochaine \u00e9dition !\u00a0<\/p>\n<p style=\"text-align: justify;\">Je ne sais pas si le DHC suit consciencieusement les pas de Phia Berghout, mais elle en serait certainement tr\u00e8s fi\u00e8re.\u00a0<\/p>\n","protected":false},"excerpt":{"rendered":"<p>La sc\u00e8ne harpistique n\u00e9erlandaise est depuis des d\u00e9cennies l&rsquo;une des meilleures au monde. Depuis sa cr\u00e9ation, le DHF a toujours eu une vision artistique cr\u00e9ative, voire un peu loufoque, et tout \u00e0 fait s\u00e9rieuse.<\/p>\n","protected":false},"author":4,"featured_media":23326,"comment_status":"open","ping_status":"open","sticky":false,"template":"","format":"standard","meta":{"_acf_changed":false,"footnotes":""},"categories":[781,533],"tags":[],"class_list":["post-23316","post","type-post","status-publish","format-standard","has-post-thumbnail","hentry","category-alaune","category-actualites"],"acf":[],"yoast_head":"<title>Dutch Harp Festival 2018 - Camac Harps<\/title>\n<meta name=\"robots\" content=\"index, follow, max-snippet:-1, max-image-preview:large, max-video-preview:-1\" \/>\n<link rel=\"canonical\" href=\"https:\/\/www.camac-harps.com\/blog\/fr\/actualites\/dutch-harp-festival-2018\/\" \/>\n<meta property=\"og:locale\" content=\"fr_FR\" \/>\n<meta property=\"og:type\" content=\"article\" \/>\n<meta property=\"og:title\" content=\"Dutch Harp Festival 2018 - Camac Harps\" \/>\n<meta property=\"og:description\" content=\"La sc\u00e8ne harpistique n\u00e9erlandaise est depuis des d\u00e9cennies l&#039;une des meilleures au monde. Depuis sa cr\u00e9ation, le DHF a toujours eu une vision artistique cr\u00e9ative, voire un peu loufoque, et tout \u00e0 fait s\u00e9rieuse.\" \/>\n<meta property=\"og:url\" content=\"https:\/\/www.camac-harps.com\/blog\/fr\/actualites\/dutch-harp-festival-2018\/\" \/>\n<meta property=\"og:site_name\" content=\"Camac Harps\" \/>\n<meta property=\"article:published_time\" content=\"2018-07-03T06:38:51+00:00\" \/>\n<meta property=\"article:modified_time\" content=\"2018-07-09T10:07:54+00:00\" \/>\n<meta property=\"og:image\" content=\"https:\/\/www.camac-harps.com\/blog\/wp-content\/uploads\/sites\/27\/2018\/06\/dutchharpfestival.jpg\" \/>\n\t<meta property=\"og:image:width\" content=\"1632\" \/>\n\t<meta property=\"og:image:height\" content=\"1224\" \/>\n\t<meta property=\"og:image:type\" content=\"image\/jpeg\" \/>\n<meta name=\"author\" content=\"annepostic\" \/>\n<meta name=\"twitter:card\" content=\"summary_large_image\" \/>\n<meta name=\"twitter:label1\" content=\"\u00c9crit par\" \/>\n\t<meta name=\"twitter:data1\" content=\"annepostic\" \/>\n\t<meta name=\"twitter:label2\" content=\"Dur\u00e9e de lecture estim\u00e9e\" \/>\n\t<meta name=\"twitter:data2\" content=\"7 minutes\" \/>\n<script type=\"application\/ld+json\" class=\"yoast-schema-graph\">{\"@context\":\"https:\/\/schema.org\",\"@graph\":[{\"@type\":\"Article\",\"@id\":\"https:\/\/www.camac-harps.com\/blog\/fr\/actualites\/dutch-harp-festival-2018\/#article\",\"isPartOf\":{\"@id\":\"https:\/\/www.camac-harps.com\/blog\/fr\/actualites\/dutch-harp-festival-2018\/\"},\"author\":{\"name\":\"annepostic\",\"@id\":\"https:\/\/www.camac-harps.com\/blog\/fr\/#\/schema\/person\/006439874c4dce6ab44edd15aa1b241d\"},\"headline\":\"Dutch Harp Festival 2018\",\"datePublished\":\"2018-07-03T06:38:51+00:00\",\"dateModified\":\"2018-07-09T10:07:54+00:00\",\"mainEntityOfPage\":{\"@id\":\"https:\/\/www.camac-harps.com\/blog\/fr\/actualites\/dutch-harp-festival-2018\/\"},\"wordCount\":1552,\"commentCount\":0,\"image\":{\"@id\":\"https:\/\/www.camac-harps.com\/blog\/fr\/actualites\/dutch-harp-festival-2018\/#primaryimage\"},\"thumbnailUrl\":\"https:\/\/www.camac-harps.com\/blog\/wp-content\/uploads\/sites\/27\/2018\/06\/dutchharpfestival.jpg\",\"articleSection\":[\"\u00c0 la une\",\"Actualit\u00e9s\"],\"inLanguage\":\"fr-FR\",\"potentialAction\":[{\"@type\":\"CommentAction\",\"name\":\"Comment\",\"target\":[\"https:\/\/www.camac-harps.com\/blog\/fr\/actualites\/dutch-harp-festival-2018\/#respond\"]}]},{\"@type\":\"WebPage\",\"@id\":\"https:\/\/www.camac-harps.com\/blog\/fr\/actualites\/dutch-harp-festival-2018\/\",\"url\":\"https:\/\/www.camac-harps.com\/blog\/fr\/actualites\/dutch-harp-festival-2018\/\",\"name\":\"Dutch Harp Festival 2018 - Camac Harps\",\"isPartOf\":{\"@id\":\"https:\/\/www.camac-harps.com\/blog\/fr\/#website\"},\"primaryImageOfPage\":{\"@id\":\"https:\/\/www.camac-harps.com\/blog\/fr\/actualites\/dutch-harp-festival-2018\/#primaryimage\"},\"image\":{\"@id\":\"https:\/\/www.camac-harps.com\/blog\/fr\/actualites\/dutch-harp-festival-2018\/#primaryimage\"},\"thumbnailUrl\":\"https:\/\/www.camac-harps.com\/blog\/wp-content\/uploads\/sites\/27\/2018\/06\/dutchharpfestival.jpg\",\"datePublished\":\"2018-07-03T06:38:51+00:00\",\"dateModified\":\"2018-07-09T10:07:54+00:00\",\"author\":{\"@id\":\"https:\/\/www.camac-harps.com\/blog\/fr\/#\/schema\/person\/006439874c4dce6ab44edd15aa1b241d\"},\"breadcrumb\":{\"@id\":\"https:\/\/www.camac-harps.com\/blog\/fr\/actualites\/dutch-harp-festival-2018\/#breadcrumb\"},\"inLanguage\":\"fr-FR\",\"potentialAction\":[{\"@type\":\"ReadAction\",\"target\":[\"https:\/\/www.camac-harps.com\/blog\/fr\/actualites\/dutch-harp-festival-2018\/\"]}]},{\"@type\":\"ImageObject\",\"inLanguage\":\"fr-FR\",\"@id\":\"https:\/\/www.camac-harps.com\/blog\/fr\/actualites\/dutch-harp-festival-2018\/#primaryimage\",\"url\":\"https:\/\/www.camac-harps.com\/blog\/wp-content\/uploads\/sites\/27\/2018\/06\/dutchharpfestival.jpg\",\"contentUrl\":\"https:\/\/www.camac-harps.com\/blog\/wp-content\/uploads\/sites\/27\/2018\/06\/dutchharpfestival.jpg\",\"width\":1632,\"height\":1224,\"caption\":\"Edmar Castaneda at the DHF 2018\"},{\"@type\":\"BreadcrumbList\",\"@id\":\"https:\/\/www.camac-harps.com\/blog\/fr\/actualites\/dutch-harp-festival-2018\/#breadcrumb\",\"itemListElement\":[{\"@type\":\"ListItem\",\"position\":1,\"name\":\"Home\",\"item\":\"https:\/\/www.camac-harps.com\/blog\/fr\/\"},{\"@type\":\"ListItem\",\"position\":2,\"name\":\"Dutch Harp Festival 2018\"}]},{\"@type\":\"WebSite\",\"@id\":\"https:\/\/www.camac-harps.com\/blog\/fr\/#website\",\"url\":\"https:\/\/www.camac-harps.com\/blog\/fr\/\",\"name\":\"Camac Harps\",\"description\":\"\",\"potentialAction\":[{\"@type\":\"SearchAction\",\"target\":{\"@type\":\"EntryPoint\",\"urlTemplate\":\"https:\/\/www.camac-harps.com\/blog\/fr\/?s={search_term_string}\"},\"query-input\":{\"@type\":\"PropertyValueSpecification\",\"valueRequired\":true,\"valueName\":\"search_term_string\"}}],\"inLanguage\":\"fr-FR\"},{\"@type\":\"Person\",\"@id\":\"https:\/\/www.camac-harps.com\/blog\/fr\/#\/schema\/person\/006439874c4dce6ab44edd15aa1b241d\",\"name\":\"annepostic\",\"image\":{\"@type\":\"ImageObject\",\"inLanguage\":\"fr-FR\",\"@id\":\"https:\/\/www.camac-harps.com\/blog\/fr\/#\/schema\/person\/image\/\",\"url\":\"https:\/\/secure.gravatar.com\/avatar\/ffb0930ecc7ecc35a72994a73446bc976914d08653591c7e8e6fa15ce253d4ad?s=96&d=mm&r=g\",\"contentUrl\":\"https:\/\/secure.gravatar.com\/avatar\/ffb0930ecc7ecc35a72994a73446bc976914d08653591c7e8e6fa15ce253d4ad?s=96&d=mm&r=g\",\"caption\":\"annepostic\"},\"url\":\"https:\/\/www.camac-harps.com\/blog\/fr\/author\/annepostic\/\"}]}<\/script>","yoast_head_json":{"title":"Dutch Harp Festival 2018 - Camac Harps","robots":{"index":"index","follow":"follow","max-snippet":"max-snippet:-1","max-image-preview":"max-image-preview:large","max-video-preview":"max-video-preview:-1"},"canonical":"https:\/\/www.camac-harps.com\/blog\/fr\/actualites\/dutch-harp-festival-2018\/","og_locale":"fr_FR","og_type":"article","og_title":"Dutch Harp Festival 2018 - Camac Harps","og_description":"La sc\u00e8ne harpistique n\u00e9erlandaise est depuis des d\u00e9cennies l'une des meilleures au monde. Depuis sa cr\u00e9ation, le DHF a toujours eu une vision artistique cr\u00e9ative, voire un peu loufoque, et tout \u00e0 fait s\u00e9rieuse.","og_url":"https:\/\/www.camac-harps.com\/blog\/fr\/actualites\/dutch-harp-festival-2018\/","og_site_name":"Camac Harps","article_published_time":"2018-07-03T06:38:51+00:00","article_modified_time":"2018-07-09T10:07:54+00:00","og_image":[{"width":1632,"height":1224,"url":"https:\/\/www.camac-harps.com\/blog\/wp-content\/uploads\/sites\/27\/2018\/06\/dutchharpfestival.jpg","type":"image\/jpeg"}],"author":"annepostic","twitter_card":"summary_large_image","twitter_misc":{"\u00c9crit par":"annepostic","Dur\u00e9e de lecture estim\u00e9e":"7 minutes"},"schema":{"@context":"https:\/\/schema.org","@graph":[{"@type":"Article","@id":"https:\/\/www.camac-harps.com\/blog\/fr\/actualites\/dutch-harp-festival-2018\/#article","isPartOf":{"@id":"https:\/\/www.camac-harps.com\/blog\/fr\/actualites\/dutch-harp-festival-2018\/"},"author":{"name":"annepostic","@id":"https:\/\/www.camac-harps.com\/blog\/fr\/#\/schema\/person\/006439874c4dce6ab44edd15aa1b241d"},"headline":"Dutch Harp Festival 2018","datePublished":"2018-07-03T06:38:51+00:00","dateModified":"2018-07-09T10:07:54+00:00","mainEntityOfPage":{"@id":"https:\/\/www.camac-harps.com\/blog\/fr\/actualites\/dutch-harp-festival-2018\/"},"wordCount":1552,"commentCount":0,"image":{"@id":"https:\/\/www.camac-harps.com\/blog\/fr\/actualites\/dutch-harp-festival-2018\/#primaryimage"},"thumbnailUrl":"https:\/\/www.camac-harps.com\/blog\/wp-content\/uploads\/sites\/27\/2018\/06\/dutchharpfestival.jpg","articleSection":["\u00c0 la une","Actualit\u00e9s"],"inLanguage":"fr-FR","potentialAction":[{"@type":"CommentAction","name":"Comment","target":["https:\/\/www.camac-harps.com\/blog\/fr\/actualites\/dutch-harp-festival-2018\/#respond"]}]},{"@type":"WebPage","@id":"https:\/\/www.camac-harps.com\/blog\/fr\/actualites\/dutch-harp-festival-2018\/","url":"https:\/\/www.camac-harps.com\/blog\/fr\/actualites\/dutch-harp-festival-2018\/","name":"Dutch Harp Festival 2018 - Camac Harps","isPartOf":{"@id":"https:\/\/www.camac-harps.com\/blog\/fr\/#website"},"primaryImageOfPage":{"@id":"https:\/\/www.camac-harps.com\/blog\/fr\/actualites\/dutch-harp-festival-2018\/#primaryimage"},"image":{"@id":"https:\/\/www.camac-harps.com\/blog\/fr\/actualites\/dutch-harp-festival-2018\/#primaryimage"},"thumbnailUrl":"https:\/\/www.camac-harps.com\/blog\/wp-content\/uploads\/sites\/27\/2018\/06\/dutchharpfestival.jpg","datePublished":"2018-07-03T06:38:51+00:00","dateModified":"2018-07-09T10:07:54+00:00","author":{"@id":"https:\/\/www.camac-harps.com\/blog\/fr\/#\/schema\/person\/006439874c4dce6ab44edd15aa1b241d"},"breadcrumb":{"@id":"https:\/\/www.camac-harps.com\/blog\/fr\/actualites\/dutch-harp-festival-2018\/#breadcrumb"},"inLanguage":"fr-FR","potentialAction":[{"@type":"ReadAction","target":["https:\/\/www.camac-harps.com\/blog\/fr\/actualites\/dutch-harp-festival-2018\/"]}]},{"@type":"ImageObject","inLanguage":"fr-FR","@id":"https:\/\/www.camac-harps.com\/blog\/fr\/actualites\/dutch-harp-festival-2018\/#primaryimage","url":"https:\/\/www.camac-harps.com\/blog\/wp-content\/uploads\/sites\/27\/2018\/06\/dutchharpfestival.jpg","contentUrl":"https:\/\/www.camac-harps.com\/blog\/wp-content\/uploads\/sites\/27\/2018\/06\/dutchharpfestival.jpg","width":1632,"height":1224,"caption":"Edmar Castaneda at the DHF 2018"},{"@type":"BreadcrumbList","@id":"https:\/\/www.camac-harps.com\/blog\/fr\/actualites\/dutch-harp-festival-2018\/#breadcrumb","itemListElement":[{"@type":"ListItem","position":1,"name":"Home","item":"https:\/\/www.camac-harps.com\/blog\/fr\/"},{"@type":"ListItem","position":2,"name":"Dutch Harp Festival 2018"}]},{"@type":"WebSite","@id":"https:\/\/www.camac-harps.com\/blog\/fr\/#website","url":"https:\/\/www.camac-harps.com\/blog\/fr\/","name":"Camac Harps","description":"","potentialAction":[{"@type":"SearchAction","target":{"@type":"EntryPoint","urlTemplate":"https:\/\/www.camac-harps.com\/blog\/fr\/?s={search_term_string}"},"query-input":{"@type":"PropertyValueSpecification","valueRequired":true,"valueName":"search_term_string"}}],"inLanguage":"fr-FR"},{"@type":"Person","@id":"https:\/\/www.camac-harps.com\/blog\/fr\/#\/schema\/person\/006439874c4dce6ab44edd15aa1b241d","name":"annepostic","image":{"@type":"ImageObject","inLanguage":"fr-FR","@id":"https:\/\/www.camac-harps.com\/blog\/fr\/#\/schema\/person\/image\/","url":"https:\/\/secure.gravatar.com\/avatar\/ffb0930ecc7ecc35a72994a73446bc976914d08653591c7e8e6fa15ce253d4ad?s=96&d=mm&r=g","contentUrl":"https:\/\/secure.gravatar.com\/avatar\/ffb0930ecc7ecc35a72994a73446bc976914d08653591c7e8e6fa15ce253d4ad?s=96&d=mm&r=g","caption":"annepostic"},"url":"https:\/\/www.camac-harps.com\/blog\/fr\/author\/annepostic\/"}]}},"_links":{"self":[{"href":"https:\/\/www.camac-harps.com\/blog\/fr\/wp-json\/wp\/v2\/posts\/23316","targetHints":{"allow":["GET"]}}],"collection":[{"href":"https:\/\/www.camac-harps.com\/blog\/fr\/wp-json\/wp\/v2\/posts"}],"about":[{"href":"https:\/\/www.camac-harps.com\/blog\/fr\/wp-json\/wp\/v2\/types\/post"}],"author":[{"embeddable":true,"href":"https:\/\/www.camac-harps.com\/blog\/fr\/wp-json\/wp\/v2\/users\/4"}],"replies":[{"embeddable":true,"href":"https:\/\/www.camac-harps.com\/blog\/fr\/wp-json\/wp\/v2\/comments?post=23316"}],"version-history":[{"count":5,"href":"https:\/\/www.camac-harps.com\/blog\/fr\/wp-json\/wp\/v2\/posts\/23316\/revisions"}],"predecessor-version":[{"id":23364,"href":"https:\/\/www.camac-harps.com\/blog\/fr\/wp-json\/wp\/v2\/posts\/23316\/revisions\/23364"}],"wp:featuredmedia":[{"embeddable":true,"href":"https:\/\/www.camac-harps.com\/blog\/fr\/wp-json\/wp\/v2\/media\/23326"}],"wp:attachment":[{"href":"https:\/\/www.camac-harps.com\/blog\/fr\/wp-json\/wp\/v2\/media?parent=23316"}],"wp:term":[{"taxonomy":"category","embeddable":true,"href":"https:\/\/www.camac-harps.com\/blog\/fr\/wp-json\/wp\/v2\/categories?post=23316"},{"taxonomy":"post_tag","embeddable":true,"href":"https:\/\/www.camac-harps.com\/blog\/fr\/wp-json\/wp\/v2\/tags?post=23316"}],"curies":[{"name":"wp","href":"https:\/\/api.w.org\/{rel}","templated":true}]}}