{"id":2477,"date":"2015-10-17T09:41:09","date_gmt":"2015-10-17T09:41:09","guid":{"rendered":"http:\/\/www.harpblog.info\/?p=2477"},"modified":"2017-06-29T07:15:32","modified_gmt":"2017-06-29T07:15:32","slug":"un-concert-danthologie","status":"publish","type":"post","link":"https:\/\/www.camac-harps.com\/blog\/fr\/non-classifiee\/un-concert-danthologie\/","title":{"rendered":"Un concert&#8230; d&rsquo;Anthologie !"},"content":{"rendered":"<p>Dimanche 11 octobre, Carhaix (29, Bretagne) \u00e9tait r\u00e9ellement la capitale de la harpe bretonne \u00e0 l\u2019occasion de la <a href=\"https:\/\/www.camac-harps.com\/blog\/fr_blog\/2015\/09\/sortie-officielle-de-lanthologie-de-la-harpe-bretonne-a-carhaix-29-bretagne-le-11-octobre-2\/\">sortie officielle de l\u2019\u00ab Antologiezh Telenn Breizh \/\u00a0Anthologie de la Harpe Bretonne\u00a0\u00bb.<\/a> Les trois recueils de l\u2019Anthologie, r\u00e9unis sous la direction de <a href=\"http:\/\/www.tristanlegovic.eu\/\">Tristan Le Govic<\/a> qui r\u00e9alise l\u00e0 un travail fantastique, sont con\u00e7us pour \u00eatre p\u00e9dagogiques (chaque volume correspond \u00e0 un niveau\u00a0: <a href=\"http:\/\/www.harpes-camac-boutique.net\/product_info.php?products_id=3484\">\u00e9l\u00e9mentaire<\/a>, <a href=\"http:\/\/www.harpes-camac-boutique.net\/product_info.php?products_id=3485\">interm\u00e9diaire<\/a> et <a href=\"http:\/\/www.harpes-camac-boutique.net\/product_info.php?products_id=3487\">avanc\u00e9<\/a>) et pour montrer la diversit\u00e9 de la harpe bretonne de nos jours, au travers des arrangements et compositions des diff\u00e9rents harpistes r\u00e9unis pour ce projet. Et la journ\u00e9e de dimanche refl\u00e9tait tout \u00e0 fait cet \u00e9tat d\u2019esprit.<\/p>\n<div id=\"attachment_2487\" class=\"wp-caption alignleft\" style=\"width: 300px\"><a href=\"https:\/\/www.camac-harps.com\/wp-content\/uploads\/sites\/27\/2015\/10\/stage_anthologie_111215-6-24.jpg\"><img loading=\"lazy\" decoding=\"async\" class=\"wp-image-2487 size-medium\" src=\"https:\/\/www.camac-harps.com\/wp-content\/uploads\/sites\/27\/2015\/10\/stage_anthologie_111215-6-24-300x201.jpg\" alt=\"Stage_Anthologie_111215 6-2\" width=\"300\" height=\"201\" srcset=\"https:\/\/www.camac-harps.com\/blog\/wp-content\/uploads\/sites\/27\/2015\/10\/stage_anthologie_111215-6-24-300x201.jpg 300w, https:\/\/www.camac-harps.com\/blog\/wp-content\/uploads\/sites\/27\/2015\/10\/stage_anthologie_111215-6-24-768x514.jpg 768w, https:\/\/www.camac-harps.com\/blog\/wp-content\/uploads\/sites\/27\/2015\/10\/stage_anthologie_111215-6-24-1024x686.jpg 1024w, https:\/\/www.camac-harps.com\/blog\/wp-content\/uploads\/sites\/27\/2015\/10\/stage_anthologie_111215-6-24-1000x670.jpg 1000w, https:\/\/www.camac-harps.com\/blog\/wp-content\/uploads\/sites\/27\/2015\/10\/stage_anthologie_111215-6-24-800x536.jpg 800w, https:\/\/www.camac-harps.com\/blog\/wp-content\/uploads\/sites\/27\/2015\/10\/stage_anthologie_111215-6-24-55x37.jpg 55w, https:\/\/www.camac-harps.com\/blog\/wp-content\/uploads\/sites\/27\/2015\/10\/stage_anthologie_111215-6-24-250x167.jpg 250w, https:\/\/www.camac-harps.com\/blog\/wp-content\/uploads\/sites\/27\/2015\/10\/stage_anthologie_111215-6-24.jpg 1392w\" sizes=\"auto, (max-width: 300px) 100vw, 300px\" \/><\/a><p class=\"wp-caption-text\">Lors du stage, avec Alice Soria-Cadoret (au milieu) et Quentin Vestur (\u00e0 gauche). Photo : Philippe Dos<\/p><\/div>\n<p>Nous sommes tr\u00e8s fiers d\u2019avoir pu apporter notre soutien \u00e0 ce bel \u00e9v\u00e9nement, organis\u00e9 par le <a href=\"http:\/\/www.collectif-arp.com\/\">Collectif Arp<\/a>. Le succ\u00e8s \u00e9tait au rendez-vous\u00a0puisque pas moins de 42 harpistes ont particip\u00e9 aux stages de l\u2019apr\u00e8s-midi. Deux ateliers p\u00e9dagogiques \u00e9taient organis\u00e9s : un stage avec <a href=\"http:\/\/collectifarp.jimdo.com\/alice-soria-cadoret\/\">Alice Soria-Cadoret<\/a> pour les d\u00e9butants et un stage avec <a href=\"http:\/\/www.quentinvestur.fr\/\">Quentin Vestur<\/a> pour les avanc\u00e9s. Ces ateliers se sont conclus par une prestation des stagiaires.<\/p>\n<p>A 17h, en ouverture du concert dans l\u2019amphith\u00e9\u00e2tre de l\u2019Espace Glenmor \u00e0 Carhaix, nous avons d\u2019abord pu \u00e9couter la jeune Louisette Desportes qui a interpr\u00e9t\u00e9 \u00ab\u00a0Pedenn evit Breizh\u00a0\u00bb. La jeune \u00e9l\u00e8ve ne s\u2019est pas laiss\u00e9 impressionner par la salle comble, les projecteurs braqu\u00e9s sur elle, une belle exp\u00e9rience pour la harpiste qui n\u2019est certainement pas pr\u00eate d\u2019oublier ce moment. Cette \u00ab\u00a0Pri\u00e8re pour la Bretagne\u00a0\u00bb a r\u00e9sonn\u00e9 comme un symbole en cet \u00e9v\u00e9nement c\u00e9l\u00e9brant la musique bretonne \u00e0 la harpe et ses repr\u00e9sentants, en plein c\u0153ur du Kreiz Breizh. \u00ab\u00a0Pedenn evit Breizh\u00a0\u00bb est un morceau qui a \u00e9t\u00e9 arrang\u00e9 en 1953 par <a href=\"https:\/\/fr.wikipedia.org\/wiki\/Georges_Cochevelou\">Georges Cochevelou<\/a>, le p\u00e8re d\u2019<a href=\"http:\/\/www.alanstivell.bzh\/language\/fr\/\">Alan Stivell<\/a>. C\u2019est \u00e0 cette \u00e9poque que la harpe celtique commence \u00e0 rena\u00eetre en Bretagne. Depuis, l\u2019instrument en lui-m\u00eame, mais aussi son r\u00e9pertoire et son jeu, n\u2019ont eu de cesse de se d\u00e9velopper et d\u2019\u00e9voluer pour en arriver \u00e0 la diversit\u00e9 et au dynamisme qui la caract\u00e9risent aujourd\u2019hui.<\/p>\n<p>Apr\u00e8s ce morceau interpr\u00e9t\u00e9 par Louisette, ce sont pas moins de sept harpistes qui prennent place sur sc\u00e8ne\u00a0: <a href=\"http:\/\/nikolazcadoret.blogspot.fr\/\">Nikolaz Cadoret<\/a>, <a href=\"http:\/\/www.hoelabarbedette.eu\/\">Ho\u00ebla Barbedette<\/a>, <a href=\"http:\/\/griffine.wix.com\/cristinemerienne\">Cristine M\u00e9rienne<\/a>, <a href=\"http:\/\/www.tristanlegovic.eu\/\">Tristan Le Govic<\/a>, <a href=\"http:\/\/www.clotildetrouillaud.com\/\">Clotilde Trouillaud<\/a>, <a href=\"http:\/\/www.harpes-dimitri.eu\/fr\/\">Dimitri Boekhoorn<\/a> et <a href=\"http:\/\/www.maellhopiteau.com\/\">Ma\u00ebl Lhopiteau<\/a>. Sept repr\u00e9sentants de cette jeune g\u00e9n\u00e9ration de harpistes bouillonnante d\u2019id\u00e9es et d\u00e9bordante d\u2019envie et d\u2019\u00e9nergie, une g\u00e9n\u00e9ration qui casse les codes, repousse les limites de l\u2019instrument. L\u00e0 encore, on retrouve toute la diversit\u00e9 pr\u00e9sente dans l\u2019Anthologie, que ce soit dans les instruments, comme dans le r\u00e9pertoire. En effet, sur sc\u00e8ne, se c\u00f4toient harpes \u00e9lectroacoustiques, harpe chromatique \u00e0 quart de tons, harpe \u00e0 cordes m\u00e9talliques, \u00e9lectroharpes\u2026<\/p>\n<div id=\"attachment_2497\" class=\"wp-caption aligncenter\" style=\"width: 700px\"><a href=\"https:\/\/www.camac-harps.com\/wp-content\/uploads\/sites\/27\/2015\/10\/image1.jpg\"><img loading=\"lazy\" decoding=\"async\" class=\"wp-image-2497 size-large\" src=\"https:\/\/www.camac-harps.com\/wp-content\/uploads\/sites\/27\/2015\/10\/image1-1024x633.jpg\" alt=\"\" width=\"700\" height=\"433\" srcset=\"https:\/\/www.camac-harps.com\/blog\/wp-content\/uploads\/sites\/27\/2015\/10\/image1-1024x633.jpg 1024w, https:\/\/www.camac-harps.com\/blog\/wp-content\/uploads\/sites\/27\/2015\/10\/image1-800x495.jpg 800w, https:\/\/www.camac-harps.com\/blog\/wp-content\/uploads\/sites\/27\/2015\/10\/image1-300x185.jpg 300w, https:\/\/www.camac-harps.com\/blog\/wp-content\/uploads\/sites\/27\/2015\/10\/image1-768x475.jpg 768w, https:\/\/www.camac-harps.com\/blog\/wp-content\/uploads\/sites\/27\/2015\/10\/image1-1000x618.jpg 1000w, https:\/\/www.camac-harps.com\/blog\/wp-content\/uploads\/sites\/27\/2015\/10\/image1-55x34.jpg 55w, https:\/\/www.camac-harps.com\/blog\/wp-content\/uploads\/sites\/27\/2015\/10\/image1-250x155.jpg 250w, https:\/\/www.camac-harps.com\/blog\/wp-content\/uploads\/sites\/27\/2015\/10\/image1.jpg 1540w\" sizes=\"auto, (max-width: 700px) 100vw, 700px\" \/><\/a><p class=\"wp-caption-text\">De gauche \u00e0 droite : Nikolaz Cadoret, Ho\u00ebla Barbedette, Cristine M\u00e9rienne, Tristan Le Govic, Clotilde Trouillaud, Dimitri Boekhoorn et Ma\u00ebl Lhopiteau. Photo : Philippe Dos<\/p><\/div>\n<p>L\u2019Anthologie de la Harpe Bretonne est bien entendu consacr\u00e9e \u00e0 la musique bretonne. Et le concert a \u00e9galement \u00e9t\u00e9 l\u2019occasion d\u2019un vibrant hommage \u00e0 <a href=\"http:\/\/albertpoulain.free.fr\/\">Albert Poulain<\/a> (collecteur, chanteur, conteur du pays gallo, d\u00e9c\u00e9d\u00e9 la semaine derni\u00e8re) au travers d\u2019un air traditionnel de Haute-Bretagne intitul\u00e9 \u00ab\u00a0La verte \u00e9pine\u00a0\u00bb (air qu\u2019Albert Poulain avait collect\u00e9 et publi\u00e9 dans ses \u00ab\u00a0Carnets de Route\u00a0\u00bb et que Clotilde Trouillaud a arrang\u00e9 pour harpe).<\/p>\n<p>Un bel hommage a \u00e9galement \u00e9t\u00e9 rendu \u00e0 <a href=\"https:\/\/fr.wikipedia.org\/wiki\/Kristen_Nogu%C3%A8s\">Kristen Nogu\u00e8s<\/a>, harpistebretonne trop t\u00f4t disparue, qui a laiss\u00e9 derri\u00e8re elle une tr\u00e8s belle contribution au r\u00e9pertoire pour harpe celtique, un grand nombre d\u2019arrangements et de compositions qui n\u2019ont malheureusement pas \u00e9t\u00e9 \u00e9dit\u00e9s. C\u2019est donc une grande chance que de pouvoir retrouver dans chacun des trois volumes de l\u2019Anthologie une pi\u00e8ce de cette brillante musicienne\u00a0: Gwerz Marv Pontkalleg (volume 1), Metig (volume 2) et Kleier (volume 3).<\/p>\n<p>Il \u00e9tait \u00e9galement int\u00e9ressant de constater \u00e0 nouveau que tradition et modernit\u00e9 ne sont pas incompatibles et font toutes deux partie de l\u2019essence m\u00eame de la harpe celtique. Ainsi, lorsque Nikolaz Cadoret \u00e0 l\u2019<a href=\"https:\/\/www.camac-harps.com\/blog\/fr\/harpes\/harpes-electriques\/electroharp-36\">\u00e9lectroharpe<\/a> et Cristine M\u00e9rienne au chant interpr\u00e8tent la \u00ab\u00a0Gwerz Ker Ys\u00a0\u00bb, toute la modernit\u00e9 de l\u2019\u00e9lectroharpe, second\u00e9e de p\u00e9dales d\u2019effets, vient souligner la m\u00e9lodie traditionnelle de cette ancienne gwerz (complainte bretonne), publi\u00e9e sur feuille volante en 1850 et parvenue jusqu\u2019\u00e0 nous gr\u00e2ce \u00e0 la tradition orale, passant ainsi de g\u00e9n\u00e9ration en g\u00e9n\u00e9ration.<\/p>\n<p>En parlant de la Ville d\u2019Ys, c\u2019est d\u2019ailleurs Th\u00e9odore Hersart de La Villemarqu\u00e9 qui a \u00e9t\u00e9 le premier \u00e0 publier une notation d\u2019un chant concernant cette l\u00e9gende, \u00ab\u00a0Livadenn Ker Ys\u00a0(La Submersion de la Ville d\u2019Ys) \u00bb, dans son c\u00e9l\u00e8bre Barzaz Breiz, <a href=\"https:\/\/www.camac-harps.com\/blog\/fr_blog\/2015\/10\/reinterpreter-les-chants-du-barzaz-breiz-concert-le-13-novembre-2015\/\">ouvrage dont nous avons parl\u00e9 r\u00e9cemment<\/a> et dont certains airs sont bien entendu pr\u00e9sents dans l\u2019Anthologie de la Harpe Bretonne (comme justement \u00ab\u00a0Livadenn Ker Ys\u00a0\u00bb, mais aussi \u00ab\u00a0Bale Arzhur\u00a0\u00bb, \u00ab\u00a0Gwerz Marv Pontkalleg\u00a0\u00bb (volume 1), \u00ab\u00a0Penn-herez Keroulaz\u00a0\u00bb, (volume 2), une composition de Brigitte Baronnet \u00e0 partir de \u00ab\u00a0La Tour d\u2019Armor\u00a0\u00bb (volume 3)\u2026).<a href=\"https:\/\/www.camac-harps.com\/wp-content\/uploads\/sites\/27\/2015\/10\/concert_anthologie_111215-3-2-e1444934000636.jpg\"><br \/>\n<\/a><\/p>\n<p>Le concert s\u2019est termin\u00e9 par une belle photo de famille avec les artistes pr\u00e9sents sur sc\u00e8ne bien s\u00fbr, mais aussi les nombreux contributeurs \u00e0 cette Anthologie qui avaient tenu \u00e0 \u00eatre pr\u00e9sents pour cette belle f\u00eate. Tous les morceaux interpr\u00e9t\u00e9s dimanche (et bien d\u2019autres puisque chaque volume comporte respectivement 43, 36 et 30 arrangements et compositions) sont \u00e0 d\u00e9couvrir dans <a href=\"http:\/\/www.harpes-camac-boutique.net\/advanced_search_result.php?keywords=anthologie+harpe+bretonne&amp;x=56&amp;y=1&amp;categories_id=1&amp;inc_subcat=1&amp;manufacturers_id=&amp;pfrom=&amp;pto=&amp;dfrom=&amp;dto=\">l\u2019Anthologie de la Harpe Bretonne<\/a>. Vous pouvez bien entendu vous procurer les trois volumes dans <a href=\"http:\/\/www.harpes-camac-boutique.net\/advanced_search_result.php?keywords=anthologie+harpe+bretonne&amp;x=56&amp;y=1&amp;categories_id=1&amp;inc_subcat=1&amp;manufacturers_id=&amp;pfrom=&amp;pto=&amp;dfrom=&amp;dto=\">notre boutique en ligne<\/a>\u00a0! Nous sommes tr\u00e8s heureux d\u2019en \u00eatre les distributeurs exclusifs, alors si vous avez un magasin de musique et que vous souhaitez proposer ces excellents recueils dans votre \u00e9tablissement, n\u2019h\u00e9sitez pas \u00e0 nous contacter\u00a0!<\/p>\n<div id=\"attachment_2478\" class=\"wp-caption aligncenter\" style=\"width: 700px\"><a href=\"https:\/\/www.camac-harps.com\/wp-content\/uploads\/sites\/27\/2015\/10\/concert_anthologie_111215-5.jpg\"><img loading=\"lazy\" decoding=\"async\" class=\"wp-image-2478 size-large\" src=\"https:\/\/www.camac-harps.com\/wp-content\/uploads\/sites\/27\/2015\/10\/concert_anthologie_111215-5-1024x442.jpg\" alt=\"Concert_Anthologie_111215 5\" width=\"700\" height=\"302\" srcset=\"https:\/\/www.camac-harps.com\/blog\/wp-content\/uploads\/sites\/27\/2015\/10\/concert_anthologie_111215-5-1024x442.jpg 1024w, https:\/\/www.camac-harps.com\/blog\/wp-content\/uploads\/sites\/27\/2015\/10\/concert_anthologie_111215-5-300x129.jpg 300w, https:\/\/www.camac-harps.com\/blog\/wp-content\/uploads\/sites\/27\/2015\/10\/concert_anthologie_111215-5-768x331.jpg 768w, https:\/\/www.camac-harps.com\/blog\/wp-content\/uploads\/sites\/27\/2015\/10\/concert_anthologie_111215-5-1000x431.jpg 1000w, https:\/\/www.camac-harps.com\/blog\/wp-content\/uploads\/sites\/27\/2015\/10\/concert_anthologie_111215-5-800x345.jpg 800w, https:\/\/www.camac-harps.com\/blog\/wp-content\/uploads\/sites\/27\/2015\/10\/concert_anthologie_111215-5-55x24.jpg 55w, https:\/\/www.camac-harps.com\/blog\/wp-content\/uploads\/sites\/27\/2015\/10\/concert_anthologie_111215-5-250x108.jpg 250w, https:\/\/www.camac-harps.com\/blog\/wp-content\/uploads\/sites\/27\/2015\/10\/concert_anthologie_111215-5.jpg 1920w\" sizes=\"auto, (max-width: 700px) 100vw, 700px\" \/><\/a><p class=\"wp-caption-text\">Les sept concertistes en compagnie d&rsquo;une partie des contributeurs de l&rsquo;Anthologie qui avaient fait le d\u00e9placement pour soutenir cette belle initiative ! Photo : Philippe Dos<\/p><\/div>\n<p>&nbsp;<\/p>\n","protected":false},"excerpt":{"rendered":"<p>Retour sur le tr\u00e8s bel apr\u00e8s-midi consacr\u00e9 \u00e0 la musique bretonne \u00e0 la harpe organis\u00e9 par le Collectif&rsquo; Arp \u00e0 l&rsquo;occasion de la sortie officielle de l&rsquo;Anthologie de la Harpe Bretonne.<\/p>\n","protected":false},"author":4,"featured_media":2497,"comment_status":"open","ping_status":"open","sticky":false,"template":"","format":"standard","meta":{"_acf_changed":false,"footnotes":""},"categories":[2],"tags":[],"class_list":["post-2477","post","type-post","status-publish","format-standard","has-post-thumbnail","hentry","category-non-classifiee"],"acf":[],"yoast_head":"<title>Un concert... d&#039;Anthologie ! - Camac Harps<\/title>\n<meta name=\"robots\" content=\"index, follow, max-snippet:-1, max-image-preview:large, max-video-preview:-1\" \/>\n<link rel=\"canonical\" href=\"https:\/\/www.camac-harps.com\/blog\/fr\/non-classifiee\/un-concert-danthologie\/\" \/>\n<meta property=\"og:locale\" content=\"fr_FR\" \/>\n<meta property=\"og:type\" content=\"article\" \/>\n<meta property=\"og:title\" content=\"Un concert... d&#039;Anthologie ! - Camac Harps\" \/>\n<meta property=\"og:description\" content=\"Retour sur le tr\u00e8s bel apr\u00e8s-midi consacr\u00e9 \u00e0 la musique bretonne \u00e0 la harpe organis\u00e9 par le Collectif&#039; Arp \u00e0 l&#039;occasion de la sortie officielle de l&#039;Anthologie de la Harpe Bretonne.\" \/>\n<meta property=\"og:url\" content=\"https:\/\/www.camac-harps.com\/blog\/fr\/non-classifiee\/un-concert-danthologie\/\" \/>\n<meta property=\"og:site_name\" content=\"Camac Harps\" \/>\n<meta property=\"article:published_time\" content=\"2015-10-17T09:41:09+00:00\" \/>\n<meta property=\"article:modified_time\" content=\"2017-06-29T07:15:32+00:00\" \/>\n<meta property=\"og:image\" content=\"https:\/\/www.camac-harps.com\/blog\/wp-content\/uploads\/sites\/27\/2015\/10\/image1.jpg\" \/>\n\t<meta property=\"og:image:width\" content=\"1540\" \/>\n\t<meta property=\"og:image:height\" content=\"952\" \/>\n\t<meta property=\"og:image:type\" content=\"image\/jpeg\" \/>\n<meta name=\"author\" content=\"annepostic\" \/>\n<meta name=\"twitter:card\" content=\"summary_large_image\" \/>\n<meta name=\"twitter:label1\" content=\"\u00c9crit par\" \/>\n\t<meta name=\"twitter:data1\" content=\"annepostic\" \/>\n\t<meta name=\"twitter:label2\" content=\"Dur\u00e9e de lecture estim\u00e9e\" \/>\n\t<meta name=\"twitter:data2\" content=\"5 minutes\" \/>\n<script type=\"application\/ld+json\" class=\"yoast-schema-graph\">{\"@context\":\"https:\/\/schema.org\",\"@graph\":[{\"@type\":\"Article\",\"@id\":\"https:\/\/www.camac-harps.com\/blog\/fr\/non-classifiee\/un-concert-danthologie\/#article\",\"isPartOf\":{\"@id\":\"https:\/\/www.camac-harps.com\/blog\/fr\/non-classifiee\/un-concert-danthologie\/\"},\"author\":{\"name\":\"annepostic\",\"@id\":\"https:\/\/www.camac-harps.com\/blog\/fr\/#\/schema\/person\/006439874c4dce6ab44edd15aa1b241d\"},\"headline\":\"Un concert&#8230; d&rsquo;Anthologie !\",\"datePublished\":\"2015-10-17T09:41:09+00:00\",\"dateModified\":\"2017-06-29T07:15:32+00:00\",\"mainEntityOfPage\":{\"@id\":\"https:\/\/www.camac-harps.com\/blog\/fr\/non-classifiee\/un-concert-danthologie\/\"},\"wordCount\":1050,\"commentCount\":0,\"image\":{\"@id\":\"https:\/\/www.camac-harps.com\/blog\/fr\/non-classifiee\/un-concert-danthologie\/#primaryimage\"},\"thumbnailUrl\":\"https:\/\/www.camac-harps.com\/blog\/wp-content\/uploads\/sites\/27\/2015\/10\/image1.jpg\",\"articleSection\":[\"Non classifi\u00e9(e)\"],\"inLanguage\":\"fr-FR\",\"potentialAction\":[{\"@type\":\"CommentAction\",\"name\":\"Comment\",\"target\":[\"https:\/\/www.camac-harps.com\/blog\/fr\/non-classifiee\/un-concert-danthologie\/#respond\"]}]},{\"@type\":\"WebPage\",\"@id\":\"https:\/\/www.camac-harps.com\/blog\/fr\/non-classifiee\/un-concert-danthologie\/\",\"url\":\"https:\/\/www.camac-harps.com\/blog\/fr\/non-classifiee\/un-concert-danthologie\/\",\"name\":\"Un concert... d'Anthologie ! - Camac Harps\",\"isPartOf\":{\"@id\":\"https:\/\/www.camac-harps.com\/blog\/fr\/#website\"},\"primaryImageOfPage\":{\"@id\":\"https:\/\/www.camac-harps.com\/blog\/fr\/non-classifiee\/un-concert-danthologie\/#primaryimage\"},\"image\":{\"@id\":\"https:\/\/www.camac-harps.com\/blog\/fr\/non-classifiee\/un-concert-danthologie\/#primaryimage\"},\"thumbnailUrl\":\"https:\/\/www.camac-harps.com\/blog\/wp-content\/uploads\/sites\/27\/2015\/10\/image1.jpg\",\"datePublished\":\"2015-10-17T09:41:09+00:00\",\"dateModified\":\"2017-06-29T07:15:32+00:00\",\"author\":{\"@id\":\"https:\/\/www.camac-harps.com\/blog\/fr\/#\/schema\/person\/006439874c4dce6ab44edd15aa1b241d\"},\"breadcrumb\":{\"@id\":\"https:\/\/www.camac-harps.com\/blog\/fr\/non-classifiee\/un-concert-danthologie\/#breadcrumb\"},\"inLanguage\":\"fr-FR\",\"potentialAction\":[{\"@type\":\"ReadAction\",\"target\":[\"https:\/\/www.camac-harps.com\/blog\/fr\/non-classifiee\/un-concert-danthologie\/\"]}]},{\"@type\":\"ImageObject\",\"inLanguage\":\"fr-FR\",\"@id\":\"https:\/\/www.camac-harps.com\/blog\/fr\/non-classifiee\/un-concert-danthologie\/#primaryimage\",\"url\":\"https:\/\/www.camac-harps.com\/blog\/wp-content\/uploads\/sites\/27\/2015\/10\/image1.jpg\",\"contentUrl\":\"https:\/\/www.camac-harps.com\/blog\/wp-content\/uploads\/sites\/27\/2015\/10\/image1.jpg\",\"width\":1540,\"height\":952},{\"@type\":\"BreadcrumbList\",\"@id\":\"https:\/\/www.camac-harps.com\/blog\/fr\/non-classifiee\/un-concert-danthologie\/#breadcrumb\",\"itemListElement\":[{\"@type\":\"ListItem\",\"position\":1,\"name\":\"Home\",\"item\":\"https:\/\/www.camac-harps.com\/blog\/fr\/\"},{\"@type\":\"ListItem\",\"position\":2,\"name\":\"Un concert&#8230; d&rsquo;Anthologie !\"}]},{\"@type\":\"WebSite\",\"@id\":\"https:\/\/www.camac-harps.com\/blog\/fr\/#website\",\"url\":\"https:\/\/www.camac-harps.com\/blog\/fr\/\",\"name\":\"Camac Harps\",\"description\":\"\",\"potentialAction\":[{\"@type\":\"SearchAction\",\"target\":{\"@type\":\"EntryPoint\",\"urlTemplate\":\"https:\/\/www.camac-harps.com\/blog\/fr\/?s={search_term_string}\"},\"query-input\":{\"@type\":\"PropertyValueSpecification\",\"valueRequired\":true,\"valueName\":\"search_term_string\"}}],\"inLanguage\":\"fr-FR\"},{\"@type\":\"Person\",\"@id\":\"https:\/\/www.camac-harps.com\/blog\/fr\/#\/schema\/person\/006439874c4dce6ab44edd15aa1b241d\",\"name\":\"annepostic\",\"image\":{\"@type\":\"ImageObject\",\"inLanguage\":\"fr-FR\",\"@id\":\"https:\/\/www.camac-harps.com\/blog\/fr\/#\/schema\/person\/image\/\",\"url\":\"https:\/\/secure.gravatar.com\/avatar\/ffb0930ecc7ecc35a72994a73446bc976914d08653591c7e8e6fa15ce253d4ad?s=96&d=mm&r=g\",\"contentUrl\":\"https:\/\/secure.gravatar.com\/avatar\/ffb0930ecc7ecc35a72994a73446bc976914d08653591c7e8e6fa15ce253d4ad?s=96&d=mm&r=g\",\"caption\":\"annepostic\"},\"url\":\"https:\/\/www.camac-harps.com\/blog\/fr\/author\/annepostic\/\"}]}<\/script>","yoast_head_json":{"title":"Un concert... d'Anthologie ! - Camac Harps","robots":{"index":"index","follow":"follow","max-snippet":"max-snippet:-1","max-image-preview":"max-image-preview:large","max-video-preview":"max-video-preview:-1"},"canonical":"https:\/\/www.camac-harps.com\/blog\/fr\/non-classifiee\/un-concert-danthologie\/","og_locale":"fr_FR","og_type":"article","og_title":"Un concert... d'Anthologie ! - Camac Harps","og_description":"Retour sur le tr\u00e8s bel apr\u00e8s-midi consacr\u00e9 \u00e0 la musique bretonne \u00e0 la harpe organis\u00e9 par le Collectif' Arp \u00e0 l'occasion de la sortie officielle de l'Anthologie de la Harpe Bretonne.","og_url":"https:\/\/www.camac-harps.com\/blog\/fr\/non-classifiee\/un-concert-danthologie\/","og_site_name":"Camac Harps","article_published_time":"2015-10-17T09:41:09+00:00","article_modified_time":"2017-06-29T07:15:32+00:00","og_image":[{"width":1540,"height":952,"url":"https:\/\/www.camac-harps.com\/blog\/wp-content\/uploads\/sites\/27\/2015\/10\/image1.jpg","type":"image\/jpeg"}],"author":"annepostic","twitter_card":"summary_large_image","twitter_misc":{"\u00c9crit par":"annepostic","Dur\u00e9e de lecture estim\u00e9e":"5 minutes"},"schema":{"@context":"https:\/\/schema.org","@graph":[{"@type":"Article","@id":"https:\/\/www.camac-harps.com\/blog\/fr\/non-classifiee\/un-concert-danthologie\/#article","isPartOf":{"@id":"https:\/\/www.camac-harps.com\/blog\/fr\/non-classifiee\/un-concert-danthologie\/"},"author":{"name":"annepostic","@id":"https:\/\/www.camac-harps.com\/blog\/fr\/#\/schema\/person\/006439874c4dce6ab44edd15aa1b241d"},"headline":"Un concert&#8230; d&rsquo;Anthologie !","datePublished":"2015-10-17T09:41:09+00:00","dateModified":"2017-06-29T07:15:32+00:00","mainEntityOfPage":{"@id":"https:\/\/www.camac-harps.com\/blog\/fr\/non-classifiee\/un-concert-danthologie\/"},"wordCount":1050,"commentCount":0,"image":{"@id":"https:\/\/www.camac-harps.com\/blog\/fr\/non-classifiee\/un-concert-danthologie\/#primaryimage"},"thumbnailUrl":"https:\/\/www.camac-harps.com\/blog\/wp-content\/uploads\/sites\/27\/2015\/10\/image1.jpg","articleSection":["Non classifi\u00e9(e)"],"inLanguage":"fr-FR","potentialAction":[{"@type":"CommentAction","name":"Comment","target":["https:\/\/www.camac-harps.com\/blog\/fr\/non-classifiee\/un-concert-danthologie\/#respond"]}]},{"@type":"WebPage","@id":"https:\/\/www.camac-harps.com\/blog\/fr\/non-classifiee\/un-concert-danthologie\/","url":"https:\/\/www.camac-harps.com\/blog\/fr\/non-classifiee\/un-concert-danthologie\/","name":"Un concert... d'Anthologie ! - Camac Harps","isPartOf":{"@id":"https:\/\/www.camac-harps.com\/blog\/fr\/#website"},"primaryImageOfPage":{"@id":"https:\/\/www.camac-harps.com\/blog\/fr\/non-classifiee\/un-concert-danthologie\/#primaryimage"},"image":{"@id":"https:\/\/www.camac-harps.com\/blog\/fr\/non-classifiee\/un-concert-danthologie\/#primaryimage"},"thumbnailUrl":"https:\/\/www.camac-harps.com\/blog\/wp-content\/uploads\/sites\/27\/2015\/10\/image1.jpg","datePublished":"2015-10-17T09:41:09+00:00","dateModified":"2017-06-29T07:15:32+00:00","author":{"@id":"https:\/\/www.camac-harps.com\/blog\/fr\/#\/schema\/person\/006439874c4dce6ab44edd15aa1b241d"},"breadcrumb":{"@id":"https:\/\/www.camac-harps.com\/blog\/fr\/non-classifiee\/un-concert-danthologie\/#breadcrumb"},"inLanguage":"fr-FR","potentialAction":[{"@type":"ReadAction","target":["https:\/\/www.camac-harps.com\/blog\/fr\/non-classifiee\/un-concert-danthologie\/"]}]},{"@type":"ImageObject","inLanguage":"fr-FR","@id":"https:\/\/www.camac-harps.com\/blog\/fr\/non-classifiee\/un-concert-danthologie\/#primaryimage","url":"https:\/\/www.camac-harps.com\/blog\/wp-content\/uploads\/sites\/27\/2015\/10\/image1.jpg","contentUrl":"https:\/\/www.camac-harps.com\/blog\/wp-content\/uploads\/sites\/27\/2015\/10\/image1.jpg","width":1540,"height":952},{"@type":"BreadcrumbList","@id":"https:\/\/www.camac-harps.com\/blog\/fr\/non-classifiee\/un-concert-danthologie\/#breadcrumb","itemListElement":[{"@type":"ListItem","position":1,"name":"Home","item":"https:\/\/www.camac-harps.com\/blog\/fr\/"},{"@type":"ListItem","position":2,"name":"Un concert&#8230; d&rsquo;Anthologie !"}]},{"@type":"WebSite","@id":"https:\/\/www.camac-harps.com\/blog\/fr\/#website","url":"https:\/\/www.camac-harps.com\/blog\/fr\/","name":"Camac Harps","description":"","potentialAction":[{"@type":"SearchAction","target":{"@type":"EntryPoint","urlTemplate":"https:\/\/www.camac-harps.com\/blog\/fr\/?s={search_term_string}"},"query-input":{"@type":"PropertyValueSpecification","valueRequired":true,"valueName":"search_term_string"}}],"inLanguage":"fr-FR"},{"@type":"Person","@id":"https:\/\/www.camac-harps.com\/blog\/fr\/#\/schema\/person\/006439874c4dce6ab44edd15aa1b241d","name":"annepostic","image":{"@type":"ImageObject","inLanguage":"fr-FR","@id":"https:\/\/www.camac-harps.com\/blog\/fr\/#\/schema\/person\/image\/","url":"https:\/\/secure.gravatar.com\/avatar\/ffb0930ecc7ecc35a72994a73446bc976914d08653591c7e8e6fa15ce253d4ad?s=96&d=mm&r=g","contentUrl":"https:\/\/secure.gravatar.com\/avatar\/ffb0930ecc7ecc35a72994a73446bc976914d08653591c7e8e6fa15ce253d4ad?s=96&d=mm&r=g","caption":"annepostic"},"url":"https:\/\/www.camac-harps.com\/blog\/fr\/author\/annepostic\/"}]}},"_links":{"self":[{"href":"https:\/\/www.camac-harps.com\/blog\/fr\/wp-json\/wp\/v2\/posts\/2477","targetHints":{"allow":["GET"]}}],"collection":[{"href":"https:\/\/www.camac-harps.com\/blog\/fr\/wp-json\/wp\/v2\/posts"}],"about":[{"href":"https:\/\/www.camac-harps.com\/blog\/fr\/wp-json\/wp\/v2\/types\/post"}],"author":[{"embeddable":true,"href":"https:\/\/www.camac-harps.com\/blog\/fr\/wp-json\/wp\/v2\/users\/4"}],"replies":[{"embeddable":true,"href":"https:\/\/www.camac-harps.com\/blog\/fr\/wp-json\/wp\/v2\/comments?post=2477"}],"version-history":[{"count":6,"href":"https:\/\/www.camac-harps.com\/blog\/fr\/wp-json\/wp\/v2\/posts\/2477\/revisions"}],"predecessor-version":[{"id":20308,"href":"https:\/\/www.camac-harps.com\/blog\/fr\/wp-json\/wp\/v2\/posts\/2477\/revisions\/20308"}],"wp:featuredmedia":[{"embeddable":true,"href":"https:\/\/www.camac-harps.com\/blog\/fr\/wp-json\/wp\/v2\/media\/2497"}],"wp:attachment":[{"href":"https:\/\/www.camac-harps.com\/blog\/fr\/wp-json\/wp\/v2\/media?parent=2477"}],"wp:term":[{"taxonomy":"category","embeddable":true,"href":"https:\/\/www.camac-harps.com\/blog\/fr\/wp-json\/wp\/v2\/categories?post=2477"},{"taxonomy":"post_tag","embeddable":true,"href":"https:\/\/www.camac-harps.com\/blog\/fr\/wp-json\/wp\/v2\/tags?post=2477"}],"curies":[{"name":"wp","href":"https:\/\/api.w.org\/{rel}","templated":true}]}}