{"id":25161,"date":"2018-09-04T10:17:37","date_gmt":"2018-09-04T10:17:37","guid":{"rendered":"https:\/\/www.camac-harps.com\/blog\/?p=25161"},"modified":"2018-09-13T18:04:10","modified_gmt":"2018-09-13T18:04:10","slug":"premiere-mondiale-de-arpa-mestiza-de-leonard-jacome-sasha-makila-malaysian-philharmonic","status":"publish","type":"post","link":"https:\/\/www.camac-harps.com\/blog\/fr\/actualites\/premiere-mondiale-de-arpa-mestiza-de-leonard-jacome-sasha-makila-malaysian-philharmonic\/","title":{"rendered":"Premi\u00e8re mondiale de \u00ab\u00a0Arpa Mestiza\u00a0\u00bb de Leonard Jacome \/ Sasha M\u00e4kil\u00e4 \/ Malaysian Philharmonic"},"content":{"rendered":"<p style=\"text-align: justify;\"><a href=\"https:\/\/www.camac-harps.com\/wp-content\/uploads\/sites\/27\/2018\/08\/jacomemalaysia.jpg\"><img loading=\"lazy\" decoding=\"async\" class=\"alignright size-medium wp-image-25121\" src=\"https:\/\/www.camac-harps.com\/wp-content\/uploads\/sites\/27\/2018\/08\/jacomemalaysia-278x300.jpg\" alt=\"Leonard Jacome \/ Malaysian Philharmonic\" width=\"278\" height=\"300\" srcset=\"https:\/\/www.camac-harps.com\/blog\/wp-content\/uploads\/sites\/27\/2018\/08\/jacomemalaysia-278x300.jpg 278w, https:\/\/www.camac-harps.com\/blog\/wp-content\/uploads\/sites\/27\/2018\/08\/jacomemalaysia-768x829.jpg 768w, https:\/\/www.camac-harps.com\/blog\/wp-content\/uploads\/sites\/27\/2018\/08\/jacomemalaysia-300x324.jpg 300w, https:\/\/www.camac-harps.com\/blog\/wp-content\/uploads\/sites\/27\/2018\/08\/jacomemalaysia-800x864.jpg 800w, https:\/\/www.camac-harps.com\/blog\/wp-content\/uploads\/sites\/27\/2018\/08\/jacomemalaysia-55x59.jpg 55w, https:\/\/www.camac-harps.com\/blog\/wp-content\/uploads\/sites\/27\/2018\/08\/jacomemalaysia-250x270.jpg 250w, https:\/\/www.camac-harps.com\/blog\/wp-content\/uploads\/sites\/27\/2018\/08\/jacomemalaysia.jpg 889w\" sizes=\"auto, (max-width: 278px) 100vw, 278px\" \/><\/a>Leonard Jacome remontera sur sc\u00e8ne avec le Malaysian Philharmonic dirig\u00e9 par\u00a0<a href=\"http:\/\/www.sashamakila.com\" target=\"_blank\" rel=\"noopener\">Sasha M\u00e4kil\u00e4<\/a>, pour cr\u00e9er en premi\u00e8re mondiale \u00ab\u00a0Arpa Mestiza\u00a0\u00bb. Il s&rsquo;agit d&rsquo;une nouvelle composition de Leonard pour\u00a0<a href=\"https:\/\/www.camac-harps.com\/blog\/fr\/harps-fr\/southamerican-fr\/ec-llanera-35\/\" target=\"_blank\" rel=\"noopener\">Llanera<\/a>, <a href=\"https:\/\/www.camac-harps.com\/blog\/fr\/harps-fr\/southamerican-fr\/electro-llanera-37\/\" target=\"_blank\" rel=\"noopener\">Electro Llanera<\/a> et orchestre, \u00e9crite pour montrer ce que ces deux harpes peuvent faire !\u00a0En collaboration avec l\u2019ambassade v\u00e9n\u00e9zu\u00e9lienne, le concert aura lieu les 10 et 11 novembre au Dewan Filharmonik Petronas \u00e0 Kuala Lumpur. Vous trouverez plus d&rsquo;informations concernant les r\u00e9servations <a href=\"http:\/\/mpo.com.my\/17-viva-venezuela\/\" target=\"_blank\" rel=\"noopener\">ici<\/a>.\u00a0<\/p>\n<p style=\"text-align: justify;\">Vous pouvez avoir un avant-go\u00fbt en regardant la vid\u00e9o ci-dessous prise lors de la derni\u00e8re visite en Malaisie de Leonard. Leonard y joue en solo, avec un big band et avec un orchestre. L&rsquo;expert en musique v\u00e9n\u00e9zu\u00e9lienne Fernando Guerrero y est aussi interview\u00e9 et y parle de la musique de Leonard et de l&rsquo;<a href=\"https:\/\/www.camac-harps.com\/blog\/fr\/harps-fr\/southamerican-fr\/electro-llanera-37\/\" target=\"_blank\" rel=\"noopener\">Electro Llanera<\/a> que nous avons con\u00e7ue en collaboration avec lui.\u00a0<\/p>\n<p>&nbsp;<\/p>\n<div class=\"gdpr_opt_in\" data-cc-enable=\"youtube\">\n<div class=\"gdpr_opt_in__inner\">Je souhaite activer le contenu vid\u00e9o et j&rsquo;accepte que des donn\u00e9es soient charg\u00e9es \u00e0 partir de Google (voir <a href=\"https:\/\/www.camac-harps.com\/blog\/fr\/actualites\/premiere-mondiale-de-arpa-mestiza-de-leonard-jacome-sasha-makila-malaysian-philharmonic\/\" target=\"_blank\">les r\u00e8gles de confidentialit\u00e9<\/a>).<\/div>\n<\/div>\n<div class=\"video_container\">\n<div class=\"video_container__inner\"><iframe title=\"LEONARD JACOME. Venezuelan Harp Concert with Big Band Jazz &amp; Philharmonic Orchestra\" width=\"500\" height=\"375\" alt-src=\"https:\/\/www.youtube-nocookie.com\/embed\/BA8wpJDrjAQ?feature=oembed\" frameborder=\"0\" allow=\"accelerometer; autoplay; clipboard-write; encrypted-media; gyroscope; picture-in-picture; web-share\" referrerpolicy=\"strict-origin-when-cross-origin\" allowfullscreen><\/iframe><\/div>\n<\/div>\n","protected":false},"excerpt":{"rendered":"<p>Leonard Jacome remonte sur sc\u00e8ne avec le Malaysian Philharmonic pour cr\u00e9er en premi\u00e8re mondiale sa composition pour harpes Llanera et Electro Llanera.<\/p>\n","protected":false},"author":3,"featured_media":24264,"comment_status":"open","ping_status":"open","sticky":false,"template":"","format":"standard","meta":{"_acf_changed":false,"footnotes":""},"categories":[781,533],"tags":[],"class_list":["post-25161","post","type-post","status-publish","format-standard","has-post-thumbnail","hentry","category-alaune","category-actualites"],"acf":[],"yoast_head":"<title>Premi\u00e8re mondiale de &quot;Arpa Mestiza&quot; de Leonard Jacome \/ Sasha M\u00e4kil\u00e4 \/ Malaysian Philharmonic - Camac Harps<\/title>\n<meta name=\"robots\" content=\"index, follow, max-snippet:-1, max-image-preview:large, max-video-preview:-1\" \/>\n<link rel=\"canonical\" href=\"https:\/\/www.camac-harps.com\/blog\/fr\/actualites\/premiere-mondiale-de-arpa-mestiza-de-leonard-jacome-sasha-makila-malaysian-philharmonic\/\" \/>\n<meta property=\"og:locale\" content=\"fr_FR\" \/>\n<meta property=\"og:type\" content=\"article\" \/>\n<meta property=\"og:title\" content=\"Premi\u00e8re mondiale de &quot;Arpa Mestiza&quot; de Leonard Jacome \/ Sasha M\u00e4kil\u00e4 \/ Malaysian Philharmonic - Camac Harps\" \/>\n<meta property=\"og:description\" content=\"Leonard Jacome remonte sur sc\u00e8ne avec le Malaysian Philharmonic pour cr\u00e9er en premi\u00e8re mondiale sa composition pour harpes Llanera et Electro Llanera.\" \/>\n<meta property=\"og:url\" content=\"https:\/\/www.camac-harps.com\/blog\/fr\/actualites\/premiere-mondiale-de-arpa-mestiza-de-leonard-jacome-sasha-makila-malaysian-philharmonic\/\" \/>\n<meta property=\"og:site_name\" content=\"Camac Harps\" \/>\n<meta property=\"article:published_time\" content=\"2018-09-04T10:17:37+00:00\" \/>\n<meta property=\"article:modified_time\" content=\"2018-09-13T18:04:10+00:00\" \/>\n<meta property=\"og:image\" content=\"https:\/\/www.camac-harps.com\/blog\/wp-content\/uploads\/sites\/27\/2016\/10\/instagram-13-1.jpg\" \/>\n\t<meta property=\"og:image:width\" content=\"2335\" \/>\n\t<meta property=\"og:image:height\" content=\"1793\" \/>\n\t<meta property=\"og:image:type\" content=\"image\/jpeg\" \/>\n<meta name=\"author\" content=\"Helen Leitner\" \/>\n<meta name=\"twitter:card\" content=\"summary_large_image\" \/>\n<meta name=\"twitter:label1\" content=\"\u00c9crit par\" \/>\n\t<meta name=\"twitter:data1\" content=\"Helen Leitner\" \/>\n\t<meta name=\"twitter:label2\" content=\"Dur\u00e9e de lecture estim\u00e9e\" \/>\n\t<meta name=\"twitter:data2\" content=\"1 minute\" \/>\n<script type=\"application\/ld+json\" class=\"yoast-schema-graph\">{\"@context\":\"https:\/\/schema.org\",\"@graph\":[{\"@type\":\"Article\",\"@id\":\"https:\/\/www.camac-harps.com\/blog\/fr\/actualites\/premiere-mondiale-de-arpa-mestiza-de-leonard-jacome-sasha-makila-malaysian-philharmonic\/#article\",\"isPartOf\":{\"@id\":\"https:\/\/www.camac-harps.com\/blog\/fr\/actualites\/premiere-mondiale-de-arpa-mestiza-de-leonard-jacome-sasha-makila-malaysian-philharmonic\/\"},\"author\":{\"name\":\"Helen Leitner\",\"@id\":\"https:\/\/www.camac-harps.com\/blog\/fr\/#\/schema\/person\/59b9e6843c0338179fb914afaf144d22\"},\"headline\":\"Premi\u00e8re mondiale de \u00ab\u00a0Arpa Mestiza\u00a0\u00bb de Leonard Jacome \/ Sasha M\u00e4kil\u00e4 \/ Malaysian Philharmonic\",\"datePublished\":\"2018-09-04T10:17:37+00:00\",\"dateModified\":\"2018-09-13T18:04:10+00:00\",\"mainEntityOfPage\":{\"@id\":\"https:\/\/www.camac-harps.com\/blog\/fr\/actualites\/premiere-mondiale-de-arpa-mestiza-de-leonard-jacome-sasha-makila-malaysian-philharmonic\/\"},\"wordCount\":175,\"commentCount\":0,\"image\":{\"@id\":\"https:\/\/www.camac-harps.com\/blog\/fr\/actualites\/premiere-mondiale-de-arpa-mestiza-de-leonard-jacome-sasha-makila-malaysian-philharmonic\/#primaryimage\"},\"thumbnailUrl\":\"https:\/\/www.camac-harps.com\/blog\/wp-content\/uploads\/sites\/27\/2016\/10\/instagram-13-1.jpg\",\"articleSection\":[\"\u00c0 la une\",\"Actualit\u00e9s\"],\"inLanguage\":\"fr-FR\",\"potentialAction\":[{\"@type\":\"CommentAction\",\"name\":\"Comment\",\"target\":[\"https:\/\/www.camac-harps.com\/blog\/fr\/actualites\/premiere-mondiale-de-arpa-mestiza-de-leonard-jacome-sasha-makila-malaysian-philharmonic\/#respond\"]}]},{\"@type\":\"WebPage\",\"@id\":\"https:\/\/www.camac-harps.com\/blog\/fr\/actualites\/premiere-mondiale-de-arpa-mestiza-de-leonard-jacome-sasha-makila-malaysian-philharmonic\/\",\"url\":\"https:\/\/www.camac-harps.com\/blog\/fr\/actualites\/premiere-mondiale-de-arpa-mestiza-de-leonard-jacome-sasha-makila-malaysian-philharmonic\/\",\"name\":\"Premi\u00e8re mondiale de \\\"Arpa Mestiza\\\" de Leonard Jacome \/ Sasha M\u00e4kil\u00e4 \/ Malaysian Philharmonic - Camac Harps\",\"isPartOf\":{\"@id\":\"https:\/\/www.camac-harps.com\/blog\/fr\/#website\"},\"primaryImageOfPage\":{\"@id\":\"https:\/\/www.camac-harps.com\/blog\/fr\/actualites\/premiere-mondiale-de-arpa-mestiza-de-leonard-jacome-sasha-makila-malaysian-philharmonic\/#primaryimage\"},\"image\":{\"@id\":\"https:\/\/www.camac-harps.com\/blog\/fr\/actualites\/premiere-mondiale-de-arpa-mestiza-de-leonard-jacome-sasha-makila-malaysian-philharmonic\/#primaryimage\"},\"thumbnailUrl\":\"https:\/\/www.camac-harps.com\/blog\/wp-content\/uploads\/sites\/27\/2016\/10\/instagram-13-1.jpg\",\"datePublished\":\"2018-09-04T10:17:37+00:00\",\"dateModified\":\"2018-09-13T18:04:10+00:00\",\"author\":{\"@id\":\"https:\/\/www.camac-harps.com\/blog\/fr\/#\/schema\/person\/59b9e6843c0338179fb914afaf144d22\"},\"breadcrumb\":{\"@id\":\"https:\/\/www.camac-harps.com\/blog\/fr\/actualites\/premiere-mondiale-de-arpa-mestiza-de-leonard-jacome-sasha-makila-malaysian-philharmonic\/#breadcrumb\"},\"inLanguage\":\"fr-FR\",\"potentialAction\":[{\"@type\":\"ReadAction\",\"target\":[\"https:\/\/www.camac-harps.com\/blog\/fr\/actualites\/premiere-mondiale-de-arpa-mestiza-de-leonard-jacome-sasha-makila-malaysian-philharmonic\/\"]}]},{\"@type\":\"ImageObject\",\"inLanguage\":\"fr-FR\",\"@id\":\"https:\/\/www.camac-harps.com\/blog\/fr\/actualites\/premiere-mondiale-de-arpa-mestiza-de-leonard-jacome-sasha-makila-malaysian-philharmonic\/#primaryimage\",\"url\":\"https:\/\/www.camac-harps.com\/blog\/wp-content\/uploads\/sites\/27\/2016\/10\/instagram-13-1.jpg\",\"contentUrl\":\"https:\/\/www.camac-harps.com\/blog\/wp-content\/uploads\/sites\/27\/2016\/10\/instagram-13-1.jpg\",\"width\":2335,\"height\":1793},{\"@type\":\"BreadcrumbList\",\"@id\":\"https:\/\/www.camac-harps.com\/blog\/fr\/actualites\/premiere-mondiale-de-arpa-mestiza-de-leonard-jacome-sasha-makila-malaysian-philharmonic\/#breadcrumb\",\"itemListElement\":[{\"@type\":\"ListItem\",\"position\":1,\"name\":\"Home\",\"item\":\"https:\/\/www.camac-harps.com\/blog\/fr\/\"},{\"@type\":\"ListItem\",\"position\":2,\"name\":\"Premi\u00e8re mondiale de &#8220;Arpa Mestiza&#8221; de Leonard Jacome \/ Sasha M\u00e4kil\u00e4 \/ Malaysian Philharmonic\"}]},{\"@type\":\"WebSite\",\"@id\":\"https:\/\/www.camac-harps.com\/blog\/fr\/#website\",\"url\":\"https:\/\/www.camac-harps.com\/blog\/fr\/\",\"name\":\"Camac Harps\",\"description\":\"\",\"potentialAction\":[{\"@type\":\"SearchAction\",\"target\":{\"@type\":\"EntryPoint\",\"urlTemplate\":\"https:\/\/www.camac-harps.com\/blog\/fr\/?s={search_term_string}\"},\"query-input\":{\"@type\":\"PropertyValueSpecification\",\"valueRequired\":true,\"valueName\":\"search_term_string\"}}],\"inLanguage\":\"fr-FR\"},{\"@type\":\"Person\",\"@id\":\"https:\/\/www.camac-harps.com\/blog\/fr\/#\/schema\/person\/59b9e6843c0338179fb914afaf144d22\",\"name\":\"Helen Leitner\",\"image\":{\"@type\":\"ImageObject\",\"inLanguage\":\"fr-FR\",\"@id\":\"https:\/\/www.camac-harps.com\/blog\/fr\/#\/schema\/person\/image\/\",\"url\":\"https:\/\/secure.gravatar.com\/avatar\/ebbebff931219cff4c2d1e25c3229b2e036693f67bf237fb12f452d7a019a6da?s=96&d=mm&r=g\",\"contentUrl\":\"https:\/\/secure.gravatar.com\/avatar\/ebbebff931219cff4c2d1e25c3229b2e036693f67bf237fb12f452d7a019a6da?s=96&d=mm&r=g\",\"caption\":\"Helen Leitner\"},\"url\":\"https:\/\/www.camac-harps.com\/blog\/fr\/author\/ltnr\/\"}]}<\/script>","yoast_head_json":{"title":"Premi\u00e8re mondiale de \"Arpa Mestiza\" de Leonard Jacome \/ Sasha M\u00e4kil\u00e4 \/ Malaysian Philharmonic - Camac Harps","robots":{"index":"index","follow":"follow","max-snippet":"max-snippet:-1","max-image-preview":"max-image-preview:large","max-video-preview":"max-video-preview:-1"},"canonical":"https:\/\/www.camac-harps.com\/blog\/fr\/actualites\/premiere-mondiale-de-arpa-mestiza-de-leonard-jacome-sasha-makila-malaysian-philharmonic\/","og_locale":"fr_FR","og_type":"article","og_title":"Premi\u00e8re mondiale de \"Arpa Mestiza\" de Leonard Jacome \/ Sasha M\u00e4kil\u00e4 \/ Malaysian Philharmonic - Camac Harps","og_description":"Leonard Jacome remonte sur sc\u00e8ne avec le Malaysian Philharmonic pour cr\u00e9er en premi\u00e8re mondiale sa composition pour harpes Llanera et Electro Llanera.","og_url":"https:\/\/www.camac-harps.com\/blog\/fr\/actualites\/premiere-mondiale-de-arpa-mestiza-de-leonard-jacome-sasha-makila-malaysian-philharmonic\/","og_site_name":"Camac Harps","article_published_time":"2018-09-04T10:17:37+00:00","article_modified_time":"2018-09-13T18:04:10+00:00","og_image":[{"width":2335,"height":1793,"url":"https:\/\/www.camac-harps.com\/blog\/wp-content\/uploads\/sites\/27\/2016\/10\/instagram-13-1.jpg","type":"image\/jpeg"}],"author":"Helen Leitner","twitter_card":"summary_large_image","twitter_misc":{"\u00c9crit par":"Helen Leitner","Dur\u00e9e de lecture estim\u00e9e":"1 minute"},"schema":{"@context":"https:\/\/schema.org","@graph":[{"@type":"Article","@id":"https:\/\/www.camac-harps.com\/blog\/fr\/actualites\/premiere-mondiale-de-arpa-mestiza-de-leonard-jacome-sasha-makila-malaysian-philharmonic\/#article","isPartOf":{"@id":"https:\/\/www.camac-harps.com\/blog\/fr\/actualites\/premiere-mondiale-de-arpa-mestiza-de-leonard-jacome-sasha-makila-malaysian-philharmonic\/"},"author":{"name":"Helen Leitner","@id":"https:\/\/www.camac-harps.com\/blog\/fr\/#\/schema\/person\/59b9e6843c0338179fb914afaf144d22"},"headline":"Premi\u00e8re mondiale de \u00ab\u00a0Arpa Mestiza\u00a0\u00bb de Leonard Jacome \/ Sasha M\u00e4kil\u00e4 \/ Malaysian Philharmonic","datePublished":"2018-09-04T10:17:37+00:00","dateModified":"2018-09-13T18:04:10+00:00","mainEntityOfPage":{"@id":"https:\/\/www.camac-harps.com\/blog\/fr\/actualites\/premiere-mondiale-de-arpa-mestiza-de-leonard-jacome-sasha-makila-malaysian-philharmonic\/"},"wordCount":175,"commentCount":0,"image":{"@id":"https:\/\/www.camac-harps.com\/blog\/fr\/actualites\/premiere-mondiale-de-arpa-mestiza-de-leonard-jacome-sasha-makila-malaysian-philharmonic\/#primaryimage"},"thumbnailUrl":"https:\/\/www.camac-harps.com\/blog\/wp-content\/uploads\/sites\/27\/2016\/10\/instagram-13-1.jpg","articleSection":["\u00c0 la une","Actualit\u00e9s"],"inLanguage":"fr-FR","potentialAction":[{"@type":"CommentAction","name":"Comment","target":["https:\/\/www.camac-harps.com\/blog\/fr\/actualites\/premiere-mondiale-de-arpa-mestiza-de-leonard-jacome-sasha-makila-malaysian-philharmonic\/#respond"]}]},{"@type":"WebPage","@id":"https:\/\/www.camac-harps.com\/blog\/fr\/actualites\/premiere-mondiale-de-arpa-mestiza-de-leonard-jacome-sasha-makila-malaysian-philharmonic\/","url":"https:\/\/www.camac-harps.com\/blog\/fr\/actualites\/premiere-mondiale-de-arpa-mestiza-de-leonard-jacome-sasha-makila-malaysian-philharmonic\/","name":"Premi\u00e8re mondiale de \"Arpa Mestiza\" de Leonard Jacome \/ Sasha M\u00e4kil\u00e4 \/ Malaysian Philharmonic - Camac Harps","isPartOf":{"@id":"https:\/\/www.camac-harps.com\/blog\/fr\/#website"},"primaryImageOfPage":{"@id":"https:\/\/www.camac-harps.com\/blog\/fr\/actualites\/premiere-mondiale-de-arpa-mestiza-de-leonard-jacome-sasha-makila-malaysian-philharmonic\/#primaryimage"},"image":{"@id":"https:\/\/www.camac-harps.com\/blog\/fr\/actualites\/premiere-mondiale-de-arpa-mestiza-de-leonard-jacome-sasha-makila-malaysian-philharmonic\/#primaryimage"},"thumbnailUrl":"https:\/\/www.camac-harps.com\/blog\/wp-content\/uploads\/sites\/27\/2016\/10\/instagram-13-1.jpg","datePublished":"2018-09-04T10:17:37+00:00","dateModified":"2018-09-13T18:04:10+00:00","author":{"@id":"https:\/\/www.camac-harps.com\/blog\/fr\/#\/schema\/person\/59b9e6843c0338179fb914afaf144d22"},"breadcrumb":{"@id":"https:\/\/www.camac-harps.com\/blog\/fr\/actualites\/premiere-mondiale-de-arpa-mestiza-de-leonard-jacome-sasha-makila-malaysian-philharmonic\/#breadcrumb"},"inLanguage":"fr-FR","potentialAction":[{"@type":"ReadAction","target":["https:\/\/www.camac-harps.com\/blog\/fr\/actualites\/premiere-mondiale-de-arpa-mestiza-de-leonard-jacome-sasha-makila-malaysian-philharmonic\/"]}]},{"@type":"ImageObject","inLanguage":"fr-FR","@id":"https:\/\/www.camac-harps.com\/blog\/fr\/actualites\/premiere-mondiale-de-arpa-mestiza-de-leonard-jacome-sasha-makila-malaysian-philharmonic\/#primaryimage","url":"https:\/\/www.camac-harps.com\/blog\/wp-content\/uploads\/sites\/27\/2016\/10\/instagram-13-1.jpg","contentUrl":"https:\/\/www.camac-harps.com\/blog\/wp-content\/uploads\/sites\/27\/2016\/10\/instagram-13-1.jpg","width":2335,"height":1793},{"@type":"BreadcrumbList","@id":"https:\/\/www.camac-harps.com\/blog\/fr\/actualites\/premiere-mondiale-de-arpa-mestiza-de-leonard-jacome-sasha-makila-malaysian-philharmonic\/#breadcrumb","itemListElement":[{"@type":"ListItem","position":1,"name":"Home","item":"https:\/\/www.camac-harps.com\/blog\/fr\/"},{"@type":"ListItem","position":2,"name":"Premi\u00e8re mondiale de &#8220;Arpa Mestiza&#8221; de Leonard Jacome \/ Sasha M\u00e4kil\u00e4 \/ Malaysian Philharmonic"}]},{"@type":"WebSite","@id":"https:\/\/www.camac-harps.com\/blog\/fr\/#website","url":"https:\/\/www.camac-harps.com\/blog\/fr\/","name":"Camac Harps","description":"","potentialAction":[{"@type":"SearchAction","target":{"@type":"EntryPoint","urlTemplate":"https:\/\/www.camac-harps.com\/blog\/fr\/?s={search_term_string}"},"query-input":{"@type":"PropertyValueSpecification","valueRequired":true,"valueName":"search_term_string"}}],"inLanguage":"fr-FR"},{"@type":"Person","@id":"https:\/\/www.camac-harps.com\/blog\/fr\/#\/schema\/person\/59b9e6843c0338179fb914afaf144d22","name":"Helen Leitner","image":{"@type":"ImageObject","inLanguage":"fr-FR","@id":"https:\/\/www.camac-harps.com\/blog\/fr\/#\/schema\/person\/image\/","url":"https:\/\/secure.gravatar.com\/avatar\/ebbebff931219cff4c2d1e25c3229b2e036693f67bf237fb12f452d7a019a6da?s=96&d=mm&r=g","contentUrl":"https:\/\/secure.gravatar.com\/avatar\/ebbebff931219cff4c2d1e25c3229b2e036693f67bf237fb12f452d7a019a6da?s=96&d=mm&r=g","caption":"Helen Leitner"},"url":"https:\/\/www.camac-harps.com\/blog\/fr\/author\/ltnr\/"}]}},"_links":{"self":[{"href":"https:\/\/www.camac-harps.com\/blog\/fr\/wp-json\/wp\/v2\/posts\/25161","targetHints":{"allow":["GET"]}}],"collection":[{"href":"https:\/\/www.camac-harps.com\/blog\/fr\/wp-json\/wp\/v2\/posts"}],"about":[{"href":"https:\/\/www.camac-harps.com\/blog\/fr\/wp-json\/wp\/v2\/types\/post"}],"author":[{"embeddable":true,"href":"https:\/\/www.camac-harps.com\/blog\/fr\/wp-json\/wp\/v2\/users\/3"}],"replies":[{"embeddable":true,"href":"https:\/\/www.camac-harps.com\/blog\/fr\/wp-json\/wp\/v2\/comments?post=25161"}],"version-history":[{"count":3,"href":"https:\/\/www.camac-harps.com\/blog\/fr\/wp-json\/wp\/v2\/posts\/25161\/revisions"}],"predecessor-version":[{"id":25351,"href":"https:\/\/www.camac-harps.com\/blog\/fr\/wp-json\/wp\/v2\/posts\/25161\/revisions\/25351"}],"wp:featuredmedia":[{"embeddable":true,"href":"https:\/\/www.camac-harps.com\/blog\/fr\/wp-json\/wp\/v2\/media\/24264"}],"wp:attachment":[{"href":"https:\/\/www.camac-harps.com\/blog\/fr\/wp-json\/wp\/v2\/media?parent=25161"}],"wp:term":[{"taxonomy":"category","embeddable":true,"href":"https:\/\/www.camac-harps.com\/blog\/fr\/wp-json\/wp\/v2\/categories?post=25161"},{"taxonomy":"post_tag","embeddable":true,"href":"https:\/\/www.camac-harps.com\/blog\/fr\/wp-json\/wp\/v2\/tags?post=25161"}],"curies":[{"name":"wp","href":"https:\/\/api.w.org\/{rel}","templated":true}]}}