{"id":25491,"date":"2018-09-27T08:34:03","date_gmt":"2018-09-27T08:34:03","guid":{"rendered":"https:\/\/www.camac-harps.com\/blog\/?p=25491"},"modified":"2018-09-28T08:17:10","modified_gmt":"2018-09-28T08:17:10","slug":"le-festival-camac-a-belfort-approche-a-la-rencontre-de-maestral","status":"publish","type":"post","link":"https:\/\/www.camac-harps.com\/blog\/fr\/actualites\/le-festival-camac-a-belfort-approche-a-la-rencontre-de-maestral\/","title":{"rendered":"Le Festival Camac \u00e0 Belfort approche&#8230; : A la rencontre de Maestral !"},"content":{"rendered":"<div class=\"gdpr_opt_in\" data-cc-enable=\"\">\n<div class=\"gdpr_opt_in__inner\">Je souhaite activer le contenu vid\u00e9o et j&rsquo;accepte que des donn\u00e9es soient charg\u00e9es \u00e0 partir de  (voir <a href=\"https:\/\/www.camac-harps.com\/blog\/fr\/actualites\/le-festival-camac-a-belfort-approche-a-la-rencontre-de-maestral\/\" target=\"_blank\">les r\u00e8gles de confidentialit\u00e9<\/a>).<\/div>\n<\/div>\n<div class=\"video_container\">\n<div class=\"video_container__inner\"><iframe title=\"01 Dre ar Bed by Maestral quartet\" width=\"500\" height=\"400\" scrolling=\"no\" frameborder=\"no\" alt-src=\"https:\/\/w.soundcloud.com\/player\/?visual=true&#038;url=https%3A%2F%2Fapi.soundcloud.com%2Ftracks%2F242071161&#038;show_artwork=true&#038;maxheight=750&#038;maxwidth=500\"><\/iframe><\/div>\n<\/div>\n<p>&nbsp;<\/p>\n<p style=\"text-align: justify;\">On peut encore trouver une ou deux enclaves de harpistes \u00e0 p\u00e9dales qui consid\u00e8rent la harpe celtique comme un instrument d&rsquo;\u00e9tude sur lequel l&rsquo;\u00e9l\u00e8ve d\u00e9bute. Bien s\u00fbr, on peut tout \u00e0 fait d\u00e9cider qu&rsquo;on aime la musique classique et que l&rsquo;on choisit donc la harpe \u00e0 p\u00e9dales plut\u00f4t que \/ en plus de la harpe celtique, mais cette derni\u00e8re est indubitablement un instrument \u00e0 part enti\u00e8re, pouvant jouer tout un panel de r\u00e9pertoires : traditionnel, jazz, world, \u00e9lectro ou m\u00eame musique classique contemporaine comme dans les pi\u00e8ces de Pierick Houdy ou de Bernard Andr\u00e8s. La harpe celtique est non seulement vivante et \u00e9nergique, mais aussi extr\u00eamement mouvante, franchissant sans effort les barri\u00e8res des genres musicaux et trouvant son expression dans toutes sortes de styles actuels.<\/p>\n<p style=\"text-align: justify;\">Sur ce blog, vous pourrez trouver de nombreux articles consacr\u00e9s \u00e0 la harpe celtique, en particulier en Bretagne o\u00f9 Les Harpes Camac ont toujours \u00e9t\u00e9 bas\u00e9es.\u00a0Le quartet\u00a0<a href=\"https:\/\/www.maestral.fr\" target=\"_blank\" rel=\"noopener\">Maestral<\/a>\u00a0propose une musique m\u00e9tiss\u00e9e, \u00e0 la fois ancr\u00e9e dans la tradition bretonne et ouverte sur le monde. Leur\u00a0<a href=\"https:\/\/www.camac-harps.com\/blog\/fr\/blog\/non-classifiee\/maestral-confluences\/\" target=\"_blank\" rel=\"noopener\">premier album<\/a>, dans un style plut\u00f4t celto-jazz, est paru en 2016. Et vous pourrez les \u00e9couter sur sc\u00e8ne lors de notre festival \u00e0 Belfort dans quelques semaines o\u00f9 ils proposeront un programme toujours enracin\u00e9 dans la musique traditionnelle bretonne mais tourn\u00e9 vers le jazz et les musiques du monde !\u00a0Leur concert aura lieu le vendredi 19 octobre \u00e0 21h30. Le samedi 20 octobre, vous pourrez \u00e9galement participer, ou simplement assister, \u00e0 l&rsquo;atelier que proposera la harpiste de Maestral,\u00a0<a href=\"https:\/\/www.annepostic.fr\" target=\"_blank\" rel=\"noopener\">Anne Postic<\/a>.\u00a0<\/p>\n<p style=\"text-align: justify;\">Sp\u00e9cialiste de la harpe celtique aux solides racines bretonnes, Anne a \u00e9tudi\u00e9 \u00e0 Douarnenez, \u00e0 Lorient et \u00e0 Quimper, o\u00f9 elle a obtenu son Dipl\u00f4me d&rsquo;Etudes Musicales en Musique Traditionnelle en 2003.\u00a0Elle a remport\u00e9 de nombreux prix nationaux et internationaux comme au concours de Kan ar Bobl \u00e0 Pontivy, au concours de l&rsquo;UFAM \u00e0 Paris, au Concours International de Harpe Celtique Jakez Fran\u00e7ois \u00e0 Nantes ou encore \u00e0 la Non-Pedal Harp International Competition \u00e0 Caernarfon au pays de Galles. Professeure tr\u00e8s engag\u00e9e, elle enseigne la harpe celtique et la musique traditionnelle \u00e0 la Maison de la Musique du Pays de Landerneau et \u00e0 l&rsquo;Ecole des Musiques du Pays de Daoulas dans le Finist\u00e8re en Bretagne. Elle a d&rsquo;ailleurs obtenu son Dipl\u00f4me d&rsquo;Etat de Professeur de Musiques traditionnelles en 2013. Elle donne \u00e9galement des stages et des concerts de musiques bretonne et celtique \u00e0 travers le monde.<\/p>\n<p style=\"text-align: justify;\">Nous avons vraiment h\u00e2te d&rsquo;accueillir Maestral \u00e0 Belfort et pour f\u00eater cela, votre d\u00e9vou\u00e9e \u00e9quipe Camac en charge des relations artistiques vous offre un\u00a0<strong>**CD gratuit**<\/strong>\u00a0de \u00ab\u00a0Confluences\u00a0\u00bb : premier arriv\u00e9, premier servi ! Pour cela, il vous suffit de nous faire parvenir un message en indiquant votre adresse postale \u00e0\u00a0<a href=\"mailto:harpblog@camac-harps.com\" target=\"_blank\" rel=\"noopener\">harpblog@camac-harps.com<\/a>. Si ce n&rsquo;est pas votre jour de chance, vous pourrez bien entendu en acheter un exemplaire (et m\u00eame le faire\u00a0 d\u00e9dicacer !) lors de leur concert \u00e0 Belfort !\u00a0<\/p>\n<p style=\"text-align: justify;\">\u00a0L&rsquo;entr\u00e9e est gratuite, mais il est n\u00e9cessaire de r\u00e9server via le\u00a0<a href=\"https:\/\/www.camac-harps.com\/blog\/en\/events\/?sd=2018-10-19\" target=\"_blank\" rel=\"noopener\">formulaire en ligne<\/a>.\u00a0<\/p>\n","protected":false},"excerpt":{"rendered":"<p>Sur ce blog, vous pourrez trouver de nombreux articles consacr\u00e9s \u00e0 la harpe celtique, en particulier en Bretagne o\u00f9 Les Harpes Camac ont toujours \u00e9t\u00e9 bas\u00e9es. Le quartet\u00a0Maestral\u00a0propose une musique m\u00e9tiss\u00e9e, \u00e0 la fois ancr\u00e9e dans la tradition bretonne et ouverte sur le monde. Leur\u00a0premier album est paru en 2016. Et vous pourrez les \u00e9couter sur sc\u00e8ne lors de notre festival \u00e0 Belfort dans quelques semaines !\u00a0<\/p>\n","protected":false},"author":3,"featured_media":24070,"comment_status":"open","ping_status":"open","sticky":false,"template":"","format":"standard","meta":{"_acf_changed":false,"footnotes":""},"categories":[533],"tags":[],"class_list":["post-25491","post","type-post","status-publish","format-standard","has-post-thumbnail","hentry","category-actualites"],"acf":[],"yoast_head":"<title>Le Festival Camac \u00e0 Belfort approche... : A la rencontre de Maestral ! - Camac Harps<\/title>\n<meta name=\"robots\" content=\"index, follow, max-snippet:-1, max-image-preview:large, max-video-preview:-1\" \/>\n<link rel=\"canonical\" href=\"https:\/\/www.camac-harps.com\/blog\/fr\/actualites\/le-festival-camac-a-belfort-approche-a-la-rencontre-de-maestral\/\" \/>\n<meta property=\"og:locale\" content=\"fr_FR\" \/>\n<meta property=\"og:type\" content=\"article\" \/>\n<meta property=\"og:title\" content=\"Le Festival Camac \u00e0 Belfort approche... : A la rencontre de Maestral ! - Camac Harps\" \/>\n<meta property=\"og:description\" content=\"Sur ce blog, vous pourrez trouver de nombreux articles consacr\u00e9s \u00e0 la harpe celtique, en particulier en Bretagne o\u00f9 Les Harpes Camac ont toujours \u00e9t\u00e9 bas\u00e9es. Le quartet\u00a0Maestral\u00a0propose une musique m\u00e9tiss\u00e9e, \u00e0 la fois ancr\u00e9e dans la tradition bretonne et ouverte sur le monde. Leur\u00a0premier album est paru en 2016. Et vous pourrez les \u00e9couter sur sc\u00e8ne lors de notre festival \u00e0 Belfort dans quelques semaines !\u00a0\" \/>\n<meta property=\"og:url\" content=\"https:\/\/www.camac-harps.com\/blog\/fr\/actualites\/le-festival-camac-a-belfort-approche-a-la-rencontre-de-maestral\/\" \/>\n<meta property=\"og:site_name\" content=\"Camac Harps\" \/>\n<meta property=\"article:published_time\" content=\"2018-09-27T08:34:03+00:00\" \/>\n<meta property=\"article:modified_time\" content=\"2018-09-28T08:17:10+00:00\" \/>\n<meta property=\"og:image\" content=\"https:\/\/www.camac-harps.com\/blog\/wp-content\/uploads\/sites\/27\/2016\/03\/maestral-album-cover.jpg\" \/>\n\t<meta property=\"og:image:width\" content=\"950\" \/>\n\t<meta property=\"og:image:height\" content=\"950\" \/>\n\t<meta property=\"og:image:type\" content=\"image\/jpeg\" \/>\n<meta name=\"author\" content=\"Helen Leitner\" \/>\n<meta name=\"twitter:card\" content=\"summary_large_image\" \/>\n<meta name=\"twitter:label1\" content=\"\u00c9crit par\" \/>\n\t<meta name=\"twitter:data1\" content=\"Helen Leitner\" \/>\n\t<meta name=\"twitter:label2\" content=\"Dur\u00e9e de lecture estim\u00e9e\" \/>\n\t<meta name=\"twitter:data2\" content=\"3 minutes\" \/>\n<script type=\"application\/ld+json\" class=\"yoast-schema-graph\">{\"@context\":\"https:\/\/schema.org\",\"@graph\":[{\"@type\":\"Article\",\"@id\":\"https:\/\/www.camac-harps.com\/blog\/fr\/actualites\/le-festival-camac-a-belfort-approche-a-la-rencontre-de-maestral\/#article\",\"isPartOf\":{\"@id\":\"https:\/\/www.camac-harps.com\/blog\/fr\/actualites\/le-festival-camac-a-belfort-approche-a-la-rencontre-de-maestral\/\"},\"author\":{\"name\":\"Helen Leitner\",\"@id\":\"https:\/\/www.camac-harps.com\/blog\/fr\/#\/schema\/person\/59b9e6843c0338179fb914afaf144d22\"},\"headline\":\"Le Festival Camac \u00e0 Belfort approche&#8230; : A la rencontre de Maestral !\",\"datePublished\":\"2018-09-27T08:34:03+00:00\",\"dateModified\":\"2018-09-28T08:17:10+00:00\",\"mainEntityOfPage\":{\"@id\":\"https:\/\/www.camac-harps.com\/blog\/fr\/actualites\/le-festival-camac-a-belfort-approche-a-la-rencontre-de-maestral\/\"},\"wordCount\":530,\"commentCount\":1,\"image\":{\"@id\":\"https:\/\/www.camac-harps.com\/blog\/fr\/actualites\/le-festival-camac-a-belfort-approche-a-la-rencontre-de-maestral\/#primaryimage\"},\"thumbnailUrl\":\"https:\/\/www.camac-harps.com\/blog\/wp-content\/uploads\/sites\/27\/2016\/03\/maestral-album-cover.jpg\",\"articleSection\":[\"Actualit\u00e9s\"],\"inLanguage\":\"fr-FR\",\"potentialAction\":[{\"@type\":\"CommentAction\",\"name\":\"Comment\",\"target\":[\"https:\/\/www.camac-harps.com\/blog\/fr\/actualites\/le-festival-camac-a-belfort-approche-a-la-rencontre-de-maestral\/#respond\"]}]},{\"@type\":\"WebPage\",\"@id\":\"https:\/\/www.camac-harps.com\/blog\/fr\/actualites\/le-festival-camac-a-belfort-approche-a-la-rencontre-de-maestral\/\",\"url\":\"https:\/\/www.camac-harps.com\/blog\/fr\/actualites\/le-festival-camac-a-belfort-approche-a-la-rencontre-de-maestral\/\",\"name\":\"Le Festival Camac \u00e0 Belfort approche... : A la rencontre de Maestral ! - Camac Harps\",\"isPartOf\":{\"@id\":\"https:\/\/www.camac-harps.com\/blog\/fr\/#website\"},\"primaryImageOfPage\":{\"@id\":\"https:\/\/www.camac-harps.com\/blog\/fr\/actualites\/le-festival-camac-a-belfort-approche-a-la-rencontre-de-maestral\/#primaryimage\"},\"image\":{\"@id\":\"https:\/\/www.camac-harps.com\/blog\/fr\/actualites\/le-festival-camac-a-belfort-approche-a-la-rencontre-de-maestral\/#primaryimage\"},\"thumbnailUrl\":\"https:\/\/www.camac-harps.com\/blog\/wp-content\/uploads\/sites\/27\/2016\/03\/maestral-album-cover.jpg\",\"datePublished\":\"2018-09-27T08:34:03+00:00\",\"dateModified\":\"2018-09-28T08:17:10+00:00\",\"author\":{\"@id\":\"https:\/\/www.camac-harps.com\/blog\/fr\/#\/schema\/person\/59b9e6843c0338179fb914afaf144d22\"},\"breadcrumb\":{\"@id\":\"https:\/\/www.camac-harps.com\/blog\/fr\/actualites\/le-festival-camac-a-belfort-approche-a-la-rencontre-de-maestral\/#breadcrumb\"},\"inLanguage\":\"fr-FR\",\"potentialAction\":[{\"@type\":\"ReadAction\",\"target\":[\"https:\/\/www.camac-harps.com\/blog\/fr\/actualites\/le-festival-camac-a-belfort-approche-a-la-rencontre-de-maestral\/\"]}]},{\"@type\":\"ImageObject\",\"inLanguage\":\"fr-FR\",\"@id\":\"https:\/\/www.camac-harps.com\/blog\/fr\/actualites\/le-festival-camac-a-belfort-approche-a-la-rencontre-de-maestral\/#primaryimage\",\"url\":\"https:\/\/www.camac-harps.com\/blog\/wp-content\/uploads\/sites\/27\/2016\/03\/maestral-album-cover.jpg\",\"contentUrl\":\"https:\/\/www.camac-harps.com\/blog\/wp-content\/uploads\/sites\/27\/2016\/03\/maestral-album-cover.jpg\",\"width\":950,\"height\":950},{\"@type\":\"BreadcrumbList\",\"@id\":\"https:\/\/www.camac-harps.com\/blog\/fr\/actualites\/le-festival-camac-a-belfort-approche-a-la-rencontre-de-maestral\/#breadcrumb\",\"itemListElement\":[{\"@type\":\"ListItem\",\"position\":1,\"name\":\"Home\",\"item\":\"https:\/\/www.camac-harps.com\/blog\/fr\/\"},{\"@type\":\"ListItem\",\"position\":2,\"name\":\"Le Festival Camac \u00e0 Belfort approche&#8230; : A la rencontre de Maestral !\"}]},{\"@type\":\"WebSite\",\"@id\":\"https:\/\/www.camac-harps.com\/blog\/fr\/#website\",\"url\":\"https:\/\/www.camac-harps.com\/blog\/fr\/\",\"name\":\"Camac Harps\",\"description\":\"\",\"potentialAction\":[{\"@type\":\"SearchAction\",\"target\":{\"@type\":\"EntryPoint\",\"urlTemplate\":\"https:\/\/www.camac-harps.com\/blog\/fr\/?s={search_term_string}\"},\"query-input\":{\"@type\":\"PropertyValueSpecification\",\"valueRequired\":true,\"valueName\":\"search_term_string\"}}],\"inLanguage\":\"fr-FR\"},{\"@type\":\"Person\",\"@id\":\"https:\/\/www.camac-harps.com\/blog\/fr\/#\/schema\/person\/59b9e6843c0338179fb914afaf144d22\",\"name\":\"Helen Leitner\",\"image\":{\"@type\":\"ImageObject\",\"inLanguage\":\"fr-FR\",\"@id\":\"https:\/\/www.camac-harps.com\/blog\/fr\/#\/schema\/person\/image\/\",\"url\":\"https:\/\/secure.gravatar.com\/avatar\/ebbebff931219cff4c2d1e25c3229b2e036693f67bf237fb12f452d7a019a6da?s=96&d=mm&r=g\",\"contentUrl\":\"https:\/\/secure.gravatar.com\/avatar\/ebbebff931219cff4c2d1e25c3229b2e036693f67bf237fb12f452d7a019a6da?s=96&d=mm&r=g\",\"caption\":\"Helen Leitner\"},\"url\":\"https:\/\/www.camac-harps.com\/blog\/fr\/author\/ltnr\/\"}]}<\/script>","yoast_head_json":{"title":"Le Festival Camac \u00e0 Belfort approche... : A la rencontre de Maestral ! - Camac Harps","robots":{"index":"index","follow":"follow","max-snippet":"max-snippet:-1","max-image-preview":"max-image-preview:large","max-video-preview":"max-video-preview:-1"},"canonical":"https:\/\/www.camac-harps.com\/blog\/fr\/actualites\/le-festival-camac-a-belfort-approche-a-la-rencontre-de-maestral\/","og_locale":"fr_FR","og_type":"article","og_title":"Le Festival Camac \u00e0 Belfort approche... : A la rencontre de Maestral ! - Camac Harps","og_description":"Sur ce blog, vous pourrez trouver de nombreux articles consacr\u00e9s \u00e0 la harpe celtique, en particulier en Bretagne o\u00f9 Les Harpes Camac ont toujours \u00e9t\u00e9 bas\u00e9es. Le quartet\u00a0Maestral\u00a0propose une musique m\u00e9tiss\u00e9e, \u00e0 la fois ancr\u00e9e dans la tradition bretonne et ouverte sur le monde. Leur\u00a0premier album est paru en 2016. Et vous pourrez les \u00e9couter sur sc\u00e8ne lors de notre festival \u00e0 Belfort dans quelques semaines !\u00a0","og_url":"https:\/\/www.camac-harps.com\/blog\/fr\/actualites\/le-festival-camac-a-belfort-approche-a-la-rencontre-de-maestral\/","og_site_name":"Camac Harps","article_published_time":"2018-09-27T08:34:03+00:00","article_modified_time":"2018-09-28T08:17:10+00:00","og_image":[{"width":950,"height":950,"url":"https:\/\/www.camac-harps.com\/blog\/wp-content\/uploads\/sites\/27\/2016\/03\/maestral-album-cover.jpg","type":"image\/jpeg"}],"author":"Helen Leitner","twitter_card":"summary_large_image","twitter_misc":{"\u00c9crit par":"Helen Leitner","Dur\u00e9e de lecture estim\u00e9e":"3 minutes"},"schema":{"@context":"https:\/\/schema.org","@graph":[{"@type":"Article","@id":"https:\/\/www.camac-harps.com\/blog\/fr\/actualites\/le-festival-camac-a-belfort-approche-a-la-rencontre-de-maestral\/#article","isPartOf":{"@id":"https:\/\/www.camac-harps.com\/blog\/fr\/actualites\/le-festival-camac-a-belfort-approche-a-la-rencontre-de-maestral\/"},"author":{"name":"Helen Leitner","@id":"https:\/\/www.camac-harps.com\/blog\/fr\/#\/schema\/person\/59b9e6843c0338179fb914afaf144d22"},"headline":"Le Festival Camac \u00e0 Belfort approche&#8230; : A la rencontre de Maestral !","datePublished":"2018-09-27T08:34:03+00:00","dateModified":"2018-09-28T08:17:10+00:00","mainEntityOfPage":{"@id":"https:\/\/www.camac-harps.com\/blog\/fr\/actualites\/le-festival-camac-a-belfort-approche-a-la-rencontre-de-maestral\/"},"wordCount":530,"commentCount":1,"image":{"@id":"https:\/\/www.camac-harps.com\/blog\/fr\/actualites\/le-festival-camac-a-belfort-approche-a-la-rencontre-de-maestral\/#primaryimage"},"thumbnailUrl":"https:\/\/www.camac-harps.com\/blog\/wp-content\/uploads\/sites\/27\/2016\/03\/maestral-album-cover.jpg","articleSection":["Actualit\u00e9s"],"inLanguage":"fr-FR","potentialAction":[{"@type":"CommentAction","name":"Comment","target":["https:\/\/www.camac-harps.com\/blog\/fr\/actualites\/le-festival-camac-a-belfort-approche-a-la-rencontre-de-maestral\/#respond"]}]},{"@type":"WebPage","@id":"https:\/\/www.camac-harps.com\/blog\/fr\/actualites\/le-festival-camac-a-belfort-approche-a-la-rencontre-de-maestral\/","url":"https:\/\/www.camac-harps.com\/blog\/fr\/actualites\/le-festival-camac-a-belfort-approche-a-la-rencontre-de-maestral\/","name":"Le Festival Camac \u00e0 Belfort approche... : A la rencontre de Maestral ! - Camac Harps","isPartOf":{"@id":"https:\/\/www.camac-harps.com\/blog\/fr\/#website"},"primaryImageOfPage":{"@id":"https:\/\/www.camac-harps.com\/blog\/fr\/actualites\/le-festival-camac-a-belfort-approche-a-la-rencontre-de-maestral\/#primaryimage"},"image":{"@id":"https:\/\/www.camac-harps.com\/blog\/fr\/actualites\/le-festival-camac-a-belfort-approche-a-la-rencontre-de-maestral\/#primaryimage"},"thumbnailUrl":"https:\/\/www.camac-harps.com\/blog\/wp-content\/uploads\/sites\/27\/2016\/03\/maestral-album-cover.jpg","datePublished":"2018-09-27T08:34:03+00:00","dateModified":"2018-09-28T08:17:10+00:00","author":{"@id":"https:\/\/www.camac-harps.com\/blog\/fr\/#\/schema\/person\/59b9e6843c0338179fb914afaf144d22"},"breadcrumb":{"@id":"https:\/\/www.camac-harps.com\/blog\/fr\/actualites\/le-festival-camac-a-belfort-approche-a-la-rencontre-de-maestral\/#breadcrumb"},"inLanguage":"fr-FR","potentialAction":[{"@type":"ReadAction","target":["https:\/\/www.camac-harps.com\/blog\/fr\/actualites\/le-festival-camac-a-belfort-approche-a-la-rencontre-de-maestral\/"]}]},{"@type":"ImageObject","inLanguage":"fr-FR","@id":"https:\/\/www.camac-harps.com\/blog\/fr\/actualites\/le-festival-camac-a-belfort-approche-a-la-rencontre-de-maestral\/#primaryimage","url":"https:\/\/www.camac-harps.com\/blog\/wp-content\/uploads\/sites\/27\/2016\/03\/maestral-album-cover.jpg","contentUrl":"https:\/\/www.camac-harps.com\/blog\/wp-content\/uploads\/sites\/27\/2016\/03\/maestral-album-cover.jpg","width":950,"height":950},{"@type":"BreadcrumbList","@id":"https:\/\/www.camac-harps.com\/blog\/fr\/actualites\/le-festival-camac-a-belfort-approche-a-la-rencontre-de-maestral\/#breadcrumb","itemListElement":[{"@type":"ListItem","position":1,"name":"Home","item":"https:\/\/www.camac-harps.com\/blog\/fr\/"},{"@type":"ListItem","position":2,"name":"Le Festival Camac \u00e0 Belfort approche&#8230; : A la rencontre de Maestral !"}]},{"@type":"WebSite","@id":"https:\/\/www.camac-harps.com\/blog\/fr\/#website","url":"https:\/\/www.camac-harps.com\/blog\/fr\/","name":"Camac Harps","description":"","potentialAction":[{"@type":"SearchAction","target":{"@type":"EntryPoint","urlTemplate":"https:\/\/www.camac-harps.com\/blog\/fr\/?s={search_term_string}"},"query-input":{"@type":"PropertyValueSpecification","valueRequired":true,"valueName":"search_term_string"}}],"inLanguage":"fr-FR"},{"@type":"Person","@id":"https:\/\/www.camac-harps.com\/blog\/fr\/#\/schema\/person\/59b9e6843c0338179fb914afaf144d22","name":"Helen Leitner","image":{"@type":"ImageObject","inLanguage":"fr-FR","@id":"https:\/\/www.camac-harps.com\/blog\/fr\/#\/schema\/person\/image\/","url":"https:\/\/secure.gravatar.com\/avatar\/ebbebff931219cff4c2d1e25c3229b2e036693f67bf237fb12f452d7a019a6da?s=96&d=mm&r=g","contentUrl":"https:\/\/secure.gravatar.com\/avatar\/ebbebff931219cff4c2d1e25c3229b2e036693f67bf237fb12f452d7a019a6da?s=96&d=mm&r=g","caption":"Helen Leitner"},"url":"https:\/\/www.camac-harps.com\/blog\/fr\/author\/ltnr\/"}]}},"_links":{"self":[{"href":"https:\/\/www.camac-harps.com\/blog\/fr\/wp-json\/wp\/v2\/posts\/25491","targetHints":{"allow":["GET"]}}],"collection":[{"href":"https:\/\/www.camac-harps.com\/blog\/fr\/wp-json\/wp\/v2\/posts"}],"about":[{"href":"https:\/\/www.camac-harps.com\/blog\/fr\/wp-json\/wp\/v2\/types\/post"}],"author":[{"embeddable":true,"href":"https:\/\/www.camac-harps.com\/blog\/fr\/wp-json\/wp\/v2\/users\/3"}],"replies":[{"embeddable":true,"href":"https:\/\/www.camac-harps.com\/blog\/fr\/wp-json\/wp\/v2\/comments?post=25491"}],"version-history":[{"count":4,"href":"https:\/\/www.camac-harps.com\/blog\/fr\/wp-json\/wp\/v2\/posts\/25491\/revisions"}],"predecessor-version":[{"id":25535,"href":"https:\/\/www.camac-harps.com\/blog\/fr\/wp-json\/wp\/v2\/posts\/25491\/revisions\/25535"}],"wp:featuredmedia":[{"embeddable":true,"href":"https:\/\/www.camac-harps.com\/blog\/fr\/wp-json\/wp\/v2\/media\/24070"}],"wp:attachment":[{"href":"https:\/\/www.camac-harps.com\/blog\/fr\/wp-json\/wp\/v2\/media?parent=25491"}],"wp:term":[{"taxonomy":"category","embeddable":true,"href":"https:\/\/www.camac-harps.com\/blog\/fr\/wp-json\/wp\/v2\/categories?post=25491"},{"taxonomy":"post_tag","embeddable":true,"href":"https:\/\/www.camac-harps.com\/blog\/fr\/wp-json\/wp\/v2\/tags?post=25491"}],"curies":[{"name":"wp","href":"https:\/\/api.w.org\/{rel}","templated":true}]}}