{"id":2568,"date":"2015-10-24T06:00:33","date_gmt":"2015-10-24T06:00:33","guid":{"rendered":"http:\/\/www.harpblog.info\/?p=2568"},"modified":"2017-06-15T08:16:18","modified_gmt":"2017-06-15T08:16:18","slug":"les-10-ans-du-the-festival-camac-celebres-en-bonne-et-due-forme-a-nancy","status":"publish","type":"post","link":"https:\/\/www.camac-harps.com\/blog\/fr\/non-classifiee\/les-10-ans-du-the-festival-camac-celebres-en-bonne-et-due-forme-a-nancy\/","title":{"rendered":"Les 10 ans du Festival Camac, c\u00e9l\u00e9br\u00e9s en bonne et due forme \u00e0 Nancy !"},"content":{"rendered":"<p><em>Ca y est\u00a0<\/em>! Nous sommes de retour de notre 10e Festival Camac \u00e0 Nancy. Au cours de ces dix derni\u00e8res ann\u00e9es, notre festival est devenu un rendez-vous important, construit autour de deux id\u00e9es importantes. Premi\u00e8rement, nous avons \u00e0 c\u0153ur de montrer le plus grand nombre de facettes de la harpe, pour toucher\u00a0diff\u00e9rents\u00a0publics.\u00a0Nous invitons des musiciens classiques et traditionnels, nous proposons divers genres de musique comme le jazz, la pop, jusqu&rsquo;\u00e0 de nouvelles propositions avant-gardistes, et nous appr\u00e9cions toutes ces prestations, qu&rsquo;elles soient assur\u00e9es par les plus c\u00e9l\u00e8bres solistes du monde ou par\u00a0de\u00a0plus jeunes musiciens de la r\u00e9gion.<\/p>\n\n\t\t<style type=\"text\/css\">\n\t\t\t#gallery-1 {\n\t\t\t\tmargin: auto;\n\t\t\t}\n\t\t\t#gallery-1 .gallery-item {\n\t\t\t\tfloat: left;\n\t\t\t\tmargin-top: 10px;\n\t\t\t\ttext-align: center;\n\t\t\t\twidth: 50%;\n\t\t\t}\n\t\t\t#gallery-1 img {\n\t\t\t\tborder: 2px solid #cfcfcf;\n\t\t\t}\n\t\t\t#gallery-1 .gallery-caption {\n\t\t\t\tmargin-left: 0;\n\t\t\t}\n\t\t\t\/* see gallery_shortcode() in wp-includes\/media.php *\/\n\t\t<\/style>\n\t\t<div id='gallery-1' class='gallery galleryid-2568 gallery-columns-2 gallery-size-thumbnail'><dl class='gallery-item'>\n\t\t\t<dt class='gallery-icon landscape'>\n\t\t\t\t<a href='https:\/\/www.camac-harps.com\/blog\/fr\/festival-camac-nancy-2015-3\/'><img loading=\"lazy\" decoding=\"async\" width=\"150\" height=\"150\" src=\"https:\/\/www.camac-harps.com\/blog\/wp-content\/uploads\/sites\/27\/2015\/07\/6a00d8341d450753ef01b7c78cb9bb970b1-150x150.jpg\" class=\"attachment-thumbnail size-thumbnail\" alt=\"\" \/><\/a>\n\t\t\t<\/dt><\/dl><dl class='gallery-item'>\n\t\t\t<dt class='gallery-icon landscape'>\n\t\t\t\t<a href='https:\/\/www.camac-harps.com\/blog\/fr\/festival-camac-nancy-2015-2-2\/'><img loading=\"lazy\" decoding=\"async\" width=\"150\" height=\"150\" src=\"https:\/\/www.camac-harps.com\/blog\/wp-content\/uploads\/sites\/27\/2015\/07\/6a00d8341d450753ef01b7c78cbb99970b-150x150.jpg\" class=\"attachment-thumbnail size-thumbnail\" alt=\"\" \/><\/a>\n\t\t\t<\/dt><\/dl><br style=\"clear: both\" \/>\n\t\t<\/div>\n\n<p>Deuxi\u00e8mement, le Festival Camac est ax\u00e9 sur le r\u00e9gional. Chaque ann\u00e9e depuis dix ans, nous organisons notre festival dans une r\u00e9gion francophone, en dehors de Paris. La culture n&rsquo;est pas l&rsquo;apanage des capitales : en effet, plus une soci\u00e9t\u00e9 met en valeur sa richesse culturelle r\u00e9gionale, plus les diverses expressions artistiques sont fortes. Contrairement \u00e0 ce qu&rsquo;a pu \u00e9crire Th\u00e9ophile Gautier dans\u00a0sa th\u00e9orie\u00a0de \u00ab\u00a0l&rsquo;art pour l&rsquo;art\u00a0\u00bb, je pense que la puissance des arts r\u00e9side dans la fa\u00e7on dont ils touchent les gens. Une grande oeuvre d&rsquo;art peut \u00eatre universellement et \u00e9ternellement pertinente, mais vous aurez plus de difficult\u00e9s \u00e0 vous en rendre compte si cette oeuvre est pr\u00e9sent\u00e9e au Louvre ou bien jou\u00e9e \u00e0 la Salle Gaveau, et que vous avez d\u00fb faire sept heures de route pour venir.<\/p>\n<p>De plus, il n&rsquo;y a que peu (et m\u00eame, en r\u00e9alit\u00e9, aucun) de concerts de harpe pr\u00e9sent\u00e9s dans les principaux programmes\u00a0culturels.\u00a0Les salles et les programmateurs sont toujours frileux et appr\u00e9hendent de ne pas avoir de public ; mais notre festival montre bien, ann\u00e9e apr\u00e8s ann\u00e9e, qu&rsquo;il existe un public pour les concerts de harpe. Il nous semble \u00e9galement important que les \u00e9l\u00e8ves harpistes et leurs familles puissent avoir l&rsquo;opportunit\u00e9 d&rsquo;entendre leur instrument pr\u00e9f\u00e9r\u00e9 en concert, et c&rsquo;est aussi l&rsquo;une des raisons pour lesquelles nous souhaitons organiser un festival itin\u00e9rant.<\/p>\n<p>Et c&rsquo;est pourquoi nous avons fait sept heures de route depuis Mouzeil, notre fourgon rempli de toutes sortes de harpes, allant d&rsquo;une\u00a0<a href=\"https:\/\/www.camac-harps.com\/blog\/fr\/harpes\/harpes-celtiques\/ulysse\" target=\"_blank\">Ulysse<\/a>\u00a0bleu-roi personnalis\u00e9e avec des d\u00e9corations dor\u00e9es peintes \u00e0 la main, jusqu&rsquo;\u00e0 une s\u00e9lection d&rsquo;instruments anciens. Nous ne nous sommes pas arr\u00eat\u00e9s uniquement \u00e0 Nancy : les r\u00e9p\u00e9titions de notre concert d&rsquo;ouverture consacr\u00e9 aux plus grands concertos avaient lieu \u00e0 Metz avec l&rsquo;orchestre symphonique Mettensis. Pas moins de quatre concertos pour harpe \u00e9taient au programme de ce concert : le Concerto de Haendel avec Val\u00e9rie Milot, les Danses de Debussy avec\u00a0Mai Fukui, le Concerto de Boieldieu avec\u00a0Isabelle Moretti, et un final de toute beaut\u00e9 avec six harpes sur sc\u00e8ne interpr\u00e9tant la Symphonie Celtique de\u00a0Granville Bantock. Pour cette derni\u00e8re, nos trois solistes ont \u00e9t\u00e9 rejointes sur sc\u00e8ne par trois jeunes professionnels qui ont \u00e9tudi\u00e9 au Conservatoire de Nancy : Lucie Delhaye, L\u00e9o Doum\u00e8ne et\u00a0Blandine Pigaglio.<\/p>\n\n\t\t<style type=\"text\/css\">\n\t\t\t#gallery-2 {\n\t\t\t\tmargin: auto;\n\t\t\t}\n\t\t\t#gallery-2 .gallery-item {\n\t\t\t\tfloat: left;\n\t\t\t\tmargin-top: 10px;\n\t\t\t\ttext-align: center;\n\t\t\t\twidth: 33%;\n\t\t\t}\n\t\t\t#gallery-2 img {\n\t\t\t\tborder: 2px solid #cfcfcf;\n\t\t\t}\n\t\t\t#gallery-2 .gallery-caption {\n\t\t\t\tmargin-left: 0;\n\t\t\t}\n\t\t\t\/* see gallery_shortcode() in wp-includes\/media.php *\/\n\t\t<\/style>\n\t\t<div id='gallery-2' class='gallery galleryid-2568 gallery-columns-3 gallery-size-thumbnail'><dl class='gallery-item'>\n\t\t\t<dt class='gallery-icon landscape'>\n\t\t\t\t<a href='https:\/\/www.camac-harps.com\/blog\/fr\/concertos-nancy-milot-2\/'><img loading=\"lazy\" decoding=\"async\" width=\"150\" height=\"150\" src=\"https:\/\/www.camac-harps.com\/blog\/wp-content\/uploads\/sites\/27\/2015\/10\/u7a3516-150x150.jpg\" class=\"attachment-thumbnail size-thumbnail\" alt=\"\" aria-describedby=\"gallery-2-23774\" \/><\/a>\n\t\t\t<\/dt>\n\t\t\t\t<dd class='wp-caption-text gallery-caption' id='gallery-2-23774'>\n\t\t\t\tVal\u00e9rie Milot\n\t\t\t\t<\/dd><\/dl><dl class='gallery-item'>\n\t\t\t<dt class='gallery-icon landscape'>\n\t\t\t\t<a href='https:\/\/www.camac-harps.com\/blog\/fr\/concertos-nancy-fukui-2\/'><img loading=\"lazy\" decoding=\"async\" width=\"150\" height=\"150\" src=\"https:\/\/www.camac-harps.com\/blog\/wp-content\/uploads\/sites\/27\/2015\/10\/u7a3525-150x150.jpg\" class=\"attachment-thumbnail size-thumbnail\" alt=\"\" aria-describedby=\"gallery-2-23772\" \/><\/a>\n\t\t\t<\/dt>\n\t\t\t\t<dd class='wp-caption-text gallery-caption' id='gallery-2-23772'>\n\t\t\t\tMai Fukui\n\t\t\t\t<\/dd><\/dl><dl class='gallery-item'>\n\t\t\t<dt class='gallery-icon landscape'>\n\t\t\t\t<a href='https:\/\/www.camac-harps.com\/blog\/fr\/concertos-nancy-moretti-2\/'><img loading=\"lazy\" decoding=\"async\" width=\"150\" height=\"150\" src=\"https:\/\/www.camac-harps.com\/blog\/wp-content\/uploads\/sites\/27\/2015\/10\/u7a3584-150x150.jpg\" class=\"attachment-thumbnail size-thumbnail\" alt=\"\" aria-describedby=\"gallery-2-23773\" \/><\/a>\n\t\t\t<\/dt>\n\t\t\t\t<dd class='wp-caption-text gallery-caption' id='gallery-2-23773'>\n\t\t\t\tIsabelle Moretti \n\t\t\t\t<\/dd><\/dl><br style=\"clear: both\" \/><dl class='gallery-item'>\n\t\t\t<dt class='gallery-icon landscape'>\n\t\t\t\t<a href='https:\/\/www.camac-harps.com\/blog\/fr\/bantocknancy-2\/'><img loading=\"lazy\" decoding=\"async\" width=\"150\" height=\"150\" src=\"https:\/\/www.camac-harps.com\/blog\/wp-content\/uploads\/sites\/27\/2015\/10\/10418856_10153630727948433_7211071411994428052_n-150x150.jpg\" class=\"attachment-thumbnail size-thumbnail\" alt=\"\" aria-describedby=\"gallery-2-23793\" \/><\/a>\n\t\t\t<\/dt>\n\t\t\t\t<dd class='wp-caption-text gallery-caption' id='gallery-2-23793'>\n\t\t\t\tLeft to right: Val\u00e9rie Milot, Lucie Delhaye, Isabelle Moretti, L\u00e9o Doum\u00e8ne, Mai Fukui, Blandine Pigaglio.\nMettensis Symphonia \/ S\u00e9bastien Beck\n\t\t\t\t<\/dd><\/dl><dl class='gallery-item'>\n\t\t\t<dt class='gallery-icon landscape'>\n\t\t\t\t<a href='https:\/\/www.camac-harps.com\/blog\/fr\/curtain-call-bantock-nancy-2\/'><img loading=\"lazy\" decoding=\"async\" width=\"150\" height=\"150\" src=\"https:\/\/www.camac-harps.com\/blog\/wp-content\/uploads\/sites\/27\/2015\/10\/1012456_10153630728173433_3684146312432475482_n-150x150.jpg\" class=\"attachment-thumbnail size-thumbnail\" alt=\"\" \/><\/a>\n\t\t\t<\/dt><\/dl>\n\t\t\t<br style='clear: both' \/>\n\t\t<\/div>\n\n<p>Le\u00a0Mettensis Symphonia est un orchestre amateur qui s&rsquo;est port\u00e9 \u00e0 notre secours lorsqu&rsquo;il s&rsquo;est av\u00e9r\u00e9 que nous ne pourrions pas travailler avec l&rsquo;orchestre du Conservatoire. Aucune des oeuvres interpr\u00e9t\u00e9es \u00a0(en particulier celles de Bantock ou de Boieldieu) n&rsquo;est \u00e9vidente, m\u00eame pour des ensembles professionnels. Nous sommes extr\u00eamement touch\u00e9s par l&rsquo;implication de l&rsquo;orchestre Mettensis et la fa\u00e7on dont ils se sont attaqu\u00e9s \u00e0 cet important programme, et nous sommes ravis du r\u00e9sultat.\u00a0Ils avaient m\u00eame r\u00e9p\u00e9t\u00e9 auparavant avec des \u00e9l\u00e8ves solistes. \u00ab\u00a0Je n&rsquo;avais encore jamais jou\u00e9 avec un orchestre qui m&rsquo;accompagne si bien sur Boieldieu\u00a0\u00bb, dit\u00a0<a href=\"http:\/\/www.isabelle-moretti.com\" target=\"_blank\">Isabelle Moretti<\/a>. \u00ab\u00a0S&rsquo;ils parviennent \u00e0 interpr\u00e9ter cela, pourquoi ne pourraient-ils pas jouer tant d&rsquo;autres pi\u00e8ces ?\u00a0\u00bb Nous nous sommes sentis r\u00e9g\u00e9n\u00e9r\u00e9s par l&rsquo;enthousiasme et la concentration de l&rsquo;orchestre, chaque soir, apr\u00e8s avoir pourtant assur\u00e9 une journ\u00e9e de travail dans d&rsquo;autres domaines allant de la physique nucl\u00e9aire \u00e0 la fabrication artisanale de fromage. A la fin de la journ\u00e9e, nous devrions tous \u00eatre des amateurs dans l&rsquo;\u00e2me, \u00eatre pr\u00e9sents uniquement\u00a0pour notre passion de la musique.<\/p>\n<p>Apr\u00e8s un vendredi soir exaltant d\u00e9di\u00e9\u00a0aux concertos, nous nous sommes rendus au magnifique H\u00f4tel de Ville de Nancy, pour le\u00a0rendez-vous incontournable de chaque Festival Camac : le concert \u00ab\u00a0Harp\u00e9lidoskope\u00a0\u00bb. Ce concert propose toujours une partie consacr\u00e9e \u00e0 la musique classique, une autre \u00e0 la musique traditionnelle et une troisi\u00e8me au jazz, \u00e0 la pop ou aux musiques actuelles.\u00a0Valeria Voshchennikova a ouvert la soir\u00e9e avec un splendide r\u00e9cital lors duquel elle a interpr\u00e9t\u00e9 un r\u00e9pertoire fran\u00e7ais et russe. Elle nous a \u00e9bahis (et nous \u00e9tions nombreux puisque la demande a \u00e9t\u00e9 telle que nous avons d\u00fb installer une salle suppl\u00e9mentaire o\u00f9 le concert \u00e9tait retransmis sur \u00e9crans !) par son timbre magnifique, sa musicalit\u00e9 raffin\u00e9e et son talent artistique tout naturel, d\u00e9j\u00e0 pr\u00e9sents \u00e0 un si\u00a0jeune \u00e2ge.\u00a0<a href=\"http:\/\/www.kimrobertson.net\" target=\"_blank\">Kim Robertson<\/a>\u00a0est ensuite mont\u00e9e sur sc\u00e8ne et nous a pr\u00e9sent\u00e9 un panel de ses arrangements celtiques si cr\u00e9atifs, avant de laisser la place au\u00a0<a href=\"http:\/\/www.rossitzamilevska.com\" target=\"_blank\">Milevska Trio<\/a>\u00a0qui a secou\u00e9 les dorures de la salle avec son\u00a0jazz aiguis\u00e9 et dense. Si vous ne connaissez pas encore\u00a0Rossitza et ses coll\u00e8gues\u00a0C\u00e9dric Le Donne et\u00a0Frederick Lacroix,\u00a0allez les d\u00e9couvrir sans tarder !<\/p>\n\n\t\t<style type=\"text\/css\">\n\t\t\t#gallery-3 {\n\t\t\t\tmargin: auto;\n\t\t\t}\n\t\t\t#gallery-3 .gallery-item {\n\t\t\t\tfloat: left;\n\t\t\t\tmargin-top: 10px;\n\t\t\t\ttext-align: center;\n\t\t\t\twidth: 20%;\n\t\t\t}\n\t\t\t#gallery-3 img {\n\t\t\t\tborder: 2px solid #cfcfcf;\n\t\t\t}\n\t\t\t#gallery-3 .gallery-caption {\n\t\t\t\tmargin-left: 0;\n\t\t\t}\n\t\t\t\/* see gallery_shortcode() in wp-includes\/media.php *\/\n\t\t<\/style>\n\t\t<div id='gallery-3' class='gallery galleryid-2568 gallery-columns-5 gallery-size-thumbnail'><dl class='gallery-item'>\n\t\t\t<dt class='gallery-icon landscape'>\n\t\t\t\t<a href='https:\/\/www.camac-harps.com\/blog\/fr\/011-2\/'><img loading=\"lazy\" decoding=\"async\" width=\"150\" height=\"150\" src=\"https:\/\/www.camac-harps.com\/blog\/wp-content\/uploads\/sites\/27\/2015\/10\/011-150x150.jpg\" class=\"attachment-thumbnail size-thumbnail\" alt=\"\" aria-describedby=\"gallery-3-23778\" \/><\/a>\n\t\t\t<\/dt>\n\t\t\t\t<dd class='wp-caption-text gallery-caption' id='gallery-3-23778'>\n\t\t\t\tGrand Salon de l&rsquo;H\u00f4tel de Ville de Nancy\n\t\t\t\t<\/dd><\/dl><dl class='gallery-item'>\n\t\t\t<dt class='gallery-icon landscape'>\n\t\t\t\t<a href='https:\/\/www.camac-harps.com\/blog\/fr\/024-2\/'><img loading=\"lazy\" decoding=\"async\" width=\"150\" height=\"150\" src=\"https:\/\/www.camac-harps.com\/blog\/wp-content\/uploads\/sites\/27\/2015\/10\/024-150x150.jpg\" class=\"attachment-thumbnail size-thumbnail\" alt=\"\" aria-describedby=\"gallery-3-23780\" \/><\/a>\n\t\t\t<\/dt>\n\t\t\t\t<dd class='wp-caption-text gallery-caption' id='gallery-3-23780'>\n\t\t\t\tValeria Voshchennikova\n\t\t\t\t<\/dd><\/dl><dl class='gallery-item'>\n\t\t\t<dt class='gallery-icon landscape'>\n\t\t\t\t<a href='https:\/\/www.camac-harps.com\/blog\/fr\/029-2\/'><img loading=\"lazy\" decoding=\"async\" width=\"150\" height=\"150\" src=\"https:\/\/www.camac-harps.com\/blog\/wp-content\/uploads\/sites\/27\/2015\/10\/029-150x150.jpg\" class=\"attachment-thumbnail size-thumbnail\" alt=\"\" aria-describedby=\"gallery-3-23781\" \/><\/a>\n\t\t\t<\/dt>\n\t\t\t\t<dd class='wp-caption-text gallery-caption' id='gallery-3-23781'>\n\t\t\t\tKim Robertson \n\t\t\t\t<\/dd><\/dl><dl class='gallery-item'>\n\t\t\t<dt class='gallery-icon landscape'>\n\t\t\t\t<a href='https:\/\/www.camac-harps.com\/blog\/fr\/044-2\/'><img loading=\"lazy\" decoding=\"async\" width=\"150\" height=\"150\" src=\"https:\/\/www.camac-harps.com\/blog\/wp-content\/uploads\/sites\/27\/2015\/10\/044-150x150.jpg\" class=\"attachment-thumbnail size-thumbnail\" alt=\"\" aria-describedby=\"gallery-3-23782\" \/><\/a>\n\t\t\t<\/dt>\n\t\t\t\t<dd class='wp-caption-text gallery-caption' id='gallery-3-23782'>\n\t\t\t\tMilevska Trio \n\t\t\t\t<\/dd><\/dl><dl class='gallery-item'>\n\t\t\t<dt class='gallery-icon landscape'>\n\t\t\t\t<a href='https:\/\/www.camac-harps.com\/blog\/fr\/051-2\/'><img loading=\"lazy\" decoding=\"async\" width=\"150\" height=\"150\" src=\"https:\/\/www.camac-harps.com\/blog\/wp-content\/uploads\/sites\/27\/2015\/10\/051-150x150.jpg\" class=\"attachment-thumbnail size-thumbnail\" alt=\"\" aria-describedby=\"gallery-3-23783\" \/><\/a>\n\t\t\t<\/dt>\n\t\t\t\t<dd class='wp-caption-text gallery-caption' id='gallery-3-23783'>\n\t\t\t\tMilevska Trio \n\t\t\t\t<\/dd><\/dl><br style=\"clear: both\" \/>\n\t\t<\/div>\n\n<p>Samedi a \u00e9galement \u00e9t\u00e9 l&rsquo;occasion de mettre un coup de projecteur sur notre collection de harpes historiques. Jakez a accord\u00e9 environ quatre cents cordes, puis\u00a0<a href=\"http:\/\/www.elinorbennett.co.uk\" target=\"_blank\">Elinor Bennett<\/a>\u00a0a donn\u00e9 un r\u00e9cital fabuleux sur par moins de cinq instruments de notre collection.\u00a0C&rsquo;\u00e9tait la premi\u00e8re fois que notre harpe simple mouvement Nadermann \u00e9tait jou\u00e9e depuis le XIXe si\u00e8cle, car elle \u00e9tait rest\u00e9e plus d&rsquo;un si\u00e8cle cach\u00e9e dans la tour d&rsquo;un vieux ch\u00e2teau du centre de la France.\u00a0Ce fut aussi la deuxi\u00e8me fois qu&rsquo;elle a \u00e9t\u00e9 jou\u00e9e, et nous sommes tr\u00e8s reconnaissants qu&rsquo;Elinor ait accept\u00e9 de jouer deux fois de suite, le nombre de personnes souhaitant l&rsquo;\u00e9couter \u00e9tant si important. \u00ab\u00a0Une grande artiste\u00a0\u00bb a dit quelqu&rsquo;un dans le public, \u00ab\u00a0et tellement modeste\u00a0\u00bb : \u00e0 la fin du concert, Elinor s&rsquo;est tourn\u00e9e\u00a0et\u00a0a applaudi les magnifiques instruments align\u00e9s pr\u00e8s d&rsquo;elle en disant qu&rsquo;elle n&rsquo;avait pas envie de s&rsquo;arr\u00eater de les jouer.<\/p>\n<p><a href=\"https:\/\/vimeo.com\/143676236\">Elinor Bennett \/ Festival Camac 2015<\/a> from <a href=\"https:\/\/vimeo.com\/camacharps\">Les Harpes Camac<\/a> on <a href=\"https:\/\/vimeo.com\">Vimeo<\/a>.<\/p>\n<p>Dimanche,\u00a0<a href=\"http:\/\/helene.breschand.free.fr\" target=\"_blank\">H\u00e9l\u00e8ne Breschand<\/a>\u00a0a pr\u00e9sent\u00e9 son projet pr\u00e9par\u00e9 avec les \u00e9l\u00e8ves de divers Conservatoires de la r\u00e9gion.\u00a0Alors que nous entrions dans l&rsquo;auditorium, nous nous sommes retrouv\u00e9s face \u00e0 des harpes dispos\u00e9es de mani\u00e8re inattendue : appuy\u00e9es en \u00e9quilibre sur des tabourets, \u00e9tendues par terre, pr\u00e9par\u00e9es avec des tissus, des pinces\u00a0et des maillets, le tout devant un \u00e9cran g\u00e9ant o\u00f9 \u00e9taient projet\u00e9s des extraits du film\u00a0\u00ab\u00a0Images du monde visionnaire\u00a0\u00bb d&rsquo;Henri Michaux. Il s&rsquo;agissait de l&rsquo;exploration d&rsquo;une exp\u00e9rience psych\u00e9d\u00e9lique, abordant la notion de perception et de modifications de la perception. Pendant l&rsquo;improvisation collective de quarante minutes, les jeunes \u00e9l\u00e8ves d\u00e9cidaient quand et quoi\u00a0jouer. \u00ab\u00a0Vous d\u00e9cidez de votre jeu\u00a0\u00bb, leur a dit H\u00e9l\u00e8ne. \u00ab\u00a0Ce qui est important, c&rsquo;est que quand vous d\u00e9cidez de jouer, vous y allez\u00a0avec confiance et sans h\u00e9sitation.\u00a0\u00bb<\/p>\n\n\t\t<style type=\"text\/css\">\n\t\t\t#gallery-4 {\n\t\t\t\tmargin: auto;\n\t\t\t}\n\t\t\t#gallery-4 .gallery-item {\n\t\t\t\tfloat: left;\n\t\t\t\tmargin-top: 10px;\n\t\t\t\ttext-align: center;\n\t\t\t\twidth: 25%;\n\t\t\t}\n\t\t\t#gallery-4 img {\n\t\t\t\tborder: 2px solid #cfcfcf;\n\t\t\t}\n\t\t\t#gallery-4 .gallery-caption {\n\t\t\t\tmargin-left: 0;\n\t\t\t}\n\t\t\t\/* see gallery_shortcode() in wp-includes\/media.php *\/\n\t\t<\/style>\n\t\t<div id='gallery-4' class='gallery galleryid-2568 gallery-columns-4 gallery-size-thumbnail'><dl class='gallery-item'>\n\t\t\t<dt class='gallery-icon landscape'>\n\t\t\t\t<a href='https:\/\/www.camac-harps.com\/blog\/fr\/057-2\/'><img loading=\"lazy\" decoding=\"async\" width=\"150\" height=\"150\" src=\"https:\/\/www.camac-harps.com\/blog\/wp-content\/uploads\/sites\/27\/2015\/10\/057-150x150.jpg\" class=\"attachment-thumbnail size-thumbnail\" alt=\"\" \/><\/a>\n\t\t\t<\/dt><\/dl><dl class='gallery-item'>\n\t\t\t<dt class='gallery-icon landscape'>\n\t\t\t\t<a href='https:\/\/www.camac-harps.com\/blog\/fr\/071-copy-2\/'><img loading=\"lazy\" decoding=\"async\" width=\"150\" height=\"150\" src=\"https:\/\/www.camac-harps.com\/blog\/wp-content\/uploads\/sites\/27\/2015\/10\/071-copy-150x150.jpg\" class=\"attachment-thumbnail size-thumbnail\" alt=\"\" \/><\/a>\n\t\t\t<\/dt><\/dl><dl class='gallery-item'>\n\t\t\t<dt class='gallery-icon landscape'>\n\t\t\t\t<a href='https:\/\/www.camac-harps.com\/blog\/fr\/077-copy-2\/'><img loading=\"lazy\" decoding=\"async\" width=\"150\" height=\"150\" src=\"https:\/\/www.camac-harps.com\/blog\/wp-content\/uploads\/sites\/27\/2015\/10\/077-copy-150x150.jpg\" class=\"attachment-thumbnail size-thumbnail\" alt=\"\" \/><\/a>\n\t\t\t<\/dt><\/dl><dl class='gallery-item'>\n\t\t\t<dt class='gallery-icon landscape'>\n\t\t\t\t<a href='https:\/\/www.camac-harps.com\/blog\/fr\/080-2\/'><img loading=\"lazy\" decoding=\"async\" width=\"150\" height=\"150\" src=\"https:\/\/www.camac-harps.com\/blog\/wp-content\/uploads\/sites\/27\/2015\/10\/080-150x150.jpg\" class=\"attachment-thumbnail size-thumbnail\" alt=\"\" \/><\/a>\n\t\t\t<\/dt><\/dl><br style=\"clear: both\" \/>\n\t\t<\/div>\n\n<p>H\u00e9l\u00e8ne a raison et quel que soit le style de musique, soit vous y allez, soit vous n&rsquo;y allez pas.\u00a0Il n&rsquo;est pas question d&rsquo;y aller du bout des l\u00e8vres, parce que la musique se joue avec le coeur. Une prestation inhib\u00e9e n&rsquo;est ni convaincante ni plaisante.\u00a0Se retenir parce qu&rsquo;on a peur de se tromper est contre-productif, et ne sert qu&rsquo;\u00e0 rendre votre prestation encore moins parfaite.<\/p>\n<p>Nous tenons \u00e0 remercier tout particuli\u00e8rement le groupe de b\u00e9n\u00e9voles qui nous a \u00e9norm\u00e9ment aid\u00e9s notamment en conduisant les artistes d&rsquo;un lieu \u00e0 l&rsquo;autre. Les b\u00e9n\u00e9voles sont le ciment de nombreux festivals, et on ne les remercie jamais assez. Non seulement ils rendent la logistique bien plus facile pour les artistes et les organisateurs, mais ils permettent aussi de donner de la chaleur \u00e0 un festival.\u00a0Il est bien plus agr\u00e9able pour un artiste d&rsquo;\u00eatre conduit par quelqu&rsquo;un qui est content de vous voir et qui est enthousiaste \u00e0 l&rsquo;id\u00e9e d&rsquo;assister \u00e0 votre concert, que par un conducteur silencieux qui vous d\u00e9pose devant un h\u00f4tel impersonnel.\u00a0Apr\u00e8s tout, un festival, c&rsquo;est d&rsquo;abord une histoire de rencontres, de revoir de vieux amis et de s&rsquo;en faire de nouveaux, d&rsquo;appr\u00e9cier la musique tous ensemble.<\/p>\n<div id=\"attachment_2524\" class=\"wp-caption alignright\" style=\"width: 300px\"><a href=\"https:\/\/www.camac-harps.com\/wp-content\/uploads\/sites\/27\/2015\/10\/philippe-villa-.jpg\"><img loading=\"lazy\" decoding=\"async\" class=\"size-medium wp-image-2524\" src=\"https:\/\/www.camac-harps.com\/wp-content\/uploads\/sites\/27\/2015\/10\/philippe-villa--300x176.jpg\" alt=\"philippe villa\" width=\"300\" height=\"176\" srcset=\"https:\/\/www.camac-harps.com\/blog\/wp-content\/uploads\/sites\/27\/2015\/10\/philippe-villa--300x176.jpg 300w, https:\/\/www.camac-harps.com\/blog\/wp-content\/uploads\/sites\/27\/2015\/10\/philippe-villa--768x450.jpg 768w, https:\/\/www.camac-harps.com\/blog\/wp-content\/uploads\/sites\/27\/2015\/10\/philippe-villa--55x32.jpg 55w, https:\/\/www.camac-harps.com\/blog\/wp-content\/uploads\/sites\/27\/2015\/10\/philippe-villa--250x146.jpg 250w, https:\/\/www.camac-harps.com\/blog\/wp-content\/uploads\/sites\/27\/2015\/10\/philippe-villa-.jpg 787w\" sizes=\"auto, (max-width: 300px) 100vw, 300px\" \/><\/a><p class=\"wp-caption-text\">Philippe Villa<\/p><\/div>\n<p>Et bien s\u00fbr, nous voulons dire un immense merci \u00e0\u00a0Philippe Villa, professeur de harpe au Conservatoire de\u00a0Nancy. Le d\u00e9roulement sans heurt d&rsquo;un festival cache souvent la r\u00e9solution de nombreux probl\u00e8mes derri\u00e8re le d\u00e9cor. Que ces probl\u00e8mes soient infimes ou importants, ils sont cependant toujours urgents, et c&rsquo;est toujours le t\u00e9l\u00e9phone de la m\u00eame personne qui sonne. Nous organisons de nombreux \u00e9v\u00e9nements, et s&rsquo;il y a bien une chose que nous avons apprise au cours de ces dix derni\u00e8res ann\u00e9es, c&rsquo;est que peu importe toute l&rsquo;\u00e9nergie et le travail que nous fournissons dans nos bureaux, il est\u00a0<em>impossible<\/em>\u00a0d&rsquo;organiser un bel \u00e9v\u00e9nement sans un excellent collaborateur sur place.\u00a0Nous ne pouvions pas esp\u00e9rer meilleure cheville ouvri\u00e8re que Philippe, et l&rsquo;ambiance chaleureuse du festival est due en tr\u00e8s grande partie \u00e0 lui.<\/p>\n<p>&nbsp;<\/p>\n","protected":false},"excerpt":{"rendered":"<p>\u00c7a y est, nous sommes de retour de notre Festival Camac !<\/p>\n","protected":false},"author":3,"featured_media":2513,"comment_status":"open","ping_status":"open","sticky":false,"template":"","format":"standard","meta":{"_acf_changed":false,"footnotes":""},"categories":[2],"tags":[],"class_list":["post-2568","post","type-post","status-publish","format-standard","has-post-thumbnail","hentry","category-non-classifiee"],"acf":[],"yoast_head":"<title>Les 10 ans du Festival Camac, c\u00e9l\u00e9br\u00e9s en bonne et due forme \u00e0 Nancy ! - Camac Harps<\/title>\n<meta name=\"robots\" content=\"index, follow, max-snippet:-1, max-image-preview:large, max-video-preview:-1\" \/>\n<link rel=\"canonical\" href=\"https:\/\/www.camac-harps.com\/blog\/fr\/non-classifiee\/les-10-ans-du-the-festival-camac-celebres-en-bonne-et-due-forme-a-nancy\/\" \/>\n<meta property=\"og:locale\" content=\"fr_FR\" \/>\n<meta property=\"og:type\" content=\"article\" \/>\n<meta property=\"og:title\" content=\"Les 10 ans du Festival Camac, c\u00e9l\u00e9br\u00e9s en bonne et due forme \u00e0 Nancy ! - Camac Harps\" \/>\n<meta property=\"og:description\" content=\"\u00c7a y est, nous sommes de retour de notre Festival Camac !\" \/>\n<meta property=\"og:url\" content=\"https:\/\/www.camac-harps.com\/blog\/fr\/non-classifiee\/les-10-ans-du-the-festival-camac-celebres-en-bonne-et-due-forme-a-nancy\/\" \/>\n<meta property=\"og:site_name\" content=\"Camac Harps\" \/>\n<meta property=\"article:published_time\" content=\"2015-10-24T06:00:33+00:00\" \/>\n<meta property=\"article:modified_time\" content=\"2017-06-15T08:16:18+00:00\" \/>\n<meta property=\"og:image\" content=\"https:\/\/www.camac-harps.com\/blog\/wp-content\/uploads\/sites\/27\/2015\/10\/015-681x1024.jpg\" \/>\n\t<meta property=\"og:image:width\" content=\"681\" \/>\n\t<meta property=\"og:image:height\" content=\"1024\" \/>\n\t<meta property=\"og:image:type\" content=\"image\/jpeg\" \/>\n<meta name=\"author\" content=\"Helen Leitner\" \/>\n<meta name=\"twitter:card\" content=\"summary_large_image\" \/>\n<meta name=\"twitter:label1\" content=\"\u00c9crit par\" \/>\n\t<meta name=\"twitter:data1\" content=\"Helen Leitner\" \/>\n\t<meta name=\"twitter:label2\" content=\"Dur\u00e9e de lecture estim\u00e9e\" \/>\n\t<meta name=\"twitter:data2\" content=\"8 minutes\" \/>\n<script type=\"application\/ld+json\" class=\"yoast-schema-graph\">{\"@context\":\"https:\/\/schema.org\",\"@graph\":[{\"@type\":\"Article\",\"@id\":\"https:\/\/www.camac-harps.com\/blog\/fr\/non-classifiee\/les-10-ans-du-the-festival-camac-celebres-en-bonne-et-due-forme-a-nancy\/#article\",\"isPartOf\":{\"@id\":\"https:\/\/www.camac-harps.com\/blog\/fr\/non-classifiee\/les-10-ans-du-the-festival-camac-celebres-en-bonne-et-due-forme-a-nancy\/\"},\"author\":{\"name\":\"Helen Leitner\",\"@id\":\"https:\/\/www.camac-harps.com\/blog\/fr\/#\/schema\/person\/59b9e6843c0338179fb914afaf144d22\"},\"headline\":\"Les 10 ans du Festival Camac, c\u00e9l\u00e9br\u00e9s en bonne et due forme \u00e0 Nancy !\",\"datePublished\":\"2015-10-24T06:00:33+00:00\",\"dateModified\":\"2017-06-15T08:16:18+00:00\",\"mainEntityOfPage\":{\"@id\":\"https:\/\/www.camac-harps.com\/blog\/fr\/non-classifiee\/les-10-ans-du-the-festival-camac-celebres-en-bonne-et-due-forme-a-nancy\/\"},\"wordCount\":1729,\"commentCount\":0,\"image\":{\"@id\":\"https:\/\/www.camac-harps.com\/blog\/fr\/non-classifiee\/les-10-ans-du-the-festival-camac-celebres-en-bonne-et-due-forme-a-nancy\/#primaryimage\"},\"thumbnailUrl\":\"https:\/\/www.camac-harps.com\/blog\/wp-content\/uploads\/sites\/27\/2015\/10\/015.jpg\",\"articleSection\":[\"Non classifi\u00e9(e)\"],\"inLanguage\":\"fr-FR\",\"potentialAction\":[{\"@type\":\"CommentAction\",\"name\":\"Comment\",\"target\":[\"https:\/\/www.camac-harps.com\/blog\/fr\/non-classifiee\/les-10-ans-du-the-festival-camac-celebres-en-bonne-et-due-forme-a-nancy\/#respond\"]}]},{\"@type\":\"WebPage\",\"@id\":\"https:\/\/www.camac-harps.com\/blog\/fr\/non-classifiee\/les-10-ans-du-the-festival-camac-celebres-en-bonne-et-due-forme-a-nancy\/\",\"url\":\"https:\/\/www.camac-harps.com\/blog\/fr\/non-classifiee\/les-10-ans-du-the-festival-camac-celebres-en-bonne-et-due-forme-a-nancy\/\",\"name\":\"Les 10 ans du Festival Camac, c\u00e9l\u00e9br\u00e9s en bonne et due forme \u00e0 Nancy ! - Camac Harps\",\"isPartOf\":{\"@id\":\"https:\/\/www.camac-harps.com\/blog\/fr\/#website\"},\"primaryImageOfPage\":{\"@id\":\"https:\/\/www.camac-harps.com\/blog\/fr\/non-classifiee\/les-10-ans-du-the-festival-camac-celebres-en-bonne-et-due-forme-a-nancy\/#primaryimage\"},\"image\":{\"@id\":\"https:\/\/www.camac-harps.com\/blog\/fr\/non-classifiee\/les-10-ans-du-the-festival-camac-celebres-en-bonne-et-due-forme-a-nancy\/#primaryimage\"},\"thumbnailUrl\":\"https:\/\/www.camac-harps.com\/blog\/wp-content\/uploads\/sites\/27\/2015\/10\/015.jpg\",\"datePublished\":\"2015-10-24T06:00:33+00:00\",\"dateModified\":\"2017-06-15T08:16:18+00:00\",\"author\":{\"@id\":\"https:\/\/www.camac-harps.com\/blog\/fr\/#\/schema\/person\/59b9e6843c0338179fb914afaf144d22\"},\"breadcrumb\":{\"@id\":\"https:\/\/www.camac-harps.com\/blog\/fr\/non-classifiee\/les-10-ans-du-the-festival-camac-celebres-en-bonne-et-due-forme-a-nancy\/#breadcrumb\"},\"inLanguage\":\"fr-FR\",\"potentialAction\":[{\"@type\":\"ReadAction\",\"target\":[\"https:\/\/www.camac-harps.com\/blog\/fr\/non-classifiee\/les-10-ans-du-the-festival-camac-celebres-en-bonne-et-due-forme-a-nancy\/\"]}]},{\"@type\":\"ImageObject\",\"inLanguage\":\"fr-FR\",\"@id\":\"https:\/\/www.camac-harps.com\/blog\/fr\/non-classifiee\/les-10-ans-du-the-festival-camac-celebres-en-bonne-et-due-forme-a-nancy\/#primaryimage\",\"url\":\"https:\/\/www.camac-harps.com\/blog\/wp-content\/uploads\/sites\/27\/2015\/10\/015.jpg\",\"contentUrl\":\"https:\/\/www.camac-harps.com\/blog\/wp-content\/uploads\/sites\/27\/2015\/10\/015.jpg\",\"width\":1362,\"height\":2048,\"caption\":\"Oriane \/ Grand Salon\"},{\"@type\":\"BreadcrumbList\",\"@id\":\"https:\/\/www.camac-harps.com\/blog\/fr\/non-classifiee\/les-10-ans-du-the-festival-camac-celebres-en-bonne-et-due-forme-a-nancy\/#breadcrumb\",\"itemListElement\":[{\"@type\":\"ListItem\",\"position\":1,\"name\":\"Home\",\"item\":\"https:\/\/www.camac-harps.com\/blog\/fr\/\"},{\"@type\":\"ListItem\",\"position\":2,\"name\":\"Les 10 ans du Festival Camac, c\u00e9l\u00e9br\u00e9s en bonne et due forme \u00e0 Nancy !\"}]},{\"@type\":\"WebSite\",\"@id\":\"https:\/\/www.camac-harps.com\/blog\/fr\/#website\",\"url\":\"https:\/\/www.camac-harps.com\/blog\/fr\/\",\"name\":\"Camac Harps\",\"description\":\"\",\"potentialAction\":[{\"@type\":\"SearchAction\",\"target\":{\"@type\":\"EntryPoint\",\"urlTemplate\":\"https:\/\/www.camac-harps.com\/blog\/fr\/?s={search_term_string}\"},\"query-input\":{\"@type\":\"PropertyValueSpecification\",\"valueRequired\":true,\"valueName\":\"search_term_string\"}}],\"inLanguage\":\"fr-FR\"},{\"@type\":\"Person\",\"@id\":\"https:\/\/www.camac-harps.com\/blog\/fr\/#\/schema\/person\/59b9e6843c0338179fb914afaf144d22\",\"name\":\"Helen Leitner\",\"image\":{\"@type\":\"ImageObject\",\"inLanguage\":\"fr-FR\",\"@id\":\"https:\/\/www.camac-harps.com\/blog\/fr\/#\/schema\/person\/image\/\",\"url\":\"https:\/\/secure.gravatar.com\/avatar\/ebbebff931219cff4c2d1e25c3229b2e036693f67bf237fb12f452d7a019a6da?s=96&d=mm&r=g\",\"contentUrl\":\"https:\/\/secure.gravatar.com\/avatar\/ebbebff931219cff4c2d1e25c3229b2e036693f67bf237fb12f452d7a019a6da?s=96&d=mm&r=g\",\"caption\":\"Helen Leitner\"},\"url\":\"https:\/\/www.camac-harps.com\/blog\/fr\/author\/ltnr\/\"}]}<\/script>","yoast_head_json":{"title":"Les 10 ans du Festival Camac, c\u00e9l\u00e9br\u00e9s en bonne et due forme \u00e0 Nancy ! - Camac Harps","robots":{"index":"index","follow":"follow","max-snippet":"max-snippet:-1","max-image-preview":"max-image-preview:large","max-video-preview":"max-video-preview:-1"},"canonical":"https:\/\/www.camac-harps.com\/blog\/fr\/non-classifiee\/les-10-ans-du-the-festival-camac-celebres-en-bonne-et-due-forme-a-nancy\/","og_locale":"fr_FR","og_type":"article","og_title":"Les 10 ans du Festival Camac, c\u00e9l\u00e9br\u00e9s en bonne et due forme \u00e0 Nancy ! - Camac Harps","og_description":"\u00c7a y est, nous sommes de retour de notre Festival Camac !","og_url":"https:\/\/www.camac-harps.com\/blog\/fr\/non-classifiee\/les-10-ans-du-the-festival-camac-celebres-en-bonne-et-due-forme-a-nancy\/","og_site_name":"Camac Harps","article_published_time":"2015-10-24T06:00:33+00:00","article_modified_time":"2017-06-15T08:16:18+00:00","og_image":[{"width":681,"height":1024,"url":"https:\/\/www.camac-harps.com\/blog\/wp-content\/uploads\/sites\/27\/2015\/10\/015-681x1024.jpg","type":"image\/jpeg"}],"author":"Helen Leitner","twitter_card":"summary_large_image","twitter_misc":{"\u00c9crit par":"Helen Leitner","Dur\u00e9e de lecture estim\u00e9e":"8 minutes"},"schema":{"@context":"https:\/\/schema.org","@graph":[{"@type":"Article","@id":"https:\/\/www.camac-harps.com\/blog\/fr\/non-classifiee\/les-10-ans-du-the-festival-camac-celebres-en-bonne-et-due-forme-a-nancy\/#article","isPartOf":{"@id":"https:\/\/www.camac-harps.com\/blog\/fr\/non-classifiee\/les-10-ans-du-the-festival-camac-celebres-en-bonne-et-due-forme-a-nancy\/"},"author":{"name":"Helen Leitner","@id":"https:\/\/www.camac-harps.com\/blog\/fr\/#\/schema\/person\/59b9e6843c0338179fb914afaf144d22"},"headline":"Les 10 ans du Festival Camac, c\u00e9l\u00e9br\u00e9s en bonne et due forme \u00e0 Nancy !","datePublished":"2015-10-24T06:00:33+00:00","dateModified":"2017-06-15T08:16:18+00:00","mainEntityOfPage":{"@id":"https:\/\/www.camac-harps.com\/blog\/fr\/non-classifiee\/les-10-ans-du-the-festival-camac-celebres-en-bonne-et-due-forme-a-nancy\/"},"wordCount":1729,"commentCount":0,"image":{"@id":"https:\/\/www.camac-harps.com\/blog\/fr\/non-classifiee\/les-10-ans-du-the-festival-camac-celebres-en-bonne-et-due-forme-a-nancy\/#primaryimage"},"thumbnailUrl":"https:\/\/www.camac-harps.com\/blog\/wp-content\/uploads\/sites\/27\/2015\/10\/015.jpg","articleSection":["Non classifi\u00e9(e)"],"inLanguage":"fr-FR","potentialAction":[{"@type":"CommentAction","name":"Comment","target":["https:\/\/www.camac-harps.com\/blog\/fr\/non-classifiee\/les-10-ans-du-the-festival-camac-celebres-en-bonne-et-due-forme-a-nancy\/#respond"]}]},{"@type":"WebPage","@id":"https:\/\/www.camac-harps.com\/blog\/fr\/non-classifiee\/les-10-ans-du-the-festival-camac-celebres-en-bonne-et-due-forme-a-nancy\/","url":"https:\/\/www.camac-harps.com\/blog\/fr\/non-classifiee\/les-10-ans-du-the-festival-camac-celebres-en-bonne-et-due-forme-a-nancy\/","name":"Les 10 ans du Festival Camac, c\u00e9l\u00e9br\u00e9s en bonne et due forme \u00e0 Nancy ! - Camac Harps","isPartOf":{"@id":"https:\/\/www.camac-harps.com\/blog\/fr\/#website"},"primaryImageOfPage":{"@id":"https:\/\/www.camac-harps.com\/blog\/fr\/non-classifiee\/les-10-ans-du-the-festival-camac-celebres-en-bonne-et-due-forme-a-nancy\/#primaryimage"},"image":{"@id":"https:\/\/www.camac-harps.com\/blog\/fr\/non-classifiee\/les-10-ans-du-the-festival-camac-celebres-en-bonne-et-due-forme-a-nancy\/#primaryimage"},"thumbnailUrl":"https:\/\/www.camac-harps.com\/blog\/wp-content\/uploads\/sites\/27\/2015\/10\/015.jpg","datePublished":"2015-10-24T06:00:33+00:00","dateModified":"2017-06-15T08:16:18+00:00","author":{"@id":"https:\/\/www.camac-harps.com\/blog\/fr\/#\/schema\/person\/59b9e6843c0338179fb914afaf144d22"},"breadcrumb":{"@id":"https:\/\/www.camac-harps.com\/blog\/fr\/non-classifiee\/les-10-ans-du-the-festival-camac-celebres-en-bonne-et-due-forme-a-nancy\/#breadcrumb"},"inLanguage":"fr-FR","potentialAction":[{"@type":"ReadAction","target":["https:\/\/www.camac-harps.com\/blog\/fr\/non-classifiee\/les-10-ans-du-the-festival-camac-celebres-en-bonne-et-due-forme-a-nancy\/"]}]},{"@type":"ImageObject","inLanguage":"fr-FR","@id":"https:\/\/www.camac-harps.com\/blog\/fr\/non-classifiee\/les-10-ans-du-the-festival-camac-celebres-en-bonne-et-due-forme-a-nancy\/#primaryimage","url":"https:\/\/www.camac-harps.com\/blog\/wp-content\/uploads\/sites\/27\/2015\/10\/015.jpg","contentUrl":"https:\/\/www.camac-harps.com\/blog\/wp-content\/uploads\/sites\/27\/2015\/10\/015.jpg","width":1362,"height":2048,"caption":"Oriane \/ Grand Salon"},{"@type":"BreadcrumbList","@id":"https:\/\/www.camac-harps.com\/blog\/fr\/non-classifiee\/les-10-ans-du-the-festival-camac-celebres-en-bonne-et-due-forme-a-nancy\/#breadcrumb","itemListElement":[{"@type":"ListItem","position":1,"name":"Home","item":"https:\/\/www.camac-harps.com\/blog\/fr\/"},{"@type":"ListItem","position":2,"name":"Les 10 ans du Festival Camac, c\u00e9l\u00e9br\u00e9s en bonne et due forme \u00e0 Nancy !"}]},{"@type":"WebSite","@id":"https:\/\/www.camac-harps.com\/blog\/fr\/#website","url":"https:\/\/www.camac-harps.com\/blog\/fr\/","name":"Camac Harps","description":"","potentialAction":[{"@type":"SearchAction","target":{"@type":"EntryPoint","urlTemplate":"https:\/\/www.camac-harps.com\/blog\/fr\/?s={search_term_string}"},"query-input":{"@type":"PropertyValueSpecification","valueRequired":true,"valueName":"search_term_string"}}],"inLanguage":"fr-FR"},{"@type":"Person","@id":"https:\/\/www.camac-harps.com\/blog\/fr\/#\/schema\/person\/59b9e6843c0338179fb914afaf144d22","name":"Helen Leitner","image":{"@type":"ImageObject","inLanguage":"fr-FR","@id":"https:\/\/www.camac-harps.com\/blog\/fr\/#\/schema\/person\/image\/","url":"https:\/\/secure.gravatar.com\/avatar\/ebbebff931219cff4c2d1e25c3229b2e036693f67bf237fb12f452d7a019a6da?s=96&d=mm&r=g","contentUrl":"https:\/\/secure.gravatar.com\/avatar\/ebbebff931219cff4c2d1e25c3229b2e036693f67bf237fb12f452d7a019a6da?s=96&d=mm&r=g","caption":"Helen Leitner"},"url":"https:\/\/www.camac-harps.com\/blog\/fr\/author\/ltnr\/"}]}},"_links":{"self":[{"href":"https:\/\/www.camac-harps.com\/blog\/fr\/wp-json\/wp\/v2\/posts\/2568","targetHints":{"allow":["GET"]}}],"collection":[{"href":"https:\/\/www.camac-harps.com\/blog\/fr\/wp-json\/wp\/v2\/posts"}],"about":[{"href":"https:\/\/www.camac-harps.com\/blog\/fr\/wp-json\/wp\/v2\/types\/post"}],"author":[{"embeddable":true,"href":"https:\/\/www.camac-harps.com\/blog\/fr\/wp-json\/wp\/v2\/users\/3"}],"replies":[{"embeddable":true,"href":"https:\/\/www.camac-harps.com\/blog\/fr\/wp-json\/wp\/v2\/comments?post=2568"}],"version-history":[{"count":1,"href":"https:\/\/www.camac-harps.com\/blog\/fr\/wp-json\/wp\/v2\/posts\/2568\/revisions"}],"predecessor-version":[{"id":20012,"href":"https:\/\/www.camac-harps.com\/blog\/fr\/wp-json\/wp\/v2\/posts\/2568\/revisions\/20012"}],"wp:featuredmedia":[{"embeddable":true,"href":"https:\/\/www.camac-harps.com\/blog\/fr\/wp-json\/wp\/v2\/media\/2513"}],"wp:attachment":[{"href":"https:\/\/www.camac-harps.com\/blog\/fr\/wp-json\/wp\/v2\/media?parent=2568"}],"wp:term":[{"taxonomy":"category","embeddable":true,"href":"https:\/\/www.camac-harps.com\/blog\/fr\/wp-json\/wp\/v2\/categories?post=2568"},{"taxonomy":"post_tag","embeddable":true,"href":"https:\/\/www.camac-harps.com\/blog\/fr\/wp-json\/wp\/v2\/tags?post=2568"}],"curies":[{"name":"wp","href":"https:\/\/api.w.org\/{rel}","templated":true}]}}