{"id":25691,"date":"2018-11-02T15:41:18","date_gmt":"2018-11-02T15:41:18","guid":{"rendered":"https:\/\/www.camac-harps.com\/blog\/?p=25691"},"modified":"2018-11-09T07:13:17","modified_gmt":"2018-11-09T07:13:17","slug":"noel-a-vienne","status":"publish","type":"post","link":"https:\/\/www.camac-harps.com\/blog\/fr\/actualites\/noel-a-vienne\/","title":{"rendered":"No\u00ebl \u00e0 Vienne"},"content":{"rendered":"<p>Vienne, ville au coeur de la musique classique depuis la fin du XVIIIe si\u00e8cle,\u00a0reste une cit\u00e9 musicale incomparable. L&rsquo;Op\u00e9ra National de Vienne et l&rsquo;Orchestre Philharmonique de Vienne font\u00a0<a href=\"https:\/\/www.wienerphilharmoniker.at\/orchestra\/tradition\" target=\"_blank\" rel=\"noopener\">partie de cette tradition<\/a>\u00a0depuis 175 years. Nous sommes tr\u00e8s honor\u00e9s qu&rsquo;une de nos harpes\u00a0<a href=\"https:\/\/www.camac-harps.com\/fr\/harps-fr\/pedal-fr\/art-nouveau-%C2%B7-gold\/\" target=\"_blank\" rel=\"noopener\">Art Nouveau Gold<\/a>\u00a0ait \u00e9t\u00e9 choisie pour rejoindre les instruments de l&rsquo;Orchestre.<\/p>\n<p><img loading=\"lazy\" decoding=\"async\" class=\"aligncenter size-large wp-image-25694\" src=\"https:\/\/www.camac-harps.com\/blog\/wp-content\/uploads\/sites\/27\/2018\/10\/viennachristmas-1024x724.jpg\" alt=\"Christmas in Vienna 2018\" width=\"1024\" height=\"724\" srcset=\"https:\/\/www.camac-harps.com\/blog\/wp-content\/uploads\/sites\/27\/2018\/10\/viennachristmas-1024x724.jpg 1024w, https:\/\/www.camac-harps.com\/blog\/wp-content\/uploads\/sites\/27\/2018\/10\/viennachristmas-300x212.jpg 300w, https:\/\/www.camac-harps.com\/blog\/wp-content\/uploads\/sites\/27\/2018\/10\/viennachristmas-768x543.jpg 768w, https:\/\/www.camac-harps.com\/blog\/wp-content\/uploads\/sites\/27\/2018\/10\/viennachristmas-1000x707.jpg 1000w, https:\/\/www.camac-harps.com\/blog\/wp-content\/uploads\/sites\/27\/2018\/10\/viennachristmas-800x566.jpg 800w, https:\/\/www.camac-harps.com\/blog\/wp-content\/uploads\/sites\/27\/2018\/10\/viennachristmas-55x39.jpg 55w, https:\/\/www.camac-harps.com\/blog\/wp-content\/uploads\/sites\/27\/2018\/10\/viennachristmas-250x177.jpg 250w, https:\/\/www.camac-harps.com\/blog\/wp-content\/uploads\/sites\/27\/2018\/10\/viennachristmas-150x105.jpg 150w, https:\/\/www.camac-harps.com\/blog\/wp-content\/uploads\/sites\/27\/2018\/10\/viennachristmas.jpg 1753w\" sizes=\"auto, (max-width: 1024px) 100vw, 1024px\" \/><\/p>\n<p>Dimanche 16 d\u00e9cembre et lundi 17 d\u00e9cembre 2018, nous sommes ravis d&rsquo;organiser en collaboration avec l&rsquo;une des harpistes solos du Philharmonique de Vienne,\u00a0<a href=\"http:\/\/www.anneleenlenaerts.com\" target=\"_blank\" rel=\"noopener\">Anneleen Lenaerts<\/a>, deux journ\u00e9es d\u00e9di\u00e9es \u00e0 la harpe \u00e0 Vienne. Cet \u00e9v\u00e9nement se veut \u00eatre une fen\u00eatre ouverte sur le monde classique viennois. Nous avons h\u00e2te d&rsquo;y \u00eatre !<\/p>\n<p>Tout d&rsquo;abord, les \u00e9l\u00e8ves harpistes auront la chance de pouvoir participer \u00e0 une master-classe avec Anneleen, qui se d\u00e9roulera le dimanche \u00e0 partir de 10h, et pourront \u00e9galement partager la sc\u00e8ne avec Anneleen Lenaerts lors du concert du soir au\u00a0<a href=\"http:\/\/www.mozarthausvienna.at\/en\" target=\"_blank\" rel=\"noopener\">Mozarthaus Vienna<\/a>. Il est \u00e9videmment possible de jouer une pi\u00e8ce diff\u00e9rente en concert que celle choisie pour la master-classe. Pour d\u00e9poser votre candidature, vous devez r\u00e9aliser une courte vid\u00e9o (une vid\u00e9o prise sur un t\u00e9l\u00e9phone suffira) sur laquelle vous interpr\u00e9ter la pi\u00e8ce que vous souhaiteriez jouer en concert puis l&rsquo;envoyer \u00e0 Helen \u00e0 <a href=\"mailto:ar@camac-harps.com\" target=\"_blank\" rel=\"noopener\">ar@camac-harps.com<\/a>.\u00a0<\/p>\n<p>Apr\u00e8s la master-classe, \u00e0 16h, le Pr\u00e9sident des Harpes Camac, Jakez Fran\u00e7ois, donnera une conf\u00e9rence sur la fabrication de nos harpes. Il y abordera la longue tradition fran\u00e7aise de la lutherie d&rsquo;excellence, les innovations que Les Harpes Camac ont ajout\u00e9es \u00e0 la fabrication traditionnelle\u00a0au fur et \u00e0 mesure des ann\u00e9es et bien s\u00fbr, vous pourrez y \u00e9changer avec Jakez.<\/p>\n<p>A 19h, les jeunes harpistes qui auront particip\u00e9 \u00e0 la master-classe du matin joueront lors d&rsquo;un concert suivis d&rsquo;Anneleen Lenaerts qui nous enchantera avec son r\u00e9pertoire de harpe solo compos\u00e9 de th\u00e8mes symphoniques et d&rsquo;op\u00e9ra.<\/p>\n<p>Le lundi 17 d\u00e9cembre, Charlotte Balzereit donnera un cours sur des extraits de pi\u00e8ces demand\u00e9es en audition d&rsquo;orchestre.\u00a0Cet atelier s&rsquo;adresse \u00e0 la fois aux \u00e9l\u00e8ves avanc\u00e9s qui se lancent dans l&rsquo;aventure des auditions et aux \u00e9l\u00e8ves plus jeunes qui commencent \u00e0 aborder ce r\u00e9pertoire. Les participants devront \u00eatre en mesure de jouer des extraits (le choix de ces pi\u00e8ces est libre) comme s&rsquo;ils allaient les jouer sur sc\u00e8ne afin de rendre le cours accessible au plus grand nombre. Vous pourrez \u00e9galement \u00e9changer avec Charlotte sur le d\u00e9roulement des auditions. Pour vous inscrire, vous pouvez\u00a0<a href=\"mailto:ar@camac-harps.com\" target=\"_blank\" rel=\"noopener\">envoyer un email \u00e0 Helen<\/a>\u00a0en pr\u00e9cisant les extraits que vous souhaitez travailler.<\/p>\n<p>L&rsquo;apr\u00e8s-midi, nous serons tr\u00e8s heureux de proposer aux participants une visite priv\u00e9e de l&rsquo;Op\u00e9ra National de Vienne, avant d&rsquo;assister au final parfait pour No\u00ebl : une repr\u00e9sentation de \u00ab\u00a0Hansel et Gretel\u00a0\u00bb de Humperdinck. Les Harpes Camac ont un nombre limit\u00e9 de billets pour les participants au tarif pr\u00e9f\u00e9rentiel de 20\u20ac. Mis \u00e0 part ce concert \u00e0 l&rsquo;op\u00e9ra, tous les \u00e9v\u00e9nements sont gratuits mais il est\u00a0<a href=\"mailto:ar@camac-harps.com\" target=\"_blank\" rel=\"noopener\">n\u00e9cessaire de r\u00e9server<\/a>.\u00a0<\/p>\n<p>Au Mozarthaus, nous pr\u00e9senterons \u00e9galement une s\u00e9lection de nos meilleurs instruments que vous pourrez voir et essayer tout au long de ces deux jours.<\/p>\n<p>T\u00e9l\u00e9chargez le d\u00e9pliant <a href=\"https:\/\/www.camac-harps.com\/blog\/wp-content\/uploads\/sites\/27\/2018\/11\/weihnachten-in-wien-web.def_.-.pdf\" target=\"_blank\" rel=\"noopener\">ici<\/a> (PDF, 749 KB).<\/p>\n<p><img loading=\"lazy\" decoding=\"async\" class=\"aligncenter size-large wp-image-25696\" src=\"https:\/\/www.camac-harps.com\/blog\/wp-content\/uploads\/sites\/27\/2018\/10\/viennachristmastwo-1024x724.jpg\" alt=\"Christmas in Vienna 2018\" width=\"1024\" height=\"724\" srcset=\"https:\/\/www.camac-harps.com\/blog\/wp-content\/uploads\/sites\/27\/2018\/10\/viennachristmastwo-1024x724.jpg 1024w, https:\/\/www.camac-harps.com\/blog\/wp-content\/uploads\/sites\/27\/2018\/10\/viennachristmastwo-300x212.jpg 300w, https:\/\/www.camac-harps.com\/blog\/wp-content\/uploads\/sites\/27\/2018\/10\/viennachristmastwo-768x543.jpg 768w, https:\/\/www.camac-harps.com\/blog\/wp-content\/uploads\/sites\/27\/2018\/10\/viennachristmastwo-1000x707.jpg 1000w, https:\/\/www.camac-harps.com\/blog\/wp-content\/uploads\/sites\/27\/2018\/10\/viennachristmastwo-800x566.jpg 800w, https:\/\/www.camac-harps.com\/blog\/wp-content\/uploads\/sites\/27\/2018\/10\/viennachristmastwo-55x39.jpg 55w, https:\/\/www.camac-harps.com\/blog\/wp-content\/uploads\/sites\/27\/2018\/10\/viennachristmastwo-250x177.jpg 250w, https:\/\/www.camac-harps.com\/blog\/wp-content\/uploads\/sites\/27\/2018\/10\/viennachristmastwo-150x105.jpg 150w, https:\/\/www.camac-harps.com\/blog\/wp-content\/uploads\/sites\/27\/2018\/10\/viennachristmastwo.jpg 1753w\" sizes=\"auto, (max-width: 1024px) 100vw, 1024px\" \/><\/p>\n","protected":false},"excerpt":{"rendered":"<p>Dimanche 16 d\u00e9cembre et lundi 17 d\u00e9cembre 2018, nous sommes ravis d&rsquo;organiser en collaboration avec l&rsquo;une des harpistes solos du Philharmonique de Vienne,\u00a0Anneleen Lenaerts, deux journ\u00e9es d\u00e9di\u00e9es \u00e0 la harpe \u00e0 Vienne. Cet \u00e9v\u00e9nement se veut \u00eatre une fen\u00eatre ouverte sur le monde classique viennois. Nous avons h\u00e2te d&rsquo;y \u00eatre !<\/p>\n","protected":false},"author":4,"featured_media":25694,"comment_status":"open","ping_status":"open","sticky":false,"template":"","format":"standard","meta":{"_acf_changed":false,"footnotes":""},"categories":[781,533],"tags":[],"class_list":["post-25691","post","type-post","status-publish","format-standard","has-post-thumbnail","hentry","category-alaune","category-actualites"],"acf":[],"yoast_head":"<title>No\u00ebl \u00e0 Vienne - Camac Harps<\/title>\n<meta name=\"robots\" content=\"index, follow, max-snippet:-1, max-image-preview:large, max-video-preview:-1\" \/>\n<link rel=\"canonical\" href=\"https:\/\/www.camac-harps.com\/blog\/fr\/actualites\/noel-a-vienne\/\" \/>\n<meta property=\"og:locale\" content=\"fr_FR\" \/>\n<meta property=\"og:type\" content=\"article\" \/>\n<meta property=\"og:title\" content=\"No\u00ebl \u00e0 Vienne - Camac Harps\" \/>\n<meta property=\"og:description\" content=\"Dimanche 16 d\u00e9cembre et lundi 17 d\u00e9cembre 2018, nous sommes ravis d&#039;organiser en collaboration avec l&#039;une des harpistes solos du Philharmonique de Vienne,\u00a0Anneleen Lenaerts, deux journ\u00e9es d\u00e9di\u00e9es \u00e0 la harpe \u00e0 Vienne. Cet \u00e9v\u00e9nement se veut \u00eatre une fen\u00eatre ouverte sur le monde classique viennois. Nous avons h\u00e2te d&#039;y \u00eatre !\" \/>\n<meta property=\"og:url\" content=\"https:\/\/www.camac-harps.com\/blog\/fr\/actualites\/noel-a-vienne\/\" \/>\n<meta property=\"og:site_name\" content=\"Camac Harps\" \/>\n<meta property=\"article:published_time\" content=\"2018-11-02T15:41:18+00:00\" \/>\n<meta property=\"article:modified_time\" content=\"2018-11-09T07:13:17+00:00\" \/>\n<meta property=\"og:image\" content=\"https:\/\/www.camac-harps.com\/blog\/wp-content\/uploads\/sites\/27\/2018\/10\/viennachristmas.jpg\" \/>\n\t<meta property=\"og:image:width\" content=\"1753\" \/>\n\t<meta property=\"og:image:height\" content=\"1240\" \/>\n\t<meta property=\"og:image:type\" content=\"image\/jpeg\" \/>\n<meta name=\"author\" content=\"annepostic\" \/>\n<meta name=\"twitter:card\" content=\"summary_large_image\" \/>\n<meta name=\"twitter:label1\" content=\"\u00c9crit par\" \/>\n\t<meta name=\"twitter:data1\" content=\"annepostic\" \/>\n\t<meta name=\"twitter:label2\" content=\"Dur\u00e9e de lecture estim\u00e9e\" \/>\n\t<meta name=\"twitter:data2\" content=\"3 minutes\" \/>\n<script type=\"application\/ld+json\" class=\"yoast-schema-graph\">{\"@context\":\"https:\/\/schema.org\",\"@graph\":[{\"@type\":\"Article\",\"@id\":\"https:\/\/www.camac-harps.com\/blog\/fr\/actualites\/noel-a-vienne\/#article\",\"isPartOf\":{\"@id\":\"https:\/\/www.camac-harps.com\/blog\/fr\/actualites\/noel-a-vienne\/\"},\"author\":{\"name\":\"annepostic\",\"@id\":\"https:\/\/www.camac-harps.com\/blog\/fr\/#\/schema\/person\/006439874c4dce6ab44edd15aa1b241d\"},\"headline\":\"No\u00ebl \u00e0 Vienne\",\"datePublished\":\"2018-11-02T15:41:18+00:00\",\"dateModified\":\"2018-11-09T07:13:17+00:00\",\"mainEntityOfPage\":{\"@id\":\"https:\/\/www.camac-harps.com\/blog\/fr\/actualites\/noel-a-vienne\/\"},\"wordCount\":570,\"commentCount\":0,\"image\":{\"@id\":\"https:\/\/www.camac-harps.com\/blog\/fr\/actualites\/noel-a-vienne\/#primaryimage\"},\"thumbnailUrl\":\"https:\/\/www.camac-harps.com\/blog\/wp-content\/uploads\/sites\/27\/2018\/10\/viennachristmas.jpg\",\"articleSection\":[\"\u00c0 la une\",\"Actualit\u00e9s\"],\"inLanguage\":\"fr-FR\",\"potentialAction\":[{\"@type\":\"CommentAction\",\"name\":\"Comment\",\"target\":[\"https:\/\/www.camac-harps.com\/blog\/fr\/actualites\/noel-a-vienne\/#respond\"]}]},{\"@type\":\"WebPage\",\"@id\":\"https:\/\/www.camac-harps.com\/blog\/fr\/actualites\/noel-a-vienne\/\",\"url\":\"https:\/\/www.camac-harps.com\/blog\/fr\/actualites\/noel-a-vienne\/\",\"name\":\"No\u00ebl \u00e0 Vienne - Camac Harps\",\"isPartOf\":{\"@id\":\"https:\/\/www.camac-harps.com\/blog\/fr\/#website\"},\"primaryImageOfPage\":{\"@id\":\"https:\/\/www.camac-harps.com\/blog\/fr\/actualites\/noel-a-vienne\/#primaryimage\"},\"image\":{\"@id\":\"https:\/\/www.camac-harps.com\/blog\/fr\/actualites\/noel-a-vienne\/#primaryimage\"},\"thumbnailUrl\":\"https:\/\/www.camac-harps.com\/blog\/wp-content\/uploads\/sites\/27\/2018\/10\/viennachristmas.jpg\",\"datePublished\":\"2018-11-02T15:41:18+00:00\",\"dateModified\":\"2018-11-09T07:13:17+00:00\",\"author\":{\"@id\":\"https:\/\/www.camac-harps.com\/blog\/fr\/#\/schema\/person\/006439874c4dce6ab44edd15aa1b241d\"},\"breadcrumb\":{\"@id\":\"https:\/\/www.camac-harps.com\/blog\/fr\/actualites\/noel-a-vienne\/#breadcrumb\"},\"inLanguage\":\"fr-FR\",\"potentialAction\":[{\"@type\":\"ReadAction\",\"target\":[\"https:\/\/www.camac-harps.com\/blog\/fr\/actualites\/noel-a-vienne\/\"]}]},{\"@type\":\"ImageObject\",\"inLanguage\":\"fr-FR\",\"@id\":\"https:\/\/www.camac-harps.com\/blog\/fr\/actualites\/noel-a-vienne\/#primaryimage\",\"url\":\"https:\/\/www.camac-harps.com\/blog\/wp-content\/uploads\/sites\/27\/2018\/10\/viennachristmas.jpg\",\"contentUrl\":\"https:\/\/www.camac-harps.com\/blog\/wp-content\/uploads\/sites\/27\/2018\/10\/viennachristmas.jpg\",\"width\":1753,\"height\":1240,\"caption\":\"Christmas in Vienna 2018\"},{\"@type\":\"BreadcrumbList\",\"@id\":\"https:\/\/www.camac-harps.com\/blog\/fr\/actualites\/noel-a-vienne\/#breadcrumb\",\"itemListElement\":[{\"@type\":\"ListItem\",\"position\":1,\"name\":\"Home\",\"item\":\"https:\/\/www.camac-harps.com\/blog\/fr\/\"},{\"@type\":\"ListItem\",\"position\":2,\"name\":\"No\u00ebl \u00e0 Vienne\"}]},{\"@type\":\"WebSite\",\"@id\":\"https:\/\/www.camac-harps.com\/blog\/fr\/#website\",\"url\":\"https:\/\/www.camac-harps.com\/blog\/fr\/\",\"name\":\"Camac Harps\",\"description\":\"\",\"potentialAction\":[{\"@type\":\"SearchAction\",\"target\":{\"@type\":\"EntryPoint\",\"urlTemplate\":\"https:\/\/www.camac-harps.com\/blog\/fr\/?s={search_term_string}\"},\"query-input\":{\"@type\":\"PropertyValueSpecification\",\"valueRequired\":true,\"valueName\":\"search_term_string\"}}],\"inLanguage\":\"fr-FR\"},{\"@type\":\"Person\",\"@id\":\"https:\/\/www.camac-harps.com\/blog\/fr\/#\/schema\/person\/006439874c4dce6ab44edd15aa1b241d\",\"name\":\"annepostic\",\"image\":{\"@type\":\"ImageObject\",\"inLanguage\":\"fr-FR\",\"@id\":\"https:\/\/www.camac-harps.com\/blog\/fr\/#\/schema\/person\/image\/\",\"url\":\"https:\/\/secure.gravatar.com\/avatar\/ffb0930ecc7ecc35a72994a73446bc976914d08653591c7e8e6fa15ce253d4ad?s=96&d=mm&r=g\",\"contentUrl\":\"https:\/\/secure.gravatar.com\/avatar\/ffb0930ecc7ecc35a72994a73446bc976914d08653591c7e8e6fa15ce253d4ad?s=96&d=mm&r=g\",\"caption\":\"annepostic\"},\"url\":\"https:\/\/www.camac-harps.com\/blog\/fr\/author\/annepostic\/\"}]}<\/script>","yoast_head_json":{"title":"No\u00ebl \u00e0 Vienne - Camac Harps","robots":{"index":"index","follow":"follow","max-snippet":"max-snippet:-1","max-image-preview":"max-image-preview:large","max-video-preview":"max-video-preview:-1"},"canonical":"https:\/\/www.camac-harps.com\/blog\/fr\/actualites\/noel-a-vienne\/","og_locale":"fr_FR","og_type":"article","og_title":"No\u00ebl \u00e0 Vienne - Camac Harps","og_description":"Dimanche 16 d\u00e9cembre et lundi 17 d\u00e9cembre 2018, nous sommes ravis d'organiser en collaboration avec l'une des harpistes solos du Philharmonique de Vienne,\u00a0Anneleen Lenaerts, deux journ\u00e9es d\u00e9di\u00e9es \u00e0 la harpe \u00e0 Vienne. Cet \u00e9v\u00e9nement se veut \u00eatre une fen\u00eatre ouverte sur le monde classique viennois. Nous avons h\u00e2te d'y \u00eatre !","og_url":"https:\/\/www.camac-harps.com\/blog\/fr\/actualites\/noel-a-vienne\/","og_site_name":"Camac Harps","article_published_time":"2018-11-02T15:41:18+00:00","article_modified_time":"2018-11-09T07:13:17+00:00","og_image":[{"width":1753,"height":1240,"url":"https:\/\/www.camac-harps.com\/blog\/wp-content\/uploads\/sites\/27\/2018\/10\/viennachristmas.jpg","type":"image\/jpeg"}],"author":"annepostic","twitter_card":"summary_large_image","twitter_misc":{"\u00c9crit par":"annepostic","Dur\u00e9e de lecture estim\u00e9e":"3 minutes"},"schema":{"@context":"https:\/\/schema.org","@graph":[{"@type":"Article","@id":"https:\/\/www.camac-harps.com\/blog\/fr\/actualites\/noel-a-vienne\/#article","isPartOf":{"@id":"https:\/\/www.camac-harps.com\/blog\/fr\/actualites\/noel-a-vienne\/"},"author":{"name":"annepostic","@id":"https:\/\/www.camac-harps.com\/blog\/fr\/#\/schema\/person\/006439874c4dce6ab44edd15aa1b241d"},"headline":"No\u00ebl \u00e0 Vienne","datePublished":"2018-11-02T15:41:18+00:00","dateModified":"2018-11-09T07:13:17+00:00","mainEntityOfPage":{"@id":"https:\/\/www.camac-harps.com\/blog\/fr\/actualites\/noel-a-vienne\/"},"wordCount":570,"commentCount":0,"image":{"@id":"https:\/\/www.camac-harps.com\/blog\/fr\/actualites\/noel-a-vienne\/#primaryimage"},"thumbnailUrl":"https:\/\/www.camac-harps.com\/blog\/wp-content\/uploads\/sites\/27\/2018\/10\/viennachristmas.jpg","articleSection":["\u00c0 la une","Actualit\u00e9s"],"inLanguage":"fr-FR","potentialAction":[{"@type":"CommentAction","name":"Comment","target":["https:\/\/www.camac-harps.com\/blog\/fr\/actualites\/noel-a-vienne\/#respond"]}]},{"@type":"WebPage","@id":"https:\/\/www.camac-harps.com\/blog\/fr\/actualites\/noel-a-vienne\/","url":"https:\/\/www.camac-harps.com\/blog\/fr\/actualites\/noel-a-vienne\/","name":"No\u00ebl \u00e0 Vienne - Camac Harps","isPartOf":{"@id":"https:\/\/www.camac-harps.com\/blog\/fr\/#website"},"primaryImageOfPage":{"@id":"https:\/\/www.camac-harps.com\/blog\/fr\/actualites\/noel-a-vienne\/#primaryimage"},"image":{"@id":"https:\/\/www.camac-harps.com\/blog\/fr\/actualites\/noel-a-vienne\/#primaryimage"},"thumbnailUrl":"https:\/\/www.camac-harps.com\/blog\/wp-content\/uploads\/sites\/27\/2018\/10\/viennachristmas.jpg","datePublished":"2018-11-02T15:41:18+00:00","dateModified":"2018-11-09T07:13:17+00:00","author":{"@id":"https:\/\/www.camac-harps.com\/blog\/fr\/#\/schema\/person\/006439874c4dce6ab44edd15aa1b241d"},"breadcrumb":{"@id":"https:\/\/www.camac-harps.com\/blog\/fr\/actualites\/noel-a-vienne\/#breadcrumb"},"inLanguage":"fr-FR","potentialAction":[{"@type":"ReadAction","target":["https:\/\/www.camac-harps.com\/blog\/fr\/actualites\/noel-a-vienne\/"]}]},{"@type":"ImageObject","inLanguage":"fr-FR","@id":"https:\/\/www.camac-harps.com\/blog\/fr\/actualites\/noel-a-vienne\/#primaryimage","url":"https:\/\/www.camac-harps.com\/blog\/wp-content\/uploads\/sites\/27\/2018\/10\/viennachristmas.jpg","contentUrl":"https:\/\/www.camac-harps.com\/blog\/wp-content\/uploads\/sites\/27\/2018\/10\/viennachristmas.jpg","width":1753,"height":1240,"caption":"Christmas in Vienna 2018"},{"@type":"BreadcrumbList","@id":"https:\/\/www.camac-harps.com\/blog\/fr\/actualites\/noel-a-vienne\/#breadcrumb","itemListElement":[{"@type":"ListItem","position":1,"name":"Home","item":"https:\/\/www.camac-harps.com\/blog\/fr\/"},{"@type":"ListItem","position":2,"name":"No\u00ebl \u00e0 Vienne"}]},{"@type":"WebSite","@id":"https:\/\/www.camac-harps.com\/blog\/fr\/#website","url":"https:\/\/www.camac-harps.com\/blog\/fr\/","name":"Camac Harps","description":"","potentialAction":[{"@type":"SearchAction","target":{"@type":"EntryPoint","urlTemplate":"https:\/\/www.camac-harps.com\/blog\/fr\/?s={search_term_string}"},"query-input":{"@type":"PropertyValueSpecification","valueRequired":true,"valueName":"search_term_string"}}],"inLanguage":"fr-FR"},{"@type":"Person","@id":"https:\/\/www.camac-harps.com\/blog\/fr\/#\/schema\/person\/006439874c4dce6ab44edd15aa1b241d","name":"annepostic","image":{"@type":"ImageObject","inLanguage":"fr-FR","@id":"https:\/\/www.camac-harps.com\/blog\/fr\/#\/schema\/person\/image\/","url":"https:\/\/secure.gravatar.com\/avatar\/ffb0930ecc7ecc35a72994a73446bc976914d08653591c7e8e6fa15ce253d4ad?s=96&d=mm&r=g","contentUrl":"https:\/\/secure.gravatar.com\/avatar\/ffb0930ecc7ecc35a72994a73446bc976914d08653591c7e8e6fa15ce253d4ad?s=96&d=mm&r=g","caption":"annepostic"},"url":"https:\/\/www.camac-harps.com\/blog\/fr\/author\/annepostic\/"}]}},"_links":{"self":[{"href":"https:\/\/www.camac-harps.com\/blog\/fr\/wp-json\/wp\/v2\/posts\/25691","targetHints":{"allow":["GET"]}}],"collection":[{"href":"https:\/\/www.camac-harps.com\/blog\/fr\/wp-json\/wp\/v2\/posts"}],"about":[{"href":"https:\/\/www.camac-harps.com\/blog\/fr\/wp-json\/wp\/v2\/types\/post"}],"author":[{"embeddable":true,"href":"https:\/\/www.camac-harps.com\/blog\/fr\/wp-json\/wp\/v2\/users\/4"}],"replies":[{"embeddable":true,"href":"https:\/\/www.camac-harps.com\/blog\/fr\/wp-json\/wp\/v2\/comments?post=25691"}],"version-history":[{"count":5,"href":"https:\/\/www.camac-harps.com\/blog\/fr\/wp-json\/wp\/v2\/posts\/25691\/revisions"}],"predecessor-version":[{"id":25708,"href":"https:\/\/www.camac-harps.com\/blog\/fr\/wp-json\/wp\/v2\/posts\/25691\/revisions\/25708"}],"wp:featuredmedia":[{"embeddable":true,"href":"https:\/\/www.camac-harps.com\/blog\/fr\/wp-json\/wp\/v2\/media\/25694"}],"wp:attachment":[{"href":"https:\/\/www.camac-harps.com\/blog\/fr\/wp-json\/wp\/v2\/media?parent=25691"}],"wp:term":[{"taxonomy":"category","embeddable":true,"href":"https:\/\/www.camac-harps.com\/blog\/fr\/wp-json\/wp\/v2\/categories?post=25691"},{"taxonomy":"post_tag","embeddable":true,"href":"https:\/\/www.camac-harps.com\/blog\/fr\/wp-json\/wp\/v2\/tags?post=25691"}],"curies":[{"name":"wp","href":"https:\/\/api.w.org\/{rel}","templated":true}]}}