{"id":25985,"date":"2019-01-18T12:05:23","date_gmt":"2019-01-18T12:05:23","guid":{"rendered":"https:\/\/www.camac-harps.com\/blog\/?p=25985"},"modified":"2019-01-21T08:29:54","modified_gmt":"2019-01-21T08:29:54","slug":"reinl-2019","status":"publish","type":"post","link":"https:\/\/www.camac-harps.com\/blog\/fr\/actualites\/reinl-2019\/","title":{"rendered":"Concours de la Fondation Franz Josef Reinl"},"content":{"rendered":"<p style=\"text-align: justify;\"><a href=\"https:\/\/www.camac-harps.com\/blog\/wp-content\/uploads\/sites\/27\/2019\/01\/schnellfahrstrecke.jpg\"><img loading=\"lazy\" decoding=\"async\" class=\"alignright size-medium wp-image-25977\" src=\"https:\/\/www.camac-harps.com\/blog\/wp-content\/uploads\/sites\/27\/2019\/01\/schnellfahrstrecke-143x300.jpg\" alt=\"Schnellfahrstrecke! Munich February 2019\" width=\"143\" height=\"300\" srcset=\"https:\/\/www.camac-harps.com\/blog\/wp-content\/uploads\/sites\/27\/2019\/01\/schnellfahrstrecke-143x300.jpg 143w, https:\/\/www.camac-harps.com\/blog\/wp-content\/uploads\/sites\/27\/2019\/01\/schnellfahrstrecke-487x1024.jpg 487w, https:\/\/www.camac-harps.com\/blog\/wp-content\/uploads\/sites\/27\/2019\/01\/schnellfahrstrecke-300x631.jpg 300w, https:\/\/www.camac-harps.com\/blog\/wp-content\/uploads\/sites\/27\/2019\/01\/schnellfahrstrecke-55x116.jpg 55w, https:\/\/www.camac-harps.com\/blog\/wp-content\/uploads\/sites\/27\/2019\/01\/schnellfahrstrecke-250x525.jpg 250w, https:\/\/www.camac-harps.com\/blog\/wp-content\/uploads\/sites\/27\/2019\/01\/schnellfahrstrecke.jpg 590w\" sizes=\"auto, (max-width: 143px) 100vw, 143px\" \/><\/a><\/p>\n<p style=\"text-align: justify;\">Nous sommes tr\u00e8s heureux de soutenir l\u2019\u00e9dition 2019 du\u00a0<a href=\"https:\/\/reinl-stiftung.at\/wettbewerb-harfe\/\" target=\"_blank\" rel=\"noopener\">concours de harpe de la Franz Josef Reinl-Stiftung<\/a>. Ce concours est ouvert aux harpistes n\u00e9s apr\u00e8s le 1er janvier 1995 et qui n\u2019ont pas encore termin\u00e9 leurs \u00e9tudes au conservatoire.\u00a0Il se d\u00e9roulera \u00e0 Munich du 14 au 17 f\u00e9vrier 2019 et le concert des laur\u00e9ats aura lieu en juin.\u00a0<\/p>\n<p style=\"text-align: justify;\">Il est int\u00e9ressant de noter que ce concours annuel se d\u00e9roule toujours parall\u00e8lement au concours de composition. En effet, la Fondation Franz Josef Reinl a \u00e9t\u00e9 cr\u00e9\u00e9e par Hilde Reinl, veuve du compositeur Franz Josef Reinl et \u00e9galement m\u00e8re de Hermann Ertl, c\u00e9l\u00e8bre harpiste en son temps, d\u2019o\u00f9 l\u2019id\u00e9e de soutenir \u00e0 la fois les jeunes compositeurs et les jeunes harpistes.\u00a0Le programme du concours de harpe inclut la Fantaisie de Spohr, l\u2019Impromptu-Caprice de Piern\u00e9, une oeuvre compos\u00e9e apr\u00e8s 1960 et une Sonate de Scarlatti.\u00a0<\/p>\n<p style=\"text-align: justify;\">Nous mettrons \u00e0 disposition des harpes Grand Concert pour les prestations des candidats et notre\u00a0<a href=\"https:\/\/de.camac-harps.com\/\" target=\"_blank\" rel=\"noopener\">\u00e9quipe en Allemagne<\/a>\u00a0sera \u00e9galement pr\u00e9sente pour exposer nos instruments.\u00a0<\/p>\n<p style=\"text-align: justify;\">Vous trouverez plus d\u2019informations en anglais et en allemand en suivant ce\u00a0<a href=\"https:\/\/reinl-stiftung.at\/en\/\" target=\"_blank\" rel=\"noopener\">lien<\/a>.\u00a0<\/p>\n","protected":false},"excerpt":{"rendered":"<p>Nous sommes tr\u00e8s heureux de soutenir l\u2019\u00e9dition 2019 du\u00a0concours de harpe de la Franz Josef Reinl-Stiftung. Il se d\u00e9roulera \u00e0 Munich du 14 au 17 f\u00e9vrier 2019 et le concert des laur\u00e9ats aura lieu en juin.\u00a0<\/p>\n","protected":false},"author":3,"featured_media":25979,"comment_status":"open","ping_status":"open","sticky":false,"template":"","format":"standard","meta":{"_acf_changed":false,"footnotes":""},"categories":[533],"tags":[],"class_list":["post-25985","post","type-post","status-publish","format-standard","has-post-thumbnail","hentry","category-actualites"],"acf":[],"yoast_head":"<title>Concours de la Fondation Franz Josef Reinl - Camac Harps<\/title>\n<meta name=\"robots\" content=\"index, follow, max-snippet:-1, max-image-preview:large, max-video-preview:-1\" \/>\n<link rel=\"canonical\" href=\"https:\/\/www.camac-harps.com\/blog\/fr\/actualites\/reinl-2019\/\" \/>\n<meta property=\"og:locale\" content=\"fr_FR\" \/>\n<meta property=\"og:type\" content=\"article\" \/>\n<meta property=\"og:title\" content=\"Concours de la Fondation Franz Josef Reinl - Camac Harps\" \/>\n<meta property=\"og:description\" content=\"Nous sommes tr\u00e8s heureux de soutenir l\u2019\u00e9dition 2019 du\u00a0concours de harpe de la Franz Josef Reinl-Stiftung. Il se d\u00e9roulera \u00e0 Munich du 14 au 17 f\u00e9vrier 2019 et le concert des laur\u00e9ats aura lieu en juin.\u00a0\" \/>\n<meta property=\"og:url\" content=\"https:\/\/www.camac-harps.com\/blog\/fr\/actualites\/reinl-2019\/\" \/>\n<meta property=\"og:site_name\" content=\"Camac Harps\" \/>\n<meta property=\"article:published_time\" content=\"2019-01-18T12:05:23+00:00\" \/>\n<meta property=\"article:modified_time\" content=\"2019-01-21T08:29:54+00:00\" \/>\n<meta property=\"og:image\" content=\"https:\/\/www.camac-harps.com\/blog\/wp-content\/uploads\/sites\/27\/2019\/01\/schnellfahrstreckecrop.jpg\" \/>\n\t<meta property=\"og:image:width\" content=\"589\" \/>\n\t<meta property=\"og:image:height\" content=\"884\" \/>\n\t<meta property=\"og:image:type\" content=\"image\/jpeg\" \/>\n<meta name=\"author\" content=\"Helen Leitner\" \/>\n<meta name=\"twitter:card\" content=\"summary_large_image\" \/>\n<meta name=\"twitter:label1\" content=\"\u00c9crit par\" \/>\n\t<meta name=\"twitter:data1\" content=\"Helen Leitner\" \/>\n\t<meta name=\"twitter:label2\" content=\"Dur\u00e9e de lecture estim\u00e9e\" \/>\n\t<meta name=\"twitter:data2\" content=\"1 minute\" \/>\n<script type=\"application\/ld+json\" class=\"yoast-schema-graph\">{\"@context\":\"https:\/\/schema.org\",\"@graph\":[{\"@type\":\"Article\",\"@id\":\"https:\/\/www.camac-harps.com\/blog\/fr\/actualites\/reinl-2019\/#article\",\"isPartOf\":{\"@id\":\"https:\/\/www.camac-harps.com\/blog\/fr\/actualites\/reinl-2019\/\"},\"author\":{\"name\":\"Helen Leitner\",\"@id\":\"https:\/\/www.camac-harps.com\/blog\/fr\/#\/schema\/person\/59b9e6843c0338179fb914afaf144d22\"},\"headline\":\"Concours de la Fondation Franz Josef Reinl\",\"datePublished\":\"2019-01-18T12:05:23+00:00\",\"dateModified\":\"2019-01-21T08:29:54+00:00\",\"mainEntityOfPage\":{\"@id\":\"https:\/\/www.camac-harps.com\/blog\/fr\/actualites\/reinl-2019\/\"},\"wordCount\":203,\"commentCount\":0,\"image\":{\"@id\":\"https:\/\/www.camac-harps.com\/blog\/fr\/actualites\/reinl-2019\/#primaryimage\"},\"thumbnailUrl\":\"https:\/\/www.camac-harps.com\/blog\/wp-content\/uploads\/sites\/27\/2019\/01\/schnellfahrstreckecrop.jpg\",\"articleSection\":[\"Actualit\u00e9s\"],\"inLanguage\":\"fr-FR\",\"potentialAction\":[{\"@type\":\"CommentAction\",\"name\":\"Comment\",\"target\":[\"https:\/\/www.camac-harps.com\/blog\/fr\/actualites\/reinl-2019\/#respond\"]}]},{\"@type\":\"WebPage\",\"@id\":\"https:\/\/www.camac-harps.com\/blog\/fr\/actualites\/reinl-2019\/\",\"url\":\"https:\/\/www.camac-harps.com\/blog\/fr\/actualites\/reinl-2019\/\",\"name\":\"Concours de la Fondation Franz Josef Reinl - Camac Harps\",\"isPartOf\":{\"@id\":\"https:\/\/www.camac-harps.com\/blog\/fr\/#website\"},\"primaryImageOfPage\":{\"@id\":\"https:\/\/www.camac-harps.com\/blog\/fr\/actualites\/reinl-2019\/#primaryimage\"},\"image\":{\"@id\":\"https:\/\/www.camac-harps.com\/blog\/fr\/actualites\/reinl-2019\/#primaryimage\"},\"thumbnailUrl\":\"https:\/\/www.camac-harps.com\/blog\/wp-content\/uploads\/sites\/27\/2019\/01\/schnellfahrstreckecrop.jpg\",\"datePublished\":\"2019-01-18T12:05:23+00:00\",\"dateModified\":\"2019-01-21T08:29:54+00:00\",\"author\":{\"@id\":\"https:\/\/www.camac-harps.com\/blog\/fr\/#\/schema\/person\/59b9e6843c0338179fb914afaf144d22\"},\"breadcrumb\":{\"@id\":\"https:\/\/www.camac-harps.com\/blog\/fr\/actualites\/reinl-2019\/#breadcrumb\"},\"inLanguage\":\"fr-FR\",\"potentialAction\":[{\"@type\":\"ReadAction\",\"target\":[\"https:\/\/www.camac-harps.com\/blog\/fr\/actualites\/reinl-2019\/\"]}]},{\"@type\":\"ImageObject\",\"inLanguage\":\"fr-FR\",\"@id\":\"https:\/\/www.camac-harps.com\/blog\/fr\/actualites\/reinl-2019\/#primaryimage\",\"url\":\"https:\/\/www.camac-harps.com\/blog\/wp-content\/uploads\/sites\/27\/2019\/01\/schnellfahrstreckecrop.jpg\",\"contentUrl\":\"https:\/\/www.camac-harps.com\/blog\/wp-content\/uploads\/sites\/27\/2019\/01\/schnellfahrstreckecrop.jpg\",\"width\":589,\"height\":884,\"caption\":\"Schnellfahrstrecke! Camac Germany in Munich, February 2019\"},{\"@type\":\"BreadcrumbList\",\"@id\":\"https:\/\/www.camac-harps.com\/blog\/fr\/actualites\/reinl-2019\/#breadcrumb\",\"itemListElement\":[{\"@type\":\"ListItem\",\"position\":1,\"name\":\"Home\",\"item\":\"https:\/\/www.camac-harps.com\/blog\/fr\/\"},{\"@type\":\"ListItem\",\"position\":2,\"name\":\"Concours de la Fondation Franz Josef Reinl\"}]},{\"@type\":\"WebSite\",\"@id\":\"https:\/\/www.camac-harps.com\/blog\/fr\/#website\",\"url\":\"https:\/\/www.camac-harps.com\/blog\/fr\/\",\"name\":\"Camac Harps\",\"description\":\"\",\"potentialAction\":[{\"@type\":\"SearchAction\",\"target\":{\"@type\":\"EntryPoint\",\"urlTemplate\":\"https:\/\/www.camac-harps.com\/blog\/fr\/?s={search_term_string}\"},\"query-input\":{\"@type\":\"PropertyValueSpecification\",\"valueRequired\":true,\"valueName\":\"search_term_string\"}}],\"inLanguage\":\"fr-FR\"},{\"@type\":\"Person\",\"@id\":\"https:\/\/www.camac-harps.com\/blog\/fr\/#\/schema\/person\/59b9e6843c0338179fb914afaf144d22\",\"name\":\"Helen Leitner\",\"image\":{\"@type\":\"ImageObject\",\"inLanguage\":\"fr-FR\",\"@id\":\"https:\/\/www.camac-harps.com\/blog\/fr\/#\/schema\/person\/image\/\",\"url\":\"https:\/\/secure.gravatar.com\/avatar\/ebbebff931219cff4c2d1e25c3229b2e036693f67bf237fb12f452d7a019a6da?s=96&d=mm&r=g\",\"contentUrl\":\"https:\/\/secure.gravatar.com\/avatar\/ebbebff931219cff4c2d1e25c3229b2e036693f67bf237fb12f452d7a019a6da?s=96&d=mm&r=g\",\"caption\":\"Helen Leitner\"},\"url\":\"https:\/\/www.camac-harps.com\/blog\/fr\/author\/ltnr\/\"}]}<\/script>","yoast_head_json":{"title":"Concours de la Fondation Franz Josef Reinl - Camac Harps","robots":{"index":"index","follow":"follow","max-snippet":"max-snippet:-1","max-image-preview":"max-image-preview:large","max-video-preview":"max-video-preview:-1"},"canonical":"https:\/\/www.camac-harps.com\/blog\/fr\/actualites\/reinl-2019\/","og_locale":"fr_FR","og_type":"article","og_title":"Concours de la Fondation Franz Josef Reinl - Camac Harps","og_description":"Nous sommes tr\u00e8s heureux de soutenir l\u2019\u00e9dition 2019 du\u00a0concours de harpe de la Franz Josef Reinl-Stiftung. Il se d\u00e9roulera \u00e0 Munich du 14 au 17 f\u00e9vrier 2019 et le concert des laur\u00e9ats aura lieu en juin.\u00a0","og_url":"https:\/\/www.camac-harps.com\/blog\/fr\/actualites\/reinl-2019\/","og_site_name":"Camac Harps","article_published_time":"2019-01-18T12:05:23+00:00","article_modified_time":"2019-01-21T08:29:54+00:00","og_image":[{"width":589,"height":884,"url":"https:\/\/www.camac-harps.com\/blog\/wp-content\/uploads\/sites\/27\/2019\/01\/schnellfahrstreckecrop.jpg","type":"image\/jpeg"}],"author":"Helen Leitner","twitter_card":"summary_large_image","twitter_misc":{"\u00c9crit par":"Helen Leitner","Dur\u00e9e de lecture estim\u00e9e":"1 minute"},"schema":{"@context":"https:\/\/schema.org","@graph":[{"@type":"Article","@id":"https:\/\/www.camac-harps.com\/blog\/fr\/actualites\/reinl-2019\/#article","isPartOf":{"@id":"https:\/\/www.camac-harps.com\/blog\/fr\/actualites\/reinl-2019\/"},"author":{"name":"Helen Leitner","@id":"https:\/\/www.camac-harps.com\/blog\/fr\/#\/schema\/person\/59b9e6843c0338179fb914afaf144d22"},"headline":"Concours de la Fondation Franz Josef Reinl","datePublished":"2019-01-18T12:05:23+00:00","dateModified":"2019-01-21T08:29:54+00:00","mainEntityOfPage":{"@id":"https:\/\/www.camac-harps.com\/blog\/fr\/actualites\/reinl-2019\/"},"wordCount":203,"commentCount":0,"image":{"@id":"https:\/\/www.camac-harps.com\/blog\/fr\/actualites\/reinl-2019\/#primaryimage"},"thumbnailUrl":"https:\/\/www.camac-harps.com\/blog\/wp-content\/uploads\/sites\/27\/2019\/01\/schnellfahrstreckecrop.jpg","articleSection":["Actualit\u00e9s"],"inLanguage":"fr-FR","potentialAction":[{"@type":"CommentAction","name":"Comment","target":["https:\/\/www.camac-harps.com\/blog\/fr\/actualites\/reinl-2019\/#respond"]}]},{"@type":"WebPage","@id":"https:\/\/www.camac-harps.com\/blog\/fr\/actualites\/reinl-2019\/","url":"https:\/\/www.camac-harps.com\/blog\/fr\/actualites\/reinl-2019\/","name":"Concours de la Fondation Franz Josef Reinl - Camac Harps","isPartOf":{"@id":"https:\/\/www.camac-harps.com\/blog\/fr\/#website"},"primaryImageOfPage":{"@id":"https:\/\/www.camac-harps.com\/blog\/fr\/actualites\/reinl-2019\/#primaryimage"},"image":{"@id":"https:\/\/www.camac-harps.com\/blog\/fr\/actualites\/reinl-2019\/#primaryimage"},"thumbnailUrl":"https:\/\/www.camac-harps.com\/blog\/wp-content\/uploads\/sites\/27\/2019\/01\/schnellfahrstreckecrop.jpg","datePublished":"2019-01-18T12:05:23+00:00","dateModified":"2019-01-21T08:29:54+00:00","author":{"@id":"https:\/\/www.camac-harps.com\/blog\/fr\/#\/schema\/person\/59b9e6843c0338179fb914afaf144d22"},"breadcrumb":{"@id":"https:\/\/www.camac-harps.com\/blog\/fr\/actualites\/reinl-2019\/#breadcrumb"},"inLanguage":"fr-FR","potentialAction":[{"@type":"ReadAction","target":["https:\/\/www.camac-harps.com\/blog\/fr\/actualites\/reinl-2019\/"]}]},{"@type":"ImageObject","inLanguage":"fr-FR","@id":"https:\/\/www.camac-harps.com\/blog\/fr\/actualites\/reinl-2019\/#primaryimage","url":"https:\/\/www.camac-harps.com\/blog\/wp-content\/uploads\/sites\/27\/2019\/01\/schnellfahrstreckecrop.jpg","contentUrl":"https:\/\/www.camac-harps.com\/blog\/wp-content\/uploads\/sites\/27\/2019\/01\/schnellfahrstreckecrop.jpg","width":589,"height":884,"caption":"Schnellfahrstrecke! Camac Germany in Munich, February 2019"},{"@type":"BreadcrumbList","@id":"https:\/\/www.camac-harps.com\/blog\/fr\/actualites\/reinl-2019\/#breadcrumb","itemListElement":[{"@type":"ListItem","position":1,"name":"Home","item":"https:\/\/www.camac-harps.com\/blog\/fr\/"},{"@type":"ListItem","position":2,"name":"Concours de la Fondation Franz Josef Reinl"}]},{"@type":"WebSite","@id":"https:\/\/www.camac-harps.com\/blog\/fr\/#website","url":"https:\/\/www.camac-harps.com\/blog\/fr\/","name":"Camac Harps","description":"","potentialAction":[{"@type":"SearchAction","target":{"@type":"EntryPoint","urlTemplate":"https:\/\/www.camac-harps.com\/blog\/fr\/?s={search_term_string}"},"query-input":{"@type":"PropertyValueSpecification","valueRequired":true,"valueName":"search_term_string"}}],"inLanguage":"fr-FR"},{"@type":"Person","@id":"https:\/\/www.camac-harps.com\/blog\/fr\/#\/schema\/person\/59b9e6843c0338179fb914afaf144d22","name":"Helen Leitner","image":{"@type":"ImageObject","inLanguage":"fr-FR","@id":"https:\/\/www.camac-harps.com\/blog\/fr\/#\/schema\/person\/image\/","url":"https:\/\/secure.gravatar.com\/avatar\/ebbebff931219cff4c2d1e25c3229b2e036693f67bf237fb12f452d7a019a6da?s=96&d=mm&r=g","contentUrl":"https:\/\/secure.gravatar.com\/avatar\/ebbebff931219cff4c2d1e25c3229b2e036693f67bf237fb12f452d7a019a6da?s=96&d=mm&r=g","caption":"Helen Leitner"},"url":"https:\/\/www.camac-harps.com\/blog\/fr\/author\/ltnr\/"}]}},"_links":{"self":[{"href":"https:\/\/www.camac-harps.com\/blog\/fr\/wp-json\/wp\/v2\/posts\/25985","targetHints":{"allow":["GET"]}}],"collection":[{"href":"https:\/\/www.camac-harps.com\/blog\/fr\/wp-json\/wp\/v2\/posts"}],"about":[{"href":"https:\/\/www.camac-harps.com\/blog\/fr\/wp-json\/wp\/v2\/types\/post"}],"author":[{"embeddable":true,"href":"https:\/\/www.camac-harps.com\/blog\/fr\/wp-json\/wp\/v2\/users\/3"}],"replies":[{"embeddable":true,"href":"https:\/\/www.camac-harps.com\/blog\/fr\/wp-json\/wp\/v2\/comments?post=25985"}],"version-history":[{"count":1,"href":"https:\/\/www.camac-harps.com\/blog\/fr\/wp-json\/wp\/v2\/posts\/25985\/revisions"}],"predecessor-version":[{"id":25986,"href":"https:\/\/www.camac-harps.com\/blog\/fr\/wp-json\/wp\/v2\/posts\/25985\/revisions\/25986"}],"wp:featuredmedia":[{"embeddable":true,"href":"https:\/\/www.camac-harps.com\/blog\/fr\/wp-json\/wp\/v2\/media\/25979"}],"wp:attachment":[{"href":"https:\/\/www.camac-harps.com\/blog\/fr\/wp-json\/wp\/v2\/media?parent=25985"}],"wp:term":[{"taxonomy":"category","embeddable":true,"href":"https:\/\/www.camac-harps.com\/blog\/fr\/wp-json\/wp\/v2\/categories?post=25985"},{"taxonomy":"post_tag","embeddable":true,"href":"https:\/\/www.camac-harps.com\/blog\/fr\/wp-json\/wp\/v2\/tags?post=25985"}],"curies":[{"name":"wp","href":"https:\/\/api.w.org\/{rel}","templated":true}]}}