{"id":26038,"date":"2019-02-18T12:10:35","date_gmt":"2019-02-18T12:10:35","guid":{"rendered":"https:\/\/www.camac-harps.com\/blog\/non-classifiee\/collegium21-2019\/"},"modified":"2019-02-28T15:36:20","modified_gmt":"2019-02-28T15:36:20","slug":"collegium21-2019","status":"publish","type":"post","link":"https:\/\/www.camac-harps.com\/blog\/fr\/actualites\/collegium21-2019\/","title":{"rendered":"Nouvelle \u00e9dition du concours Collegium21 le 14 avril 2019"},"content":{"rendered":"<p style=\"text-align: justify;\">L\u2019association fran\u00e7aise <a href=\"http:\/\/www.lessignesdelarc.org\">Les Signes de l&rsquo;Arc<\/a> est heureuse d\u2019annoncer la quatri\u00e8me \u00e9dition du concours Collegium 21. Il aura lieu le 14 avril prochain au <a href=\"http:\/\/crr.paris.fr\/CRR_de_Paris.html\">CRR de Paris<\/a>, rue de Madrid, dans la droite ligne de l\u2019ancien concours <i>Des Lyres et des Arts<\/i>, initi\u00e9 par Ghislaine Petit-Volta.<span class=\"Apple-converted-space\">\u00a0<\/span><\/p>\n<p style=\"text-align: justify;\">Ouvert \u00e0 tous niveaux, les \u00e9preuves, quelle que soit la cat\u00e9gorie, comprendront un ensemble d\u2019\u0153uvres impos\u00e9es et une interpr\u00e9tation libre. Les candidats sont pri\u00e9s d\u2019assister aux master class des compositeurs des \u0153uvres impos\u00e9es, les 23 et 24 mars au CRR.<span class=\"Apple-converted-space\">\u00a0<\/span><\/p>\n<p style=\"text-align: justify;\">L\u2019association fran\u00e7aise <a href=\"http:\/\/www.lessignesdelarc.org\">Les Signes de l&rsquo;Arc<\/a>, fond\u00e9e par Laurence Bancaud, H\u00e9l\u00e8ne Breschand, Aur\u00e9lie Barb\u00e9 et Mathilde Aubat-Andrieu, est depuis longtemps un des grands promoteurs du r\u00e9pertoire de harpe contemporaine, notamment via les rencontres inter-conservatoires qu\u2019elle organise.<span class=\"Apple-converted-space\">\u00a0<\/span><\/p>\n<p style=\"text-align: justify;\">Elle a su d\u00e9velopper un catalogue de contenus tr\u00e8s riches et mobilisables pour pr\u00e9parer au mieux le concours.<span class=\"Apple-converted-space\">\u00a0<\/span><\/p>\n<p style=\"text-align: justify;\">Nous conseillons par exemple aux futurs candidats de s\u2019inscrire \u00e0 la <a href=\"http:\/\/www.lessignesdelarc.org\/?page_id=1851\">newsletter<\/a> de l\u2019association et de consulter un des excellents ouvrages qu\u2019elle a publi\u00e9s, <i>La harpe au XX\u00e8 et XXI\u00e8 si\u00e8cles<\/i>, v\u00e9ritable vision d\u2019ensemble des r\u00e9pertoires du de ces \u00e9poques, de la notation et de l\u2019organologie\u00a0: harpe classique, celtique, \u00e9lectrique, \u00e9lectroacoustique sans oublier la harpe MIDI, la harpe automatique et la harpe pr\u00e9par\u00e9e.<span class=\"Apple-converted-space\">\u00a0<\/span><\/p>\n<p style=\"text-align: justify;\">Pour ceux qui voudraient faire profiter de ces connaissances \u00e0 leurs confr\u00e8res anglophones, le livre sera disponible en anglais \u00e0 compter du 1<sup>er<\/sup> avril -et <a href=\"https:\/\/www.amazon.fr\/dp\/025303938X\/ref=cm_sw_em_r_mt_dp_U_QQmlCb0NZN43Z\">en pr\u00e9commande<\/a>, dans une version traduite par Lilian Rossi et Jean Rossi sous le titre <i>Guide to the Contemporary Harp<\/i>. <span class=\"Apple-converted-space\">\u00a0<\/span><\/p>\n<p>&nbsp;<\/p>\n<div id=\"attachment_26009\" class=\"wp-caption aligncenter\" style=\"width: 1000px\"><a href=\"https:\/\/www.camac-harps.com\/blog\/wp-content\/uploads\/sites\/27\/2019\/01\/bussotislider.jpg\"><img loading=\"lazy\" decoding=\"async\" class=\"wp-image-26009 size-full\" src=\"https:\/\/www.camac-harps.com\/blog\/wp-content\/uploads\/sites\/27\/2019\/01\/bussotislider.jpg\" alt=\"Bussoti\" width=\"1000\" height=\"288\" srcset=\"https:\/\/www.camac-harps.com\/blog\/wp-content\/uploads\/sites\/27\/2019\/01\/bussotislider.jpg 1000w, https:\/\/www.camac-harps.com\/blog\/wp-content\/uploads\/sites\/27\/2019\/01\/bussotislider-300x86.jpg 300w, https:\/\/www.camac-harps.com\/blog\/wp-content\/uploads\/sites\/27\/2019\/01\/bussotislider-768x221.jpg 768w, https:\/\/www.camac-harps.com\/blog\/wp-content\/uploads\/sites\/27\/2019\/01\/bussotislider-800x230.jpg 800w, https:\/\/www.camac-harps.com\/blog\/wp-content\/uploads\/sites\/27\/2019\/01\/bussotislider-55x16.jpg 55w, https:\/\/www.camac-harps.com\/blog\/wp-content\/uploads\/sites\/27\/2019\/01\/bussotislider-250x72.jpg 250w\" sizes=\"auto, (max-width: 1000px) 100vw, 1000px\" \/><\/a><p class=\"wp-caption-text\">Sylvano Bussotti: Fragmentations pour un joueur de harpe, Aldo Bruzzichelli, 1963.\u00a0Image: <a href=\"http:\/\/www.lessignesdelarc.org\/?page_id=27\" target=\"_blank\" rel=\"noopener noreferrer\">Les Signes de l&rsquo;Arc<\/a><\/p><\/div>\n<p style=\"text-align: justify;\">Autre ressource int\u00e9ressante de l\u2019association, son <a href=\"http:\/\/www.lessignesdelarc.org\/?page_id=16\">e-catalogue<\/a> de musique contemporaine, qui pr\u00e9sente l\u2019avantage d\u2019accompagner certains morceaux de commentaires audios -une grande partie du catalogue est t\u00e9l\u00e9chargeable depuis le <a href=\"http:\/\/www.lessignesdelarc.org\/?page_id=533\">e-store<\/a>.<span class=\"Apple-converted-space\">\u00a0<\/span><\/p>\n<p style=\"text-align: justify;\">Les inscriptions au concours sont ouvertes jusqu\u2019au 9 mars 2019, tous les d\u00e9tails sont disponibles <a href=\"http:\/\/www.lessignesdelarc.org\/?page_id=2206\">ici<\/a>.<span class=\"Apple-converted-space\">\u00a0<\/span><\/p>\n<p style=\"text-align: justify;\">\u00a0<\/p>\n","protected":false},"excerpt":{"rendered":"<p>Le concours Collegium21 organis\u00e9 par Les Signes de l\u2019Arc, l\u2019association fran\u00e7aise d\u2019excellence d\u00e9di\u00e9e au r\u00e9pertoire contemporain, aura lieu le 14 avril 2019 \u00e0 Paris. <\/p>\n","protected":false},"author":3,"featured_media":26070,"comment_status":"open","ping_status":"open","sticky":false,"template":"","format":"standard","meta":{"_acf_changed":false,"footnotes":""},"categories":[781,533],"tags":[],"class_list":["post-26038","post","type-post","status-publish","format-standard","has-post-thumbnail","hentry","category-alaune","category-actualites"],"acf":[],"yoast_head":"<title>Nouvelle \u00e9dition du concours Collegium21 le 14 avril 2019 - Camac Harps<\/title>\n<meta name=\"robots\" content=\"index, follow, max-snippet:-1, max-image-preview:large, max-video-preview:-1\" \/>\n<link rel=\"canonical\" href=\"https:\/\/www.camac-harps.com\/blog\/fr\/actualites\/collegium21-2019\/\" \/>\n<meta property=\"og:locale\" content=\"fr_FR\" \/>\n<meta property=\"og:type\" content=\"article\" \/>\n<meta property=\"og:title\" content=\"Nouvelle \u00e9dition du concours Collegium21 le 14 avril 2019 - Camac Harps\" \/>\n<meta property=\"og:description\" content=\"Le concours Collegium21 organis\u00e9 par Les Signes de l\u2019Arc, l\u2019association fran\u00e7aise d\u2019excellence d\u00e9di\u00e9e au r\u00e9pertoire contemporain, aura lieu le 14 avril 2019 \u00e0 Paris.\" \/>\n<meta property=\"og:url\" content=\"https:\/\/www.camac-harps.com\/blog\/fr\/actualites\/collegium21-2019\/\" \/>\n<meta property=\"og:site_name\" content=\"Camac Harps\" \/>\n<meta property=\"article:published_time\" content=\"2019-02-18T12:10:35+00:00\" \/>\n<meta property=\"article:modified_time\" content=\"2019-02-28T15:36:20+00:00\" \/>\n<meta property=\"og:image\" content=\"https:\/\/www.camac-harps.com\/blog\/wp-content\/uploads\/sites\/27\/2019\/02\/contemporaryharpeng.jpg\" \/>\n\t<meta property=\"og:image:width\" content=\"395\" \/>\n\t<meta property=\"og:image:height\" content=\"206\" \/>\n\t<meta property=\"og:image:type\" content=\"image\/jpeg\" \/>\n<meta name=\"author\" content=\"Helen Leitner\" \/>\n<meta name=\"twitter:card\" content=\"summary_large_image\" \/>\n<meta name=\"twitter:label1\" content=\"\u00c9crit par\" \/>\n\t<meta name=\"twitter:data1\" content=\"Helen Leitner\" \/>\n\t<meta name=\"twitter:label2\" content=\"Dur\u00e9e de lecture estim\u00e9e\" \/>\n\t<meta name=\"twitter:data2\" content=\"2 minutes\" \/>\n<script type=\"application\/ld+json\" class=\"yoast-schema-graph\">{\"@context\":\"https:\/\/schema.org\",\"@graph\":[{\"@type\":\"Article\",\"@id\":\"https:\/\/www.camac-harps.com\/blog\/fr\/actualites\/collegium21-2019\/#article\",\"isPartOf\":{\"@id\":\"https:\/\/www.camac-harps.com\/blog\/fr\/actualites\/collegium21-2019\/\"},\"author\":{\"name\":\"Helen Leitner\",\"@id\":\"https:\/\/www.camac-harps.com\/blog\/fr\/#\/schema\/person\/59b9e6843c0338179fb914afaf144d22\"},\"headline\":\"Nouvelle \u00e9dition du concours Collegium21 le 14 avril 2019\",\"datePublished\":\"2019-02-18T12:10:35+00:00\",\"dateModified\":\"2019-02-28T15:36:20+00:00\",\"mainEntityOfPage\":{\"@id\":\"https:\/\/www.camac-harps.com\/blog\/fr\/actualites\/collegium21-2019\/\"},\"wordCount\":361,\"commentCount\":0,\"image\":{\"@id\":\"https:\/\/www.camac-harps.com\/blog\/fr\/actualites\/collegium21-2019\/#primaryimage\"},\"thumbnailUrl\":\"https:\/\/www.camac-harps.com\/blog\/wp-content\/uploads\/sites\/27\/2019\/02\/contemporaryharpeng.jpg\",\"articleSection\":[\"\u00c0 la une\",\"Actualit\u00e9s\"],\"inLanguage\":\"fr-FR\",\"potentialAction\":[{\"@type\":\"CommentAction\",\"name\":\"Comment\",\"target\":[\"https:\/\/www.camac-harps.com\/blog\/fr\/actualites\/collegium21-2019\/#respond\"]}]},{\"@type\":\"WebPage\",\"@id\":\"https:\/\/www.camac-harps.com\/blog\/fr\/actualites\/collegium21-2019\/\",\"url\":\"https:\/\/www.camac-harps.com\/blog\/fr\/actualites\/collegium21-2019\/\",\"name\":\"Nouvelle \u00e9dition du concours Collegium21 le 14 avril 2019 - Camac Harps\",\"isPartOf\":{\"@id\":\"https:\/\/www.camac-harps.com\/blog\/fr\/#website\"},\"primaryImageOfPage\":{\"@id\":\"https:\/\/www.camac-harps.com\/blog\/fr\/actualites\/collegium21-2019\/#primaryimage\"},\"image\":{\"@id\":\"https:\/\/www.camac-harps.com\/blog\/fr\/actualites\/collegium21-2019\/#primaryimage\"},\"thumbnailUrl\":\"https:\/\/www.camac-harps.com\/blog\/wp-content\/uploads\/sites\/27\/2019\/02\/contemporaryharpeng.jpg\",\"datePublished\":\"2019-02-18T12:10:35+00:00\",\"dateModified\":\"2019-02-28T15:36:20+00:00\",\"author\":{\"@id\":\"https:\/\/www.camac-harps.com\/blog\/fr\/#\/schema\/person\/59b9e6843c0338179fb914afaf144d22\"},\"breadcrumb\":{\"@id\":\"https:\/\/www.camac-harps.com\/blog\/fr\/actualites\/collegium21-2019\/#breadcrumb\"},\"inLanguage\":\"fr-FR\",\"potentialAction\":[{\"@type\":\"ReadAction\",\"target\":[\"https:\/\/www.camac-harps.com\/blog\/fr\/actualites\/collegium21-2019\/\"]}]},{\"@type\":\"ImageObject\",\"inLanguage\":\"fr-FR\",\"@id\":\"https:\/\/www.camac-harps.com\/blog\/fr\/actualites\/collegium21-2019\/#primaryimage\",\"url\":\"https:\/\/www.camac-harps.com\/blog\/wp-content\/uploads\/sites\/27\/2019\/02\/contemporaryharpeng.jpg\",\"contentUrl\":\"https:\/\/www.camac-harps.com\/blog\/wp-content\/uploads\/sites\/27\/2019\/02\/contemporaryharpeng.jpg\",\"width\":395,\"height\":206,\"caption\":\"Guide to the Contemporary Harp\"},{\"@type\":\"BreadcrumbList\",\"@id\":\"https:\/\/www.camac-harps.com\/blog\/fr\/actualites\/collegium21-2019\/#breadcrumb\",\"itemListElement\":[{\"@type\":\"ListItem\",\"position\":1,\"name\":\"Home\",\"item\":\"https:\/\/www.camac-harps.com\/blog\/fr\/\"},{\"@type\":\"ListItem\",\"position\":2,\"name\":\"Nouvelle \u00e9dition du concours Collegium21 le 14 avril 2019\"}]},{\"@type\":\"WebSite\",\"@id\":\"https:\/\/www.camac-harps.com\/blog\/fr\/#website\",\"url\":\"https:\/\/www.camac-harps.com\/blog\/fr\/\",\"name\":\"Camac Harps\",\"description\":\"\",\"potentialAction\":[{\"@type\":\"SearchAction\",\"target\":{\"@type\":\"EntryPoint\",\"urlTemplate\":\"https:\/\/www.camac-harps.com\/blog\/fr\/?s={search_term_string}\"},\"query-input\":{\"@type\":\"PropertyValueSpecification\",\"valueRequired\":true,\"valueName\":\"search_term_string\"}}],\"inLanguage\":\"fr-FR\"},{\"@type\":\"Person\",\"@id\":\"https:\/\/www.camac-harps.com\/blog\/fr\/#\/schema\/person\/59b9e6843c0338179fb914afaf144d22\",\"name\":\"Helen Leitner\",\"image\":{\"@type\":\"ImageObject\",\"inLanguage\":\"fr-FR\",\"@id\":\"https:\/\/www.camac-harps.com\/blog\/fr\/#\/schema\/person\/image\/\",\"url\":\"https:\/\/secure.gravatar.com\/avatar\/ebbebff931219cff4c2d1e25c3229b2e036693f67bf237fb12f452d7a019a6da?s=96&d=mm&r=g\",\"contentUrl\":\"https:\/\/secure.gravatar.com\/avatar\/ebbebff931219cff4c2d1e25c3229b2e036693f67bf237fb12f452d7a019a6da?s=96&d=mm&r=g\",\"caption\":\"Helen Leitner\"},\"url\":\"https:\/\/www.camac-harps.com\/blog\/fr\/author\/ltnr\/\"}]}<\/script>","yoast_head_json":{"title":"Nouvelle \u00e9dition du concours Collegium21 le 14 avril 2019 - Camac Harps","robots":{"index":"index","follow":"follow","max-snippet":"max-snippet:-1","max-image-preview":"max-image-preview:large","max-video-preview":"max-video-preview:-1"},"canonical":"https:\/\/www.camac-harps.com\/blog\/fr\/actualites\/collegium21-2019\/","og_locale":"fr_FR","og_type":"article","og_title":"Nouvelle \u00e9dition du concours Collegium21 le 14 avril 2019 - Camac Harps","og_description":"Le concours Collegium21 organis\u00e9 par Les Signes de l\u2019Arc, l\u2019association fran\u00e7aise d\u2019excellence d\u00e9di\u00e9e au r\u00e9pertoire contemporain, aura lieu le 14 avril 2019 \u00e0 Paris.","og_url":"https:\/\/www.camac-harps.com\/blog\/fr\/actualites\/collegium21-2019\/","og_site_name":"Camac Harps","article_published_time":"2019-02-18T12:10:35+00:00","article_modified_time":"2019-02-28T15:36:20+00:00","og_image":[{"width":395,"height":206,"url":"https:\/\/www.camac-harps.com\/blog\/wp-content\/uploads\/sites\/27\/2019\/02\/contemporaryharpeng.jpg","type":"image\/jpeg"}],"author":"Helen Leitner","twitter_card":"summary_large_image","twitter_misc":{"\u00c9crit par":"Helen Leitner","Dur\u00e9e de lecture estim\u00e9e":"2 minutes"},"schema":{"@context":"https:\/\/schema.org","@graph":[{"@type":"Article","@id":"https:\/\/www.camac-harps.com\/blog\/fr\/actualites\/collegium21-2019\/#article","isPartOf":{"@id":"https:\/\/www.camac-harps.com\/blog\/fr\/actualites\/collegium21-2019\/"},"author":{"name":"Helen Leitner","@id":"https:\/\/www.camac-harps.com\/blog\/fr\/#\/schema\/person\/59b9e6843c0338179fb914afaf144d22"},"headline":"Nouvelle \u00e9dition du concours Collegium21 le 14 avril 2019","datePublished":"2019-02-18T12:10:35+00:00","dateModified":"2019-02-28T15:36:20+00:00","mainEntityOfPage":{"@id":"https:\/\/www.camac-harps.com\/blog\/fr\/actualites\/collegium21-2019\/"},"wordCount":361,"commentCount":0,"image":{"@id":"https:\/\/www.camac-harps.com\/blog\/fr\/actualites\/collegium21-2019\/#primaryimage"},"thumbnailUrl":"https:\/\/www.camac-harps.com\/blog\/wp-content\/uploads\/sites\/27\/2019\/02\/contemporaryharpeng.jpg","articleSection":["\u00c0 la une","Actualit\u00e9s"],"inLanguage":"fr-FR","potentialAction":[{"@type":"CommentAction","name":"Comment","target":["https:\/\/www.camac-harps.com\/blog\/fr\/actualites\/collegium21-2019\/#respond"]}]},{"@type":"WebPage","@id":"https:\/\/www.camac-harps.com\/blog\/fr\/actualites\/collegium21-2019\/","url":"https:\/\/www.camac-harps.com\/blog\/fr\/actualites\/collegium21-2019\/","name":"Nouvelle \u00e9dition du concours Collegium21 le 14 avril 2019 - Camac Harps","isPartOf":{"@id":"https:\/\/www.camac-harps.com\/blog\/fr\/#website"},"primaryImageOfPage":{"@id":"https:\/\/www.camac-harps.com\/blog\/fr\/actualites\/collegium21-2019\/#primaryimage"},"image":{"@id":"https:\/\/www.camac-harps.com\/blog\/fr\/actualites\/collegium21-2019\/#primaryimage"},"thumbnailUrl":"https:\/\/www.camac-harps.com\/blog\/wp-content\/uploads\/sites\/27\/2019\/02\/contemporaryharpeng.jpg","datePublished":"2019-02-18T12:10:35+00:00","dateModified":"2019-02-28T15:36:20+00:00","author":{"@id":"https:\/\/www.camac-harps.com\/blog\/fr\/#\/schema\/person\/59b9e6843c0338179fb914afaf144d22"},"breadcrumb":{"@id":"https:\/\/www.camac-harps.com\/blog\/fr\/actualites\/collegium21-2019\/#breadcrumb"},"inLanguage":"fr-FR","potentialAction":[{"@type":"ReadAction","target":["https:\/\/www.camac-harps.com\/blog\/fr\/actualites\/collegium21-2019\/"]}]},{"@type":"ImageObject","inLanguage":"fr-FR","@id":"https:\/\/www.camac-harps.com\/blog\/fr\/actualites\/collegium21-2019\/#primaryimage","url":"https:\/\/www.camac-harps.com\/blog\/wp-content\/uploads\/sites\/27\/2019\/02\/contemporaryharpeng.jpg","contentUrl":"https:\/\/www.camac-harps.com\/blog\/wp-content\/uploads\/sites\/27\/2019\/02\/contemporaryharpeng.jpg","width":395,"height":206,"caption":"Guide to the Contemporary Harp"},{"@type":"BreadcrumbList","@id":"https:\/\/www.camac-harps.com\/blog\/fr\/actualites\/collegium21-2019\/#breadcrumb","itemListElement":[{"@type":"ListItem","position":1,"name":"Home","item":"https:\/\/www.camac-harps.com\/blog\/fr\/"},{"@type":"ListItem","position":2,"name":"Nouvelle \u00e9dition du concours Collegium21 le 14 avril 2019"}]},{"@type":"WebSite","@id":"https:\/\/www.camac-harps.com\/blog\/fr\/#website","url":"https:\/\/www.camac-harps.com\/blog\/fr\/","name":"Camac Harps","description":"","potentialAction":[{"@type":"SearchAction","target":{"@type":"EntryPoint","urlTemplate":"https:\/\/www.camac-harps.com\/blog\/fr\/?s={search_term_string}"},"query-input":{"@type":"PropertyValueSpecification","valueRequired":true,"valueName":"search_term_string"}}],"inLanguage":"fr-FR"},{"@type":"Person","@id":"https:\/\/www.camac-harps.com\/blog\/fr\/#\/schema\/person\/59b9e6843c0338179fb914afaf144d22","name":"Helen Leitner","image":{"@type":"ImageObject","inLanguage":"fr-FR","@id":"https:\/\/www.camac-harps.com\/blog\/fr\/#\/schema\/person\/image\/","url":"https:\/\/secure.gravatar.com\/avatar\/ebbebff931219cff4c2d1e25c3229b2e036693f67bf237fb12f452d7a019a6da?s=96&d=mm&r=g","contentUrl":"https:\/\/secure.gravatar.com\/avatar\/ebbebff931219cff4c2d1e25c3229b2e036693f67bf237fb12f452d7a019a6da?s=96&d=mm&r=g","caption":"Helen Leitner"},"url":"https:\/\/www.camac-harps.com\/blog\/fr\/author\/ltnr\/"}]}},"_links":{"self":[{"href":"https:\/\/www.camac-harps.com\/blog\/fr\/wp-json\/wp\/v2\/posts\/26038","targetHints":{"allow":["GET"]}}],"collection":[{"href":"https:\/\/www.camac-harps.com\/blog\/fr\/wp-json\/wp\/v2\/posts"}],"about":[{"href":"https:\/\/www.camac-harps.com\/blog\/fr\/wp-json\/wp\/v2\/types\/post"}],"author":[{"embeddable":true,"href":"https:\/\/www.camac-harps.com\/blog\/fr\/wp-json\/wp\/v2\/users\/3"}],"replies":[{"embeddable":true,"href":"https:\/\/www.camac-harps.com\/blog\/fr\/wp-json\/wp\/v2\/comments?post=26038"}],"version-history":[{"count":4,"href":"https:\/\/www.camac-harps.com\/blog\/fr\/wp-json\/wp\/v2\/posts\/26038\/revisions"}],"predecessor-version":[{"id":26115,"href":"https:\/\/www.camac-harps.com\/blog\/fr\/wp-json\/wp\/v2\/posts\/26038\/revisions\/26115"}],"wp:featuredmedia":[{"embeddable":true,"href":"https:\/\/www.camac-harps.com\/blog\/fr\/wp-json\/wp\/v2\/media\/26070"}],"wp:attachment":[{"href":"https:\/\/www.camac-harps.com\/blog\/fr\/wp-json\/wp\/v2\/media?parent=26038"}],"wp:term":[{"taxonomy":"category","embeddable":true,"href":"https:\/\/www.camac-harps.com\/blog\/fr\/wp-json\/wp\/v2\/categories?post=26038"},{"taxonomy":"post_tag","embeddable":true,"href":"https:\/\/www.camac-harps.com\/blog\/fr\/wp-json\/wp\/v2\/tags?post=26038"}],"curies":[{"name":"wp","href":"https:\/\/api.w.org\/{rel}","templated":true}]}}