{"id":26106,"date":"2019-02-28T15:32:01","date_gmt":"2019-02-28T15:32:01","guid":{"rendered":"https:\/\/www.camac-harps.com\/blog\/?p=26106"},"modified":"2019-03-10T16:11:12","modified_gmt":"2019-03-10T16:11:12","slug":"concours-de-la-harpe-limoges-2019","status":"publish","type":"post","link":"https:\/\/www.camac-harps.com\/blog\/fr\/actualites\/concours-de-la-harpe-limoges-2019\/","title":{"rendered":"Concours de la harpe \u00e0 Limoges\u00a0: Dix \u00e9ditions et un prestige toujours plus grand"},"content":{"rendered":"<p><a href=\"https:\/\/www.camac-harps.com\/blog\/wp-content\/uploads\/sites\/27\/2019\/02\/jurylimoges.jpg\"><img loading=\"lazy\" decoding=\"async\" class=\"size-large wp-image-26096\" src=\"https:\/\/www.camac-harps.com\/blog\/wp-content\/uploads\/sites\/27\/2019\/02\/jurylimoges-1024x576.jpg\" alt=\"Jury, Limoges 2019\" width=\"1024\" height=\"576\" srcset=\"https:\/\/www.camac-harps.com\/blog\/wp-content\/uploads\/sites\/27\/2019\/02\/jurylimoges-1024x576.jpg 1024w, https:\/\/www.camac-harps.com\/blog\/wp-content\/uploads\/sites\/27\/2019\/02\/jurylimoges-300x169.jpg 300w, https:\/\/www.camac-harps.com\/blog\/wp-content\/uploads\/sites\/27\/2019\/02\/jurylimoges-768x432.jpg 768w, https:\/\/www.camac-harps.com\/blog\/wp-content\/uploads\/sites\/27\/2019\/02\/jurylimoges-1000x563.jpg 1000w, https:\/\/www.camac-harps.com\/blog\/wp-content\/uploads\/sites\/27\/2019\/02\/jurylimoges-800x450.jpg 800w, https:\/\/www.camac-harps.com\/blog\/wp-content\/uploads\/sites\/27\/2019\/02\/jurylimoges-55x31.jpg 55w, https:\/\/www.camac-harps.com\/blog\/wp-content\/uploads\/sites\/27\/2019\/02\/jurylimoges-250x141.jpg 250w, https:\/\/www.camac-harps.com\/blog\/wp-content\/uploads\/sites\/27\/2019\/02\/jurylimoges.jpg 1792w\" sizes=\"auto, (max-width: 1024px) 100vw, 1024px\" \/><\/a><\/p>\n<p style=\"text-align: justify;\"><i>\u00ab\u00a0Je ne perds jamais. Soit je gagne, soit j\u2019apprends<\/i>\u00a0\u00bb. Cette phrase de Nelson Mandela r\u00e9sume parfaitement l\u2019\u00e9tat d\u2019esprit qui anime le Concours fran\u00e7ais de la harpe, organis\u00e9 chaque ann\u00e9e \u00e0 Limoges.\u00a0<\/p>\n<p style=\"text-align: justify;\">Et c\u2019est avec ces mots que la pr\u00e9sidente du jury de l\u2019\u00e9dition 2019, Isabelle Morretti, a choisi d\u2019annoncer les r\u00e9sultats de la comp\u00e9tition devant un auditorium plein \u00e0 craquer le dimanche 24 janvier. Un choix qui ne doit rien au hasard.\u00a0<\/p>\n<div id=\"attachment_26098\" class=\"wp-caption alignleft\" style=\"width: 300px\"><a href=\"https:\/\/www.camac-harps.com\/blog\/wp-content\/uploads\/sites\/27\/2019\/02\/hoteldevillelimoges.jpg\"><img loading=\"lazy\" decoding=\"async\" class=\"size-medium wp-image-26098\" src=\"https:\/\/www.camac-harps.com\/blog\/wp-content\/uploads\/sites\/27\/2019\/02\/hoteldevillelimoges-300x150.jpg\" alt=\"A full house at Limoges Town Hall \" width=\"300\" height=\"150\" srcset=\"https:\/\/www.camac-harps.com\/blog\/wp-content\/uploads\/sites\/27\/2019\/02\/hoteldevillelimoges-300x150.jpg 300w, https:\/\/www.camac-harps.com\/blog\/wp-content\/uploads\/sites\/27\/2019\/02\/hoteldevillelimoges-768x385.jpg 768w, https:\/\/www.camac-harps.com\/blog\/wp-content\/uploads\/sites\/27\/2019\/02\/hoteldevillelimoges-800x401.jpg 800w, https:\/\/www.camac-harps.com\/blog\/wp-content\/uploads\/sites\/27\/2019\/02\/hoteldevillelimoges-55x28.jpg 55w, https:\/\/www.camac-harps.com\/blog\/wp-content\/uploads\/sites\/27\/2019\/02\/hoteldevillelimoges-250x125.jpg 250w, https:\/\/www.camac-harps.com\/blog\/wp-content\/uploads\/sites\/27\/2019\/02\/hoteldevillelimoges.jpg 951w\" sizes=\"auto, (max-width: 300px) 100vw, 300px\" \/><\/a><p class=\"wp-caption-text\">Une salle pleine \u00e0 craquer \u00e0 la mairie de Limoges. Ce concours a permis de mettre en lumi\u00e8re non seulement le soutien ind\u00e9fectible des fabricants de harpes, comme Camac, \u00e0 ce genre d\u2019\u00e9v\u00e8nements mais aussi celui des autorit\u00e9s civiles de Limoges, et du Conservatoire<\/p><\/div>\n<p style=\"text-align: justify;\">Depuis 10 ans, les co-fondatrices et directrices, Marie-Monique Popesco et V\u00e9ronique Chenuet ont \u00e0 c\u0153ur d\u2019offrir aux jeunes harpistes la chance de participer \u00e0 un concours ouvert \u00e0 tous, grands d\u00e9butants ou jeunes professionnels, et \u00e0 tout type de harpes, des plus petits aux grands mod\u00e8les de concerts.<\/p>\n<p style=\"text-align: justify;\">Chaque participant, sans distinction d\u2019\u00e2ge, a ainsi l\u2019opportunit\u00e9 de jouer devant un jury de haut niveau et de recevoir des commentaires personnalis\u00e9s sur sa prestation. Une chance unique pour les candidats de s\u2019inspirer de leurs a\u00een\u00e9s, sentir leur propre potentiel tout en se projetant dans l\u2019avenir.\u00a0Cette ann\u00e9e la gagnante de l\u2019\u00e9dition pr\u00e9c\u00e9dente, Shamim Minoo (Iran), n\u2019a-t-elle pas eu la chance, lors de la soir\u00e9e d\u2019ouverture, de partager un r\u00e9cital avec la pr\u00e9sidente de l\u2019\u00e9dition 2019 ?<\/p>\n<div id=\"attachment_26100\" class=\"wp-caption alignright\" style=\"width: 150px\"><a href=\"https:\/\/www.camac-harps.com\/blog\/wp-content\/uploads\/sites\/27\/2019\/02\/shamimminooveroniquechenuet.jpg\"><img loading=\"lazy\" decoding=\"async\" class=\"wp-image-26100 size-thumbnail\" src=\"https:\/\/www.camac-harps.com\/blog\/wp-content\/uploads\/sites\/27\/2019\/02\/shamimminooveroniquechenuet-150x150.jpg\" alt=\"Shamim Minoo, V\u00e9ronique Chenuet\" width=\"150\" height=\"150\" \/><\/a><p class=\"wp-caption-text\">V\u00e9ronique Chenuet, Shamim Minoo<\/p><\/div>\n<p style=\"text-align: justify;\">D\u00e8s sa premi\u00e8re \u00e9dition, cet \u00e9tat d\u2019esprit a imm\u00e9diatement attir\u00e9 plus d\u2019une centaine de participants et ce chiffre n\u2019a fait qu\u2019augmenter depuis, sans compter la richesse des nationalit\u00e9s repr\u00e9sent\u00e9es (jusqu\u2019\u00e0 16 pour l\u2019\u00e9dition qui vient de se terminer).\u00a0<\/p>\n<p style=\"text-align: justify;\">Le Concours fran\u00e7ais de la harpe a une autre grande qualit\u00e9\u00a0: la fa\u00e7on dont elle traite ses candidats. Sur place, il y a assez de harpes, assez d\u2019espace pour chacun et une \u00e9quipe de\u00a0b\u00e9n\u00e9voles\u00a0d\u00e9vou\u00e9e et attentive. On f\u00e9licite chaque candidat, on annonce son passage, on l\u2019aide \u00e0 s\u2019installer sur sc\u00e8ne. Une personne ajuste son si\u00e8ge et v\u00e9rifie que tout est en ordre.\u00a0<\/p>\n<p style=\"text-align: justify;\"><i>\u00ab\u00a0Notre priorit\u00e9 a toujours \u00e9t\u00e9 d\u2019instaurer les meilleures conditions pour les candidats\u00a0comme s\u2019il s\u2019agissait de nos propres \u00e9l\u00e8ves ou si nous \u00e9tions nous-m\u00eame \u00e0 leur place\u00a0<\/i>\u00bb, explique V\u00e9ronique chenuet.\u00a0<\/p>\n<p style=\"text-align: justify;\">Si certains pensent que ces petites attentions vont de soi ou qu\u2019elles sont sans importance, ils oublient combien leur impact, souvent sous-estim\u00e9, peut influencer fortement le parcours des candidats.\u00a0Les plus jeunes ou les plus \u00e2g\u00e9s qui ne sont pas rompus aux concours n\u2019oseront pas dire que leur si\u00e8ge n\u2019est pas r\u00e9gl\u00e9 \u00e0 la bonne hauteur ou qu\u2019on ne leur a pas attribu\u00e9 la bonne harpe. Et m\u00eame lorsque les candidats sont aguerris, une direction soucieuse de leur bien-\u00eatre a un pouvoir magique\u00a0: elle parvient \u00e0 d\u00e9tendre l\u2019atmosph\u00e8re.\u00a0<\/p>\n<p style=\"text-align: justify;\">Les concours jouent avec nos nerfs. Difficile de se d\u00e9faire de la nervosit\u00e9 mais si l\u2019on passe des concours dans des conditions positives, qu\u2019on emmagasine assez d\u2019exp\u00e9rience en la mati\u00e8re, il sera alors possible de contrebalancer le stress inh\u00e9rent \u00e0 ces \u00e9v\u00e9nements et de r\u00e9ussir \u00e0 se convaincre que tout ira bien puisque cela aura d\u00e9j\u00e0 \u00e9t\u00e9 le cas\u00a0! Et m\u00eame si par malheur l\u2019on \u00e9tait victime d\u2019une mauvaise exp\u00e9rience, il ne s\u2019agirait l\u00e0 que d\u2019un cas isol\u00e9, survenu au milieu d\u2019un \u00e9v\u00e8nement o\u00f9 l\u2019on s\u2019est senti en confiance et qui nous a laiss\u00e9s esp\u00e9rer le meilleur pour l\u2019avenir.<span class=\"Apple-converted-space\">\u00a0<\/span><\/p>\n<p style=\"text-align: justify;\">Il n\u2019est en effet pas n\u00e9cessaire de gagner pour tirer profit d\u2019un concours \u2013 mais il est indispensable de sentir que l\u2019organisation n\u2019a pas jou\u00e9 en notre d\u00e9faveur, que le jury \u00e9tait bienveillant et constructif. Dans ces conditions, on peut, d\u2019une certaine mani\u00e8re, avoir le sentiment d\u2019une petite victoire.\u00a0A travers cette d\u00e9marche, Marie-Monique Popesco et V\u00e9ronique Chenuet offrent aux jeunes harpistes venus du monde entier des valeurs inestimables pour la suite de leur parcours.\u00a0<\/p>\n<p style=\"text-align: justify;\">Pour toutes ces raisons, Camac se fait une joie de soutenir le Concours fran\u00e7ais de la harpe tout comme les concours de harpe en g\u00e9n\u00e9ral &#8211; <a href=\"https:\/\/www.camac-harps.com\/fr\/agenda\/\" target=\"_blank\" rel=\"noopener noreferrer\">en t\u00e9moigne son agenda<\/a>\u00a0! &#8211; particuli\u00e8rement lorsqu\u2019ils s\u2019adressent aux moins de 25 ans.<\/p>\n<p style=\"text-align: justify;\">Sans plus attendre, <a href=\"https:\/\/sites.google.com\/site\/concoursfrancaisdelaharpe\/\" target=\"_blank\" rel=\"noopener noreferrer\">voici les r\u00e9sultats<\/a> !<\/p>\n","protected":false},"excerpt":{"rendered":"<p>\u00ab\u00a0Je ne perds jamais. Soit je gagne, soit j\u2019apprends\u00a0\u00bb. Cette phrase de Nelson Mandela r\u00e9sume parfaitement l\u2019\u00e9tat d\u2019esprit qui anime le Concours fran\u00e7ais de la harpe, organis\u00e9 chaque ann\u00e9e \u00e0 Limoges. <\/p>\n","protected":false},"author":3,"featured_media":26149,"comment_status":"open","ping_status":"open","sticky":false,"template":"","format":"standard","meta":{"_acf_changed":false,"footnotes":""},"categories":[781,533],"tags":[],"class_list":["post-26106","post","type-post","status-publish","format-standard","has-post-thumbnail","hentry","category-alaune","category-actualites"],"acf":[],"yoast_head":"<title>Concours de la harpe \u00e0 Limoges\u00a0: Dix \u00e9ditions et un prestige toujours plus grand - Camac Harps<\/title>\n<meta name=\"robots\" content=\"index, follow, max-snippet:-1, max-image-preview:large, max-video-preview:-1\" \/>\n<link rel=\"canonical\" href=\"https:\/\/www.camac-harps.com\/blog\/fr\/actualites\/concours-de-la-harpe-limoges-2019\/\" \/>\n<meta property=\"og:locale\" content=\"fr_FR\" \/>\n<meta property=\"og:type\" content=\"article\" \/>\n<meta property=\"og:title\" content=\"Concours de la harpe \u00e0 Limoges\u00a0: Dix \u00e9ditions et un prestige toujours plus grand - Camac Harps\" \/>\n<meta property=\"og:description\" content=\"\u00ab\u00a0Je ne perds jamais. Soit je gagne, soit j\u2019apprends\u00a0\u00bb. Cette phrase de Nelson Mandela r\u00e9sume parfaitement l\u2019\u00e9tat d\u2019esprit qui anime le Concours fran\u00e7ais de la harpe, organis\u00e9 chaque ann\u00e9e \u00e0 Limoges.\" \/>\n<meta property=\"og:url\" content=\"https:\/\/www.camac-harps.com\/blog\/fr\/actualites\/concours-de-la-harpe-limoges-2019\/\" \/>\n<meta property=\"og:site_name\" content=\"Camac Harps\" \/>\n<meta property=\"article:published_time\" content=\"2019-02-28T15:32:01+00:00\" \/>\n<meta property=\"article:modified_time\" content=\"2019-03-10T16:11:12+00:00\" \/>\n<meta property=\"og:image\" content=\"https:\/\/www.camac-harps.com\/blog\/wp-content\/uploads\/sites\/27\/2019\/02\/limogesexpo.jpg\" \/>\n\t<meta property=\"og:image:width\" content=\"800\" \/>\n\t<meta property=\"og:image:height\" content=\"716\" \/>\n\t<meta property=\"og:image:type\" content=\"image\/jpeg\" \/>\n<meta name=\"author\" content=\"Helen Leitner\" \/>\n<meta name=\"twitter:card\" content=\"summary_large_image\" \/>\n<meta name=\"twitter:label1\" content=\"\u00c9crit par\" \/>\n\t<meta name=\"twitter:data1\" content=\"Helen Leitner\" \/>\n\t<meta name=\"twitter:label2\" content=\"Dur\u00e9e de lecture estim\u00e9e\" \/>\n\t<meta name=\"twitter:data2\" content=\"4 minutes\" \/>\n<script type=\"application\/ld+json\" class=\"yoast-schema-graph\">{\"@context\":\"https:\/\/schema.org\",\"@graph\":[{\"@type\":\"Article\",\"@id\":\"https:\/\/www.camac-harps.com\/blog\/fr\/actualites\/concours-de-la-harpe-limoges-2019\/#article\",\"isPartOf\":{\"@id\":\"https:\/\/www.camac-harps.com\/blog\/fr\/actualites\/concours-de-la-harpe-limoges-2019\/\"},\"author\":{\"name\":\"Helen Leitner\",\"@id\":\"https:\/\/www.camac-harps.com\/blog\/fr\/#\/schema\/person\/59b9e6843c0338179fb914afaf144d22\"},\"headline\":\"Concours de la harpe \u00e0 Limoges\u00a0: Dix \u00e9ditions et un prestige toujours plus grand\",\"datePublished\":\"2019-02-28T15:32:01+00:00\",\"dateModified\":\"2019-03-10T16:11:12+00:00\",\"mainEntityOfPage\":{\"@id\":\"https:\/\/www.camac-harps.com\/blog\/fr\/actualites\/concours-de-la-harpe-limoges-2019\/\"},\"wordCount\":812,\"commentCount\":0,\"image\":{\"@id\":\"https:\/\/www.camac-harps.com\/blog\/fr\/actualites\/concours-de-la-harpe-limoges-2019\/#primaryimage\"},\"thumbnailUrl\":\"https:\/\/www.camac-harps.com\/blog\/wp-content\/uploads\/sites\/27\/2019\/02\/limogesexpo.jpg\",\"articleSection\":[\"\u00c0 la une\",\"Actualit\u00e9s\"],\"inLanguage\":\"fr-FR\",\"potentialAction\":[{\"@type\":\"CommentAction\",\"name\":\"Comment\",\"target\":[\"https:\/\/www.camac-harps.com\/blog\/fr\/actualites\/concours-de-la-harpe-limoges-2019\/#respond\"]}]},{\"@type\":\"WebPage\",\"@id\":\"https:\/\/www.camac-harps.com\/blog\/fr\/actualites\/concours-de-la-harpe-limoges-2019\/\",\"url\":\"https:\/\/www.camac-harps.com\/blog\/fr\/actualites\/concours-de-la-harpe-limoges-2019\/\",\"name\":\"Concours de la harpe \u00e0 Limoges\u00a0: Dix \u00e9ditions et un prestige toujours plus grand - Camac Harps\",\"isPartOf\":{\"@id\":\"https:\/\/www.camac-harps.com\/blog\/fr\/#website\"},\"primaryImageOfPage\":{\"@id\":\"https:\/\/www.camac-harps.com\/blog\/fr\/actualites\/concours-de-la-harpe-limoges-2019\/#primaryimage\"},\"image\":{\"@id\":\"https:\/\/www.camac-harps.com\/blog\/fr\/actualites\/concours-de-la-harpe-limoges-2019\/#primaryimage\"},\"thumbnailUrl\":\"https:\/\/www.camac-harps.com\/blog\/wp-content\/uploads\/sites\/27\/2019\/02\/limogesexpo.jpg\",\"datePublished\":\"2019-02-28T15:32:01+00:00\",\"dateModified\":\"2019-03-10T16:11:12+00:00\",\"author\":{\"@id\":\"https:\/\/www.camac-harps.com\/blog\/fr\/#\/schema\/person\/59b9e6843c0338179fb914afaf144d22\"},\"breadcrumb\":{\"@id\":\"https:\/\/www.camac-harps.com\/blog\/fr\/actualites\/concours-de-la-harpe-limoges-2019\/#breadcrumb\"},\"inLanguage\":\"fr-FR\",\"potentialAction\":[{\"@type\":\"ReadAction\",\"target\":[\"https:\/\/www.camac-harps.com\/blog\/fr\/actualites\/concours-de-la-harpe-limoges-2019\/\"]}]},{\"@type\":\"ImageObject\",\"inLanguage\":\"fr-FR\",\"@id\":\"https:\/\/www.camac-harps.com\/blog\/fr\/actualites\/concours-de-la-harpe-limoges-2019\/#primaryimage\",\"url\":\"https:\/\/www.camac-harps.com\/blog\/wp-content\/uploads\/sites\/27\/2019\/02\/limogesexpo.jpg\",\"contentUrl\":\"https:\/\/www.camac-harps.com\/blog\/wp-content\/uploads\/sites\/27\/2019\/02\/limogesexpo.jpg\",\"width\":800,\"height\":716,\"caption\":\"Limoges expo 2019\"},{\"@type\":\"BreadcrumbList\",\"@id\":\"https:\/\/www.camac-harps.com\/blog\/fr\/actualites\/concours-de-la-harpe-limoges-2019\/#breadcrumb\",\"itemListElement\":[{\"@type\":\"ListItem\",\"position\":1,\"name\":\"Home\",\"item\":\"https:\/\/www.camac-harps.com\/blog\/fr\/\"},{\"@type\":\"ListItem\",\"position\":2,\"name\":\"Concours de la harpe \u00e0 Limoges\u00a0: Dix \u00e9ditions et un prestige toujours plus grand\"}]},{\"@type\":\"WebSite\",\"@id\":\"https:\/\/www.camac-harps.com\/blog\/fr\/#website\",\"url\":\"https:\/\/www.camac-harps.com\/blog\/fr\/\",\"name\":\"Camac Harps\",\"description\":\"\",\"potentialAction\":[{\"@type\":\"SearchAction\",\"target\":{\"@type\":\"EntryPoint\",\"urlTemplate\":\"https:\/\/www.camac-harps.com\/blog\/fr\/?s={search_term_string}\"},\"query-input\":{\"@type\":\"PropertyValueSpecification\",\"valueRequired\":true,\"valueName\":\"search_term_string\"}}],\"inLanguage\":\"fr-FR\"},{\"@type\":\"Person\",\"@id\":\"https:\/\/www.camac-harps.com\/blog\/fr\/#\/schema\/person\/59b9e6843c0338179fb914afaf144d22\",\"name\":\"Helen Leitner\",\"image\":{\"@type\":\"ImageObject\",\"inLanguage\":\"fr-FR\",\"@id\":\"https:\/\/www.camac-harps.com\/blog\/fr\/#\/schema\/person\/image\/\",\"url\":\"https:\/\/secure.gravatar.com\/avatar\/ebbebff931219cff4c2d1e25c3229b2e036693f67bf237fb12f452d7a019a6da?s=96&d=mm&r=g\",\"contentUrl\":\"https:\/\/secure.gravatar.com\/avatar\/ebbebff931219cff4c2d1e25c3229b2e036693f67bf237fb12f452d7a019a6da?s=96&d=mm&r=g\",\"caption\":\"Helen Leitner\"},\"url\":\"https:\/\/www.camac-harps.com\/blog\/fr\/author\/ltnr\/\"}]}<\/script>","yoast_head_json":{"title":"Concours de la harpe \u00e0 Limoges\u00a0: Dix \u00e9ditions et un prestige toujours plus grand - Camac Harps","robots":{"index":"index","follow":"follow","max-snippet":"max-snippet:-1","max-image-preview":"max-image-preview:large","max-video-preview":"max-video-preview:-1"},"canonical":"https:\/\/www.camac-harps.com\/blog\/fr\/actualites\/concours-de-la-harpe-limoges-2019\/","og_locale":"fr_FR","og_type":"article","og_title":"Concours de la harpe \u00e0 Limoges\u00a0: Dix \u00e9ditions et un prestige toujours plus grand - Camac Harps","og_description":"\u00ab\u00a0Je ne perds jamais. Soit je gagne, soit j\u2019apprends\u00a0\u00bb. Cette phrase de Nelson Mandela r\u00e9sume parfaitement l\u2019\u00e9tat d\u2019esprit qui anime le Concours fran\u00e7ais de la harpe, organis\u00e9 chaque ann\u00e9e \u00e0 Limoges.","og_url":"https:\/\/www.camac-harps.com\/blog\/fr\/actualites\/concours-de-la-harpe-limoges-2019\/","og_site_name":"Camac Harps","article_published_time":"2019-02-28T15:32:01+00:00","article_modified_time":"2019-03-10T16:11:12+00:00","og_image":[{"width":800,"height":716,"url":"https:\/\/www.camac-harps.com\/blog\/wp-content\/uploads\/sites\/27\/2019\/02\/limogesexpo.jpg","type":"image\/jpeg"}],"author":"Helen Leitner","twitter_card":"summary_large_image","twitter_misc":{"\u00c9crit par":"Helen Leitner","Dur\u00e9e de lecture estim\u00e9e":"4 minutes"},"schema":{"@context":"https:\/\/schema.org","@graph":[{"@type":"Article","@id":"https:\/\/www.camac-harps.com\/blog\/fr\/actualites\/concours-de-la-harpe-limoges-2019\/#article","isPartOf":{"@id":"https:\/\/www.camac-harps.com\/blog\/fr\/actualites\/concours-de-la-harpe-limoges-2019\/"},"author":{"name":"Helen Leitner","@id":"https:\/\/www.camac-harps.com\/blog\/fr\/#\/schema\/person\/59b9e6843c0338179fb914afaf144d22"},"headline":"Concours de la harpe \u00e0 Limoges\u00a0: Dix \u00e9ditions et un prestige toujours plus grand","datePublished":"2019-02-28T15:32:01+00:00","dateModified":"2019-03-10T16:11:12+00:00","mainEntityOfPage":{"@id":"https:\/\/www.camac-harps.com\/blog\/fr\/actualites\/concours-de-la-harpe-limoges-2019\/"},"wordCount":812,"commentCount":0,"image":{"@id":"https:\/\/www.camac-harps.com\/blog\/fr\/actualites\/concours-de-la-harpe-limoges-2019\/#primaryimage"},"thumbnailUrl":"https:\/\/www.camac-harps.com\/blog\/wp-content\/uploads\/sites\/27\/2019\/02\/limogesexpo.jpg","articleSection":["\u00c0 la une","Actualit\u00e9s"],"inLanguage":"fr-FR","potentialAction":[{"@type":"CommentAction","name":"Comment","target":["https:\/\/www.camac-harps.com\/blog\/fr\/actualites\/concours-de-la-harpe-limoges-2019\/#respond"]}]},{"@type":"WebPage","@id":"https:\/\/www.camac-harps.com\/blog\/fr\/actualites\/concours-de-la-harpe-limoges-2019\/","url":"https:\/\/www.camac-harps.com\/blog\/fr\/actualites\/concours-de-la-harpe-limoges-2019\/","name":"Concours de la harpe \u00e0 Limoges\u00a0: Dix \u00e9ditions et un prestige toujours plus grand - Camac Harps","isPartOf":{"@id":"https:\/\/www.camac-harps.com\/blog\/fr\/#website"},"primaryImageOfPage":{"@id":"https:\/\/www.camac-harps.com\/blog\/fr\/actualites\/concours-de-la-harpe-limoges-2019\/#primaryimage"},"image":{"@id":"https:\/\/www.camac-harps.com\/blog\/fr\/actualites\/concours-de-la-harpe-limoges-2019\/#primaryimage"},"thumbnailUrl":"https:\/\/www.camac-harps.com\/blog\/wp-content\/uploads\/sites\/27\/2019\/02\/limogesexpo.jpg","datePublished":"2019-02-28T15:32:01+00:00","dateModified":"2019-03-10T16:11:12+00:00","author":{"@id":"https:\/\/www.camac-harps.com\/blog\/fr\/#\/schema\/person\/59b9e6843c0338179fb914afaf144d22"},"breadcrumb":{"@id":"https:\/\/www.camac-harps.com\/blog\/fr\/actualites\/concours-de-la-harpe-limoges-2019\/#breadcrumb"},"inLanguage":"fr-FR","potentialAction":[{"@type":"ReadAction","target":["https:\/\/www.camac-harps.com\/blog\/fr\/actualites\/concours-de-la-harpe-limoges-2019\/"]}]},{"@type":"ImageObject","inLanguage":"fr-FR","@id":"https:\/\/www.camac-harps.com\/blog\/fr\/actualites\/concours-de-la-harpe-limoges-2019\/#primaryimage","url":"https:\/\/www.camac-harps.com\/blog\/wp-content\/uploads\/sites\/27\/2019\/02\/limogesexpo.jpg","contentUrl":"https:\/\/www.camac-harps.com\/blog\/wp-content\/uploads\/sites\/27\/2019\/02\/limogesexpo.jpg","width":800,"height":716,"caption":"Limoges expo 2019"},{"@type":"BreadcrumbList","@id":"https:\/\/www.camac-harps.com\/blog\/fr\/actualites\/concours-de-la-harpe-limoges-2019\/#breadcrumb","itemListElement":[{"@type":"ListItem","position":1,"name":"Home","item":"https:\/\/www.camac-harps.com\/blog\/fr\/"},{"@type":"ListItem","position":2,"name":"Concours de la harpe \u00e0 Limoges\u00a0: Dix \u00e9ditions et un prestige toujours plus grand"}]},{"@type":"WebSite","@id":"https:\/\/www.camac-harps.com\/blog\/fr\/#website","url":"https:\/\/www.camac-harps.com\/blog\/fr\/","name":"Camac Harps","description":"","potentialAction":[{"@type":"SearchAction","target":{"@type":"EntryPoint","urlTemplate":"https:\/\/www.camac-harps.com\/blog\/fr\/?s={search_term_string}"},"query-input":{"@type":"PropertyValueSpecification","valueRequired":true,"valueName":"search_term_string"}}],"inLanguage":"fr-FR"},{"@type":"Person","@id":"https:\/\/www.camac-harps.com\/blog\/fr\/#\/schema\/person\/59b9e6843c0338179fb914afaf144d22","name":"Helen Leitner","image":{"@type":"ImageObject","inLanguage":"fr-FR","@id":"https:\/\/www.camac-harps.com\/blog\/fr\/#\/schema\/person\/image\/","url":"https:\/\/secure.gravatar.com\/avatar\/ebbebff931219cff4c2d1e25c3229b2e036693f67bf237fb12f452d7a019a6da?s=96&d=mm&r=g","contentUrl":"https:\/\/secure.gravatar.com\/avatar\/ebbebff931219cff4c2d1e25c3229b2e036693f67bf237fb12f452d7a019a6da?s=96&d=mm&r=g","caption":"Helen Leitner"},"url":"https:\/\/www.camac-harps.com\/blog\/fr\/author\/ltnr\/"}]}},"_links":{"self":[{"href":"https:\/\/www.camac-harps.com\/blog\/fr\/wp-json\/wp\/v2\/posts\/26106","targetHints":{"allow":["GET"]}}],"collection":[{"href":"https:\/\/www.camac-harps.com\/blog\/fr\/wp-json\/wp\/v2\/posts"}],"about":[{"href":"https:\/\/www.camac-harps.com\/blog\/fr\/wp-json\/wp\/v2\/types\/post"}],"author":[{"embeddable":true,"href":"https:\/\/www.camac-harps.com\/blog\/fr\/wp-json\/wp\/v2\/users\/3"}],"replies":[{"embeddable":true,"href":"https:\/\/www.camac-harps.com\/blog\/fr\/wp-json\/wp\/v2\/comments?post=26106"}],"version-history":[{"count":5,"href":"https:\/\/www.camac-harps.com\/blog\/fr\/wp-json\/wp\/v2\/posts\/26106\/revisions"}],"predecessor-version":[{"id":26153,"href":"https:\/\/www.camac-harps.com\/blog\/fr\/wp-json\/wp\/v2\/posts\/26106\/revisions\/26153"}],"wp:featuredmedia":[{"embeddable":true,"href":"https:\/\/www.camac-harps.com\/blog\/fr\/wp-json\/wp\/v2\/media\/26149"}],"wp:attachment":[{"href":"https:\/\/www.camac-harps.com\/blog\/fr\/wp-json\/wp\/v2\/media?parent=26106"}],"wp:term":[{"taxonomy":"category","embeddable":true,"href":"https:\/\/www.camac-harps.com\/blog\/fr\/wp-json\/wp\/v2\/categories?post=26106"},{"taxonomy":"post_tag","embeddable":true,"href":"https:\/\/www.camac-harps.com\/blog\/fr\/wp-json\/wp\/v2\/tags?post=26106"}],"curies":[{"name":"wp","href":"https:\/\/api.w.org\/{rel}","templated":true}]}}