{"id":26260,"date":"2019-03-22T14:00:39","date_gmt":"2019-03-22T14:00:39","guid":{"rendered":"https:\/\/www.camac-harps.com\/blog\/?p=26260"},"modified":"2019-04-17T10:08:32","modified_gmt":"2019-04-17T10:08:32","slug":"master-classes-preparatoires-au-concours-collegium21-ce-weekend-au-crr-de-paris","status":"publish","type":"post","link":"https:\/\/www.camac-harps.com\/blog\/fr\/actualites\/master-classes-preparatoires-au-concours-collegium21-ce-weekend-au-crr-de-paris\/","title":{"rendered":"Master-classes pr\u00e9paratoires au concours Collegium21 ce weekend au CRR de Paris"},"content":{"rendered":"<p style=\"text-align: justify;\">N&rsquo;oubliez-pas que se tiendront ce weekend les master-classes pr\u00e9paratoires au <a href=\"https:\/\/www.camac-harps.com\/blog\/fr\/actualites\/collegium21-2019\/\" target=\"_blank\" rel=\"noopener noreferrer\">concours Collegium21 !<\/a><br \/>\nIl s&rsquo;agit l\u00e0 d&rsquo;une occasion unique, trois semaines avant le concours du 14 avril, de prendre part au travail des compositeurs de ces \u0153uvres au programme.<\/p>\n<p style=\"text-align: justify;\">Pour rappel, les \u00e9tudiants int\u00e9ress\u00e9s devront se pr\u00e9senter au CRR de la rue de Madrid, 75008 Paris.\u00a0<\/p>\n<div id=\"attachment_26261\" class=\"wp-caption aligncenter\" style=\"width: 1024px\"><a href=\"https:\/\/www.camac-harps.com\/blog\/wp-content\/uploads\/sites\/27\/2019\/03\/sphinxfabiencali.jpg\"><img loading=\"lazy\" decoding=\"async\" class=\"wp-image-26261 size-large\" src=\"https:\/\/www.camac-harps.com\/blog\/wp-content\/uploads\/sites\/27\/2019\/03\/sphinxfabiencali-1024x378.jpg\" alt=\"Extrait de Sphinx 1087 de Fabien Cali\" width=\"1024\" height=\"378\" srcset=\"https:\/\/www.camac-harps.com\/blog\/wp-content\/uploads\/sites\/27\/2019\/03\/sphinxfabiencali.jpg 1024w, https:\/\/www.camac-harps.com\/blog\/wp-content\/uploads\/sites\/27\/2019\/03\/sphinxfabiencali-300x111.jpg 300w, https:\/\/www.camac-harps.com\/blog\/wp-content\/uploads\/sites\/27\/2019\/03\/sphinxfabiencali-768x284.jpg 768w, https:\/\/www.camac-harps.com\/blog\/wp-content\/uploads\/sites\/27\/2019\/03\/sphinxfabiencali-1000x369.jpg 1000w, https:\/\/www.camac-harps.com\/blog\/wp-content\/uploads\/sites\/27\/2019\/03\/sphinxfabiencali-800x295.jpg 800w, https:\/\/www.camac-harps.com\/blog\/wp-content\/uploads\/sites\/27\/2019\/03\/sphinxfabiencali-55x20.jpg 55w, https:\/\/www.camac-harps.com\/blog\/wp-content\/uploads\/sites\/27\/2019\/03\/sphinxfabiencali-250x92.jpg 250w\" sizes=\"auto, (max-width: 1024px) 100vw, 1024px\" \/><\/a><p class=\"wp-caption-text\">Extrait de Sphinx 1087 de Fabien Cali<\/p><\/div>\n<p style=\"text-align: justify;\">Le programme en d\u00e9tails de ce week-end :<\/p>\n<p style=\"text-align: justify;\"><strong>Samedi 23 mars 2019 de 11h \u00e0 18h30<\/strong><br \/>\n10h \u00e0 12h30 Edith Lejet &#8211; De lumi\u00e8re et de cieux embras\u00e9s<br \/>\n13h30 Sylvain Kassap &#8211; Eckm\u00fchl, Another landscape<br \/>\n15h Karl Naegelen &#8211; \u2026 l\u2019espi\u00e8gle<br \/>\n17h \u00e0 18h30 Arnaud Petit &#8211; Hector et Sophie<\/p>\n<p style=\"text-align: justify;\"><strong>Dimanche 24 mars 2019 de 10h \u00e0 18h30<\/strong><br \/>\n10h Fabien Cali &#8211; Sphinx 1087<br \/>\n11h30 \u00e0 13h Laurent Martin &#8211; Le chat du Cheshire<br \/>\n14h Gilles Schuehmacher &#8211; Notturno, Tercets<br \/>\n15h Fran\u00e7ois Ross\u00e9 &#8211; Haarpi<br \/>\n16h \u00e0 18h30 Julien Le Herissier &#8211; Corps et harpe<\/p>\n<p style=\"text-align: justify;\">\u201cD\u00e9couvrir les langages d\u2019aujourd\u2019hui, approcher le m\u00e9tier de compositeur, s\u2019approprier de nouveaux modes d\u2019expression et modes de jeu sont autant d\u2019exp\u00e9riences enthousiasmantes que nous souhaitons vivement partager. Nous pensons que cette d\u00e9marche r\u00e9solument moderne favorisera la diffusion du r\u00e9pertoire actuel et suscitera l\u2019\u00e9criture de pi\u00e8ces nouvelles.<br \/>\nNous esp\u00e9rons \u00e9veiller le d\u00e9sir d\u2019ouverture des candidats, et leur envie de s\u2019approprier le langage musical de notre \u00e9poque.\u201d<\/p>\n<p style=\"text-align: right;\"><em>Ghislaine Petit-Volta<\/em><\/p>\n<p style=\"text-align: justify;\"><strong>Inscriptions<\/strong>: <a href=\"http:\/\/www.lessignesdelarc.org\/?page_id=119\" target=\"_blank\" rel=\"noopener noreferrer\">Contactez Ghislaine Petit-Volta et Laurence Bancaud<\/a>\u00a0des \u00ab\u00a0Signes de l&rsquo;Arc\u00a0\u00bb.<\/p>\n","protected":false},"excerpt":{"rendered":"<p>N&rsquo;oubliez-pas que se tiendront ce weekend les master-classes pr\u00e9paratoires au concours Collegium21 ! Il s&rsquo;agit l\u00e0 d&rsquo;une occasion unique, trois semaines avant le concours du 14 avril, de prendre part au travail des compositeurs de ces \u0153uvres au programme.<\/p>\n","protected":false},"author":3,"featured_media":26261,"comment_status":"open","ping_status":"open","sticky":false,"template":"","format":"standard","meta":{"_acf_changed":false,"footnotes":""},"categories":[781,533],"tags":[],"class_list":["post-26260","post","type-post","status-publish","format-standard","has-post-thumbnail","hentry","category-alaune","category-actualites"],"acf":[],"yoast_head":"<title>Master-classes pr\u00e9paratoires au concours Collegium21 ce weekend au CRR de Paris - Camac Harps<\/title>\n<meta name=\"robots\" content=\"index, follow, max-snippet:-1, max-image-preview:large, max-video-preview:-1\" \/>\n<link rel=\"canonical\" href=\"https:\/\/www.camac-harps.com\/blog\/fr\/actualites\/master-classes-preparatoires-au-concours-collegium21-ce-weekend-au-crr-de-paris\/\" \/>\n<meta property=\"og:locale\" content=\"fr_FR\" \/>\n<meta property=\"og:type\" content=\"article\" \/>\n<meta property=\"og:title\" content=\"Master-classes pr\u00e9paratoires au concours Collegium21 ce weekend au CRR de Paris - Camac Harps\" \/>\n<meta property=\"og:description\" content=\"N&#039;oubliez-pas que se tiendront ce weekend les master-classes pr\u00e9paratoires au concours Collegium21 ! Il s&#039;agit l\u00e0 d&#039;une occasion unique, trois semaines avant le concours du 14 avril, de prendre part au travail des compositeurs de ces \u0153uvres au programme.\" \/>\n<meta property=\"og:url\" content=\"https:\/\/www.camac-harps.com\/blog\/fr\/actualites\/master-classes-preparatoires-au-concours-collegium21-ce-weekend-au-crr-de-paris\/\" \/>\n<meta property=\"og:site_name\" content=\"Camac Harps\" \/>\n<meta property=\"article:published_time\" content=\"2019-03-22T14:00:39+00:00\" \/>\n<meta property=\"article:modified_time\" content=\"2019-04-17T10:08:32+00:00\" \/>\n<meta property=\"og:image\" content=\"https:\/\/www.camac-harps.com\/blog\/wp-content\/uploads\/sites\/27\/2019\/03\/sphinxfabiencali.jpg\" \/>\n\t<meta property=\"og:image:width\" content=\"1024\" \/>\n\t<meta property=\"og:image:height\" content=\"378\" \/>\n\t<meta property=\"og:image:type\" content=\"image\/jpeg\" \/>\n<meta name=\"author\" content=\"Helen Leitner\" \/>\n<meta name=\"twitter:card\" content=\"summary_large_image\" \/>\n<meta name=\"twitter:label1\" content=\"\u00c9crit par\" \/>\n\t<meta name=\"twitter:data1\" content=\"Helen Leitner\" \/>\n\t<meta name=\"twitter:label2\" content=\"Dur\u00e9e de lecture estim\u00e9e\" \/>\n\t<meta name=\"twitter:data2\" content=\"1 minute\" \/>\n<script type=\"application\/ld+json\" class=\"yoast-schema-graph\">{\"@context\":\"https:\/\/schema.org\",\"@graph\":[{\"@type\":\"Article\",\"@id\":\"https:\/\/www.camac-harps.com\/blog\/fr\/actualites\/master-classes-preparatoires-au-concours-collegium21-ce-weekend-au-crr-de-paris\/#article\",\"isPartOf\":{\"@id\":\"https:\/\/www.camac-harps.com\/blog\/fr\/actualites\/master-classes-preparatoires-au-concours-collegium21-ce-weekend-au-crr-de-paris\/\"},\"author\":{\"name\":\"Helen Leitner\",\"@id\":\"https:\/\/www.camac-harps.com\/blog\/fr\/#\/schema\/person\/59b9e6843c0338179fb914afaf144d22\"},\"headline\":\"Master-classes pr\u00e9paratoires au concours Collegium21 ce weekend au CRR de Paris\",\"datePublished\":\"2019-03-22T14:00:39+00:00\",\"dateModified\":\"2019-04-17T10:08:32+00:00\",\"mainEntityOfPage\":{\"@id\":\"https:\/\/www.camac-harps.com\/blog\/fr\/actualites\/master-classes-preparatoires-au-concours-collegium21-ce-weekend-au-crr-de-paris\/\"},\"wordCount\":270,\"commentCount\":0,\"image\":{\"@id\":\"https:\/\/www.camac-harps.com\/blog\/fr\/actualites\/master-classes-preparatoires-au-concours-collegium21-ce-weekend-au-crr-de-paris\/#primaryimage\"},\"thumbnailUrl\":\"https:\/\/www.camac-harps.com\/blog\/wp-content\/uploads\/sites\/27\/2019\/03\/sphinxfabiencali.jpg\",\"articleSection\":[\"\u00c0 la une\",\"Actualit\u00e9s\"],\"inLanguage\":\"fr-FR\",\"potentialAction\":[{\"@type\":\"CommentAction\",\"name\":\"Comment\",\"target\":[\"https:\/\/www.camac-harps.com\/blog\/fr\/actualites\/master-classes-preparatoires-au-concours-collegium21-ce-weekend-au-crr-de-paris\/#respond\"]}]},{\"@type\":\"WebPage\",\"@id\":\"https:\/\/www.camac-harps.com\/blog\/fr\/actualites\/master-classes-preparatoires-au-concours-collegium21-ce-weekend-au-crr-de-paris\/\",\"url\":\"https:\/\/www.camac-harps.com\/blog\/fr\/actualites\/master-classes-preparatoires-au-concours-collegium21-ce-weekend-au-crr-de-paris\/\",\"name\":\"Master-classes pr\u00e9paratoires au concours Collegium21 ce weekend au CRR de Paris - Camac Harps\",\"isPartOf\":{\"@id\":\"https:\/\/www.camac-harps.com\/blog\/fr\/#website\"},\"primaryImageOfPage\":{\"@id\":\"https:\/\/www.camac-harps.com\/blog\/fr\/actualites\/master-classes-preparatoires-au-concours-collegium21-ce-weekend-au-crr-de-paris\/#primaryimage\"},\"image\":{\"@id\":\"https:\/\/www.camac-harps.com\/blog\/fr\/actualites\/master-classes-preparatoires-au-concours-collegium21-ce-weekend-au-crr-de-paris\/#primaryimage\"},\"thumbnailUrl\":\"https:\/\/www.camac-harps.com\/blog\/wp-content\/uploads\/sites\/27\/2019\/03\/sphinxfabiencali.jpg\",\"datePublished\":\"2019-03-22T14:00:39+00:00\",\"dateModified\":\"2019-04-17T10:08:32+00:00\",\"author\":{\"@id\":\"https:\/\/www.camac-harps.com\/blog\/fr\/#\/schema\/person\/59b9e6843c0338179fb914afaf144d22\"},\"breadcrumb\":{\"@id\":\"https:\/\/www.camac-harps.com\/blog\/fr\/actualites\/master-classes-preparatoires-au-concours-collegium21-ce-weekend-au-crr-de-paris\/#breadcrumb\"},\"inLanguage\":\"fr-FR\",\"potentialAction\":[{\"@type\":\"ReadAction\",\"target\":[\"https:\/\/www.camac-harps.com\/blog\/fr\/actualites\/master-classes-preparatoires-au-concours-collegium21-ce-weekend-au-crr-de-paris\/\"]}]},{\"@type\":\"ImageObject\",\"inLanguage\":\"fr-FR\",\"@id\":\"https:\/\/www.camac-harps.com\/blog\/fr\/actualites\/master-classes-preparatoires-au-concours-collegium21-ce-weekend-au-crr-de-paris\/#primaryimage\",\"url\":\"https:\/\/www.camac-harps.com\/blog\/wp-content\/uploads\/sites\/27\/2019\/03\/sphinxfabiencali.jpg\",\"contentUrl\":\"https:\/\/www.camac-harps.com\/blog\/wp-content\/uploads\/sites\/27\/2019\/03\/sphinxfabiencali.jpg\",\"width\":1024,\"height\":378,\"caption\":\"Extrait de Sphinx 1087 de Fabien Cali\"},{\"@type\":\"BreadcrumbList\",\"@id\":\"https:\/\/www.camac-harps.com\/blog\/fr\/actualites\/master-classes-preparatoires-au-concours-collegium21-ce-weekend-au-crr-de-paris\/#breadcrumb\",\"itemListElement\":[{\"@type\":\"ListItem\",\"position\":1,\"name\":\"Home\",\"item\":\"https:\/\/www.camac-harps.com\/blog\/fr\/\"},{\"@type\":\"ListItem\",\"position\":2,\"name\":\"Master-classes pr\u00e9paratoires au concours Collegium21 ce weekend au CRR de Paris\"}]},{\"@type\":\"WebSite\",\"@id\":\"https:\/\/www.camac-harps.com\/blog\/fr\/#website\",\"url\":\"https:\/\/www.camac-harps.com\/blog\/fr\/\",\"name\":\"Camac Harps\",\"description\":\"\",\"potentialAction\":[{\"@type\":\"SearchAction\",\"target\":{\"@type\":\"EntryPoint\",\"urlTemplate\":\"https:\/\/www.camac-harps.com\/blog\/fr\/?s={search_term_string}\"},\"query-input\":{\"@type\":\"PropertyValueSpecification\",\"valueRequired\":true,\"valueName\":\"search_term_string\"}}],\"inLanguage\":\"fr-FR\"},{\"@type\":\"Person\",\"@id\":\"https:\/\/www.camac-harps.com\/blog\/fr\/#\/schema\/person\/59b9e6843c0338179fb914afaf144d22\",\"name\":\"Helen Leitner\",\"image\":{\"@type\":\"ImageObject\",\"inLanguage\":\"fr-FR\",\"@id\":\"https:\/\/www.camac-harps.com\/blog\/fr\/#\/schema\/person\/image\/\",\"url\":\"https:\/\/secure.gravatar.com\/avatar\/ebbebff931219cff4c2d1e25c3229b2e036693f67bf237fb12f452d7a019a6da?s=96&d=mm&r=g\",\"contentUrl\":\"https:\/\/secure.gravatar.com\/avatar\/ebbebff931219cff4c2d1e25c3229b2e036693f67bf237fb12f452d7a019a6da?s=96&d=mm&r=g\",\"caption\":\"Helen Leitner\"},\"url\":\"https:\/\/www.camac-harps.com\/blog\/fr\/author\/ltnr\/\"}]}<\/script>","yoast_head_json":{"title":"Master-classes pr\u00e9paratoires au concours Collegium21 ce weekend au CRR de Paris - Camac Harps","robots":{"index":"index","follow":"follow","max-snippet":"max-snippet:-1","max-image-preview":"max-image-preview:large","max-video-preview":"max-video-preview:-1"},"canonical":"https:\/\/www.camac-harps.com\/blog\/fr\/actualites\/master-classes-preparatoires-au-concours-collegium21-ce-weekend-au-crr-de-paris\/","og_locale":"fr_FR","og_type":"article","og_title":"Master-classes pr\u00e9paratoires au concours Collegium21 ce weekend au CRR de Paris - Camac Harps","og_description":"N'oubliez-pas que se tiendront ce weekend les master-classes pr\u00e9paratoires au concours Collegium21 ! Il s'agit l\u00e0 d'une occasion unique, trois semaines avant le concours du 14 avril, de prendre part au travail des compositeurs de ces \u0153uvres au programme.","og_url":"https:\/\/www.camac-harps.com\/blog\/fr\/actualites\/master-classes-preparatoires-au-concours-collegium21-ce-weekend-au-crr-de-paris\/","og_site_name":"Camac Harps","article_published_time":"2019-03-22T14:00:39+00:00","article_modified_time":"2019-04-17T10:08:32+00:00","og_image":[{"width":1024,"height":378,"url":"https:\/\/www.camac-harps.com\/blog\/wp-content\/uploads\/sites\/27\/2019\/03\/sphinxfabiencali.jpg","type":"image\/jpeg"}],"author":"Helen Leitner","twitter_card":"summary_large_image","twitter_misc":{"\u00c9crit par":"Helen Leitner","Dur\u00e9e de lecture estim\u00e9e":"1 minute"},"schema":{"@context":"https:\/\/schema.org","@graph":[{"@type":"Article","@id":"https:\/\/www.camac-harps.com\/blog\/fr\/actualites\/master-classes-preparatoires-au-concours-collegium21-ce-weekend-au-crr-de-paris\/#article","isPartOf":{"@id":"https:\/\/www.camac-harps.com\/blog\/fr\/actualites\/master-classes-preparatoires-au-concours-collegium21-ce-weekend-au-crr-de-paris\/"},"author":{"name":"Helen Leitner","@id":"https:\/\/www.camac-harps.com\/blog\/fr\/#\/schema\/person\/59b9e6843c0338179fb914afaf144d22"},"headline":"Master-classes pr\u00e9paratoires au concours Collegium21 ce weekend au CRR de Paris","datePublished":"2019-03-22T14:00:39+00:00","dateModified":"2019-04-17T10:08:32+00:00","mainEntityOfPage":{"@id":"https:\/\/www.camac-harps.com\/blog\/fr\/actualites\/master-classes-preparatoires-au-concours-collegium21-ce-weekend-au-crr-de-paris\/"},"wordCount":270,"commentCount":0,"image":{"@id":"https:\/\/www.camac-harps.com\/blog\/fr\/actualites\/master-classes-preparatoires-au-concours-collegium21-ce-weekend-au-crr-de-paris\/#primaryimage"},"thumbnailUrl":"https:\/\/www.camac-harps.com\/blog\/wp-content\/uploads\/sites\/27\/2019\/03\/sphinxfabiencali.jpg","articleSection":["\u00c0 la une","Actualit\u00e9s"],"inLanguage":"fr-FR","potentialAction":[{"@type":"CommentAction","name":"Comment","target":["https:\/\/www.camac-harps.com\/blog\/fr\/actualites\/master-classes-preparatoires-au-concours-collegium21-ce-weekend-au-crr-de-paris\/#respond"]}]},{"@type":"WebPage","@id":"https:\/\/www.camac-harps.com\/blog\/fr\/actualites\/master-classes-preparatoires-au-concours-collegium21-ce-weekend-au-crr-de-paris\/","url":"https:\/\/www.camac-harps.com\/blog\/fr\/actualites\/master-classes-preparatoires-au-concours-collegium21-ce-weekend-au-crr-de-paris\/","name":"Master-classes pr\u00e9paratoires au concours Collegium21 ce weekend au CRR de Paris - Camac Harps","isPartOf":{"@id":"https:\/\/www.camac-harps.com\/blog\/fr\/#website"},"primaryImageOfPage":{"@id":"https:\/\/www.camac-harps.com\/blog\/fr\/actualites\/master-classes-preparatoires-au-concours-collegium21-ce-weekend-au-crr-de-paris\/#primaryimage"},"image":{"@id":"https:\/\/www.camac-harps.com\/blog\/fr\/actualites\/master-classes-preparatoires-au-concours-collegium21-ce-weekend-au-crr-de-paris\/#primaryimage"},"thumbnailUrl":"https:\/\/www.camac-harps.com\/blog\/wp-content\/uploads\/sites\/27\/2019\/03\/sphinxfabiencali.jpg","datePublished":"2019-03-22T14:00:39+00:00","dateModified":"2019-04-17T10:08:32+00:00","author":{"@id":"https:\/\/www.camac-harps.com\/blog\/fr\/#\/schema\/person\/59b9e6843c0338179fb914afaf144d22"},"breadcrumb":{"@id":"https:\/\/www.camac-harps.com\/blog\/fr\/actualites\/master-classes-preparatoires-au-concours-collegium21-ce-weekend-au-crr-de-paris\/#breadcrumb"},"inLanguage":"fr-FR","potentialAction":[{"@type":"ReadAction","target":["https:\/\/www.camac-harps.com\/blog\/fr\/actualites\/master-classes-preparatoires-au-concours-collegium21-ce-weekend-au-crr-de-paris\/"]}]},{"@type":"ImageObject","inLanguage":"fr-FR","@id":"https:\/\/www.camac-harps.com\/blog\/fr\/actualites\/master-classes-preparatoires-au-concours-collegium21-ce-weekend-au-crr-de-paris\/#primaryimage","url":"https:\/\/www.camac-harps.com\/blog\/wp-content\/uploads\/sites\/27\/2019\/03\/sphinxfabiencali.jpg","contentUrl":"https:\/\/www.camac-harps.com\/blog\/wp-content\/uploads\/sites\/27\/2019\/03\/sphinxfabiencali.jpg","width":1024,"height":378,"caption":"Extrait de Sphinx 1087 de Fabien Cali"},{"@type":"BreadcrumbList","@id":"https:\/\/www.camac-harps.com\/blog\/fr\/actualites\/master-classes-preparatoires-au-concours-collegium21-ce-weekend-au-crr-de-paris\/#breadcrumb","itemListElement":[{"@type":"ListItem","position":1,"name":"Home","item":"https:\/\/www.camac-harps.com\/blog\/fr\/"},{"@type":"ListItem","position":2,"name":"Master-classes pr\u00e9paratoires au concours Collegium21 ce weekend au CRR de Paris"}]},{"@type":"WebSite","@id":"https:\/\/www.camac-harps.com\/blog\/fr\/#website","url":"https:\/\/www.camac-harps.com\/blog\/fr\/","name":"Camac Harps","description":"","potentialAction":[{"@type":"SearchAction","target":{"@type":"EntryPoint","urlTemplate":"https:\/\/www.camac-harps.com\/blog\/fr\/?s={search_term_string}"},"query-input":{"@type":"PropertyValueSpecification","valueRequired":true,"valueName":"search_term_string"}}],"inLanguage":"fr-FR"},{"@type":"Person","@id":"https:\/\/www.camac-harps.com\/blog\/fr\/#\/schema\/person\/59b9e6843c0338179fb914afaf144d22","name":"Helen Leitner","image":{"@type":"ImageObject","inLanguage":"fr-FR","@id":"https:\/\/www.camac-harps.com\/blog\/fr\/#\/schema\/person\/image\/","url":"https:\/\/secure.gravatar.com\/avatar\/ebbebff931219cff4c2d1e25c3229b2e036693f67bf237fb12f452d7a019a6da?s=96&d=mm&r=g","contentUrl":"https:\/\/secure.gravatar.com\/avatar\/ebbebff931219cff4c2d1e25c3229b2e036693f67bf237fb12f452d7a019a6da?s=96&d=mm&r=g","caption":"Helen Leitner"},"url":"https:\/\/www.camac-harps.com\/blog\/fr\/author\/ltnr\/"}]}},"_links":{"self":[{"href":"https:\/\/www.camac-harps.com\/blog\/fr\/wp-json\/wp\/v2\/posts\/26260","targetHints":{"allow":["GET"]}}],"collection":[{"href":"https:\/\/www.camac-harps.com\/blog\/fr\/wp-json\/wp\/v2\/posts"}],"about":[{"href":"https:\/\/www.camac-harps.com\/blog\/fr\/wp-json\/wp\/v2\/types\/post"}],"author":[{"embeddable":true,"href":"https:\/\/www.camac-harps.com\/blog\/fr\/wp-json\/wp\/v2\/users\/3"}],"replies":[{"embeddable":true,"href":"https:\/\/www.camac-harps.com\/blog\/fr\/wp-json\/wp\/v2\/comments?post=26260"}],"version-history":[{"count":3,"href":"https:\/\/www.camac-harps.com\/blog\/fr\/wp-json\/wp\/v2\/posts\/26260\/revisions"}],"predecessor-version":[{"id":26451,"href":"https:\/\/www.camac-harps.com\/blog\/fr\/wp-json\/wp\/v2\/posts\/26260\/revisions\/26451"}],"wp:featuredmedia":[{"embeddable":true,"href":"https:\/\/www.camac-harps.com\/blog\/fr\/wp-json\/wp\/v2\/media\/26261"}],"wp:attachment":[{"href":"https:\/\/www.camac-harps.com\/blog\/fr\/wp-json\/wp\/v2\/media?parent=26260"}],"wp:term":[{"taxonomy":"category","embeddable":true,"href":"https:\/\/www.camac-harps.com\/blog\/fr\/wp-json\/wp\/v2\/categories?post=26260"},{"taxonomy":"post_tag","embeddable":true,"href":"https:\/\/www.camac-harps.com\/blog\/fr\/wp-json\/wp\/v2\/tags?post=26260"}],"curies":[{"name":"wp","href":"https:\/\/api.w.org\/{rel}","templated":true}]}}