{"id":26431,"date":"2019-04-17T09:38:44","date_gmt":"2019-04-17T09:38:44","guid":{"rendered":"https:\/\/www.camac-harps.com\/blog\/?p=26431"},"modified":"2019-05-23T09:17:17","modified_gmt":"2019-05-23T09:17:17","slug":"les-harpes-camac-font-leur-festival-a-toulouse","status":"publish","type":"post","link":"https:\/\/www.camac-harps.com\/blog\/fr\/actualites\/les-harpes-camac-font-leur-festival-a-toulouse\/","title":{"rendered":"Les Harpes Camac font leur festival\u2026.\u00e0 Toulouse !\u00a0"},"content":{"rendered":"<p style=\"text-align: justify;\"><a href=\"https:\/\/www.camac-harps.com\/blog\/wp-content\/uploads\/sites\/27\/2019\/04\/toulousefacebook.jpg\"><img loading=\"lazy\" decoding=\"async\" class=\"aligncenter size-full wp-image-26434\" src=\"https:\/\/www.camac-harps.com\/blog\/wp-content\/uploads\/sites\/27\/2019\/04\/toulousefacebook.jpg\" alt=\"Festival Camac, Toulouse 2019\" width=\"1702\" height=\"630\" srcset=\"https:\/\/www.camac-harps.com\/blog\/wp-content\/uploads\/sites\/27\/2019\/04\/toulousefacebook.jpg 1702w, https:\/\/www.camac-harps.com\/blog\/wp-content\/uploads\/sites\/27\/2019\/04\/toulousefacebook-300x111.jpg 300w, https:\/\/www.camac-harps.com\/blog\/wp-content\/uploads\/sites\/27\/2019\/04\/toulousefacebook-768x284.jpg 768w, https:\/\/www.camac-harps.com\/blog\/wp-content\/uploads\/sites\/27\/2019\/04\/toulousefacebook-1024x379.jpg 1024w, https:\/\/www.camac-harps.com\/blog\/wp-content\/uploads\/sites\/27\/2019\/04\/toulousefacebook-1000x370.jpg 1000w, https:\/\/www.camac-harps.com\/blog\/wp-content\/uploads\/sites\/27\/2019\/04\/toulousefacebook-800x296.jpg 800w, https:\/\/www.camac-harps.com\/blog\/wp-content\/uploads\/sites\/27\/2019\/04\/toulousefacebook-55x20.jpg 55w, https:\/\/www.camac-harps.com\/blog\/wp-content\/uploads\/sites\/27\/2019\/04\/toulousefacebook-250x93.jpg 250w\" sizes=\"auto, (max-width: 1702px) 100vw, 1702px\" \/><\/a>Une chose est s\u00fbre, le troisi\u00e8me week-end d\u2019Octobre est synonyme d\u2019un nouveau festival Camac\u00a0! Celui-ci se d\u00e9roule chaque ann\u00e9e, depuis treize ans, dans une r\u00e9gion diff\u00e9rente hors de Paris. Notre concept consiste \u00e0 proposer un programme artistique de tr\u00e8s haut niveau, accompagn\u00e9 d\u2019une grande exposition de nos harpes neuves et d\u2019occasion, et la pr\u00e9sence de nos techniciens pour r\u00e9aliser le plus grand nombre d\u2019entretiens de harpes pendant la dur\u00e9e de la manifestation. L\u2019un des aspects principaux des festivals Camac r\u00e9side en la collaboration avec les harpistes des villes que nous visitons. Nous voulons que chacun de nos festivals soit un voyage de d\u00e9couvertes et d\u2019opportunit\u00e9s, un lieu de rencontre pour les amis, anciens et nouveaux.<\/p>\n<p style=\"text-align: justify;\">En 2018, nous avons pass\u00e9 un <a href=\"https:\/\/www.camac-harps.com\/blog\/fr\/actualites\/festival-camac-belfort-2018\/\" target=\"_blank\" rel=\"noopener noreferrer\">week-end formidable \u00e0 Belfort<\/a>, \u00e0 proximit\u00e9 de la Suisse et de l\u2019Allemagne. Cette ann\u00e9e, le festival prend la direction du Sud-Ouest pour revenir \u00e0 Toulouse. Le programme artistique nous fera voyager lui aussi, r\u00e9unissant des artistes du monde entier. Pour repr\u00e9senter la harpe classique, nous sommes ravis d\u2019accueillir David Lootvoet, harpiste solo de l\u2019orchestre de l\u2019Op\u00e9ra de Paris, et Veronika Lemishenko, harpiste du tr\u00e8s c\u00e9l\u00e8bre orchestre philharmonique de l\u2019Oural \u00e0 Ekaterinbourg (Russie). Les \u00e9tudiants auront la possibilit\u00e9 de travailler avec David Lootvoet, lors d\u2019une masterclass consacr\u00e9e au r\u00e9pertoire classique ainsi qu\u2019aux traits d\u2019orchestre. Le monde toujours dynamique de la harpe celtique sera \u00e9galement bien mis en valeur\u00a0: star de la harpe celtique en Bretagne, Nolwenn Arzel se produira en duo avec Lo\u00efc Bl\u00e9jean au \u00ab\u00a0low whistle\u00a0\u00bb et au \u00ab\u00a0Uilleann pipes\u00a0\u00bb. Elle animera \u00e9galement un atelier de groupe autour de la harpe celtique, destin\u00e9 aux harpistes ayant un minimum de trois ans de pratique de harpe \u2013 mais tout le monde est \u00e9videmment invit\u00e9 \u00e0 y assister.<span class=\"Apple-converted-space\">\u00a0<\/span><\/p>\n\n\t\t<style type=\"text\/css\">\n\t\t\t#gallery-1 {\n\t\t\t\tmargin: auto;\n\t\t\t}\n\t\t\t#gallery-1 .gallery-item {\n\t\t\t\tfloat: left;\n\t\t\t\tmargin-top: 10px;\n\t\t\t\ttext-align: center;\n\t\t\t\twidth: 25%;\n\t\t\t}\n\t\t\t#gallery-1 img {\n\t\t\t\tborder: 2px solid #cfcfcf;\n\t\t\t}\n\t\t\t#gallery-1 .gallery-caption {\n\t\t\t\tmargin-left: 0;\n\t\t\t}\n\t\t\t\/* see gallery_shortcode() in wp-includes\/media.php *\/\n\t\t<\/style>\n\t\t<div id='gallery-1' class='gallery galleryid-26431 gallery-columns-4 gallery-size-thumbnail'><dl class='gallery-item'>\n\t\t\t<dt class='gallery-icon landscape'>\n\t\t\t\t<a href='https:\/\/www.camac-harps.com\/blog\/fr\/davidlootvoet\/'><img loading=\"lazy\" decoding=\"async\" width=\"150\" height=\"150\" src=\"https:\/\/www.camac-harps.com\/blog\/wp-content\/uploads\/sites\/27\/2019\/04\/davidlootvoet-150x150.jpg\" class=\"attachment-thumbnail size-thumbnail\" alt=\"David Lootvoet\" aria-describedby=\"gallery-1-26454\" \/><\/a>\n\t\t\t<\/dt>\n\t\t\t\t<dd class='wp-caption-text gallery-caption' id='gallery-1-26454'>\n\t\t\t\tDavid Lootvoet\n\t\t\t\t<\/dd><\/dl><dl class='gallery-item'>\n\t\t\t<dt class='gallery-icon landscape'>\n\t\t\t\t<a href='https:\/\/www.camac-harps.com\/blog\/fr\/veronikalemishenko\/'><img loading=\"lazy\" decoding=\"async\" width=\"150\" height=\"150\" src=\"https:\/\/www.camac-harps.com\/blog\/wp-content\/uploads\/sites\/27\/2019\/04\/veronikalemishenko-150x150.jpg\" class=\"attachment-thumbnail size-thumbnail\" alt=\"Veronika Lemishenko\" aria-describedby=\"gallery-1-26466\" \/><\/a>\n\t\t\t<\/dt>\n\t\t\t\t<dd class='wp-caption-text gallery-caption' id='gallery-1-26466'>\n\t\t\t\tVeronika Lemishenko\n\t\t\t\t<\/dd><\/dl><dl class='gallery-item'>\n\t\t\t<dt class='gallery-icon portrait'>\n\t\t\t\t<a href='https:\/\/www.camac-harps.com\/blog\/fr\/nolwennarzel\/'><img loading=\"lazy\" decoding=\"async\" width=\"150\" height=\"150\" src=\"https:\/\/www.camac-harps.com\/blog\/wp-content\/uploads\/sites\/27\/2019\/04\/nolwennarzel-150x150.jpg\" class=\"attachment-thumbnail size-thumbnail\" alt=\"Nolwenn Arzel\" aria-describedby=\"gallery-1-26460\" \/><\/a>\n\t\t\t<\/dt>\n\t\t\t\t<dd class='wp-caption-text gallery-caption' id='gallery-1-26460'>\n\t\t\t\tNolwenn Arzel\n\t\t\t\t<\/dd><\/dl><dl class='gallery-item'>\n\t\t\t<dt class='gallery-icon landscape'>\n\t\t\t\t<a href='https:\/\/www.camac-harps.com\/blog\/fr\/olympus-digital-camera\/'><img loading=\"lazy\" decoding=\"async\" width=\"150\" height=\"150\" src=\"https:\/\/www.camac-harps.com\/blog\/wp-content\/uploads\/sites\/27\/2019\/04\/loicblejean-150x150.jpg\" class=\"attachment-thumbnail size-thumbnail\" alt=\"Loic Bl\u00e9jean\" aria-describedby=\"gallery-1-26458\" \/><\/a>\n\t\t\t<\/dt>\n\t\t\t\t<dd class='wp-caption-text gallery-caption' id='gallery-1-26458'>\n\t\t\t\tLoic Bl\u00e9jean\n\t\t\t\t<\/dd><\/dl><br style=\"clear: both\" \/>\n\t\t<\/div>\n\n<div id=\"attachment_26456\" class=\"wp-caption alignleft\" style=\"width: 150px\"><a href=\"https:\/\/www.camac-harps.com\/blog\/wp-content\/uploads\/sites\/27\/2019\/04\/jessicabrowning.jpg\"><img loading=\"lazy\" decoding=\"async\" class=\"wp-image-26456 size-thumbnail\" src=\"https:\/\/www.camac-harps.com\/blog\/wp-content\/uploads\/sites\/27\/2019\/04\/jessicabrowning-150x150.jpg\" alt=\"Jessica Browning\" width=\"150\" height=\"150\" \/><\/a><p class=\"wp-caption-text\">Jessica Browning<\/p><\/div>\n<p style=\"text-align: justify;\">Parcourant le monde des harpes \u00e9lectriques, nous avons d\u00e9couvert Jessica Browning lors des <a href=\"https:\/\/www.camac-harps.com\/fr\/agenda\/?sd=2019-02-24\" target=\"_blank\" rel=\"noopener noreferrer\">Journ\u00e9es de la harpe \u00e0 Seraing<\/a> un peu plus t\u00f4t cette ann\u00e9e. Avec le batteur Baptiste Metayer, ils forment le duo Blew Harp et nous sommes ravis d\u2019avoir pu les inviter \u00e0 Toulouse. Ils joueront en deuxi\u00e8me partie de soir\u00e9e le samedi 19 octobre. Avant cela, dans l\u2019apr\u00e8s-midi, Jessica Browning animera un atelier autour de la harpe \u00e9lectrique, afin que vous puissiez faire de nouvelles exp\u00e9riences par vous-m\u00eames.<\/p>\n<div id=\"attachment_26464\" class=\"wp-caption alignright\" style=\"width: 150px\"><a href=\"https:\/\/www.camac-harps.com\/blog\/wp-content\/uploads\/sites\/27\/2019\/04\/rossitzamilevska.jpg\"><img loading=\"lazy\" decoding=\"async\" class=\"size-thumbnail wp-image-26464\" src=\"https:\/\/www.camac-harps.com\/blog\/wp-content\/uploads\/sites\/27\/2019\/04\/rossitzamilevska-150x150.jpg\" alt=\"Rossitza Milevska\" width=\"150\" height=\"150\" \/><\/a><p class=\"wp-caption-text\">Rossitza Milevska<\/p><\/div>\n<p style=\"text-align: justify;\">Rossitza Milevska est une habitu\u00e9e des manifestations Camac. Accompagn\u00e9e de C\u00e9dric Le Donne aux percussions, elle se produira \u00e0 nouveau \u00e0 la harpe bleue, mais sera cette fois accompagn\u00e9e d\u2019\u00e9l\u00e8ves des classes de harpe de Toulouse, Blagnac, Roques-sur-Garonne et Tournefeuille. Cette cr\u00e9ation du festival, confi\u00e9e \u00e0 Rossitza Milevska et compos\u00e9e d\u2019arrangements de standards de jazz pour ensembles d\u2019\u00e9tudiants, n\u2019aurait pas \u00e9t\u00e9 possible sans le soutien et l\u2019engagement des professeurs Fabienne Hilar-Drhouin, Mathilde Sandoz et Dominique Piussan. Nous leur en sommes extr\u00eamement reconnaissants et nous attendons le lever de rideau avec beaucoup d\u2019impatience.<\/p>\n<p style=\"text-align: justify;\">Eric Piron (Directeur G\u00e9n\u00e9ral), et toute son \u00e9quipe commerciale seront sur place tout au long du week-end, avec la plus grande exposition itin\u00e9rante de notre saison. Vous pouvez \u00e9galement faire r\u00e9aliser gratuitement le r\u00e9glage de votre harpe Camac.<\/p>\n<p style=\"text-align: justify;\">L&rsquo;entr\u00e9e \u00e0 toutes les activit\u00e9s du festival est gratuite, mais les r\u00e9servations sont obligatoires. Nous vous remercions de bien vouloir <a href=\"https:\/\/www.camac-harps.com\/fr\/agenda\/?sd=2019-10-18\" target=\"_blank\" rel=\"noopener noreferrer\">remplir le formulaire<\/a> afin de r\u00e9server vos places pour les concerts et les ateliers. Pour r\u00e9server un r\u00e9glage de harpe, veuillez envoyer un e-mail \u00e0 <a href=\"mailto:sav@camac-harps.com\" target=\"_blank\" rel=\"noopener noreferrer\">sav@camac-harps.com<\/a> en indiquant le mod\u00e8le de votre harpe, et si possible son num\u00e9ro de s\u00e9rie.<\/p>\n","protected":false},"excerpt":{"rendered":"<p>Une chose est s\u00fbre, le troisi\u00e8me week-end d\u2019Octobre est synonyme d\u2019un nouveau festival Camac\u00a0! Cette ann\u00e9e, le festival prend la direction du Sud-Ouest pour revenir \u00e0 Toulouse. Le programme artistique nous fera voyager lui aussi, r\u00e9unissant des artistes du monde entier&#8230;<\/p>\n","protected":false},"author":3,"featured_media":26604,"comment_status":"open","ping_status":"open","sticky":false,"template":"","format":"standard","meta":{"_acf_changed":false,"footnotes":""},"categories":[781,533],"tags":[],"class_list":["post-26431","post","type-post","status-publish","format-standard","has-post-thumbnail","hentry","category-alaune","category-actualites"],"acf":[],"yoast_head":"<title>Les Harpes Camac font leur festival\u2026.\u00e0 Toulouse !\u00a0 - Camac Harps<\/title>\n<meta name=\"robots\" content=\"index, follow, max-snippet:-1, max-image-preview:large, max-video-preview:-1\" \/>\n<link rel=\"canonical\" href=\"https:\/\/www.camac-harps.com\/blog\/fr\/actualites\/les-harpes-camac-font-leur-festival-a-toulouse\/\" \/>\n<meta property=\"og:locale\" content=\"fr_FR\" \/>\n<meta property=\"og:type\" content=\"article\" \/>\n<meta property=\"og:title\" content=\"Les Harpes Camac font leur festival\u2026.\u00e0 Toulouse !\u00a0 - Camac Harps\" \/>\n<meta property=\"og:description\" content=\"Une chose est s\u00fbre, le troisi\u00e8me week-end d\u2019Octobre est synonyme d\u2019un nouveau festival Camac\u00a0! Cette ann\u00e9e, le festival prend la direction du Sud-Ouest pour revenir \u00e0 Toulouse. Le programme artistique nous fera voyager lui aussi, r\u00e9unissant des artistes du monde entier...\" \/>\n<meta property=\"og:url\" content=\"https:\/\/www.camac-harps.com\/blog\/fr\/actualites\/les-harpes-camac-font-leur-festival-a-toulouse\/\" \/>\n<meta property=\"og:site_name\" content=\"Camac Harps\" \/>\n<meta property=\"article:published_time\" content=\"2019-04-17T09:38:44+00:00\" \/>\n<meta property=\"article:modified_time\" content=\"2019-05-23T09:17:17+00:00\" \/>\n<meta property=\"og:image\" content=\"https:\/\/www.camac-harps.com\/blog\/wp-content\/uploads\/sites\/27\/2019\/04\/agendatoulouse.jpg\" \/>\n\t<meta property=\"og:image:width\" content=\"926\" \/>\n\t<meta property=\"og:image:height\" content=\"630\" \/>\n\t<meta property=\"og:image:type\" content=\"image\/jpeg\" \/>\n<meta name=\"author\" content=\"Helen Leitner\" \/>\n<meta name=\"twitter:card\" content=\"summary_large_image\" \/>\n<meta name=\"twitter:label1\" content=\"\u00c9crit par\" \/>\n\t<meta name=\"twitter:data1\" content=\"Helen Leitner\" \/>\n\t<meta name=\"twitter:label2\" content=\"Dur\u00e9e de lecture estim\u00e9e\" \/>\n\t<meta name=\"twitter:data2\" content=\"3 minutes\" \/>\n<script type=\"application\/ld+json\" class=\"yoast-schema-graph\">{\"@context\":\"https:\/\/schema.org\",\"@graph\":[{\"@type\":\"Article\",\"@id\":\"https:\/\/www.camac-harps.com\/blog\/fr\/actualites\/les-harpes-camac-font-leur-festival-a-toulouse\/#article\",\"isPartOf\":{\"@id\":\"https:\/\/www.camac-harps.com\/blog\/fr\/actualites\/les-harpes-camac-font-leur-festival-a-toulouse\/\"},\"author\":{\"name\":\"Helen Leitner\",\"@id\":\"https:\/\/www.camac-harps.com\/blog\/fr\/#\/schema\/person\/59b9e6843c0338179fb914afaf144d22\"},\"headline\":\"Les Harpes Camac font leur festival\u2026.\u00e0 Toulouse !\u00a0\",\"datePublished\":\"2019-04-17T09:38:44+00:00\",\"dateModified\":\"2019-05-23T09:17:17+00:00\",\"mainEntityOfPage\":{\"@id\":\"https:\/\/www.camac-harps.com\/blog\/fr\/actualites\/les-harpes-camac-font-leur-festival-a-toulouse\/\"},\"wordCount\":652,\"commentCount\":0,\"image\":{\"@id\":\"https:\/\/www.camac-harps.com\/blog\/fr\/actualites\/les-harpes-camac-font-leur-festival-a-toulouse\/#primaryimage\"},\"thumbnailUrl\":\"https:\/\/www.camac-harps.com\/blog\/wp-content\/uploads\/sites\/27\/2019\/04\/agendatoulouse.jpg\",\"articleSection\":[\"\u00c0 la une\",\"Actualit\u00e9s\"],\"inLanguage\":\"fr-FR\",\"potentialAction\":[{\"@type\":\"CommentAction\",\"name\":\"Comment\",\"target\":[\"https:\/\/www.camac-harps.com\/blog\/fr\/actualites\/les-harpes-camac-font-leur-festival-a-toulouse\/#respond\"]}]},{\"@type\":\"WebPage\",\"@id\":\"https:\/\/www.camac-harps.com\/blog\/fr\/actualites\/les-harpes-camac-font-leur-festival-a-toulouse\/\",\"url\":\"https:\/\/www.camac-harps.com\/blog\/fr\/actualites\/les-harpes-camac-font-leur-festival-a-toulouse\/\",\"name\":\"Les Harpes Camac font leur festival\u2026.\u00e0 Toulouse !\u00a0 - Camac Harps\",\"isPartOf\":{\"@id\":\"https:\/\/www.camac-harps.com\/blog\/fr\/#website\"},\"primaryImageOfPage\":{\"@id\":\"https:\/\/www.camac-harps.com\/blog\/fr\/actualites\/les-harpes-camac-font-leur-festival-a-toulouse\/#primaryimage\"},\"image\":{\"@id\":\"https:\/\/www.camac-harps.com\/blog\/fr\/actualites\/les-harpes-camac-font-leur-festival-a-toulouse\/#primaryimage\"},\"thumbnailUrl\":\"https:\/\/www.camac-harps.com\/blog\/wp-content\/uploads\/sites\/27\/2019\/04\/agendatoulouse.jpg\",\"datePublished\":\"2019-04-17T09:38:44+00:00\",\"dateModified\":\"2019-05-23T09:17:17+00:00\",\"author\":{\"@id\":\"https:\/\/www.camac-harps.com\/blog\/fr\/#\/schema\/person\/59b9e6843c0338179fb914afaf144d22\"},\"breadcrumb\":{\"@id\":\"https:\/\/www.camac-harps.com\/blog\/fr\/actualites\/les-harpes-camac-font-leur-festival-a-toulouse\/#breadcrumb\"},\"inLanguage\":\"fr-FR\",\"potentialAction\":[{\"@type\":\"ReadAction\",\"target\":[\"https:\/\/www.camac-harps.com\/blog\/fr\/actualites\/les-harpes-camac-font-leur-festival-a-toulouse\/\"]}]},{\"@type\":\"ImageObject\",\"inLanguage\":\"fr-FR\",\"@id\":\"https:\/\/www.camac-harps.com\/blog\/fr\/actualites\/les-harpes-camac-font-leur-festival-a-toulouse\/#primaryimage\",\"url\":\"https:\/\/www.camac-harps.com\/blog\/wp-content\/uploads\/sites\/27\/2019\/04\/agendatoulouse.jpg\",\"contentUrl\":\"https:\/\/www.camac-harps.com\/blog\/wp-content\/uploads\/sites\/27\/2019\/04\/agendatoulouse.jpg\",\"width\":926,\"height\":630,\"caption\":\"Festival Camac \u00e0 Toulouse\"},{\"@type\":\"BreadcrumbList\",\"@id\":\"https:\/\/www.camac-harps.com\/blog\/fr\/actualites\/les-harpes-camac-font-leur-festival-a-toulouse\/#breadcrumb\",\"itemListElement\":[{\"@type\":\"ListItem\",\"position\":1,\"name\":\"Home\",\"item\":\"https:\/\/www.camac-harps.com\/blog\/fr\/\"},{\"@type\":\"ListItem\",\"position\":2,\"name\":\"Les Harpes Camac font leur festival\u2026.\u00e0 Toulouse !\u00a0\"}]},{\"@type\":\"WebSite\",\"@id\":\"https:\/\/www.camac-harps.com\/blog\/fr\/#website\",\"url\":\"https:\/\/www.camac-harps.com\/blog\/fr\/\",\"name\":\"Camac Harps\",\"description\":\"\",\"potentialAction\":[{\"@type\":\"SearchAction\",\"target\":{\"@type\":\"EntryPoint\",\"urlTemplate\":\"https:\/\/www.camac-harps.com\/blog\/fr\/?s={search_term_string}\"},\"query-input\":{\"@type\":\"PropertyValueSpecification\",\"valueRequired\":true,\"valueName\":\"search_term_string\"}}],\"inLanguage\":\"fr-FR\"},{\"@type\":\"Person\",\"@id\":\"https:\/\/www.camac-harps.com\/blog\/fr\/#\/schema\/person\/59b9e6843c0338179fb914afaf144d22\",\"name\":\"Helen Leitner\",\"image\":{\"@type\":\"ImageObject\",\"inLanguage\":\"fr-FR\",\"@id\":\"https:\/\/www.camac-harps.com\/blog\/fr\/#\/schema\/person\/image\/\",\"url\":\"https:\/\/secure.gravatar.com\/avatar\/ebbebff931219cff4c2d1e25c3229b2e036693f67bf237fb12f452d7a019a6da?s=96&d=mm&r=g\",\"contentUrl\":\"https:\/\/secure.gravatar.com\/avatar\/ebbebff931219cff4c2d1e25c3229b2e036693f67bf237fb12f452d7a019a6da?s=96&d=mm&r=g\",\"caption\":\"Helen Leitner\"},\"url\":\"https:\/\/www.camac-harps.com\/blog\/fr\/author\/ltnr\/\"}]}<\/script>","yoast_head_json":{"title":"Les Harpes Camac font leur festival\u2026.\u00e0 Toulouse !\u00a0 - Camac Harps","robots":{"index":"index","follow":"follow","max-snippet":"max-snippet:-1","max-image-preview":"max-image-preview:large","max-video-preview":"max-video-preview:-1"},"canonical":"https:\/\/www.camac-harps.com\/blog\/fr\/actualites\/les-harpes-camac-font-leur-festival-a-toulouse\/","og_locale":"fr_FR","og_type":"article","og_title":"Les Harpes Camac font leur festival\u2026.\u00e0 Toulouse !\u00a0 - Camac Harps","og_description":"Une chose est s\u00fbre, le troisi\u00e8me week-end d\u2019Octobre est synonyme d\u2019un nouveau festival Camac\u00a0! Cette ann\u00e9e, le festival prend la direction du Sud-Ouest pour revenir \u00e0 Toulouse. Le programme artistique nous fera voyager lui aussi, r\u00e9unissant des artistes du monde entier...","og_url":"https:\/\/www.camac-harps.com\/blog\/fr\/actualites\/les-harpes-camac-font-leur-festival-a-toulouse\/","og_site_name":"Camac Harps","article_published_time":"2019-04-17T09:38:44+00:00","article_modified_time":"2019-05-23T09:17:17+00:00","og_image":[{"width":926,"height":630,"url":"https:\/\/www.camac-harps.com\/blog\/wp-content\/uploads\/sites\/27\/2019\/04\/agendatoulouse.jpg","type":"image\/jpeg"}],"author":"Helen Leitner","twitter_card":"summary_large_image","twitter_misc":{"\u00c9crit par":"Helen Leitner","Dur\u00e9e de lecture estim\u00e9e":"3 minutes"},"schema":{"@context":"https:\/\/schema.org","@graph":[{"@type":"Article","@id":"https:\/\/www.camac-harps.com\/blog\/fr\/actualites\/les-harpes-camac-font-leur-festival-a-toulouse\/#article","isPartOf":{"@id":"https:\/\/www.camac-harps.com\/blog\/fr\/actualites\/les-harpes-camac-font-leur-festival-a-toulouse\/"},"author":{"name":"Helen Leitner","@id":"https:\/\/www.camac-harps.com\/blog\/fr\/#\/schema\/person\/59b9e6843c0338179fb914afaf144d22"},"headline":"Les Harpes Camac font leur festival\u2026.\u00e0 Toulouse !\u00a0","datePublished":"2019-04-17T09:38:44+00:00","dateModified":"2019-05-23T09:17:17+00:00","mainEntityOfPage":{"@id":"https:\/\/www.camac-harps.com\/blog\/fr\/actualites\/les-harpes-camac-font-leur-festival-a-toulouse\/"},"wordCount":652,"commentCount":0,"image":{"@id":"https:\/\/www.camac-harps.com\/blog\/fr\/actualites\/les-harpes-camac-font-leur-festival-a-toulouse\/#primaryimage"},"thumbnailUrl":"https:\/\/www.camac-harps.com\/blog\/wp-content\/uploads\/sites\/27\/2019\/04\/agendatoulouse.jpg","articleSection":["\u00c0 la une","Actualit\u00e9s"],"inLanguage":"fr-FR","potentialAction":[{"@type":"CommentAction","name":"Comment","target":["https:\/\/www.camac-harps.com\/blog\/fr\/actualites\/les-harpes-camac-font-leur-festival-a-toulouse\/#respond"]}]},{"@type":"WebPage","@id":"https:\/\/www.camac-harps.com\/blog\/fr\/actualites\/les-harpes-camac-font-leur-festival-a-toulouse\/","url":"https:\/\/www.camac-harps.com\/blog\/fr\/actualites\/les-harpes-camac-font-leur-festival-a-toulouse\/","name":"Les Harpes Camac font leur festival\u2026.\u00e0 Toulouse !\u00a0 - Camac Harps","isPartOf":{"@id":"https:\/\/www.camac-harps.com\/blog\/fr\/#website"},"primaryImageOfPage":{"@id":"https:\/\/www.camac-harps.com\/blog\/fr\/actualites\/les-harpes-camac-font-leur-festival-a-toulouse\/#primaryimage"},"image":{"@id":"https:\/\/www.camac-harps.com\/blog\/fr\/actualites\/les-harpes-camac-font-leur-festival-a-toulouse\/#primaryimage"},"thumbnailUrl":"https:\/\/www.camac-harps.com\/blog\/wp-content\/uploads\/sites\/27\/2019\/04\/agendatoulouse.jpg","datePublished":"2019-04-17T09:38:44+00:00","dateModified":"2019-05-23T09:17:17+00:00","author":{"@id":"https:\/\/www.camac-harps.com\/blog\/fr\/#\/schema\/person\/59b9e6843c0338179fb914afaf144d22"},"breadcrumb":{"@id":"https:\/\/www.camac-harps.com\/blog\/fr\/actualites\/les-harpes-camac-font-leur-festival-a-toulouse\/#breadcrumb"},"inLanguage":"fr-FR","potentialAction":[{"@type":"ReadAction","target":["https:\/\/www.camac-harps.com\/blog\/fr\/actualites\/les-harpes-camac-font-leur-festival-a-toulouse\/"]}]},{"@type":"ImageObject","inLanguage":"fr-FR","@id":"https:\/\/www.camac-harps.com\/blog\/fr\/actualites\/les-harpes-camac-font-leur-festival-a-toulouse\/#primaryimage","url":"https:\/\/www.camac-harps.com\/blog\/wp-content\/uploads\/sites\/27\/2019\/04\/agendatoulouse.jpg","contentUrl":"https:\/\/www.camac-harps.com\/blog\/wp-content\/uploads\/sites\/27\/2019\/04\/agendatoulouse.jpg","width":926,"height":630,"caption":"Festival Camac \u00e0 Toulouse"},{"@type":"BreadcrumbList","@id":"https:\/\/www.camac-harps.com\/blog\/fr\/actualites\/les-harpes-camac-font-leur-festival-a-toulouse\/#breadcrumb","itemListElement":[{"@type":"ListItem","position":1,"name":"Home","item":"https:\/\/www.camac-harps.com\/blog\/fr\/"},{"@type":"ListItem","position":2,"name":"Les Harpes Camac font leur festival\u2026.\u00e0 Toulouse !\u00a0"}]},{"@type":"WebSite","@id":"https:\/\/www.camac-harps.com\/blog\/fr\/#website","url":"https:\/\/www.camac-harps.com\/blog\/fr\/","name":"Camac Harps","description":"","potentialAction":[{"@type":"SearchAction","target":{"@type":"EntryPoint","urlTemplate":"https:\/\/www.camac-harps.com\/blog\/fr\/?s={search_term_string}"},"query-input":{"@type":"PropertyValueSpecification","valueRequired":true,"valueName":"search_term_string"}}],"inLanguage":"fr-FR"},{"@type":"Person","@id":"https:\/\/www.camac-harps.com\/blog\/fr\/#\/schema\/person\/59b9e6843c0338179fb914afaf144d22","name":"Helen Leitner","image":{"@type":"ImageObject","inLanguage":"fr-FR","@id":"https:\/\/www.camac-harps.com\/blog\/fr\/#\/schema\/person\/image\/","url":"https:\/\/secure.gravatar.com\/avatar\/ebbebff931219cff4c2d1e25c3229b2e036693f67bf237fb12f452d7a019a6da?s=96&d=mm&r=g","contentUrl":"https:\/\/secure.gravatar.com\/avatar\/ebbebff931219cff4c2d1e25c3229b2e036693f67bf237fb12f452d7a019a6da?s=96&d=mm&r=g","caption":"Helen Leitner"},"url":"https:\/\/www.camac-harps.com\/blog\/fr\/author\/ltnr\/"}]}},"_links":{"self":[{"href":"https:\/\/www.camac-harps.com\/blog\/fr\/wp-json\/wp\/v2\/posts\/26431","targetHints":{"allow":["GET"]}}],"collection":[{"href":"https:\/\/www.camac-harps.com\/blog\/fr\/wp-json\/wp\/v2\/posts"}],"about":[{"href":"https:\/\/www.camac-harps.com\/blog\/fr\/wp-json\/wp\/v2\/types\/post"}],"author":[{"embeddable":true,"href":"https:\/\/www.camac-harps.com\/blog\/fr\/wp-json\/wp\/v2\/users\/3"}],"replies":[{"embeddable":true,"href":"https:\/\/www.camac-harps.com\/blog\/fr\/wp-json\/wp\/v2\/comments?post=26431"}],"version-history":[{"count":5,"href":"https:\/\/www.camac-harps.com\/blog\/fr\/wp-json\/wp\/v2\/posts\/26431\/revisions"}],"predecessor-version":[{"id":26469,"href":"https:\/\/www.camac-harps.com\/blog\/fr\/wp-json\/wp\/v2\/posts\/26431\/revisions\/26469"}],"wp:featuredmedia":[{"embeddable":true,"href":"https:\/\/www.camac-harps.com\/blog\/fr\/wp-json\/wp\/v2\/media\/26604"}],"wp:attachment":[{"href":"https:\/\/www.camac-harps.com\/blog\/fr\/wp-json\/wp\/v2\/media?parent=26431"}],"wp:term":[{"taxonomy":"category","embeddable":true,"href":"https:\/\/www.camac-harps.com\/blog\/fr\/wp-json\/wp\/v2\/categories?post=26431"},{"taxonomy":"post_tag","embeddable":true,"href":"https:\/\/www.camac-harps.com\/blog\/fr\/wp-json\/wp\/v2\/tags?post=26431"}],"curies":[{"name":"wp","href":"https:\/\/api.w.org\/{rel}","templated":true}]}}