{"id":26591,"date":"2019-05-23T09:14:34","date_gmt":"2019-05-23T09:14:34","guid":{"rendered":"https:\/\/www.camac-harps.com\/blog\/?p=26591"},"modified":"2019-06-09T11:35:28","modified_gmt":"2019-06-09T11:35:28","slug":"stellar-sonata-par-caroline-lizotte-en-premiere-mondiale-a-paris-le-23-juin-2019","status":"publish","type":"post","link":"https:\/\/www.camac-harps.com\/blog\/fr\/actualites\/stellar-sonata-par-caroline-lizotte-en-premiere-mondiale-a-paris-le-23-juin-2019\/","title":{"rendered":"\u201cStellar Sonata\u201d par Caroline Lizotte en premi\u00e8re mondiale \u00e0 Paris le 23 juin 2019"},"content":{"rendered":"<p style=\"text-align: justify;\"><span style=\"font-weight: 400;\">Si le nom du mod\u00e8le \u201c<a href=\"https:\/\/www.camac-harps.com\/fr\/harps-fr\/electric-fr\/the-big-blue-47\/\" target=\"_blank\" rel=\"noopener noreferrer\">Big Blue<\/a>\u201d des Harpes Camac vous est familier, vous connaissez sans nulle doute <a href=\"http:\/\/calyane.com\/\" target=\"_blank\" rel=\"noopener noreferrer\">Caroline Lizotte<\/a>. En 2015, Camac a eu la chance de r\u00e9aliser sp\u00e9cialement pour elle, <\/span><span style=\"font-weight: 400;\"><a href=\"https:\/\/www.camac-harps.com\/blog\/fr\/actualites\/une-harpe-miroir-pour-caroline-lizotte\/\" target=\"_blank\" rel=\"noopener noreferrer\">une harpe \u00e9lectroacoustique Big blue chrom\u00e9e<\/a>, effet miroir. <\/span><\/p>\n<p style=\"text-align: justify;\">Caroline a bien s\u00fbr d\u00e9j\u00e0 explor\u00e9 et int\u00e9gr\u00e9 l\u2019amplification et les traitements num\u00e9riques du son dans son vaste r\u00e9pertoire de compositions pour la harpe, notamment dans les &lsquo;Danses M\u00e9tales&rsquo; opus 47 pour harpe \u00e9lectrique (en cours d\u2019\u00e9criture) ; ou pour &lsquo;Stellae Saltantem&rsquo; opus 49, un duo pour harpe acoustique et harpe \u00e9lectroacoustique ; et aussi pour l\u2019une de ses oeuvres les plus connues, le \u2018Concerto Techno\u2019 opus 40 pour harpe, live techno et orchestre (2003). Mais depuis qu\u2019elle poss\u00e8de sa Big Blue chrome, elle est encore plus d\u00e9sireuse de d\u00e9velopper le r\u00e9pertoire pour cet instrument!<\/p>\n<p style=\"text-align: justify;\"><span style=\"font-weight: 400;\">En partenariat avec le <\/span><a href=\"https:\/\/www.calq.gouv.qc.ca\/en\/\"><span style=\"font-weight: 400;\">Conseil des arts et des lettres du Qu\u00e9bec<\/span><\/a><span style=\"font-weight: 400;\">, Caroline jouera en premi\u00e8re mondiale sa derni\u00e8re cr\u00e9ation, \u201c<\/span><i><span style=\"font-weight: 400;\">Stellar<\/span><\/i> <i><span style=\"font-weight: 400;\">Sonata\u201d opus 51 pour harpe \u00e9lectroacoustique<\/span><\/i><span style=\"font-weight: 400;\">, <a href=\"https:\/\/www.camac-harps.com\/fr\/agenda\/?sd=2019-06-23\" target=\"_blank\" rel=\"noopener noreferrer\">\u00e0 l\u2019Espace Camac Paris, le dimanche 23 juin \u00e0 18 heures<\/a>. <\/span><\/p>\n<p style=\"text-align: justify;\"><a href=\"https:\/\/www.camac-harps.com\/blog\/wp-content\/uploads\/sites\/27\/2019\/05\/webbanner.jpg\"><img loading=\"lazy\" decoding=\"async\" class=\"size-large wp-image-26598 aligncenter\" src=\"https:\/\/www.camac-harps.com\/blog\/wp-content\/uploads\/sites\/27\/2019\/05\/webbanner-1024x320.jpg\" alt=\"Caroline Lizotte \u00e0 l'Espace Camac\" width=\"1024\" height=\"320\" srcset=\"https:\/\/www.camac-harps.com\/blog\/wp-content\/uploads\/sites\/27\/2019\/05\/webbanner-1024x320.jpg 1024w, https:\/\/www.camac-harps.com\/blog\/wp-content\/uploads\/sites\/27\/2019\/05\/webbanner-300x94.jpg 300w, https:\/\/www.camac-harps.com\/blog\/wp-content\/uploads\/sites\/27\/2019\/05\/webbanner-768x240.jpg 768w, https:\/\/www.camac-harps.com\/blog\/wp-content\/uploads\/sites\/27\/2019\/05\/webbanner-2000x625.jpg 2000w, https:\/\/www.camac-harps.com\/blog\/wp-content\/uploads\/sites\/27\/2019\/05\/webbanner-1000x313.jpg 1000w, https:\/\/www.camac-harps.com\/blog\/wp-content\/uploads\/sites\/27\/2019\/05\/webbanner-500x156.jpg 500w, https:\/\/www.camac-harps.com\/blog\/wp-content\/uploads\/sites\/27\/2019\/05\/webbanner-800x250.jpg 800w, https:\/\/www.camac-harps.com\/blog\/wp-content\/uploads\/sites\/27\/2019\/05\/webbanner-55x17.jpg 55w, https:\/\/www.camac-harps.com\/blog\/wp-content\/uploads\/sites\/27\/2019\/05\/webbanner-250x78.jpg 250w\" sizes=\"auto, (max-width: 1024px) 100vw, 1024px\" \/><\/a><\/p>\n<p style=\"text-align: justify;\"><span style=\"font-weight: 400;\">Un symbole fort puisque l\u2019histoire de cette oeuvre et celle de Caroline sont intrins\u00e8quement li\u00e9es \u00e0 Camac. R\u00e9cit \u00e0 travers des extraits d\u2019interviews choisis :<\/span><\/p>\n<div id=\"attachment_23457\" class=\"wp-caption alignleft\" style=\"width: 225px\"><a href=\"https:\/\/www.camac-harps.com\/blog\/wp-content\/uploads\/sites\/27\/2015\/04\/6a00d8341d450753ef01b8d098384a970c-500wi.jpg\"><img loading=\"lazy\" decoding=\"async\" class=\"size-medium wp-image-23457\" src=\"https:\/\/www.camac-harps.com\/blog\/wp-content\/uploads\/sites\/27\/2015\/04\/6a00d8341d450753ef01b8d098384a970c-500wi-225x300.jpg\" alt=\"\" width=\"225\" height=\"300\" srcset=\"https:\/\/www.camac-harps.com\/blog\/wp-content\/uploads\/sites\/27\/2015\/04\/6a00d8341d450753ef01b8d098384a970c-500wi-225x300.jpg 225w, https:\/\/www.camac-harps.com\/blog\/wp-content\/uploads\/sites\/27\/2015\/04\/6a00d8341d450753ef01b8d098384a970c-500wi-300x400.jpg 300w, https:\/\/www.camac-harps.com\/blog\/wp-content\/uploads\/sites\/27\/2015\/04\/6a00d8341d450753ef01b8d098384a970c-500wi-55x73.jpg 55w, https:\/\/www.camac-harps.com\/blog\/wp-content\/uploads\/sites\/27\/2015\/04\/6a00d8341d450753ef01b8d098384a970c-500wi-250x334.jpg 250w, https:\/\/www.camac-harps.com\/blog\/wp-content\/uploads\/sites\/27\/2015\/04\/6a00d8341d450753ef01b8d098384a970c-500wi.jpg 500w\" sizes=\"auto, (max-width: 225px) 100vw, 225px\" \/><\/a><p class=\"wp-caption-text\">La \u00ab Harpe Miroir \u00bb \u00e0 la Maison Symphonique de Montr\u00e9al<\/p><\/div>\n<p style=\"text-align: justify;\">\u201cLe jour o\u00f9 j\u2019ai eu une harpe \u00e9lectroacoustique Camac entre les mains, un r\u00eave s\u2019est r\u00e9alis\u00e9 : je consid\u00e8re que les harpes \u00e9lectroacoustiques Camac sont les meilleures sur le march\u00e9. Leurs instruments offrent un large \u00e9ventail de possibilit\u00e9s techniques et sonores, une m\u00e9canique solide, pr\u00e9cise et silencieuse, une intonation et un timbre parfait \u2026<\/p>\n<p style=\"text-align: justify;\"><span style=\"font-weight: 400;\">Mais je souhaitais une harpe bien particuli\u00e8re, avec une finition effet miroir unique et Camac a d\u00fb r\u00e9aliser plusieurs tests pour atteindre le bon r\u00e9sultat. D\u2019autres fabricants de harpes auraient refus\u00e9 ou abandonn\u00e9! Mais Camac a fait un travail titanesque\u201d, admet Caroline, \u201cAlors d\u00e8s que j\u2019ai eu l\u2019instrument en main, j\u2019ai promis \u00e0 Jakez Fran\u00e7ois d\u2019\u00e9crire une sonate pour cet instrument d\u2019exception\u201d. <\/span><\/p>\n<p style=\"text-align: justify;\">Une autre r\u00e9alit\u00e9 marque aussi l\u2019origine de cette nouvelle sonate comme le raconte Caroline :<\/p>\n<p style=\"text-align: justify;\">\u201cEn 2013, l\u2019<a href=\"http:\/\/www.atlanticharpduo.com\/\">Atlantic Harp Duo<\/a> m\u2019a command\u00e9 une oeuvre. Marta Power et Elizabeth Jaxon avaient une id\u00e9e merveilleuse bas\u00e9e sur la mythologie grecque, sur l\u2019histoire et la vie d\u2019Ariane, les relations entre les dieux et les mortels. Elles m\u2019ont demand\u00e9 d\u2019illustrer musicalement la derni\u00e8re partie de leur projet <a href=\"http:\/\/www.atlanticharpduo.com\/programs\/ariadne-rediviva\/\">Ariane Racont\u00e9e<\/a> (<i>Ariadne Rediviva<\/i> en version originale), lorsque la vie d\u2019Ariane en tant que mortelle prend fin.<\/p>\n<p style=\"text-align: justify;\">Son \u00e9poux Bacchus (un dieu immortel), voulant c\u00e9l\u00e9brer leur amour, lance dans le firmament la couronne nuptiale d\u2019Ariane qui se transforme en constellation (Corona Borealis &#8211; La couronne bor\u00e9ale), immortalisant Ariane dans les cieux. Ce r\u00e9cit m\u2019avait inspir\u00e9 pour le titre de la pi\u00e8ce en latin, \u201c<i>Stellae Saltantem<\/i>\u201d, qui signifie en fran\u00e7ais \u201cles \u00e9toiles dansantes\u201d.<\/p>\n<p style=\"text-align: justify;\"><span style=\"font-weight: 400;\">Pour \u00e9crire cette pi\u00e8ce, j\u2019avais d\u00e9cid\u00e9 qu\u2019une des harpes repr\u00e9senterait les dieux (\u00e9lectroacoustique) tandis que l\u2019autre repr\u00e9senterait les mortels (acoustique) pour pouvoir faire ressortir l\u2019\u00e9motion tr\u00e8s vive pr\u00e9sente dans <\/span><i><span style=\"font-weight: 400;\">Stellae Saltantem<\/span><\/i><span style=\"font-weight: 400;\">. Je pense que cette \u00e9nergie \u00e9motive \u00e9tait fortement reli\u00e9e au fait que ma propre m\u00e8re \u00e9tait dans les derniers jours de sa vie au moment de la composition de <\/span><i><span style=\"font-weight: 400;\">Stellae Saltantem<\/span><\/i><span style=\"font-weight: 400;\">, et que je d\u00e9sirais moi aussi, lancer une couronne dans le firmament en l\u2019honneur de ma m\u00e8re! D\u00e8s l\u2019\u00e9criture des premi\u00e8res mesures, j\u2019\u00e9tais d\u00e9j\u00e0 en train de d\u00e9velopper les id\u00e9es et les th\u00e8mes d\u2019une grande sonate &#8230; alors j\u2019ai d\u00fb m\u2019arr\u00eater et prioriser le projet pour l\u2019<\/span><span style=\"font-weight: 400;\">Atlantic Harp Duo<\/span><span style=\"font-weight: 400;\">. Suite \u00e0 la premi\u00e8re de <\/span><i><span style=\"font-weight: 400;\">Stellae Saltantem<\/span><\/i><span style=\"font-weight: 400;\">, j\u2019ai demand\u00e9 \u00e0 Marta et Elizabeth la permission d\u2019\u00e9crire une sonate, comportant l\u2019apparition et le d\u00e9veloppement de quelques-uns des th\u00e8mes et personnages pr\u00e9sents dans <\/span><i><span style=\"font-weight: 400;\">Stellae Saltantem, <\/span><\/i><span style=\"font-weight: 400;\">c\u2019est pourquoi ma nouvelle sonate s\u2019appelle <\/span><i><span style=\"font-weight: 400;\">Stellar Sonata<\/span><\/i><span style=\"font-weight: 400;\">.<\/span><\/p>\n<div id=\"attachment_26601\" class=\"wp-caption alignright\" style=\"width: 300px\"><a href=\"https:\/\/www.camac-harps.com\/blog\/wp-content\/uploads\/sites\/27\/2019\/05\/titianbacchusariadne.jpg\"><img loading=\"lazy\" decoding=\"async\" class=\"size-medium wp-image-26601\" src=\"https:\/\/www.camac-harps.com\/blog\/wp-content\/uploads\/sites\/27\/2019\/05\/titianbacchusariadne-300x271.jpg\" alt=\"Titien : Bacchus et Ariane\" width=\"300\" height=\"271\" srcset=\"https:\/\/www.camac-harps.com\/blog\/wp-content\/uploads\/sites\/27\/2019\/05\/titianbacchusariadne-300x271.jpg 300w, https:\/\/www.camac-harps.com\/blog\/wp-content\/uploads\/sites\/27\/2019\/05\/titianbacchusariadne-768x695.jpg 768w, https:\/\/www.camac-harps.com\/blog\/wp-content\/uploads\/sites\/27\/2019\/05\/titianbacchusariadne-1024x927.jpg 1024w, https:\/\/www.camac-harps.com\/blog\/wp-content\/uploads\/sites\/27\/2019\/05\/titianbacchusariadne-1000x905.jpg 1000w, https:\/\/www.camac-harps.com\/blog\/wp-content\/uploads\/sites\/27\/2019\/05\/titianbacchusariadne-800x724.jpg 800w, https:\/\/www.camac-harps.com\/blog\/wp-content\/uploads\/sites\/27\/2019\/05\/titianbacchusariadne-55x50.jpg 55w, https:\/\/www.camac-harps.com\/blog\/wp-content\/uploads\/sites\/27\/2019\/05\/titianbacchusariadne-250x226.jpg 250w\" sizes=\"auto, (max-width: 300px) 100vw, 300px\" \/><\/a><p class=\"wp-caption-text\">Titien : <a href=\"https:\/\/fr.wikipedia.org\/wiki\/Bacchus_et_Ariane\" target=\"_blank\" rel=\"noopener noreferrer\">Bacchus et Ariane<\/a><\/p><\/div>\n<p style=\"text-align: justify;\">J\u2019avoue \u00eatre souvent inspir\u00e9e par cette dualit\u00e9 humain, divin, terrestre, c\u00e9leste. Peut-\u00eatre est-ce li\u00e9 \u00e0 l\u2019histoire de l\u2019instrument pour lequel je compose, la harpe, tr\u00e8s li\u00e9e \u00e0 la mythologie. Ma nouvelle sonate explore pr\u00e9cis\u00e9ment ce lien.\u00a0<\/p>\n<p style=\"text-align: justify;\"><span style=\"font-weight: 400;\">Comme par exemple dans le premier mouvement, le Minotaure r\u00e9appara\u00eet, demi-fr\u00e8re d\u2019Ariane, mi-homme mi-taureau &#8230; autre dualit\u00e9 que porte ce personnage. La puissance qui \u00e9mane de ce mouvement est \u00e9vidente et permet de d\u00e9crire le combat psychologique du Minotaure.<\/span><\/p>\n<p style=\"text-align: justify;\"><span style=\"font-weight: 400;\">Pour le second mouvement, j\u2019ai choisi la forme d\u2019un ricercar, ce qui m\u2019a permis d\u2019exposer le sujet d\u00e9crivant la peine d\u2019Ariane lorsqu\u2019elle est abandonn\u00e9e par Th\u00e9s\u00e9e sur l\u2019\u00eele de Naxos, puis d\u00e9velopper des r\u00e9ponses et des imitations dans le ricercar. Dans le troisi\u00e8me mouvement au contraire, je raconte la joie d\u2019Ariane lorsqu\u2019elle se marie avec Bacchus et sa b\u00e9atitude lorsqu\u2019elle passe \u00e0 l\u2019immortalit\u00e9 sous les traits d\u2019une constellation c\u00e9leste. <\/span><\/p>\n<p style=\"text-align: justify;\"><span style=\"font-weight: 400;\">Il me semblait que toutes ces id\u00e9es m\u00e9ritaient d\u2019\u00eatre abord\u00e9es sous une forme nouvelle, or je n\u2019avais encore jamais \u00e9crit de sonate pour harpe. J\u2019avais uniquement compos\u00e9 une sonate pour piano intitul\u00e9e \u2018<\/span><i><span style=\"font-weight: 400;\">Rock Sonata&rsquo; opus 35<\/span><\/i><span style=\"font-weight: 400;\">, lorsque j\u2019avais 17 ou 18 ans. Jusqu\u2019ici j\u2019ai donn\u00e9 \u00e0 mes oeuvres pour harpe d\u2019autres formes : une suite po\u00e9tique pour la &lsquo;<\/span><i><span style=\"font-weight: 400;\">Suite Galactique&rsquo; op. 39<\/span><\/i><span style=\"font-weight: 400;\">, une \u00e9tude ou pi\u00e8ce de concert pour <\/span><i><span style=\"font-weight: 400;\">&lsquo;Odyss\u00e9e&rsquo; op. 37<\/span><\/i><span style=\"font-weight: 400;\">, ou bien une forme chanson-berceuse pour \u2018<\/span><i><span style=\"font-weight: 400;\">La Madone\u2019<\/span><\/i><span style=\"font-weight: 400;\">. Avec \u2018<\/span><i><span style=\"font-weight: 400;\">Stellar Sonata\u2019, <\/span><\/i><span style=\"font-weight: 400;\">j\u2019aborde le mod\u00e8le sonate. Une chose m\u2019a frapp\u00e9e sur sa forme. Lorsque je composais, j\u2019ai compris \u00e0 quel point sa structure impliquait n\u00e9cessairement une certaine pr\u00e9cision, r\u00e9pondait \u00e0 des principes de phras\u00e9s particuliers, des tonalit\u00e9s, un d\u00e9veloppement, des r\u00e9capitulations et une clart\u00e9 qui lui sont propres. <\/span><\/p>\n<p style=\"text-align: justify;\"><span style=\"font-weight: 400;\">J\u2019ai tout de m\u00eame tenu \u00e0 tisser des liens avec ma sonate pour piano, par exemple sa structure en trois mouvements, certains th\u00e8mes qui circulent dans l\u2019oeuvre et m\u00eame dans le titre principal. <\/span><\/p>\n<p style=\"text-align: justify;\"><span style=\"font-weight: 400;\">J&rsquo;ai particuli\u00e8rement voulu \u00e9crire cette sonate pour harpe \u00e9lectroacoustique, car cet instrument me permet de d\u00e9velopper ce qu&rsquo;il serait autrement impossible de faire avec une harpe acoustique classique. <\/span><span style=\"font-weight: 400;\">J\u2019adore par exemple le pouvoir du son amplifi\u00e9 de l\u2019\u00e9lectroacoustique, la dur\u00e9e de ses notes basses, et la flexibilit\u00e9 avec laquelle on peut traiter le son. Dans le second mouvement de \u2018<\/span><i><span style=\"font-weight: 400;\">Stellar Sonata\u2019<\/span><\/i><span style=\"font-weight: 400;\">, j\u2019utilise par exemple l\u2019effet de distorsion pour d\u00e9crire la rage d\u2019Ariane lorsqu\u2019elle est abandonn\u00e9e, et dans le troisi\u00e8me mouvement je me sers de diff\u00e9rents types <\/span><i><span style=\"font-weight: 400;\">d\u2019effet delay<\/span><\/i><span style=\"font-weight: 400;\">. Je cr\u00e9e ainsi une impression d\u2019espace, d\u2019image c\u00e9leste. <\/span><\/p>\n<p style=\"text-align: justify;\"><span style=\"font-weight: 400;\">Si j\u2019ai \u00e9crit cette sonate, c\u2019est aussi pour c\u00e9l\u00e9brer la mont\u00e9e en popularit\u00e9 de la harpe \u00e9lectroacoustique depuis quelques d\u00e9cennies. <\/span>On associe la forme sonate \u00e0 la musique s\u00e9rieuse et j\u2019ai pens\u00e9 qu\u2019il serait tr\u00e8s int\u00e9ressant de cr\u00e9er une sonate pour harpe \u00e9lectroacoustique, qui, je le souhaite, deviendra un \u201cinstrument officiel\u201d et aura son propre r\u00e9pertoire grav\u00e9 dans les si\u00e8cles futurs.<\/p>\n<p style=\"text-align: justify;\"><span style=\"font-weight: 400;\">Si un jour le monde de la harpe organise un concours pour harpe \u00e9lectrique ou \u00e9lectroacoustique, j\u2019esp\u00e8re que Stellar Sonata sera programm\u00e9e. Je l\u2019ai cr\u00e9\u00e9e en imaginant un premier mouvement pouvant \u00e9galement \u00eatre jou\u00e9 sur une harpe acoustique (avec \u00e9videmment une amplification pour lui donner plus de <\/span>puissance). En effet, dans ce mouvement il n\u2019y a pas d\u2019interactions et de manipulations avec des appareils \u00e9lectroniques externes &#8211; comme on retrouve aux deuxi\u00e8me et troisi\u00e8me mouvements. Dans ceux-ci, les effets ont une importance \u00e9norme puisqu\u2019ils servent la musique, le texte, les images, les th\u00e8mes et l\u2019interpr\u00e9tation plut\u00f4t que l\u2019inverse. Et puis il y a toujours cet agr\u00e9able d\u00e9fi, \u00e0 savoir d\u2019articuler tous ces effets \u00e9lectroniques en temps r\u00e9el, tout en ma\u00eetrisant les notes!<\/p>\n<p style=\"text-align: justify;\"><span style=\"font-weight: 400;\"><a href=\"https:\/\/www.camac-harps.com\/blog\/wp-content\/uploads\/sites\/27\/2016\/06\/piezo-blue.jpg\"><img loading=\"lazy\" decoding=\"async\" class=\"alignleft size-medium wp-image-24192\" src=\"https:\/\/www.camac-harps.com\/blog\/wp-content\/uploads\/sites\/27\/2016\/06\/piezo-blue-300x300.jpg\" alt=\"\" width=\"300\" height=\"300\" srcset=\"https:\/\/www.camac-harps.com\/blog\/wp-content\/uploads\/sites\/27\/2016\/06\/piezo-blue-300x300.jpg 300w, https:\/\/www.camac-harps.com\/blog\/wp-content\/uploads\/sites\/27\/2016\/06\/piezo-blue-150x150.jpg 150w, https:\/\/www.camac-harps.com\/blog\/wp-content\/uploads\/sites\/27\/2016\/06\/piezo-blue-55x55.jpg 55w, https:\/\/www.camac-harps.com\/blog\/wp-content\/uploads\/sites\/27\/2016\/06\/piezo-blue-250x250.jpg 250w, https:\/\/www.camac-harps.com\/blog\/wp-content\/uploads\/sites\/27\/2016\/06\/piezo-blue.jpg 400w\" sizes=\"auto, (max-width: 300px) 100vw, 300px\" \/><\/a>Il est imp\u00e9ratif de r\u00e9\u00e9valuer en permanence le traitement sonore de cette sonate, vu la rapidit\u00e9 \u00e0 laquelle les logiciels et les appareils \u00e9lectroniques changent, alors que sa structure, elle, restera bien fix\u00e9e. Je vais par exemple utiliser Ableton Live et des p\u00e9dales d\u2019effets pour jouer <\/span><i><span style=\"font-weight: 400;\">Stellar Sonata <\/span><\/i><span style=\"font-weight: 400;\">lors de mes prochains concerts, mais qui sait ce que les harpistes utiliseront dans vingt ans? \u00a0Il suffit de penser \u00e0 mon <\/span><i><span style=\"font-weight: 400;\">Concerto Techno<\/span><\/i><span style=\"font-weight: 400;\">. Lors de sa cr\u00e9ation en 2003, le \u201ctechno live act\u201d \u00e9tait jou\u00e9 sur un s\u00e9quenceur allemand Schaltwerk, alors qu\u2019aujourd\u2019hui on utilise principalement Ableton Live \u2026<\/span><\/p>\n<p style=\"text-align: justify;\"><span style=\"font-weight: 400;\">Cette question de la tension entre ce qui est \u00e9ph\u00e9m\u00e8re et ce qui durera, tout f\u00e9ru de technologie et de musique se l\u2019est d\u00e9j\u00e0 pos\u00e9e. C\u2019est l\u00e0 que le patrimoine musical intervient pour esquisser une r\u00e9ponse. \u00c0 travers des si\u00e8cles de savoir-faire, l\u2019art musical est parvenu \u00e0 perfectionner certaines structures, \u00e0 donner \u00e0 chaque genre son lot de chef-d\u2019oeuvres, qu\u2019il s\u2019agisse du classique, du hard rock, du rock and roll ou autres genres.<\/span><\/p>\n<p style=\"text-align: justify;\"><span style=\"font-weight: 400;\">Dans un monde o\u00f9 le num\u00e9rique rend toute chose plus facilement accessible &#8211; qu\u2019il s\u2019agisse des communications ou de la d\u00e9couverte artistique &#8211; peut-\u00eatre est-il temps d\u2019apprendre \u00e0 aff\u00fbter notre sens s\u00e9lectif. Il est vital que l\u2019expertise et la perfection n\u00e9es des oeuvres pass\u00e9es ne se perdent pas dans l\u2019\u00e9merveillement suscit\u00e9 par les nouvelles technologies. <\/span><\/p>\n<p style=\"text-align: justify;\"><span style=\"font-weight: 400;\">Alors je souhaite pour <\/span><i><span style=\"font-weight: 400;\">Stellar Sonata, <\/span><\/i><span style=\"font-weight: 400;\">que la magie d\u2019Ariane et celle de son fil l\u00e9gendaire puissent toujours l\u2019aider \u00e0 sortir glorieuse du Labyrinthe!\u00a0\u00bb<\/span><\/p>\n","protected":false},"excerpt":{"rendered":"<p>En partenariat avec le Conseil des arts et des lettres du Qu\u00e9bec, Caroline Lizotte jouera en premi\u00e8re mondiale sa nouvelle sonate pour harpe \u00e9lectroacoustique le dimanche 23 juin \u00e0 18h \u00e0 l&rsquo;Espace Camac Paris.<\/p>\n","protected":false},"author":3,"featured_media":26737,"comment_status":"open","ping_status":"open","sticky":false,"template":"","format":"standard","meta":{"_acf_changed":false,"footnotes":""},"categories":[781,533],"tags":[],"class_list":["post-26591","post","type-post","status-publish","format-standard","has-post-thumbnail","hentry","category-alaune","category-actualites"],"acf":[],"yoast_head":"<title>\u201cStellar Sonata\u201d par Caroline Lizotte en premi\u00e8re mondiale \u00e0 Paris le 23 juin 2019 - Camac Harps<\/title>\n<meta name=\"robots\" content=\"index, follow, max-snippet:-1, max-image-preview:large, max-video-preview:-1\" \/>\n<link rel=\"canonical\" href=\"https:\/\/www.camac-harps.com\/blog\/fr\/actualites\/stellar-sonata-par-caroline-lizotte-en-premiere-mondiale-a-paris-le-23-juin-2019\/\" \/>\n<meta property=\"og:locale\" content=\"fr_FR\" \/>\n<meta property=\"og:type\" content=\"article\" \/>\n<meta property=\"og:title\" content=\"\u201cStellar Sonata\u201d par Caroline Lizotte en premi\u00e8re mondiale \u00e0 Paris le 23 juin 2019 - Camac Harps\" \/>\n<meta property=\"og:description\" content=\"En partenariat avec le Conseil des arts et des lettres du Qu\u00e9bec, Caroline Lizotte jouera en premi\u00e8re mondiale sa nouvelle sonate pour harpe \u00e9lectroacoustique le dimanche 23 juin \u00e0 18h \u00e0 l&#039;Espace Camac Paris.\" \/>\n<meta property=\"og:url\" content=\"https:\/\/www.camac-harps.com\/blog\/fr\/actualites\/stellar-sonata-par-caroline-lizotte-en-premiere-mondiale-a-paris-le-23-juin-2019\/\" \/>\n<meta property=\"og:site_name\" content=\"Camac Harps\" \/>\n<meta property=\"article:published_time\" content=\"2019-05-23T09:14:34+00:00\" \/>\n<meta property=\"article:modified_time\" content=\"2019-06-09T11:35:28+00:00\" \/>\n<meta property=\"og:image\" content=\"https:\/\/www.camac-harps.com\/blog\/wp-content\/uploads\/sites\/27\/2019\/05\/agendabanner-1.jpg\" \/>\n\t<meta property=\"og:image:width\" content=\"926\" \/>\n\t<meta property=\"og:image:height\" content=\"630\" \/>\n\t<meta property=\"og:image:type\" content=\"image\/jpeg\" \/>\n<meta name=\"author\" content=\"Helen Leitner\" \/>\n<meta name=\"twitter:card\" content=\"summary_large_image\" \/>\n<meta name=\"twitter:label1\" content=\"\u00c9crit par\" \/>\n\t<meta name=\"twitter:data1\" content=\"Helen Leitner\" \/>\n\t<meta name=\"twitter:label2\" content=\"Dur\u00e9e de lecture estim\u00e9e\" \/>\n\t<meta name=\"twitter:data2\" content=\"8 minutes\" \/>\n<script type=\"application\/ld+json\" class=\"yoast-schema-graph\">{\"@context\":\"https:\/\/schema.org\",\"@graph\":[{\"@type\":\"Article\",\"@id\":\"https:\/\/www.camac-harps.com\/blog\/fr\/actualites\/stellar-sonata-par-caroline-lizotte-en-premiere-mondiale-a-paris-le-23-juin-2019\/#article\",\"isPartOf\":{\"@id\":\"https:\/\/www.camac-harps.com\/blog\/fr\/actualites\/stellar-sonata-par-caroline-lizotte-en-premiere-mondiale-a-paris-le-23-juin-2019\/\"},\"author\":{\"name\":\"Helen Leitner\",\"@id\":\"https:\/\/www.camac-harps.com\/blog\/fr\/#\/schema\/person\/59b9e6843c0338179fb914afaf144d22\"},\"headline\":\"\u201cStellar Sonata\u201d par Caroline Lizotte en premi\u00e8re mondiale \u00e0 Paris le 23 juin 2019\",\"datePublished\":\"2019-05-23T09:14:34+00:00\",\"dateModified\":\"2019-06-09T11:35:28+00:00\",\"mainEntityOfPage\":{\"@id\":\"https:\/\/www.camac-harps.com\/blog\/fr\/actualites\/stellar-sonata-par-caroline-lizotte-en-premiere-mondiale-a-paris-le-23-juin-2019\/\"},\"wordCount\":1688,\"commentCount\":1,\"image\":{\"@id\":\"https:\/\/www.camac-harps.com\/blog\/fr\/actualites\/stellar-sonata-par-caroline-lizotte-en-premiere-mondiale-a-paris-le-23-juin-2019\/#primaryimage\"},\"thumbnailUrl\":\"https:\/\/www.camac-harps.com\/blog\/wp-content\/uploads\/sites\/27\/2019\/05\/agendabanner-1.jpg\",\"articleSection\":[\"\u00c0 la une\",\"Actualit\u00e9s\"],\"inLanguage\":\"fr-FR\",\"potentialAction\":[{\"@type\":\"CommentAction\",\"name\":\"Comment\",\"target\":[\"https:\/\/www.camac-harps.com\/blog\/fr\/actualites\/stellar-sonata-par-caroline-lizotte-en-premiere-mondiale-a-paris-le-23-juin-2019\/#respond\"]}]},{\"@type\":\"WebPage\",\"@id\":\"https:\/\/www.camac-harps.com\/blog\/fr\/actualites\/stellar-sonata-par-caroline-lizotte-en-premiere-mondiale-a-paris-le-23-juin-2019\/\",\"url\":\"https:\/\/www.camac-harps.com\/blog\/fr\/actualites\/stellar-sonata-par-caroline-lizotte-en-premiere-mondiale-a-paris-le-23-juin-2019\/\",\"name\":\"\u201cStellar Sonata\u201d par Caroline Lizotte en premi\u00e8re mondiale \u00e0 Paris le 23 juin 2019 - Camac Harps\",\"isPartOf\":{\"@id\":\"https:\/\/www.camac-harps.com\/blog\/fr\/#website\"},\"primaryImageOfPage\":{\"@id\":\"https:\/\/www.camac-harps.com\/blog\/fr\/actualites\/stellar-sonata-par-caroline-lizotte-en-premiere-mondiale-a-paris-le-23-juin-2019\/#primaryimage\"},\"image\":{\"@id\":\"https:\/\/www.camac-harps.com\/blog\/fr\/actualites\/stellar-sonata-par-caroline-lizotte-en-premiere-mondiale-a-paris-le-23-juin-2019\/#primaryimage\"},\"thumbnailUrl\":\"https:\/\/www.camac-harps.com\/blog\/wp-content\/uploads\/sites\/27\/2019\/05\/agendabanner-1.jpg\",\"datePublished\":\"2019-05-23T09:14:34+00:00\",\"dateModified\":\"2019-06-09T11:35:28+00:00\",\"author\":{\"@id\":\"https:\/\/www.camac-harps.com\/blog\/fr\/#\/schema\/person\/59b9e6843c0338179fb914afaf144d22\"},\"breadcrumb\":{\"@id\":\"https:\/\/www.camac-harps.com\/blog\/fr\/actualites\/stellar-sonata-par-caroline-lizotte-en-premiere-mondiale-a-paris-le-23-juin-2019\/#breadcrumb\"},\"inLanguage\":\"fr-FR\",\"potentialAction\":[{\"@type\":\"ReadAction\",\"target\":[\"https:\/\/www.camac-harps.com\/blog\/fr\/actualites\/stellar-sonata-par-caroline-lizotte-en-premiere-mondiale-a-paris-le-23-juin-2019\/\"]}]},{\"@type\":\"ImageObject\",\"inLanguage\":\"fr-FR\",\"@id\":\"https:\/\/www.camac-harps.com\/blog\/fr\/actualites\/stellar-sonata-par-caroline-lizotte-en-premiere-mondiale-a-paris-le-23-juin-2019\/#primaryimage\",\"url\":\"https:\/\/www.camac-harps.com\/blog\/wp-content\/uploads\/sites\/27\/2019\/05\/agendabanner-1.jpg\",\"contentUrl\":\"https:\/\/www.camac-harps.com\/blog\/wp-content\/uploads\/sites\/27\/2019\/05\/agendabanner-1.jpg\",\"width\":926,\"height\":630,\"caption\":\"Caroline Lizotte \u00e0 L'Espace Camac\"},{\"@type\":\"BreadcrumbList\",\"@id\":\"https:\/\/www.camac-harps.com\/blog\/fr\/actualites\/stellar-sonata-par-caroline-lizotte-en-premiere-mondiale-a-paris-le-23-juin-2019\/#breadcrumb\",\"itemListElement\":[{\"@type\":\"ListItem\",\"position\":1,\"name\":\"Home\",\"item\":\"https:\/\/www.camac-harps.com\/blog\/fr\/\"},{\"@type\":\"ListItem\",\"position\":2,\"name\":\"\u201cStellar Sonata\u201d par Caroline Lizotte en premi\u00e8re mondiale \u00e0 Paris le 23 juin 2019\"}]},{\"@type\":\"WebSite\",\"@id\":\"https:\/\/www.camac-harps.com\/blog\/fr\/#website\",\"url\":\"https:\/\/www.camac-harps.com\/blog\/fr\/\",\"name\":\"Camac Harps\",\"description\":\"\",\"potentialAction\":[{\"@type\":\"SearchAction\",\"target\":{\"@type\":\"EntryPoint\",\"urlTemplate\":\"https:\/\/www.camac-harps.com\/blog\/fr\/?s={search_term_string}\"},\"query-input\":{\"@type\":\"PropertyValueSpecification\",\"valueRequired\":true,\"valueName\":\"search_term_string\"}}],\"inLanguage\":\"fr-FR\"},{\"@type\":\"Person\",\"@id\":\"https:\/\/www.camac-harps.com\/blog\/fr\/#\/schema\/person\/59b9e6843c0338179fb914afaf144d22\",\"name\":\"Helen Leitner\",\"image\":{\"@type\":\"ImageObject\",\"inLanguage\":\"fr-FR\",\"@id\":\"https:\/\/www.camac-harps.com\/blog\/fr\/#\/schema\/person\/image\/\",\"url\":\"https:\/\/secure.gravatar.com\/avatar\/ebbebff931219cff4c2d1e25c3229b2e036693f67bf237fb12f452d7a019a6da?s=96&d=mm&r=g\",\"contentUrl\":\"https:\/\/secure.gravatar.com\/avatar\/ebbebff931219cff4c2d1e25c3229b2e036693f67bf237fb12f452d7a019a6da?s=96&d=mm&r=g\",\"caption\":\"Helen Leitner\"},\"url\":\"https:\/\/www.camac-harps.com\/blog\/fr\/author\/ltnr\/\"}]}<\/script>","yoast_head_json":{"title":"\u201cStellar Sonata\u201d par Caroline Lizotte en premi\u00e8re mondiale \u00e0 Paris le 23 juin 2019 - Camac Harps","robots":{"index":"index","follow":"follow","max-snippet":"max-snippet:-1","max-image-preview":"max-image-preview:large","max-video-preview":"max-video-preview:-1"},"canonical":"https:\/\/www.camac-harps.com\/blog\/fr\/actualites\/stellar-sonata-par-caroline-lizotte-en-premiere-mondiale-a-paris-le-23-juin-2019\/","og_locale":"fr_FR","og_type":"article","og_title":"\u201cStellar Sonata\u201d par Caroline Lizotte en premi\u00e8re mondiale \u00e0 Paris le 23 juin 2019 - Camac Harps","og_description":"En partenariat avec le Conseil des arts et des lettres du Qu\u00e9bec, Caroline Lizotte jouera en premi\u00e8re mondiale sa nouvelle sonate pour harpe \u00e9lectroacoustique le dimanche 23 juin \u00e0 18h \u00e0 l'Espace Camac Paris.","og_url":"https:\/\/www.camac-harps.com\/blog\/fr\/actualites\/stellar-sonata-par-caroline-lizotte-en-premiere-mondiale-a-paris-le-23-juin-2019\/","og_site_name":"Camac Harps","article_published_time":"2019-05-23T09:14:34+00:00","article_modified_time":"2019-06-09T11:35:28+00:00","og_image":[{"width":926,"height":630,"url":"https:\/\/www.camac-harps.com\/blog\/wp-content\/uploads\/sites\/27\/2019\/05\/agendabanner-1.jpg","type":"image\/jpeg"}],"author":"Helen Leitner","twitter_card":"summary_large_image","twitter_misc":{"\u00c9crit par":"Helen Leitner","Dur\u00e9e de lecture estim\u00e9e":"8 minutes"},"schema":{"@context":"https:\/\/schema.org","@graph":[{"@type":"Article","@id":"https:\/\/www.camac-harps.com\/blog\/fr\/actualites\/stellar-sonata-par-caroline-lizotte-en-premiere-mondiale-a-paris-le-23-juin-2019\/#article","isPartOf":{"@id":"https:\/\/www.camac-harps.com\/blog\/fr\/actualites\/stellar-sonata-par-caroline-lizotte-en-premiere-mondiale-a-paris-le-23-juin-2019\/"},"author":{"name":"Helen Leitner","@id":"https:\/\/www.camac-harps.com\/blog\/fr\/#\/schema\/person\/59b9e6843c0338179fb914afaf144d22"},"headline":"\u201cStellar Sonata\u201d par Caroline Lizotte en premi\u00e8re mondiale \u00e0 Paris le 23 juin 2019","datePublished":"2019-05-23T09:14:34+00:00","dateModified":"2019-06-09T11:35:28+00:00","mainEntityOfPage":{"@id":"https:\/\/www.camac-harps.com\/blog\/fr\/actualites\/stellar-sonata-par-caroline-lizotte-en-premiere-mondiale-a-paris-le-23-juin-2019\/"},"wordCount":1688,"commentCount":1,"image":{"@id":"https:\/\/www.camac-harps.com\/blog\/fr\/actualites\/stellar-sonata-par-caroline-lizotte-en-premiere-mondiale-a-paris-le-23-juin-2019\/#primaryimage"},"thumbnailUrl":"https:\/\/www.camac-harps.com\/blog\/wp-content\/uploads\/sites\/27\/2019\/05\/agendabanner-1.jpg","articleSection":["\u00c0 la une","Actualit\u00e9s"],"inLanguage":"fr-FR","potentialAction":[{"@type":"CommentAction","name":"Comment","target":["https:\/\/www.camac-harps.com\/blog\/fr\/actualites\/stellar-sonata-par-caroline-lizotte-en-premiere-mondiale-a-paris-le-23-juin-2019\/#respond"]}]},{"@type":"WebPage","@id":"https:\/\/www.camac-harps.com\/blog\/fr\/actualites\/stellar-sonata-par-caroline-lizotte-en-premiere-mondiale-a-paris-le-23-juin-2019\/","url":"https:\/\/www.camac-harps.com\/blog\/fr\/actualites\/stellar-sonata-par-caroline-lizotte-en-premiere-mondiale-a-paris-le-23-juin-2019\/","name":"\u201cStellar Sonata\u201d par Caroline Lizotte en premi\u00e8re mondiale \u00e0 Paris le 23 juin 2019 - Camac Harps","isPartOf":{"@id":"https:\/\/www.camac-harps.com\/blog\/fr\/#website"},"primaryImageOfPage":{"@id":"https:\/\/www.camac-harps.com\/blog\/fr\/actualites\/stellar-sonata-par-caroline-lizotte-en-premiere-mondiale-a-paris-le-23-juin-2019\/#primaryimage"},"image":{"@id":"https:\/\/www.camac-harps.com\/blog\/fr\/actualites\/stellar-sonata-par-caroline-lizotte-en-premiere-mondiale-a-paris-le-23-juin-2019\/#primaryimage"},"thumbnailUrl":"https:\/\/www.camac-harps.com\/blog\/wp-content\/uploads\/sites\/27\/2019\/05\/agendabanner-1.jpg","datePublished":"2019-05-23T09:14:34+00:00","dateModified":"2019-06-09T11:35:28+00:00","author":{"@id":"https:\/\/www.camac-harps.com\/blog\/fr\/#\/schema\/person\/59b9e6843c0338179fb914afaf144d22"},"breadcrumb":{"@id":"https:\/\/www.camac-harps.com\/blog\/fr\/actualites\/stellar-sonata-par-caroline-lizotte-en-premiere-mondiale-a-paris-le-23-juin-2019\/#breadcrumb"},"inLanguage":"fr-FR","potentialAction":[{"@type":"ReadAction","target":["https:\/\/www.camac-harps.com\/blog\/fr\/actualites\/stellar-sonata-par-caroline-lizotte-en-premiere-mondiale-a-paris-le-23-juin-2019\/"]}]},{"@type":"ImageObject","inLanguage":"fr-FR","@id":"https:\/\/www.camac-harps.com\/blog\/fr\/actualites\/stellar-sonata-par-caroline-lizotte-en-premiere-mondiale-a-paris-le-23-juin-2019\/#primaryimage","url":"https:\/\/www.camac-harps.com\/blog\/wp-content\/uploads\/sites\/27\/2019\/05\/agendabanner-1.jpg","contentUrl":"https:\/\/www.camac-harps.com\/blog\/wp-content\/uploads\/sites\/27\/2019\/05\/agendabanner-1.jpg","width":926,"height":630,"caption":"Caroline Lizotte \u00e0 L'Espace Camac"},{"@type":"BreadcrumbList","@id":"https:\/\/www.camac-harps.com\/blog\/fr\/actualites\/stellar-sonata-par-caroline-lizotte-en-premiere-mondiale-a-paris-le-23-juin-2019\/#breadcrumb","itemListElement":[{"@type":"ListItem","position":1,"name":"Home","item":"https:\/\/www.camac-harps.com\/blog\/fr\/"},{"@type":"ListItem","position":2,"name":"\u201cStellar Sonata\u201d par Caroline Lizotte en premi\u00e8re mondiale \u00e0 Paris le 23 juin 2019"}]},{"@type":"WebSite","@id":"https:\/\/www.camac-harps.com\/blog\/fr\/#website","url":"https:\/\/www.camac-harps.com\/blog\/fr\/","name":"Camac Harps","description":"","potentialAction":[{"@type":"SearchAction","target":{"@type":"EntryPoint","urlTemplate":"https:\/\/www.camac-harps.com\/blog\/fr\/?s={search_term_string}"},"query-input":{"@type":"PropertyValueSpecification","valueRequired":true,"valueName":"search_term_string"}}],"inLanguage":"fr-FR"},{"@type":"Person","@id":"https:\/\/www.camac-harps.com\/blog\/fr\/#\/schema\/person\/59b9e6843c0338179fb914afaf144d22","name":"Helen Leitner","image":{"@type":"ImageObject","inLanguage":"fr-FR","@id":"https:\/\/www.camac-harps.com\/blog\/fr\/#\/schema\/person\/image\/","url":"https:\/\/secure.gravatar.com\/avatar\/ebbebff931219cff4c2d1e25c3229b2e036693f67bf237fb12f452d7a019a6da?s=96&d=mm&r=g","contentUrl":"https:\/\/secure.gravatar.com\/avatar\/ebbebff931219cff4c2d1e25c3229b2e036693f67bf237fb12f452d7a019a6da?s=96&d=mm&r=g","caption":"Helen Leitner"},"url":"https:\/\/www.camac-harps.com\/blog\/fr\/author\/ltnr\/"}]}},"_links":{"self":[{"href":"https:\/\/www.camac-harps.com\/blog\/fr\/wp-json\/wp\/v2\/posts\/26591","targetHints":{"allow":["GET"]}}],"collection":[{"href":"https:\/\/www.camac-harps.com\/blog\/fr\/wp-json\/wp\/v2\/posts"}],"about":[{"href":"https:\/\/www.camac-harps.com\/blog\/fr\/wp-json\/wp\/v2\/types\/post"}],"author":[{"embeddable":true,"href":"https:\/\/www.camac-harps.com\/blog\/fr\/wp-json\/wp\/v2\/users\/3"}],"replies":[{"embeddable":true,"href":"https:\/\/www.camac-harps.com\/blog\/fr\/wp-json\/wp\/v2\/comments?post=26591"}],"version-history":[{"count":15,"href":"https:\/\/www.camac-harps.com\/blog\/fr\/wp-json\/wp\/v2\/posts\/26591\/revisions"}],"predecessor-version":[{"id":26690,"href":"https:\/\/www.camac-harps.com\/blog\/fr\/wp-json\/wp\/v2\/posts\/26591\/revisions\/26690"}],"wp:featuredmedia":[{"embeddable":true,"href":"https:\/\/www.camac-harps.com\/blog\/fr\/wp-json\/wp\/v2\/media\/26737"}],"wp:attachment":[{"href":"https:\/\/www.camac-harps.com\/blog\/fr\/wp-json\/wp\/v2\/media?parent=26591"}],"wp:term":[{"taxonomy":"category","embeddable":true,"href":"https:\/\/www.camac-harps.com\/blog\/fr\/wp-json\/wp\/v2\/categories?post=26591"},{"taxonomy":"post_tag","embeddable":true,"href":"https:\/\/www.camac-harps.com\/blog\/fr\/wp-json\/wp\/v2\/tags?post=26591"}],"curies":[{"name":"wp","href":"https:\/\/api.w.org\/{rel}","templated":true}]}}