{"id":2660,"date":"2015-11-10T20:01:05","date_gmt":"2015-11-10T20:01:05","guid":{"rendered":"http:\/\/www.harpblog.info\/?p=2660"},"modified":"2017-06-29T07:17:20","modified_gmt":"2017-06-29T07:17:20","slug":"rencontres-harpistiques-lyon-27-novembre-6-decembre-2015","status":"publish","type":"post","link":"https:\/\/www.camac-harps.com\/blog\/fr\/non-classifiee\/rencontres-harpistiques-lyon-27-novembre-6-decembre-2015\/","title":{"rendered":"Rencontres Harpistiques, Lyon, 27 novembre &#8211; 6 d\u00e9cembre 2015"},"content":{"rendered":"<p><a href=\"https:\/\/www.camac-harps.com\/wp-content\/uploads\/sites\/27\/2015\/10\/rencontres-harpistiques-a-lyon-e1445589681722.jpg\"><img loading=\"lazy\" decoding=\"async\" class=\"aligncenter wp-image-2540 size-full\" src=\"https:\/\/www.camac-harps.com\/wp-content\/uploads\/sites\/27\/2015\/10\/rencontres-harpistiques-a-lyon-e1445589681722.jpg\" alt=\"Rencontres Harpistiques \u00e0 Lyon\" width=\"950\" height=\"672\" srcset=\"https:\/\/www.camac-harps.com\/blog\/wp-content\/uploads\/sites\/27\/2015\/10\/rencontres-harpistiques-a-lyon-e1445589681722.jpg 950w, https:\/\/www.camac-harps.com\/blog\/wp-content\/uploads\/sites\/27\/2015\/10\/rencontres-harpistiques-a-lyon-e1445589681722-800x566.jpg 800w, https:\/\/www.camac-harps.com\/blog\/wp-content\/uploads\/sites\/27\/2015\/10\/rencontres-harpistiques-a-lyon-e1445589681722-300x212.jpg 300w, https:\/\/www.camac-harps.com\/blog\/wp-content\/uploads\/sites\/27\/2015\/10\/rencontres-harpistiques-a-lyon-e1445589681722-768x543.jpg 768w, https:\/\/www.camac-harps.com\/blog\/wp-content\/uploads\/sites\/27\/2015\/10\/rencontres-harpistiques-a-lyon-e1445589681722-55x39.jpg 55w, https:\/\/www.camac-harps.com\/blog\/wp-content\/uploads\/sites\/27\/2015\/10\/rencontres-harpistiques-a-lyon-e1445589681722-250x177.jpg 250w, https:\/\/www.camac-harps.com\/blog\/wp-content\/uploads\/sites\/27\/2015\/10\/rencontres-harpistiques-a-lyon-e1445589681722-150x105.jpg 150w\" sizes=\"auto, (max-width: 950px) 100vw, 950px\" \/><\/a><\/p>\n<p>&nbsp;<\/p>\n<p>Nous parrainons les Rencontres Harpistiques, qui se sont d\u00e9roul\u00e9es\u00a0du 27 novembre au 6 d\u00e9cembre \u00e0 Lyon. Ces Rencontres font partie du festival <a href=\"http:\/\/www.conservatoire-lyon.fr\/sons-dhiver.html\" target=\"_blank\">Cordes Sons d&rsquo;Hiver<\/a> organis\u00e9 par le <a href=\"http:\/\/www.conservatoire-lyon.fr\" target=\"_blank\">CRR de Lyon<\/a>, \u00e9v\u00e9nement qui met en valeur chaque ann\u00e9e un instrument diff\u00e9rent, et en 2015, ce sont les instruments \u00e0 cordes pinc\u00e9es et frapp\u00e9es qui \u00e9taient\u00a0\u00e0 l&rsquo;honneur. \u00ab\u00a0Nous (les professeurs) avons eu le plaisir pour cette \u00e9dition de solliciter le soutien de la maison Camac et les remercions vivement de leur partenariat\u00a0\u00bb nous dit le professeur de harpe du CRR, Christophe Truant. Nous sommes donc ravis d&rsquo;apporter notre soutien \u00e0 ces Rencontres, en collaboration avec EML Pianos, la meilleure adresse de Lyon pour les pianos Bechstein, Sauter, F\u00f6rster, etc.<\/p>\n<p>Les Rencontres ont \u00e9t\u00e9\u00a0l&rsquo;occasion de rencontrer Elisa Vellia, avec qui nous avons con\u00e7u notre harpe celtique de concert <a href=\"https:\/\/www.camac-harps.com\/blog\/fr\/harpes\/harpes-celtiques\/ulysse\" target=\"_blank\">Ulysse<\/a>, d&rsquo;\u00e9couter un concert carte blanche d&rsquo;Aur\u00e9lie Communal autour de la musique du XXe et du XXIe si\u00e8cles, et d&rsquo;assister \u00e0 diverses prestations (solo, musique de chambre, ensemble de harpes) par la classe de harpe du CRR. Les \u00e9l\u00e8ves du CRR ont cl\u00f4tur\u00e9 le festival avec un programme consacr\u00e9 \u00e0 Benjamin Britten : \u00ab\u00a0A Ceremony of Carols\u00a0\u00bb, \u00ab\u00a0Suite\u00a0\u00bb pour harpe seule, et quelques uns de ses plus beaux chants pour harpe et voix.<\/p>\n<div id=\"attachment_2678\" class=\"wp-caption alignright\" style=\"width: 300px\"><a href=\"https:\/\/www.camac-harps.com\/wp-content\/uploads\/sites\/27\/2015\/11\/20151106_2143421.jpg\"><img loading=\"lazy\" decoding=\"async\" class=\"size-medium wp-image-2678\" src=\"https:\/\/www.camac-harps.com\/wp-content\/uploads\/sites\/27\/2015\/11\/20151106_2143421-300x225.jpg\" alt=\"Caroline Anssoux, Christophe Truant\" width=\"300\" height=\"225\" srcset=\"https:\/\/www.camac-harps.com\/blog\/wp-content\/uploads\/sites\/27\/2015\/11\/20151106_2143421-300x225.jpg 300w, https:\/\/www.camac-harps.com\/blog\/wp-content\/uploads\/sites\/27\/2015\/11\/20151106_2143421-768x576.jpg 768w, https:\/\/www.camac-harps.com\/blog\/wp-content\/uploads\/sites\/27\/2015\/11\/20151106_2143421-800x600.jpg 800w, https:\/\/www.camac-harps.com\/blog\/wp-content\/uploads\/sites\/27\/2015\/11\/20151106_2143421-55x41.jpg 55w, https:\/\/www.camac-harps.com\/blog\/wp-content\/uploads\/sites\/27\/2015\/11\/20151106_2143421-250x188.jpg 250w, https:\/\/www.camac-harps.com\/blog\/wp-content\/uploads\/sites\/27\/2015\/11\/20151106_2143421.jpg 950w\" sizes=\"auto, (max-width: 300px) 100vw, 300px\" \/><\/a><p class=\"wp-caption-text\">Caroline Anssoux, Christophe Truant<\/p><\/div>\n<p>\u00ab\u00a0S&rsquo;il y a un fil conducteur dans notre programmation, c&rsquo;est bien celui de la diversit\u00e9 !\u00a0\u00bb, nous dit Christophe. \u00ab\u00a0Ma coll\u00e8gue Caroline Anssoux et moi co-g\u00e9rons une grande classe d&rsquo;une cinquantaine d&rsquo;\u00e9l\u00e8ves de niveaux diff\u00e9rents. Il nous a paru important que chaque \u00e9l\u00e8ve ait la possibilit\u00e9 de jouer, et de poursuivre et \u00e9tendre \u00e0 la fois le travail que nous faisons avec eux tout au long de l&rsquo;ann\u00e9e. Par exemple, Elisa Vellia donnera une master-classe ainsi qu&rsquo;un concert, en mettant l&rsquo;accent sur l&rsquo;apprentissage oral de m\u00e9lodies et de rythmes grecs. La musique grecque sera une grande d\u00e9couverte pour nos \u00e9l\u00e8ves, alors qu&rsquo;ils ont d\u00e9j\u00e0 eu l&rsquo;occasion de travailler d&rsquo;oreille: Tout au long de l&rsquo;ann\u00e9e en effet, Caroline et moi organisons des s\u00e9ances lors desquelles les \u00e9l\u00e8ves mettent leurs partitions de c\u00f4t\u00e9, apprennent d&rsquo;oreille et explorent l&rsquo;improvisation. Les musiciens de formation classique peuvent vite se retrouver enferm\u00e9s dans la lecture, mais il est \u00e9vident que chaque musicien doit d\u00e9velopper son oreille. M\u00eame pour m\u00e9moriser une pi\u00e8ce classique, on ne peut pas se reposer sur un seul type de m\u00e9moire, on doit associer les m\u00e9moires visuelle, orale et kin\u00e9sique pour que la m\u00e9morisation soit solide. Cet atelier sera donc \u00e0 la fois une nouvelle exp\u00e9rience passionnante et l&rsquo;approfondissement de principes que nous mettons tous les deux en valeur dans notre enseignement.<\/p>\n<div id=\"attachment_2679\" class=\"wp-caption alignleft\" style=\"width: 300px\"><a href=\"https:\/\/www.camac-harps.com\/wp-content\/uploads\/sites\/27\/2015\/11\/20151106_214420.jpg\"><img loading=\"lazy\" decoding=\"async\" class=\"size-medium wp-image-2679\" src=\"https:\/\/www.camac-harps.com\/wp-content\/uploads\/sites\/27\/2015\/11\/20151106_214420-300x225.jpg\" alt=\"Caroline Anssoux et Christophe Truant avec en premier plan Augustina, In\u00e8s et Anne-Sophie\" width=\"300\" height=\"225\" srcset=\"https:\/\/www.camac-harps.com\/blog\/wp-content\/uploads\/sites\/27\/2015\/11\/20151106_214420-300x225.jpg 300w, https:\/\/www.camac-harps.com\/blog\/wp-content\/uploads\/sites\/27\/2015\/11\/20151106_214420-768x576.jpg 768w, https:\/\/www.camac-harps.com\/blog\/wp-content\/uploads\/sites\/27\/2015\/11\/20151106_214420-800x600.jpg 800w, https:\/\/www.camac-harps.com\/blog\/wp-content\/uploads\/sites\/27\/2015\/11\/20151106_214420-55x41.jpg 55w, https:\/\/www.camac-harps.com\/blog\/wp-content\/uploads\/sites\/27\/2015\/11\/20151106_214420-250x188.jpg 250w, https:\/\/www.camac-harps.com\/blog\/wp-content\/uploads\/sites\/27\/2015\/11\/20151106_214420.jpg 950w\" sizes=\"auto, (max-width: 300px) 100vw, 300px\" \/><\/a><p class=\"wp-caption-text\">Caroline Anssoux et Christophe Truant avec en premier plan Augustina, In\u00e8s et Anne-Sophie<\/p><\/div>\n<p>Nous avons aussi h\u00e2te d&rsquo;entendre ce large panorama de styles musicaux, allant de Britten \u00e0 la musique contemporaine et \u00e9lectroacoustique. \u00ab\u00a0Nous cherchons toujours \u00e0 d\u00e9velopper la cr\u00e9ativit\u00e9 de nos \u00e9l\u00e8ves, et la semaine promet d&rsquo;\u00eatre une formidable source d&rsquo;inspiration et de motivation pour nous tous !\u00a0\u00bb<\/p>\n<p>&nbsp;<\/p>\n<p>Ce fut\u00a0aussi pour nous l&rsquo;occasion de pr\u00e9senter nos instruments, et en particulier notre Ulysse, dans la salle d&rsquo;exposition d&rsquo;EML Pianos, et de proposer des r\u00e9visions gratuites de vos harpes Camac pendant toute la dur\u00e9e de ces Rencontres.<\/p>\n<p>&nbsp;<\/p>\n<p><a href=\"https:\/\/www.camac-harps.com\/wp-content\/uploads\/sites\/27\/2015\/10\/rencontres-harpistiques-a-lyon-2-e1445589768381.jpg\"><img loading=\"lazy\" decoding=\"async\" class=\"aligncenter wp-image-2541 size-full\" src=\"https:\/\/www.camac-harps.com\/wp-content\/uploads\/sites\/27\/2015\/10\/rencontres-harpistiques-a-lyon-2-e1445589768381.jpg\" alt=\"Rencontres harpistiques \u00e0 Lyon (2)\" width=\"950\" height=\"672\" srcset=\"https:\/\/www.camac-harps.com\/blog\/wp-content\/uploads\/sites\/27\/2015\/10\/rencontres-harpistiques-a-lyon-2-e1445589768381.jpg 950w, https:\/\/www.camac-harps.com\/blog\/wp-content\/uploads\/sites\/27\/2015\/10\/rencontres-harpistiques-a-lyon-2-e1445589768381-300x212.jpg 300w, https:\/\/www.camac-harps.com\/blog\/wp-content\/uploads\/sites\/27\/2015\/10\/rencontres-harpistiques-a-lyon-2-e1445589768381-768x543.jpg 768w, https:\/\/www.camac-harps.com\/blog\/wp-content\/uploads\/sites\/27\/2015\/10\/rencontres-harpistiques-a-lyon-2-e1445589768381-800x566.jpg 800w, https:\/\/www.camac-harps.com\/blog\/wp-content\/uploads\/sites\/27\/2015\/10\/rencontres-harpistiques-a-lyon-2-e1445589768381-55x39.jpg 55w, https:\/\/www.camac-harps.com\/blog\/wp-content\/uploads\/sites\/27\/2015\/10\/rencontres-harpistiques-a-lyon-2-e1445589768381-250x177.jpg 250w, https:\/\/www.camac-harps.com\/blog\/wp-content\/uploads\/sites\/27\/2015\/10\/rencontres-harpistiques-a-lyon-2-e1445589768381-150x105.jpg 150w\" sizes=\"auto, (max-width: 950px) 100vw, 950px\" \/><\/a><\/p>\n","protected":false},"excerpt":{"rendered":"<p>Master-classes, concerts, r\u00e9visions et offres commerciales&#8230; Les Rencontres Harpistiques seront l&rsquo;occasion de d\u00e9couvrir notre Ulysse dans une ambiance de No\u00ebl ! Rendez-vous \u00e0 Lyon du 27 novembre au 6 d\u00e9cembre !<\/p>\n","protected":false},"author":3,"featured_media":2540,"comment_status":"open","ping_status":"open","sticky":false,"template":"","format":"standard","meta":{"_acf_changed":false,"footnotes":""},"categories":[2],"tags":[],"class_list":["post-2660","post","type-post","status-publish","format-standard","has-post-thumbnail","hentry","category-non-classifiee"],"acf":[],"yoast_head":"<title>Rencontres Harpistiques, Lyon, 27 novembre - 6 d\u00e9cembre 2015 - Camac Harps<\/title>\n<meta name=\"robots\" content=\"index, follow, max-snippet:-1, max-image-preview:large, max-video-preview:-1\" \/>\n<link rel=\"canonical\" href=\"https:\/\/www.camac-harps.com\/blog\/fr\/non-classifiee\/rencontres-harpistiques-lyon-27-novembre-6-decembre-2015\/\" \/>\n<meta property=\"og:locale\" content=\"fr_FR\" \/>\n<meta property=\"og:type\" content=\"article\" \/>\n<meta property=\"og:title\" content=\"Rencontres Harpistiques, Lyon, 27 novembre - 6 d\u00e9cembre 2015 - Camac Harps\" \/>\n<meta property=\"og:description\" content=\"Master-classes, concerts, r\u00e9visions et offres commerciales... Les Rencontres Harpistiques seront l&#039;occasion de d\u00e9couvrir notre Ulysse dans une ambiance de No\u00ebl ! Rendez-vous \u00e0 Lyon du 27 novembre au 6 d\u00e9cembre !\" \/>\n<meta property=\"og:url\" content=\"https:\/\/www.camac-harps.com\/blog\/fr\/non-classifiee\/rencontres-harpistiques-lyon-27-novembre-6-decembre-2015\/\" \/>\n<meta property=\"og:site_name\" content=\"Camac Harps\" \/>\n<meta property=\"article:published_time\" content=\"2015-11-10T20:01:05+00:00\" \/>\n<meta property=\"article:modified_time\" content=\"2017-06-29T07:17:20+00:00\" \/>\n<meta property=\"og:image\" content=\"https:\/\/www.camac-harps.com\/blog\/wp-content\/uploads\/sites\/27\/2015\/10\/rencontres-harpistiques-a-lyon-e1445589681722.jpg\" \/>\n\t<meta property=\"og:image:width\" content=\"950\" \/>\n\t<meta property=\"og:image:height\" content=\"672\" \/>\n\t<meta property=\"og:image:type\" content=\"image\/jpeg\" \/>\n<meta name=\"author\" content=\"Helen Leitner\" \/>\n<meta name=\"twitter:card\" content=\"summary_large_image\" \/>\n<meta name=\"twitter:label1\" content=\"\u00c9crit par\" \/>\n\t<meta name=\"twitter:data1\" content=\"Helen Leitner\" \/>\n\t<meta name=\"twitter:label2\" content=\"Dur\u00e9e de lecture estim\u00e9e\" \/>\n\t<meta name=\"twitter:data2\" content=\"3 minutes\" \/>\n<script type=\"application\/ld+json\" class=\"yoast-schema-graph\">{\"@context\":\"https:\/\/schema.org\",\"@graph\":[{\"@type\":\"Article\",\"@id\":\"https:\/\/www.camac-harps.com\/blog\/fr\/non-classifiee\/rencontres-harpistiques-lyon-27-novembre-6-decembre-2015\/#article\",\"isPartOf\":{\"@id\":\"https:\/\/www.camac-harps.com\/blog\/fr\/non-classifiee\/rencontres-harpistiques-lyon-27-novembre-6-decembre-2015\/\"},\"author\":{\"name\":\"Helen Leitner\",\"@id\":\"https:\/\/www.camac-harps.com\/blog\/fr\/#\/schema\/person\/59b9e6843c0338179fb914afaf144d22\"},\"headline\":\"Rencontres Harpistiques, Lyon, 27 novembre &#8211; 6 d\u00e9cembre 2015\",\"datePublished\":\"2015-11-10T20:01:05+00:00\",\"dateModified\":\"2017-06-29T07:17:20+00:00\",\"mainEntityOfPage\":{\"@id\":\"https:\/\/www.camac-harps.com\/blog\/fr\/non-classifiee\/rencontres-harpistiques-lyon-27-novembre-6-decembre-2015\/\"},\"wordCount\":614,\"commentCount\":0,\"image\":{\"@id\":\"https:\/\/www.camac-harps.com\/blog\/fr\/non-classifiee\/rencontres-harpistiques-lyon-27-novembre-6-decembre-2015\/#primaryimage\"},\"thumbnailUrl\":\"https:\/\/www.camac-harps.com\/blog\/wp-content\/uploads\/sites\/27\/2015\/10\/rencontres-harpistiques-a-lyon-e1445589681722.jpg\",\"articleSection\":[\"Non classifi\u00e9(e)\"],\"inLanguage\":\"fr-FR\",\"potentialAction\":[{\"@type\":\"CommentAction\",\"name\":\"Comment\",\"target\":[\"https:\/\/www.camac-harps.com\/blog\/fr\/non-classifiee\/rencontres-harpistiques-lyon-27-novembre-6-decembre-2015\/#respond\"]}]},{\"@type\":\"WebPage\",\"@id\":\"https:\/\/www.camac-harps.com\/blog\/fr\/non-classifiee\/rencontres-harpistiques-lyon-27-novembre-6-decembre-2015\/\",\"url\":\"https:\/\/www.camac-harps.com\/blog\/fr\/non-classifiee\/rencontres-harpistiques-lyon-27-novembre-6-decembre-2015\/\",\"name\":\"Rencontres Harpistiques, Lyon, 27 novembre - 6 d\u00e9cembre 2015 - Camac Harps\",\"isPartOf\":{\"@id\":\"https:\/\/www.camac-harps.com\/blog\/fr\/#website\"},\"primaryImageOfPage\":{\"@id\":\"https:\/\/www.camac-harps.com\/blog\/fr\/non-classifiee\/rencontres-harpistiques-lyon-27-novembre-6-decembre-2015\/#primaryimage\"},\"image\":{\"@id\":\"https:\/\/www.camac-harps.com\/blog\/fr\/non-classifiee\/rencontres-harpistiques-lyon-27-novembre-6-decembre-2015\/#primaryimage\"},\"thumbnailUrl\":\"https:\/\/www.camac-harps.com\/blog\/wp-content\/uploads\/sites\/27\/2015\/10\/rencontres-harpistiques-a-lyon-e1445589681722.jpg\",\"datePublished\":\"2015-11-10T20:01:05+00:00\",\"dateModified\":\"2017-06-29T07:17:20+00:00\",\"author\":{\"@id\":\"https:\/\/www.camac-harps.com\/blog\/fr\/#\/schema\/person\/59b9e6843c0338179fb914afaf144d22\"},\"breadcrumb\":{\"@id\":\"https:\/\/www.camac-harps.com\/blog\/fr\/non-classifiee\/rencontres-harpistiques-lyon-27-novembre-6-decembre-2015\/#breadcrumb\"},\"inLanguage\":\"fr-FR\",\"potentialAction\":[{\"@type\":\"ReadAction\",\"target\":[\"https:\/\/www.camac-harps.com\/blog\/fr\/non-classifiee\/rencontres-harpistiques-lyon-27-novembre-6-decembre-2015\/\"]}]},{\"@type\":\"ImageObject\",\"inLanguage\":\"fr-FR\",\"@id\":\"https:\/\/www.camac-harps.com\/blog\/fr\/non-classifiee\/rencontres-harpistiques-lyon-27-novembre-6-decembre-2015\/#primaryimage\",\"url\":\"https:\/\/www.camac-harps.com\/blog\/wp-content\/uploads\/sites\/27\/2015\/10\/rencontres-harpistiques-a-lyon-e1445589681722.jpg\",\"contentUrl\":\"https:\/\/www.camac-harps.com\/blog\/wp-content\/uploads\/sites\/27\/2015\/10\/rencontres-harpistiques-a-lyon-e1445589681722.jpg\",\"width\":950,\"height\":672,\"caption\":\"Rencontres Harpistiques \u00e0 Lyon\"},{\"@type\":\"BreadcrumbList\",\"@id\":\"https:\/\/www.camac-harps.com\/blog\/fr\/non-classifiee\/rencontres-harpistiques-lyon-27-novembre-6-decembre-2015\/#breadcrumb\",\"itemListElement\":[{\"@type\":\"ListItem\",\"position\":1,\"name\":\"Home\",\"item\":\"https:\/\/www.camac-harps.com\/blog\/fr\/\"},{\"@type\":\"ListItem\",\"position\":2,\"name\":\"Rencontres Harpistiques, Lyon, 27 novembre &#8211; 6 d\u00e9cembre 2015\"}]},{\"@type\":\"WebSite\",\"@id\":\"https:\/\/www.camac-harps.com\/blog\/fr\/#website\",\"url\":\"https:\/\/www.camac-harps.com\/blog\/fr\/\",\"name\":\"Camac Harps\",\"description\":\"\",\"potentialAction\":[{\"@type\":\"SearchAction\",\"target\":{\"@type\":\"EntryPoint\",\"urlTemplate\":\"https:\/\/www.camac-harps.com\/blog\/fr\/?s={search_term_string}\"},\"query-input\":{\"@type\":\"PropertyValueSpecification\",\"valueRequired\":true,\"valueName\":\"search_term_string\"}}],\"inLanguage\":\"fr-FR\"},{\"@type\":\"Person\",\"@id\":\"https:\/\/www.camac-harps.com\/blog\/fr\/#\/schema\/person\/59b9e6843c0338179fb914afaf144d22\",\"name\":\"Helen Leitner\",\"image\":{\"@type\":\"ImageObject\",\"inLanguage\":\"fr-FR\",\"@id\":\"https:\/\/www.camac-harps.com\/blog\/fr\/#\/schema\/person\/image\/\",\"url\":\"https:\/\/secure.gravatar.com\/avatar\/ebbebff931219cff4c2d1e25c3229b2e036693f67bf237fb12f452d7a019a6da?s=96&d=mm&r=g\",\"contentUrl\":\"https:\/\/secure.gravatar.com\/avatar\/ebbebff931219cff4c2d1e25c3229b2e036693f67bf237fb12f452d7a019a6da?s=96&d=mm&r=g\",\"caption\":\"Helen Leitner\"},\"url\":\"https:\/\/www.camac-harps.com\/blog\/fr\/author\/ltnr\/\"}]}<\/script>","yoast_head_json":{"title":"Rencontres Harpistiques, Lyon, 27 novembre - 6 d\u00e9cembre 2015 - Camac Harps","robots":{"index":"index","follow":"follow","max-snippet":"max-snippet:-1","max-image-preview":"max-image-preview:large","max-video-preview":"max-video-preview:-1"},"canonical":"https:\/\/www.camac-harps.com\/blog\/fr\/non-classifiee\/rencontres-harpistiques-lyon-27-novembre-6-decembre-2015\/","og_locale":"fr_FR","og_type":"article","og_title":"Rencontres Harpistiques, Lyon, 27 novembre - 6 d\u00e9cembre 2015 - Camac Harps","og_description":"Master-classes, concerts, r\u00e9visions et offres commerciales... Les Rencontres Harpistiques seront l'occasion de d\u00e9couvrir notre Ulysse dans une ambiance de No\u00ebl ! Rendez-vous \u00e0 Lyon du 27 novembre au 6 d\u00e9cembre !","og_url":"https:\/\/www.camac-harps.com\/blog\/fr\/non-classifiee\/rencontres-harpistiques-lyon-27-novembre-6-decembre-2015\/","og_site_name":"Camac Harps","article_published_time":"2015-11-10T20:01:05+00:00","article_modified_time":"2017-06-29T07:17:20+00:00","og_image":[{"width":950,"height":672,"url":"https:\/\/www.camac-harps.com\/blog\/wp-content\/uploads\/sites\/27\/2015\/10\/rencontres-harpistiques-a-lyon-e1445589681722.jpg","type":"image\/jpeg"}],"author":"Helen Leitner","twitter_card":"summary_large_image","twitter_misc":{"\u00c9crit par":"Helen Leitner","Dur\u00e9e de lecture estim\u00e9e":"3 minutes"},"schema":{"@context":"https:\/\/schema.org","@graph":[{"@type":"Article","@id":"https:\/\/www.camac-harps.com\/blog\/fr\/non-classifiee\/rencontres-harpistiques-lyon-27-novembre-6-decembre-2015\/#article","isPartOf":{"@id":"https:\/\/www.camac-harps.com\/blog\/fr\/non-classifiee\/rencontres-harpistiques-lyon-27-novembre-6-decembre-2015\/"},"author":{"name":"Helen Leitner","@id":"https:\/\/www.camac-harps.com\/blog\/fr\/#\/schema\/person\/59b9e6843c0338179fb914afaf144d22"},"headline":"Rencontres Harpistiques, Lyon, 27 novembre &#8211; 6 d\u00e9cembre 2015","datePublished":"2015-11-10T20:01:05+00:00","dateModified":"2017-06-29T07:17:20+00:00","mainEntityOfPage":{"@id":"https:\/\/www.camac-harps.com\/blog\/fr\/non-classifiee\/rencontres-harpistiques-lyon-27-novembre-6-decembre-2015\/"},"wordCount":614,"commentCount":0,"image":{"@id":"https:\/\/www.camac-harps.com\/blog\/fr\/non-classifiee\/rencontres-harpistiques-lyon-27-novembre-6-decembre-2015\/#primaryimage"},"thumbnailUrl":"https:\/\/www.camac-harps.com\/blog\/wp-content\/uploads\/sites\/27\/2015\/10\/rencontres-harpistiques-a-lyon-e1445589681722.jpg","articleSection":["Non classifi\u00e9(e)"],"inLanguage":"fr-FR","potentialAction":[{"@type":"CommentAction","name":"Comment","target":["https:\/\/www.camac-harps.com\/blog\/fr\/non-classifiee\/rencontres-harpistiques-lyon-27-novembre-6-decembre-2015\/#respond"]}]},{"@type":"WebPage","@id":"https:\/\/www.camac-harps.com\/blog\/fr\/non-classifiee\/rencontres-harpistiques-lyon-27-novembre-6-decembre-2015\/","url":"https:\/\/www.camac-harps.com\/blog\/fr\/non-classifiee\/rencontres-harpistiques-lyon-27-novembre-6-decembre-2015\/","name":"Rencontres Harpistiques, Lyon, 27 novembre - 6 d\u00e9cembre 2015 - Camac Harps","isPartOf":{"@id":"https:\/\/www.camac-harps.com\/blog\/fr\/#website"},"primaryImageOfPage":{"@id":"https:\/\/www.camac-harps.com\/blog\/fr\/non-classifiee\/rencontres-harpistiques-lyon-27-novembre-6-decembre-2015\/#primaryimage"},"image":{"@id":"https:\/\/www.camac-harps.com\/blog\/fr\/non-classifiee\/rencontres-harpistiques-lyon-27-novembre-6-decembre-2015\/#primaryimage"},"thumbnailUrl":"https:\/\/www.camac-harps.com\/blog\/wp-content\/uploads\/sites\/27\/2015\/10\/rencontres-harpistiques-a-lyon-e1445589681722.jpg","datePublished":"2015-11-10T20:01:05+00:00","dateModified":"2017-06-29T07:17:20+00:00","author":{"@id":"https:\/\/www.camac-harps.com\/blog\/fr\/#\/schema\/person\/59b9e6843c0338179fb914afaf144d22"},"breadcrumb":{"@id":"https:\/\/www.camac-harps.com\/blog\/fr\/non-classifiee\/rencontres-harpistiques-lyon-27-novembre-6-decembre-2015\/#breadcrumb"},"inLanguage":"fr-FR","potentialAction":[{"@type":"ReadAction","target":["https:\/\/www.camac-harps.com\/blog\/fr\/non-classifiee\/rencontres-harpistiques-lyon-27-novembre-6-decembre-2015\/"]}]},{"@type":"ImageObject","inLanguage":"fr-FR","@id":"https:\/\/www.camac-harps.com\/blog\/fr\/non-classifiee\/rencontres-harpistiques-lyon-27-novembre-6-decembre-2015\/#primaryimage","url":"https:\/\/www.camac-harps.com\/blog\/wp-content\/uploads\/sites\/27\/2015\/10\/rencontres-harpistiques-a-lyon-e1445589681722.jpg","contentUrl":"https:\/\/www.camac-harps.com\/blog\/wp-content\/uploads\/sites\/27\/2015\/10\/rencontres-harpistiques-a-lyon-e1445589681722.jpg","width":950,"height":672,"caption":"Rencontres Harpistiques \u00e0 Lyon"},{"@type":"BreadcrumbList","@id":"https:\/\/www.camac-harps.com\/blog\/fr\/non-classifiee\/rencontres-harpistiques-lyon-27-novembre-6-decembre-2015\/#breadcrumb","itemListElement":[{"@type":"ListItem","position":1,"name":"Home","item":"https:\/\/www.camac-harps.com\/blog\/fr\/"},{"@type":"ListItem","position":2,"name":"Rencontres Harpistiques, Lyon, 27 novembre &#8211; 6 d\u00e9cembre 2015"}]},{"@type":"WebSite","@id":"https:\/\/www.camac-harps.com\/blog\/fr\/#website","url":"https:\/\/www.camac-harps.com\/blog\/fr\/","name":"Camac Harps","description":"","potentialAction":[{"@type":"SearchAction","target":{"@type":"EntryPoint","urlTemplate":"https:\/\/www.camac-harps.com\/blog\/fr\/?s={search_term_string}"},"query-input":{"@type":"PropertyValueSpecification","valueRequired":true,"valueName":"search_term_string"}}],"inLanguage":"fr-FR"},{"@type":"Person","@id":"https:\/\/www.camac-harps.com\/blog\/fr\/#\/schema\/person\/59b9e6843c0338179fb914afaf144d22","name":"Helen Leitner","image":{"@type":"ImageObject","inLanguage":"fr-FR","@id":"https:\/\/www.camac-harps.com\/blog\/fr\/#\/schema\/person\/image\/","url":"https:\/\/secure.gravatar.com\/avatar\/ebbebff931219cff4c2d1e25c3229b2e036693f67bf237fb12f452d7a019a6da?s=96&d=mm&r=g","contentUrl":"https:\/\/secure.gravatar.com\/avatar\/ebbebff931219cff4c2d1e25c3229b2e036693f67bf237fb12f452d7a019a6da?s=96&d=mm&r=g","caption":"Helen Leitner"},"url":"https:\/\/www.camac-harps.com\/blog\/fr\/author\/ltnr\/"}]}},"_links":{"self":[{"href":"https:\/\/www.camac-harps.com\/blog\/fr\/wp-json\/wp\/v2\/posts\/2660","targetHints":{"allow":["GET"]}}],"collection":[{"href":"https:\/\/www.camac-harps.com\/blog\/fr\/wp-json\/wp\/v2\/posts"}],"about":[{"href":"https:\/\/www.camac-harps.com\/blog\/fr\/wp-json\/wp\/v2\/types\/post"}],"author":[{"embeddable":true,"href":"https:\/\/www.camac-harps.com\/blog\/fr\/wp-json\/wp\/v2\/users\/3"}],"replies":[{"embeddable":true,"href":"https:\/\/www.camac-harps.com\/blog\/fr\/wp-json\/wp\/v2\/comments?post=2660"}],"version-history":[{"count":8,"href":"https:\/\/www.camac-harps.com\/blog\/fr\/wp-json\/wp\/v2\/posts\/2660\/revisions"}],"predecessor-version":[{"id":20322,"href":"https:\/\/www.camac-harps.com\/blog\/fr\/wp-json\/wp\/v2\/posts\/2660\/revisions\/20322"}],"wp:featuredmedia":[{"embeddable":true,"href":"https:\/\/www.camac-harps.com\/blog\/fr\/wp-json\/wp\/v2\/media\/2540"}],"wp:attachment":[{"href":"https:\/\/www.camac-harps.com\/blog\/fr\/wp-json\/wp\/v2\/media?parent=2660"}],"wp:term":[{"taxonomy":"category","embeddable":true,"href":"https:\/\/www.camac-harps.com\/blog\/fr\/wp-json\/wp\/v2\/categories?post=2660"},{"taxonomy":"post_tag","embeddable":true,"href":"https:\/\/www.camac-harps.com\/blog\/fr\/wp-json\/wp\/v2\/tags?post=2660"}],"curies":[{"name":"wp","href":"https:\/\/api.w.org\/{rel}","templated":true}]}}