{"id":27530,"date":"2020-01-09T14:11:40","date_gmt":"2020-01-09T14:11:40","guid":{"rendered":"https:\/\/www.camac-harps.com\/blog\/?p=27530"},"modified":"2020-01-17T08:20:48","modified_gmt":"2020-01-17T08:20:48","slug":"la-harpe-dans-toute-sa-diversite-les-8-et-9-fevrier-2020-a-mauguio-languedoc","status":"publish","type":"post","link":"https:\/\/www.camac-harps.com\/blog\/fr\/actualites\/la-harpe-dans-toute-sa-diversite-les-8-et-9-fevrier-2020-a-mauguio-languedoc\/","title":{"rendered":"La harpe dans toute sa diversit\u00e9 : les 8 et 9 f\u00e9vrier 2020 \u00e0 Mauguio, Languedoc"},"content":{"rendered":"<p style=\"text-align: justify;\"><a href=\"https:\/\/www.camac-harps.com\/blog\/wp-content\/uploads\/sites\/27\/2020\/01\/mauguiofacebook.jpg\"><img loading=\"lazy\" decoding=\"async\" class=\"aligncenter size-large wp-image-27535\" src=\"https:\/\/www.camac-harps.com\/blog\/wp-content\/uploads\/sites\/27\/2020\/01\/mauguiofacebook-1024x379.jpg\" alt=\"Week-end Camac \u00e0 Mauguio 2020\" width=\"1024\" height=\"379\" srcset=\"https:\/\/www.camac-harps.com\/blog\/wp-content\/uploads\/sites\/27\/2020\/01\/mauguiofacebook-1024x379.jpg 1024w, https:\/\/www.camac-harps.com\/blog\/wp-content\/uploads\/sites\/27\/2020\/01\/mauguiofacebook-300x111.jpg 300w, https:\/\/www.camac-harps.com\/blog\/wp-content\/uploads\/sites\/27\/2020\/01\/mauguiofacebook-768x284.jpg 768w, https:\/\/www.camac-harps.com\/blog\/wp-content\/uploads\/sites\/27\/2020\/01\/mauguiofacebook-1536x569.jpg 1536w, https:\/\/www.camac-harps.com\/blog\/wp-content\/uploads\/sites\/27\/2020\/01\/mauguiofacebook-1000x370.jpg 1000w, https:\/\/www.camac-harps.com\/blog\/wp-content\/uploads\/sites\/27\/2020\/01\/mauguiofacebook-800x296.jpg 800w, https:\/\/www.camac-harps.com\/blog\/wp-content\/uploads\/sites\/27\/2020\/01\/mauguiofacebook-55x20.jpg 55w, https:\/\/www.camac-harps.com\/blog\/wp-content\/uploads\/sites\/27\/2020\/01\/mauguiofacebook-250x93.jpg 250w, https:\/\/www.camac-harps.com\/blog\/wp-content\/uploads\/sites\/27\/2020\/01\/mauguiofacebook.jpg 1702w\" sizes=\"auto, (max-width: 1024px) 100vw, 1024px\" \/><\/a>Pour d\u00e9marrer cette nouvelle d\u00e9cennie, Camac est tr\u00e8s heureuse d\u2019accompagner les 8 et 9 f\u00e9vrier prochains l\u2019organisation d\u2019un weekend festif sous le signe de la harpe dans la charmante ville de Mauguio \u00e0 quelques kilom\u00e8tres de la mer et au c\u0153ur de la magnifique r\u00e9gion du Languedoc.<\/p>\n<div id=\"attachment_27533\" class=\"wp-caption alignleft\" style=\"width: 150px\"><a href=\"https:\/\/www.camac-harps.com\/blog\/wp-content\/uploads\/sites\/27\/2020\/01\/dorianecheminais.jpg\"><img loading=\"lazy\" decoding=\"async\" class=\"wp-image-27533 size-thumbnail\" src=\"https:\/\/www.camac-harps.com\/blog\/wp-content\/uploads\/sites\/27\/2020\/01\/dorianecheminais-150x150.jpg\" alt=\"Doriane Cheminais\" width=\"150\" height=\"150\" srcset=\"https:\/\/www.camac-harps.com\/blog\/wp-content\/uploads\/sites\/27\/2020\/01\/dorianecheminais-150x150.jpg 150w, https:\/\/www.camac-harps.com\/blog\/wp-content\/uploads\/sites\/27\/2020\/01\/dorianecheminais-300x300.jpg 300w, https:\/\/www.camac-harps.com\/blog\/wp-content\/uploads\/sites\/27\/2020\/01\/dorianecheminais-55x55.jpg 55w, https:\/\/www.camac-harps.com\/blog\/wp-content\/uploads\/sites\/27\/2020\/01\/dorianecheminais-250x250.jpg 250w, https:\/\/www.camac-harps.com\/blog\/wp-content\/uploads\/sites\/27\/2020\/01\/dorianecheminais.jpg 438w\" sizes=\"auto, (max-width: 150px) 100vw, 150px\" \/><\/a><p class=\"wp-caption-text\">Doriane Cheminais<\/p><\/div>\n<p style=\"text-align: justify;\">L\u2019\u00e9v\u00e8nement a \u00e9t\u00e9 imagin\u00e9 par la professeur de harpe <a href=\"https:\/\/www.dorianecheminais.com\/\" target=\"_blank\" rel=\"noopener noreferrer\">Doriane Cheminais<\/a>. Dipl\u00f4m\u00e9e du Conservatoire National Sup\u00e9rieur de Musique de Paris (CNSMDP) et passionn\u00e9e d\u2019enseignement, elle est titulaire du Dipl\u00f4me d\u2019Etat et a ouvert en 2010 sa propre \u00e9cole priv\u00e9e en Languedoc. \u00ab Cela fait au moins 4 ans que j&rsquo;esp\u00e9rais mettre en place un tel \u00e9v\u00e8nement ! \u00bb, explique-t-elle, \u00ab Pour motiver nos \u00e9l\u00e8ves et souder nos classes, rien de tel que de leur proposer une manifestation qui mette la harpe \u00e0 l\u2019honneur, en compl\u00e9ment de nos cours. Malheureusement, la mise en place de telles actions est vraiment compliqu\u00e9e sans l\u2019aide d\u2019un sponsor. Lorsque Camac a accept\u00e9 de se joindre \u00e0 l\u2019aventure, j\u2019ai tout simplement \u00e9t\u00e9 ravie. Depuis toujours, j\u2019ai toujours appr\u00e9ci\u00e9 de travailler avec Camac ; mes \u00e9l\u00e8ves qui utilisent leurs harpes sont tous tr\u00e8s satisfaits de leur instrument, sans oublier le service technique irr\u00e9prochable qui leur est offert. \u00bb<\/p>\n<p style=\"text-align: justify;\">Pour l\u2019occasion, Doriane a imagin\u00e9 un programme tr\u00e8s riche : un atelier pour apprendre \u00e0 entretenir sa harpe anim\u00e9 par notre technicien Louis Moretti, une exposition de harpes Camac pr\u00e9sent\u00e9e par notre responsable commercial Pierre Le Levier, un stand o\u00f9 les visiteurs pourront faire r\u00e9gler gracieusement leur instrument, un concert de cl\u00f4ture avec sur sc\u00e8ne, Doriane et Perrine Perrot, sa coll\u00e8gue \u00e0 l\u2019Orchestre national de Montpellier, accompagn\u00e9e par leurs \u00e9l\u00e8ves.<\/p>\n<div id=\"attachment_27537\" class=\"wp-caption alignright\" style=\"width: 150px\"><a href=\"https:\/\/www.camac-harps.com\/blog\/wp-content\/uploads\/sites\/27\/2020\/01\/nikolazcadoret.jpg\"><img loading=\"lazy\" decoding=\"async\" class=\"size-full wp-image-27537\" src=\"https:\/\/www.camac-harps.com\/blog\/wp-content\/uploads\/sites\/27\/2020\/01\/nikolazcadoret.jpg\" alt=\"Nikolaz Cadoret\" width=\"150\" height=\"150\" srcset=\"https:\/\/www.camac-harps.com\/blog\/wp-content\/uploads\/sites\/27\/2020\/01\/nikolazcadoret.jpg 150w, https:\/\/www.camac-harps.com\/blog\/wp-content\/uploads\/sites\/27\/2020\/01\/nikolazcadoret-55x55.jpg 55w\" sizes=\"auto, (max-width: 150px) 100vw, 150px\" \/><\/a><p class=\"wp-caption-text\">Nikolaz Cadoret<\/p><\/div>\n<p style=\"text-align: justify;\">Le temps fort de ce weekend sera le concert donn\u00e9 par le c\u00e9l\u00e8bre harpiste brestois <a href=\"https:\/\/www.nikolazcadoret.com\/\" target=\"_blank\" rel=\"noopener noreferrer\">Nikolaz Cadoret<\/a>. Reconnu pour ses cr\u00e9ations virtuoses qui fusionnent musique traditionnelle, jazz, \u00e9lectro et de nombreux autres genres, Nikolaz est \u00e9galement renomm\u00e9 pour ses qualit\u00e9s de p\u00e9dagogue. \u00ab J\u2019admire l\u2019\u00e9nergie et l\u2019ouverture d\u2019esprit de Nikolaz \u00bb, explique Doriane, \u00ab Il a un talent incroyable pour faire d\u00e9couvrir aux \u00e9tudiants des facettes de la harpe qu\u2019ils n\u2019auraient jamais imagin\u00e9es \u00bb. Outre son concert, qui sera sans aucun doute aussi surprenant qu\u2019inspirant, il animera un atelier ax\u00e9 autour de l\u2019improvisation \u00ab et d\u2019autres surprises auxquelles les \u00e9l\u00e8ves s\u2019attendent pas \u00bb, pr\u00e9cise Doriane.<\/p>\n<p style=\"text-align: justify;\">La harpiste est convaincue qu\u2019il est vital de mettre en lumi\u00e8re les visages modernes de la harpe pour susciter et entretenir l\u2019int\u00e9r\u00eat des \u00e9l\u00e8ves, de leurs parents et du grand public : \u00ab Je donne des cours \u00e0 plus de 40 \u00e9l\u00e8ves. Ils sont curieux par nature, et \u00e9coutent tous types de musique. Il est tr\u00e8s important de leur montrer qu\u2019ils peuvent jouer la musique qu\u2019ils aiment, qu\u2019elle soit classique, pop ou \u00e9lectro : il doivent simplement s\u2019approprier leur harpe. \u00bb<\/p>\n<p style=\"text-align: justify;\">Et quoi de plus naturel pour y parvenir que d\u2019en commencer par comprendre le fonctionnement ? El\u00e9mentaire, pensez-vous \u2026 Loin de l\u00e0 ! Pour Doriane, \u00ab Prendre soin de sa harpe, l\u2019accorder, la transporter sans l\u2019ab\u00eemer, changer les cordes, ne sont pas \u00e9vidents lorsque l\u2019on d\u00e9bute \u00bb. La harpiste a remarqu\u00e9 que \u00ab les parents prennent l\u2019habitude d\u2019apporter la harpe de leur enfant au professeur afin qu\u2019il s\u2019en occupe \u00bb, ce qui, selon elle, \u00ab n\u2019est \u00e9videmment pas une solution \u00e0 long terme. Avec cet atelier, je souhaite donner les clefs aux enfants et \u00e0 leurs parents pour qu\u2019ils deviennent autonomes et prennent l\u2019habitude de s\u2019en occuper eux-m\u00eames \u00bb. C\u2019est ainsi que Doriane nous a sugg\u00e9r\u00e9 d\u2019organiser un \u00ab atelier bricolage \u00bb, ce que nous avons accept\u00e9 avec joie &#8211; d\u2019autant plus que nous avons souvent organis\u00e9 des ateliers similaires aux Etats-Unis, mais quasiment jamais en France !<\/p>\n<div id=\"attachment_24776\" class=\"wp-caption alignleft\" style=\"width: 200px\"><a href=\"https:\/\/www.camac-harps.com\/blog\/wp-content\/uploads\/sites\/27\/2020\/01\/mauguioflyer.pdf\"><img loading=\"lazy\" decoding=\"async\" class=\"size-full wp-image-24776\" src=\"https:\/\/www.camac-harps.com\/blog\/wp-content\/uploads\/sites\/27\/2018\/03\/pdfone.png\" alt=\"T\u00e9l\u00e9chargez le d\u00e9pliant \" width=\"200\" height=\"200\" srcset=\"https:\/\/www.camac-harps.com\/blog\/wp-content\/uploads\/sites\/27\/2018\/03\/pdfone.png 200w, https:\/\/www.camac-harps.com\/blog\/wp-content\/uploads\/sites\/27\/2018\/03\/pdfone-150x150.png 150w, https:\/\/www.camac-harps.com\/blog\/wp-content\/uploads\/sites\/27\/2018\/03\/pdfone-55x55.png 55w\" sizes=\"auto, (max-width: 200px) 100vw, 200px\" \/><\/a><p class=\"wp-caption-text\">T\u00e9l\u00e9chargez l&rsquo;affiche (PDF, 685 KB)<\/p><\/div>\n<p style=\"text-align: justify;\">En cl\u00f4ture de ces journ\u00e9es, le dimanche \u00e0 15h, des \u00e9l\u00e8ves de Perrine Perrot se joindront \u00e0 la classe de Doriane Cheminais pour interpr\u00e9ter un conte musical d\u2019apr\u00e8s \u00ab le Petit Prince \u00bb de Saint-Exup\u00e9ry. Rien de tel qu\u2019un spectaculaire ensemble de plus de 30 harpes sur sc\u00e8ne pour susciter des vocations\u2026 Et si vous avez dans votre entourage des personnes qui envisagent effectivement de commencer la harpe, n\u2019h\u00e9sitez pas \u00e0 les inviter ! Ce weekend sera l\u2019occasion id\u00e9ale pour d\u00e9couvrir cet instrument, assister \u00e0 des concerts, \u00e9changer avec les meilleurs professeurs de la r\u00e9gion et peut-\u00eatre m\u00eame\u2026 repartir avec un instrument de grande qualit\u00e9 (mais au prix abordable !).<\/p>\n<p style=\"text-align: justify;\">Pour prendre un billet, il vous suffit de remplir notre e-formulaire d\u2019inscription via <a href=\"https:\/\/www.camac-harps.com\/fr\/agenda\/?sd=2020-02-08\" target=\"_blank\" rel=\"noopener noreferrer\">le lien<\/a>.<\/p>\n","protected":false},"excerpt":{"rendered":"<p>Pour d\u00e9marrer cette nouvelle d\u00e9cennie, Camac est tr\u00e8s heureuse d\u2019accompagner les 8 et 9 f\u00e9vrier prochains l\u2019organisation d\u2019un weekend festif sous le signe de la harpe&#8230;<\/p>\n","protected":false},"author":3,"featured_media":27531,"comment_status":"open","ping_status":"open","sticky":false,"template":"","format":"standard","meta":{"_acf_changed":false,"footnotes":""},"categories":[781,533],"tags":[],"class_list":["post-27530","post","type-post","status-publish","format-standard","has-post-thumbnail","hentry","category-alaune","category-actualites"],"acf":[],"yoast_head":"<title>La harpe dans toute sa diversit\u00e9 : les 8 et 9 f\u00e9vrier 2020 \u00e0 Mauguio, Languedoc - Camac Harps<\/title>\n<meta name=\"robots\" content=\"index, follow, max-snippet:-1, max-image-preview:large, max-video-preview:-1\" \/>\n<link rel=\"canonical\" href=\"https:\/\/www.camac-harps.com\/blog\/fr\/actualites\/la-harpe-dans-toute-sa-diversite-les-8-et-9-fevrier-2020-a-mauguio-languedoc\/\" \/>\n<meta property=\"og:locale\" content=\"fr_FR\" \/>\n<meta property=\"og:type\" content=\"article\" \/>\n<meta property=\"og:title\" content=\"La harpe dans toute sa diversit\u00e9 : les 8 et 9 f\u00e9vrier 2020 \u00e0 Mauguio, Languedoc - Camac Harps\" \/>\n<meta property=\"og:description\" content=\"Pour d\u00e9marrer cette nouvelle d\u00e9cennie, Camac est tr\u00e8s heureuse d\u2019accompagner les 8 et 9 f\u00e9vrier prochains l\u2019organisation d\u2019un weekend festif sous le signe de la harpe...\" \/>\n<meta property=\"og:url\" content=\"https:\/\/www.camac-harps.com\/blog\/fr\/actualites\/la-harpe-dans-toute-sa-diversite-les-8-et-9-fevrier-2020-a-mauguio-languedoc\/\" \/>\n<meta property=\"og:site_name\" content=\"Camac Harps\" \/>\n<meta property=\"article:published_time\" content=\"2020-01-09T14:11:40+00:00\" \/>\n<meta property=\"article:modified_time\" content=\"2020-01-17T08:20:48+00:00\" \/>\n<meta property=\"og:image\" content=\"https:\/\/www.camac-harps.com\/blog\/wp-content\/uploads\/sites\/27\/2020\/01\/mauguioinstagram.jpg\" \/>\n\t<meta property=\"og:image:width\" content=\"1600\" \/>\n\t<meta property=\"og:image:height\" content=\"1600\" \/>\n\t<meta property=\"og:image:type\" content=\"image\/jpeg\" \/>\n<meta name=\"author\" content=\"Helen Leitner\" \/>\n<meta name=\"twitter:card\" content=\"summary_large_image\" \/>\n<meta name=\"twitter:label1\" content=\"\u00c9crit par\" \/>\n\t<meta name=\"twitter:data1\" content=\"Helen Leitner\" \/>\n\t<meta name=\"twitter:label2\" content=\"Dur\u00e9e de lecture estim\u00e9e\" \/>\n\t<meta name=\"twitter:data2\" content=\"4 minutes\" \/>\n<script type=\"application\/ld+json\" class=\"yoast-schema-graph\">{\"@context\":\"https:\/\/schema.org\",\"@graph\":[{\"@type\":\"Article\",\"@id\":\"https:\/\/www.camac-harps.com\/blog\/fr\/actualites\/la-harpe-dans-toute-sa-diversite-les-8-et-9-fevrier-2020-a-mauguio-languedoc\/#article\",\"isPartOf\":{\"@id\":\"https:\/\/www.camac-harps.com\/blog\/fr\/actualites\/la-harpe-dans-toute-sa-diversite-les-8-et-9-fevrier-2020-a-mauguio-languedoc\/\"},\"author\":{\"name\":\"Helen Leitner\",\"@id\":\"https:\/\/www.camac-harps.com\/blog\/fr\/#\/schema\/person\/59b9e6843c0338179fb914afaf144d22\"},\"headline\":\"La harpe dans toute sa diversit\u00e9 : les 8 et 9 f\u00e9vrier 2020 \u00e0 Mauguio, Languedoc\",\"datePublished\":\"2020-01-09T14:11:40+00:00\",\"dateModified\":\"2020-01-17T08:20:48+00:00\",\"mainEntityOfPage\":{\"@id\":\"https:\/\/www.camac-harps.com\/blog\/fr\/actualites\/la-harpe-dans-toute-sa-diversite-les-8-et-9-fevrier-2020-a-mauguio-languedoc\/\"},\"wordCount\":836,\"commentCount\":1,\"image\":{\"@id\":\"https:\/\/www.camac-harps.com\/blog\/fr\/actualites\/la-harpe-dans-toute-sa-diversite-les-8-et-9-fevrier-2020-a-mauguio-languedoc\/#primaryimage\"},\"thumbnailUrl\":\"https:\/\/www.camac-harps.com\/blog\/wp-content\/uploads\/sites\/27\/2020\/01\/mauguioinstagram.jpg\",\"articleSection\":[\"\u00c0 la une\",\"Actualit\u00e9s\"],\"inLanguage\":\"fr-FR\",\"potentialAction\":[{\"@type\":\"CommentAction\",\"name\":\"Comment\",\"target\":[\"https:\/\/www.camac-harps.com\/blog\/fr\/actualites\/la-harpe-dans-toute-sa-diversite-les-8-et-9-fevrier-2020-a-mauguio-languedoc\/#respond\"]}]},{\"@type\":\"WebPage\",\"@id\":\"https:\/\/www.camac-harps.com\/blog\/fr\/actualites\/la-harpe-dans-toute-sa-diversite-les-8-et-9-fevrier-2020-a-mauguio-languedoc\/\",\"url\":\"https:\/\/www.camac-harps.com\/blog\/fr\/actualites\/la-harpe-dans-toute-sa-diversite-les-8-et-9-fevrier-2020-a-mauguio-languedoc\/\",\"name\":\"La harpe dans toute sa diversit\u00e9 : les 8 et 9 f\u00e9vrier 2020 \u00e0 Mauguio, Languedoc - Camac Harps\",\"isPartOf\":{\"@id\":\"https:\/\/www.camac-harps.com\/blog\/fr\/#website\"},\"primaryImageOfPage\":{\"@id\":\"https:\/\/www.camac-harps.com\/blog\/fr\/actualites\/la-harpe-dans-toute-sa-diversite-les-8-et-9-fevrier-2020-a-mauguio-languedoc\/#primaryimage\"},\"image\":{\"@id\":\"https:\/\/www.camac-harps.com\/blog\/fr\/actualites\/la-harpe-dans-toute-sa-diversite-les-8-et-9-fevrier-2020-a-mauguio-languedoc\/#primaryimage\"},\"thumbnailUrl\":\"https:\/\/www.camac-harps.com\/blog\/wp-content\/uploads\/sites\/27\/2020\/01\/mauguioinstagram.jpg\",\"datePublished\":\"2020-01-09T14:11:40+00:00\",\"dateModified\":\"2020-01-17T08:20:48+00:00\",\"author\":{\"@id\":\"https:\/\/www.camac-harps.com\/blog\/fr\/#\/schema\/person\/59b9e6843c0338179fb914afaf144d22\"},\"breadcrumb\":{\"@id\":\"https:\/\/www.camac-harps.com\/blog\/fr\/actualites\/la-harpe-dans-toute-sa-diversite-les-8-et-9-fevrier-2020-a-mauguio-languedoc\/#breadcrumb\"},\"inLanguage\":\"fr-FR\",\"potentialAction\":[{\"@type\":\"ReadAction\",\"target\":[\"https:\/\/www.camac-harps.com\/blog\/fr\/actualites\/la-harpe-dans-toute-sa-diversite-les-8-et-9-fevrier-2020-a-mauguio-languedoc\/\"]}]},{\"@type\":\"ImageObject\",\"inLanguage\":\"fr-FR\",\"@id\":\"https:\/\/www.camac-harps.com\/blog\/fr\/actualites\/la-harpe-dans-toute-sa-diversite-les-8-et-9-fevrier-2020-a-mauguio-languedoc\/#primaryimage\",\"url\":\"https:\/\/www.camac-harps.com\/blog\/wp-content\/uploads\/sites\/27\/2020\/01\/mauguioinstagram.jpg\",\"contentUrl\":\"https:\/\/www.camac-harps.com\/blog\/wp-content\/uploads\/sites\/27\/2020\/01\/mauguioinstagram.jpg\",\"width\":1600,\"height\":1600,\"caption\":\"Week-end Camac \u00e0 Mauguio 2020\"},{\"@type\":\"BreadcrumbList\",\"@id\":\"https:\/\/www.camac-harps.com\/blog\/fr\/actualites\/la-harpe-dans-toute-sa-diversite-les-8-et-9-fevrier-2020-a-mauguio-languedoc\/#breadcrumb\",\"itemListElement\":[{\"@type\":\"ListItem\",\"position\":1,\"name\":\"Home\",\"item\":\"https:\/\/www.camac-harps.com\/blog\/fr\/\"},{\"@type\":\"ListItem\",\"position\":2,\"name\":\"La harpe dans toute sa diversit\u00e9 : les 8 et 9 f\u00e9vrier 2020 \u00e0 Mauguio, Languedoc\"}]},{\"@type\":\"WebSite\",\"@id\":\"https:\/\/www.camac-harps.com\/blog\/fr\/#website\",\"url\":\"https:\/\/www.camac-harps.com\/blog\/fr\/\",\"name\":\"Camac Harps\",\"description\":\"\",\"potentialAction\":[{\"@type\":\"SearchAction\",\"target\":{\"@type\":\"EntryPoint\",\"urlTemplate\":\"https:\/\/www.camac-harps.com\/blog\/fr\/?s={search_term_string}\"},\"query-input\":{\"@type\":\"PropertyValueSpecification\",\"valueRequired\":true,\"valueName\":\"search_term_string\"}}],\"inLanguage\":\"fr-FR\"},{\"@type\":\"Person\",\"@id\":\"https:\/\/www.camac-harps.com\/blog\/fr\/#\/schema\/person\/59b9e6843c0338179fb914afaf144d22\",\"name\":\"Helen Leitner\",\"image\":{\"@type\":\"ImageObject\",\"inLanguage\":\"fr-FR\",\"@id\":\"https:\/\/www.camac-harps.com\/blog\/fr\/#\/schema\/person\/image\/\",\"url\":\"https:\/\/secure.gravatar.com\/avatar\/ebbebff931219cff4c2d1e25c3229b2e036693f67bf237fb12f452d7a019a6da?s=96&d=mm&r=g\",\"contentUrl\":\"https:\/\/secure.gravatar.com\/avatar\/ebbebff931219cff4c2d1e25c3229b2e036693f67bf237fb12f452d7a019a6da?s=96&d=mm&r=g\",\"caption\":\"Helen Leitner\"},\"url\":\"https:\/\/www.camac-harps.com\/blog\/fr\/author\/ltnr\/\"}]}<\/script>","yoast_head_json":{"title":"La harpe dans toute sa diversit\u00e9 : les 8 et 9 f\u00e9vrier 2020 \u00e0 Mauguio, Languedoc - Camac Harps","robots":{"index":"index","follow":"follow","max-snippet":"max-snippet:-1","max-image-preview":"max-image-preview:large","max-video-preview":"max-video-preview:-1"},"canonical":"https:\/\/www.camac-harps.com\/blog\/fr\/actualites\/la-harpe-dans-toute-sa-diversite-les-8-et-9-fevrier-2020-a-mauguio-languedoc\/","og_locale":"fr_FR","og_type":"article","og_title":"La harpe dans toute sa diversit\u00e9 : les 8 et 9 f\u00e9vrier 2020 \u00e0 Mauguio, Languedoc - Camac Harps","og_description":"Pour d\u00e9marrer cette nouvelle d\u00e9cennie, Camac est tr\u00e8s heureuse d\u2019accompagner les 8 et 9 f\u00e9vrier prochains l\u2019organisation d\u2019un weekend festif sous le signe de la harpe...","og_url":"https:\/\/www.camac-harps.com\/blog\/fr\/actualites\/la-harpe-dans-toute-sa-diversite-les-8-et-9-fevrier-2020-a-mauguio-languedoc\/","og_site_name":"Camac Harps","article_published_time":"2020-01-09T14:11:40+00:00","article_modified_time":"2020-01-17T08:20:48+00:00","og_image":[{"width":1600,"height":1600,"url":"https:\/\/www.camac-harps.com\/blog\/wp-content\/uploads\/sites\/27\/2020\/01\/mauguioinstagram.jpg","type":"image\/jpeg"}],"author":"Helen Leitner","twitter_card":"summary_large_image","twitter_misc":{"\u00c9crit par":"Helen Leitner","Dur\u00e9e de lecture estim\u00e9e":"4 minutes"},"schema":{"@context":"https:\/\/schema.org","@graph":[{"@type":"Article","@id":"https:\/\/www.camac-harps.com\/blog\/fr\/actualites\/la-harpe-dans-toute-sa-diversite-les-8-et-9-fevrier-2020-a-mauguio-languedoc\/#article","isPartOf":{"@id":"https:\/\/www.camac-harps.com\/blog\/fr\/actualites\/la-harpe-dans-toute-sa-diversite-les-8-et-9-fevrier-2020-a-mauguio-languedoc\/"},"author":{"name":"Helen Leitner","@id":"https:\/\/www.camac-harps.com\/blog\/fr\/#\/schema\/person\/59b9e6843c0338179fb914afaf144d22"},"headline":"La harpe dans toute sa diversit\u00e9 : les 8 et 9 f\u00e9vrier 2020 \u00e0 Mauguio, Languedoc","datePublished":"2020-01-09T14:11:40+00:00","dateModified":"2020-01-17T08:20:48+00:00","mainEntityOfPage":{"@id":"https:\/\/www.camac-harps.com\/blog\/fr\/actualites\/la-harpe-dans-toute-sa-diversite-les-8-et-9-fevrier-2020-a-mauguio-languedoc\/"},"wordCount":836,"commentCount":1,"image":{"@id":"https:\/\/www.camac-harps.com\/blog\/fr\/actualites\/la-harpe-dans-toute-sa-diversite-les-8-et-9-fevrier-2020-a-mauguio-languedoc\/#primaryimage"},"thumbnailUrl":"https:\/\/www.camac-harps.com\/blog\/wp-content\/uploads\/sites\/27\/2020\/01\/mauguioinstagram.jpg","articleSection":["\u00c0 la une","Actualit\u00e9s"],"inLanguage":"fr-FR","potentialAction":[{"@type":"CommentAction","name":"Comment","target":["https:\/\/www.camac-harps.com\/blog\/fr\/actualites\/la-harpe-dans-toute-sa-diversite-les-8-et-9-fevrier-2020-a-mauguio-languedoc\/#respond"]}]},{"@type":"WebPage","@id":"https:\/\/www.camac-harps.com\/blog\/fr\/actualites\/la-harpe-dans-toute-sa-diversite-les-8-et-9-fevrier-2020-a-mauguio-languedoc\/","url":"https:\/\/www.camac-harps.com\/blog\/fr\/actualites\/la-harpe-dans-toute-sa-diversite-les-8-et-9-fevrier-2020-a-mauguio-languedoc\/","name":"La harpe dans toute sa diversit\u00e9 : les 8 et 9 f\u00e9vrier 2020 \u00e0 Mauguio, Languedoc - Camac Harps","isPartOf":{"@id":"https:\/\/www.camac-harps.com\/blog\/fr\/#website"},"primaryImageOfPage":{"@id":"https:\/\/www.camac-harps.com\/blog\/fr\/actualites\/la-harpe-dans-toute-sa-diversite-les-8-et-9-fevrier-2020-a-mauguio-languedoc\/#primaryimage"},"image":{"@id":"https:\/\/www.camac-harps.com\/blog\/fr\/actualites\/la-harpe-dans-toute-sa-diversite-les-8-et-9-fevrier-2020-a-mauguio-languedoc\/#primaryimage"},"thumbnailUrl":"https:\/\/www.camac-harps.com\/blog\/wp-content\/uploads\/sites\/27\/2020\/01\/mauguioinstagram.jpg","datePublished":"2020-01-09T14:11:40+00:00","dateModified":"2020-01-17T08:20:48+00:00","author":{"@id":"https:\/\/www.camac-harps.com\/blog\/fr\/#\/schema\/person\/59b9e6843c0338179fb914afaf144d22"},"breadcrumb":{"@id":"https:\/\/www.camac-harps.com\/blog\/fr\/actualites\/la-harpe-dans-toute-sa-diversite-les-8-et-9-fevrier-2020-a-mauguio-languedoc\/#breadcrumb"},"inLanguage":"fr-FR","potentialAction":[{"@type":"ReadAction","target":["https:\/\/www.camac-harps.com\/blog\/fr\/actualites\/la-harpe-dans-toute-sa-diversite-les-8-et-9-fevrier-2020-a-mauguio-languedoc\/"]}]},{"@type":"ImageObject","inLanguage":"fr-FR","@id":"https:\/\/www.camac-harps.com\/blog\/fr\/actualites\/la-harpe-dans-toute-sa-diversite-les-8-et-9-fevrier-2020-a-mauguio-languedoc\/#primaryimage","url":"https:\/\/www.camac-harps.com\/blog\/wp-content\/uploads\/sites\/27\/2020\/01\/mauguioinstagram.jpg","contentUrl":"https:\/\/www.camac-harps.com\/blog\/wp-content\/uploads\/sites\/27\/2020\/01\/mauguioinstagram.jpg","width":1600,"height":1600,"caption":"Week-end Camac \u00e0 Mauguio 2020"},{"@type":"BreadcrumbList","@id":"https:\/\/www.camac-harps.com\/blog\/fr\/actualites\/la-harpe-dans-toute-sa-diversite-les-8-et-9-fevrier-2020-a-mauguio-languedoc\/#breadcrumb","itemListElement":[{"@type":"ListItem","position":1,"name":"Home","item":"https:\/\/www.camac-harps.com\/blog\/fr\/"},{"@type":"ListItem","position":2,"name":"La harpe dans toute sa diversit\u00e9 : les 8 et 9 f\u00e9vrier 2020 \u00e0 Mauguio, Languedoc"}]},{"@type":"WebSite","@id":"https:\/\/www.camac-harps.com\/blog\/fr\/#website","url":"https:\/\/www.camac-harps.com\/blog\/fr\/","name":"Camac Harps","description":"","potentialAction":[{"@type":"SearchAction","target":{"@type":"EntryPoint","urlTemplate":"https:\/\/www.camac-harps.com\/blog\/fr\/?s={search_term_string}"},"query-input":{"@type":"PropertyValueSpecification","valueRequired":true,"valueName":"search_term_string"}}],"inLanguage":"fr-FR"},{"@type":"Person","@id":"https:\/\/www.camac-harps.com\/blog\/fr\/#\/schema\/person\/59b9e6843c0338179fb914afaf144d22","name":"Helen Leitner","image":{"@type":"ImageObject","inLanguage":"fr-FR","@id":"https:\/\/www.camac-harps.com\/blog\/fr\/#\/schema\/person\/image\/","url":"https:\/\/secure.gravatar.com\/avatar\/ebbebff931219cff4c2d1e25c3229b2e036693f67bf237fb12f452d7a019a6da?s=96&d=mm&r=g","contentUrl":"https:\/\/secure.gravatar.com\/avatar\/ebbebff931219cff4c2d1e25c3229b2e036693f67bf237fb12f452d7a019a6da?s=96&d=mm&r=g","caption":"Helen Leitner"},"url":"https:\/\/www.camac-harps.com\/blog\/fr\/author\/ltnr\/"}]}},"_links":{"self":[{"href":"https:\/\/www.camac-harps.com\/blog\/fr\/wp-json\/wp\/v2\/posts\/27530","targetHints":{"allow":["GET"]}}],"collection":[{"href":"https:\/\/www.camac-harps.com\/blog\/fr\/wp-json\/wp\/v2\/posts"}],"about":[{"href":"https:\/\/www.camac-harps.com\/blog\/fr\/wp-json\/wp\/v2\/types\/post"}],"author":[{"embeddable":true,"href":"https:\/\/www.camac-harps.com\/blog\/fr\/wp-json\/wp\/v2\/users\/3"}],"replies":[{"embeddable":true,"href":"https:\/\/www.camac-harps.com\/blog\/fr\/wp-json\/wp\/v2\/comments?post=27530"}],"version-history":[{"count":5,"href":"https:\/\/www.camac-harps.com\/blog\/fr\/wp-json\/wp\/v2\/posts\/27530\/revisions"}],"predecessor-version":[{"id":27545,"href":"https:\/\/www.camac-harps.com\/blog\/fr\/wp-json\/wp\/v2\/posts\/27530\/revisions\/27545"}],"wp:featuredmedia":[{"embeddable":true,"href":"https:\/\/www.camac-harps.com\/blog\/fr\/wp-json\/wp\/v2\/media\/27531"}],"wp:attachment":[{"href":"https:\/\/www.camac-harps.com\/blog\/fr\/wp-json\/wp\/v2\/media?parent=27530"}],"wp:term":[{"taxonomy":"category","embeddable":true,"href":"https:\/\/www.camac-harps.com\/blog\/fr\/wp-json\/wp\/v2\/categories?post=27530"},{"taxonomy":"post_tag","embeddable":true,"href":"https:\/\/www.camac-harps.com\/blog\/fr\/wp-json\/wp\/v2\/tags?post=27530"}],"curies":[{"name":"wp","href":"https:\/\/api.w.org\/{rel}","templated":true}]}}