{"id":2780,"date":"2015-12-01T15:24:52","date_gmt":"2015-12-01T15:24:52","guid":{"rendered":"http:\/\/www.harpblog.info\/?p=2780"},"modified":"2017-07-06T03:03:33","modified_gmt":"2017-07-06T03:03:33","slug":"brazilian-jazz-harp-immersion-juillet-2016","status":"publish","type":"post","link":"https:\/\/www.camac-harps.com\/blog\/fr\/actualites\/brazilian-jazz-harp-immersion-juillet-2016\/","title":{"rendered":"\u00ab\u00a0Brazilian Jazz Harp Immersion\u00a0\u00bb, juillet 2016"},"content":{"rendered":"<p><img loading=\"lazy\" decoding=\"async\" class=\"alignright size-full wp-image-2768\" src=\"https:\/\/www.camac-harps.com\/wp-content\/uploads\/sites\/27\/2015\/11\/images.jpeg\" alt=\"Uan\u00e1 Et\u00ea\" width=\"277\" height=\"182\" srcset=\"https:\/\/www.camac-harps.com\/blog\/wp-content\/uploads\/sites\/27\/2015\/11\/images.jpeg 277w, https:\/\/www.camac-harps.com\/blog\/wp-content\/uploads\/sites\/27\/2015\/11\/images-55x36.jpeg 55w, https:\/\/www.camac-harps.com\/blog\/wp-content\/uploads\/sites\/27\/2015\/11\/images-250x164.jpeg 250w\" sizes=\"auto, (max-width: 277px) 100vw, 277px\" \/>La fantastique\u00a0<a href=\"http:\/\/www.jazzharp.org\" target=\"_blank\" rel=\"noopener\">Jazz Harp Foundation<\/a>\u00a0et la tout autant fantastique harpiste\u00a0<a href=\"http:\/\/www.cristinabraga.com\/site\/\" target=\"_blank\" rel=\"noopener\">Cristina Braga<\/a>\u00a0ont organis\u00e9\u00a0un \u00e9v\u00e9nement autour de la harpe jazz br\u00e9silienne, \u00ab\u00a0<a href=\"http:\/\/www.jazzharp.org\/uana-ete\" target=\"_blank\" rel=\"noopener\">Brazilian Jazz Harp Immersion<\/a>\u00ab\u00a0, en juillet 2016.\u00a0Cette retraite de dix jours s&rsquo;est d\u00e9roul\u00e9e dans le\u00a0<a href=\"http:\/\/www.uanaete.com\/\" target=\"_blank\" rel=\"noopener\">Uan\u00e1 Et\u00ea<\/a>\u00a0de Cristina, un endroit magnifique pour jouer de\u00a0la musique,\u00a0dans la for\u00eat, pr\u00e8s de Rio de Janeiro.\u00a0Camac a sponsoris\u00e9 cet \u00e9v\u00e9nement \u00e0 hauteur de\u00a02000 dollars sous forme de quatre bourses pour les \u00e9tudiants sud-am\u00e9ricains, et la Jazz Harp Foundation a \u00e9galement compl\u00e9t\u00e9 cette offre.<\/p>\n<p>Autour de Cristina Braga,\u00a0ma\u00eetresse des lieux, l&rsquo;\u00e9quipe p\u00e9dagogique se composait de\u00a0Carol Robbins, Felice Pomeranz, le bassiste Ricardo Medeiros, sp\u00e9cialis\u00e9 en Latin Jazz, ainsi que\u00a0les professeurs de la Jazz Harp Foundation : le saxophoniste et sp\u00e9cialiste de la p\u00e9dagogie du jazz\u00a0Kurt Schwab, et les harpistes (et fondatrices de la Jazz Harp Foundation)\u00a0Brenda Dor-Groot et\u00a0Sabine Meijers. De multiples activit\u00e9s destin\u00e9es \u00e0 s&rsquo;immerger dans le monde du jazz \u00e9taient pr\u00e9vues, des cours individuels au big band de harpes, de la th\u00e9orie \u00e0 la pratique, de la danse au chant. C&rsquo;\u00e9tait aussi une tr\u00e8s belle opportunit\u00e9 d&rsquo;explorer la bossa nova et la samba en profondeur, au c\u0153ur m\u00eame de la r\u00e9gion o\u00f9 leurs rythmes sont n\u00e9s il y a plus de 200 ans.<\/p>\n<div class=\"gdpr_opt_in\" data-cc-enable=\"youtube\">\n<div class=\"gdpr_opt_in__inner\">Je souhaite activer le contenu vid\u00e9o et j&rsquo;accepte que des donn\u00e9es soient charg\u00e9es \u00e0 partir de Google (voir <a href=\"https:\/\/www.camac-harps.com\/blog\/fr\/actualites\/brazilian-jazz-harp-immersion-juillet-2016\/\" target=\"_blank\">les r\u00e8gles de confidentialit\u00e9<\/a>).<\/div>\n<\/div>\n<div class=\"video_container\">\n<div class=\"video_container__inner\"><iframe title=\"\u00c1guas de Mar\u00e7o \/ Cristina Braga\" width=\"500\" height=\"281\" alt-src=\"https:\/\/www.youtube-nocookie.com\/embed\/7Pp_Qn3-9Js?feature=oembed\" frameborder=\"0\" allow=\"accelerometer; autoplay; clipboard-write; encrypted-media; gyroscope; picture-in-picture; web-share\" referrerpolicy=\"strict-origin-when-cross-origin\" allowfullscreen><\/iframe><\/div>\n<\/div>\n<p>Pour en savoir plus sur cet \u00e9v\u00e9nement, <a href=\"http:\/\/www.jazzharp.org\/uana-ete\" target=\"_blank\" rel=\"noopener\">rendez-vous<\/a>\u00a0sur le site de la Jazz Harp Foundation !<\/p>\n","protected":false},"excerpt":{"rendered":"<p>Une belle opportunit\u00e9 de passer 10 jours en immersion dans le jazz, avec une \u00e9quipe p\u00e9dagogique de haut niveau et dans un environnement idyllique ! Nous sommes tr\u00e8s fiers d&rsquo;offrir quatre bourses de 500 dollars pour participer \u00e0 cette \u00ab\u00a0Brazilian Jazz Harp Immersion\u00a0\u00bb.<\/p>\n","protected":false},"author":3,"featured_media":2770,"comment_status":"open","ping_status":"open","sticky":false,"template":"","format":"standard","meta":{"_acf_changed":false,"footnotes":""},"categories":[533],"tags":[812,818,783,791],"class_list":["post-2780","post","type-post","status-publish","format-standard","has-post-thumbnail","hentry","category-actualites","tag-artistes","tag-jazz","tag-stages","tag-vos-projets"],"acf":[],"yoast_head":"<title>&quot;Brazilian Jazz Harp Immersion&quot;, juillet 2016 - Camac Harps<\/title>\n<meta name=\"robots\" content=\"index, follow, max-snippet:-1, max-image-preview:large, max-video-preview:-1\" \/>\n<link rel=\"canonical\" href=\"https:\/\/www.camac-harps.com\/blog\/fr\/actualites\/brazilian-jazz-harp-immersion-juillet-2016\/\" \/>\n<meta property=\"og:locale\" content=\"fr_FR\" \/>\n<meta property=\"og:type\" content=\"article\" \/>\n<meta property=\"og:title\" content=\"&quot;Brazilian Jazz Harp Immersion&quot;, juillet 2016 - Camac Harps\" \/>\n<meta property=\"og:description\" content=\"Une belle opportunit\u00e9 de passer 10 jours en immersion dans le jazz, avec une \u00e9quipe p\u00e9dagogique de haut niveau et dans un environnement idyllique ! Nous sommes tr\u00e8s fiers d&#039;offrir quatre bourses de 500 dollars pour participer \u00e0 cette &quot;Brazilian Jazz Harp Immersion&quot;.\" \/>\n<meta property=\"og:url\" content=\"https:\/\/www.camac-harps.com\/blog\/fr\/actualites\/brazilian-jazz-harp-immersion-juillet-2016\/\" \/>\n<meta property=\"og:site_name\" content=\"Camac Harps\" \/>\n<meta property=\"article:published_time\" content=\"2015-12-01T15:24:52+00:00\" \/>\n<meta property=\"article:modified_time\" content=\"2017-07-06T03:03:33+00:00\" \/>\n<meta property=\"og:image\" content=\"https:\/\/www.camac-harps.com\/blog\/wp-content\/uploads\/sites\/27\/2015\/11\/cristina-braga-e1449748547172.jpg\" \/>\n\t<meta property=\"og:image:width\" content=\"1000\" \/>\n\t<meta property=\"og:image:height\" content=\"556\" \/>\n\t<meta property=\"og:image:type\" content=\"image\/jpeg\" \/>\n<meta name=\"author\" content=\"Helen Leitner\" \/>\n<meta name=\"twitter:card\" content=\"summary_large_image\" \/>\n<meta name=\"twitter:label1\" content=\"\u00c9crit par\" \/>\n\t<meta name=\"twitter:data1\" content=\"Helen Leitner\" \/>\n\t<meta name=\"twitter:label2\" content=\"Dur\u00e9e de lecture estim\u00e9e\" \/>\n\t<meta name=\"twitter:data2\" content=\"1 minute\" \/>\n<script type=\"application\/ld+json\" class=\"yoast-schema-graph\">{\"@context\":\"https:\/\/schema.org\",\"@graph\":[{\"@type\":\"Article\",\"@id\":\"https:\/\/www.camac-harps.com\/blog\/fr\/actualites\/brazilian-jazz-harp-immersion-juillet-2016\/#article\",\"isPartOf\":{\"@id\":\"https:\/\/www.camac-harps.com\/blog\/fr\/actualites\/brazilian-jazz-harp-immersion-juillet-2016\/\"},\"author\":{\"name\":\"Helen Leitner\",\"@id\":\"https:\/\/www.camac-harps.com\/blog\/fr\/#\/schema\/person\/59b9e6843c0338179fb914afaf144d22\"},\"headline\":\"\u00ab\u00a0Brazilian Jazz Harp Immersion\u00a0\u00bb, juillet 2016\",\"datePublished\":\"2015-12-01T15:24:52+00:00\",\"dateModified\":\"2017-07-06T03:03:33+00:00\",\"mainEntityOfPage\":{\"@id\":\"https:\/\/www.camac-harps.com\/blog\/fr\/actualites\/brazilian-jazz-harp-immersion-juillet-2016\/\"},\"wordCount\":265,\"commentCount\":0,\"image\":{\"@id\":\"https:\/\/www.camac-harps.com\/blog\/fr\/actualites\/brazilian-jazz-harp-immersion-juillet-2016\/#primaryimage\"},\"thumbnailUrl\":\"https:\/\/www.camac-harps.com\/blog\/wp-content\/uploads\/sites\/27\/2015\/11\/cristina-braga-e1449748547172.jpg\",\"keywords\":[\"artistes\",\"jazz\",\"stages\",\"vos projets\"],\"articleSection\":[\"Actualit\u00e9s\"],\"inLanguage\":\"fr-FR\",\"potentialAction\":[{\"@type\":\"CommentAction\",\"name\":\"Comment\",\"target\":[\"https:\/\/www.camac-harps.com\/blog\/fr\/actualites\/brazilian-jazz-harp-immersion-juillet-2016\/#respond\"]}]},{\"@type\":\"WebPage\",\"@id\":\"https:\/\/www.camac-harps.com\/blog\/fr\/actualites\/brazilian-jazz-harp-immersion-juillet-2016\/\",\"url\":\"https:\/\/www.camac-harps.com\/blog\/fr\/actualites\/brazilian-jazz-harp-immersion-juillet-2016\/\",\"name\":\"\\\"Brazilian Jazz Harp Immersion\\\", juillet 2016 - Camac Harps\",\"isPartOf\":{\"@id\":\"https:\/\/www.camac-harps.com\/blog\/fr\/#website\"},\"primaryImageOfPage\":{\"@id\":\"https:\/\/www.camac-harps.com\/blog\/fr\/actualites\/brazilian-jazz-harp-immersion-juillet-2016\/#primaryimage\"},\"image\":{\"@id\":\"https:\/\/www.camac-harps.com\/blog\/fr\/actualites\/brazilian-jazz-harp-immersion-juillet-2016\/#primaryimage\"},\"thumbnailUrl\":\"https:\/\/www.camac-harps.com\/blog\/wp-content\/uploads\/sites\/27\/2015\/11\/cristina-braga-e1449748547172.jpg\",\"datePublished\":\"2015-12-01T15:24:52+00:00\",\"dateModified\":\"2017-07-06T03:03:33+00:00\",\"author\":{\"@id\":\"https:\/\/www.camac-harps.com\/blog\/fr\/#\/schema\/person\/59b9e6843c0338179fb914afaf144d22\"},\"breadcrumb\":{\"@id\":\"https:\/\/www.camac-harps.com\/blog\/fr\/actualites\/brazilian-jazz-harp-immersion-juillet-2016\/#breadcrumb\"},\"inLanguage\":\"fr-FR\",\"potentialAction\":[{\"@type\":\"ReadAction\",\"target\":[\"https:\/\/www.camac-harps.com\/blog\/fr\/actualites\/brazilian-jazz-harp-immersion-juillet-2016\/\"]}]},{\"@type\":\"ImageObject\",\"inLanguage\":\"fr-FR\",\"@id\":\"https:\/\/www.camac-harps.com\/blog\/fr\/actualites\/brazilian-jazz-harp-immersion-juillet-2016\/#primaryimage\",\"url\":\"https:\/\/www.camac-harps.com\/blog\/wp-content\/uploads\/sites\/27\/2015\/11\/cristina-braga-e1449748547172.jpg\",\"contentUrl\":\"https:\/\/www.camac-harps.com\/blog\/wp-content\/uploads\/sites\/27\/2015\/11\/cristina-braga-e1449748547172.jpg\",\"width\":1000,\"height\":556},{\"@type\":\"BreadcrumbList\",\"@id\":\"https:\/\/www.camac-harps.com\/blog\/fr\/actualites\/brazilian-jazz-harp-immersion-juillet-2016\/#breadcrumb\",\"itemListElement\":[{\"@type\":\"ListItem\",\"position\":1,\"name\":\"Home\",\"item\":\"https:\/\/www.camac-harps.com\/blog\/fr\/\"},{\"@type\":\"ListItem\",\"position\":2,\"name\":\"\u00ab\u00a0Brazilian Jazz Harp Immersion\u00a0\u00bb, juillet 2016\"}]},{\"@type\":\"WebSite\",\"@id\":\"https:\/\/www.camac-harps.com\/blog\/fr\/#website\",\"url\":\"https:\/\/www.camac-harps.com\/blog\/fr\/\",\"name\":\"Camac Harps\",\"description\":\"\",\"potentialAction\":[{\"@type\":\"SearchAction\",\"target\":{\"@type\":\"EntryPoint\",\"urlTemplate\":\"https:\/\/www.camac-harps.com\/blog\/fr\/?s={search_term_string}\"},\"query-input\":{\"@type\":\"PropertyValueSpecification\",\"valueRequired\":true,\"valueName\":\"search_term_string\"}}],\"inLanguage\":\"fr-FR\"},{\"@type\":\"Person\",\"@id\":\"https:\/\/www.camac-harps.com\/blog\/fr\/#\/schema\/person\/59b9e6843c0338179fb914afaf144d22\",\"name\":\"Helen Leitner\",\"image\":{\"@type\":\"ImageObject\",\"inLanguage\":\"fr-FR\",\"@id\":\"https:\/\/www.camac-harps.com\/blog\/fr\/#\/schema\/person\/image\/\",\"url\":\"https:\/\/secure.gravatar.com\/avatar\/ebbebff931219cff4c2d1e25c3229b2e036693f67bf237fb12f452d7a019a6da?s=96&d=mm&r=g\",\"contentUrl\":\"https:\/\/secure.gravatar.com\/avatar\/ebbebff931219cff4c2d1e25c3229b2e036693f67bf237fb12f452d7a019a6da?s=96&d=mm&r=g\",\"caption\":\"Helen Leitner\"},\"url\":\"https:\/\/www.camac-harps.com\/blog\/fr\/author\/ltnr\/\"}]}<\/script>","yoast_head_json":{"title":"\"Brazilian Jazz Harp Immersion\", juillet 2016 - Camac Harps","robots":{"index":"index","follow":"follow","max-snippet":"max-snippet:-1","max-image-preview":"max-image-preview:large","max-video-preview":"max-video-preview:-1"},"canonical":"https:\/\/www.camac-harps.com\/blog\/fr\/actualites\/brazilian-jazz-harp-immersion-juillet-2016\/","og_locale":"fr_FR","og_type":"article","og_title":"\"Brazilian Jazz Harp Immersion\", juillet 2016 - Camac Harps","og_description":"Une belle opportunit\u00e9 de passer 10 jours en immersion dans le jazz, avec une \u00e9quipe p\u00e9dagogique de haut niveau et dans un environnement idyllique ! Nous sommes tr\u00e8s fiers d'offrir quatre bourses de 500 dollars pour participer \u00e0 cette \"Brazilian Jazz Harp Immersion\".","og_url":"https:\/\/www.camac-harps.com\/blog\/fr\/actualites\/brazilian-jazz-harp-immersion-juillet-2016\/","og_site_name":"Camac Harps","article_published_time":"2015-12-01T15:24:52+00:00","article_modified_time":"2017-07-06T03:03:33+00:00","og_image":[{"width":1000,"height":556,"url":"https:\/\/www.camac-harps.com\/blog\/wp-content\/uploads\/sites\/27\/2015\/11\/cristina-braga-e1449748547172.jpg","type":"image\/jpeg"}],"author":"Helen Leitner","twitter_card":"summary_large_image","twitter_misc":{"\u00c9crit par":"Helen Leitner","Dur\u00e9e de lecture estim\u00e9e":"1 minute"},"schema":{"@context":"https:\/\/schema.org","@graph":[{"@type":"Article","@id":"https:\/\/www.camac-harps.com\/blog\/fr\/actualites\/brazilian-jazz-harp-immersion-juillet-2016\/#article","isPartOf":{"@id":"https:\/\/www.camac-harps.com\/blog\/fr\/actualites\/brazilian-jazz-harp-immersion-juillet-2016\/"},"author":{"name":"Helen Leitner","@id":"https:\/\/www.camac-harps.com\/blog\/fr\/#\/schema\/person\/59b9e6843c0338179fb914afaf144d22"},"headline":"\u00ab\u00a0Brazilian Jazz Harp Immersion\u00a0\u00bb, juillet 2016","datePublished":"2015-12-01T15:24:52+00:00","dateModified":"2017-07-06T03:03:33+00:00","mainEntityOfPage":{"@id":"https:\/\/www.camac-harps.com\/blog\/fr\/actualites\/brazilian-jazz-harp-immersion-juillet-2016\/"},"wordCount":265,"commentCount":0,"image":{"@id":"https:\/\/www.camac-harps.com\/blog\/fr\/actualites\/brazilian-jazz-harp-immersion-juillet-2016\/#primaryimage"},"thumbnailUrl":"https:\/\/www.camac-harps.com\/blog\/wp-content\/uploads\/sites\/27\/2015\/11\/cristina-braga-e1449748547172.jpg","keywords":["artistes","jazz","stages","vos projets"],"articleSection":["Actualit\u00e9s"],"inLanguage":"fr-FR","potentialAction":[{"@type":"CommentAction","name":"Comment","target":["https:\/\/www.camac-harps.com\/blog\/fr\/actualites\/brazilian-jazz-harp-immersion-juillet-2016\/#respond"]}]},{"@type":"WebPage","@id":"https:\/\/www.camac-harps.com\/blog\/fr\/actualites\/brazilian-jazz-harp-immersion-juillet-2016\/","url":"https:\/\/www.camac-harps.com\/blog\/fr\/actualites\/brazilian-jazz-harp-immersion-juillet-2016\/","name":"\"Brazilian Jazz Harp Immersion\", juillet 2016 - Camac Harps","isPartOf":{"@id":"https:\/\/www.camac-harps.com\/blog\/fr\/#website"},"primaryImageOfPage":{"@id":"https:\/\/www.camac-harps.com\/blog\/fr\/actualites\/brazilian-jazz-harp-immersion-juillet-2016\/#primaryimage"},"image":{"@id":"https:\/\/www.camac-harps.com\/blog\/fr\/actualites\/brazilian-jazz-harp-immersion-juillet-2016\/#primaryimage"},"thumbnailUrl":"https:\/\/www.camac-harps.com\/blog\/wp-content\/uploads\/sites\/27\/2015\/11\/cristina-braga-e1449748547172.jpg","datePublished":"2015-12-01T15:24:52+00:00","dateModified":"2017-07-06T03:03:33+00:00","author":{"@id":"https:\/\/www.camac-harps.com\/blog\/fr\/#\/schema\/person\/59b9e6843c0338179fb914afaf144d22"},"breadcrumb":{"@id":"https:\/\/www.camac-harps.com\/blog\/fr\/actualites\/brazilian-jazz-harp-immersion-juillet-2016\/#breadcrumb"},"inLanguage":"fr-FR","potentialAction":[{"@type":"ReadAction","target":["https:\/\/www.camac-harps.com\/blog\/fr\/actualites\/brazilian-jazz-harp-immersion-juillet-2016\/"]}]},{"@type":"ImageObject","inLanguage":"fr-FR","@id":"https:\/\/www.camac-harps.com\/blog\/fr\/actualites\/brazilian-jazz-harp-immersion-juillet-2016\/#primaryimage","url":"https:\/\/www.camac-harps.com\/blog\/wp-content\/uploads\/sites\/27\/2015\/11\/cristina-braga-e1449748547172.jpg","contentUrl":"https:\/\/www.camac-harps.com\/blog\/wp-content\/uploads\/sites\/27\/2015\/11\/cristina-braga-e1449748547172.jpg","width":1000,"height":556},{"@type":"BreadcrumbList","@id":"https:\/\/www.camac-harps.com\/blog\/fr\/actualites\/brazilian-jazz-harp-immersion-juillet-2016\/#breadcrumb","itemListElement":[{"@type":"ListItem","position":1,"name":"Home","item":"https:\/\/www.camac-harps.com\/blog\/fr\/"},{"@type":"ListItem","position":2,"name":"\u00ab\u00a0Brazilian Jazz Harp Immersion\u00a0\u00bb, juillet 2016"}]},{"@type":"WebSite","@id":"https:\/\/www.camac-harps.com\/blog\/fr\/#website","url":"https:\/\/www.camac-harps.com\/blog\/fr\/","name":"Camac Harps","description":"","potentialAction":[{"@type":"SearchAction","target":{"@type":"EntryPoint","urlTemplate":"https:\/\/www.camac-harps.com\/blog\/fr\/?s={search_term_string}"},"query-input":{"@type":"PropertyValueSpecification","valueRequired":true,"valueName":"search_term_string"}}],"inLanguage":"fr-FR"},{"@type":"Person","@id":"https:\/\/www.camac-harps.com\/blog\/fr\/#\/schema\/person\/59b9e6843c0338179fb914afaf144d22","name":"Helen Leitner","image":{"@type":"ImageObject","inLanguage":"fr-FR","@id":"https:\/\/www.camac-harps.com\/blog\/fr\/#\/schema\/person\/image\/","url":"https:\/\/secure.gravatar.com\/avatar\/ebbebff931219cff4c2d1e25c3229b2e036693f67bf237fb12f452d7a019a6da?s=96&d=mm&r=g","contentUrl":"https:\/\/secure.gravatar.com\/avatar\/ebbebff931219cff4c2d1e25c3229b2e036693f67bf237fb12f452d7a019a6da?s=96&d=mm&r=g","caption":"Helen Leitner"},"url":"https:\/\/www.camac-harps.com\/blog\/fr\/author\/ltnr\/"}]}},"_links":{"self":[{"href":"https:\/\/www.camac-harps.com\/blog\/fr\/wp-json\/wp\/v2\/posts\/2780","targetHints":{"allow":["GET"]}}],"collection":[{"href":"https:\/\/www.camac-harps.com\/blog\/fr\/wp-json\/wp\/v2\/posts"}],"about":[{"href":"https:\/\/www.camac-harps.com\/blog\/fr\/wp-json\/wp\/v2\/types\/post"}],"author":[{"embeddable":true,"href":"https:\/\/www.camac-harps.com\/blog\/fr\/wp-json\/wp\/v2\/users\/3"}],"replies":[{"embeddable":true,"href":"https:\/\/www.camac-harps.com\/blog\/fr\/wp-json\/wp\/v2\/comments?post=2780"}],"version-history":[{"count":2,"href":"https:\/\/www.camac-harps.com\/blog\/fr\/wp-json\/wp\/v2\/posts\/2780\/revisions"}],"predecessor-version":[{"id":21187,"href":"https:\/\/www.camac-harps.com\/blog\/fr\/wp-json\/wp\/v2\/posts\/2780\/revisions\/21187"}],"wp:featuredmedia":[{"embeddable":true,"href":"https:\/\/www.camac-harps.com\/blog\/fr\/wp-json\/wp\/v2\/media\/2770"}],"wp:attachment":[{"href":"https:\/\/www.camac-harps.com\/blog\/fr\/wp-json\/wp\/v2\/media?parent=2780"}],"wp:term":[{"taxonomy":"category","embeddable":true,"href":"https:\/\/www.camac-harps.com\/blog\/fr\/wp-json\/wp\/v2\/categories?post=2780"},{"taxonomy":"post_tag","embeddable":true,"href":"https:\/\/www.camac-harps.com\/blog\/fr\/wp-json\/wp\/v2\/tags?post=2780"}],"curies":[{"name":"wp","href":"https:\/\/api.w.org\/{rel}","templated":true}]}}