{"id":28630,"date":"2021-02-05T17:09:29","date_gmt":"2021-02-05T15:09:29","guid":{"rendered":"https:\/\/www.camac-harps.com\/blog\/non-classifiee\/les-jeudis-de-la-harpe-the-sequel\/"},"modified":"2022-11-29T10:49:40","modified_gmt":"2022-11-29T08:49:40","slug":"les-jeudis-de-la-harpe-jouent-les-prolongations","status":"publish","type":"post","link":"https:\/\/www.camac-harps.com\/blog\/fr\/actualites\/les-jeudis-de-la-harpe-jouent-les-prolongations\/","title":{"rendered":"Les Jeudis de la Harpe jouent&#8230; LES PROLONGATIONS"},"content":{"rendered":"<h3 style=\"text-align: justify;\"><em><a href=\"https:\/\/www.camac-harps.com\/blog\/wp-content\/uploads\/sites\/27\/2021\/02\/jeudisdelaharpe-scaled.jpg\"><img loading=\"lazy\" decoding=\"async\" class=\"size-large wp-image-28624 aligncenter\" src=\"https:\/\/www.camac-harps.com\/blog\/wp-content\/uploads\/sites\/27\/2021\/02\/jeudisdelaharpe-1024x320.jpg\" alt=\"Les Jeudis de la Harpe\" width=\"1024\" height=\"320\" srcset=\"https:\/\/www.camac-harps.com\/blog\/wp-content\/uploads\/sites\/27\/2021\/02\/jeudisdelaharpe-1024x320.jpg 1024w, https:\/\/www.camac-harps.com\/blog\/wp-content\/uploads\/sites\/27\/2021\/02\/jeudisdelaharpe-300x94.jpg 300w, https:\/\/www.camac-harps.com\/blog\/wp-content\/uploads\/sites\/27\/2021\/02\/jeudisdelaharpe-768x240.jpg 768w, https:\/\/www.camac-harps.com\/blog\/wp-content\/uploads\/sites\/27\/2021\/02\/jeudisdelaharpe-1536x480.jpg 1536w, https:\/\/www.camac-harps.com\/blog\/wp-content\/uploads\/sites\/27\/2021\/02\/jeudisdelaharpe-2048x640.jpg 2048w, https:\/\/www.camac-harps.com\/blog\/wp-content\/uploads\/sites\/27\/2021\/02\/jeudisdelaharpe-2000x625.jpg 2000w, https:\/\/www.camac-harps.com\/blog\/wp-content\/uploads\/sites\/27\/2021\/02\/jeudisdelaharpe-1000x313.jpg 1000w, https:\/\/www.camac-harps.com\/blog\/wp-content\/uploads\/sites\/27\/2021\/02\/jeudisdelaharpe-500x156.jpg 500w, https:\/\/www.camac-harps.com\/blog\/wp-content\/uploads\/sites\/27\/2021\/02\/jeudisdelaharpe-800x250.jpg 800w, https:\/\/www.camac-harps.com\/blog\/wp-content\/uploads\/sites\/27\/2021\/02\/jeudisdelaharpe-55x17.jpg 55w, https:\/\/www.camac-harps.com\/blog\/wp-content\/uploads\/sites\/27\/2021\/02\/jeudisdelaharpe-250x78.jpg 250w\" sizes=\"auto, (max-width: 1024px) 100vw, 1024px\" \/><\/a><\/em><\/h3>\n<h3 style=\"text-align: justify;\">\u00a0<\/h3>\n<h3 style=\"text-align: justify;\">Un peu d\u2019histoire&#8230;<\/h3>\n<p style=\"text-align: justify;\">Novembre 2020, la deuxi\u00e8me vague de Covid-19 d\u00e9ferlait sur monde. Beaucoup d&rsquo;entre nous \u00e9taient contraints au confinement, et toutes les manifestations musicales \u00e9taient annul\u00e9es. Le milieu musical perdait \u00e0 nouveau espoir, un d\u00e9sarroi que nous partagions pleinement.<\/p>\n<p style=\"text-align: justify;\">Quant \u00e0 notre salle de <a href=\"https:\/\/www.camac-harps.com\/fr\/lespace-camac-de-paris\/\">l\u2019Espace Camac de Paris<\/a>, elle \u00e9tait \u00e9galement ferm\u00e9e au public. Mais, puisque nous \u00e9tions toujours autoris\u00e9s \u00e0 y travailler, une id\u00e9e a commenc\u00e9 \u00e0 germer&#8230;<\/p>\n<p style=\"text-align: justify;\">Avec toute la r\u00e9activit\u00e9 et le professionnalisme qui nous caract\u00e9risent, nous avons organis\u00e9 une s\u00e9rie de concerts en ligne diffus\u00e9s \u00e0 partir de la sc\u00e8ne de l&rsquo;Espace Camac de Paris. Il \u00e9tait \u00e9videmment hors de question de faire venir des artistes de l\u2019\u00e9tranger, mais lorsqu\u2019on est au c\u0153ur de la capitale fran\u00e7aise, la question ne se pose pas. Huit harpistes, tous bas\u00e9s \u00e0 Paris, ont ainsi particip\u00e9 \u00e0 cette s\u00e9rie des \u00ab Jeudis Classiques \u00bb en ligne.<\/p>\n<p style=\"text-align: justify;\">Nous avons \u00e9t\u00e9 enthousiasm\u00e9s par le succ\u00e8s de ces concerts. Superbement interpr\u00e9t\u00e9e par nos artistes invit\u00e9s, magnifiquement capt\u00e9e par Julien Hanck, <a href=\"https:\/\/www.youtube.com\/playlist?list=PLPQsClxaZW8cqcupM2hqj5Ei4YuWUUIJJ\">cette s\u00e9rie<\/a> a d\u00e9j\u00e0 suscit\u00e9 des dizaines de milliers de vues sur YouTube. Chaque jeudi soir, \u00e0 19h30 heure de Paris, nous \u00e9tions rejoints pour les premi\u00e8res diffusions en ligne par de tr\u00e8s nombreux spectateurs fran\u00e7ais, mais \u00e9galement du monde entier. Bien que nous ne puissions pas \u00eatre ensemble physiquement, nous pouvions tout de m\u00eame partager cette heure privil\u00e9gi\u00e9e, parenth\u00e8se musicale au milieu du maelstr\u00f6m de la crise sanitaire.<\/p>\n<p style=\"text-align: justify;\">Nous voici en f\u00e9vrier 2021, et nous attendons toujours de pouvoir retrouver les sc\u00e8nes de concert. Nous devrons faire encore preuve de patience, mais nous sommes heureux de vous annoncer que les \u00ab Jeudis de la harpe \u00bb jouent les prolongations !<\/p>\n<p style=\"text-align: justify;\">Pr\u00e9parez-vous \u00e0 une deuxi\u00e8me s\u00e9rie, avec toute la richesse et la vari\u00e9t\u00e9 dont la harpe b\u00e9n\u00e9ficie en 2021. Il y aura \u00e9videmment de la musique classique, mais aussi du r\u00e9pertoire traditionnel, du jazz, et m\u00eame les r\u00e9v\u00e9lations des derni\u00e8res \u00e9ditions de l\u2019\u00e9mission <a href=\"https:\/\/www.tf1.fr\/tf1\/the-voice\">The Voice<\/a>. Et vous n&rsquo;avez pas besoin de changer vos habitudes : m\u00eame heure (le jeudi \u00e0 19h30, heure de Paris), m\u00eame endroit (notre cha\u00eene YouTube <a href=\"https:\/\/www.youtube.com\/channel\/UClOF2CLQEHk7WM4fRdy3SKw\">CamacHarpsOfficial<\/a>).<\/p>\n<p style=\"text-align: justify;\">Nous commen\u00e7ons d\u00e8s la semaine prochaine ! Nous nous r\u00e9jouissons de vous retrouver le jeudi 11 f\u00e9vrier, et les suivants jusqu\u2019au 1er avril 2021.<\/p>\n<p style=\"text-align: justify;\">\u00a0<\/p>\n","protected":false},"excerpt":{"rendered":"<p>L\u2019accueil r\u00e9serv\u00e9 \u00e0 notre s\u00e9rie de concerts sur YouTube a \u00e9t\u00e9 tr\u00e8s positif &#8211; il nous faut donc envisager une suite ! <\/p>\n","protected":false},"author":3,"featured_media":28641,"comment_status":"open","ping_status":"open","sticky":false,"template":"","format":"standard","meta":{"_acf_changed":false,"footnotes":""},"categories":[781,533],"tags":[],"class_list":["post-28630","post","type-post","status-publish","format-standard","has-post-thumbnail","hentry","category-alaune","category-actualites"],"acf":[],"yoast_head":"<title>Concerts de harpe en ligne - Les Harpes Camac<\/title>\n<meta name=\"description\" content=\"Les Jeudis de la Harpe commenceront le 11 f\u00e9vrier 2021, avec toute la richesse et la vari\u00e9t\u00e9 de la harpe du XXIe si\u00e8cle. @CamacHarpsOfficiel sur YouTube.\" \/>\n<meta name=\"robots\" content=\"index, follow, max-snippet:-1, max-image-preview:large, max-video-preview:-1\" \/>\n<link rel=\"canonical\" href=\"https:\/\/www.camac-harps.com\/blog\/fr\/actualites\/les-jeudis-de-la-harpe-jouent-les-prolongations\/\" \/>\n<meta property=\"og:locale\" content=\"fr_FR\" \/>\n<meta property=\"og:type\" content=\"article\" \/>\n<meta property=\"og:title\" content=\"Concerts de harpe en ligne - Les Harpes Camac\" \/>\n<meta property=\"og:description\" content=\"Les Jeudis de la Harpe commenceront le 11 f\u00e9vrier 2021, avec toute la richesse et la vari\u00e9t\u00e9 de la harpe du XXIe si\u00e8cle. @CamacHarpsOfficiel sur YouTube.\" \/>\n<meta property=\"og:url\" content=\"https:\/\/www.camac-harps.com\/blog\/fr\/actualites\/les-jeudis-de-la-harpe-jouent-les-prolongations\/\" \/>\n<meta property=\"og:site_name\" content=\"Camac Harps\" \/>\n<meta property=\"article:published_time\" content=\"2021-02-05T15:09:29+00:00\" \/>\n<meta property=\"article:modified_time\" content=\"2022-11-29T08:49:40+00:00\" \/>\n<meta property=\"og:image\" content=\"https:\/\/www.camac-harps.com\/blog\/wp-content\/uploads\/sites\/27\/2021\/02\/maq2-bannieres-instagram-1600x1600px-jeudis-de-la-harpe-olympia-generique-fr.jpg\" \/>\n\t<meta property=\"og:image:width\" content=\"1600\" \/>\n\t<meta property=\"og:image:height\" content=\"1600\" \/>\n\t<meta property=\"og:image:type\" content=\"image\/jpeg\" \/>\n<meta name=\"author\" content=\"Helen Leitner\" \/>\n<meta name=\"twitter:card\" content=\"summary_large_image\" \/>\n<meta name=\"twitter:label1\" content=\"\u00c9crit par\" \/>\n\t<meta name=\"twitter:data1\" content=\"Helen Leitner\" \/>\n\t<meta name=\"twitter:label2\" content=\"Dur\u00e9e de lecture estim\u00e9e\" \/>\n\t<meta name=\"twitter:data2\" content=\"2 minutes\" \/>\n<script type=\"application\/ld+json\" class=\"yoast-schema-graph\">{\"@context\":\"https:\/\/schema.org\",\"@graph\":[{\"@type\":\"Article\",\"@id\":\"https:\/\/www.camac-harps.com\/blog\/fr\/actualites\/les-jeudis-de-la-harpe-jouent-les-prolongations\/#article\",\"isPartOf\":{\"@id\":\"https:\/\/www.camac-harps.com\/blog\/fr\/actualites\/les-jeudis-de-la-harpe-jouent-les-prolongations\/\"},\"author\":{\"name\":\"Helen Leitner\",\"@id\":\"https:\/\/www.camac-harps.com\/blog\/fr\/#\/schema\/person\/59b9e6843c0338179fb914afaf144d22\"},\"headline\":\"Les Jeudis de la Harpe jouent&#8230; LES PROLONGATIONS\",\"datePublished\":\"2021-02-05T15:09:29+00:00\",\"dateModified\":\"2022-11-29T08:49:40+00:00\",\"mainEntityOfPage\":{\"@id\":\"https:\/\/www.camac-harps.com\/blog\/fr\/actualites\/les-jeudis-de-la-harpe-jouent-les-prolongations\/\"},\"wordCount\":419,\"commentCount\":0,\"image\":{\"@id\":\"https:\/\/www.camac-harps.com\/blog\/fr\/actualites\/les-jeudis-de-la-harpe-jouent-les-prolongations\/#primaryimage\"},\"thumbnailUrl\":\"https:\/\/www.camac-harps.com\/blog\/wp-content\/uploads\/sites\/27\/2021\/02\/maq2-bannieres-instagram-1600x1600px-jeudis-de-la-harpe-olympia-generique-fr.jpg\",\"articleSection\":[\"\u00c0 la une\",\"Actualit\u00e9s\"],\"inLanguage\":\"fr-FR\",\"potentialAction\":[{\"@type\":\"CommentAction\",\"name\":\"Comment\",\"target\":[\"https:\/\/www.camac-harps.com\/blog\/fr\/actualites\/les-jeudis-de-la-harpe-jouent-les-prolongations\/#respond\"]}]},{\"@type\":\"WebPage\",\"@id\":\"https:\/\/www.camac-harps.com\/blog\/fr\/actualites\/les-jeudis-de-la-harpe-jouent-les-prolongations\/\",\"url\":\"https:\/\/www.camac-harps.com\/blog\/fr\/actualites\/les-jeudis-de-la-harpe-jouent-les-prolongations\/\",\"name\":\"Concerts de harpe en ligne - Les Harpes Camac\",\"isPartOf\":{\"@id\":\"https:\/\/www.camac-harps.com\/blog\/fr\/#website\"},\"primaryImageOfPage\":{\"@id\":\"https:\/\/www.camac-harps.com\/blog\/fr\/actualites\/les-jeudis-de-la-harpe-jouent-les-prolongations\/#primaryimage\"},\"image\":{\"@id\":\"https:\/\/www.camac-harps.com\/blog\/fr\/actualites\/les-jeudis-de-la-harpe-jouent-les-prolongations\/#primaryimage\"},\"thumbnailUrl\":\"https:\/\/www.camac-harps.com\/blog\/wp-content\/uploads\/sites\/27\/2021\/02\/maq2-bannieres-instagram-1600x1600px-jeudis-de-la-harpe-olympia-generique-fr.jpg\",\"datePublished\":\"2021-02-05T15:09:29+00:00\",\"dateModified\":\"2022-11-29T08:49:40+00:00\",\"author\":{\"@id\":\"https:\/\/www.camac-harps.com\/blog\/fr\/#\/schema\/person\/59b9e6843c0338179fb914afaf144d22\"},\"description\":\"Les Jeudis de la Harpe commenceront le 11 f\u00e9vrier 2021, avec toute la richesse et la vari\u00e9t\u00e9 de la harpe du XXIe si\u00e8cle. @CamacHarpsOfficiel sur YouTube.\",\"breadcrumb\":{\"@id\":\"https:\/\/www.camac-harps.com\/blog\/fr\/actualites\/les-jeudis-de-la-harpe-jouent-les-prolongations\/#breadcrumb\"},\"inLanguage\":\"fr-FR\",\"potentialAction\":[{\"@type\":\"ReadAction\",\"target\":[\"https:\/\/www.camac-harps.com\/blog\/fr\/actualites\/les-jeudis-de-la-harpe-jouent-les-prolongations\/\"]}]},{\"@type\":\"ImageObject\",\"inLanguage\":\"fr-FR\",\"@id\":\"https:\/\/www.camac-harps.com\/blog\/fr\/actualites\/les-jeudis-de-la-harpe-jouent-les-prolongations\/#primaryimage\",\"url\":\"https:\/\/www.camac-harps.com\/blog\/wp-content\/uploads\/sites\/27\/2021\/02\/maq2-bannieres-instagram-1600x1600px-jeudis-de-la-harpe-olympia-generique-fr.jpg\",\"contentUrl\":\"https:\/\/www.camac-harps.com\/blog\/wp-content\/uploads\/sites\/27\/2021\/02\/maq2-bannieres-instagram-1600x1600px-jeudis-de-la-harpe-olympia-generique-fr.jpg\",\"width\":1600,\"height\":1600,\"caption\":\"Les Jeudis de la Harpe\"},{\"@type\":\"BreadcrumbList\",\"@id\":\"https:\/\/www.camac-harps.com\/blog\/fr\/actualites\/les-jeudis-de-la-harpe-jouent-les-prolongations\/#breadcrumb\",\"itemListElement\":[{\"@type\":\"ListItem\",\"position\":1,\"name\":\"Home\",\"item\":\"https:\/\/www.camac-harps.com\/blog\/fr\/\"},{\"@type\":\"ListItem\",\"position\":2,\"name\":\"Les Jeudis de la Harpe jouent&#8230; LES PROLONGATIONS\"}]},{\"@type\":\"WebSite\",\"@id\":\"https:\/\/www.camac-harps.com\/blog\/fr\/#website\",\"url\":\"https:\/\/www.camac-harps.com\/blog\/fr\/\",\"name\":\"Camac Harps\",\"description\":\"\",\"potentialAction\":[{\"@type\":\"SearchAction\",\"target\":{\"@type\":\"EntryPoint\",\"urlTemplate\":\"https:\/\/www.camac-harps.com\/blog\/fr\/?s={search_term_string}\"},\"query-input\":{\"@type\":\"PropertyValueSpecification\",\"valueRequired\":true,\"valueName\":\"search_term_string\"}}],\"inLanguage\":\"fr-FR\"},{\"@type\":\"Person\",\"@id\":\"https:\/\/www.camac-harps.com\/blog\/fr\/#\/schema\/person\/59b9e6843c0338179fb914afaf144d22\",\"name\":\"Helen Leitner\",\"image\":{\"@type\":\"ImageObject\",\"inLanguage\":\"fr-FR\",\"@id\":\"https:\/\/www.camac-harps.com\/blog\/fr\/#\/schema\/person\/image\/\",\"url\":\"https:\/\/secure.gravatar.com\/avatar\/ebbebff931219cff4c2d1e25c3229b2e036693f67bf237fb12f452d7a019a6da?s=96&d=mm&r=g\",\"contentUrl\":\"https:\/\/secure.gravatar.com\/avatar\/ebbebff931219cff4c2d1e25c3229b2e036693f67bf237fb12f452d7a019a6da?s=96&d=mm&r=g\",\"caption\":\"Helen Leitner\"},\"url\":\"https:\/\/www.camac-harps.com\/blog\/fr\/author\/ltnr\/\"}]}<\/script>","yoast_head_json":{"title":"Concerts de harpe en ligne - Les Harpes Camac","description":"Les Jeudis de la Harpe commenceront le 11 f\u00e9vrier 2021, avec toute la richesse et la vari\u00e9t\u00e9 de la harpe du XXIe si\u00e8cle. @CamacHarpsOfficiel sur YouTube.","robots":{"index":"index","follow":"follow","max-snippet":"max-snippet:-1","max-image-preview":"max-image-preview:large","max-video-preview":"max-video-preview:-1"},"canonical":"https:\/\/www.camac-harps.com\/blog\/fr\/actualites\/les-jeudis-de-la-harpe-jouent-les-prolongations\/","og_locale":"fr_FR","og_type":"article","og_title":"Concerts de harpe en ligne - Les Harpes Camac","og_description":"Les Jeudis de la Harpe commenceront le 11 f\u00e9vrier 2021, avec toute la richesse et la vari\u00e9t\u00e9 de la harpe du XXIe si\u00e8cle. @CamacHarpsOfficiel sur YouTube.","og_url":"https:\/\/www.camac-harps.com\/blog\/fr\/actualites\/les-jeudis-de-la-harpe-jouent-les-prolongations\/","og_site_name":"Camac Harps","article_published_time":"2021-02-05T15:09:29+00:00","article_modified_time":"2022-11-29T08:49:40+00:00","og_image":[{"width":1600,"height":1600,"url":"https:\/\/www.camac-harps.com\/blog\/wp-content\/uploads\/sites\/27\/2021\/02\/maq2-bannieres-instagram-1600x1600px-jeudis-de-la-harpe-olympia-generique-fr.jpg","type":"image\/jpeg"}],"author":"Helen Leitner","twitter_card":"summary_large_image","twitter_misc":{"\u00c9crit par":"Helen Leitner","Dur\u00e9e de lecture estim\u00e9e":"2 minutes"},"schema":{"@context":"https:\/\/schema.org","@graph":[{"@type":"Article","@id":"https:\/\/www.camac-harps.com\/blog\/fr\/actualites\/les-jeudis-de-la-harpe-jouent-les-prolongations\/#article","isPartOf":{"@id":"https:\/\/www.camac-harps.com\/blog\/fr\/actualites\/les-jeudis-de-la-harpe-jouent-les-prolongations\/"},"author":{"name":"Helen Leitner","@id":"https:\/\/www.camac-harps.com\/blog\/fr\/#\/schema\/person\/59b9e6843c0338179fb914afaf144d22"},"headline":"Les Jeudis de la Harpe jouent&#8230; LES PROLONGATIONS","datePublished":"2021-02-05T15:09:29+00:00","dateModified":"2022-11-29T08:49:40+00:00","mainEntityOfPage":{"@id":"https:\/\/www.camac-harps.com\/blog\/fr\/actualites\/les-jeudis-de-la-harpe-jouent-les-prolongations\/"},"wordCount":419,"commentCount":0,"image":{"@id":"https:\/\/www.camac-harps.com\/blog\/fr\/actualites\/les-jeudis-de-la-harpe-jouent-les-prolongations\/#primaryimage"},"thumbnailUrl":"https:\/\/www.camac-harps.com\/blog\/wp-content\/uploads\/sites\/27\/2021\/02\/maq2-bannieres-instagram-1600x1600px-jeudis-de-la-harpe-olympia-generique-fr.jpg","articleSection":["\u00c0 la une","Actualit\u00e9s"],"inLanguage":"fr-FR","potentialAction":[{"@type":"CommentAction","name":"Comment","target":["https:\/\/www.camac-harps.com\/blog\/fr\/actualites\/les-jeudis-de-la-harpe-jouent-les-prolongations\/#respond"]}]},{"@type":"WebPage","@id":"https:\/\/www.camac-harps.com\/blog\/fr\/actualites\/les-jeudis-de-la-harpe-jouent-les-prolongations\/","url":"https:\/\/www.camac-harps.com\/blog\/fr\/actualites\/les-jeudis-de-la-harpe-jouent-les-prolongations\/","name":"Concerts de harpe en ligne - Les Harpes Camac","isPartOf":{"@id":"https:\/\/www.camac-harps.com\/blog\/fr\/#website"},"primaryImageOfPage":{"@id":"https:\/\/www.camac-harps.com\/blog\/fr\/actualites\/les-jeudis-de-la-harpe-jouent-les-prolongations\/#primaryimage"},"image":{"@id":"https:\/\/www.camac-harps.com\/blog\/fr\/actualites\/les-jeudis-de-la-harpe-jouent-les-prolongations\/#primaryimage"},"thumbnailUrl":"https:\/\/www.camac-harps.com\/blog\/wp-content\/uploads\/sites\/27\/2021\/02\/maq2-bannieres-instagram-1600x1600px-jeudis-de-la-harpe-olympia-generique-fr.jpg","datePublished":"2021-02-05T15:09:29+00:00","dateModified":"2022-11-29T08:49:40+00:00","author":{"@id":"https:\/\/www.camac-harps.com\/blog\/fr\/#\/schema\/person\/59b9e6843c0338179fb914afaf144d22"},"description":"Les Jeudis de la Harpe commenceront le 11 f\u00e9vrier 2021, avec toute la richesse et la vari\u00e9t\u00e9 de la harpe du XXIe si\u00e8cle. @CamacHarpsOfficiel sur YouTube.","breadcrumb":{"@id":"https:\/\/www.camac-harps.com\/blog\/fr\/actualites\/les-jeudis-de-la-harpe-jouent-les-prolongations\/#breadcrumb"},"inLanguage":"fr-FR","potentialAction":[{"@type":"ReadAction","target":["https:\/\/www.camac-harps.com\/blog\/fr\/actualites\/les-jeudis-de-la-harpe-jouent-les-prolongations\/"]}]},{"@type":"ImageObject","inLanguage":"fr-FR","@id":"https:\/\/www.camac-harps.com\/blog\/fr\/actualites\/les-jeudis-de-la-harpe-jouent-les-prolongations\/#primaryimage","url":"https:\/\/www.camac-harps.com\/blog\/wp-content\/uploads\/sites\/27\/2021\/02\/maq2-bannieres-instagram-1600x1600px-jeudis-de-la-harpe-olympia-generique-fr.jpg","contentUrl":"https:\/\/www.camac-harps.com\/blog\/wp-content\/uploads\/sites\/27\/2021\/02\/maq2-bannieres-instagram-1600x1600px-jeudis-de-la-harpe-olympia-generique-fr.jpg","width":1600,"height":1600,"caption":"Les Jeudis de la Harpe"},{"@type":"BreadcrumbList","@id":"https:\/\/www.camac-harps.com\/blog\/fr\/actualites\/les-jeudis-de-la-harpe-jouent-les-prolongations\/#breadcrumb","itemListElement":[{"@type":"ListItem","position":1,"name":"Home","item":"https:\/\/www.camac-harps.com\/blog\/fr\/"},{"@type":"ListItem","position":2,"name":"Les Jeudis de la Harpe jouent&#8230; LES PROLONGATIONS"}]},{"@type":"WebSite","@id":"https:\/\/www.camac-harps.com\/blog\/fr\/#website","url":"https:\/\/www.camac-harps.com\/blog\/fr\/","name":"Camac Harps","description":"","potentialAction":[{"@type":"SearchAction","target":{"@type":"EntryPoint","urlTemplate":"https:\/\/www.camac-harps.com\/blog\/fr\/?s={search_term_string}"},"query-input":{"@type":"PropertyValueSpecification","valueRequired":true,"valueName":"search_term_string"}}],"inLanguage":"fr-FR"},{"@type":"Person","@id":"https:\/\/www.camac-harps.com\/blog\/fr\/#\/schema\/person\/59b9e6843c0338179fb914afaf144d22","name":"Helen Leitner","image":{"@type":"ImageObject","inLanguage":"fr-FR","@id":"https:\/\/www.camac-harps.com\/blog\/fr\/#\/schema\/person\/image\/","url":"https:\/\/secure.gravatar.com\/avatar\/ebbebff931219cff4c2d1e25c3229b2e036693f67bf237fb12f452d7a019a6da?s=96&d=mm&r=g","contentUrl":"https:\/\/secure.gravatar.com\/avatar\/ebbebff931219cff4c2d1e25c3229b2e036693f67bf237fb12f452d7a019a6da?s=96&d=mm&r=g","caption":"Helen Leitner"},"url":"https:\/\/www.camac-harps.com\/blog\/fr\/author\/ltnr\/"}]}},"_links":{"self":[{"href":"https:\/\/www.camac-harps.com\/blog\/fr\/wp-json\/wp\/v2\/posts\/28630","targetHints":{"allow":["GET"]}}],"collection":[{"href":"https:\/\/www.camac-harps.com\/blog\/fr\/wp-json\/wp\/v2\/posts"}],"about":[{"href":"https:\/\/www.camac-harps.com\/blog\/fr\/wp-json\/wp\/v2\/types\/post"}],"author":[{"embeddable":true,"href":"https:\/\/www.camac-harps.com\/blog\/fr\/wp-json\/wp\/v2\/users\/3"}],"replies":[{"embeddable":true,"href":"https:\/\/www.camac-harps.com\/blog\/fr\/wp-json\/wp\/v2\/comments?post=28630"}],"version-history":[{"count":6,"href":"https:\/\/www.camac-harps.com\/blog\/fr\/wp-json\/wp\/v2\/posts\/28630\/revisions"}],"predecessor-version":[{"id":30280,"href":"https:\/\/www.camac-harps.com\/blog\/fr\/wp-json\/wp\/v2\/posts\/28630\/revisions\/30280"}],"wp:featuredmedia":[{"embeddable":true,"href":"https:\/\/www.camac-harps.com\/blog\/fr\/wp-json\/wp\/v2\/media\/28641"}],"wp:attachment":[{"href":"https:\/\/www.camac-harps.com\/blog\/fr\/wp-json\/wp\/v2\/media?parent=28630"}],"wp:term":[{"taxonomy":"category","embeddable":true,"href":"https:\/\/www.camac-harps.com\/blog\/fr\/wp-json\/wp\/v2\/categories?post=28630"},{"taxonomy":"post_tag","embeddable":true,"href":"https:\/\/www.camac-harps.com\/blog\/fr\/wp-json\/wp\/v2\/tags?post=28630"}],"curies":[{"name":"wp","href":"https:\/\/api.w.org\/{rel}","templated":true}]}}