{"id":28843,"date":"2021-05-03T12:29:40","date_gmt":"2021-05-03T10:29:40","guid":{"rendered":"https:\/\/www.camac-harps.com\/blog\/?p=28843"},"modified":"2021-05-06T15:35:09","modified_gmt":"2021-05-06T13:35:09","slug":"bisiad","status":"publish","type":"post","link":"https:\/\/www.camac-harps.com\/blog\/fr\/actualites\/bisiad\/","title":{"rendered":"Bisiad&#8230;\u00ab ce qu&rsquo;on a dans les doigts ! \u00bb"},"content":{"rendered":"<p style=\"text-align: justify;\">Si vous n&rsquo;avez pas encore entendu parler de <a href=\"https:\/\/www.kevinlepennec.com\">Kevin Le Pennec<\/a>, sachez qu\u2019il fait partie de la nouvelle g\u00e9n\u00e9ration en musiques trad\u2019actuelles &#8211; et nous aimons ce qu&rsquo;il fait. Ne manquez pas son passage dans l&rsquo;\u00e9mission <a href=\"https:\/\/www.camac-harps.com\/fr\/les-jeudis-de-la-harpe-saison-iii\/#kevinlepennec\">Les Jeudis de la Harpe<\/a>, ce jeudi \u00e0 19h30 sur YouTube.<\/p>\n<p><a href=\"https:\/\/www.camac-harps.com\/fr\/les-jeudis-de-la-harpe-saison-iii\/#kevinlepennec\"><img loading=\"lazy\" decoding=\"async\" class=\"aligncenter size-large wp-image-28850\" src=\"https:\/\/www.camac-harps.com\/blog\/wp-content\/uploads\/sites\/27\/2021\/05\/maq1-bannieres-fbevent-1200x628-jeudis-de-la-harpe-iii-artistes-fr3-1024x536.jpg\" alt=\"Les Jeudis de la Harpe : Kevin Le Pennec \" width=\"1024\" height=\"536\" srcset=\"https:\/\/www.camac-harps.com\/blog\/wp-content\/uploads\/sites\/27\/2021\/05\/maq1-bannieres-fbevent-1200x628-jeudis-de-la-harpe-iii-artistes-fr3-1024x536.jpg 1024w, https:\/\/www.camac-harps.com\/blog\/wp-content\/uploads\/sites\/27\/2021\/05\/maq1-bannieres-fbevent-1200x628-jeudis-de-la-harpe-iii-artistes-fr3-300x157.jpg 300w, https:\/\/www.camac-harps.com\/blog\/wp-content\/uploads\/sites\/27\/2021\/05\/maq1-bannieres-fbevent-1200x628-jeudis-de-la-harpe-iii-artistes-fr3-768x402.jpg 768w, https:\/\/www.camac-harps.com\/blog\/wp-content\/uploads\/sites\/27\/2021\/05\/maq1-bannieres-fbevent-1200x628-jeudis-de-la-harpe-iii-artistes-fr3-1000x523.jpg 1000w, https:\/\/www.camac-harps.com\/blog\/wp-content\/uploads\/sites\/27\/2021\/05\/maq1-bannieres-fbevent-1200x628-jeudis-de-la-harpe-iii-artistes-fr3-800x419.jpg 800w, https:\/\/www.camac-harps.com\/blog\/wp-content\/uploads\/sites\/27\/2021\/05\/maq1-bannieres-fbevent-1200x628-jeudis-de-la-harpe-iii-artistes-fr3-55x29.jpg 55w, https:\/\/www.camac-harps.com\/blog\/wp-content\/uploads\/sites\/27\/2021\/05\/maq1-bannieres-fbevent-1200x628-jeudis-de-la-harpe-iii-artistes-fr3-250x131.jpg 250w, https:\/\/www.camac-harps.com\/blog\/wp-content\/uploads\/sites\/27\/2021\/05\/maq1-bannieres-fbevent-1200x628-jeudis-de-la-harpe-iii-artistes-fr3.jpg 1200w\" sizes=\"auto, (max-width: 1024px) 100vw, 1024px\" \/><\/a><\/p>\n<p style=\"text-align: justify;\">Si vous aimez cela, vous aimerez aussi ceci : Kevin vient \u00e9galement de sortir son premier album avec sa partenaire Morgane Gr\u00e9gory. Tous deux laur\u00e9ats du Troph\u00e9e Camac du Festival interceltique de Lorient (Morgane en 2017, c&rsquo;\u00e9tait le tour de Kevin en 2019), Kevin et Morgane ont form\u00e9 un duo alors qu&rsquo;ils \u00e9taient tous deux \u00e9tudiants \u00e0 Brest, en Bretagne.<\/p>\n<p style=\"text-align: justify;\"><a href=\"https:\/\/www.camac-harps.com\/blog\/wp-content\/uploads\/sites\/27\/2021\/05\/cdbis01.jpg\"><img loading=\"lazy\" decoding=\"async\" class=\"alignleft size-medium wp-image-28846\" src=\"https:\/\/www.camac-harps.com\/blog\/wp-content\/uploads\/sites\/27\/2021\/05\/cdbis01-300x268.jpg\" alt=\"Bisiad\" width=\"300\" height=\"268\" srcset=\"https:\/\/www.camac-harps.com\/blog\/wp-content\/uploads\/sites\/27\/2021\/05\/cdbis01-300x268.jpg 300w, https:\/\/www.camac-harps.com\/blog\/wp-content\/uploads\/sites\/27\/2021\/05\/cdbis01-768x685.jpg 768w, https:\/\/www.camac-harps.com\/blog\/wp-content\/uploads\/sites\/27\/2021\/05\/cdbis01-55x49.jpg 55w, https:\/\/www.camac-harps.com\/blog\/wp-content\/uploads\/sites\/27\/2021\/05\/cdbis01-250x223.jpg 250w, https:\/\/www.camac-harps.com\/blog\/wp-content\/uploads\/sites\/27\/2021\/05\/cdbis01.jpg 778w\" sizes=\"auto, (max-width: 300px) 100vw, 300px\" \/><\/a>Bisiad est un disque \u00e9ponyme ; le duo est nomm\u00e9 d&rsquo;apr\u00e8s le mot breton \u00a0\u00bb biz \u00ab\u00a0, ou doigt. Avec le suffixe \u00ab\u00a0iad\u00a0\u00bb, il signifie quelque chose comme \u00ab\u00a0ce que tu as dans les doigts\u00a0\u00bb. Dans le cas de Bisiad, c&rsquo;est beaucoup !<\/p>\n<p style=\"text-align: justify;\">\u00ab\u00a0Nous voulions faire un album dynamique\u00a0\u00bb, explique Kevin. \u00ab\u00a0Plein de danses, ensoleill\u00e9, joyeux, et avec l&rsquo;\u00e9nergie et les grooves qui nous semblent tellement importants dans notre musique trad&rsquo;actuelle. La musique traditionnelle a toujours \u00e9volu\u00e9 avec son temps, si vous pensez au folk rock des ann\u00e9es 70 par exemple. Nous avons apport\u00e9 beaucoup d&rsquo;influences pop, je dirais, mais nous aimons tant jouer toutes ces musiques, tout en cherchant \u00e0 respecter les sources des musiques bretonnes, irlandaise et \u00e9cossaise. Finalement, au niveau culturel, ces airs sont compl\u00e8tement diff\u00e9rents, mais c&rsquo;est aussi une partie tr\u00e8s amusante de la musique traditionnelle : nous aimons sa diversit\u00e9, on peut se l&rsquo;approprier et \u00eatre expressif de tellement de fa\u00e7ons diff\u00e9rentes.\u00a0\u00bb<\/p>\n<p style=\"text-align: justify;\">\u00ab\u00a0Invitation\u00a0\u00bb, le premier titre de l&rsquo;album, est bas\u00e9 sur un air de Tour breton, de la m\u00eame famille de danses que l&rsquo;An dro. Il est issu du r\u00e9pertoire de Haute Bretagne et est chant\u00e9 en fran\u00e7ais. \u00ab\u00a0Traditionnellement, cet air \u00e9tait chant\u00e9 pour inviter la famille, les amis et les voisins \u00e0 une c\u00e9r\u00e9monie de mariage\u00a0\u00bb, explique Kevin. \u00ab\u00a0Nous avons pens\u00e9 qu&rsquo;il serait parfait pour d\u00e9marrer notre album, comme une invitation \u00e0 l&rsquo;\u00e9coute !\u00a0\u00bb<\/p>\n<p style=\"text-align: justify;\"><a href=\"https:\/\/www.camac-harps.com\/blog\/wp-content\/uploads\/sites\/27\/2021\/05\/large-pdos-2020hd-mg-4668facebook-1583690019.jpg\"><img loading=\"lazy\" decoding=\"async\" class=\"alignright size-medium wp-image-28848\" src=\"https:\/\/www.camac-harps.com\/blog\/wp-content\/uploads\/sites\/27\/2021\/05\/large-pdos-2020hd-mg-4668facebook-1583690019-300x182.jpg\" alt=\"Kevin Le Pennec, Morgane Gr\u00e9gory\" width=\"300\" height=\"182\" srcset=\"https:\/\/www.camac-harps.com\/blog\/wp-content\/uploads\/sites\/27\/2021\/05\/large-pdos-2020hd-mg-4668facebook-1583690019-300x182.jpg 300w, https:\/\/www.camac-harps.com\/blog\/wp-content\/uploads\/sites\/27\/2021\/05\/large-pdos-2020hd-mg-4668facebook-1583690019-55x33.jpg 55w, https:\/\/www.camac-harps.com\/blog\/wp-content\/uploads\/sites\/27\/2021\/05\/large-pdos-2020hd-mg-4668facebook-1583690019-250x152.jpg 250w, https:\/\/www.camac-harps.com\/blog\/wp-content\/uploads\/sites\/27\/2021\/05\/large-pdos-2020hd-mg-4668facebook-1583690019.jpg 620w\" sizes=\"auto, (max-width: 300px) 100vw, 300px\" \/><\/a>Apr\u00e8s cette joyeuse invitation, l&rsquo;album nous emm\u00e8ne rapidement vers les \u00eeles Shetland &#8211; et d&rsquo;autres danses, cette fois-ci des reels. \u00ab\u00a0La violoniste Anna-Wendy Stevenson nous les a enseign\u00e9es\u00a0\u00bb, poursuit Kevin. \u00ab\u00a0C&rsquo;\u00e9tait tr\u00e8s amusant de les arranger pour deux harpes. Et le morceau 3, BIS#1, l&rsquo;\u00e9tait aussi ! Ce titre a \u00e9t\u00e9 propos\u00e9 par Morgane car c&rsquo;est le premier morceau que nous avons arrang\u00e9 ensemble. J&rsquo;ai compos\u00e9 une ligne de basse, et Morgane a improvis\u00e9 une m\u00e9lodie par-dessus qui a finit par donner l&rsquo;air du morceau. C&rsquo;est bas\u00e9 sur un rythme de Larid\u00e9 8 temps, une autre danse bretonne.<\/p>\n<p style=\"text-align: justify;\">Le quatri\u00e8me titre de Bisiad prend une tournure plus sobre. \u00ab\u00a0Pa oan me plac&rsquo;hig yaouank\u00a0\u00bb (\u00ab\u00a0Quand j&rsquo;\u00e9tais une jeune fille\u00a0\u00bb) est un air traditionnel de Cornouaille, dans le sud-ouest de la Bretagne. Racontant un mariage malheureux, il avertit les jeunes femmes de bien r\u00e9fl\u00e9chir avant de se marier ! L&rsquo;arrangement de la harpe est tout aussi piquant, et souhaite mettre en avant ce que Kevin d\u00e9crit comme la qualit\u00e9 percussive de la langue bretonne.<\/p>\n<p style=\"text-align: justify;\">\u00c0 suivre \u00ab\u00a0Pull the knife and stick it again\u00a0\u00bb, un air \u00e9cossais que Kevin et Morgane ont d\u00e9couvert via le trio Talisk &#8211; et ensuite, The Kerry, un reel auquel participe \u00e9galement le guitariste et joueur de banjo old time Arthur Manuel. \u00ab\u00a0The Kerry est l&rsquo;un des morceaux les plus pop de l&rsquo;album\u00a0\u00bb, dit Kevin. \u00ab\u00a0Il n&rsquo;y a que quatre accords&#8230; on s&rsquo;est dit, pourquoi pas !\u00a0\u00bb.<\/p>\n<p style=\"text-align: justify;\">L&rsquo;album reprend un ton plus r\u00e9fl\u00e9chi avec \u00ab\u00a0M\u00e9sange et Rossignols\u00a0\u00bb, une des propres compositions de Kevin. \u00ab\u00a0C&rsquo;est une chanson anti-misogynie\u00a0\u00bb, dit-il, \u00ab\u00a0et je suppose une chanson contre les discriminations en g\u00e9n\u00e9ral. J&rsquo;ai \u00e9t\u00e9 vraiment scandalis\u00e9 lorsque j&rsquo;ai commenc\u00e9 \u00e0 travailler en tant que musicien professionnel et que j&rsquo;ai remarqu\u00e9 \u00e0 quel point les coll\u00e8gues femmes pouvaient subir des comportements sexistes au quotidien. Elles ne sont pas assez mise en avant pour leur musique et c&rsquo;est vraiment dommage.<\/p>\n<p style=\"text-align: justify;\">De plus, il existe de nombreux \u00ab\u00a0gourous\u00a0\u00bb musicaux \u00e9tablis qui aiment expliquer et juger comment les choses doivent \u00eatre faites, j&rsquo;en ai fait l&rsquo;exp\u00e9rience aussi. Je pense que la musique s&rsquo;\u00e9panouit dans un esprit de diversit\u00e9 et d&rsquo;ouverture d&rsquo;esprit, c&rsquo;est donc ce que je chante ici.\u00a0\u00bb<\/p>\n<div class=\"gdpr_opt_in\" data-cc-enable=\"\">\n<div class=\"gdpr_opt_in__inner\">Je souhaite activer le contenu vid\u00e9o et j&rsquo;accepte que des donn\u00e9es soient charg\u00e9es \u00e0 partir de  (voir <a href=\"https:\/\/www.camac-harps.com\/blog\/fr\/actualites\/bisiad\/\" target=\"_blank\">les r\u00e8gles de confidentialit\u00e9<\/a>).<\/div>\n<\/div>\n<div class=\"video_container\">\n<div class=\"video_container__inner\"><iframe title=\"Rhythm&#039;n&#039;BIS by BISIAD\" width=\"500\" height=\"400\" scrolling=\"no\" frameborder=\"no\" alt-src=\"https:\/\/w.soundcloud.com\/player\/?visual=true&#038;url=https%3A%2F%2Fapi.soundcloud.com%2Ftracks%2F1005492031&#038;show_artwork=true&#038;maxheight=750&#038;maxwidth=500\"><\/iframe><\/div>\n<\/div>\n<p style=\"text-align: justify;\">\u00ab\u00a0Rhythm\u2019N\u2019Bis\u00a0\u00bb, l&rsquo;avant-derni\u00e8re piste de l&rsquo;album est une autre danse bretonne que vous pouvez appr\u00e9cier sur SoundCloud. On revient \u00e0 un groove percussif et dynamique. C&rsquo;est un Tricot, un m\u00e9lange entre deux danses bretonnes : l&rsquo;An dro en 4\/4 suivi de l&rsquo;Hanter dro en 3\/4. Ainsi, la carrure de la danse change.<\/p>\n<p style=\"text-align: justify;\"><a href=\"https:\/\/www.camac-harps.com\/blog\/wp-content\/uploads\/sites\/27\/2021\/05\/cdbis01-1.jpg\"><img loading=\"lazy\" decoding=\"async\" class=\"alignleft wp-image-28844 size-medium\" src=\"https:\/\/www.camac-harps.com\/blog\/wp-content\/uploads\/sites\/27\/2021\/05\/cdbis01-1-300x272.jpg\" alt=\"Bisiad\" width=\"300\" height=\"272\" srcset=\"https:\/\/www.camac-harps.com\/blog\/wp-content\/uploads\/sites\/27\/2021\/05\/cdbis01-1-300x272.jpg 300w, https:\/\/www.camac-harps.com\/blog\/wp-content\/uploads\/sites\/27\/2021\/05\/cdbis01-1-768x696.jpg 768w, https:\/\/www.camac-harps.com\/blog\/wp-content\/uploads\/sites\/27\/2021\/05\/cdbis01-1-55x50.jpg 55w, https:\/\/www.camac-harps.com\/blog\/wp-content\/uploads\/sites\/27\/2021\/05\/cdbis01-1-250x227.jpg 250w, https:\/\/www.camac-harps.com\/blog\/wp-content\/uploads\/sites\/27\/2021\/05\/cdbis01-1.jpg 772w\" sizes=\"auto, (max-width: 300px) 100vw, 300px\" \/><\/a>Apr\u00e8s tant de danse, Bisiad conclut avec \u00ab\u00a0Month of January\u00a0\u00bb, une chanson irlandaise \u00e0 laquelle Arthur Manuel est venu apporter les belles notes du banjo. C&rsquo;est aussi une chanson triste : une jeune fille pleure, son b\u00e9b\u00e9 dans les bras, au moment le plus froid de l&rsquo;ann\u00e9e. Elle se trouve d\u00e9laiss\u00e9e par sa famille, son amant ayant \u00ab\u00a0\u00e9chang\u00e9 son amour contre de l&rsquo;or\u00a0\u00bb. Encore une fois, la chanson met en garde les jeunes femmes, cette fois contre les hommes malhonn\u00eates qui les laissent au profit d&rsquo;une autre. \u00ab\u00a0Nous voulions faire un album dynamique, mais aussi profond sur le plan \u00e9motionnel\u00a0\u00bb, explique Kevin. \u00ab\u00a0La musique traditionnelle est pleine de lumi\u00e8re et aussi d&rsquo;ombre. Il s&rsquo;agit toujours de vies humaines\u00a0\u00bb.<\/p>\n<p style=\"text-align: justify;\">Bisiad est d\u00e9sormais disponible sur la <a href=\"https:\/\/shop.camac-harps.com\/fr\/produit\/gregory-morgane-le-pennec-kevin-bisiad\/\">boutique en ligne de Camac<\/a>. Nous le recommandons chaleureusement !<\/p>\n","protected":false},"excerpt":{"rendered":"<p>Si vous n&rsquo;avez pas encore entendu parler de Kevin Le Pennec, sachez qu\u2019il fait partie de la nouvelle g\u00e9n\u00e9ration en musiques trad\u2019actuelles &#8211; et nous aimons ce qu&rsquo;il fait. Il vient de sortir son premier album avec sa partenaire Morgane Gr\u00e9gory : tous deux laur\u00e9ats du Troph\u00e9e Camac du Festival interceltique de Lorient. <\/p>\n","protected":false},"author":3,"featured_media":28846,"comment_status":"open","ping_status":"open","sticky":false,"template":"","format":"standard","meta":{"_acf_changed":false,"footnotes":""},"categories":[781,533],"tags":[],"class_list":["post-28843","post","type-post","status-publish","format-standard","has-post-thumbnail","hentry","category-alaune","category-actualites"],"acf":[],"yoast_head":"<title>Bisiad...\u00ab ce qu&#039;on a dans les doigts ! \u00bb - Le blog des Harpes Camac<\/title>\n<meta name=\"description\" content=\"Morgane Gr\u00e9gory et Kevin Le Pennec, tous deux laur\u00e9ats du Troph\u00e9e Camac du Festival interceltique de Lorient, viennent de sortir son premier album !\" \/>\n<meta name=\"robots\" content=\"index, follow, max-snippet:-1, max-image-preview:large, max-video-preview:-1\" \/>\n<link rel=\"canonical\" href=\"https:\/\/www.camac-harps.com\/blog\/fr\/actualites\/bisiad\/\" \/>\n<meta property=\"og:locale\" content=\"fr_FR\" \/>\n<meta property=\"og:type\" content=\"article\" \/>\n<meta property=\"og:title\" content=\"Bisiad...\u00ab ce qu&#039;on a dans les doigts ! \u00bb - Le blog des Harpes Camac\" \/>\n<meta property=\"og:description\" content=\"Morgane Gr\u00e9gory et Kevin Le Pennec, tous deux laur\u00e9ats du Troph\u00e9e Camac du Festival interceltique de Lorient, viennent de sortir son premier album !\" \/>\n<meta property=\"og:url\" content=\"https:\/\/www.camac-harps.com\/blog\/fr\/actualites\/bisiad\/\" \/>\n<meta property=\"og:site_name\" content=\"Camac Harps\" \/>\n<meta property=\"article:published_time\" content=\"2021-05-03T10:29:40+00:00\" \/>\n<meta property=\"article:modified_time\" content=\"2021-05-06T13:35:09+00:00\" \/>\n<meta property=\"og:image\" content=\"https:\/\/www.camac-harps.com\/blog\/wp-content\/uploads\/sites\/27\/2021\/05\/cdbis01.jpg\" \/>\n\t<meta property=\"og:image:width\" content=\"778\" \/>\n\t<meta property=\"og:image:height\" content=\"694\" \/>\n\t<meta property=\"og:image:type\" content=\"image\/jpeg\" \/>\n<meta name=\"author\" content=\"Helen Leitner\" \/>\n<meta name=\"twitter:card\" content=\"summary_large_image\" \/>\n<meta name=\"twitter:label1\" content=\"\u00c9crit par\" \/>\n\t<meta name=\"twitter:data1\" content=\"Helen Leitner\" \/>\n\t<meta name=\"twitter:label2\" content=\"Dur\u00e9e de lecture estim\u00e9e\" \/>\n\t<meta name=\"twitter:data2\" content=\"5 minutes\" \/>\n<script type=\"application\/ld+json\" class=\"yoast-schema-graph\">{\"@context\":\"https:\/\/schema.org\",\"@graph\":[{\"@type\":\"Article\",\"@id\":\"https:\/\/www.camac-harps.com\/blog\/fr\/actualites\/bisiad\/#article\",\"isPartOf\":{\"@id\":\"https:\/\/www.camac-harps.com\/blog\/fr\/actualites\/bisiad\/\"},\"author\":{\"name\":\"Helen Leitner\",\"@id\":\"https:\/\/www.camac-harps.com\/blog\/fr\/#\/schema\/person\/59b9e6843c0338179fb914afaf144d22\"},\"headline\":\"Bisiad&#8230;\u00ab ce qu&rsquo;on a dans les doigts ! \u00bb\",\"datePublished\":\"2021-05-03T10:29:40+00:00\",\"dateModified\":\"2021-05-06T13:35:09+00:00\",\"mainEntityOfPage\":{\"@id\":\"https:\/\/www.camac-harps.com\/blog\/fr\/actualites\/bisiad\/\"},\"wordCount\":973,\"commentCount\":1,\"image\":{\"@id\":\"https:\/\/www.camac-harps.com\/blog\/fr\/actualites\/bisiad\/#primaryimage\"},\"thumbnailUrl\":\"https:\/\/www.camac-harps.com\/blog\/wp-content\/uploads\/sites\/27\/2021\/05\/cdbis01.jpg\",\"articleSection\":[\"\u00c0 la une\",\"Actualit\u00e9s\"],\"inLanguage\":\"fr-FR\",\"potentialAction\":[{\"@type\":\"CommentAction\",\"name\":\"Comment\",\"target\":[\"https:\/\/www.camac-harps.com\/blog\/fr\/actualites\/bisiad\/#respond\"]}]},{\"@type\":\"WebPage\",\"@id\":\"https:\/\/www.camac-harps.com\/blog\/fr\/actualites\/bisiad\/\",\"url\":\"https:\/\/www.camac-harps.com\/blog\/fr\/actualites\/bisiad\/\",\"name\":\"Bisiad...\u00ab ce qu'on a dans les doigts ! \u00bb - Le blog des Harpes Camac\",\"isPartOf\":{\"@id\":\"https:\/\/www.camac-harps.com\/blog\/fr\/#website\"},\"primaryImageOfPage\":{\"@id\":\"https:\/\/www.camac-harps.com\/blog\/fr\/actualites\/bisiad\/#primaryimage\"},\"image\":{\"@id\":\"https:\/\/www.camac-harps.com\/blog\/fr\/actualites\/bisiad\/#primaryimage\"},\"thumbnailUrl\":\"https:\/\/www.camac-harps.com\/blog\/wp-content\/uploads\/sites\/27\/2021\/05\/cdbis01.jpg\",\"datePublished\":\"2021-05-03T10:29:40+00:00\",\"dateModified\":\"2021-05-06T13:35:09+00:00\",\"author\":{\"@id\":\"https:\/\/www.camac-harps.com\/blog\/fr\/#\/schema\/person\/59b9e6843c0338179fb914afaf144d22\"},\"description\":\"Morgane Gr\u00e9gory et Kevin Le Pennec, tous deux laur\u00e9ats du Troph\u00e9e Camac du Festival interceltique de Lorient, viennent de sortir son premier album !\",\"breadcrumb\":{\"@id\":\"https:\/\/www.camac-harps.com\/blog\/fr\/actualites\/bisiad\/#breadcrumb\"},\"inLanguage\":\"fr-FR\",\"potentialAction\":[{\"@type\":\"ReadAction\",\"target\":[\"https:\/\/www.camac-harps.com\/blog\/fr\/actualites\/bisiad\/\"]}]},{\"@type\":\"ImageObject\",\"inLanguage\":\"fr-FR\",\"@id\":\"https:\/\/www.camac-harps.com\/blog\/fr\/actualites\/bisiad\/#primaryimage\",\"url\":\"https:\/\/www.camac-harps.com\/blog\/wp-content\/uploads\/sites\/27\/2021\/05\/cdbis01.jpg\",\"contentUrl\":\"https:\/\/www.camac-harps.com\/blog\/wp-content\/uploads\/sites\/27\/2021\/05\/cdbis01.jpg\",\"width\":778,\"height\":694,\"caption\":\"Bisiad\"},{\"@type\":\"BreadcrumbList\",\"@id\":\"https:\/\/www.camac-harps.com\/blog\/fr\/actualites\/bisiad\/#breadcrumb\",\"itemListElement\":[{\"@type\":\"ListItem\",\"position\":1,\"name\":\"Home\",\"item\":\"https:\/\/www.camac-harps.com\/blog\/fr\/\"},{\"@type\":\"ListItem\",\"position\":2,\"name\":\"Bisiad&#8230;\u00ab ce qu&#8217;on a dans les doigts ! \u00bb\"}]},{\"@type\":\"WebSite\",\"@id\":\"https:\/\/www.camac-harps.com\/blog\/fr\/#website\",\"url\":\"https:\/\/www.camac-harps.com\/blog\/fr\/\",\"name\":\"Camac Harps\",\"description\":\"\",\"potentialAction\":[{\"@type\":\"SearchAction\",\"target\":{\"@type\":\"EntryPoint\",\"urlTemplate\":\"https:\/\/www.camac-harps.com\/blog\/fr\/?s={search_term_string}\"},\"query-input\":{\"@type\":\"PropertyValueSpecification\",\"valueRequired\":true,\"valueName\":\"search_term_string\"}}],\"inLanguage\":\"fr-FR\"},{\"@type\":\"Person\",\"@id\":\"https:\/\/www.camac-harps.com\/blog\/fr\/#\/schema\/person\/59b9e6843c0338179fb914afaf144d22\",\"name\":\"Helen Leitner\",\"image\":{\"@type\":\"ImageObject\",\"inLanguage\":\"fr-FR\",\"@id\":\"https:\/\/www.camac-harps.com\/blog\/fr\/#\/schema\/person\/image\/\",\"url\":\"https:\/\/secure.gravatar.com\/avatar\/ebbebff931219cff4c2d1e25c3229b2e036693f67bf237fb12f452d7a019a6da?s=96&d=mm&r=g\",\"contentUrl\":\"https:\/\/secure.gravatar.com\/avatar\/ebbebff931219cff4c2d1e25c3229b2e036693f67bf237fb12f452d7a019a6da?s=96&d=mm&r=g\",\"caption\":\"Helen Leitner\"},\"url\":\"https:\/\/www.camac-harps.com\/blog\/fr\/author\/ltnr\/\"}]}<\/script>","yoast_head_json":{"title":"Bisiad...\u00ab ce qu'on a dans les doigts ! \u00bb - Le blog des Harpes Camac","description":"Morgane Gr\u00e9gory et Kevin Le Pennec, tous deux laur\u00e9ats du Troph\u00e9e Camac du Festival interceltique de Lorient, viennent de sortir son premier album !","robots":{"index":"index","follow":"follow","max-snippet":"max-snippet:-1","max-image-preview":"max-image-preview:large","max-video-preview":"max-video-preview:-1"},"canonical":"https:\/\/www.camac-harps.com\/blog\/fr\/actualites\/bisiad\/","og_locale":"fr_FR","og_type":"article","og_title":"Bisiad...\u00ab ce qu'on a dans les doigts ! \u00bb - Le blog des Harpes Camac","og_description":"Morgane Gr\u00e9gory et Kevin Le Pennec, tous deux laur\u00e9ats du Troph\u00e9e Camac du Festival interceltique de Lorient, viennent de sortir son premier album !","og_url":"https:\/\/www.camac-harps.com\/blog\/fr\/actualites\/bisiad\/","og_site_name":"Camac Harps","article_published_time":"2021-05-03T10:29:40+00:00","article_modified_time":"2021-05-06T13:35:09+00:00","og_image":[{"width":778,"height":694,"url":"https:\/\/www.camac-harps.com\/blog\/wp-content\/uploads\/sites\/27\/2021\/05\/cdbis01.jpg","type":"image\/jpeg"}],"author":"Helen Leitner","twitter_card":"summary_large_image","twitter_misc":{"\u00c9crit par":"Helen Leitner","Dur\u00e9e de lecture estim\u00e9e":"5 minutes"},"schema":{"@context":"https:\/\/schema.org","@graph":[{"@type":"Article","@id":"https:\/\/www.camac-harps.com\/blog\/fr\/actualites\/bisiad\/#article","isPartOf":{"@id":"https:\/\/www.camac-harps.com\/blog\/fr\/actualites\/bisiad\/"},"author":{"name":"Helen Leitner","@id":"https:\/\/www.camac-harps.com\/blog\/fr\/#\/schema\/person\/59b9e6843c0338179fb914afaf144d22"},"headline":"Bisiad&#8230;\u00ab ce qu&rsquo;on a dans les doigts ! \u00bb","datePublished":"2021-05-03T10:29:40+00:00","dateModified":"2021-05-06T13:35:09+00:00","mainEntityOfPage":{"@id":"https:\/\/www.camac-harps.com\/blog\/fr\/actualites\/bisiad\/"},"wordCount":973,"commentCount":1,"image":{"@id":"https:\/\/www.camac-harps.com\/blog\/fr\/actualites\/bisiad\/#primaryimage"},"thumbnailUrl":"https:\/\/www.camac-harps.com\/blog\/wp-content\/uploads\/sites\/27\/2021\/05\/cdbis01.jpg","articleSection":["\u00c0 la une","Actualit\u00e9s"],"inLanguage":"fr-FR","potentialAction":[{"@type":"CommentAction","name":"Comment","target":["https:\/\/www.camac-harps.com\/blog\/fr\/actualites\/bisiad\/#respond"]}]},{"@type":"WebPage","@id":"https:\/\/www.camac-harps.com\/blog\/fr\/actualites\/bisiad\/","url":"https:\/\/www.camac-harps.com\/blog\/fr\/actualites\/bisiad\/","name":"Bisiad...\u00ab ce qu'on a dans les doigts ! \u00bb - Le blog des Harpes Camac","isPartOf":{"@id":"https:\/\/www.camac-harps.com\/blog\/fr\/#website"},"primaryImageOfPage":{"@id":"https:\/\/www.camac-harps.com\/blog\/fr\/actualites\/bisiad\/#primaryimage"},"image":{"@id":"https:\/\/www.camac-harps.com\/blog\/fr\/actualites\/bisiad\/#primaryimage"},"thumbnailUrl":"https:\/\/www.camac-harps.com\/blog\/wp-content\/uploads\/sites\/27\/2021\/05\/cdbis01.jpg","datePublished":"2021-05-03T10:29:40+00:00","dateModified":"2021-05-06T13:35:09+00:00","author":{"@id":"https:\/\/www.camac-harps.com\/blog\/fr\/#\/schema\/person\/59b9e6843c0338179fb914afaf144d22"},"description":"Morgane Gr\u00e9gory et Kevin Le Pennec, tous deux laur\u00e9ats du Troph\u00e9e Camac du Festival interceltique de Lorient, viennent de sortir son premier album !","breadcrumb":{"@id":"https:\/\/www.camac-harps.com\/blog\/fr\/actualites\/bisiad\/#breadcrumb"},"inLanguage":"fr-FR","potentialAction":[{"@type":"ReadAction","target":["https:\/\/www.camac-harps.com\/blog\/fr\/actualites\/bisiad\/"]}]},{"@type":"ImageObject","inLanguage":"fr-FR","@id":"https:\/\/www.camac-harps.com\/blog\/fr\/actualites\/bisiad\/#primaryimage","url":"https:\/\/www.camac-harps.com\/blog\/wp-content\/uploads\/sites\/27\/2021\/05\/cdbis01.jpg","contentUrl":"https:\/\/www.camac-harps.com\/blog\/wp-content\/uploads\/sites\/27\/2021\/05\/cdbis01.jpg","width":778,"height":694,"caption":"Bisiad"},{"@type":"BreadcrumbList","@id":"https:\/\/www.camac-harps.com\/blog\/fr\/actualites\/bisiad\/#breadcrumb","itemListElement":[{"@type":"ListItem","position":1,"name":"Home","item":"https:\/\/www.camac-harps.com\/blog\/fr\/"},{"@type":"ListItem","position":2,"name":"Bisiad&#8230;\u00ab ce qu&#8217;on a dans les doigts ! \u00bb"}]},{"@type":"WebSite","@id":"https:\/\/www.camac-harps.com\/blog\/fr\/#website","url":"https:\/\/www.camac-harps.com\/blog\/fr\/","name":"Camac Harps","description":"","potentialAction":[{"@type":"SearchAction","target":{"@type":"EntryPoint","urlTemplate":"https:\/\/www.camac-harps.com\/blog\/fr\/?s={search_term_string}"},"query-input":{"@type":"PropertyValueSpecification","valueRequired":true,"valueName":"search_term_string"}}],"inLanguage":"fr-FR"},{"@type":"Person","@id":"https:\/\/www.camac-harps.com\/blog\/fr\/#\/schema\/person\/59b9e6843c0338179fb914afaf144d22","name":"Helen Leitner","image":{"@type":"ImageObject","inLanguage":"fr-FR","@id":"https:\/\/www.camac-harps.com\/blog\/fr\/#\/schema\/person\/image\/","url":"https:\/\/secure.gravatar.com\/avatar\/ebbebff931219cff4c2d1e25c3229b2e036693f67bf237fb12f452d7a019a6da?s=96&d=mm&r=g","contentUrl":"https:\/\/secure.gravatar.com\/avatar\/ebbebff931219cff4c2d1e25c3229b2e036693f67bf237fb12f452d7a019a6da?s=96&d=mm&r=g","caption":"Helen Leitner"},"url":"https:\/\/www.camac-harps.com\/blog\/fr\/author\/ltnr\/"}]}},"_links":{"self":[{"href":"https:\/\/www.camac-harps.com\/blog\/fr\/wp-json\/wp\/v2\/posts\/28843","targetHints":{"allow":["GET"]}}],"collection":[{"href":"https:\/\/www.camac-harps.com\/blog\/fr\/wp-json\/wp\/v2\/posts"}],"about":[{"href":"https:\/\/www.camac-harps.com\/blog\/fr\/wp-json\/wp\/v2\/types\/post"}],"author":[{"embeddable":true,"href":"https:\/\/www.camac-harps.com\/blog\/fr\/wp-json\/wp\/v2\/users\/3"}],"replies":[{"embeddable":true,"href":"https:\/\/www.camac-harps.com\/blog\/fr\/wp-json\/wp\/v2\/comments?post=28843"}],"version-history":[{"count":5,"href":"https:\/\/www.camac-harps.com\/blog\/fr\/wp-json\/wp\/v2\/posts\/28843\/revisions"}],"predecessor-version":[{"id":28856,"href":"https:\/\/www.camac-harps.com\/blog\/fr\/wp-json\/wp\/v2\/posts\/28843\/revisions\/28856"}],"wp:featuredmedia":[{"embeddable":true,"href":"https:\/\/www.camac-harps.com\/blog\/fr\/wp-json\/wp\/v2\/media\/28846"}],"wp:attachment":[{"href":"https:\/\/www.camac-harps.com\/blog\/fr\/wp-json\/wp\/v2\/media?parent=28843"}],"wp:term":[{"taxonomy":"category","embeddable":true,"href":"https:\/\/www.camac-harps.com\/blog\/fr\/wp-json\/wp\/v2\/categories?post=28843"},{"taxonomy":"post_tag","embeddable":true,"href":"https:\/\/www.camac-harps.com\/blog\/fr\/wp-json\/wp\/v2\/tags?post=28843"}],"curies":[{"name":"wp","href":"https:\/\/api.w.org\/{rel}","templated":true}]}}