{"id":29167,"date":"2021-10-29T17:51:30","date_gmt":"2021-10-29T15:51:30","guid":{"rendered":"https:\/\/www.camac-harps.com\/blog\/?p=29167"},"modified":"2022-01-07T18:17:38","modified_gmt":"2022-01-07T16:17:38","slug":"les-jeudis-de-la-harpe-saison-iv","status":"publish","type":"post","link":"https:\/\/www.camac-harps.com\/blog\/fr\/alaune\/les-jeudis-de-la-harpe-saison-iv\/","title":{"rendered":"Les Jeudis de la Harpe &#8211; Saison IV"},"content":{"rendered":"<p style=\"text-align: justify;\"><a href=\"https:\/\/www.camac-harps.com\/blog\/wp-content\/uploads\/sites\/27\/2021\/10\/jeudisgeneriquewebfr-scaled.jpg\"><img loading=\"lazy\" decoding=\"async\" class=\"size-large wp-image-29180 aligncenter\" src=\"https:\/\/www.camac-harps.com\/blog\/wp-content\/uploads\/sites\/27\/2021\/10\/jeudisgeneriquewebfr-1024x320.jpg\" alt=\"Les jeudis de la harpe, saison 4\" width=\"1024\" height=\"320\" srcset=\"https:\/\/www.camac-harps.com\/blog\/wp-content\/uploads\/sites\/27\/2021\/10\/jeudisgeneriquewebfr-1024x320.jpg 1024w, https:\/\/www.camac-harps.com\/blog\/wp-content\/uploads\/sites\/27\/2021\/10\/jeudisgeneriquewebfr-300x94.jpg 300w, https:\/\/www.camac-harps.com\/blog\/wp-content\/uploads\/sites\/27\/2021\/10\/jeudisgeneriquewebfr-768x240.jpg 768w, https:\/\/www.camac-harps.com\/blog\/wp-content\/uploads\/sites\/27\/2021\/10\/jeudisgeneriquewebfr-1536x480.jpg 1536w, https:\/\/www.camac-harps.com\/blog\/wp-content\/uploads\/sites\/27\/2021\/10\/jeudisgeneriquewebfr-2048x640.jpg 2048w, https:\/\/www.camac-harps.com\/blog\/wp-content\/uploads\/sites\/27\/2021\/10\/jeudisgeneriquewebfr-2000x625.jpg 2000w, https:\/\/www.camac-harps.com\/blog\/wp-content\/uploads\/sites\/27\/2021\/10\/jeudisgeneriquewebfr-1000x313.jpg 1000w, https:\/\/www.camac-harps.com\/blog\/wp-content\/uploads\/sites\/27\/2021\/10\/jeudisgeneriquewebfr-500x156.jpg 500w, https:\/\/www.camac-harps.com\/blog\/wp-content\/uploads\/sites\/27\/2021\/10\/jeudisgeneriquewebfr-800x250.jpg 800w, https:\/\/www.camac-harps.com\/blog\/wp-content\/uploads\/sites\/27\/2021\/10\/jeudisgeneriquewebfr-55x17.jpg 55w, https:\/\/www.camac-harps.com\/blog\/wp-content\/uploads\/sites\/27\/2021\/10\/jeudisgeneriquewebfr-250x78.jpg 250w\" sizes=\"auto, (max-width: 1024px) 100vw, 1024px\" \/><\/a><\/p>\n<p>&nbsp;<\/p>\n<p style=\"text-align: justify;\">Les Harpes Camac ont le plaisir d&rsquo;annoncer la nouvelle saison des concerts en ligne : \u00ab Les jeudis de la harpe, saison IV \u00bb !<\/p>\n<p style=\"text-align: justify;\">La s\u00e9rie des Jeudis de la Harpe fut initi\u00e9e \u00e0 l&rsquo;hiver 2020, alors qu\u2019\u00e0 travers le monde, les salles de concert sont contraintes de fermer pour cause de pand\u00e9mie. <a href=\"https:\/\/www.camac-harps.com\/fr\/les-jeudis-classiques\/\">Une premi\u00e8re s\u00e9rie de r\u00e9citals classiques<\/a> fut diffus\u00e9e avec des artistes parisiens, rapidement suivie par les saisons <a href=\"https:\/\/www.camac-harps.com\/fr\/les-jeudis-de-la-harpe\/\">2<\/a> et <a href=\"https:\/\/www.camac-harps.com\/fr\/les-jeudis-de-la-harpe-saison-iii\/\">3<\/a>, s\u2019ouvrant au jazz, \u00e0 la musique traditionnelle, \u00e0 la pop, en fait \u00e0 tous les styles dans lesquels la harpe s&rsquo;\u00e9panouit aujourd&rsquo;hui.<\/p>\n<p style=\"text-align: justify;\">Nos concerts en ligne sont d&rsquo;abord n\u00e9s de la n\u00e9cessit\u00e9, voire de l&rsquo;urgence. Nous avons con\u00e7u la premi\u00e8re saison en moins d&rsquo;une semaine, imm\u00e9diatement apr\u00e8s la fermeture de l&rsquo;Espace Camac. Cependant, nous avons rapidement d\u00e9couvert que ces r\u00e9citals en ligne de grande qualit\u00e9 ne se contentaient pas de r\u00e9pondre \u00e0 la pand\u00e9mie, ils la transcendaient d&rsquo;une certaine mani\u00e8re. Les r\u00e9citals de harpe sont devenus accessibles \u00e0 des publics et \u00e0 des r\u00e9gions g\u00e9ographiques qui n&rsquo;auraient normalement jamais eu la chance de les entendre, ou qui ont besoin de formats plus courts ou diff\u00e9rents pour le faire.<\/p>\n<p style=\"text-align: justify;\">Au fur et \u00e0 mesure de l\u2019avancement de ces s\u00e9ries, beaucoup de ces nouveaux spectateurs \u00e9taient devenus des habitu\u00e9s. \u00c0 la fin de la saison 3, de nombreuses personnes \u00e0 travers le monde avaient pris l&rsquo;habitude d&rsquo;\u00e9couter un concert de harpe chaque semaine &#8211; en temps normal, combien de personnes non-harpistes pourraient en dire autant, voire m\u00eame qu\u2019ils auraient la possibilit\u00e9 de le faire ?<\/p>\n<p style=\"text-align: justify;\">Nous esp\u00e9rons surtout que l&rsquo;occasion de d\u00e9couvrir tant de merveilleux harpistes incitera le grand public et les promoteurs de concerts \u00e0 d\u00e9couvrir notre bel instrument, ses magnifiques possibilit\u00e9s et les fantastiques musiciens qui en jouent. La programmation des concerts de harpe tourne souvent autour des m\u00eames 5 concertos. Mais regardez ce que la harpe et les harpistes peuvent faire ! Souhaitons que ces concerts en ligne, qui resteront disponibles gratuitement pour que tout le monde puisse en profiter, susciteront de futures invitations pour emmener les harpistes vers de nouvelles aventures..<\/p>\n<p style=\"text-align: justify;\">Pour revenir \u00e0 la saison 4 : les salles de concert sont \u00e0 nouveau ouvertes, et nous en profitons au maximum. Nous continuons \u00e0 d\u00e9velopper notre partenariat avec <a href=\"https:\/\/jhanckproduction.com\">J. Hanck Production<\/a>, mais cette fois nous tournerons dans la magnifique <a href=\"https:\/\/sallecolonne.fr\/\">Salle Colonne<\/a> \u00e0 Paris. Pour vous y transporter virtuellement, il suffit de cliquer sur <a href=\"https:\/\/www.youtube.com\/c\/CamacHarpsOfficial\">CamacHarpsOfficial sur Youtube,<\/a> chaque jeudi \u00e0 19h30.<\/p>\n<p style=\"text-align: justify;\">Nous commencerons jeudi prochain, le 4 novembre 2021, avec la l\u00e9gende de la harpe irlandaise <a href=\"https:\/\/www.janetharbisonharp.com\/\">Janet Harbison<\/a>.. Quant \u00e0 la suite de la s\u00e9rie&#8230; nous aurons le plaisir de la d\u00e9voiler semaine apr\u00e8s semaine. Restez \u00e0 l&rsquo;\u00e9coute !<\/p>\n<p><a href=\"https:\/\/youtu.be\/AyPQmg__wc0\">https:\/\/youtu.be\/AyPQmg__wc0<\/a><\/p>\n<p>&nbsp;<\/p>\n","protected":false},"excerpt":{"rendered":"<p>Nos concerts en ligne sont de retour ! Chaque jeudi \u00e0 19h30, connectez-vous \u00e0 notre cha\u00eene YouTube : @CamacHarpsOfficial<\/p>\n","protected":false},"author":3,"featured_media":29170,"comment_status":"open","ping_status":"open","sticky":false,"template":"","format":"standard","meta":{"_acf_changed":false,"footnotes":""},"categories":[781,533],"tags":[],"class_list":["post-29167","post","type-post","status-publish","format-standard","has-post-thumbnail","hentry","category-alaune","category-actualites"],"acf":[],"yoast_head":"<title>Les Jeudis de la Harpe - Saison IV - Le blog des Harpes Camac<\/title>\n<meta name=\"description\" content=\"Les Harpes Camac ont le plaisir d&#039;annoncer la nouvelle saison des concerts en ligne. CamacHarpsOfficial sur Youtube, chaque jeudi \u00e0 19h30.\" \/>\n<meta name=\"robots\" content=\"index, follow, max-snippet:-1, max-image-preview:large, max-video-preview:-1\" \/>\n<link rel=\"canonical\" href=\"https:\/\/www.camac-harps.com\/blog\/fr\/alaune\/les-jeudis-de-la-harpe-saison-iv\/\" \/>\n<meta property=\"og:locale\" content=\"fr_FR\" \/>\n<meta property=\"og:type\" content=\"article\" \/>\n<meta property=\"og:title\" content=\"Les Jeudis de la Harpe - Saison IV - Le blog des Harpes Camac\" \/>\n<meta property=\"og:description\" content=\"Les Harpes Camac ont le plaisir d&#039;annoncer la nouvelle saison des concerts en ligne. CamacHarpsOfficial sur Youtube, chaque jeudi \u00e0 19h30.\" \/>\n<meta property=\"og:url\" content=\"https:\/\/www.camac-harps.com\/blog\/fr\/alaune\/les-jeudis-de-la-harpe-saison-iv\/\" \/>\n<meta property=\"og:site_name\" content=\"Camac Harps\" \/>\n<meta property=\"article:published_time\" content=\"2021-10-29T15:51:30+00:00\" \/>\n<meta property=\"article:modified_time\" content=\"2022-01-07T16:17:38+00:00\" \/>\n<meta property=\"og:image\" content=\"https:\/\/www.camac-harps.com\/blog\/wp-content\/uploads\/sites\/27\/2021\/10\/jeudisinstafr.jpg\" \/>\n\t<meta property=\"og:image:width\" content=\"1600\" \/>\n\t<meta property=\"og:image:height\" content=\"1600\" \/>\n\t<meta property=\"og:image:type\" content=\"image\/jpeg\" \/>\n<meta name=\"author\" content=\"Helen Leitner\" \/>\n<meta name=\"twitter:card\" content=\"summary_large_image\" \/>\n<meta name=\"twitter:label1\" content=\"\u00c9crit par\" \/>\n\t<meta name=\"twitter:data1\" content=\"Helen Leitner\" \/>\n\t<meta name=\"twitter:label2\" content=\"Dur\u00e9e de lecture estim\u00e9e\" \/>\n\t<meta name=\"twitter:data2\" content=\"3 minutes\" \/>\n<script type=\"application\/ld+json\" class=\"yoast-schema-graph\">{\"@context\":\"https:\/\/schema.org\",\"@graph\":[{\"@type\":\"Article\",\"@id\":\"https:\/\/www.camac-harps.com\/blog\/fr\/alaune\/les-jeudis-de-la-harpe-saison-iv\/#article\",\"isPartOf\":{\"@id\":\"https:\/\/www.camac-harps.com\/blog\/fr\/alaune\/les-jeudis-de-la-harpe-saison-iv\/\"},\"author\":{\"name\":\"Helen Leitner\",\"@id\":\"https:\/\/www.camac-harps.com\/blog\/fr\/#\/schema\/person\/59b9e6843c0338179fb914afaf144d22\"},\"headline\":\"Les Jeudis de la Harpe &#8211; Saison IV\",\"datePublished\":\"2021-10-29T15:51:30+00:00\",\"dateModified\":\"2022-01-07T16:17:38+00:00\",\"mainEntityOfPage\":{\"@id\":\"https:\/\/www.camac-harps.com\/blog\/fr\/alaune\/les-jeudis-de-la-harpe-saison-iv\/\"},\"wordCount\":480,\"commentCount\":0,\"image\":{\"@id\":\"https:\/\/www.camac-harps.com\/blog\/fr\/alaune\/les-jeudis-de-la-harpe-saison-iv\/#primaryimage\"},\"thumbnailUrl\":\"https:\/\/www.camac-harps.com\/blog\/wp-content\/uploads\/sites\/27\/2021\/10\/jeudisinstafr.jpg\",\"articleSection\":[\"\u00c0 la une\",\"Actualit\u00e9s\"],\"inLanguage\":\"fr-FR\",\"potentialAction\":[{\"@type\":\"CommentAction\",\"name\":\"Comment\",\"target\":[\"https:\/\/www.camac-harps.com\/blog\/fr\/alaune\/les-jeudis-de-la-harpe-saison-iv\/#respond\"]}]},{\"@type\":\"WebPage\",\"@id\":\"https:\/\/www.camac-harps.com\/blog\/fr\/alaune\/les-jeudis-de-la-harpe-saison-iv\/\",\"url\":\"https:\/\/www.camac-harps.com\/blog\/fr\/alaune\/les-jeudis-de-la-harpe-saison-iv\/\",\"name\":\"Les Jeudis de la Harpe - Saison IV - Le blog des Harpes Camac\",\"isPartOf\":{\"@id\":\"https:\/\/www.camac-harps.com\/blog\/fr\/#website\"},\"primaryImageOfPage\":{\"@id\":\"https:\/\/www.camac-harps.com\/blog\/fr\/alaune\/les-jeudis-de-la-harpe-saison-iv\/#primaryimage\"},\"image\":{\"@id\":\"https:\/\/www.camac-harps.com\/blog\/fr\/alaune\/les-jeudis-de-la-harpe-saison-iv\/#primaryimage\"},\"thumbnailUrl\":\"https:\/\/www.camac-harps.com\/blog\/wp-content\/uploads\/sites\/27\/2021\/10\/jeudisinstafr.jpg\",\"datePublished\":\"2021-10-29T15:51:30+00:00\",\"dateModified\":\"2022-01-07T16:17:38+00:00\",\"author\":{\"@id\":\"https:\/\/www.camac-harps.com\/blog\/fr\/#\/schema\/person\/59b9e6843c0338179fb914afaf144d22\"},\"description\":\"Les Harpes Camac ont le plaisir d'annoncer la nouvelle saison des concerts en ligne. CamacHarpsOfficial sur Youtube, chaque jeudi \u00e0 19h30.\",\"breadcrumb\":{\"@id\":\"https:\/\/www.camac-harps.com\/blog\/fr\/alaune\/les-jeudis-de-la-harpe-saison-iv\/#breadcrumb\"},\"inLanguage\":\"fr-FR\",\"potentialAction\":[{\"@type\":\"ReadAction\",\"target\":[\"https:\/\/www.camac-harps.com\/blog\/fr\/alaune\/les-jeudis-de-la-harpe-saison-iv\/\"]}]},{\"@type\":\"ImageObject\",\"inLanguage\":\"fr-FR\",\"@id\":\"https:\/\/www.camac-harps.com\/blog\/fr\/alaune\/les-jeudis-de-la-harpe-saison-iv\/#primaryimage\",\"url\":\"https:\/\/www.camac-harps.com\/blog\/wp-content\/uploads\/sites\/27\/2021\/10\/jeudisinstafr.jpg\",\"contentUrl\":\"https:\/\/www.camac-harps.com\/blog\/wp-content\/uploads\/sites\/27\/2021\/10\/jeudisinstafr.jpg\",\"width\":1600,\"height\":1600,\"caption\":\"Les Jeudis de la harpe, saison 4\"},{\"@type\":\"BreadcrumbList\",\"@id\":\"https:\/\/www.camac-harps.com\/blog\/fr\/alaune\/les-jeudis-de-la-harpe-saison-iv\/#breadcrumb\",\"itemListElement\":[{\"@type\":\"ListItem\",\"position\":1,\"name\":\"Home\",\"item\":\"https:\/\/www.camac-harps.com\/blog\/fr\/\"},{\"@type\":\"ListItem\",\"position\":2,\"name\":\"Les Jeudis de la Harpe &#8211; Saison IV\"}]},{\"@type\":\"WebSite\",\"@id\":\"https:\/\/www.camac-harps.com\/blog\/fr\/#website\",\"url\":\"https:\/\/www.camac-harps.com\/blog\/fr\/\",\"name\":\"Camac Harps\",\"description\":\"\",\"potentialAction\":[{\"@type\":\"SearchAction\",\"target\":{\"@type\":\"EntryPoint\",\"urlTemplate\":\"https:\/\/www.camac-harps.com\/blog\/fr\/?s={search_term_string}\"},\"query-input\":{\"@type\":\"PropertyValueSpecification\",\"valueRequired\":true,\"valueName\":\"search_term_string\"}}],\"inLanguage\":\"fr-FR\"},{\"@type\":\"Person\",\"@id\":\"https:\/\/www.camac-harps.com\/blog\/fr\/#\/schema\/person\/59b9e6843c0338179fb914afaf144d22\",\"name\":\"Helen Leitner\",\"image\":{\"@type\":\"ImageObject\",\"inLanguage\":\"fr-FR\",\"@id\":\"https:\/\/www.camac-harps.com\/blog\/fr\/#\/schema\/person\/image\/\",\"url\":\"https:\/\/secure.gravatar.com\/avatar\/ebbebff931219cff4c2d1e25c3229b2e036693f67bf237fb12f452d7a019a6da?s=96&d=mm&r=g\",\"contentUrl\":\"https:\/\/secure.gravatar.com\/avatar\/ebbebff931219cff4c2d1e25c3229b2e036693f67bf237fb12f452d7a019a6da?s=96&d=mm&r=g\",\"caption\":\"Helen Leitner\"},\"url\":\"https:\/\/www.camac-harps.com\/blog\/fr\/author\/ltnr\/\"}]}<\/script>","yoast_head_json":{"title":"Les Jeudis de la Harpe - Saison IV - Le blog des Harpes Camac","description":"Les Harpes Camac ont le plaisir d'annoncer la nouvelle saison des concerts en ligne. CamacHarpsOfficial sur Youtube, chaque jeudi \u00e0 19h30.","robots":{"index":"index","follow":"follow","max-snippet":"max-snippet:-1","max-image-preview":"max-image-preview:large","max-video-preview":"max-video-preview:-1"},"canonical":"https:\/\/www.camac-harps.com\/blog\/fr\/alaune\/les-jeudis-de-la-harpe-saison-iv\/","og_locale":"fr_FR","og_type":"article","og_title":"Les Jeudis de la Harpe - Saison IV - Le blog des Harpes Camac","og_description":"Les Harpes Camac ont le plaisir d'annoncer la nouvelle saison des concerts en ligne. CamacHarpsOfficial sur Youtube, chaque jeudi \u00e0 19h30.","og_url":"https:\/\/www.camac-harps.com\/blog\/fr\/alaune\/les-jeudis-de-la-harpe-saison-iv\/","og_site_name":"Camac Harps","article_published_time":"2021-10-29T15:51:30+00:00","article_modified_time":"2022-01-07T16:17:38+00:00","og_image":[{"width":1600,"height":1600,"url":"https:\/\/www.camac-harps.com\/blog\/wp-content\/uploads\/sites\/27\/2021\/10\/jeudisinstafr.jpg","type":"image\/jpeg"}],"author":"Helen Leitner","twitter_card":"summary_large_image","twitter_misc":{"\u00c9crit par":"Helen Leitner","Dur\u00e9e de lecture estim\u00e9e":"3 minutes"},"schema":{"@context":"https:\/\/schema.org","@graph":[{"@type":"Article","@id":"https:\/\/www.camac-harps.com\/blog\/fr\/alaune\/les-jeudis-de-la-harpe-saison-iv\/#article","isPartOf":{"@id":"https:\/\/www.camac-harps.com\/blog\/fr\/alaune\/les-jeudis-de-la-harpe-saison-iv\/"},"author":{"name":"Helen Leitner","@id":"https:\/\/www.camac-harps.com\/blog\/fr\/#\/schema\/person\/59b9e6843c0338179fb914afaf144d22"},"headline":"Les Jeudis de la Harpe &#8211; Saison IV","datePublished":"2021-10-29T15:51:30+00:00","dateModified":"2022-01-07T16:17:38+00:00","mainEntityOfPage":{"@id":"https:\/\/www.camac-harps.com\/blog\/fr\/alaune\/les-jeudis-de-la-harpe-saison-iv\/"},"wordCount":480,"commentCount":0,"image":{"@id":"https:\/\/www.camac-harps.com\/blog\/fr\/alaune\/les-jeudis-de-la-harpe-saison-iv\/#primaryimage"},"thumbnailUrl":"https:\/\/www.camac-harps.com\/blog\/wp-content\/uploads\/sites\/27\/2021\/10\/jeudisinstafr.jpg","articleSection":["\u00c0 la une","Actualit\u00e9s"],"inLanguage":"fr-FR","potentialAction":[{"@type":"CommentAction","name":"Comment","target":["https:\/\/www.camac-harps.com\/blog\/fr\/alaune\/les-jeudis-de-la-harpe-saison-iv\/#respond"]}]},{"@type":"WebPage","@id":"https:\/\/www.camac-harps.com\/blog\/fr\/alaune\/les-jeudis-de-la-harpe-saison-iv\/","url":"https:\/\/www.camac-harps.com\/blog\/fr\/alaune\/les-jeudis-de-la-harpe-saison-iv\/","name":"Les Jeudis de la Harpe - Saison IV - Le blog des Harpes Camac","isPartOf":{"@id":"https:\/\/www.camac-harps.com\/blog\/fr\/#website"},"primaryImageOfPage":{"@id":"https:\/\/www.camac-harps.com\/blog\/fr\/alaune\/les-jeudis-de-la-harpe-saison-iv\/#primaryimage"},"image":{"@id":"https:\/\/www.camac-harps.com\/blog\/fr\/alaune\/les-jeudis-de-la-harpe-saison-iv\/#primaryimage"},"thumbnailUrl":"https:\/\/www.camac-harps.com\/blog\/wp-content\/uploads\/sites\/27\/2021\/10\/jeudisinstafr.jpg","datePublished":"2021-10-29T15:51:30+00:00","dateModified":"2022-01-07T16:17:38+00:00","author":{"@id":"https:\/\/www.camac-harps.com\/blog\/fr\/#\/schema\/person\/59b9e6843c0338179fb914afaf144d22"},"description":"Les Harpes Camac ont le plaisir d'annoncer la nouvelle saison des concerts en ligne. CamacHarpsOfficial sur Youtube, chaque jeudi \u00e0 19h30.","breadcrumb":{"@id":"https:\/\/www.camac-harps.com\/blog\/fr\/alaune\/les-jeudis-de-la-harpe-saison-iv\/#breadcrumb"},"inLanguage":"fr-FR","potentialAction":[{"@type":"ReadAction","target":["https:\/\/www.camac-harps.com\/blog\/fr\/alaune\/les-jeudis-de-la-harpe-saison-iv\/"]}]},{"@type":"ImageObject","inLanguage":"fr-FR","@id":"https:\/\/www.camac-harps.com\/blog\/fr\/alaune\/les-jeudis-de-la-harpe-saison-iv\/#primaryimage","url":"https:\/\/www.camac-harps.com\/blog\/wp-content\/uploads\/sites\/27\/2021\/10\/jeudisinstafr.jpg","contentUrl":"https:\/\/www.camac-harps.com\/blog\/wp-content\/uploads\/sites\/27\/2021\/10\/jeudisinstafr.jpg","width":1600,"height":1600,"caption":"Les Jeudis de la harpe, saison 4"},{"@type":"BreadcrumbList","@id":"https:\/\/www.camac-harps.com\/blog\/fr\/alaune\/les-jeudis-de-la-harpe-saison-iv\/#breadcrumb","itemListElement":[{"@type":"ListItem","position":1,"name":"Home","item":"https:\/\/www.camac-harps.com\/blog\/fr\/"},{"@type":"ListItem","position":2,"name":"Les Jeudis de la Harpe &#8211; Saison IV"}]},{"@type":"WebSite","@id":"https:\/\/www.camac-harps.com\/blog\/fr\/#website","url":"https:\/\/www.camac-harps.com\/blog\/fr\/","name":"Camac Harps","description":"","potentialAction":[{"@type":"SearchAction","target":{"@type":"EntryPoint","urlTemplate":"https:\/\/www.camac-harps.com\/blog\/fr\/?s={search_term_string}"},"query-input":{"@type":"PropertyValueSpecification","valueRequired":true,"valueName":"search_term_string"}}],"inLanguage":"fr-FR"},{"@type":"Person","@id":"https:\/\/www.camac-harps.com\/blog\/fr\/#\/schema\/person\/59b9e6843c0338179fb914afaf144d22","name":"Helen Leitner","image":{"@type":"ImageObject","inLanguage":"fr-FR","@id":"https:\/\/www.camac-harps.com\/blog\/fr\/#\/schema\/person\/image\/","url":"https:\/\/secure.gravatar.com\/avatar\/ebbebff931219cff4c2d1e25c3229b2e036693f67bf237fb12f452d7a019a6da?s=96&d=mm&r=g","contentUrl":"https:\/\/secure.gravatar.com\/avatar\/ebbebff931219cff4c2d1e25c3229b2e036693f67bf237fb12f452d7a019a6da?s=96&d=mm&r=g","caption":"Helen Leitner"},"url":"https:\/\/www.camac-harps.com\/blog\/fr\/author\/ltnr\/"}]}},"_links":{"self":[{"href":"https:\/\/www.camac-harps.com\/blog\/fr\/wp-json\/wp\/v2\/posts\/29167","targetHints":{"allow":["GET"]}}],"collection":[{"href":"https:\/\/www.camac-harps.com\/blog\/fr\/wp-json\/wp\/v2\/posts"}],"about":[{"href":"https:\/\/www.camac-harps.com\/blog\/fr\/wp-json\/wp\/v2\/types\/post"}],"author":[{"embeddable":true,"href":"https:\/\/www.camac-harps.com\/blog\/fr\/wp-json\/wp\/v2\/users\/3"}],"replies":[{"embeddable":true,"href":"https:\/\/www.camac-harps.com\/blog\/fr\/wp-json\/wp\/v2\/comments?post=29167"}],"version-history":[{"count":4,"href":"https:\/\/www.camac-harps.com\/blog\/fr\/wp-json\/wp\/v2\/posts\/29167\/revisions"}],"predecessor-version":[{"id":29191,"href":"https:\/\/www.camac-harps.com\/blog\/fr\/wp-json\/wp\/v2\/posts\/29167\/revisions\/29191"}],"wp:featuredmedia":[{"embeddable":true,"href":"https:\/\/www.camac-harps.com\/blog\/fr\/wp-json\/wp\/v2\/media\/29170"}],"wp:attachment":[{"href":"https:\/\/www.camac-harps.com\/blog\/fr\/wp-json\/wp\/v2\/media?parent=29167"}],"wp:term":[{"taxonomy":"category","embeddable":true,"href":"https:\/\/www.camac-harps.com\/blog\/fr\/wp-json\/wp\/v2\/categories?post=29167"},{"taxonomy":"post_tag","embeddable":true,"href":"https:\/\/www.camac-harps.com\/blog\/fr\/wp-json\/wp\/v2\/tags?post=29167"}],"curies":[{"name":"wp","href":"https:\/\/api.w.org\/{rel}","templated":true}]}}