{"id":29388,"date":"2022-03-16T11:14:31","date_gmt":"2022-03-16T09:14:31","guid":{"rendered":"https:\/\/www.camac-harps.com\/blog\/?p=29388"},"modified":"2022-03-24T11:51:27","modified_gmt":"2022-03-24T09:51:27","slug":"fables-electriques-a-lespace-camac-de-paris","status":"publish","type":"post","link":"https:\/\/www.camac-harps.com\/blog\/fr\/actualites\/fables-electriques-a-lespace-camac-de-paris\/","title":{"rendered":"Fables \u00e9lectriques \u00e0 L\u2019Espace Camac de Paris"},"content":{"rendered":"<p style=\"text-align: justify;\"><a href=\"https:\/\/www.camac-harps.com\/blog\/wp-content\/uploads\/sites\/27\/2022\/03\/maq1-banniere-concert-le-3-avril-espace-camac-fb-851x315px.jpg\"><img loading=\"lazy\" decoding=\"async\" class=\"size-large wp-image-29400\" src=\"https:\/\/www.camac-harps.com\/blog\/wp-content\/uploads\/sites\/27\/2022\/03\/maq1-banniere-concert-le-3-avril-espace-camac-fb-851x315px-1024x379.jpg\" alt=\"Fables \u00e9lectriques \u00e0 l'Espace Camac\" width=\"1024\" height=\"379\" srcset=\"https:\/\/www.camac-harps.com\/blog\/wp-content\/uploads\/sites\/27\/2022\/03\/maq1-banniere-concert-le-3-avril-espace-camac-fb-851x315px-1024x379.jpg 1024w, https:\/\/www.camac-harps.com\/blog\/wp-content\/uploads\/sites\/27\/2022\/03\/maq1-banniere-concert-le-3-avril-espace-camac-fb-851x315px-300x111.jpg 300w, https:\/\/www.camac-harps.com\/blog\/wp-content\/uploads\/sites\/27\/2022\/03\/maq1-banniere-concert-le-3-avril-espace-camac-fb-851x315px-768x284.jpg 768w, https:\/\/www.camac-harps.com\/blog\/wp-content\/uploads\/sites\/27\/2022\/03\/maq1-banniere-concert-le-3-avril-espace-camac-fb-851x315px-1536x569.jpg 1536w, https:\/\/www.camac-harps.com\/blog\/wp-content\/uploads\/sites\/27\/2022\/03\/maq1-banniere-concert-le-3-avril-espace-camac-fb-851x315px-1000x370.jpg 1000w, https:\/\/www.camac-harps.com\/blog\/wp-content\/uploads\/sites\/27\/2022\/03\/maq1-banniere-concert-le-3-avril-espace-camac-fb-851x315px-800x296.jpg 800w, https:\/\/www.camac-harps.com\/blog\/wp-content\/uploads\/sites\/27\/2022\/03\/maq1-banniere-concert-le-3-avril-espace-camac-fb-851x315px-55x20.jpg 55w, https:\/\/www.camac-harps.com\/blog\/wp-content\/uploads\/sites\/27\/2022\/03\/maq1-banniere-concert-le-3-avril-espace-camac-fb-851x315px-250x93.jpg 250w, https:\/\/www.camac-harps.com\/blog\/wp-content\/uploads\/sites\/27\/2022\/03\/maq1-banniere-concert-le-3-avril-espace-camac-fb-851x315px.jpg 1702w\" sizes=\"auto, (max-width: 1024px) 100vw, 1024px\" \/><\/a>Si vous vous int\u00e9ressez \u00e0 la harpe \u00e9lectrique, vous devez conna\u00eetre le travail de <a href=\"https:\/\/www.rinaudorafaelle.com\/\">Rafaelle Rinaudo<\/a> et <a href=\"http:\/\/www.aureharp.fr\/\">Aur\u00e9lie Barb\u00e9<\/a>. Elles font partie des musiciennes qui se sont totalement appropri\u00e9es la harpe \u00e9lectrique, la DHC : entre leurs mains, la harpe \u00e9lectrique d\u00e9voile un spectre harmonique tr\u00e8s vaste, et chemine entre m\u00e9lodies expressives et motifs rythmiques.<\/p>\n<p style=\"text-align: justify;\">Le 3 avril, nous les accueillerons sur la sc\u00e8ne de L&rsquo;Espace Camac pour pr\u00e9senter leurs \u00ab\u00a0Fables \u00e9lectriques\u00a0\u00bb. Le concert d\u00e9butera \u00e0 17 heures, est gratuit et ouvert \u00e0 tous. Aur\u00e9lie et Rafaelle pr\u00e9senteront un set solo chacune, sur harpe \u00e0 leviers \u00e9lectrique et machines \u00e9lectroniques, et finiront par une pi\u00e8ce en duo\u2026<\/p>\n<p style=\"text-align: justify;\">\u00ab En 2020, j\u2019ai sorti mon 1er album, <a href=\"https:\/\/www.camac-harps.com\/blog\/en\/news\/aurelie-barbe-terralone\/\">Terralone<\/a>, il est le fruit de plusieurs ann\u00e9es d\u2019exp\u00e9rimentations et de recherches sonores avec la harpe \u00e9lectrique. J\u2019ai aim\u00e9 combiner dans cet album des sons de harpe, des sons \u00e9lectroniques venant de l\u2019ordinateur, et j\u2019ai collabor\u00e9 avec Fabien Saussaye pour les batteries et programmations rythmiques, et un soup\u00e7on d\u2019orgue et de Wurlitzer !<\/p>\n<p style=\"text-align: justify;\"><a href=\"https:\/\/www.camac-harps.com\/blog\/wp-content\/uploads\/sites\/27\/2022\/03\/aureliebarbe2.jpg\"><img loading=\"lazy\" decoding=\"async\" class=\"alignright size-medium wp-image-29393\" src=\"https:\/\/www.camac-harps.com\/blog\/wp-content\/uploads\/sites\/27\/2022\/03\/aureliebarbe2-300x217.jpg\" alt=\"Aurelie Barb\u00e9\" width=\"300\" height=\"217\" srcset=\"https:\/\/www.camac-harps.com\/blog\/wp-content\/uploads\/sites\/27\/2022\/03\/aureliebarbe2-300x217.jpg 300w, https:\/\/www.camac-harps.com\/blog\/wp-content\/uploads\/sites\/27\/2022\/03\/aureliebarbe2-1024x742.jpg 1024w, https:\/\/www.camac-harps.com\/blog\/wp-content\/uploads\/sites\/27\/2022\/03\/aureliebarbe2-768x556.jpg 768w, https:\/\/www.camac-harps.com\/blog\/wp-content\/uploads\/sites\/27\/2022\/03\/aureliebarbe2-1536x1113.jpg 1536w, https:\/\/www.camac-harps.com\/blog\/wp-content\/uploads\/sites\/27\/2022\/03\/aureliebarbe2-1000x724.jpg 1000w, https:\/\/www.camac-harps.com\/blog\/wp-content\/uploads\/sites\/27\/2022\/03\/aureliebarbe2-800x580.jpg 800w, https:\/\/www.camac-harps.com\/blog\/wp-content\/uploads\/sites\/27\/2022\/03\/aureliebarbe2-55x40.jpg 55w, https:\/\/www.camac-harps.com\/blog\/wp-content\/uploads\/sites\/27\/2022\/03\/aureliebarbe2-250x181.jpg 250w, https:\/\/www.camac-harps.com\/blog\/wp-content\/uploads\/sites\/27\/2022\/03\/aureliebarbe2.jpg 1800w\" sizes=\"auto, (max-width: 300px) 100vw, 300px\" \/><\/a>Apr\u00e8s un album cr\u00e9\u00e9 enti\u00e8rement en studio, je suis maintenant \u00e0 la recherche de la sc\u00e8ne, du jeu vivant. J\u2019ai eu le plaisir de faire des performances improvis\u00e9es avec Nathalie Mura, pastelliste. Mes nouvelles compositions sont tourn\u00e9es vers une r\u00e9alisation live, j\u2019utilise pour cela un looper qui me permet d\u2019enregistrer plusieurs pistes de sons de harpe, et une petite boite \u00e0 rythme (Volca Drum) pour la touche \u00e9lectro. J\u2019aime aussi explorer les sons larges et spacieux, j\u2019aime particuli\u00e8re la p\u00e9dale de reverb BlueSky de Strymon, qui donne \u00e0 la harpe une ampleur incroyable\u2026<br \/>\nJ\u2019aurai le plaisir de jouer 5 de mes compositions le 3 avril, donc une extraite de l\u2019album Terralone : Chrysalide. <br \/>\nJe suis ravie de partager ce plateau avec Rafaelle Rinaudo, dont j\u2019appr\u00e9cie \u00e9norm\u00e9ment le jeu, inventif et sensible ! \u00bb<\/p>\n<p style=\"text-align: right;\">&#8211; Aur\u00e9lie Barb\u00e9<\/p>\n<p style=\"text-align: justify;\">\u00a0<\/p>\n<p style=\"text-align: justify;\"><a href=\"https:\/\/www.camac-harps.com\/blog\/wp-content\/uploads\/sites\/27\/2022\/03\/190610109791b.jpg\"><img loading=\"lazy\" decoding=\"async\" class=\"alignleft size-medium wp-image-29395\" src=\"https:\/\/www.camac-harps.com\/blog\/wp-content\/uploads\/sites\/27\/2022\/03\/190610109791b-300x192.jpg\" alt=\"Rafaelle Rinaudo \" width=\"300\" height=\"192\" srcset=\"https:\/\/www.camac-harps.com\/blog\/wp-content\/uploads\/sites\/27\/2022\/03\/190610109791b-300x192.jpg 300w, https:\/\/www.camac-harps.com\/blog\/wp-content\/uploads\/sites\/27\/2022\/03\/190610109791b-1024x655.jpg 1024w, https:\/\/www.camac-harps.com\/blog\/wp-content\/uploads\/sites\/27\/2022\/03\/190610109791b-768x492.jpg 768w, https:\/\/www.camac-harps.com\/blog\/wp-content\/uploads\/sites\/27\/2022\/03\/190610109791b-1536x983.jpg 1536w, https:\/\/www.camac-harps.com\/blog\/wp-content\/uploads\/sites\/27\/2022\/03\/190610109791b-2048x1311.jpg 2048w, https:\/\/www.camac-harps.com\/blog\/wp-content\/uploads\/sites\/27\/2022\/03\/190610109791b-1000x640.jpg 1000w, https:\/\/www.camac-harps.com\/blog\/wp-content\/uploads\/sites\/27\/2022\/03\/190610109791b-800x512.jpg 800w, https:\/\/www.camac-harps.com\/blog\/wp-content\/uploads\/sites\/27\/2022\/03\/190610109791b-55x35.jpg 55w, https:\/\/www.camac-harps.com\/blog\/wp-content\/uploads\/sites\/27\/2022\/03\/190610109791b-250x160.jpg 250w, https:\/\/www.camac-harps.com\/blog\/wp-content\/uploads\/sites\/27\/2022\/03\/190610109791b-420x270.jpg 420w\" sizes=\"auto, (max-width: 300px) 100vw, 300px\" \/><\/a>\u00ab Quant \u00e0 moi, j\u2019ai eu l\u2019immense plaisir d\u2019\u00eatre invit\u00e9e par Aur\u00e9lie et les signes de l\u2019arc sur cet atelier. Je joue de la harpe \u00e9lectrique dans des groupes de free jazz et d\u2019improvisation g\u00e9n\u00e9rative, je suis laur\u00e9ate de jazz migration et de la FACE foundation NYC et je travaille l\u2019augmentation de la harpe et son int\u00e9gration dans des styles de musiques \u00e0 la fronti\u00e8re du jazz du rock du free du noise et de la composition \u00e9lectroacoustique.<\/p>\n<p style=\"text-align: justify;\">Mon d\u00e9fi du moment est de jouer de la musique avec des sons issus exclusivement de la harpe \u00e9lectrique telle une femme-orchestre. C\u2019est un d\u00e9fi \u00e0 la fois ludique, amusant et difficile car faire sonner un pluck de harpe tr\u00e8s fort n\u00e9cessite la cr\u00e9ation de tout un dispositif sonore. Cette recherche me passionne. \u00bb<\/p>\n<p style=\"text-align: right;\">&#8211; Rafaelle Rinaudo<\/p>\n<p style=\"text-align: justify;\">Cela vous intrigue ? Nous vous recommandons \u00e9galement&#8230;<\/p>\n<div class=\"gdpr_opt_in\" data-cc-enable=\"youtube\">\n<div class=\"gdpr_opt_in__inner\">Je souhaite activer le contenu vid\u00e9o et j&rsquo;accepte que des donn\u00e9es soient charg\u00e9es \u00e0 partir de Google (voir <a href=\"https:\/\/www.camac-harps.com\/blog\/fr\/actualites\/fables-electriques-a-lespace-camac-de-paris\/\" target=\"_blank\">les r\u00e8gles de confidentialit\u00e9<\/a>).<\/div>\n<\/div>\n<div class=\"video_container\">\n<div class=\"video_container__inner\"><iframe title=\"La harpe \u00e9lectrique #1 - H\u00e9l\u00e8ne Breschand\" width=\"500\" height=\"281\" alt-src=\"https:\/\/www.youtube-nocookie.com\/embed\/qA1tnUvbR1c?feature=oembed\" frameborder=\"0\" allow=\"accelerometer; autoplay; clipboard-write; encrypted-media; gyroscope; picture-in-picture; web-share\" referrerpolicy=\"strict-origin-when-cross-origin\" allowfullscreen><\/iframe><\/div>\n<\/div>\n<p style=\"text-align: justify;\"><strong>Projet de vid\u00e9o d\u2019Aur\u00e9lie Barb\u00e9 : les interviews \u00e9lectriques<\/strong><\/p>\n<p style=\"text-align: justify;\">\u00ab Je suis la tr\u00e8s heureuse gagnante du Prix Tissier-Grandpierre 2021 et j\u2019ai donc la chance d\u2019\u00eatre soutenue pour mon projet de vid\u00e9os sur la harpe \u00e9lectrique. Apr\u00e8s les tutoriels bleus r\u00e9alis\u00e9s avec les Harpes Camac, je suis all\u00e9e interviewer des harpistes \u00e9lectriques, pour d\u00e9couvrir comment chaque musicien s\u2019est appropri\u00e9 l\u2019instrument et les machines.<br \/>\nJ\u2019ai r\u00e9alis\u00e9 ma 1\u00e8re interview avec H\u00e9l\u00e8ne Breschand, elle nous montre ses modes de jeux, ses p\u00e9dales d\u2019effet et nous livre ses questionnements, c\u2019est passionnant. La vid\u00e9o est disponible <a href=\"https:\/\/youtu.be\/qA1tnUvbR1c\">ici.<\/a>\u00a0<\/p>\n<p style=\"text-align: justify;\">Bient\u00f4t paraitra la 2\u00e8me interview, r\u00e9alis\u00e9e avec Rafaelle Rinaudo ! <br \/>\nJ\u2019ai invit\u00e9 2 autres artistes, dont je garde le secret pour l\u2019instant \u2026\u00bb<\/p>\n<p style=\"text-align: right;\">&#8211; Aur\u00e9lie Barb\u00e9<\/p>\n<div id=\"attachment_29397\" class=\"wp-caption alignright\" style=\"width: 350px\"><a href=\"https:\/\/www.camac-harps.com\/blog\/wp-content\/uploads\/sites\/27\/2022\/03\/web-5334.jpg\"><img loading=\"lazy\" decoding=\"async\" class=\"wp-image-29397\" src=\"https:\/\/www.camac-harps.com\/blog\/wp-content\/uploads\/sites\/27\/2022\/03\/web-5334-1024x683.jpg\" alt=\"Nout\" width=\"350\" height=\"233\" srcset=\"https:\/\/www.camac-harps.com\/blog\/wp-content\/uploads\/sites\/27\/2022\/03\/web-5334-1024x683.jpg 1024w, https:\/\/www.camac-harps.com\/blog\/wp-content\/uploads\/sites\/27\/2022\/03\/web-5334-300x200.jpg 300w, https:\/\/www.camac-harps.com\/blog\/wp-content\/uploads\/sites\/27\/2022\/03\/web-5334-768x512.jpg 768w, https:\/\/www.camac-harps.com\/blog\/wp-content\/uploads\/sites\/27\/2022\/03\/web-5334-1000x667.jpg 1000w, https:\/\/www.camac-harps.com\/blog\/wp-content\/uploads\/sites\/27\/2022\/03\/web-5334-800x533.jpg 800w, https:\/\/www.camac-harps.com\/blog\/wp-content\/uploads\/sites\/27\/2022\/03\/web-5334-55x37.jpg 55w, https:\/\/www.camac-harps.com\/blog\/wp-content\/uploads\/sites\/27\/2022\/03\/web-5334-250x167.jpg 250w, https:\/\/www.camac-harps.com\/blog\/wp-content\/uploads\/sites\/27\/2022\/03\/web-5334.jpg 1200w\" sizes=\"auto, (max-width: 350px) 100vw, 350px\" \/><\/a><p class=\"wp-caption-text\">\u00ab\u00a0Le temps s\u2019emballe, le trio aussi, et le rock progressif en pantalon de cuir est vite balay\u00e9 par une vague punkisante h\u00e9riss\u00e9e \u00e0 carreaux \u00e9cossais.<br \/>\nInutile de chercher plus loin d\u2019autres inspirations : elles changent sans cesse et se carambolent, s\u2019amalgament dans cette sauce qui se veut courte. Voire essentielle.\u00a0\u00bb Franpi Barriaux, Citizen Jazz<\/p><\/div>\n<p style=\"text-align: justify;\">Rafaelle Rinaudo est dans un nouveau groupe : <a href=\"https:\/\/youtu.be\/rXpfrytK_uo\">Nout<\/a>, avec fl\u00fbte et batterie. Clips, dates de tourn\u00e9e et plus d&rsquo;infos <a href=\"https:\/\/www.gigantonium.com\/nout\">ici<\/a>. Pr\u00e9parez-vous \u00e0 \u00eatre \u00e9poustoufl\u00e9 !<\/p>\n<p>***<\/p>\n<p style=\"text-align: justify;\">Vous serez peut-\u00eatre \u00e9galement int\u00e9ress\u00e9s de savoir que l&rsquo;id\u00e9e de ce concert est n\u00e9e du fait que le m\u00eame jour, nous mettons \u00e0 disposition l&rsquo;espace pour un atelier sp\u00e9cial pour les laur\u00e9ats du concours <a href=\"https:\/\/collegium21.com\/\">Collegium 21<\/a>. Cet \u00e9v\u00e8nement p\u00e9dagogique, dont l\u2019association <a href=\"http:\/\/www.lessignesdelarc.org\/\">Les signes de l\u2019arc<\/a> est partenaire, met en valeur la harpe d\u2019aujourd\u2019hui en favorisant la rencontre entre les compositeurs, compositrices et les jeunes harpistes, gr\u00e2ce \u00e0 des master class et un concours.<\/p>\n<p style=\"text-align: justify;\">L\u2019association Les signes de l\u2019arc a choisi d\u2019offrir aux laur\u00e9ats de l\u2019\u00e9dition 2021 des prix originaux : un atelier de d\u00e9couverte des modes de jeux et un atelier de d\u00e9couverte de la harpe \u00e9lectrique. Bien que cet \u00e9v\u00e9nement ne soit pas ouvert au public, le concours est une autre de nos fortes recommandations pour tous ceux qui s&rsquo;int\u00e9ressent au d\u00e9veloppement de la harpe contemporaine.<\/p>\n","protected":false},"excerpt":{"rendered":"<p>Le 3 avril, nous accueillons Aur\u00e9lie Barb\u00e9 et Rafaelle Rinaudo sur la sc\u00e8ne de l&rsquo;Espace Camac. Ensemble, elles pr\u00e9senteront \u00ab\u00a0Fables \u00e9lectriques\u00a0\u00bb, un set solo\/duo pour harpes DHC et traitement sonore.<\/p>\n","protected":false},"author":3,"featured_media":29389,"comment_status":"open","ping_status":"open","sticky":false,"template":"","format":"standard","meta":{"_acf_changed":false,"footnotes":""},"categories":[781,533],"tags":[],"class_list":["post-29388","post","type-post","status-publish","format-standard","has-post-thumbnail","hentry","category-alaune","category-actualites"],"acf":[],"yoast_head":"<title>Fables \u00e9lectriques \u00e0 L\u2019Espace Camac de Paris - Camac Harps<\/title>\n<meta name=\"robots\" content=\"index, follow, max-snippet:-1, max-image-preview:large, max-video-preview:-1\" \/>\n<link rel=\"canonical\" href=\"https:\/\/www.camac-harps.com\/blog\/fr\/actualites\/fables-electriques-a-lespace-camac-de-paris\/\" \/>\n<meta property=\"og:locale\" content=\"fr_FR\" \/>\n<meta property=\"og:type\" content=\"article\" \/>\n<meta property=\"og:title\" content=\"Fables \u00e9lectriques \u00e0 L\u2019Espace Camac de Paris - Camac Harps\" \/>\n<meta property=\"og:description\" content=\"Le 3 avril, nous accueillons Aur\u00e9lie Barb\u00e9 et Rafaelle Rinaudo sur la sc\u00e8ne de l&#039;Espace Camac. Ensemble, elles pr\u00e9senteront &quot;Fables \u00e9lectriques&quot;, un set solo\/duo pour harpes DHC et traitement sonore.\" \/>\n<meta property=\"og:url\" content=\"https:\/\/www.camac-harps.com\/blog\/fr\/actualites\/fables-electriques-a-lespace-camac-de-paris\/\" \/>\n<meta property=\"og:site_name\" content=\"Camac Harps\" \/>\n<meta property=\"article:published_time\" content=\"2022-03-16T09:14:31+00:00\" \/>\n<meta property=\"article:modified_time\" content=\"2022-03-24T09:51:27+00:00\" \/>\n<meta property=\"og:image\" content=\"https:\/\/www.camac-harps.com\/blog\/wp-content\/uploads\/sites\/27\/2022\/03\/maq1-banniere-concert-le-3-avril-espace-camac-instagram-1600x1600px.jpg\" \/>\n\t<meta property=\"og:image:width\" content=\"800\" \/>\n\t<meta property=\"og:image:height\" content=\"800\" \/>\n\t<meta property=\"og:image:type\" content=\"image\/jpeg\" \/>\n<meta name=\"author\" content=\"Helen Leitner\" \/>\n<meta name=\"twitter:card\" content=\"summary_large_image\" \/>\n<meta name=\"twitter:label1\" content=\"\u00c9crit par\" \/>\n\t<meta name=\"twitter:data1\" content=\"Helen Leitner\" \/>\n\t<meta name=\"twitter:label2\" content=\"Dur\u00e9e de lecture estim\u00e9e\" \/>\n\t<meta name=\"twitter:data2\" content=\"4 minutes\" \/>\n<script type=\"application\/ld+json\" class=\"yoast-schema-graph\">{\"@context\":\"https:\/\/schema.org\",\"@graph\":[{\"@type\":\"Article\",\"@id\":\"https:\/\/www.camac-harps.com\/blog\/fr\/actualites\/fables-electriques-a-lespace-camac-de-paris\/#article\",\"isPartOf\":{\"@id\":\"https:\/\/www.camac-harps.com\/blog\/fr\/actualites\/fables-electriques-a-lespace-camac-de-paris\/\"},\"author\":{\"name\":\"Helen Leitner\",\"@id\":\"https:\/\/www.camac-harps.com\/blog\/fr\/#\/schema\/person\/59b9e6843c0338179fb914afaf144d22\"},\"headline\":\"Fables \u00e9lectriques \u00e0 L\u2019Espace Camac de Paris\",\"datePublished\":\"2022-03-16T09:14:31+00:00\",\"dateModified\":\"2022-03-24T09:51:27+00:00\",\"mainEntityOfPage\":{\"@id\":\"https:\/\/www.camac-harps.com\/blog\/fr\/actualites\/fables-electriques-a-lespace-camac-de-paris\/\"},\"wordCount\":891,\"commentCount\":0,\"image\":{\"@id\":\"https:\/\/www.camac-harps.com\/blog\/fr\/actualites\/fables-electriques-a-lespace-camac-de-paris\/#primaryimage\"},\"thumbnailUrl\":\"https:\/\/www.camac-harps.com\/blog\/wp-content\/uploads\/sites\/27\/2022\/03\/maq1-banniere-concert-le-3-avril-espace-camac-instagram-1600x1600px.jpg\",\"articleSection\":[\"\u00c0 la une\",\"Actualit\u00e9s\"],\"inLanguage\":\"fr-FR\",\"potentialAction\":[{\"@type\":\"CommentAction\",\"name\":\"Comment\",\"target\":[\"https:\/\/www.camac-harps.com\/blog\/fr\/actualites\/fables-electriques-a-lespace-camac-de-paris\/#respond\"]}]},{\"@type\":\"WebPage\",\"@id\":\"https:\/\/www.camac-harps.com\/blog\/fr\/actualites\/fables-electriques-a-lespace-camac-de-paris\/\",\"url\":\"https:\/\/www.camac-harps.com\/blog\/fr\/actualites\/fables-electriques-a-lespace-camac-de-paris\/\",\"name\":\"Fables \u00e9lectriques \u00e0 L\u2019Espace Camac de Paris - Camac Harps\",\"isPartOf\":{\"@id\":\"https:\/\/www.camac-harps.com\/blog\/fr\/#website\"},\"primaryImageOfPage\":{\"@id\":\"https:\/\/www.camac-harps.com\/blog\/fr\/actualites\/fables-electriques-a-lespace-camac-de-paris\/#primaryimage\"},\"image\":{\"@id\":\"https:\/\/www.camac-harps.com\/blog\/fr\/actualites\/fables-electriques-a-lespace-camac-de-paris\/#primaryimage\"},\"thumbnailUrl\":\"https:\/\/www.camac-harps.com\/blog\/wp-content\/uploads\/sites\/27\/2022\/03\/maq1-banniere-concert-le-3-avril-espace-camac-instagram-1600x1600px.jpg\",\"datePublished\":\"2022-03-16T09:14:31+00:00\",\"dateModified\":\"2022-03-24T09:51:27+00:00\",\"author\":{\"@id\":\"https:\/\/www.camac-harps.com\/blog\/fr\/#\/schema\/person\/59b9e6843c0338179fb914afaf144d22\"},\"breadcrumb\":{\"@id\":\"https:\/\/www.camac-harps.com\/blog\/fr\/actualites\/fables-electriques-a-lespace-camac-de-paris\/#breadcrumb\"},\"inLanguage\":\"fr-FR\",\"potentialAction\":[{\"@type\":\"ReadAction\",\"target\":[\"https:\/\/www.camac-harps.com\/blog\/fr\/actualites\/fables-electriques-a-lespace-camac-de-paris\/\"]}]},{\"@type\":\"ImageObject\",\"inLanguage\":\"fr-FR\",\"@id\":\"https:\/\/www.camac-harps.com\/blog\/fr\/actualites\/fables-electriques-a-lespace-camac-de-paris\/#primaryimage\",\"url\":\"https:\/\/www.camac-harps.com\/blog\/wp-content\/uploads\/sites\/27\/2022\/03\/maq1-banniere-concert-le-3-avril-espace-camac-instagram-1600x1600px.jpg\",\"contentUrl\":\"https:\/\/www.camac-harps.com\/blog\/wp-content\/uploads\/sites\/27\/2022\/03\/maq1-banniere-concert-le-3-avril-espace-camac-instagram-1600x1600px.jpg\",\"width\":800,\"height\":800,\"caption\":\"Fables \u00e9lectriques \u00e0 l'Espace Camac\"},{\"@type\":\"BreadcrumbList\",\"@id\":\"https:\/\/www.camac-harps.com\/blog\/fr\/actualites\/fables-electriques-a-lespace-camac-de-paris\/#breadcrumb\",\"itemListElement\":[{\"@type\":\"ListItem\",\"position\":1,\"name\":\"Home\",\"item\":\"https:\/\/www.camac-harps.com\/blog\/fr\/\"},{\"@type\":\"ListItem\",\"position\":2,\"name\":\"Fables \u00e9lectriques \u00e0 L\u2019Espace Camac de Paris\"}]},{\"@type\":\"WebSite\",\"@id\":\"https:\/\/www.camac-harps.com\/blog\/fr\/#website\",\"url\":\"https:\/\/www.camac-harps.com\/blog\/fr\/\",\"name\":\"Camac Harps\",\"description\":\"\",\"potentialAction\":[{\"@type\":\"SearchAction\",\"target\":{\"@type\":\"EntryPoint\",\"urlTemplate\":\"https:\/\/www.camac-harps.com\/blog\/fr\/?s={search_term_string}\"},\"query-input\":{\"@type\":\"PropertyValueSpecification\",\"valueRequired\":true,\"valueName\":\"search_term_string\"}}],\"inLanguage\":\"fr-FR\"},{\"@type\":\"Person\",\"@id\":\"https:\/\/www.camac-harps.com\/blog\/fr\/#\/schema\/person\/59b9e6843c0338179fb914afaf144d22\",\"name\":\"Helen Leitner\",\"image\":{\"@type\":\"ImageObject\",\"inLanguage\":\"fr-FR\",\"@id\":\"https:\/\/www.camac-harps.com\/blog\/fr\/#\/schema\/person\/image\/\",\"url\":\"https:\/\/secure.gravatar.com\/avatar\/ebbebff931219cff4c2d1e25c3229b2e036693f67bf237fb12f452d7a019a6da?s=96&d=mm&r=g\",\"contentUrl\":\"https:\/\/secure.gravatar.com\/avatar\/ebbebff931219cff4c2d1e25c3229b2e036693f67bf237fb12f452d7a019a6da?s=96&d=mm&r=g\",\"caption\":\"Helen Leitner\"},\"url\":\"https:\/\/www.camac-harps.com\/blog\/fr\/author\/ltnr\/\"}]}<\/script>","yoast_head_json":{"title":"Fables \u00e9lectriques \u00e0 L\u2019Espace Camac de Paris - Camac Harps","robots":{"index":"index","follow":"follow","max-snippet":"max-snippet:-1","max-image-preview":"max-image-preview:large","max-video-preview":"max-video-preview:-1"},"canonical":"https:\/\/www.camac-harps.com\/blog\/fr\/actualites\/fables-electriques-a-lespace-camac-de-paris\/","og_locale":"fr_FR","og_type":"article","og_title":"Fables \u00e9lectriques \u00e0 L\u2019Espace Camac de Paris - Camac Harps","og_description":"Le 3 avril, nous accueillons Aur\u00e9lie Barb\u00e9 et Rafaelle Rinaudo sur la sc\u00e8ne de l'Espace Camac. Ensemble, elles pr\u00e9senteront \"Fables \u00e9lectriques\", un set solo\/duo pour harpes DHC et traitement sonore.","og_url":"https:\/\/www.camac-harps.com\/blog\/fr\/actualites\/fables-electriques-a-lespace-camac-de-paris\/","og_site_name":"Camac Harps","article_published_time":"2022-03-16T09:14:31+00:00","article_modified_time":"2022-03-24T09:51:27+00:00","og_image":[{"width":800,"height":800,"url":"https:\/\/www.camac-harps.com\/blog\/wp-content\/uploads\/sites\/27\/2022\/03\/maq1-banniere-concert-le-3-avril-espace-camac-instagram-1600x1600px.jpg","type":"image\/jpeg"}],"author":"Helen Leitner","twitter_card":"summary_large_image","twitter_misc":{"\u00c9crit par":"Helen Leitner","Dur\u00e9e de lecture estim\u00e9e":"4 minutes"},"schema":{"@context":"https:\/\/schema.org","@graph":[{"@type":"Article","@id":"https:\/\/www.camac-harps.com\/blog\/fr\/actualites\/fables-electriques-a-lespace-camac-de-paris\/#article","isPartOf":{"@id":"https:\/\/www.camac-harps.com\/blog\/fr\/actualites\/fables-electriques-a-lespace-camac-de-paris\/"},"author":{"name":"Helen Leitner","@id":"https:\/\/www.camac-harps.com\/blog\/fr\/#\/schema\/person\/59b9e6843c0338179fb914afaf144d22"},"headline":"Fables \u00e9lectriques \u00e0 L\u2019Espace Camac de Paris","datePublished":"2022-03-16T09:14:31+00:00","dateModified":"2022-03-24T09:51:27+00:00","mainEntityOfPage":{"@id":"https:\/\/www.camac-harps.com\/blog\/fr\/actualites\/fables-electriques-a-lespace-camac-de-paris\/"},"wordCount":891,"commentCount":0,"image":{"@id":"https:\/\/www.camac-harps.com\/blog\/fr\/actualites\/fables-electriques-a-lespace-camac-de-paris\/#primaryimage"},"thumbnailUrl":"https:\/\/www.camac-harps.com\/blog\/wp-content\/uploads\/sites\/27\/2022\/03\/maq1-banniere-concert-le-3-avril-espace-camac-instagram-1600x1600px.jpg","articleSection":["\u00c0 la une","Actualit\u00e9s"],"inLanguage":"fr-FR","potentialAction":[{"@type":"CommentAction","name":"Comment","target":["https:\/\/www.camac-harps.com\/blog\/fr\/actualites\/fables-electriques-a-lespace-camac-de-paris\/#respond"]}]},{"@type":"WebPage","@id":"https:\/\/www.camac-harps.com\/blog\/fr\/actualites\/fables-electriques-a-lespace-camac-de-paris\/","url":"https:\/\/www.camac-harps.com\/blog\/fr\/actualites\/fables-electriques-a-lespace-camac-de-paris\/","name":"Fables \u00e9lectriques \u00e0 L\u2019Espace Camac de Paris - Camac Harps","isPartOf":{"@id":"https:\/\/www.camac-harps.com\/blog\/fr\/#website"},"primaryImageOfPage":{"@id":"https:\/\/www.camac-harps.com\/blog\/fr\/actualites\/fables-electriques-a-lespace-camac-de-paris\/#primaryimage"},"image":{"@id":"https:\/\/www.camac-harps.com\/blog\/fr\/actualites\/fables-electriques-a-lespace-camac-de-paris\/#primaryimage"},"thumbnailUrl":"https:\/\/www.camac-harps.com\/blog\/wp-content\/uploads\/sites\/27\/2022\/03\/maq1-banniere-concert-le-3-avril-espace-camac-instagram-1600x1600px.jpg","datePublished":"2022-03-16T09:14:31+00:00","dateModified":"2022-03-24T09:51:27+00:00","author":{"@id":"https:\/\/www.camac-harps.com\/blog\/fr\/#\/schema\/person\/59b9e6843c0338179fb914afaf144d22"},"breadcrumb":{"@id":"https:\/\/www.camac-harps.com\/blog\/fr\/actualites\/fables-electriques-a-lespace-camac-de-paris\/#breadcrumb"},"inLanguage":"fr-FR","potentialAction":[{"@type":"ReadAction","target":["https:\/\/www.camac-harps.com\/blog\/fr\/actualites\/fables-electriques-a-lespace-camac-de-paris\/"]}]},{"@type":"ImageObject","inLanguage":"fr-FR","@id":"https:\/\/www.camac-harps.com\/blog\/fr\/actualites\/fables-electriques-a-lespace-camac-de-paris\/#primaryimage","url":"https:\/\/www.camac-harps.com\/blog\/wp-content\/uploads\/sites\/27\/2022\/03\/maq1-banniere-concert-le-3-avril-espace-camac-instagram-1600x1600px.jpg","contentUrl":"https:\/\/www.camac-harps.com\/blog\/wp-content\/uploads\/sites\/27\/2022\/03\/maq1-banniere-concert-le-3-avril-espace-camac-instagram-1600x1600px.jpg","width":800,"height":800,"caption":"Fables \u00e9lectriques \u00e0 l'Espace Camac"},{"@type":"BreadcrumbList","@id":"https:\/\/www.camac-harps.com\/blog\/fr\/actualites\/fables-electriques-a-lespace-camac-de-paris\/#breadcrumb","itemListElement":[{"@type":"ListItem","position":1,"name":"Home","item":"https:\/\/www.camac-harps.com\/blog\/fr\/"},{"@type":"ListItem","position":2,"name":"Fables \u00e9lectriques \u00e0 L\u2019Espace Camac de Paris"}]},{"@type":"WebSite","@id":"https:\/\/www.camac-harps.com\/blog\/fr\/#website","url":"https:\/\/www.camac-harps.com\/blog\/fr\/","name":"Camac Harps","description":"","potentialAction":[{"@type":"SearchAction","target":{"@type":"EntryPoint","urlTemplate":"https:\/\/www.camac-harps.com\/blog\/fr\/?s={search_term_string}"},"query-input":{"@type":"PropertyValueSpecification","valueRequired":true,"valueName":"search_term_string"}}],"inLanguage":"fr-FR"},{"@type":"Person","@id":"https:\/\/www.camac-harps.com\/blog\/fr\/#\/schema\/person\/59b9e6843c0338179fb914afaf144d22","name":"Helen Leitner","image":{"@type":"ImageObject","inLanguage":"fr-FR","@id":"https:\/\/www.camac-harps.com\/blog\/fr\/#\/schema\/person\/image\/","url":"https:\/\/secure.gravatar.com\/avatar\/ebbebff931219cff4c2d1e25c3229b2e036693f67bf237fb12f452d7a019a6da?s=96&d=mm&r=g","contentUrl":"https:\/\/secure.gravatar.com\/avatar\/ebbebff931219cff4c2d1e25c3229b2e036693f67bf237fb12f452d7a019a6da?s=96&d=mm&r=g","caption":"Helen Leitner"},"url":"https:\/\/www.camac-harps.com\/blog\/fr\/author\/ltnr\/"}]}},"_links":{"self":[{"href":"https:\/\/www.camac-harps.com\/blog\/fr\/wp-json\/wp\/v2\/posts\/29388","targetHints":{"allow":["GET"]}}],"collection":[{"href":"https:\/\/www.camac-harps.com\/blog\/fr\/wp-json\/wp\/v2\/posts"}],"about":[{"href":"https:\/\/www.camac-harps.com\/blog\/fr\/wp-json\/wp\/v2\/types\/post"}],"author":[{"embeddable":true,"href":"https:\/\/www.camac-harps.com\/blog\/fr\/wp-json\/wp\/v2\/users\/3"}],"replies":[{"embeddable":true,"href":"https:\/\/www.camac-harps.com\/blog\/fr\/wp-json\/wp\/v2\/comments?post=29388"}],"version-history":[{"count":15,"href":"https:\/\/www.camac-harps.com\/blog\/fr\/wp-json\/wp\/v2\/posts\/29388\/revisions"}],"predecessor-version":[{"id":29420,"href":"https:\/\/www.camac-harps.com\/blog\/fr\/wp-json\/wp\/v2\/posts\/29388\/revisions\/29420"}],"wp:featuredmedia":[{"embeddable":true,"href":"https:\/\/www.camac-harps.com\/blog\/fr\/wp-json\/wp\/v2\/media\/29389"}],"wp:attachment":[{"href":"https:\/\/www.camac-harps.com\/blog\/fr\/wp-json\/wp\/v2\/media?parent=29388"}],"wp:term":[{"taxonomy":"category","embeddable":true,"href":"https:\/\/www.camac-harps.com\/blog\/fr\/wp-json\/wp\/v2\/categories?post=29388"},{"taxonomy":"post_tag","embeddable":true,"href":"https:\/\/www.camac-harps.com\/blog\/fr\/wp-json\/wp\/v2\/tags?post=29388"}],"curies":[{"name":"wp","href":"https:\/\/api.w.org\/{rel}","templated":true}]}}