{"id":29565,"date":"2022-04-10T18:58:03","date_gmt":"2022-04-10T16:58:03","guid":{"rendered":"https:\/\/www.camac-harps.com\/blog\/non-classifiee\/felix-godefroid-international-harp-competition-2022-final-results\/"},"modified":"2022-04-11T08:24:48","modified_gmt":"2022-04-11T06:24:48","slug":"concours-international-de-harpe-felix-godefroid-2022-resultats-finaux","status":"publish","type":"post","link":"https:\/\/www.camac-harps.com\/blog\/fr\/alaune\/concours-international-de-harpe-felix-godefroid-2022-resultats-finaux\/","title":{"rendered":"Concours international de harpe F\u00e9lix Godefroid 2022 : r\u00e9sultats finaux"},"content":{"rendered":"<div class=\"mceTemp\">\u00a0<\/div>\n<p><a href=\"https:\/\/www.camac-harps.com\/blog\/wp-content\/uploads\/sites\/27\/2022\/04\/e3aaf663-6584-4e18-acd1-54fda106ba03-1-201-a-scaled.jpeg\"><img loading=\"lazy\" decoding=\"async\" class=\"aligncenter size-large wp-image-29558\" src=\"https:\/\/www.camac-harps.com\/blog\/wp-content\/uploads\/sites\/27\/2022\/04\/e3aaf663-6584-4e18-acd1-54fda106ba03-1-201-a-1024x499.jpeg\" alt=\"Godefroid winners 2022\" width=\"1024\" height=\"499\" srcset=\"https:\/\/www.camac-harps.com\/blog\/wp-content\/uploads\/sites\/27\/2022\/04\/e3aaf663-6584-4e18-acd1-54fda106ba03-1-201-a-1024x499.jpeg 1024w, https:\/\/www.camac-harps.com\/blog\/wp-content\/uploads\/sites\/27\/2022\/04\/e3aaf663-6584-4e18-acd1-54fda106ba03-1-201-a-300x146.jpeg 300w, https:\/\/www.camac-harps.com\/blog\/wp-content\/uploads\/sites\/27\/2022\/04\/e3aaf663-6584-4e18-acd1-54fda106ba03-1-201-a-768x374.jpeg 768w, https:\/\/www.camac-harps.com\/blog\/wp-content\/uploads\/sites\/27\/2022\/04\/e3aaf663-6584-4e18-acd1-54fda106ba03-1-201-a-1536x748.jpeg 1536w, https:\/\/www.camac-harps.com\/blog\/wp-content\/uploads\/sites\/27\/2022\/04\/e3aaf663-6584-4e18-acd1-54fda106ba03-1-201-a-2048x998.jpeg 2048w, https:\/\/www.camac-harps.com\/blog\/wp-content\/uploads\/sites\/27\/2022\/04\/e3aaf663-6584-4e18-acd1-54fda106ba03-1-201-a-1000x487.jpeg 1000w, https:\/\/www.camac-harps.com\/blog\/wp-content\/uploads\/sites\/27\/2022\/04\/e3aaf663-6584-4e18-acd1-54fda106ba03-1-201-a-800x390.jpeg 800w, https:\/\/www.camac-harps.com\/blog\/wp-content\/uploads\/sites\/27\/2022\/04\/e3aaf663-6584-4e18-acd1-54fda106ba03-1-201-a-55x27.jpeg 55w, https:\/\/www.camac-harps.com\/blog\/wp-content\/uploads\/sites\/27\/2022\/04\/e3aaf663-6584-4e18-acd1-54fda106ba03-1-201-a-250x122.jpeg 250w\" sizes=\"auto, (max-width: 1024px) 100vw, 1024px\" \/><\/a><\/p>\n<p>&nbsp;<\/p>\n<div id=\"attachment_29571\" class=\"wp-caption alignleft\" style=\"width: 231px\"><a href=\"https:\/\/www.camac-harps.com\/blog\/wp-content\/uploads\/sites\/27\/2022\/04\/03015615-f95c-4d0b-b94d-effd15f94be6-1-201-a-scaled.jpeg\"><img loading=\"lazy\" decoding=\"async\" class=\"wp-image-29571 size-medium\" src=\"https:\/\/www.camac-harps.com\/blog\/wp-content\/uploads\/sites\/27\/2022\/04\/03015615-f95c-4d0b-b94d-effd15f94be6-1-201-a-231x300.jpeg\" alt=\"Johanna Dorothea Gorisen, Jakez Fran\u00e7ois\" width=\"231\" height=\"300\" srcset=\"https:\/\/www.camac-harps.com\/blog\/wp-content\/uploads\/sites\/27\/2022\/04\/03015615-f95c-4d0b-b94d-effd15f94be6-1-201-a-231x300.jpeg 231w, https:\/\/www.camac-harps.com\/blog\/wp-content\/uploads\/sites\/27\/2022\/04\/03015615-f95c-4d0b-b94d-effd15f94be6-1-201-a-789x1024.jpeg 789w, https:\/\/www.camac-harps.com\/blog\/wp-content\/uploads\/sites\/27\/2022\/04\/03015615-f95c-4d0b-b94d-effd15f94be6-1-201-a-768x997.jpeg 768w, https:\/\/www.camac-harps.com\/blog\/wp-content\/uploads\/sites\/27\/2022\/04\/03015615-f95c-4d0b-b94d-effd15f94be6-1-201-a-1183x1536.jpeg 1183w, https:\/\/www.camac-harps.com\/blog\/wp-content\/uploads\/sites\/27\/2022\/04\/03015615-f95c-4d0b-b94d-effd15f94be6-1-201-a-1578x2048.jpeg 1578w, https:\/\/www.camac-harps.com\/blog\/wp-content\/uploads\/sites\/27\/2022\/04\/03015615-f95c-4d0b-b94d-effd15f94be6-1-201-a-1000x1298.jpeg 1000w, https:\/\/www.camac-harps.com\/blog\/wp-content\/uploads\/sites\/27\/2022\/04\/03015615-f95c-4d0b-b94d-effd15f94be6-1-201-a-300x389.jpeg 300w, https:\/\/www.camac-harps.com\/blog\/wp-content\/uploads\/sites\/27\/2022\/04\/03015615-f95c-4d0b-b94d-effd15f94be6-1-201-a-800x1039.jpeg 800w, https:\/\/www.camac-harps.com\/blog\/wp-content\/uploads\/sites\/27\/2022\/04\/03015615-f95c-4d0b-b94d-effd15f94be6-1-201-a-55x71.jpeg 55w, https:\/\/www.camac-harps.com\/blog\/wp-content\/uploads\/sites\/27\/2022\/04\/03015615-f95c-4d0b-b94d-effd15f94be6-1-201-a-250x325.jpeg 250w, https:\/\/www.camac-harps.com\/blog\/wp-content\/uploads\/sites\/27\/2022\/04\/03015615-f95c-4d0b-b94d-effd15f94be6-1-201-a-scaled.jpeg 1972w\" sizes=\"auto, (max-width: 231px) 100vw, 231px\" \/><\/a><p class=\"wp-caption-text\">Johanna Dorothea Gorisen, Jakez Fran\u00e7ois<\/p><\/div>\n<p style=\"text-align: justify;\">Les r\u00e9sultats de la cat\u00e9gorie \u00ab\u00a0Soliste\u00a0\u00bb du <a href=\"https:\/\/www.godefroid-harp-competition.be\/\">Concours international de harpe F\u00e9lix Godefroid<\/a> sont les suivants :<\/p>\n<p style=\"text-align: justify;\">Premier prix : Johanna Dorothea Gorisen (Allemagne)<\/p>\n<p style=\"text-align: justify;\">Deuxi\u00e8me prix : Hannah Cope (Etats-Unis)<\/p>\n<p style=\"text-align: justify;\">Troisi\u00e8me prix : Nagisa Tanaka (Japon)<\/p>\n<p style=\"text-align: justify;\">F\u00e9licitations aux trois laur\u00e9ats et \u00e0 tous les finalistes pour cette superbe r\u00e9ussite.<\/p>\n<p>&nbsp;<\/p>\n<div id=\"attachment_29561\" class=\"wp-caption aligncenter\" style=\"width: 1024px\"><a href=\"https:\/\/www.camac-harps.com\/blog\/wp-content\/uploads\/sites\/27\/2022\/04\/33c62f1c-5f92-4c58-b041-9d4d57f3ab60-1-201-a-scaled.jpeg\"><img loading=\"lazy\" decoding=\"async\" class=\"wp-image-29561 size-large\" src=\"https:\/\/www.camac-harps.com\/blog\/wp-content\/uploads\/sites\/27\/2022\/04\/33c62f1c-5f92-4c58-b041-9d4d57f3ab60-1-201-a-1024x217.jpeg\" alt=\"Godefroid jury 2022\" width=\"1024\" height=\"217\" srcset=\"https:\/\/www.camac-harps.com\/blog\/wp-content\/uploads\/sites\/27\/2022\/04\/33c62f1c-5f92-4c58-b041-9d4d57f3ab60-1-201-a-1024x217.jpeg 1024w, https:\/\/www.camac-harps.com\/blog\/wp-content\/uploads\/sites\/27\/2022\/04\/33c62f1c-5f92-4c58-b041-9d4d57f3ab60-1-201-a-300x64.jpeg 300w, https:\/\/www.camac-harps.com\/blog\/wp-content\/uploads\/sites\/27\/2022\/04\/33c62f1c-5f92-4c58-b041-9d4d57f3ab60-1-201-a-768x163.jpeg 768w, https:\/\/www.camac-harps.com\/blog\/wp-content\/uploads\/sites\/27\/2022\/04\/33c62f1c-5f92-4c58-b041-9d4d57f3ab60-1-201-a-1536x326.jpeg 1536w, https:\/\/www.camac-harps.com\/blog\/wp-content\/uploads\/sites\/27\/2022\/04\/33c62f1c-5f92-4c58-b041-9d4d57f3ab60-1-201-a-2048x434.jpeg 2048w, https:\/\/www.camac-harps.com\/blog\/wp-content\/uploads\/sites\/27\/2022\/04\/33c62f1c-5f92-4c58-b041-9d4d57f3ab60-1-201-a-1000x212.jpeg 1000w, https:\/\/www.camac-harps.com\/blog\/wp-content\/uploads\/sites\/27\/2022\/04\/33c62f1c-5f92-4c58-b041-9d4d57f3ab60-1-201-a-800x170.jpeg 800w, https:\/\/www.camac-harps.com\/blog\/wp-content\/uploads\/sites\/27\/2022\/04\/33c62f1c-5f92-4c58-b041-9d4d57f3ab60-1-201-a-55x12.jpeg 55w, https:\/\/www.camac-harps.com\/blog\/wp-content\/uploads\/sites\/27\/2022\/04\/33c62f1c-5f92-4c58-b041-9d4d57f3ab60-1-201-a-250x53.jpeg 250w\" sizes=\"auto, (max-width: 1024px) 100vw, 1024px\" \/><\/a><p class=\"wp-caption-text\">Le jury au complet !<\/p><\/div>\n<p style=\"text-align: justify;\">Nous avons un peu de mal \u00e0 r\u00e9aliser que nous avons \u00e9cout\u00e9 plus de 80 candidats en seulement 4 jours ! Nous avons \u00e9t\u00e9 r\u00e9ellement impressionn\u00e9s par le niveau &#8211; comme nous le sommes toujours. \u00ab\u00a0Le niveau \u00e9tait tr\u00e8s \u00e9lev\u00e9\u00a0\u00bb peut sembler \u00eatre une platitude, mais c&rsquo;est un fait que le niveau s&rsquo;\u00e9l\u00e8ve d&rsquo;ann\u00e9e en ann\u00e9e, dans toute la communaut\u00e9 de la harpe. Tous les candidats devraient en \u00eatre conscients, et \u00eatre fiers de ce qu&rsquo;ils ont accompli dans la mesure o\u00f9, collectivement et avec leurs professeurs, ils contribuent \u00e0 l&rsquo;importance toujours croissante de la harpe dans le paysage musical actuel.<\/p>\n<div id=\"attachment_29556\" class=\"wp-caption alignright\" style=\"width: 300px\"><a href=\"https:\/\/www.camac-harps.com\/blog\/wp-content\/uploads\/sites\/27\/2022\/04\/committee-scaled.jpg\"><img loading=\"lazy\" decoding=\"async\" class=\"size-medium wp-image-29556\" src=\"https:\/\/www.camac-harps.com\/blog\/wp-content\/uploads\/sites\/27\/2022\/04\/committee-300x225.jpg\" alt=\"Godefroid organising committee 2022\" width=\"300\" height=\"225\" srcset=\"https:\/\/www.camac-harps.com\/blog\/wp-content\/uploads\/sites\/27\/2022\/04\/committee-300x225.jpg 300w, https:\/\/www.camac-harps.com\/blog\/wp-content\/uploads\/sites\/27\/2022\/04\/committee-1024x768.jpg 1024w, https:\/\/www.camac-harps.com\/blog\/wp-content\/uploads\/sites\/27\/2022\/04\/committee-768x576.jpg 768w, https:\/\/www.camac-harps.com\/blog\/wp-content\/uploads\/sites\/27\/2022\/04\/committee-1536x1152.jpg 1536w, https:\/\/www.camac-harps.com\/blog\/wp-content\/uploads\/sites\/27\/2022\/04\/committee-2048x1536.jpg 2048w, https:\/\/www.camac-harps.com\/blog\/wp-content\/uploads\/sites\/27\/2022\/04\/committee-1000x750.jpg 1000w, https:\/\/www.camac-harps.com\/blog\/wp-content\/uploads\/sites\/27\/2022\/04\/committee-800x600.jpg 800w, https:\/\/www.camac-harps.com\/blog\/wp-content\/uploads\/sites\/27\/2022\/04\/committee-55x41.jpg 55w, https:\/\/www.camac-harps.com\/blog\/wp-content\/uploads\/sites\/27\/2022\/04\/committee-250x188.jpg 250w\" sizes=\"auto, (max-width: 300px) 100vw, 300px\" \/><\/a><p class=\"wp-caption-text\">L\u2019 \u00e9quipe organisatrice<\/p><\/div>\n<p style=\"text-align: justify;\">Nous tenons \u00e9galement \u00e0 adresser nos plus chaleureuses f\u00e9licitations au fantastique comit\u00e9 d&rsquo;organisation du concours Godefroid : Sophie Hallynck, Aurore Grailet, Jehanne Piret et Heleen Vandeputte, et leur extraordinaire \u00e9quipe de b\u00e9n\u00e9voles. Ce concours est r\u00e9put\u00e9 pour son d\u00e9roulement ir\u00e9prochable et son ambiance chaleureuse, mais cela ne se fait pas tout seul. Tout comme jouer de la harpe, une \u00e9norme quantit\u00e9 de pr\u00e9paration est n\u00e9cessaire pour donner l&rsquo;impression d&rsquo;une gr\u00e2ce sans effort sur sc\u00e8ne !<\/p>\n<p>&nbsp;<\/p>\n","protected":false},"excerpt":{"rendered":"<p>Chaleureuses f\u00e9licitations aux laur\u00e9ats pour leur admirable parcours. <\/p>\n","protected":false},"author":3,"featured_media":29555,"comment_status":"open","ping_status":"open","sticky":false,"template":"","format":"standard","meta":{"_acf_changed":false,"footnotes":""},"categories":[781,533],"tags":[],"class_list":["post-29565","post","type-post","status-publish","format-standard","has-post-thumbnail","hentry","category-alaune","category-actualites"],"acf":[],"yoast_head":"<title>Concours international de harpe F\u00e9lix Godefroid 2022 : r\u00e9sultats finaux - Camac Harps<\/title>\n<meta name=\"robots\" content=\"index, follow, max-snippet:-1, max-image-preview:large, max-video-preview:-1\" \/>\n<link rel=\"canonical\" href=\"https:\/\/www.camac-harps.com\/blog\/fr\/alaune\/concours-international-de-harpe-felix-godefroid-2022-resultats-finaux\/\" \/>\n<meta property=\"og:locale\" content=\"fr_FR\" \/>\n<meta property=\"og:type\" content=\"article\" \/>\n<meta property=\"og:title\" content=\"Concours international de harpe F\u00e9lix Godefroid 2022 : r\u00e9sultats finaux - Camac Harps\" \/>\n<meta property=\"og:description\" content=\"Chaleureuses f\u00e9licitations aux laur\u00e9ats pour leur admirable parcours.\" \/>\n<meta property=\"og:url\" content=\"https:\/\/www.camac-harps.com\/blog\/fr\/alaune\/concours-international-de-harpe-felix-godefroid-2022-resultats-finaux\/\" \/>\n<meta property=\"og:site_name\" content=\"Camac Harps\" \/>\n<meta property=\"article:published_time\" content=\"2022-04-10T16:58:03+00:00\" \/>\n<meta property=\"article:modified_time\" content=\"2022-04-11T06:24:48+00:00\" \/>\n<meta property=\"og:image\" content=\"https:\/\/www.camac-harps.com\/blog\/wp-content\/uploads\/sites\/27\/2022\/04\/harpsonstage-scaled.jpg\" \/>\n\t<meta property=\"og:image:width\" content=\"2560\" \/>\n\t<meta property=\"og:image:height\" content=\"2560\" \/>\n\t<meta property=\"og:image:type\" content=\"image\/jpeg\" \/>\n<meta name=\"author\" content=\"Helen Leitner\" \/>\n<meta name=\"twitter:card\" content=\"summary_large_image\" \/>\n<meta name=\"twitter:label1\" content=\"\u00c9crit par\" \/>\n\t<meta name=\"twitter:data1\" content=\"Helen Leitner\" \/>\n\t<meta name=\"twitter:label2\" content=\"Dur\u00e9e de lecture estim\u00e9e\" \/>\n\t<meta name=\"twitter:data2\" content=\"1 minute\" \/>\n<script type=\"application\/ld+json\" class=\"yoast-schema-graph\">{\"@context\":\"https:\/\/schema.org\",\"@graph\":[{\"@type\":\"Article\",\"@id\":\"https:\/\/www.camac-harps.com\/blog\/fr\/alaune\/concours-international-de-harpe-felix-godefroid-2022-resultats-finaux\/#article\",\"isPartOf\":{\"@id\":\"https:\/\/www.camac-harps.com\/blog\/fr\/alaune\/concours-international-de-harpe-felix-godefroid-2022-resultats-finaux\/\"},\"author\":{\"name\":\"Helen Leitner\",\"@id\":\"https:\/\/www.camac-harps.com\/blog\/fr\/#\/schema\/person\/59b9e6843c0338179fb914afaf144d22\"},\"headline\":\"Concours international de harpe F\u00e9lix Godefroid 2022 : r\u00e9sultats finaux\",\"datePublished\":\"2022-04-10T16:58:03+00:00\",\"dateModified\":\"2022-04-11T06:24:48+00:00\",\"mainEntityOfPage\":{\"@id\":\"https:\/\/www.camac-harps.com\/blog\/fr\/alaune\/concours-international-de-harpe-felix-godefroid-2022-resultats-finaux\/\"},\"wordCount\":292,\"commentCount\":0,\"image\":{\"@id\":\"https:\/\/www.camac-harps.com\/blog\/fr\/alaune\/concours-international-de-harpe-felix-godefroid-2022-resultats-finaux\/#primaryimage\"},\"thumbnailUrl\":\"https:\/\/www.camac-harps.com\/blog\/wp-content\/uploads\/sites\/27\/2022\/04\/harpsonstage-scaled.jpg\",\"articleSection\":[\"\u00c0 la une\",\"Actualit\u00e9s\"],\"inLanguage\":\"fr-FR\",\"potentialAction\":[{\"@type\":\"CommentAction\",\"name\":\"Comment\",\"target\":[\"https:\/\/www.camac-harps.com\/blog\/fr\/alaune\/concours-international-de-harpe-felix-godefroid-2022-resultats-finaux\/#respond\"]}]},{\"@type\":\"WebPage\",\"@id\":\"https:\/\/www.camac-harps.com\/blog\/fr\/alaune\/concours-international-de-harpe-felix-godefroid-2022-resultats-finaux\/\",\"url\":\"https:\/\/www.camac-harps.com\/blog\/fr\/alaune\/concours-international-de-harpe-felix-godefroid-2022-resultats-finaux\/\",\"name\":\"Concours international de harpe F\u00e9lix Godefroid 2022 : r\u00e9sultats finaux - Camac Harps\",\"isPartOf\":{\"@id\":\"https:\/\/www.camac-harps.com\/blog\/fr\/#website\"},\"primaryImageOfPage\":{\"@id\":\"https:\/\/www.camac-harps.com\/blog\/fr\/alaune\/concours-international-de-harpe-felix-godefroid-2022-resultats-finaux\/#primaryimage\"},\"image\":{\"@id\":\"https:\/\/www.camac-harps.com\/blog\/fr\/alaune\/concours-international-de-harpe-felix-godefroid-2022-resultats-finaux\/#primaryimage\"},\"thumbnailUrl\":\"https:\/\/www.camac-harps.com\/blog\/wp-content\/uploads\/sites\/27\/2022\/04\/harpsonstage-scaled.jpg\",\"datePublished\":\"2022-04-10T16:58:03+00:00\",\"dateModified\":\"2022-04-11T06:24:48+00:00\",\"author\":{\"@id\":\"https:\/\/www.camac-harps.com\/blog\/fr\/#\/schema\/person\/59b9e6843c0338179fb914afaf144d22\"},\"breadcrumb\":{\"@id\":\"https:\/\/www.camac-harps.com\/blog\/fr\/alaune\/concours-international-de-harpe-felix-godefroid-2022-resultats-finaux\/#breadcrumb\"},\"inLanguage\":\"fr-FR\",\"potentialAction\":[{\"@type\":\"ReadAction\",\"target\":[\"https:\/\/www.camac-harps.com\/blog\/fr\/alaune\/concours-international-de-harpe-felix-godefroid-2022-resultats-finaux\/\"]}]},{\"@type\":\"ImageObject\",\"inLanguage\":\"fr-FR\",\"@id\":\"https:\/\/www.camac-harps.com\/blog\/fr\/alaune\/concours-international-de-harpe-felix-godefroid-2022-resultats-finaux\/#primaryimage\",\"url\":\"https:\/\/www.camac-harps.com\/blog\/wp-content\/uploads\/sites\/27\/2022\/04\/harpsonstage-scaled.jpg\",\"contentUrl\":\"https:\/\/www.camac-harps.com\/blog\/wp-content\/uploads\/sites\/27\/2022\/04\/harpsonstage-scaled.jpg\",\"width\":2560,\"height\":2560,\"caption\":\"Harps on stage\"},{\"@type\":\"BreadcrumbList\",\"@id\":\"https:\/\/www.camac-harps.com\/blog\/fr\/alaune\/concours-international-de-harpe-felix-godefroid-2022-resultats-finaux\/#breadcrumb\",\"itemListElement\":[{\"@type\":\"ListItem\",\"position\":1,\"name\":\"Home\",\"item\":\"https:\/\/www.camac-harps.com\/blog\/fr\/\"},{\"@type\":\"ListItem\",\"position\":2,\"name\":\"Concours international de harpe F\u00e9lix Godefroid 2022 : r\u00e9sultats finaux\"}]},{\"@type\":\"WebSite\",\"@id\":\"https:\/\/www.camac-harps.com\/blog\/fr\/#website\",\"url\":\"https:\/\/www.camac-harps.com\/blog\/fr\/\",\"name\":\"Camac Harps\",\"description\":\"\",\"potentialAction\":[{\"@type\":\"SearchAction\",\"target\":{\"@type\":\"EntryPoint\",\"urlTemplate\":\"https:\/\/www.camac-harps.com\/blog\/fr\/?s={search_term_string}\"},\"query-input\":{\"@type\":\"PropertyValueSpecification\",\"valueRequired\":true,\"valueName\":\"search_term_string\"}}],\"inLanguage\":\"fr-FR\"},{\"@type\":\"Person\",\"@id\":\"https:\/\/www.camac-harps.com\/blog\/fr\/#\/schema\/person\/59b9e6843c0338179fb914afaf144d22\",\"name\":\"Helen Leitner\",\"image\":{\"@type\":\"ImageObject\",\"inLanguage\":\"fr-FR\",\"@id\":\"https:\/\/www.camac-harps.com\/blog\/fr\/#\/schema\/person\/image\/\",\"url\":\"https:\/\/secure.gravatar.com\/avatar\/ebbebff931219cff4c2d1e25c3229b2e036693f67bf237fb12f452d7a019a6da?s=96&d=mm&r=g\",\"contentUrl\":\"https:\/\/secure.gravatar.com\/avatar\/ebbebff931219cff4c2d1e25c3229b2e036693f67bf237fb12f452d7a019a6da?s=96&d=mm&r=g\",\"caption\":\"Helen Leitner\"},\"url\":\"https:\/\/www.camac-harps.com\/blog\/fr\/author\/ltnr\/\"}]}<\/script>","yoast_head_json":{"title":"Concours international de harpe F\u00e9lix Godefroid 2022 : r\u00e9sultats finaux - Camac Harps","robots":{"index":"index","follow":"follow","max-snippet":"max-snippet:-1","max-image-preview":"max-image-preview:large","max-video-preview":"max-video-preview:-1"},"canonical":"https:\/\/www.camac-harps.com\/blog\/fr\/alaune\/concours-international-de-harpe-felix-godefroid-2022-resultats-finaux\/","og_locale":"fr_FR","og_type":"article","og_title":"Concours international de harpe F\u00e9lix Godefroid 2022 : r\u00e9sultats finaux - Camac Harps","og_description":"Chaleureuses f\u00e9licitations aux laur\u00e9ats pour leur admirable parcours.","og_url":"https:\/\/www.camac-harps.com\/blog\/fr\/alaune\/concours-international-de-harpe-felix-godefroid-2022-resultats-finaux\/","og_site_name":"Camac Harps","article_published_time":"2022-04-10T16:58:03+00:00","article_modified_time":"2022-04-11T06:24:48+00:00","og_image":[{"width":2560,"height":2560,"url":"https:\/\/www.camac-harps.com\/blog\/wp-content\/uploads\/sites\/27\/2022\/04\/harpsonstage-scaled.jpg","type":"image\/jpeg"}],"author":"Helen Leitner","twitter_card":"summary_large_image","twitter_misc":{"\u00c9crit par":"Helen Leitner","Dur\u00e9e de lecture estim\u00e9e":"1 minute"},"schema":{"@context":"https:\/\/schema.org","@graph":[{"@type":"Article","@id":"https:\/\/www.camac-harps.com\/blog\/fr\/alaune\/concours-international-de-harpe-felix-godefroid-2022-resultats-finaux\/#article","isPartOf":{"@id":"https:\/\/www.camac-harps.com\/blog\/fr\/alaune\/concours-international-de-harpe-felix-godefroid-2022-resultats-finaux\/"},"author":{"name":"Helen Leitner","@id":"https:\/\/www.camac-harps.com\/blog\/fr\/#\/schema\/person\/59b9e6843c0338179fb914afaf144d22"},"headline":"Concours international de harpe F\u00e9lix Godefroid 2022 : r\u00e9sultats finaux","datePublished":"2022-04-10T16:58:03+00:00","dateModified":"2022-04-11T06:24:48+00:00","mainEntityOfPage":{"@id":"https:\/\/www.camac-harps.com\/blog\/fr\/alaune\/concours-international-de-harpe-felix-godefroid-2022-resultats-finaux\/"},"wordCount":292,"commentCount":0,"image":{"@id":"https:\/\/www.camac-harps.com\/blog\/fr\/alaune\/concours-international-de-harpe-felix-godefroid-2022-resultats-finaux\/#primaryimage"},"thumbnailUrl":"https:\/\/www.camac-harps.com\/blog\/wp-content\/uploads\/sites\/27\/2022\/04\/harpsonstage-scaled.jpg","articleSection":["\u00c0 la une","Actualit\u00e9s"],"inLanguage":"fr-FR","potentialAction":[{"@type":"CommentAction","name":"Comment","target":["https:\/\/www.camac-harps.com\/blog\/fr\/alaune\/concours-international-de-harpe-felix-godefroid-2022-resultats-finaux\/#respond"]}]},{"@type":"WebPage","@id":"https:\/\/www.camac-harps.com\/blog\/fr\/alaune\/concours-international-de-harpe-felix-godefroid-2022-resultats-finaux\/","url":"https:\/\/www.camac-harps.com\/blog\/fr\/alaune\/concours-international-de-harpe-felix-godefroid-2022-resultats-finaux\/","name":"Concours international de harpe F\u00e9lix Godefroid 2022 : r\u00e9sultats finaux - Camac Harps","isPartOf":{"@id":"https:\/\/www.camac-harps.com\/blog\/fr\/#website"},"primaryImageOfPage":{"@id":"https:\/\/www.camac-harps.com\/blog\/fr\/alaune\/concours-international-de-harpe-felix-godefroid-2022-resultats-finaux\/#primaryimage"},"image":{"@id":"https:\/\/www.camac-harps.com\/blog\/fr\/alaune\/concours-international-de-harpe-felix-godefroid-2022-resultats-finaux\/#primaryimage"},"thumbnailUrl":"https:\/\/www.camac-harps.com\/blog\/wp-content\/uploads\/sites\/27\/2022\/04\/harpsonstage-scaled.jpg","datePublished":"2022-04-10T16:58:03+00:00","dateModified":"2022-04-11T06:24:48+00:00","author":{"@id":"https:\/\/www.camac-harps.com\/blog\/fr\/#\/schema\/person\/59b9e6843c0338179fb914afaf144d22"},"breadcrumb":{"@id":"https:\/\/www.camac-harps.com\/blog\/fr\/alaune\/concours-international-de-harpe-felix-godefroid-2022-resultats-finaux\/#breadcrumb"},"inLanguage":"fr-FR","potentialAction":[{"@type":"ReadAction","target":["https:\/\/www.camac-harps.com\/blog\/fr\/alaune\/concours-international-de-harpe-felix-godefroid-2022-resultats-finaux\/"]}]},{"@type":"ImageObject","inLanguage":"fr-FR","@id":"https:\/\/www.camac-harps.com\/blog\/fr\/alaune\/concours-international-de-harpe-felix-godefroid-2022-resultats-finaux\/#primaryimage","url":"https:\/\/www.camac-harps.com\/blog\/wp-content\/uploads\/sites\/27\/2022\/04\/harpsonstage-scaled.jpg","contentUrl":"https:\/\/www.camac-harps.com\/blog\/wp-content\/uploads\/sites\/27\/2022\/04\/harpsonstage-scaled.jpg","width":2560,"height":2560,"caption":"Harps on stage"},{"@type":"BreadcrumbList","@id":"https:\/\/www.camac-harps.com\/blog\/fr\/alaune\/concours-international-de-harpe-felix-godefroid-2022-resultats-finaux\/#breadcrumb","itemListElement":[{"@type":"ListItem","position":1,"name":"Home","item":"https:\/\/www.camac-harps.com\/blog\/fr\/"},{"@type":"ListItem","position":2,"name":"Concours international de harpe F\u00e9lix Godefroid 2022 : r\u00e9sultats finaux"}]},{"@type":"WebSite","@id":"https:\/\/www.camac-harps.com\/blog\/fr\/#website","url":"https:\/\/www.camac-harps.com\/blog\/fr\/","name":"Camac Harps","description":"","potentialAction":[{"@type":"SearchAction","target":{"@type":"EntryPoint","urlTemplate":"https:\/\/www.camac-harps.com\/blog\/fr\/?s={search_term_string}"},"query-input":{"@type":"PropertyValueSpecification","valueRequired":true,"valueName":"search_term_string"}}],"inLanguage":"fr-FR"},{"@type":"Person","@id":"https:\/\/www.camac-harps.com\/blog\/fr\/#\/schema\/person\/59b9e6843c0338179fb914afaf144d22","name":"Helen Leitner","image":{"@type":"ImageObject","inLanguage":"fr-FR","@id":"https:\/\/www.camac-harps.com\/blog\/fr\/#\/schema\/person\/image\/","url":"https:\/\/secure.gravatar.com\/avatar\/ebbebff931219cff4c2d1e25c3229b2e036693f67bf237fb12f452d7a019a6da?s=96&d=mm&r=g","contentUrl":"https:\/\/secure.gravatar.com\/avatar\/ebbebff931219cff4c2d1e25c3229b2e036693f67bf237fb12f452d7a019a6da?s=96&d=mm&r=g","caption":"Helen Leitner"},"url":"https:\/\/www.camac-harps.com\/blog\/fr\/author\/ltnr\/"}]}},"_links":{"self":[{"href":"https:\/\/www.camac-harps.com\/blog\/fr\/wp-json\/wp\/v2\/posts\/29565","targetHints":{"allow":["GET"]}}],"collection":[{"href":"https:\/\/www.camac-harps.com\/blog\/fr\/wp-json\/wp\/v2\/posts"}],"about":[{"href":"https:\/\/www.camac-harps.com\/blog\/fr\/wp-json\/wp\/v2\/types\/post"}],"author":[{"embeddable":true,"href":"https:\/\/www.camac-harps.com\/blog\/fr\/wp-json\/wp\/v2\/users\/3"}],"replies":[{"embeddable":true,"href":"https:\/\/www.camac-harps.com\/blog\/fr\/wp-json\/wp\/v2\/comments?post=29565"}],"version-history":[{"count":3,"href":"https:\/\/www.camac-harps.com\/blog\/fr\/wp-json\/wp\/v2\/posts\/29565\/revisions"}],"predecessor-version":[{"id":29573,"href":"https:\/\/www.camac-harps.com\/blog\/fr\/wp-json\/wp\/v2\/posts\/29565\/revisions\/29573"}],"wp:featuredmedia":[{"embeddable":true,"href":"https:\/\/www.camac-harps.com\/blog\/fr\/wp-json\/wp\/v2\/media\/29555"}],"wp:attachment":[{"href":"https:\/\/www.camac-harps.com\/blog\/fr\/wp-json\/wp\/v2\/media?parent=29565"}],"wp:term":[{"taxonomy":"category","embeddable":true,"href":"https:\/\/www.camac-harps.com\/blog\/fr\/wp-json\/wp\/v2\/categories?post=29565"},{"taxonomy":"post_tag","embeddable":true,"href":"https:\/\/www.camac-harps.com\/blog\/fr\/wp-json\/wp\/v2\/tags?post=29565"}],"curies":[{"name":"wp","href":"https:\/\/api.w.org\/{rel}","templated":true}]}}