{"id":29776,"date":"2022-07-23T08:28:24","date_gmt":"2022-07-23T06:28:24","guid":{"rendered":"https:\/\/www.camac-harps.com\/blog\/?p=29776"},"modified":"2022-07-23T08:33:30","modified_gmt":"2022-07-23T06:33:30","slug":"le-congres-mondial-de-la-harpe-2022-a-cardiff-1er-jour","status":"publish","type":"post","link":"https:\/\/www.camac-harps.com\/blog\/fr\/alaune\/le-congres-mondial-de-la-harpe-2022-a-cardiff-1er-jour\/","title":{"rendered":"Le Congr\u00e8s mondial de la harpe 2022 \u00e0 Cardiff : 1er jour !"},"content":{"rendered":"<p>L&rsquo;\u00e9quipe Camac est venue en force \u00e0 Cardiff, pour le Congr\u00e8s mondial de la harpe 2022. Hier, l\u2019exposition s\u2019est ouverte et nous avons \u00e9t\u00e9 ravis de d\u00e9voiler notre mod\u00e8le <a href=\"https:\/\/www.camac-harps.com\/fr\/harps-fr\/pedal-fr\/jubile\/\">Jubil\u00e9<\/a>. Voici quelques impressions du lancement de la harpe Grand-<a href=\"https:\/\/www.camac-harps.com\/fr\/harps-fr\/pedal-fr\/jubile\/\">Concert Jubil\u00e9<\/a>, et de sa <a href=\"https:\/\/www.camac-harps.com\/fr\/harps-fr\/pedal-fr\/jubile\/\">s\u0153ur \u00e9lectroacoustique<\/a> dans une nouvelle finition bleue.<\/p>\n\n\t\t<style type=\"text\/css\">\n\t\t\t#gallery-1 {\n\t\t\t\tmargin: auto;\n\t\t\t}\n\t\t\t#gallery-1 .gallery-item {\n\t\t\t\tfloat: left;\n\t\t\t\tmargin-top: 10px;\n\t\t\t\ttext-align: center;\n\t\t\t\twidth: 25%;\n\t\t\t}\n\t\t\t#gallery-1 img {\n\t\t\t\tborder: 2px solid #cfcfcf;\n\t\t\t}\n\t\t\t#gallery-1 .gallery-caption {\n\t\t\t\tmargin-left: 0;\n\t\t\t}\n\t\t\t\/* see gallery_shortcode() in wp-includes\/media.php *\/\n\t\t<\/style>\n\t\t<div id='gallery-1' class='gallery galleryid-29776 gallery-columns-4 gallery-size-thumbnail'><dl class='gallery-item'>\n\t\t\t<dt class='gallery-icon portrait'>\n\t\t\t\t<a href='https:\/\/www.camac-harps.com\/blog\/wp-content\/uploads\/sites\/27\/2022\/07\/black-jubile-2.jpg'><img loading=\"lazy\" decoding=\"async\" width=\"150\" height=\"150\" src=\"https:\/\/www.camac-harps.com\/blog\/wp-content\/uploads\/sites\/27\/2022\/07\/black-jubile-2-150x150.jpg\" class=\"attachment-thumbnail size-thumbnail\" alt=\"Jubil\u00e9, black lacquer finish\" aria-describedby=\"gallery-1-29738\" \/><\/a>\n\t\t\t<\/dt>\n\t\t\t\t<dd class='wp-caption-text gallery-caption' id='gallery-1-29738'>\n\t\t\t\tJubil\u00e9 Grand Concert, finition laqu\u00e9e noire\n\t\t\t\t<\/dd><\/dl><dl class='gallery-item'>\n\t\t\t<dt class='gallery-icon portrait'>\n\t\t\t\t<a href='https:\/\/www.camac-harps.com\/blog\/wp-content\/uploads\/sites\/27\/2022\/07\/black-jubile-1.jpg'><img loading=\"lazy\" decoding=\"async\" width=\"150\" height=\"150\" src=\"https:\/\/www.camac-harps.com\/blog\/wp-content\/uploads\/sites\/27\/2022\/07\/black-jubile-1-150x150.jpg\" class=\"attachment-thumbnail size-thumbnail\" alt=\"Jubil\u00e9, black soundboard detail\" aria-describedby=\"gallery-1-29736\" \/><\/a>\n\t\t\t<\/dt>\n\t\t\t\t<dd class='wp-caption-text gallery-caption' id='gallery-1-29736'>\n\t\t\t\tD\u00e9tail de la table d&rsquo;harmonie de la Jubil\u00e9\n\t\t\t\t<\/dd><\/dl><dl class='gallery-item'>\n\t\t\t<dt class='gallery-icon portrait'>\n\t\t\t\t<a href='https:\/\/www.camac-harps.com\/blog\/wp-content\/uploads\/sites\/27\/2022\/07\/blue-jubile-2.jpg'><img loading=\"lazy\" decoding=\"async\" width=\"150\" height=\"150\" src=\"https:\/\/www.camac-harps.com\/blog\/wp-content\/uploads\/sites\/27\/2022\/07\/blue-jubile-2-150x150.jpg\" class=\"attachment-thumbnail size-thumbnail\" alt=\"\" aria-describedby=\"gallery-1-29742\" \/><\/a>\n\t\t\t<\/dt>\n\t\t\t\t<dd class='wp-caption-text gallery-caption' id='gallery-1-29742'>\n\t\t\t\tEt en bleu&#8230;\n\t\t\t\t<\/dd><\/dl><dl class='gallery-item'>\n\t\t\t<dt class='gallery-icon landscape'>\n\t\t\t\t<a href='https:\/\/www.camac-harps.com\/blog\/wp-content\/uploads\/sites\/27\/2022\/07\/blue-jubile-1.jpg'><img loading=\"lazy\" decoding=\"async\" width=\"150\" height=\"150\" src=\"https:\/\/www.camac-harps.com\/blog\/wp-content\/uploads\/sites\/27\/2022\/07\/blue-jubile-1-150x150.jpg\" class=\"attachment-thumbnail size-thumbnail\" alt=\"Electroacoustic Jubil\u00e9, pedal box detail\" aria-describedby=\"gallery-1-29734\" \/><\/a>\n\t\t\t<\/dt>\n\t\t\t\t<dd class='wp-caption-text gallery-caption' id='gallery-1-29734'>\n\t\t\t\tJubil\u00e9 \u00e9lectroacoustique\n\t\t\t\t<\/dd><\/dl><br style=\"clear: both\" \/><dl class='gallery-item'>\n\t\t\t<dt class='gallery-icon landscape'>\n\t\t\t\t<a href='https:\/\/www.camac-harps.com\/blog\/wp-content\/uploads\/sites\/27\/2022\/07\/veronika-blue-jubile-scaled.jpg'><img loading=\"lazy\" decoding=\"async\" width=\"150\" height=\"150\" src=\"https:\/\/www.camac-harps.com\/blog\/wp-content\/uploads\/sites\/27\/2022\/07\/veronika-blue-jubile-150x150.jpg\" class=\"attachment-thumbnail size-thumbnail\" alt=\"Veronika Lemishenko tries out the electroacoustic Jubil\u00e9\" aria-describedby=\"gallery-1-29748\" \/><\/a>\n\t\t\t<\/dt>\n\t\t\t\t<dd class='wp-caption-text gallery-caption' id='gallery-1-29748'>\n\t\t\t\tVeronika Lemishenko plays the electroacoustic Jubil\u00e9\n\t\t\t\t<\/dd><\/dl><dl class='gallery-item'>\n\t\t\t<dt class='gallery-icon landscape'>\n\t\t\t\t<a href='https:\/\/www.camac-harps.com\/blog\/wp-content\/uploads\/sites\/27\/2022\/07\/jubile-duets-2-scaled.jpg'><img loading=\"lazy\" decoding=\"async\" width=\"150\" height=\"150\" src=\"https:\/\/www.camac-harps.com\/blog\/wp-content\/uploads\/sites\/27\/2022\/07\/jubile-duets-2-150x150.jpg\" class=\"attachment-thumbnail size-thumbnail\" alt=\"\" aria-describedby=\"gallery-1-29746\" \/><\/a>\n\t\t\t<\/dt>\n\t\t\t\t<dd class='wp-caption-text gallery-caption' id='gallery-1-29746'>\n\t\t\t\tQuelques duos impromptus \ud83d\ude42\n\t\t\t\t<\/dd><\/dl><dl class='gallery-item'>\n\t\t\t<dt class='gallery-icon landscape'>\n\t\t\t\t<a href='https:\/\/www.camac-harps.com\/blog\/wp-content\/uploads\/sites\/27\/2022\/07\/evelyn-ben-scaled.jpg'><img loading=\"lazy\" decoding=\"async\" width=\"150\" height=\"150\" src=\"https:\/\/www.camac-harps.com\/blog\/wp-content\/uploads\/sites\/27\/2022\/07\/evelyn-ben-150x150.jpg\" class=\"attachment-thumbnail size-thumbnail\" alt=\"\" aria-describedby=\"gallery-1-29744\" \/><\/a>\n\t\t\t<\/dt>\n\t\t\t\t<dd class='wp-caption-text gallery-caption' id='gallery-1-29744'>\n\t\t\t\tDuo impromptu \u00ab Black Orpheus \u00bb entre Evelyn Huber et Ben Creighton-Griffiths\n\t\t\t\t<\/dd><\/dl><dl class='gallery-item'>\n\t\t\t<dt class='gallery-icon portrait'>\n\t\t\t\t<a href='https:\/\/www.camac-harps.com\/blog\/wp-content\/uploads\/sites\/27\/2022\/07\/jubile-bleu-1.jpg'><img loading=\"lazy\" decoding=\"async\" width=\"150\" height=\"150\" src=\"https:\/\/www.camac-harps.com\/blog\/wp-content\/uploads\/sites\/27\/2022\/07\/jubile-bleu-1-150x150.jpg\" class=\"attachment-thumbnail size-thumbnail\" alt=\"\" aria-describedby=\"gallery-1-29740\" \/><\/a>\n\t\t\t<\/dt>\n\t\t\t\t<dd class='wp-caption-text gallery-caption' id='gallery-1-29740'>\n\t\t\t\tJubil\u00e9 \u00e9lectroacoustique\n\t\t\t\t<\/dd><\/dl><br style=\"clear: both\" \/>\n\t\t<\/div>\n\n<p>&nbsp;<\/p>\n<p><span style=\"font-weight: 400;\">Voici \u00e9galement une petite visite vid\u00e9o du calme avant la temp\u00eate&#8230;<\/span><\/p>\n<p>&nbsp;<\/p>\n<div style=\"width: 960px;\" class=\"wp-video\"><video class=\"wp-video-shortcode\" id=\"video-29776-1\" width=\"960\" height=\"540\" preload=\"metadata\" controls=\"controls\"><source type=\"video\/mp4\" src=\"https:\/\/www.camac-harps.com\/blog\/wp-content\/uploads\/sites\/27\/2022\/07\/whc-j1.mp4?_=1\" \/><a href=\"https:\/\/www.camac-harps.com\/blog\/wp-content\/uploads\/sites\/27\/2022\/07\/whc-j1.mp4\">https:\/\/www.camac-harps.com\/blog\/wp-content\/uploads\/sites\/27\/2022\/07\/whc-j1.mp4<\/a><\/video><\/div>\n<p>&nbsp;<\/p>\n<p style=\"text-align: justify;\">&#8230;avant que la pr\u00e9sidente du World Harp Congress, Kathy Kienzle, la directrice artistique du Congr\u00e8s 2022, Catrin Finch, et la pr\u00e9sidente du comit\u00e9 2022, Caryl Thomas, ne coupent le ruban symbolique pour que le congr\u00e8s soit officiellement lanc\u00e9 ! Comme l&rsquo;a expliqu\u00e9 Kathy dans son discours d&rsquo;ouverture, \u00e0 cause de la pand\u00e9mie, l&rsquo;\u00e9quipe de Cardiff s&rsquo;est retrouv\u00e9e \u00e0 \u00eatre le comit\u00e9 h\u00f4te ayant la plus longue dur\u00e9e de vie dans l&rsquo;histoire du Congr\u00e8s. Malgr\u00e9 les nombreux d\u00e9fis \u00e0 relever, la plupart du programme original de 2020 a pu \u00eatre pr\u00e9serv\u00e9, ce qui est une r\u00e9ussite consid\u00e9rable.<\/p>\n<p>&nbsp;<\/p>\n\n\t\t<style type=\"text\/css\">\n\t\t\t#gallery-2 {\n\t\t\t\tmargin: auto;\n\t\t\t}\n\t\t\t#gallery-2 .gallery-item {\n\t\t\t\tfloat: left;\n\t\t\t\tmargin-top: 10px;\n\t\t\t\ttext-align: center;\n\t\t\t\twidth: 25%;\n\t\t\t}\n\t\t\t#gallery-2 img {\n\t\t\t\tborder: 2px solid #cfcfcf;\n\t\t\t}\n\t\t\t#gallery-2 .gallery-caption {\n\t\t\t\tmargin-left: 0;\n\t\t\t}\n\t\t\t\/* see gallery_shortcode() in wp-includes\/media.php *\/\n\t\t<\/style>\n\t\t<div id='gallery-2' class='gallery galleryid-29776 gallery-columns-4 gallery-size-thumbnail'><dl class='gallery-item'>\n\t\t\t<dt class='gallery-icon landscape'>\n\t\t\t\t<a href='https:\/\/www.camac-harps.com\/blog\/wp-content\/uploads\/sites\/27\/2022\/07\/ribbon-cutting-scaled.jpg'><img loading=\"lazy\" decoding=\"async\" width=\"150\" height=\"150\" src=\"https:\/\/www.camac-harps.com\/blog\/wp-content\/uploads\/sites\/27\/2022\/07\/ribbon-cutting-150x150.jpg\" class=\"attachment-thumbnail size-thumbnail\" alt=\"WHC ribbon cutting\" aria-describedby=\"gallery-2-29767\" \/><\/a>\n\t\t\t<\/dt>\n\t\t\t\t<dd class='wp-caption-text gallery-caption' id='gallery-2-29767'>\n\t\t\t\tLe Congr\u00e8s mondial est officiellement ouvert ! De gauche \u00e0 droite : Catrin Finch, Kathy Kienzle, Caryl Thomas\n\t\t\t\t<\/dd><\/dl><dl class='gallery-item'>\n\t\t\t<dt class='gallery-icon landscape'>\n\t\t\t\t<a href='https:\/\/www.camac-harps.com\/blog\/wp-content\/uploads\/sites\/27\/2022\/07\/rave-harps-scaled.jpg'><img loading=\"lazy\" decoding=\"async\" width=\"150\" height=\"150\" src=\"https:\/\/www.camac-harps.com\/blog\/wp-content\/uploads\/sites\/27\/2022\/07\/rave-harps-150x150.jpg\" class=\"attachment-thumbnail size-thumbnail\" alt=\"Rave Harps Cardiff day 1\" aria-describedby=\"gallery-2-29761\" \/><\/a>\n\t\t\t<\/dt>\n\t\t\t\t<dd class='wp-caption-text gallery-caption' id='gallery-2-29761'>\n\t\t\t\tUne visite impromptue de nos amis de Rave Harps !\n\t\t\t\t<\/dd><\/dl><dl class='gallery-item'>\n\t\t\t<dt class='gallery-icon landscape'>\n\t\t\t\t<a href='https:\/\/www.camac-harps.com\/blog\/wp-content\/uploads\/sites\/27\/2022\/07\/ann-yeung-stasa-mirkovic-scaled.jpg'><img loading=\"lazy\" decoding=\"async\" width=\"150\" height=\"150\" src=\"https:\/\/www.camac-harps.com\/blog\/wp-content\/uploads\/sites\/27\/2022\/07\/ann-yeung-stasa-mirkovic-150x150.jpg\" class=\"attachment-thumbnail size-thumbnail\" alt=\"Ann Yeung, Sta\u0161a Mirkovi\u0107-Gruji\u0107\" aria-describedby=\"gallery-2-29763\" \/><\/a>\n\t\t\t<\/dt>\n\t\t\t\t<dd class='wp-caption-text gallery-caption' id='gallery-2-29763'>\n\t\t\t\tAnn Yeung, Sta\u0161a Mirkovi\u0107-Gruji\u0107\n\t\t\t\t<\/dd><\/dl><dl class='gallery-item'>\n\t\t\t<dt class='gallery-icon portrait'>\n\t\t\t\t<a href='https:\/\/www.camac-harps.com\/blog\/wp-content\/uploads\/sites\/27\/2022\/07\/lucrecia-jancsa-mercedes-gomez.jpg'><img loading=\"lazy\" decoding=\"async\" width=\"150\" height=\"150\" src=\"https:\/\/www.camac-harps.com\/blog\/wp-content\/uploads\/sites\/27\/2022\/07\/lucrecia-jancsa-mercedes-gomez-150x150.jpg\" class=\"attachment-thumbnail size-thumbnail\" alt=\"Lucrecia Jancsa, Mercedes Gomez\" aria-describedby=\"gallery-2-29765\" srcset=\"https:\/\/www.camac-harps.com\/blog\/wp-content\/uploads\/sites\/27\/2022\/07\/lucrecia-jancsa-mercedes-gomez-150x150.jpg 150w, https:\/\/www.camac-harps.com\/blog\/wp-content\/uploads\/sites\/27\/2022\/07\/lucrecia-jancsa-mercedes-gomez-300x300.jpg 300w, https:\/\/www.camac-harps.com\/blog\/wp-content\/uploads\/sites\/27\/2022\/07\/lucrecia-jancsa-mercedes-gomez-1024x1024.jpg 1024w, https:\/\/www.camac-harps.com\/blog\/wp-content\/uploads\/sites\/27\/2022\/07\/lucrecia-jancsa-mercedes-gomez-768x769.jpg 768w, https:\/\/www.camac-harps.com\/blog\/wp-content\/uploads\/sites\/27\/2022\/07\/lucrecia-jancsa-mercedes-gomez-1534x1536.jpg 1534w, https:\/\/www.camac-harps.com\/blog\/wp-content\/uploads\/sites\/27\/2022\/07\/lucrecia-jancsa-mercedes-gomez-1000x1001.jpg 1000w, https:\/\/www.camac-harps.com\/blog\/wp-content\/uploads\/sites\/27\/2022\/07\/lucrecia-jancsa-mercedes-gomez-800x801.jpg 800w, https:\/\/www.camac-harps.com\/blog\/wp-content\/uploads\/sites\/27\/2022\/07\/lucrecia-jancsa-mercedes-gomez-55x55.jpg 55w, https:\/\/www.camac-harps.com\/blog\/wp-content\/uploads\/sites\/27\/2022\/07\/lucrecia-jancsa-mercedes-gomez-250x250.jpg 250w, https:\/\/www.camac-harps.com\/blog\/wp-content\/uploads\/sites\/27\/2022\/07\/lucrecia-jancsa-mercedes-gomez.jpg 1661w\" sizes=\"auto, (max-width: 150px) 100vw, 150px\" \/><\/a>\n\t\t\t<\/dt>\n\t\t\t\t<dd class='wp-caption-text gallery-caption' id='gallery-2-29765'>\n\t\t\t\tLucrecia Jancsa, Mercedes Gomez\n\t\t\t\t<\/dd><\/dl><br style=\"clear: both\" \/>\n\t\t<\/div>\n\n<p style=\"text-align: justify;\">Au moment o\u00f9 nous \u00e9crivons ces lignes, de courageuses (et courageux) harpistes matinaux se pr\u00e9parent d\u00e9j\u00e0 pour la journ\u00e9e avec la Technique Alexander, tandis que les jeunes du Focus on Youth sont occup\u00e9s \u00e0 accorder leurs harpes et \u00e0 s\u2019\u00e9chauffer pour commencer leurs concerts \u00e0 10 heures, heure de Cardiff. Avant la fin de la journ\u00e9e, nous aurons pu profiter d&rsquo;ateliers sur l\u2019enseignement, de r\u00e9citals dans de nombreux styles musicaux, et de ce qui promet d&rsquo;\u00eatre une incroyable soir\u00e9e d&rsquo;ouverture \u00e0 l&rsquo;H\u00f4tel de ville de Cardiff.<\/p>\n<div id=\"attachment_5552\" class=\"wp-caption alignright\" style=\"width: 300px\"><a href=\"https:\/\/www.camac-harps.com\/blog\/wp-content\/uploads\/sites\/27\/2017\/03\/elenandpaul.jpg\"><img loading=\"lazy\" decoding=\"async\" class=\"wp-image-5552 size-medium\" src=\"https:\/\/www.camac-harps.com\/blog\/wp-content\/uploads\/sites\/27\/2017\/03\/elenandpaul-300x171.jpg\" alt=\"Paul and Elen Vining \" width=\"300\" height=\"171\" srcset=\"https:\/\/www.camac-harps.com\/blog\/wp-content\/uploads\/sites\/27\/2017\/03\/elenandpaul-300x171.jpg 300w, https:\/\/www.camac-harps.com\/blog\/wp-content\/uploads\/sites\/27\/2017\/03\/elenandpaul-768x439.jpg 768w, https:\/\/www.camac-harps.com\/blog\/wp-content\/uploads\/sites\/27\/2017\/03\/elenandpaul-800x457.jpg 800w, https:\/\/www.camac-harps.com\/blog\/wp-content\/uploads\/sites\/27\/2017\/03\/elenandpaul-55x31.jpg 55w, https:\/\/www.camac-harps.com\/blog\/wp-content\/uploads\/sites\/27\/2017\/03\/elenandpaul-250x143.jpg 250w, https:\/\/www.camac-harps.com\/blog\/wp-content\/uploads\/sites\/27\/2017\/03\/elenandpaul.jpg 950w\" sizes=\"auto, (max-width: 300px) 100vw, 300px\" \/><\/a><p class=\"wp-caption-text\">Elen et Paul Vining dans leur salle d&rsquo;exposition \u00e0 Cardiff<\/p><\/div>\n<p style=\"text-align: justify;\"><span style=\"font-weight: 400;\">Nous sommes \u00e9galement ravis que le Congr\u00e8s de cette ann\u00e9e se d\u00e9roule dans la patrie de l&rsquo;un de nos plus anciens partenaires\u00a0: <a href=\"https:\/\/wales.camac-harps.com\/en\/\">Telynau Vining Harps<\/a>. Notre collaboration et notre amiti\u00e9 ont maintenant plus de vingt ans et vous pourrez rencontrer Elen Vining sur le stand des Harpes Camac tout au long de la semaine.\u00a0 <\/span><\/p>\n<p style=\"text-align: justify;\">Le Pays de Galles est \u00e9galement un v\u00e9ritable \u00ab pays de la harpe \u00bb et il y aura beaucoup de musique et de culture galloise au programme tout au long de la semaine.<br \/>\n<a href=\"https:\/\/www.camac-harps.com\/blog\/wp-content\/uploads\/sites\/27\/2022\/07\/logoelenandhelen-1.jpg\"><img loading=\"lazy\" decoding=\"async\" class=\"alignleft size-thumbnail wp-image-29758\" src=\"https:\/\/www.camac-harps.com\/blog\/wp-content\/uploads\/sites\/27\/2022\/07\/logoelenandhelen-1-150x150.jpg\" alt=\"Elen&amp;Helen\" width=\"150\" height=\"150\" srcset=\"https:\/\/www.camac-harps.com\/blog\/wp-content\/uploads\/sites\/27\/2022\/07\/logoelenandhelen-1-150x150.jpg 150w, https:\/\/www.camac-harps.com\/blog\/wp-content\/uploads\/sites\/27\/2022\/07\/logoelenandhelen-1-55x55.jpg 55w, https:\/\/www.camac-harps.com\/blog\/wp-content\/uploads\/sites\/27\/2022\/07\/logoelenandhelen-1-250x250.jpg 250w, https:\/\/www.camac-harps.com\/blog\/wp-content\/uploads\/sites\/27\/2022\/07\/logoelenandhelen-1.jpg 284w\" sizes=\"auto, (max-width: 150px) 100vw, 150px\" \/><\/a>Pour f\u00eater cela, le blog Camac passe avec enthousiasme \u00e0 l&rsquo;anglais\/gallois pour ses reportages de la semaine. Elen Vining de Camac Cardiff et Helen Leitner de Camac France s\u2019associent pour former l\u2019incontournable hashtag #elenandhelen, vous informant ici des \u00e9v\u00e9nements du Congr\u00e8s au jour le jour, et bien s\u00fbr rejoignez nos conversations @CamacHarps sur (presque) tous les r\u00e9seaux sociaux.<\/p>\n<p style=\"text-align: justify;\"><span style=\"font-weight: 400;\">Mae\u2019n mynd i fod yn wythnos wych! La semaine s&rsquo;annonce passionnante ! <\/span><\/p>\n<p>&nbsp;<\/p>\n<p style=\"text-align: justify;\">\u00a0<\/p>\n","protected":false},"excerpt":{"rendered":"<p>Apr\u00e8s l\u2019inauguration de l\u2019exposition de harpes hier apr\u00e8s-midi, le Congr\u00e8s mondial de la harpe est officiellement ouvert !<\/p>\n","protected":false},"author":3,"featured_media":29754,"comment_status":"open","ping_status":"open","sticky":false,"template":"","format":"standard","meta":{"_acf_changed":false,"footnotes":""},"categories":[781,533],"tags":[],"class_list":["post-29776","post","type-post","status-publish","format-standard","has-post-thumbnail","hentry","category-alaune","category-actualites"],"acf":[],"yoast_head":"<title>Le Congr\u00e8s mondial de la harpe 2022 \u00e0 Cardiff : 1er jour ! - Camac Harps<\/title>\n<meta name=\"description\" content=\"Apr\u00e8s l\u2019inauguration de l\u2019exposition de harpes hier apr\u00e8s-midi, le Congr\u00e8s mondial de la harpe est officiellement ouvert !\" \/>\n<meta name=\"robots\" content=\"index, follow, max-snippet:-1, max-image-preview:large, max-video-preview:-1\" \/>\n<link rel=\"canonical\" href=\"https:\/\/www.camac-harps.com\/blog\/fr\/alaune\/le-congres-mondial-de-la-harpe-2022-a-cardiff-1er-jour\/\" \/>\n<meta property=\"og:locale\" content=\"fr_FR\" \/>\n<meta property=\"og:type\" content=\"article\" \/>\n<meta property=\"og:title\" content=\"Le Congr\u00e8s mondial de la harpe 2022 \u00e0 Cardiff : 1er jour ! - Camac Harps\" \/>\n<meta property=\"og:description\" content=\"Apr\u00e8s l\u2019inauguration de l\u2019exposition de harpes hier apr\u00e8s-midi, le Congr\u00e8s mondial de la harpe est officiellement ouvert !\" \/>\n<meta property=\"og:url\" content=\"https:\/\/www.camac-harps.com\/blog\/fr\/alaune\/le-congres-mondial-de-la-harpe-2022-a-cardiff-1er-jour\/\" \/>\n<meta property=\"og:site_name\" content=\"Camac Harps\" \/>\n<meta property=\"article:published_time\" content=\"2022-07-23T06:28:24+00:00\" \/>\n<meta property=\"article:modified_time\" content=\"2022-07-23T06:33:30+00:00\" \/>\n<meta property=\"og:image\" content=\"https:\/\/www.camac-harps.com\/blog\/wp-content\/uploads\/sites\/27\/2022\/07\/yellow-blue.jpg\" \/>\n\t<meta property=\"og:image:width\" content=\"1195\" \/>\n\t<meta property=\"og:image:height\" content=\"1196\" \/>\n\t<meta property=\"og:image:type\" content=\"image\/jpeg\" \/>\n<meta name=\"author\" content=\"Helen Leitner\" \/>\n<meta name=\"twitter:card\" content=\"summary_large_image\" \/>\n<meta name=\"twitter:label1\" content=\"\u00c9crit par\" \/>\n\t<meta name=\"twitter:data1\" content=\"Helen Leitner\" \/>\n\t<meta name=\"twitter:label2\" content=\"Dur\u00e9e de lecture estim\u00e9e\" \/>\n\t<meta name=\"twitter:data2\" content=\"3 minutes\" \/>\n<script type=\"application\/ld+json\" class=\"yoast-schema-graph\">{\"@context\":\"https:\/\/schema.org\",\"@graph\":[{\"@type\":\"Article\",\"@id\":\"https:\/\/www.camac-harps.com\/blog\/fr\/alaune\/le-congres-mondial-de-la-harpe-2022-a-cardiff-1er-jour\/#article\",\"isPartOf\":{\"@id\":\"https:\/\/www.camac-harps.com\/blog\/fr\/alaune\/le-congres-mondial-de-la-harpe-2022-a-cardiff-1er-jour\/\"},\"author\":{\"name\":\"Helen Leitner\",\"@id\":\"https:\/\/www.camac-harps.com\/blog\/fr\/#\/schema\/person\/59b9e6843c0338179fb914afaf144d22\"},\"headline\":\"Le Congr\u00e8s mondial de la harpe 2022 \u00e0 Cardiff : 1er jour !\",\"datePublished\":\"2022-07-23T06:28:24+00:00\",\"dateModified\":\"2022-07-23T06:33:30+00:00\",\"mainEntityOfPage\":{\"@id\":\"https:\/\/www.camac-harps.com\/blog\/fr\/alaune\/le-congres-mondial-de-la-harpe-2022-a-cardiff-1er-jour\/\"},\"wordCount\":496,\"commentCount\":0,\"image\":{\"@id\":\"https:\/\/www.camac-harps.com\/blog\/fr\/alaune\/le-congres-mondial-de-la-harpe-2022-a-cardiff-1er-jour\/#primaryimage\"},\"thumbnailUrl\":\"https:\/\/www.camac-harps.com\/blog\/wp-content\/uploads\/sites\/27\/2022\/07\/yellow-blue.jpg\",\"articleSection\":[\"\u00c0 la une\",\"Actualit\u00e9s\"],\"inLanguage\":\"fr-FR\",\"potentialAction\":[{\"@type\":\"CommentAction\",\"name\":\"Comment\",\"target\":[\"https:\/\/www.camac-harps.com\/blog\/fr\/alaune\/le-congres-mondial-de-la-harpe-2022-a-cardiff-1er-jour\/#respond\"]}]},{\"@type\":\"WebPage\",\"@id\":\"https:\/\/www.camac-harps.com\/blog\/fr\/alaune\/le-congres-mondial-de-la-harpe-2022-a-cardiff-1er-jour\/\",\"url\":\"https:\/\/www.camac-harps.com\/blog\/fr\/alaune\/le-congres-mondial-de-la-harpe-2022-a-cardiff-1er-jour\/\",\"name\":\"Le Congr\u00e8s mondial de la harpe 2022 \u00e0 Cardiff : 1er jour ! - Camac Harps\",\"isPartOf\":{\"@id\":\"https:\/\/www.camac-harps.com\/blog\/fr\/#website\"},\"primaryImageOfPage\":{\"@id\":\"https:\/\/www.camac-harps.com\/blog\/fr\/alaune\/le-congres-mondial-de-la-harpe-2022-a-cardiff-1er-jour\/#primaryimage\"},\"image\":{\"@id\":\"https:\/\/www.camac-harps.com\/blog\/fr\/alaune\/le-congres-mondial-de-la-harpe-2022-a-cardiff-1er-jour\/#primaryimage\"},\"thumbnailUrl\":\"https:\/\/www.camac-harps.com\/blog\/wp-content\/uploads\/sites\/27\/2022\/07\/yellow-blue.jpg\",\"datePublished\":\"2022-07-23T06:28:24+00:00\",\"dateModified\":\"2022-07-23T06:33:30+00:00\",\"author\":{\"@id\":\"https:\/\/www.camac-harps.com\/blog\/fr\/#\/schema\/person\/59b9e6843c0338179fb914afaf144d22\"},\"description\":\"Apr\u00e8s l\u2019inauguration de l\u2019exposition de harpes hier apr\u00e8s-midi, le Congr\u00e8s mondial de la harpe est officiellement ouvert !\",\"breadcrumb\":{\"@id\":\"https:\/\/www.camac-harps.com\/blog\/fr\/alaune\/le-congres-mondial-de-la-harpe-2022-a-cardiff-1er-jour\/#breadcrumb\"},\"inLanguage\":\"fr-FR\",\"potentialAction\":[{\"@type\":\"ReadAction\",\"target\":[\"https:\/\/www.camac-harps.com\/blog\/fr\/alaune\/le-congres-mondial-de-la-harpe-2022-a-cardiff-1er-jour\/\"]}]},{\"@type\":\"ImageObject\",\"inLanguage\":\"fr-FR\",\"@id\":\"https:\/\/www.camac-harps.com\/blog\/fr\/alaune\/le-congres-mondial-de-la-harpe-2022-a-cardiff-1er-jour\/#primaryimage\",\"url\":\"https:\/\/www.camac-harps.com\/blog\/wp-content\/uploads\/sites\/27\/2022\/07\/yellow-blue.jpg\",\"contentUrl\":\"https:\/\/www.camac-harps.com\/blog\/wp-content\/uploads\/sites\/27\/2022\/07\/yellow-blue.jpg\",\"width\":1195,\"height\":1196,\"caption\":\"Yellow Little Big Blue\"},{\"@type\":\"BreadcrumbList\",\"@id\":\"https:\/\/www.camac-harps.com\/blog\/fr\/alaune\/le-congres-mondial-de-la-harpe-2022-a-cardiff-1er-jour\/#breadcrumb\",\"itemListElement\":[{\"@type\":\"ListItem\",\"position\":1,\"name\":\"Home\",\"item\":\"https:\/\/www.camac-harps.com\/blog\/fr\/\"},{\"@type\":\"ListItem\",\"position\":2,\"name\":\"Le Congr\u00e8s mondial de la harpe 2022 \u00e0 Cardiff : 1er jour !\"}]},{\"@type\":\"WebSite\",\"@id\":\"https:\/\/www.camac-harps.com\/blog\/fr\/#website\",\"url\":\"https:\/\/www.camac-harps.com\/blog\/fr\/\",\"name\":\"Camac Harps\",\"description\":\"\",\"potentialAction\":[{\"@type\":\"SearchAction\",\"target\":{\"@type\":\"EntryPoint\",\"urlTemplate\":\"https:\/\/www.camac-harps.com\/blog\/fr\/?s={search_term_string}\"},\"query-input\":{\"@type\":\"PropertyValueSpecification\",\"valueRequired\":true,\"valueName\":\"search_term_string\"}}],\"inLanguage\":\"fr-FR\"},{\"@type\":\"Person\",\"@id\":\"https:\/\/www.camac-harps.com\/blog\/fr\/#\/schema\/person\/59b9e6843c0338179fb914afaf144d22\",\"name\":\"Helen Leitner\",\"image\":{\"@type\":\"ImageObject\",\"inLanguage\":\"fr-FR\",\"@id\":\"https:\/\/www.camac-harps.com\/blog\/fr\/#\/schema\/person\/image\/\",\"url\":\"https:\/\/secure.gravatar.com\/avatar\/ebbebff931219cff4c2d1e25c3229b2e036693f67bf237fb12f452d7a019a6da?s=96&d=mm&r=g\",\"contentUrl\":\"https:\/\/secure.gravatar.com\/avatar\/ebbebff931219cff4c2d1e25c3229b2e036693f67bf237fb12f452d7a019a6da?s=96&d=mm&r=g\",\"caption\":\"Helen Leitner\"},\"url\":\"https:\/\/www.camac-harps.com\/blog\/fr\/author\/ltnr\/\"}]}<\/script>","yoast_head_json":{"title":"Le Congr\u00e8s mondial de la harpe 2022 \u00e0 Cardiff : 1er jour ! - Camac Harps","description":"Apr\u00e8s l\u2019inauguration de l\u2019exposition de harpes hier apr\u00e8s-midi, le Congr\u00e8s mondial de la harpe est officiellement ouvert !","robots":{"index":"index","follow":"follow","max-snippet":"max-snippet:-1","max-image-preview":"max-image-preview:large","max-video-preview":"max-video-preview:-1"},"canonical":"https:\/\/www.camac-harps.com\/blog\/fr\/alaune\/le-congres-mondial-de-la-harpe-2022-a-cardiff-1er-jour\/","og_locale":"fr_FR","og_type":"article","og_title":"Le Congr\u00e8s mondial de la harpe 2022 \u00e0 Cardiff : 1er jour ! - Camac Harps","og_description":"Apr\u00e8s l\u2019inauguration de l\u2019exposition de harpes hier apr\u00e8s-midi, le Congr\u00e8s mondial de la harpe est officiellement ouvert !","og_url":"https:\/\/www.camac-harps.com\/blog\/fr\/alaune\/le-congres-mondial-de-la-harpe-2022-a-cardiff-1er-jour\/","og_site_name":"Camac Harps","article_published_time":"2022-07-23T06:28:24+00:00","article_modified_time":"2022-07-23T06:33:30+00:00","og_image":[{"width":1195,"height":1196,"url":"https:\/\/www.camac-harps.com\/blog\/wp-content\/uploads\/sites\/27\/2022\/07\/yellow-blue.jpg","type":"image\/jpeg"}],"author":"Helen Leitner","twitter_card":"summary_large_image","twitter_misc":{"\u00c9crit par":"Helen Leitner","Dur\u00e9e de lecture estim\u00e9e":"3 minutes"},"schema":{"@context":"https:\/\/schema.org","@graph":[{"@type":"Article","@id":"https:\/\/www.camac-harps.com\/blog\/fr\/alaune\/le-congres-mondial-de-la-harpe-2022-a-cardiff-1er-jour\/#article","isPartOf":{"@id":"https:\/\/www.camac-harps.com\/blog\/fr\/alaune\/le-congres-mondial-de-la-harpe-2022-a-cardiff-1er-jour\/"},"author":{"name":"Helen Leitner","@id":"https:\/\/www.camac-harps.com\/blog\/fr\/#\/schema\/person\/59b9e6843c0338179fb914afaf144d22"},"headline":"Le Congr\u00e8s mondial de la harpe 2022 \u00e0 Cardiff : 1er jour !","datePublished":"2022-07-23T06:28:24+00:00","dateModified":"2022-07-23T06:33:30+00:00","mainEntityOfPage":{"@id":"https:\/\/www.camac-harps.com\/blog\/fr\/alaune\/le-congres-mondial-de-la-harpe-2022-a-cardiff-1er-jour\/"},"wordCount":496,"commentCount":0,"image":{"@id":"https:\/\/www.camac-harps.com\/blog\/fr\/alaune\/le-congres-mondial-de-la-harpe-2022-a-cardiff-1er-jour\/#primaryimage"},"thumbnailUrl":"https:\/\/www.camac-harps.com\/blog\/wp-content\/uploads\/sites\/27\/2022\/07\/yellow-blue.jpg","articleSection":["\u00c0 la une","Actualit\u00e9s"],"inLanguage":"fr-FR","potentialAction":[{"@type":"CommentAction","name":"Comment","target":["https:\/\/www.camac-harps.com\/blog\/fr\/alaune\/le-congres-mondial-de-la-harpe-2022-a-cardiff-1er-jour\/#respond"]}]},{"@type":"WebPage","@id":"https:\/\/www.camac-harps.com\/blog\/fr\/alaune\/le-congres-mondial-de-la-harpe-2022-a-cardiff-1er-jour\/","url":"https:\/\/www.camac-harps.com\/blog\/fr\/alaune\/le-congres-mondial-de-la-harpe-2022-a-cardiff-1er-jour\/","name":"Le Congr\u00e8s mondial de la harpe 2022 \u00e0 Cardiff : 1er jour ! - Camac Harps","isPartOf":{"@id":"https:\/\/www.camac-harps.com\/blog\/fr\/#website"},"primaryImageOfPage":{"@id":"https:\/\/www.camac-harps.com\/blog\/fr\/alaune\/le-congres-mondial-de-la-harpe-2022-a-cardiff-1er-jour\/#primaryimage"},"image":{"@id":"https:\/\/www.camac-harps.com\/blog\/fr\/alaune\/le-congres-mondial-de-la-harpe-2022-a-cardiff-1er-jour\/#primaryimage"},"thumbnailUrl":"https:\/\/www.camac-harps.com\/blog\/wp-content\/uploads\/sites\/27\/2022\/07\/yellow-blue.jpg","datePublished":"2022-07-23T06:28:24+00:00","dateModified":"2022-07-23T06:33:30+00:00","author":{"@id":"https:\/\/www.camac-harps.com\/blog\/fr\/#\/schema\/person\/59b9e6843c0338179fb914afaf144d22"},"description":"Apr\u00e8s l\u2019inauguration de l\u2019exposition de harpes hier apr\u00e8s-midi, le Congr\u00e8s mondial de la harpe est officiellement ouvert !","breadcrumb":{"@id":"https:\/\/www.camac-harps.com\/blog\/fr\/alaune\/le-congres-mondial-de-la-harpe-2022-a-cardiff-1er-jour\/#breadcrumb"},"inLanguage":"fr-FR","potentialAction":[{"@type":"ReadAction","target":["https:\/\/www.camac-harps.com\/blog\/fr\/alaune\/le-congres-mondial-de-la-harpe-2022-a-cardiff-1er-jour\/"]}]},{"@type":"ImageObject","inLanguage":"fr-FR","@id":"https:\/\/www.camac-harps.com\/blog\/fr\/alaune\/le-congres-mondial-de-la-harpe-2022-a-cardiff-1er-jour\/#primaryimage","url":"https:\/\/www.camac-harps.com\/blog\/wp-content\/uploads\/sites\/27\/2022\/07\/yellow-blue.jpg","contentUrl":"https:\/\/www.camac-harps.com\/blog\/wp-content\/uploads\/sites\/27\/2022\/07\/yellow-blue.jpg","width":1195,"height":1196,"caption":"Yellow Little Big Blue"},{"@type":"BreadcrumbList","@id":"https:\/\/www.camac-harps.com\/blog\/fr\/alaune\/le-congres-mondial-de-la-harpe-2022-a-cardiff-1er-jour\/#breadcrumb","itemListElement":[{"@type":"ListItem","position":1,"name":"Home","item":"https:\/\/www.camac-harps.com\/blog\/fr\/"},{"@type":"ListItem","position":2,"name":"Le Congr\u00e8s mondial de la harpe 2022 \u00e0 Cardiff : 1er jour !"}]},{"@type":"WebSite","@id":"https:\/\/www.camac-harps.com\/blog\/fr\/#website","url":"https:\/\/www.camac-harps.com\/blog\/fr\/","name":"Camac Harps","description":"","potentialAction":[{"@type":"SearchAction","target":{"@type":"EntryPoint","urlTemplate":"https:\/\/www.camac-harps.com\/blog\/fr\/?s={search_term_string}"},"query-input":{"@type":"PropertyValueSpecification","valueRequired":true,"valueName":"search_term_string"}}],"inLanguage":"fr-FR"},{"@type":"Person","@id":"https:\/\/www.camac-harps.com\/blog\/fr\/#\/schema\/person\/59b9e6843c0338179fb914afaf144d22","name":"Helen Leitner","image":{"@type":"ImageObject","inLanguage":"fr-FR","@id":"https:\/\/www.camac-harps.com\/blog\/fr\/#\/schema\/person\/image\/","url":"https:\/\/secure.gravatar.com\/avatar\/ebbebff931219cff4c2d1e25c3229b2e036693f67bf237fb12f452d7a019a6da?s=96&d=mm&r=g","contentUrl":"https:\/\/secure.gravatar.com\/avatar\/ebbebff931219cff4c2d1e25c3229b2e036693f67bf237fb12f452d7a019a6da?s=96&d=mm&r=g","caption":"Helen Leitner"},"url":"https:\/\/www.camac-harps.com\/blog\/fr\/author\/ltnr\/"}]}},"_links":{"self":[{"href":"https:\/\/www.camac-harps.com\/blog\/fr\/wp-json\/wp\/v2\/posts\/29776","targetHints":{"allow":["GET"]}}],"collection":[{"href":"https:\/\/www.camac-harps.com\/blog\/fr\/wp-json\/wp\/v2\/posts"}],"about":[{"href":"https:\/\/www.camac-harps.com\/blog\/fr\/wp-json\/wp\/v2\/types\/post"}],"author":[{"embeddable":true,"href":"https:\/\/www.camac-harps.com\/blog\/fr\/wp-json\/wp\/v2\/users\/3"}],"replies":[{"embeddable":true,"href":"https:\/\/www.camac-harps.com\/blog\/fr\/wp-json\/wp\/v2\/comments?post=29776"}],"version-history":[{"count":3,"href":"https:\/\/www.camac-harps.com\/blog\/fr\/wp-json\/wp\/v2\/posts\/29776\/revisions"}],"predecessor-version":[{"id":29783,"href":"https:\/\/www.camac-harps.com\/blog\/fr\/wp-json\/wp\/v2\/posts\/29776\/revisions\/29783"}],"wp:featuredmedia":[{"embeddable":true,"href":"https:\/\/www.camac-harps.com\/blog\/fr\/wp-json\/wp\/v2\/media\/29754"}],"wp:attachment":[{"href":"https:\/\/www.camac-harps.com\/blog\/fr\/wp-json\/wp\/v2\/media?parent=29776"}],"wp:term":[{"taxonomy":"category","embeddable":true,"href":"https:\/\/www.camac-harps.com\/blog\/fr\/wp-json\/wp\/v2\/categories?post=29776"},{"taxonomy":"post_tag","embeddable":true,"href":"https:\/\/www.camac-harps.com\/blog\/fr\/wp-json\/wp\/v2\/tags?post=29776"}],"curies":[{"name":"wp","href":"https:\/\/api.w.org\/{rel}","templated":true}]}}