{"id":30114,"date":"2022-10-03T14:12:55","date_gmt":"2022-10-03T12:12:55","guid":{"rendered":"https:\/\/www.camac-harps.com\/blog\/?p=30114"},"modified":"2022-10-06T09:17:23","modified_gmt":"2022-10-06T07:17:23","slug":"pacific-harps-festival-2022","status":"publish","type":"post","link":"https:\/\/www.camac-harps.com\/blog\/fr\/actualites\/pacific-harps-festival-2022\/","title":{"rendered":"Pacific Harps Festival 2022"},"content":{"rendered":"<p style=\"text-align: justify;\"><a href=\"https:\/\/www.camac-harps.com\/blog\/wp-content\/uploads\/sites\/27\/2022\/10\/pasadena-2022.jpg\"><img loading=\"lazy\" decoding=\"async\" class=\"wp-image-30106 alignleft\" src=\"https:\/\/www.camac-harps.com\/blog\/wp-content\/uploads\/sites\/27\/2022\/10\/pasadena-2022-819x1024.jpg\" alt=\"Pacific Harps Festival, Pasadena 2022\" width=\"400\" height=\"500\" srcset=\"https:\/\/www.camac-harps.com\/blog\/wp-content\/uploads\/sites\/27\/2022\/10\/pasadena-2022-819x1024.jpg 819w, https:\/\/www.camac-harps.com\/blog\/wp-content\/uploads\/sites\/27\/2022\/10\/pasadena-2022-240x300.jpg 240w, https:\/\/www.camac-harps.com\/blog\/wp-content\/uploads\/sites\/27\/2022\/10\/pasadena-2022-768x960.jpg 768w, https:\/\/www.camac-harps.com\/blog\/wp-content\/uploads\/sites\/27\/2022\/10\/pasadena-2022-1229x1536.jpg 1229w, https:\/\/www.camac-harps.com\/blog\/wp-content\/uploads\/sites\/27\/2022\/10\/pasadena-2022-1000x1250.jpg 1000w, https:\/\/www.camac-harps.com\/blog\/wp-content\/uploads\/sites\/27\/2022\/10\/pasadena-2022-300x375.jpg 300w, https:\/\/www.camac-harps.com\/blog\/wp-content\/uploads\/sites\/27\/2022\/10\/pasadena-2022-800x1000.jpg 800w, https:\/\/www.camac-harps.com\/blog\/wp-content\/uploads\/sites\/27\/2022\/10\/pasadena-2022-55x69.jpg 55w, https:\/\/www.camac-harps.com\/blog\/wp-content\/uploads\/sites\/27\/2022\/10\/pasadena-2022-250x313.jpg 250w, https:\/\/www.camac-harps.com\/blog\/wp-content\/uploads\/sites\/27\/2022\/10\/pasadena-2022.jpg 1638w\" sizes=\"auto, (max-width: 400px) 100vw, 400px\" \/><\/a><a href=\"https:\/\/www.pacificharps.com\/\">Pacific Harps<\/a>, notre partenaire en Californie, organise un magnifique festival au d\u00e9but du mois de novembre ! Retrouvez-nous sous le soleil de Pasadena pour profiter de la pr\u00e9sence de nombreux artistes invit\u00e9s, de concerts et d\u2019ateliers dans tous les styles musicaux, pour faire entretenir vos harpes et pour essayer les derni\u00e8res harpes Camac. Les billets peuvent \u00eatre r\u00e9serv\u00e9s en ligne <a href=\"https:\/\/www.eventbrite.com\/e\/pacific-harps-camac-california-harp-festival-tickets-371601950437\">ici<\/a>.<\/p>\n<p style=\"text-align: justify;\">Le vendredi 4 novembre, les inscriptions seront ouvertes \u00e0 partir de 14 heures et vous pourrez visiter l&rsquo;exposition de harpes. \u00c0 16 heures, <a href=\"https:\/\/www.lizaharpcentral.com\/\">Liza Jensen<\/a> donnera l&rsquo;un de ses fameux ateliers sur l&rsquo;entretien des harpes. Elle nous rappellera ce qui est important, d\u00e9boulonnera mythes et l\u00e9gendes, et vous montrera comment r\u00e9aliser vous-m\u00eame la maintenance de base de votre harpe. Si vous n&rsquo;avez jamais assist\u00e9 \u00e0 l&rsquo;un des ateliers de Liza, nous vous le recommandons vivement ; si vous y avez d\u00e9j\u00e0 assist\u00e9, venez quand m\u00eame vous rafra\u00eechir la m\u00e9moire.<\/p>\n<p style=\"text-align: justify;\">\u00c0 18h30, nous accueillerons un concert du Youth Harp Ensemble du festival. Ce concert sera suivi d&rsquo;un r\u00e9cital classique avec notre premi\u00e8re star du week-end : <a href=\"https:\/\/www.claudialucialamanna.com\/\">Claudia Lucia Lamanna<\/a>, laur\u00e9ate du 21e concours international de harpe d\u2019Isra\u00ebl.<\/p>\n<p style=\"text-align: justify;\"><a href=\"https:\/\/www.camac-harps.com\/blog\/wp-content\/uploads\/sites\/27\/2022\/10\/pasadena-schedule.png\"><img loading=\"lazy\" decoding=\"async\" class=\"alignright size-medium wp-image-30109\" src=\"https:\/\/www.camac-harps.com\/blog\/wp-content\/uploads\/sites\/27\/2022\/10\/pasadena-schedule-204x300.png\" alt=\"Pasadena 2022 schedule\" width=\"204\" height=\"300\" srcset=\"https:\/\/www.camac-harps.com\/blog\/wp-content\/uploads\/sites\/27\/2022\/10\/pasadena-schedule-204x300.png 204w, https:\/\/www.camac-harps.com\/blog\/wp-content\/uploads\/sites\/27\/2022\/10\/pasadena-schedule-697x1024.png 697w, https:\/\/www.camac-harps.com\/blog\/wp-content\/uploads\/sites\/27\/2022\/10\/pasadena-schedule-768x1129.png 768w, https:\/\/www.camac-harps.com\/blog\/wp-content\/uploads\/sites\/27\/2022\/10\/pasadena-schedule-1000x1470.png 1000w, https:\/\/www.camac-harps.com\/blog\/wp-content\/uploads\/sites\/27\/2022\/10\/pasadena-schedule-300x441.png 300w, https:\/\/www.camac-harps.com\/blog\/wp-content\/uploads\/sites\/27\/2022\/10\/pasadena-schedule-800x1176.png 800w, https:\/\/www.camac-harps.com\/blog\/wp-content\/uploads\/sites\/27\/2022\/10\/pasadena-schedule-55x81.png 55w, https:\/\/www.camac-harps.com\/blog\/wp-content\/uploads\/sites\/27\/2022\/10\/pasadena-schedule-250x367.png 250w, https:\/\/www.camac-harps.com\/blog\/wp-content\/uploads\/sites\/27\/2022\/10\/pasadena-schedule.png 1037w\" sizes=\"auto, (max-width: 204px) 100vw, 204px\" \/><\/a>Dans la matin\u00e9e du samedi 5 novembre, Claudia donnera une masterclass. Si vous souhaitez y participer, veuillez contacter Pacific Harps, ou envoyez-nous un courriel \u00e0 <a href=\"mailto:ar@camac-harps.com\">ar@camac-harps.com<\/a> et nous vous mettrons en contact. L&rsquo;apr\u00e8s-midi et la soir\u00e9e seront consacr\u00e9s au latin, au jazz et au trad moderne : un atelier de jazz avec <a href=\"https:\/\/www.rossitzamilevska.com\/\">Rossitza Milevska<\/a>, un concert celtique avec <a href=\"http:\/\/www.kimrobertson.net\/\">Kim Robertson<\/a>, un set latin du Maestro <a href=\"https:\/\/alfredoharp.com\/\">Alfredo Rolando Ortiz<\/a>, et deux concerts de jazz : avec <a href=\"https:\/\/harpmusician.com\/bio\">Motoshi Kosako<\/a> d\u2019une part, puis Rossitza Milevska et C\u00e9dric Le Donne d\u2019autre part.<\/p>\n<p style=\"text-align: justify;\">Le dimanche 6 novembre, vous pourrez travailler avec Kim et Alfredo lors des ateliers du matin, ainsi qu&rsquo;avec <a href=\"https:\/\/www.piasalvia.com\/\">Pia Salvia<\/a>. Pia animera un atelier de harpe pop, puis donnera un concert en compagnie de Noam Israeli. Pia et Noam joueront en premi\u00e8re partie du concert de cl\u00f4ture du festival : car oui, <a href=\"https:\/\/www.edmarcastaneda.com\/\">Edmar Casta\u00f1eda<\/a> vient aussi en Californie !<\/p>\n<p style=\"text-align: justify;\">Jakez et Helen sont impatients de rejoindre l&rsquo;\u00e9quipe de Pasadena pour vous accueillir pendant ces trois jours bien charg\u00e9s, conviviaux et inspirants. Nous nous r\u00e9jouissons de vous y voir !<\/p>\n<p>&nbsp;<\/p>\n","protected":false},"excerpt":{"rendered":"<p> L&rsquo;automne 2022 est la p\u00e9riode id\u00e9ale pour les festivals ! D\u00e9but novembre, nous sommes heureux de nous joindre \u00e0 Pacific Harps pour un superbe rendes-vous en Californie.<\/p>\n","protected":false},"author":3,"featured_media":30105,"comment_status":"open","ping_status":"open","sticky":false,"template":"","format":"standard","meta":{"_acf_changed":false,"footnotes":""},"categories":[781,533],"tags":[],"class_list":["post-30114","post","type-post","status-publish","format-standard","has-post-thumbnail","hentry","category-alaune","category-actualites"],"acf":[],"yoast_head":"<title>Pacific Harps Festival 2022 | Le blog des Harpes Camac<\/title>\n<meta name=\"description\" content=\"Pacific Harps, notre partenaire en Californie, organise un magnifique festival \u00e0 Pasadena ! 4-6 novembre, 2022.\" \/>\n<meta name=\"robots\" content=\"index, follow, max-snippet:-1, max-image-preview:large, max-video-preview:-1\" \/>\n<link rel=\"canonical\" href=\"https:\/\/www.camac-harps.com\/blog\/fr\/actualites\/pacific-harps-festival-2022\/\" \/>\n<meta property=\"og:locale\" content=\"fr_FR\" \/>\n<meta property=\"og:type\" content=\"article\" \/>\n<meta property=\"og:title\" content=\"Pacific Harps Festival 2022 | Le blog des Harpes Camac\" \/>\n<meta property=\"og:description\" content=\"Pacific Harps, notre partenaire en Californie, organise un magnifique festival \u00e0 Pasadena ! 4-6 novembre, 2022.\" \/>\n<meta property=\"og:url\" content=\"https:\/\/www.camac-harps.com\/blog\/fr\/actualites\/pacific-harps-festival-2022\/\" \/>\n<meta property=\"og:site_name\" content=\"Camac Harps\" \/>\n<meta property=\"article:published_time\" content=\"2022-10-03T12:12:55+00:00\" \/>\n<meta property=\"article:modified_time\" content=\"2022-10-06T07:17:23+00:00\" \/>\n<meta property=\"og:image\" content=\"https:\/\/www.camac-harps.com\/blog\/wp-content\/uploads\/sites\/27\/2022\/10\/unnamed-1.png\" \/>\n\t<meta property=\"og:image:width\" content=\"1654\" \/>\n\t<meta property=\"og:image:height\" content=\"1654\" \/>\n\t<meta property=\"og:image:type\" content=\"image\/png\" \/>\n<meta name=\"author\" content=\"Helen Leitner\" \/>\n<meta name=\"twitter:card\" content=\"summary_large_image\" \/>\n<meta name=\"twitter:label1\" content=\"\u00c9crit par\" \/>\n\t<meta name=\"twitter:data1\" content=\"Helen Leitner\" \/>\n\t<meta name=\"twitter:label2\" content=\"Dur\u00e9e de lecture estim\u00e9e\" \/>\n\t<meta name=\"twitter:data2\" content=\"2 minutes\" \/>\n<script type=\"application\/ld+json\" class=\"yoast-schema-graph\">{\"@context\":\"https:\/\/schema.org\",\"@graph\":[{\"@type\":\"Article\",\"@id\":\"https:\/\/www.camac-harps.com\/blog\/fr\/actualites\/pacific-harps-festival-2022\/#article\",\"isPartOf\":{\"@id\":\"https:\/\/www.camac-harps.com\/blog\/fr\/actualites\/pacific-harps-festival-2022\/\"},\"author\":{\"name\":\"Helen Leitner\",\"@id\":\"https:\/\/www.camac-harps.com\/blog\/fr\/#\/schema\/person\/59b9e6843c0338179fb914afaf144d22\"},\"headline\":\"Pacific Harps Festival 2022\",\"datePublished\":\"2022-10-03T12:12:55+00:00\",\"dateModified\":\"2022-10-06T07:17:23+00:00\",\"mainEntityOfPage\":{\"@id\":\"https:\/\/www.camac-harps.com\/blog\/fr\/actualites\/pacific-harps-festival-2022\/\"},\"wordCount\":393,\"commentCount\":0,\"image\":{\"@id\":\"https:\/\/www.camac-harps.com\/blog\/fr\/actualites\/pacific-harps-festival-2022\/#primaryimage\"},\"thumbnailUrl\":\"https:\/\/www.camac-harps.com\/blog\/wp-content\/uploads\/sites\/27\/2022\/10\/unnamed-1.png\",\"articleSection\":[\"\u00c0 la une\",\"Actualit\u00e9s\"],\"inLanguage\":\"fr-FR\",\"potentialAction\":[{\"@type\":\"CommentAction\",\"name\":\"Comment\",\"target\":[\"https:\/\/www.camac-harps.com\/blog\/fr\/actualites\/pacific-harps-festival-2022\/#respond\"]}]},{\"@type\":\"WebPage\",\"@id\":\"https:\/\/www.camac-harps.com\/blog\/fr\/actualites\/pacific-harps-festival-2022\/\",\"url\":\"https:\/\/www.camac-harps.com\/blog\/fr\/actualites\/pacific-harps-festival-2022\/\",\"name\":\"Pacific Harps Festival 2022 | Le blog des Harpes Camac\",\"isPartOf\":{\"@id\":\"https:\/\/www.camac-harps.com\/blog\/fr\/#website\"},\"primaryImageOfPage\":{\"@id\":\"https:\/\/www.camac-harps.com\/blog\/fr\/actualites\/pacific-harps-festival-2022\/#primaryimage\"},\"image\":{\"@id\":\"https:\/\/www.camac-harps.com\/blog\/fr\/actualites\/pacific-harps-festival-2022\/#primaryimage\"},\"thumbnailUrl\":\"https:\/\/www.camac-harps.com\/blog\/wp-content\/uploads\/sites\/27\/2022\/10\/unnamed-1.png\",\"datePublished\":\"2022-10-03T12:12:55+00:00\",\"dateModified\":\"2022-10-06T07:17:23+00:00\",\"author\":{\"@id\":\"https:\/\/www.camac-harps.com\/blog\/fr\/#\/schema\/person\/59b9e6843c0338179fb914afaf144d22\"},\"description\":\"Pacific Harps, notre partenaire en Californie, organise un magnifique festival \u00e0 Pasadena ! 4-6 novembre, 2022.\",\"breadcrumb\":{\"@id\":\"https:\/\/www.camac-harps.com\/blog\/fr\/actualites\/pacific-harps-festival-2022\/#breadcrumb\"},\"inLanguage\":\"fr-FR\",\"potentialAction\":[{\"@type\":\"ReadAction\",\"target\":[\"https:\/\/www.camac-harps.com\/blog\/fr\/actualites\/pacific-harps-festival-2022\/\"]}]},{\"@type\":\"ImageObject\",\"inLanguage\":\"fr-FR\",\"@id\":\"https:\/\/www.camac-harps.com\/blog\/fr\/actualites\/pacific-harps-festival-2022\/#primaryimage\",\"url\":\"https:\/\/www.camac-harps.com\/blog\/wp-content\/uploads\/sites\/27\/2022\/10\/unnamed-1.png\",\"contentUrl\":\"https:\/\/www.camac-harps.com\/blog\/wp-content\/uploads\/sites\/27\/2022\/10\/unnamed-1.png\",\"width\":1654,\"height\":1654,\"caption\":\"Pacific Harps Festival 2022\"},{\"@type\":\"BreadcrumbList\",\"@id\":\"https:\/\/www.camac-harps.com\/blog\/fr\/actualites\/pacific-harps-festival-2022\/#breadcrumb\",\"itemListElement\":[{\"@type\":\"ListItem\",\"position\":1,\"name\":\"Home\",\"item\":\"https:\/\/www.camac-harps.com\/blog\/fr\/\"},{\"@type\":\"ListItem\",\"position\":2,\"name\":\"Pacific Harps Festival 2022\"}]},{\"@type\":\"WebSite\",\"@id\":\"https:\/\/www.camac-harps.com\/blog\/fr\/#website\",\"url\":\"https:\/\/www.camac-harps.com\/blog\/fr\/\",\"name\":\"Camac Harps\",\"description\":\"\",\"potentialAction\":[{\"@type\":\"SearchAction\",\"target\":{\"@type\":\"EntryPoint\",\"urlTemplate\":\"https:\/\/www.camac-harps.com\/blog\/fr\/?s={search_term_string}\"},\"query-input\":{\"@type\":\"PropertyValueSpecification\",\"valueRequired\":true,\"valueName\":\"search_term_string\"}}],\"inLanguage\":\"fr-FR\"},{\"@type\":\"Person\",\"@id\":\"https:\/\/www.camac-harps.com\/blog\/fr\/#\/schema\/person\/59b9e6843c0338179fb914afaf144d22\",\"name\":\"Helen Leitner\",\"image\":{\"@type\":\"ImageObject\",\"inLanguage\":\"fr-FR\",\"@id\":\"https:\/\/www.camac-harps.com\/blog\/fr\/#\/schema\/person\/image\/\",\"url\":\"https:\/\/secure.gravatar.com\/avatar\/ebbebff931219cff4c2d1e25c3229b2e036693f67bf237fb12f452d7a019a6da?s=96&d=mm&r=g\",\"contentUrl\":\"https:\/\/secure.gravatar.com\/avatar\/ebbebff931219cff4c2d1e25c3229b2e036693f67bf237fb12f452d7a019a6da?s=96&d=mm&r=g\",\"caption\":\"Helen Leitner\"},\"url\":\"https:\/\/www.camac-harps.com\/blog\/fr\/author\/ltnr\/\"}]}<\/script>","yoast_head_json":{"title":"Pacific Harps Festival 2022 | Le blog des Harpes Camac","description":"Pacific Harps, notre partenaire en Californie, organise un magnifique festival \u00e0 Pasadena ! 4-6 novembre, 2022.","robots":{"index":"index","follow":"follow","max-snippet":"max-snippet:-1","max-image-preview":"max-image-preview:large","max-video-preview":"max-video-preview:-1"},"canonical":"https:\/\/www.camac-harps.com\/blog\/fr\/actualites\/pacific-harps-festival-2022\/","og_locale":"fr_FR","og_type":"article","og_title":"Pacific Harps Festival 2022 | Le blog des Harpes Camac","og_description":"Pacific Harps, notre partenaire en Californie, organise un magnifique festival \u00e0 Pasadena ! 4-6 novembre, 2022.","og_url":"https:\/\/www.camac-harps.com\/blog\/fr\/actualites\/pacific-harps-festival-2022\/","og_site_name":"Camac Harps","article_published_time":"2022-10-03T12:12:55+00:00","article_modified_time":"2022-10-06T07:17:23+00:00","og_image":[{"width":1654,"height":1654,"url":"https:\/\/www.camac-harps.com\/blog\/wp-content\/uploads\/sites\/27\/2022\/10\/unnamed-1.png","type":"image\/png"}],"author":"Helen Leitner","twitter_card":"summary_large_image","twitter_misc":{"\u00c9crit par":"Helen Leitner","Dur\u00e9e de lecture estim\u00e9e":"2 minutes"},"schema":{"@context":"https:\/\/schema.org","@graph":[{"@type":"Article","@id":"https:\/\/www.camac-harps.com\/blog\/fr\/actualites\/pacific-harps-festival-2022\/#article","isPartOf":{"@id":"https:\/\/www.camac-harps.com\/blog\/fr\/actualites\/pacific-harps-festival-2022\/"},"author":{"name":"Helen Leitner","@id":"https:\/\/www.camac-harps.com\/blog\/fr\/#\/schema\/person\/59b9e6843c0338179fb914afaf144d22"},"headline":"Pacific Harps Festival 2022","datePublished":"2022-10-03T12:12:55+00:00","dateModified":"2022-10-06T07:17:23+00:00","mainEntityOfPage":{"@id":"https:\/\/www.camac-harps.com\/blog\/fr\/actualites\/pacific-harps-festival-2022\/"},"wordCount":393,"commentCount":0,"image":{"@id":"https:\/\/www.camac-harps.com\/blog\/fr\/actualites\/pacific-harps-festival-2022\/#primaryimage"},"thumbnailUrl":"https:\/\/www.camac-harps.com\/blog\/wp-content\/uploads\/sites\/27\/2022\/10\/unnamed-1.png","articleSection":["\u00c0 la une","Actualit\u00e9s"],"inLanguage":"fr-FR","potentialAction":[{"@type":"CommentAction","name":"Comment","target":["https:\/\/www.camac-harps.com\/blog\/fr\/actualites\/pacific-harps-festival-2022\/#respond"]}]},{"@type":"WebPage","@id":"https:\/\/www.camac-harps.com\/blog\/fr\/actualites\/pacific-harps-festival-2022\/","url":"https:\/\/www.camac-harps.com\/blog\/fr\/actualites\/pacific-harps-festival-2022\/","name":"Pacific Harps Festival 2022 | Le blog des Harpes Camac","isPartOf":{"@id":"https:\/\/www.camac-harps.com\/blog\/fr\/#website"},"primaryImageOfPage":{"@id":"https:\/\/www.camac-harps.com\/blog\/fr\/actualites\/pacific-harps-festival-2022\/#primaryimage"},"image":{"@id":"https:\/\/www.camac-harps.com\/blog\/fr\/actualites\/pacific-harps-festival-2022\/#primaryimage"},"thumbnailUrl":"https:\/\/www.camac-harps.com\/blog\/wp-content\/uploads\/sites\/27\/2022\/10\/unnamed-1.png","datePublished":"2022-10-03T12:12:55+00:00","dateModified":"2022-10-06T07:17:23+00:00","author":{"@id":"https:\/\/www.camac-harps.com\/blog\/fr\/#\/schema\/person\/59b9e6843c0338179fb914afaf144d22"},"description":"Pacific Harps, notre partenaire en Californie, organise un magnifique festival \u00e0 Pasadena ! 4-6 novembre, 2022.","breadcrumb":{"@id":"https:\/\/www.camac-harps.com\/blog\/fr\/actualites\/pacific-harps-festival-2022\/#breadcrumb"},"inLanguage":"fr-FR","potentialAction":[{"@type":"ReadAction","target":["https:\/\/www.camac-harps.com\/blog\/fr\/actualites\/pacific-harps-festival-2022\/"]}]},{"@type":"ImageObject","inLanguage":"fr-FR","@id":"https:\/\/www.camac-harps.com\/blog\/fr\/actualites\/pacific-harps-festival-2022\/#primaryimage","url":"https:\/\/www.camac-harps.com\/blog\/wp-content\/uploads\/sites\/27\/2022\/10\/unnamed-1.png","contentUrl":"https:\/\/www.camac-harps.com\/blog\/wp-content\/uploads\/sites\/27\/2022\/10\/unnamed-1.png","width":1654,"height":1654,"caption":"Pacific Harps Festival 2022"},{"@type":"BreadcrumbList","@id":"https:\/\/www.camac-harps.com\/blog\/fr\/actualites\/pacific-harps-festival-2022\/#breadcrumb","itemListElement":[{"@type":"ListItem","position":1,"name":"Home","item":"https:\/\/www.camac-harps.com\/blog\/fr\/"},{"@type":"ListItem","position":2,"name":"Pacific Harps Festival 2022"}]},{"@type":"WebSite","@id":"https:\/\/www.camac-harps.com\/blog\/fr\/#website","url":"https:\/\/www.camac-harps.com\/blog\/fr\/","name":"Camac Harps","description":"","potentialAction":[{"@type":"SearchAction","target":{"@type":"EntryPoint","urlTemplate":"https:\/\/www.camac-harps.com\/blog\/fr\/?s={search_term_string}"},"query-input":{"@type":"PropertyValueSpecification","valueRequired":true,"valueName":"search_term_string"}}],"inLanguage":"fr-FR"},{"@type":"Person","@id":"https:\/\/www.camac-harps.com\/blog\/fr\/#\/schema\/person\/59b9e6843c0338179fb914afaf144d22","name":"Helen Leitner","image":{"@type":"ImageObject","inLanguage":"fr-FR","@id":"https:\/\/www.camac-harps.com\/blog\/fr\/#\/schema\/person\/image\/","url":"https:\/\/secure.gravatar.com\/avatar\/ebbebff931219cff4c2d1e25c3229b2e036693f67bf237fb12f452d7a019a6da?s=96&d=mm&r=g","contentUrl":"https:\/\/secure.gravatar.com\/avatar\/ebbebff931219cff4c2d1e25c3229b2e036693f67bf237fb12f452d7a019a6da?s=96&d=mm&r=g","caption":"Helen Leitner"},"url":"https:\/\/www.camac-harps.com\/blog\/fr\/author\/ltnr\/"}]}},"_links":{"self":[{"href":"https:\/\/www.camac-harps.com\/blog\/fr\/wp-json\/wp\/v2\/posts\/30114","targetHints":{"allow":["GET"]}}],"collection":[{"href":"https:\/\/www.camac-harps.com\/blog\/fr\/wp-json\/wp\/v2\/posts"}],"about":[{"href":"https:\/\/www.camac-harps.com\/blog\/fr\/wp-json\/wp\/v2\/types\/post"}],"author":[{"embeddable":true,"href":"https:\/\/www.camac-harps.com\/blog\/fr\/wp-json\/wp\/v2\/users\/3"}],"replies":[{"embeddable":true,"href":"https:\/\/www.camac-harps.com\/blog\/fr\/wp-json\/wp\/v2\/comments?post=30114"}],"version-history":[{"count":2,"href":"https:\/\/www.camac-harps.com\/blog\/fr\/wp-json\/wp\/v2\/posts\/30114\/revisions"}],"predecessor-version":[{"id":30116,"href":"https:\/\/www.camac-harps.com\/blog\/fr\/wp-json\/wp\/v2\/posts\/30114\/revisions\/30116"}],"wp:featuredmedia":[{"embeddable":true,"href":"https:\/\/www.camac-harps.com\/blog\/fr\/wp-json\/wp\/v2\/media\/30105"}],"wp:attachment":[{"href":"https:\/\/www.camac-harps.com\/blog\/fr\/wp-json\/wp\/v2\/media?parent=30114"}],"wp:term":[{"taxonomy":"category","embeddable":true,"href":"https:\/\/www.camac-harps.com\/blog\/fr\/wp-json\/wp\/v2\/categories?post=30114"},{"taxonomy":"post_tag","embeddable":true,"href":"https:\/\/www.camac-harps.com\/blog\/fr\/wp-json\/wp\/v2\/tags?post=30114"}],"curies":[{"name":"wp","href":"https:\/\/api.w.org\/{rel}","templated":true}]}}