{"id":30244,"date":"2022-11-18T10:14:09","date_gmt":"2022-11-18T08:14:09","guid":{"rendered":"https:\/\/www.camac-harps.com\/blog\/non-classifiee\/an-atlantide-prestige-for-the-plovdiv-state-opera\/"},"modified":"2022-11-21T13:44:28","modified_gmt":"2022-11-21T11:44:28","slug":"une-atlantide-prestige-a-lopera-detat-de-plovdiv","status":"publish","type":"post","link":"https:\/\/www.camac-harps.com\/blog\/fr\/actualites\/une-atlantide-prestige-a-lopera-detat-de-plovdiv\/","title":{"rendered":"Une Atlantide Prestige \u00e0 l&rsquo;Op\u00e9ra d&rsquo;\u00c9tat de Plovdiv&#8230;"},"content":{"rendered":"<div id=\"attachment_30234\" class=\"wp-caption aligncenter\" style=\"width: 850px\"><a href=\"https:\/\/www.camac-harps.com\/blog\/wp-content\/uploads\/sites\/27\/2022\/11\/gabriellagarcia2.jpg-scaled.jpg\"><img loading=\"lazy\" decoding=\"async\" class=\"wp-image-30234\" src=\"https:\/\/www.camac-harps.com\/blog\/wp-content\/uploads\/sites\/27\/2022\/11\/gabriellagarcia2.jpg-1024x683.jpg\" alt=\"Gabriella Garcia \" width=\"850\" height=\"567\" srcset=\"https:\/\/www.camac-harps.com\/blog\/wp-content\/uploads\/sites\/27\/2022\/11\/gabriellagarcia2.jpg-1024x683.jpg 1024w, https:\/\/www.camac-harps.com\/blog\/wp-content\/uploads\/sites\/27\/2022\/11\/gabriellagarcia2.jpg-300x200.jpg 300w, https:\/\/www.camac-harps.com\/blog\/wp-content\/uploads\/sites\/27\/2022\/11\/gabriellagarcia2.jpg-768x512.jpg 768w, https:\/\/www.camac-harps.com\/blog\/wp-content\/uploads\/sites\/27\/2022\/11\/gabriellagarcia2.jpg-1536x1024.jpg 1536w, https:\/\/www.camac-harps.com\/blog\/wp-content\/uploads\/sites\/27\/2022\/11\/gabriellagarcia2.jpg-2048x1365.jpg 2048w, https:\/\/www.camac-harps.com\/blog\/wp-content\/uploads\/sites\/27\/2022\/11\/gabriellagarcia2.jpg-1000x667.jpg 1000w, https:\/\/www.camac-harps.com\/blog\/wp-content\/uploads\/sites\/27\/2022\/11\/gabriellagarcia2.jpg-800x533.jpg 800w, https:\/\/www.camac-harps.com\/blog\/wp-content\/uploads\/sites\/27\/2022\/11\/gabriellagarcia2.jpg-55x37.jpg 55w, https:\/\/www.camac-harps.com\/blog\/wp-content\/uploads\/sites\/27\/2022\/11\/gabriellagarcia2.jpg-250x167.jpg 250w\" sizes=\"auto, (max-width: 850px) 100vw, 850px\" \/><\/a><p class=\"wp-caption-text\">Gabriella avec sa propre harpe <a href=\"https:\/\/www.camac-harps.com\/fr\/harps-fr\/pedal-fr\/art-nouveau-%c2%b7-gold\/\">Art Nouveau<\/a>. Photo : Barbara Felgenhauer<\/p><\/div>\n<p>&nbsp;<\/p>\n<p style=\"text-align: justify;\"><a href=\"https:\/\/gabriellagarcia.eu\/\">Gabriella Garcia<\/a> est une v\u00e9ritable europ\u00e9enne : n\u00e9e en Bulgarie, elle a grandi en Belgique et a \u00e9tudi\u00e9 \u00e0 Namur avec Sophie Hallynck, et \u00e0 Paris avec Nicolas Tulliez. Elle est aujourd&rsquo;hui harpiste solo de l&rsquo;<a href=\"https:\/\/operaplovdiv.bg\/\">Op\u00e9ra d&rsquo;\u00c9tat de Plovdiv<\/a> (accessoirement, la premi\u00e8re ville de Bulgarie \u00e0 \u00eatre nomm\u00e9e capitale europ\u00e9enne de la culture, en 2019). Comme l&rsquo;Op\u00e9ra national de Vienne, Plovdiv est un op\u00e9ra de r\u00e9pertoires qui pr\u00e9sente trois spectacles diff\u00e9rents par semaine, sans ou avec peu de r\u00e9p\u00e9titions \u2013 \u00ab c&rsquo;\u00e9tait donc intense au d\u00e9but ! \u00bb, dit Gabriella. \u00ab Nous sommes \u00e9galement un orchestre symphonique. Cette polyvalence nous a permis de continuer \u00e0 nous produire assez bien pendant la pand\u00e9mie ; nous n&rsquo;avons pas \u00e9t\u00e9 autoris\u00e9s \u00e0 entrer dans la fosse pendant longtemps, mais des solutions pour les concerts d&rsquo;orchestre ont pu \u00eatre mises en place plus rapidement. \u00bb<\/p>\n<p style=\"text-align: justify;\">Les harpistes d&rsquo;orchestre conviendront que les services oscillent souvent entre des p\u00e9riodes d&rsquo;activit\u00e9 fr\u00e9n\u00e9tique avec de la harpe dans tous les sens, et des temps morts permettant de faire autre chose. Gabriella en tire le meilleur parti, avec <a href=\"https:\/\/gabriellagarcia.eu\/projects\/\">plusieurs ensembles de musique de chambre<\/a>. Son duo le plus ancien est celui qu&rsquo;elle forme avec la violoniste Camille Bughin, et elle explore \u00e9galement des combinaisons instrumentales inhabituelles. Son duo hautbois et harpe avec son coll\u00e8gue de Plovdiv Giovanni Pistis est n\u00e9 du fait que la harpe et le hautbois sont souvent associ\u00e9s \u00e0 l&rsquo;op\u00e9ra, tandis que son duo cor et harpe avec Margaux Ortman est bas\u00e9 en Belgique. Dans les deux cas, Gabriella appr\u00e9cie la recherche de r\u00e9pertoire qu&rsquo;implique la programmation pour ces deux combinaisons instrumentales : \u00ab Nous faisons des arrangements, et trouvons dans les archives des musiques originales qui n&rsquo;ont pas encore \u00e9t\u00e9 jou\u00e9es. J&rsquo;aime explorer ce que je ne connais pas encore, et le hautbois et le cor se marient tr\u00e8s bien avec la harpe, c&rsquo;est donc agr\u00e9able d&rsquo;\u00e9largir leurs possibilit\u00e9s. \u00bb<\/p>\n<p style=\"text-align: justify;\">L&rsquo;Op\u00e9ra d&rsquo;\u00c9tat de Plovdiv b\u00e9n\u00e9ficie \u00e9galement de possibilit\u00e9s \u00e9largies gr\u00e2ce \u00e0 une nouvelle harpe <a href=\"https:\/\/www.camac-harps.com\/fr\/harps-fr\/pedal-fr\/atlantide-prestige\/\">Atlantide Prestige<\/a>, sur laquelle Gabriella a donn\u00e9 son concert inaugural le 8 novembre. \u00ab En Europe occidentale, nous consid\u00e9rons les instruments de haute qualit\u00e9 comme allant de soi \u00bb, commente Gabriella, \u00ab mais ce n&rsquo;est pas le cas partout dans le monde. Le travail quotidien de nombreux harpistes talentueux consiste souvent \u00e0 dissimuler soigneusement les probl\u00e8mes des harpes qui ont \u00e9t\u00e9 fabriqu\u00e9es \u00e0 des \u00e9poques diff\u00e9rentes. Ils ne se plaignent jamais, mais cela peut \u00eatre compliqu\u00e9 lorsque les chefs d&rsquo;orchestre viennent de l&rsquo;\u00e9tranger et ne sont pas toujours au courant de la situation. En tout cas, il m&rsquo;est arriv\u00e9 d&rsquo;apporter ma propre harpe Art Nouveau au travail pour que mes coll\u00e8gues et l&rsquo;\u00e9quipe de direction puissent entendre la diff\u00e9rence. Ils ont tout de suite compris, et je suis tr\u00e8s fi\u00e8re et admirative de leur engagement \u00e0 concr\u00e9tiser l&rsquo;id\u00e9e d&rsquo;un instrument d&rsquo;un autre niveau. Il est loin, le temps o\u00f9 la harpe \u00e9tait rel\u00e9gu\u00e9e \u00e0 une niche, comme cela est encore parfois le cas dans certains endroits du monde : \u00e0 Plovdiv s\u2019ouvrent de nouveaux horizons \u00bb.<\/p>\n<p style=\"text-align: justify;\">Chez Camac, nous sommes tr\u00e8s fiers de la confiance que Gabriella et l\u2019Op\u00e9ra de Plovdiv placent dans nos harpes. Nous esp\u00e9rons avoir bient\u00f4t l&rsquo;occasion de retourner en Bulgarie et d\u2019\u00e9couter cette Atlantide dans sa nouvelle maison !<\/p>\n\n\t\t<style type=\"text\/css\">\n\t\t\t#gallery-1 {\n\t\t\t\tmargin: auto;\n\t\t\t}\n\t\t\t#gallery-1 .gallery-item {\n\t\t\t\tfloat: left;\n\t\t\t\tmargin-top: 10px;\n\t\t\t\ttext-align: center;\n\t\t\t\twidth: 50%;\n\t\t\t}\n\t\t\t#gallery-1 img {\n\t\t\t\tborder: 2px solid #cfcfcf;\n\t\t\t}\n\t\t\t#gallery-1 .gallery-caption {\n\t\t\t\tmargin-left: 0;\n\t\t\t}\n\t\t\t\/* see gallery_shortcode() in wp-includes\/media.php *\/\n\t\t<\/style>\n\t\t<div id='gallery-1' class='gallery galleryid-30244 gallery-columns-2 gallery-size-thumbnail'><dl class='gallery-item'>\n\t\t\t<dt class='gallery-icon landscape'>\n\t\t\t\t<a href='https:\/\/www.camac-harps.com\/blog\/wp-content\/uploads\/sites\/27\/2022\/11\/inauguralconcertplovdiv.jpeg'><img loading=\"lazy\" decoding=\"async\" width=\"150\" height=\"150\" src=\"https:\/\/www.camac-harps.com\/blog\/wp-content\/uploads\/sites\/27\/2022\/11\/inauguralconcertplovdiv-150x150.jpeg\" class=\"attachment-thumbnail size-thumbnail\" alt=\"Gabriella Garcia\" aria-describedby=\"gallery-1-30237\" \/><\/a>\n\t\t\t<\/dt>\n\t\t\t\t<dd class='wp-caption-text gallery-caption' id='gallery-1-30237'>\n\t\t\t\tLe concert inaugural de la nouvelle Atlantide \u00e0 l&rsquo;Op\u00e9ra d&rsquo;\u00c9tat de Plovdiv \n\t\t\t\t<\/dd><\/dl><dl class='gallery-item'>\n\t\t\t<dt class='gallery-icon landscape'>\n\t\t\t\t<a href='https:\/\/www.camac-harps.com\/blog\/wp-content\/uploads\/sites\/27\/2022\/11\/inauguralconcertplovdiv1.jpeg'><img loading=\"lazy\" decoding=\"async\" width=\"150\" height=\"150\" src=\"https:\/\/www.camac-harps.com\/blog\/wp-content\/uploads\/sites\/27\/2022\/11\/inauguralconcertplovdiv1-150x150.jpeg\" class=\"attachment-thumbnail size-thumbnail\" alt=\"Gabriella Garcia,\" aria-describedby=\"gallery-1-30239\" \/><\/a>\n\t\t\t<\/dt>\n\t\t\t\t<dd class='wp-caption-text gallery-caption' id='gallery-1-30239'>\n\t\t\t\tGabriella avec Damiana Dimitrova, fl\u00fbtiste de l&rsquo;Op\u00e9ra d&rsquo;\u00c9tat de Plovdiv\n\t\t\t\t<\/dd><\/dl><br style=\"clear: both\" \/>\n\t\t<\/div>\n\n","protected":false},"excerpt":{"rendered":"<p>&#8230;et un concert inaugural pour la nouvelle harpe entre les mains expertes de Gabriella Garcia ! Lisez la suite pour d\u00e9couvrir les multiples facettes de sa carri\u00e8re entre la Bulgarie et la Belgique. <\/p>\n","protected":false},"author":3,"featured_media":30241,"comment_status":"open","ping_status":"open","sticky":false,"template":"","format":"standard","meta":{"_acf_changed":false,"footnotes":""},"categories":[781,533],"tags":[],"class_list":["post-30244","post","type-post","status-publish","format-standard","has-post-thumbnail","hentry","category-alaune","category-actualites"],"acf":[],"yoast_head":"<title>Une Atlantide Prestige \u00e0 l&#039;Op\u00e9ra d&#039;\u00c9tat de Plovdiv... | Le blog des Harpes Camac<\/title>\n<meta name=\"description\" content=\"...et un concert inaugural pour la nouvelle harpe entre les mains expertes de Gabriella Garcia !\" \/>\n<meta name=\"robots\" content=\"index, follow, max-snippet:-1, max-image-preview:large, max-video-preview:-1\" \/>\n<link rel=\"canonical\" href=\"https:\/\/www.camac-harps.com\/blog\/fr\/actualites\/une-atlantide-prestige-a-lopera-detat-de-plovdiv\/\" \/>\n<meta property=\"og:locale\" content=\"fr_FR\" \/>\n<meta property=\"og:type\" content=\"article\" \/>\n<meta property=\"og:title\" content=\"Une Atlantide Prestige \u00e0 l&#039;Op\u00e9ra d&#039;\u00c9tat de Plovdiv... | Le blog des Harpes Camac\" \/>\n<meta property=\"og:description\" content=\"...et un concert inaugural pour la nouvelle harpe entre les mains expertes de Gabriella Garcia !\" \/>\n<meta property=\"og:url\" content=\"https:\/\/www.camac-harps.com\/blog\/fr\/actualites\/une-atlantide-prestige-a-lopera-detat-de-plovdiv\/\" \/>\n<meta property=\"og:site_name\" content=\"Camac Harps\" \/>\n<meta property=\"article:published_time\" content=\"2022-11-18T08:14:09+00:00\" \/>\n<meta property=\"article:modified_time\" content=\"2022-11-21T11:44:28+00:00\" \/>\n<meta property=\"og:image\" content=\"https:\/\/www.camac-harps.com\/blog\/wp-content\/uploads\/sites\/27\/2022\/11\/inauguralconcertplovdivcrop.jpeg\" \/>\n\t<meta property=\"og:image:width\" content=\"428\" \/>\n\t<meta property=\"og:image:height\" content=\"426\" \/>\n\t<meta property=\"og:image:type\" content=\"image\/jpeg\" \/>\n<meta name=\"author\" content=\"Helen Leitner\" \/>\n<meta name=\"twitter:card\" content=\"summary_large_image\" \/>\n<meta name=\"twitter:label1\" content=\"\u00c9crit par\" \/>\n\t<meta name=\"twitter:data1\" content=\"Helen Leitner\" \/>\n\t<meta name=\"twitter:label2\" content=\"Dur\u00e9e de lecture estim\u00e9e\" \/>\n\t<meta name=\"twitter:data2\" content=\"3 minutes\" \/>\n<script type=\"application\/ld+json\" class=\"yoast-schema-graph\">{\"@context\":\"https:\/\/schema.org\",\"@graph\":[{\"@type\":\"Article\",\"@id\":\"https:\/\/www.camac-harps.com\/blog\/fr\/actualites\/une-atlantide-prestige-a-lopera-detat-de-plovdiv\/#article\",\"isPartOf\":{\"@id\":\"https:\/\/www.camac-harps.com\/blog\/fr\/actualites\/une-atlantide-prestige-a-lopera-detat-de-plovdiv\/\"},\"author\":{\"name\":\"Helen Leitner\",\"@id\":\"https:\/\/www.camac-harps.com\/blog\/fr\/#\/schema\/person\/59b9e6843c0338179fb914afaf144d22\"},\"headline\":\"Une Atlantide Prestige \u00e0 l&rsquo;Op\u00e9ra d&rsquo;\u00c9tat de Plovdiv&#8230;\",\"datePublished\":\"2022-11-18T08:14:09+00:00\",\"dateModified\":\"2022-11-21T11:44:28+00:00\",\"mainEntityOfPage\":{\"@id\":\"https:\/\/www.camac-harps.com\/blog\/fr\/actualites\/une-atlantide-prestige-a-lopera-detat-de-plovdiv\/\"},\"wordCount\":625,\"commentCount\":0,\"image\":{\"@id\":\"https:\/\/www.camac-harps.com\/blog\/fr\/actualites\/une-atlantide-prestige-a-lopera-detat-de-plovdiv\/#primaryimage\"},\"thumbnailUrl\":\"https:\/\/www.camac-harps.com\/blog\/wp-content\/uploads\/sites\/27\/2022\/11\/inauguralconcertplovdivcrop.jpeg\",\"articleSection\":[\"\u00c0 la une\",\"Actualit\u00e9s\"],\"inLanguage\":\"fr-FR\",\"potentialAction\":[{\"@type\":\"CommentAction\",\"name\":\"Comment\",\"target\":[\"https:\/\/www.camac-harps.com\/blog\/fr\/actualites\/une-atlantide-prestige-a-lopera-detat-de-plovdiv\/#respond\"]}]},{\"@type\":\"WebPage\",\"@id\":\"https:\/\/www.camac-harps.com\/blog\/fr\/actualites\/une-atlantide-prestige-a-lopera-detat-de-plovdiv\/\",\"url\":\"https:\/\/www.camac-harps.com\/blog\/fr\/actualites\/une-atlantide-prestige-a-lopera-detat-de-plovdiv\/\",\"name\":\"Une Atlantide Prestige \u00e0 l'Op\u00e9ra d'\u00c9tat de Plovdiv... | Le blog des Harpes Camac\",\"isPartOf\":{\"@id\":\"https:\/\/www.camac-harps.com\/blog\/fr\/#website\"},\"primaryImageOfPage\":{\"@id\":\"https:\/\/www.camac-harps.com\/blog\/fr\/actualites\/une-atlantide-prestige-a-lopera-detat-de-plovdiv\/#primaryimage\"},\"image\":{\"@id\":\"https:\/\/www.camac-harps.com\/blog\/fr\/actualites\/une-atlantide-prestige-a-lopera-detat-de-plovdiv\/#primaryimage\"},\"thumbnailUrl\":\"https:\/\/www.camac-harps.com\/blog\/wp-content\/uploads\/sites\/27\/2022\/11\/inauguralconcertplovdivcrop.jpeg\",\"datePublished\":\"2022-11-18T08:14:09+00:00\",\"dateModified\":\"2022-11-21T11:44:28+00:00\",\"author\":{\"@id\":\"https:\/\/www.camac-harps.com\/blog\/fr\/#\/schema\/person\/59b9e6843c0338179fb914afaf144d22\"},\"description\":\"...et un concert inaugural pour la nouvelle harpe entre les mains expertes de Gabriella Garcia !\",\"breadcrumb\":{\"@id\":\"https:\/\/www.camac-harps.com\/blog\/fr\/actualites\/une-atlantide-prestige-a-lopera-detat-de-plovdiv\/#breadcrumb\"},\"inLanguage\":\"fr-FR\",\"potentialAction\":[{\"@type\":\"ReadAction\",\"target\":[\"https:\/\/www.camac-harps.com\/blog\/fr\/actualites\/une-atlantide-prestige-a-lopera-detat-de-plovdiv\/\"]}]},{\"@type\":\"ImageObject\",\"inLanguage\":\"fr-FR\",\"@id\":\"https:\/\/www.camac-harps.com\/blog\/fr\/actualites\/une-atlantide-prestige-a-lopera-detat-de-plovdiv\/#primaryimage\",\"url\":\"https:\/\/www.camac-harps.com\/blog\/wp-content\/uploads\/sites\/27\/2022\/11\/inauguralconcertplovdivcrop.jpeg\",\"contentUrl\":\"https:\/\/www.camac-harps.com\/blog\/wp-content\/uploads\/sites\/27\/2022\/11\/inauguralconcertplovdivcrop.jpeg\",\"width\":428,\"height\":426,\"caption\":\"Gabriella Garcia, Atlantide of Plovdiv Opera\"},{\"@type\":\"BreadcrumbList\",\"@id\":\"https:\/\/www.camac-harps.com\/blog\/fr\/actualites\/une-atlantide-prestige-a-lopera-detat-de-plovdiv\/#breadcrumb\",\"itemListElement\":[{\"@type\":\"ListItem\",\"position\":1,\"name\":\"Home\",\"item\":\"https:\/\/www.camac-harps.com\/blog\/fr\/\"},{\"@type\":\"ListItem\",\"position\":2,\"name\":\"Une Atlantide Prestige \u00e0 l&rsquo;Op\u00e9ra d&rsquo;\u00c9tat de Plovdiv&#8230;\"}]},{\"@type\":\"WebSite\",\"@id\":\"https:\/\/www.camac-harps.com\/blog\/fr\/#website\",\"url\":\"https:\/\/www.camac-harps.com\/blog\/fr\/\",\"name\":\"Camac Harps\",\"description\":\"\",\"potentialAction\":[{\"@type\":\"SearchAction\",\"target\":{\"@type\":\"EntryPoint\",\"urlTemplate\":\"https:\/\/www.camac-harps.com\/blog\/fr\/?s={search_term_string}\"},\"query-input\":{\"@type\":\"PropertyValueSpecification\",\"valueRequired\":true,\"valueName\":\"search_term_string\"}}],\"inLanguage\":\"fr-FR\"},{\"@type\":\"Person\",\"@id\":\"https:\/\/www.camac-harps.com\/blog\/fr\/#\/schema\/person\/59b9e6843c0338179fb914afaf144d22\",\"name\":\"Helen Leitner\",\"image\":{\"@type\":\"ImageObject\",\"inLanguage\":\"fr-FR\",\"@id\":\"https:\/\/www.camac-harps.com\/blog\/fr\/#\/schema\/person\/image\/\",\"url\":\"https:\/\/secure.gravatar.com\/avatar\/ebbebff931219cff4c2d1e25c3229b2e036693f67bf237fb12f452d7a019a6da?s=96&d=mm&r=g\",\"contentUrl\":\"https:\/\/secure.gravatar.com\/avatar\/ebbebff931219cff4c2d1e25c3229b2e036693f67bf237fb12f452d7a019a6da?s=96&d=mm&r=g\",\"caption\":\"Helen Leitner\"},\"url\":\"https:\/\/www.camac-harps.com\/blog\/fr\/author\/ltnr\/\"}]}<\/script>","yoast_head_json":{"title":"Une Atlantide Prestige \u00e0 l'Op\u00e9ra d'\u00c9tat de Plovdiv... | Le blog des Harpes Camac","description":"...et un concert inaugural pour la nouvelle harpe entre les mains expertes de Gabriella Garcia !","robots":{"index":"index","follow":"follow","max-snippet":"max-snippet:-1","max-image-preview":"max-image-preview:large","max-video-preview":"max-video-preview:-1"},"canonical":"https:\/\/www.camac-harps.com\/blog\/fr\/actualites\/une-atlantide-prestige-a-lopera-detat-de-plovdiv\/","og_locale":"fr_FR","og_type":"article","og_title":"Une Atlantide Prestige \u00e0 l'Op\u00e9ra d'\u00c9tat de Plovdiv... | Le blog des Harpes Camac","og_description":"...et un concert inaugural pour la nouvelle harpe entre les mains expertes de Gabriella Garcia !","og_url":"https:\/\/www.camac-harps.com\/blog\/fr\/actualites\/une-atlantide-prestige-a-lopera-detat-de-plovdiv\/","og_site_name":"Camac Harps","article_published_time":"2022-11-18T08:14:09+00:00","article_modified_time":"2022-11-21T11:44:28+00:00","og_image":[{"width":428,"height":426,"url":"https:\/\/www.camac-harps.com\/blog\/wp-content\/uploads\/sites\/27\/2022\/11\/inauguralconcertplovdivcrop.jpeg","type":"image\/jpeg"}],"author":"Helen Leitner","twitter_card":"summary_large_image","twitter_misc":{"\u00c9crit par":"Helen Leitner","Dur\u00e9e de lecture estim\u00e9e":"3 minutes"},"schema":{"@context":"https:\/\/schema.org","@graph":[{"@type":"Article","@id":"https:\/\/www.camac-harps.com\/blog\/fr\/actualites\/une-atlantide-prestige-a-lopera-detat-de-plovdiv\/#article","isPartOf":{"@id":"https:\/\/www.camac-harps.com\/blog\/fr\/actualites\/une-atlantide-prestige-a-lopera-detat-de-plovdiv\/"},"author":{"name":"Helen Leitner","@id":"https:\/\/www.camac-harps.com\/blog\/fr\/#\/schema\/person\/59b9e6843c0338179fb914afaf144d22"},"headline":"Une Atlantide Prestige \u00e0 l&rsquo;Op\u00e9ra d&rsquo;\u00c9tat de Plovdiv&#8230;","datePublished":"2022-11-18T08:14:09+00:00","dateModified":"2022-11-21T11:44:28+00:00","mainEntityOfPage":{"@id":"https:\/\/www.camac-harps.com\/blog\/fr\/actualites\/une-atlantide-prestige-a-lopera-detat-de-plovdiv\/"},"wordCount":625,"commentCount":0,"image":{"@id":"https:\/\/www.camac-harps.com\/blog\/fr\/actualites\/une-atlantide-prestige-a-lopera-detat-de-plovdiv\/#primaryimage"},"thumbnailUrl":"https:\/\/www.camac-harps.com\/blog\/wp-content\/uploads\/sites\/27\/2022\/11\/inauguralconcertplovdivcrop.jpeg","articleSection":["\u00c0 la une","Actualit\u00e9s"],"inLanguage":"fr-FR","potentialAction":[{"@type":"CommentAction","name":"Comment","target":["https:\/\/www.camac-harps.com\/blog\/fr\/actualites\/une-atlantide-prestige-a-lopera-detat-de-plovdiv\/#respond"]}]},{"@type":"WebPage","@id":"https:\/\/www.camac-harps.com\/blog\/fr\/actualites\/une-atlantide-prestige-a-lopera-detat-de-plovdiv\/","url":"https:\/\/www.camac-harps.com\/blog\/fr\/actualites\/une-atlantide-prestige-a-lopera-detat-de-plovdiv\/","name":"Une Atlantide Prestige \u00e0 l'Op\u00e9ra d'\u00c9tat de Plovdiv... | Le blog des Harpes Camac","isPartOf":{"@id":"https:\/\/www.camac-harps.com\/blog\/fr\/#website"},"primaryImageOfPage":{"@id":"https:\/\/www.camac-harps.com\/blog\/fr\/actualites\/une-atlantide-prestige-a-lopera-detat-de-plovdiv\/#primaryimage"},"image":{"@id":"https:\/\/www.camac-harps.com\/blog\/fr\/actualites\/une-atlantide-prestige-a-lopera-detat-de-plovdiv\/#primaryimage"},"thumbnailUrl":"https:\/\/www.camac-harps.com\/blog\/wp-content\/uploads\/sites\/27\/2022\/11\/inauguralconcertplovdivcrop.jpeg","datePublished":"2022-11-18T08:14:09+00:00","dateModified":"2022-11-21T11:44:28+00:00","author":{"@id":"https:\/\/www.camac-harps.com\/blog\/fr\/#\/schema\/person\/59b9e6843c0338179fb914afaf144d22"},"description":"...et un concert inaugural pour la nouvelle harpe entre les mains expertes de Gabriella Garcia !","breadcrumb":{"@id":"https:\/\/www.camac-harps.com\/blog\/fr\/actualites\/une-atlantide-prestige-a-lopera-detat-de-plovdiv\/#breadcrumb"},"inLanguage":"fr-FR","potentialAction":[{"@type":"ReadAction","target":["https:\/\/www.camac-harps.com\/blog\/fr\/actualites\/une-atlantide-prestige-a-lopera-detat-de-plovdiv\/"]}]},{"@type":"ImageObject","inLanguage":"fr-FR","@id":"https:\/\/www.camac-harps.com\/blog\/fr\/actualites\/une-atlantide-prestige-a-lopera-detat-de-plovdiv\/#primaryimage","url":"https:\/\/www.camac-harps.com\/blog\/wp-content\/uploads\/sites\/27\/2022\/11\/inauguralconcertplovdivcrop.jpeg","contentUrl":"https:\/\/www.camac-harps.com\/blog\/wp-content\/uploads\/sites\/27\/2022\/11\/inauguralconcertplovdivcrop.jpeg","width":428,"height":426,"caption":"Gabriella Garcia, Atlantide of Plovdiv Opera"},{"@type":"BreadcrumbList","@id":"https:\/\/www.camac-harps.com\/blog\/fr\/actualites\/une-atlantide-prestige-a-lopera-detat-de-plovdiv\/#breadcrumb","itemListElement":[{"@type":"ListItem","position":1,"name":"Home","item":"https:\/\/www.camac-harps.com\/blog\/fr\/"},{"@type":"ListItem","position":2,"name":"Une Atlantide Prestige \u00e0 l&rsquo;Op\u00e9ra d&rsquo;\u00c9tat de Plovdiv&#8230;"}]},{"@type":"WebSite","@id":"https:\/\/www.camac-harps.com\/blog\/fr\/#website","url":"https:\/\/www.camac-harps.com\/blog\/fr\/","name":"Camac Harps","description":"","potentialAction":[{"@type":"SearchAction","target":{"@type":"EntryPoint","urlTemplate":"https:\/\/www.camac-harps.com\/blog\/fr\/?s={search_term_string}"},"query-input":{"@type":"PropertyValueSpecification","valueRequired":true,"valueName":"search_term_string"}}],"inLanguage":"fr-FR"},{"@type":"Person","@id":"https:\/\/www.camac-harps.com\/blog\/fr\/#\/schema\/person\/59b9e6843c0338179fb914afaf144d22","name":"Helen Leitner","image":{"@type":"ImageObject","inLanguage":"fr-FR","@id":"https:\/\/www.camac-harps.com\/blog\/fr\/#\/schema\/person\/image\/","url":"https:\/\/secure.gravatar.com\/avatar\/ebbebff931219cff4c2d1e25c3229b2e036693f67bf237fb12f452d7a019a6da?s=96&d=mm&r=g","contentUrl":"https:\/\/secure.gravatar.com\/avatar\/ebbebff931219cff4c2d1e25c3229b2e036693f67bf237fb12f452d7a019a6da?s=96&d=mm&r=g","caption":"Helen Leitner"},"url":"https:\/\/www.camac-harps.com\/blog\/fr\/author\/ltnr\/"}]}},"_links":{"self":[{"href":"https:\/\/www.camac-harps.com\/blog\/fr\/wp-json\/wp\/v2\/posts\/30244","targetHints":{"allow":["GET"]}}],"collection":[{"href":"https:\/\/www.camac-harps.com\/blog\/fr\/wp-json\/wp\/v2\/posts"}],"about":[{"href":"https:\/\/www.camac-harps.com\/blog\/fr\/wp-json\/wp\/v2\/types\/post"}],"author":[{"embeddable":true,"href":"https:\/\/www.camac-harps.com\/blog\/fr\/wp-json\/wp\/v2\/users\/3"}],"replies":[{"embeddable":true,"href":"https:\/\/www.camac-harps.com\/blog\/fr\/wp-json\/wp\/v2\/comments?post=30244"}],"version-history":[{"count":4,"href":"https:\/\/www.camac-harps.com\/blog\/fr\/wp-json\/wp\/v2\/posts\/30244\/revisions"}],"predecessor-version":[{"id":30249,"href":"https:\/\/www.camac-harps.com\/blog\/fr\/wp-json\/wp\/v2\/posts\/30244\/revisions\/30249"}],"wp:featuredmedia":[{"embeddable":true,"href":"https:\/\/www.camac-harps.com\/blog\/fr\/wp-json\/wp\/v2\/media\/30241"}],"wp:attachment":[{"href":"https:\/\/www.camac-harps.com\/blog\/fr\/wp-json\/wp\/v2\/media?parent=30244"}],"wp:term":[{"taxonomy":"category","embeddable":true,"href":"https:\/\/www.camac-harps.com\/blog\/fr\/wp-json\/wp\/v2\/categories?post=30244"},{"taxonomy":"post_tag","embeddable":true,"href":"https:\/\/www.camac-harps.com\/blog\/fr\/wp-json\/wp\/v2\/tags?post=30244"}],"curies":[{"name":"wp","href":"https:\/\/api.w.org\/{rel}","templated":true}]}}