{"id":30272,"date":"2022-11-29T10:26:33","date_gmt":"2022-11-29T08:26:33","guid":{"rendered":"https:\/\/www.camac-harps.com\/blog\/non-classifiee\/les-jeudis-de-la-harpe-season-vi\/"},"modified":"2022-12-20T14:22:05","modified_gmt":"2022-12-20T12:22:05","slug":"les-jeudis-de-la-harpe-season-vi","status":"publish","type":"post","link":"https:\/\/www.camac-harps.com\/blog\/fr\/actualites\/les-jeudis-de-la-harpe-season-vi\/","title":{"rendered":"Les Jeudis de la harpe, Saison VI"},"content":{"rendered":"<p style=\"text-align: justify;\"><a href=\"https:\/\/www.youtube.com\/c\/CamacHarpsOfficial\"><img loading=\"lazy\" decoding=\"async\" class=\"size-medium wp-image-30268 alignright\" src=\"https:\/\/www.camac-harps.com\/blog\/wp-content\/uploads\/sites\/27\/2022\/11\/affiche-les-jeudis-de-la-harpes-6-212x300.jpg\" alt=\"Les Jeudis de la Harpe, season VI\" width=\"212\" height=\"300\" srcset=\"https:\/\/www.camac-harps.com\/blog\/wp-content\/uploads\/sites\/27\/2022\/11\/affiche-les-jeudis-de-la-harpes-6-212x300.jpg 212w, https:\/\/www.camac-harps.com\/blog\/wp-content\/uploads\/sites\/27\/2022\/11\/affiche-les-jeudis-de-la-harpes-6-724x1024.jpg 724w, https:\/\/www.camac-harps.com\/blog\/wp-content\/uploads\/sites\/27\/2022\/11\/affiche-les-jeudis-de-la-harpes-6-768x1086.jpg 768w, https:\/\/www.camac-harps.com\/blog\/wp-content\/uploads\/sites\/27\/2022\/11\/affiche-les-jeudis-de-la-harpes-6-300x424.jpg 300w, https:\/\/www.camac-harps.com\/blog\/wp-content\/uploads\/sites\/27\/2022\/11\/affiche-les-jeudis-de-la-harpes-6-800x1131.jpg 800w, https:\/\/www.camac-harps.com\/blog\/wp-content\/uploads\/sites\/27\/2022\/11\/affiche-les-jeudis-de-la-harpes-6-55x78.jpg 55w, https:\/\/www.camac-harps.com\/blog\/wp-content\/uploads\/sites\/27\/2022\/11\/affiche-les-jeudis-de-la-harpes-6-250x354.jpg 250w, https:\/\/www.camac-harps.com\/blog\/wp-content\/uploads\/sites\/27\/2022\/11\/affiche-les-jeudis-de-la-harpes-6.jpg 1000w\" sizes=\"auto, (max-width: 212px) 100vw, 212px\" \/><\/a>Si vous suivez <a href=\"https:\/\/www.youtube.com\/c\/CamacHarpsOfficial\">@CamacHarpsOfficial<\/a> sur Youtube, nous esp\u00e9rons que vous connaissez et aimez d\u00e9j\u00e0 nos concerts en ligne. \u00c0 ce jour, notre s\u00e9rie \u00ab Les jeudis de la harpe \u00bb a eu le plaisir de diffuser 45 excellents concerts. Chaque concert, d&rsquo;une dur\u00e9e d&rsquo;environ une demi-heure, est diffus\u00e9 gratuitement le jeudi en fin de journ\u00e9e, et met en valeur l&rsquo;immense cr\u00e9ativit\u00e9 et l&rsquo;\u00e9ventail de styles de la communaut\u00e9 des harpistes.<\/p>\n<p style=\"text-align: justify;\">Cette cr\u00e9ativit\u00e9 semble in\u00e9puisable, et nous sommes heureux d&rsquo;annoncer le lancement des Jeudis de la harpe &#8211; saison VI !<\/p>\n<p style=\"text-align: justify;\">La premi\u00e8re diffusion aura lieu le jeudi 8 d\u00e9cembre \u00e0 19h30 sur YouTube @CamacHarpsOfficial. Si vous pouvez nous rejoindre lors de la premi\u00e8re diffusion et nous dire bonjour sur le chat, nous en sommes ravis ! Si vous \u00eates occup\u00e9 \u00e0 ce moment-l\u00e0, sachez que nous sommes \u00e9galement d&rsquo;ardents promoteurs de l&rsquo;accessibilit\u00e9 mondiale des diffusions en ligne. Les vid\u00e9os resteront disponibles, alors n&rsquo;h\u00e9sitez pas \u00e0 les regarder plus tard.<\/p>\n<div class=\"gdpr_opt_in\" data-cc-enable=\"youtube\">\n<div class=\"gdpr_opt_in__inner\">Je souhaite activer le contenu vid\u00e9o et j&rsquo;accepte que des donn\u00e9es soient charg\u00e9es \u00e0 partir de Google (voir <a href=\"https:\/\/www.camac-harps.com\/blog\/fr\/actualites\/les-jeudis-de-la-harpe-season-vi\/\" target=\"_blank\">les r\u00e8gles de confidentialit\u00e9<\/a>).<\/div>\n<\/div>\n<div class=\"video_container\">\n<div class=\"video_container__inner\"><iframe title=\"Jeudi 8 d\u00e9cembre 2022 | Le Trio de la plaine\" width=\"500\" height=\"281\" alt-src=\"https:\/\/www.youtube-nocookie.com\/embed\/L_OeLmOyBBg?feature=oembed\" frameborder=\"0\" allow=\"accelerometer; autoplay; clipboard-write; encrypted-media; gyroscope; picture-in-picture; web-share\" referrerpolicy=\"strict-origin-when-cross-origin\" allowfullscreen><\/iframe><\/div>\n<\/div>\n<p style=\"text-align: justify;\">Nous allons commencer par le \u00ab Trio de la plaine \u00bb, compos\u00e9 de Murielle Kopff-V\u00e9rit\u00e9 (harpe EC Llanera), Consuelo Uribe (voix, violoncelle, cuatro, maracas) et Juan Garcia (maracas, cuatro, fl\u00fbte). Partez pour un voyage en Am\u00e9rique Latine et d\u00e9couvrez les rythmes \u00e9poustouflants, les valses tendres et les couleurs vives et vari\u00e9es du Joropo llanero !<\/p>\n<p style=\"text-align: justify;\">Par la suite, nous annoncerons chaque semaine les artistes qui se produiront lors du prochain concert. Gardez un \u0153il sur nos m\u00e9dias sociaux @CamacHarps, ou (encore mieux) <a href=\"https:\/\/www.camac-harps.com\/fr\/inscrivez-vous-a-notre-liste-de-diffusion\/\">inscrivez-vous \u00e0 notre liste de diffusion<\/a> pour ne rien manquer.<\/p>\n","protected":false},"excerpt":{"rendered":"<p>Prochainement sur vos \u00e9crans YouTube : le retour des concerts en ligne Camac pour une sixi\u00e8me saison. <\/p>\n","protected":false},"author":3,"featured_media":30267,"comment_status":"open","ping_status":"open","sticky":false,"template":"","format":"standard","meta":{"_acf_changed":false,"footnotes":""},"categories":[781,533],"tags":[],"class_list":["post-30272","post","type-post","status-publish","format-standard","has-post-thumbnail","hentry","category-alaune","category-actualites"],"acf":[],"yoast_head":"<title>Concerts en ligne des Harpes Camac | Les Jeudis de la Harpe<\/title>\n<meta name=\"description\" content=\"\u00c0 partir du 8 d\u00e9cembre @CamacHarpsOfficial sur YouTube : notre sixi\u00e8me s\u00e9rie de concerts en ligne, Les Jeudis de la Harpe !\" \/>\n<meta name=\"robots\" content=\"index, follow, max-snippet:-1, max-image-preview:large, max-video-preview:-1\" \/>\n<link rel=\"canonical\" href=\"https:\/\/www.camac-harps.com\/blog\/fr\/actualites\/les-jeudis-de-la-harpe-season-vi\/\" \/>\n<meta property=\"og:locale\" content=\"fr_FR\" \/>\n<meta property=\"og:type\" content=\"article\" \/>\n<meta property=\"og:title\" content=\"Concerts en ligne des Harpes Camac | Les Jeudis de la Harpe\" \/>\n<meta property=\"og:description\" content=\"\u00c0 partir du 8 d\u00e9cembre @CamacHarpsOfficial sur YouTube : notre sixi\u00e8me s\u00e9rie de concerts en ligne, Les Jeudis de la Harpe !\" \/>\n<meta property=\"og:url\" content=\"https:\/\/www.camac-harps.com\/blog\/fr\/actualites\/les-jeudis-de-la-harpe-season-vi\/\" \/>\n<meta property=\"og:site_name\" content=\"Camac Harps\" \/>\n<meta property=\"article:published_time\" content=\"2022-11-29T08:26:33+00:00\" \/>\n<meta property=\"article:modified_time\" content=\"2022-12-20T12:22:05+00:00\" \/>\n<meta property=\"og:image\" content=\"https:\/\/www.camac-harps.com\/blog\/wp-content\/uploads\/sites\/27\/2022\/11\/bannieres-instagram-1600x1600-jeudis-de-la-harpe-saison-6-generique-en.jpg\" \/>\n\t<meta property=\"og:image:width\" content=\"1600\" \/>\n\t<meta property=\"og:image:height\" content=\"1600\" \/>\n\t<meta property=\"og:image:type\" content=\"image\/jpeg\" \/>\n<meta name=\"author\" content=\"Helen Leitner\" \/>\n<meta name=\"twitter:card\" content=\"summary_large_image\" \/>\n<meta name=\"twitter:label1\" content=\"\u00c9crit par\" \/>\n\t<meta name=\"twitter:data1\" content=\"Helen Leitner\" \/>\n\t<meta name=\"twitter:label2\" content=\"Dur\u00e9e de lecture estim\u00e9e\" \/>\n\t<meta name=\"twitter:data2\" content=\"2 minutes\" \/>\n<script type=\"application\/ld+json\" class=\"yoast-schema-graph\">{\"@context\":\"https:\/\/schema.org\",\"@graph\":[{\"@type\":\"Article\",\"@id\":\"https:\/\/www.camac-harps.com\/blog\/fr\/actualites\/les-jeudis-de-la-harpe-season-vi\/#article\",\"isPartOf\":{\"@id\":\"https:\/\/www.camac-harps.com\/blog\/fr\/actualites\/les-jeudis-de-la-harpe-season-vi\/\"},\"author\":{\"name\":\"Helen Leitner\",\"@id\":\"https:\/\/www.camac-harps.com\/blog\/fr\/#\/schema\/person\/59b9e6843c0338179fb914afaf144d22\"},\"headline\":\"Les Jeudis de la harpe, Saison VI\",\"datePublished\":\"2022-11-29T08:26:33+00:00\",\"dateModified\":\"2022-12-20T12:22:05+00:00\",\"mainEntityOfPage\":{\"@id\":\"https:\/\/www.camac-harps.com\/blog\/fr\/actualites\/les-jeudis-de-la-harpe-season-vi\/\"},\"wordCount\":278,\"commentCount\":0,\"image\":{\"@id\":\"https:\/\/www.camac-harps.com\/blog\/fr\/actualites\/les-jeudis-de-la-harpe-season-vi\/#primaryimage\"},\"thumbnailUrl\":\"https:\/\/www.camac-harps.com\/blog\/wp-content\/uploads\/sites\/27\/2022\/11\/bannieres-instagram-1600x1600-jeudis-de-la-harpe-saison-6-generique-en.jpg\",\"articleSection\":[\"\u00c0 la une\",\"Actualit\u00e9s\"],\"inLanguage\":\"fr-FR\",\"potentialAction\":[{\"@type\":\"CommentAction\",\"name\":\"Comment\",\"target\":[\"https:\/\/www.camac-harps.com\/blog\/fr\/actualites\/les-jeudis-de-la-harpe-season-vi\/#respond\"]}]},{\"@type\":\"WebPage\",\"@id\":\"https:\/\/www.camac-harps.com\/blog\/fr\/actualites\/les-jeudis-de-la-harpe-season-vi\/\",\"url\":\"https:\/\/www.camac-harps.com\/blog\/fr\/actualites\/les-jeudis-de-la-harpe-season-vi\/\",\"name\":\"Concerts en ligne des Harpes Camac | Les Jeudis de la Harpe\",\"isPartOf\":{\"@id\":\"https:\/\/www.camac-harps.com\/blog\/fr\/#website\"},\"primaryImageOfPage\":{\"@id\":\"https:\/\/www.camac-harps.com\/blog\/fr\/actualites\/les-jeudis-de-la-harpe-season-vi\/#primaryimage\"},\"image\":{\"@id\":\"https:\/\/www.camac-harps.com\/blog\/fr\/actualites\/les-jeudis-de-la-harpe-season-vi\/#primaryimage\"},\"thumbnailUrl\":\"https:\/\/www.camac-harps.com\/blog\/wp-content\/uploads\/sites\/27\/2022\/11\/bannieres-instagram-1600x1600-jeudis-de-la-harpe-saison-6-generique-en.jpg\",\"datePublished\":\"2022-11-29T08:26:33+00:00\",\"dateModified\":\"2022-12-20T12:22:05+00:00\",\"author\":{\"@id\":\"https:\/\/www.camac-harps.com\/blog\/fr\/#\/schema\/person\/59b9e6843c0338179fb914afaf144d22\"},\"description\":\"\u00c0 partir du 8 d\u00e9cembre @CamacHarpsOfficial sur YouTube : notre sixi\u00e8me s\u00e9rie de concerts en ligne, Les Jeudis de la Harpe !\",\"breadcrumb\":{\"@id\":\"https:\/\/www.camac-harps.com\/blog\/fr\/actualites\/les-jeudis-de-la-harpe-season-vi\/#breadcrumb\"},\"inLanguage\":\"fr-FR\",\"potentialAction\":[{\"@type\":\"ReadAction\",\"target\":[\"https:\/\/www.camac-harps.com\/blog\/fr\/actualites\/les-jeudis-de-la-harpe-season-vi\/\"]}]},{\"@type\":\"ImageObject\",\"inLanguage\":\"fr-FR\",\"@id\":\"https:\/\/www.camac-harps.com\/blog\/fr\/actualites\/les-jeudis-de-la-harpe-season-vi\/#primaryimage\",\"url\":\"https:\/\/www.camac-harps.com\/blog\/wp-content\/uploads\/sites\/27\/2022\/11\/bannieres-instagram-1600x1600-jeudis-de-la-harpe-saison-6-generique-en.jpg\",\"contentUrl\":\"https:\/\/www.camac-harps.com\/blog\/wp-content\/uploads\/sites\/27\/2022\/11\/bannieres-instagram-1600x1600-jeudis-de-la-harpe-saison-6-generique-en.jpg\",\"width\":1600,\"height\":1600,\"caption\":\"Les Jeudis de la Harpe, saison VI\"},{\"@type\":\"BreadcrumbList\",\"@id\":\"https:\/\/www.camac-harps.com\/blog\/fr\/actualites\/les-jeudis-de-la-harpe-season-vi\/#breadcrumb\",\"itemListElement\":[{\"@type\":\"ListItem\",\"position\":1,\"name\":\"Home\",\"item\":\"https:\/\/www.camac-harps.com\/blog\/fr\/\"},{\"@type\":\"ListItem\",\"position\":2,\"name\":\"Les Jeudis de la harpe, Saison VI\"}]},{\"@type\":\"WebSite\",\"@id\":\"https:\/\/www.camac-harps.com\/blog\/fr\/#website\",\"url\":\"https:\/\/www.camac-harps.com\/blog\/fr\/\",\"name\":\"Camac Harps\",\"description\":\"\",\"potentialAction\":[{\"@type\":\"SearchAction\",\"target\":{\"@type\":\"EntryPoint\",\"urlTemplate\":\"https:\/\/www.camac-harps.com\/blog\/fr\/?s={search_term_string}\"},\"query-input\":{\"@type\":\"PropertyValueSpecification\",\"valueRequired\":true,\"valueName\":\"search_term_string\"}}],\"inLanguage\":\"fr-FR\"},{\"@type\":\"Person\",\"@id\":\"https:\/\/www.camac-harps.com\/blog\/fr\/#\/schema\/person\/59b9e6843c0338179fb914afaf144d22\",\"name\":\"Helen Leitner\",\"image\":{\"@type\":\"ImageObject\",\"inLanguage\":\"fr-FR\",\"@id\":\"https:\/\/www.camac-harps.com\/blog\/fr\/#\/schema\/person\/image\/\",\"url\":\"https:\/\/secure.gravatar.com\/avatar\/ebbebff931219cff4c2d1e25c3229b2e036693f67bf237fb12f452d7a019a6da?s=96&d=mm&r=g\",\"contentUrl\":\"https:\/\/secure.gravatar.com\/avatar\/ebbebff931219cff4c2d1e25c3229b2e036693f67bf237fb12f452d7a019a6da?s=96&d=mm&r=g\",\"caption\":\"Helen Leitner\"},\"url\":\"https:\/\/www.camac-harps.com\/blog\/fr\/author\/ltnr\/\"}]}<\/script>","yoast_head_json":{"title":"Concerts en ligne des Harpes Camac | Les Jeudis de la Harpe","description":"\u00c0 partir du 8 d\u00e9cembre @CamacHarpsOfficial sur YouTube : notre sixi\u00e8me s\u00e9rie de concerts en ligne, Les Jeudis de la Harpe !","robots":{"index":"index","follow":"follow","max-snippet":"max-snippet:-1","max-image-preview":"max-image-preview:large","max-video-preview":"max-video-preview:-1"},"canonical":"https:\/\/www.camac-harps.com\/blog\/fr\/actualites\/les-jeudis-de-la-harpe-season-vi\/","og_locale":"fr_FR","og_type":"article","og_title":"Concerts en ligne des Harpes Camac | Les Jeudis de la Harpe","og_description":"\u00c0 partir du 8 d\u00e9cembre @CamacHarpsOfficial sur YouTube : notre sixi\u00e8me s\u00e9rie de concerts en ligne, Les Jeudis de la Harpe !","og_url":"https:\/\/www.camac-harps.com\/blog\/fr\/actualites\/les-jeudis-de-la-harpe-season-vi\/","og_site_name":"Camac Harps","article_published_time":"2022-11-29T08:26:33+00:00","article_modified_time":"2022-12-20T12:22:05+00:00","og_image":[{"width":1600,"height":1600,"url":"https:\/\/www.camac-harps.com\/blog\/wp-content\/uploads\/sites\/27\/2022\/11\/bannieres-instagram-1600x1600-jeudis-de-la-harpe-saison-6-generique-en.jpg","type":"image\/jpeg"}],"author":"Helen Leitner","twitter_card":"summary_large_image","twitter_misc":{"\u00c9crit par":"Helen Leitner","Dur\u00e9e de lecture estim\u00e9e":"2 minutes"},"schema":{"@context":"https:\/\/schema.org","@graph":[{"@type":"Article","@id":"https:\/\/www.camac-harps.com\/blog\/fr\/actualites\/les-jeudis-de-la-harpe-season-vi\/#article","isPartOf":{"@id":"https:\/\/www.camac-harps.com\/blog\/fr\/actualites\/les-jeudis-de-la-harpe-season-vi\/"},"author":{"name":"Helen Leitner","@id":"https:\/\/www.camac-harps.com\/blog\/fr\/#\/schema\/person\/59b9e6843c0338179fb914afaf144d22"},"headline":"Les Jeudis de la harpe, Saison VI","datePublished":"2022-11-29T08:26:33+00:00","dateModified":"2022-12-20T12:22:05+00:00","mainEntityOfPage":{"@id":"https:\/\/www.camac-harps.com\/blog\/fr\/actualites\/les-jeudis-de-la-harpe-season-vi\/"},"wordCount":278,"commentCount":0,"image":{"@id":"https:\/\/www.camac-harps.com\/blog\/fr\/actualites\/les-jeudis-de-la-harpe-season-vi\/#primaryimage"},"thumbnailUrl":"https:\/\/www.camac-harps.com\/blog\/wp-content\/uploads\/sites\/27\/2022\/11\/bannieres-instagram-1600x1600-jeudis-de-la-harpe-saison-6-generique-en.jpg","articleSection":["\u00c0 la une","Actualit\u00e9s"],"inLanguage":"fr-FR","potentialAction":[{"@type":"CommentAction","name":"Comment","target":["https:\/\/www.camac-harps.com\/blog\/fr\/actualites\/les-jeudis-de-la-harpe-season-vi\/#respond"]}]},{"@type":"WebPage","@id":"https:\/\/www.camac-harps.com\/blog\/fr\/actualites\/les-jeudis-de-la-harpe-season-vi\/","url":"https:\/\/www.camac-harps.com\/blog\/fr\/actualites\/les-jeudis-de-la-harpe-season-vi\/","name":"Concerts en ligne des Harpes Camac | Les Jeudis de la Harpe","isPartOf":{"@id":"https:\/\/www.camac-harps.com\/blog\/fr\/#website"},"primaryImageOfPage":{"@id":"https:\/\/www.camac-harps.com\/blog\/fr\/actualites\/les-jeudis-de-la-harpe-season-vi\/#primaryimage"},"image":{"@id":"https:\/\/www.camac-harps.com\/blog\/fr\/actualites\/les-jeudis-de-la-harpe-season-vi\/#primaryimage"},"thumbnailUrl":"https:\/\/www.camac-harps.com\/blog\/wp-content\/uploads\/sites\/27\/2022\/11\/bannieres-instagram-1600x1600-jeudis-de-la-harpe-saison-6-generique-en.jpg","datePublished":"2022-11-29T08:26:33+00:00","dateModified":"2022-12-20T12:22:05+00:00","author":{"@id":"https:\/\/www.camac-harps.com\/blog\/fr\/#\/schema\/person\/59b9e6843c0338179fb914afaf144d22"},"description":"\u00c0 partir du 8 d\u00e9cembre @CamacHarpsOfficial sur YouTube : notre sixi\u00e8me s\u00e9rie de concerts en ligne, Les Jeudis de la Harpe !","breadcrumb":{"@id":"https:\/\/www.camac-harps.com\/blog\/fr\/actualites\/les-jeudis-de-la-harpe-season-vi\/#breadcrumb"},"inLanguage":"fr-FR","potentialAction":[{"@type":"ReadAction","target":["https:\/\/www.camac-harps.com\/blog\/fr\/actualites\/les-jeudis-de-la-harpe-season-vi\/"]}]},{"@type":"ImageObject","inLanguage":"fr-FR","@id":"https:\/\/www.camac-harps.com\/blog\/fr\/actualites\/les-jeudis-de-la-harpe-season-vi\/#primaryimage","url":"https:\/\/www.camac-harps.com\/blog\/wp-content\/uploads\/sites\/27\/2022\/11\/bannieres-instagram-1600x1600-jeudis-de-la-harpe-saison-6-generique-en.jpg","contentUrl":"https:\/\/www.camac-harps.com\/blog\/wp-content\/uploads\/sites\/27\/2022\/11\/bannieres-instagram-1600x1600-jeudis-de-la-harpe-saison-6-generique-en.jpg","width":1600,"height":1600,"caption":"Les Jeudis de la Harpe, saison VI"},{"@type":"BreadcrumbList","@id":"https:\/\/www.camac-harps.com\/blog\/fr\/actualites\/les-jeudis-de-la-harpe-season-vi\/#breadcrumb","itemListElement":[{"@type":"ListItem","position":1,"name":"Home","item":"https:\/\/www.camac-harps.com\/blog\/fr\/"},{"@type":"ListItem","position":2,"name":"Les Jeudis de la harpe, Saison VI"}]},{"@type":"WebSite","@id":"https:\/\/www.camac-harps.com\/blog\/fr\/#website","url":"https:\/\/www.camac-harps.com\/blog\/fr\/","name":"Camac Harps","description":"","potentialAction":[{"@type":"SearchAction","target":{"@type":"EntryPoint","urlTemplate":"https:\/\/www.camac-harps.com\/blog\/fr\/?s={search_term_string}"},"query-input":{"@type":"PropertyValueSpecification","valueRequired":true,"valueName":"search_term_string"}}],"inLanguage":"fr-FR"},{"@type":"Person","@id":"https:\/\/www.camac-harps.com\/blog\/fr\/#\/schema\/person\/59b9e6843c0338179fb914afaf144d22","name":"Helen Leitner","image":{"@type":"ImageObject","inLanguage":"fr-FR","@id":"https:\/\/www.camac-harps.com\/blog\/fr\/#\/schema\/person\/image\/","url":"https:\/\/secure.gravatar.com\/avatar\/ebbebff931219cff4c2d1e25c3229b2e036693f67bf237fb12f452d7a019a6da?s=96&d=mm&r=g","contentUrl":"https:\/\/secure.gravatar.com\/avatar\/ebbebff931219cff4c2d1e25c3229b2e036693f67bf237fb12f452d7a019a6da?s=96&d=mm&r=g","caption":"Helen Leitner"},"url":"https:\/\/www.camac-harps.com\/blog\/fr\/author\/ltnr\/"}]}},"_links":{"self":[{"href":"https:\/\/www.camac-harps.com\/blog\/fr\/wp-json\/wp\/v2\/posts\/30272","targetHints":{"allow":["GET"]}}],"collection":[{"href":"https:\/\/www.camac-harps.com\/blog\/fr\/wp-json\/wp\/v2\/posts"}],"about":[{"href":"https:\/\/www.camac-harps.com\/blog\/fr\/wp-json\/wp\/v2\/types\/post"}],"author":[{"embeddable":true,"href":"https:\/\/www.camac-harps.com\/blog\/fr\/wp-json\/wp\/v2\/users\/3"}],"replies":[{"embeddable":true,"href":"https:\/\/www.camac-harps.com\/blog\/fr\/wp-json\/wp\/v2\/comments?post=30272"}],"version-history":[{"count":4,"href":"https:\/\/www.camac-harps.com\/blog\/fr\/wp-json\/wp\/v2\/posts\/30272\/revisions"}],"predecessor-version":[{"id":30276,"href":"https:\/\/www.camac-harps.com\/blog\/fr\/wp-json\/wp\/v2\/posts\/30272\/revisions\/30276"}],"wp:featuredmedia":[{"embeddable":true,"href":"https:\/\/www.camac-harps.com\/blog\/fr\/wp-json\/wp\/v2\/media\/30267"}],"wp:attachment":[{"href":"https:\/\/www.camac-harps.com\/blog\/fr\/wp-json\/wp\/v2\/media?parent=30272"}],"wp:term":[{"taxonomy":"category","embeddable":true,"href":"https:\/\/www.camac-harps.com\/blog\/fr\/wp-json\/wp\/v2\/categories?post=30272"},{"taxonomy":"post_tag","embeddable":true,"href":"https:\/\/www.camac-harps.com\/blog\/fr\/wp-json\/wp\/v2\/tags?post=30272"}],"curies":[{"name":"wp","href":"https:\/\/api.w.org\/{rel}","templated":true}]}}