{"id":30553,"date":"2023-03-14T16:37:45","date_gmt":"2023-03-14T14:37:45","guid":{"rendered":"https:\/\/www.camac-harps.com\/blog\/?p=30553"},"modified":"2023-03-15T19:09:16","modified_gmt":"2023-03-15T17:09:16","slug":"nouveau-visage-meme-accent","status":"publish","type":"post","link":"https:\/\/www.camac-harps.com\/blog\/fr\/actualites\/nouveau-visage-meme-accent\/","title":{"rendered":"Nouveau visage, m\u00eame accent\u2026"},"content":{"rendered":"<div id=\"attachment_30557\" class=\"wp-caption alignright\" style=\"width: 200px\"><a href=\"https:\/\/www.camac-harps.com\/blog\/wp-content\/uploads\/sites\/27\/2023\/03\/1549620343761.jpg\"><img loading=\"lazy\" decoding=\"async\" class=\"wp-image-30557\" src=\"https:\/\/www.camac-harps.com\/blog\/wp-content\/uploads\/sites\/27\/2023\/03\/1549620343761-300x300.jpg\" alt=\"Helen Leitner\" width=\"200\" height=\"200\" srcset=\"https:\/\/www.camac-harps.com\/blog\/wp-content\/uploads\/sites\/27\/2023\/03\/1549620343761-300x300.jpg 300w, https:\/\/www.camac-harps.com\/blog\/wp-content\/uploads\/sites\/27\/2023\/03\/1549620343761-150x150.jpg 150w, https:\/\/www.camac-harps.com\/blog\/wp-content\/uploads\/sites\/27\/2023\/03\/1549620343761-55x55.jpg 55w, https:\/\/www.camac-harps.com\/blog\/wp-content\/uploads\/sites\/27\/2023\/03\/1549620343761-250x250.jpg 250w, https:\/\/www.camac-harps.com\/blog\/wp-content\/uploads\/sites\/27\/2023\/03\/1549620343761.jpg 302w\" sizes=\"auto, (max-width: 200px) 100vw, 200px\" \/><\/a><p class=\"wp-caption-text\">Helen Leitner<\/p><\/div>\n<p style=\"text-align: justify;\">Depuis pr\u00e8s de 15 ans, Helen Leitner a mis ses nombreuses comp\u00e9tences et son in\u00e9puisable \u00e9nergie au service de la communication et des relations artistiques des Harpes Camac. Au fil du temps et de notre collaboration, notre entreprise fran\u00e7aise est devenue plus internationale et plus proches des harpistes \u00e0 travers le monde.<br \/>\nAujourd\u2019hui, Helen a d\u00e9cid\u00e9 de donner une autre direction \u00e0 sa carri\u00e8re, et nous lui souhaitons tout le succ\u00e8s qu\u2019elle m\u00e9rite dans cette nouvelle aventure.<\/p>\n<p style=\"text-align: justify;\">Afin d\u2019assurer les fonctions qu\u2019Helen occupait pr\u00e9c\u00e9demment, nous avons souhait\u00e9 faire appel aux comp\u00e9tences d\u2019un ami de longue date, le harpiste Alexander Rider.<\/p>\n<div id=\"attachment_30559\" class=\"wp-caption alignleft\" style=\"width: 300px\"><a href=\"https:\/\/www.camac-harps.com\/blog\/wp-content\/uploads\/sites\/27\/2023\/03\/rider-alex-credite-kate-benjamin-1.jpg\"><img loading=\"lazy\" decoding=\"async\" class=\"size-medium wp-image-30559\" src=\"https:\/\/www.camac-harps.com\/blog\/wp-content\/uploads\/sites\/27\/2023\/03\/rider-alex-credite-kate-benjamin-1-300x200.jpg\" alt=\"Alexander Rider \" width=\"300\" height=\"200\" srcset=\"https:\/\/www.camac-harps.com\/blog\/wp-content\/uploads\/sites\/27\/2023\/03\/rider-alex-credite-kate-benjamin-1-300x200.jpg 300w, https:\/\/www.camac-harps.com\/blog\/wp-content\/uploads\/sites\/27\/2023\/03\/rider-alex-credite-kate-benjamin-1-1024x683.jpg 1024w, https:\/\/www.camac-harps.com\/blog\/wp-content\/uploads\/sites\/27\/2023\/03\/rider-alex-credite-kate-benjamin-1-768x512.jpg 768w, https:\/\/www.camac-harps.com\/blog\/wp-content\/uploads\/sites\/27\/2023\/03\/rider-alex-credite-kate-benjamin-1-1536x1024.jpg 1536w, https:\/\/www.camac-harps.com\/blog\/wp-content\/uploads\/sites\/27\/2023\/03\/rider-alex-credite-kate-benjamin-1-1000x667.jpg 1000w, https:\/\/www.camac-harps.com\/blog\/wp-content\/uploads\/sites\/27\/2023\/03\/rider-alex-credite-kate-benjamin-1-800x533.jpg 800w, https:\/\/www.camac-harps.com\/blog\/wp-content\/uploads\/sites\/27\/2023\/03\/rider-alex-credite-kate-benjamin-1-55x37.jpg 55w, https:\/\/www.camac-harps.com\/blog\/wp-content\/uploads\/sites\/27\/2023\/03\/rider-alex-credite-kate-benjamin-1-250x167.jpg 250w, https:\/\/www.camac-harps.com\/blog\/wp-content\/uploads\/sites\/27\/2023\/03\/rider-alex-credite-kate-benjamin-1.jpg 1920w\" sizes=\"auto, (max-width: 300px) 100vw, 300px\" \/><\/a><p class=\"wp-caption-text\">Alexander Rider. Photo : Kate Benjamin<\/p><\/div>\n<p style=\"text-align: justify;\">Passionn\u00e9 aussi bien par la musique ancienne que par celle d\u2019aujourd\u2019hui, Alexander Rider travaille en free-lance au sein d\u2019ensembles r\u00e9put\u00e9s \u00e0 travers le Royaume Uni, parmi lesquels le BBC Concert Orchestra, le City of Birmingham Symphony Orchestra, le London Sinfonietta, le London Chamber Orchestra, le Ballet Rambert, l&rsquo;Aurora Orchestra, l&rsquo;English Touring Opera, le Brighton Philharmonic, Chroma, l&rsquo;Orchestre R\u00e9volutionnaire et Romantique et l&rsquo;Academy of Ancient Music.<\/p>\n<p style=\"text-align: justify;\">Alexander est connu pour son affinit\u00e9 avec la musique fran\u00e7aise du d\u00e9but du XXe si\u00e8cle et pour son travail sur des instruments d\u2019\u00e9poque. Utilisant une harpe Erard de 1902, Alexander a fait des recherches minutieuses sur cette p\u00e9riode et a donn\u00e9 de nombreuses conf\u00e9rences et r\u00e9citals tr\u00e8s appr\u00e9ci\u00e9s. Pour le label Willowhayne Records, il vient d\u2019enregistrer \u00ab Fresque Marine \u00bb, un disque d&rsquo;\u0153uvres fran\u00e7aises oubli\u00e9es. Alexander a \u00e9tudi\u00e9 avec Gabriella Dall&rsquo;Olio et Frances Kelly au Trinity College, puis avec Imogen Barford \u00e0 la Guildhall School of Music and Drama. Il y a obtenu son dipl\u00f4me avec distinction et a \u00e9t\u00e9 honor\u00e9 par la suite d&rsquo;une bourse pour les artistes de Guildhall.<\/p>\n<p style=\"text-align: justify;\">Nous sommes heureux d\u2019accueillir Alex Rider au sein de l\u2019\u00e9quipe des Harpes Camac, certains de la qualit\u00e9 de ses apports et de ses succ\u00e8s futurs. Le passage de t\u00e9moin se r\u00e9alise d\u2019ores et d\u00e9j\u00e0 dans le professionnalisme et la bienveillance, afin d\u2019offrir aux harpistes la qualit\u00e9 et la continuit\u00e9 qu\u2019elle est en droit d\u2019attendre de notre maison.<\/p>\n","protected":false},"excerpt":{"rendered":"<p>Des changements se pr\u00e9parent au sein de notre \u00e9quipe charg\u00e9e de la communication et des relations avec les artistes : Helen Leitner passe le relais \u00e0 notre ami Alexander Rider. Nous leur souhaitons \u00e0 tous deux le meilleur et accueillons chaleureusement Alex au sein de l&rsquo;\u00e9quipe ! <\/p>\n","protected":false},"author":3,"featured_media":30566,"comment_status":"open","ping_status":"open","sticky":false,"template":"","format":"standard","meta":{"_acf_changed":false,"footnotes":""},"categories":[781,533],"tags":[],"class_list":["post-30553","post","type-post","status-publish","format-standard","has-post-thumbnail","hentry","category-alaune","category-actualites"],"acf":[],"yoast_head":"<title>Nouveau visage, m\u00eame accent\u2026 - Camac Harps<\/title>\n<meta name=\"robots\" content=\"index, follow, max-snippet:-1, max-image-preview:large, max-video-preview:-1\" \/>\n<link rel=\"canonical\" href=\"https:\/\/www.camac-harps.com\/blog\/fr\/actualites\/nouveau-visage-meme-accent\/\" \/>\n<meta property=\"og:locale\" content=\"fr_FR\" \/>\n<meta property=\"og:type\" content=\"article\" \/>\n<meta property=\"og:title\" content=\"Nouveau visage, m\u00eame accent\u2026 - Camac Harps\" \/>\n<meta property=\"og:description\" content=\"Des changements se pr\u00e9parent au sein de notre \u00e9quipe charg\u00e9e de la communication et des relations avec les artistes : Helen Leitner passe le relais \u00e0 notre ami Alexander Rider. Nous leur souhaitons \u00e0 tous deux le meilleur et accueillons chaleureusement Alex au sein de l&#039;\u00e9quipe !\" \/>\n<meta property=\"og:url\" content=\"https:\/\/www.camac-harps.com\/blog\/fr\/actualites\/nouveau-visage-meme-accent\/\" \/>\n<meta property=\"og:site_name\" content=\"Camac Harps\" \/>\n<meta property=\"article:published_time\" content=\"2023-03-14T14:37:45+00:00\" \/>\n<meta property=\"article:modified_time\" content=\"2023-03-15T17:09:16+00:00\" \/>\n<meta property=\"og:image\" content=\"https:\/\/www.camac-harps.com\/blog\/wp-content\/uploads\/sites\/27\/2023\/03\/helen-alex-.jpg\" \/>\n\t<meta property=\"og:image:width\" content=\"1200\" \/>\n\t<meta property=\"og:image:height\" content=\"1200\" \/>\n\t<meta property=\"og:image:type\" content=\"image\/jpeg\" \/>\n<meta name=\"author\" content=\"Helen Leitner\" \/>\n<meta name=\"twitter:card\" content=\"summary_large_image\" \/>\n<meta name=\"twitter:label1\" content=\"\u00c9crit par\" \/>\n\t<meta name=\"twitter:data1\" content=\"Helen Leitner\" \/>\n\t<meta name=\"twitter:label2\" content=\"Dur\u00e9e de lecture estim\u00e9e\" \/>\n\t<meta name=\"twitter:data2\" content=\"2 minutes\" \/>\n<script type=\"application\/ld+json\" class=\"yoast-schema-graph\">{\"@context\":\"https:\/\/schema.org\",\"@graph\":[{\"@type\":\"Article\",\"@id\":\"https:\/\/www.camac-harps.com\/blog\/fr\/actualites\/nouveau-visage-meme-accent\/#article\",\"isPartOf\":{\"@id\":\"https:\/\/www.camac-harps.com\/blog\/fr\/actualites\/nouveau-visage-meme-accent\/\"},\"author\":{\"name\":\"Helen Leitner\",\"@id\":\"https:\/\/www.camac-harps.com\/blog\/fr\/#\/schema\/person\/59b9e6843c0338179fb914afaf144d22\"},\"headline\":\"Nouveau visage, m\u00eame accent\u2026\",\"datePublished\":\"2023-03-14T14:37:45+00:00\",\"dateModified\":\"2023-03-15T17:09:16+00:00\",\"mainEntityOfPage\":{\"@id\":\"https:\/\/www.camac-harps.com\/blog\/fr\/actualites\/nouveau-visage-meme-accent\/\"},\"wordCount\":404,\"commentCount\":0,\"image\":{\"@id\":\"https:\/\/www.camac-harps.com\/blog\/fr\/actualites\/nouveau-visage-meme-accent\/#primaryimage\"},\"thumbnailUrl\":\"https:\/\/www.camac-harps.com\/blog\/wp-content\/uploads\/sites\/27\/2023\/03\/helen-alex-.jpg\",\"articleSection\":[\"\u00c0 la une\",\"Actualit\u00e9s\"],\"inLanguage\":\"fr-FR\",\"potentialAction\":[{\"@type\":\"CommentAction\",\"name\":\"Comment\",\"target\":[\"https:\/\/www.camac-harps.com\/blog\/fr\/actualites\/nouveau-visage-meme-accent\/#respond\"]}]},{\"@type\":\"WebPage\",\"@id\":\"https:\/\/www.camac-harps.com\/blog\/fr\/actualites\/nouveau-visage-meme-accent\/\",\"url\":\"https:\/\/www.camac-harps.com\/blog\/fr\/actualites\/nouveau-visage-meme-accent\/\",\"name\":\"Nouveau visage, m\u00eame accent\u2026 - Camac Harps\",\"isPartOf\":{\"@id\":\"https:\/\/www.camac-harps.com\/blog\/fr\/#website\"},\"primaryImageOfPage\":{\"@id\":\"https:\/\/www.camac-harps.com\/blog\/fr\/actualites\/nouveau-visage-meme-accent\/#primaryimage\"},\"image\":{\"@id\":\"https:\/\/www.camac-harps.com\/blog\/fr\/actualites\/nouveau-visage-meme-accent\/#primaryimage\"},\"thumbnailUrl\":\"https:\/\/www.camac-harps.com\/blog\/wp-content\/uploads\/sites\/27\/2023\/03\/helen-alex-.jpg\",\"datePublished\":\"2023-03-14T14:37:45+00:00\",\"dateModified\":\"2023-03-15T17:09:16+00:00\",\"author\":{\"@id\":\"https:\/\/www.camac-harps.com\/blog\/fr\/#\/schema\/person\/59b9e6843c0338179fb914afaf144d22\"},\"breadcrumb\":{\"@id\":\"https:\/\/www.camac-harps.com\/blog\/fr\/actualites\/nouveau-visage-meme-accent\/#breadcrumb\"},\"inLanguage\":\"fr-FR\",\"potentialAction\":[{\"@type\":\"ReadAction\",\"target\":[\"https:\/\/www.camac-harps.com\/blog\/fr\/actualites\/nouveau-visage-meme-accent\/\"]}]},{\"@type\":\"ImageObject\",\"inLanguage\":\"fr-FR\",\"@id\":\"https:\/\/www.camac-harps.com\/blog\/fr\/actualites\/nouveau-visage-meme-accent\/#primaryimage\",\"url\":\"https:\/\/www.camac-harps.com\/blog\/wp-content\/uploads\/sites\/27\/2023\/03\/helen-alex-.jpg\",\"contentUrl\":\"https:\/\/www.camac-harps.com\/blog\/wp-content\/uploads\/sites\/27\/2023\/03\/helen-alex-.jpg\",\"width\":1200,\"height\":1200,\"caption\":\"Helen and Alex\"},{\"@type\":\"BreadcrumbList\",\"@id\":\"https:\/\/www.camac-harps.com\/blog\/fr\/actualites\/nouveau-visage-meme-accent\/#breadcrumb\",\"itemListElement\":[{\"@type\":\"ListItem\",\"position\":1,\"name\":\"Home\",\"item\":\"https:\/\/www.camac-harps.com\/blog\/fr\/\"},{\"@type\":\"ListItem\",\"position\":2,\"name\":\"Nouveau visage, m\u00eame accent\u2026\"}]},{\"@type\":\"WebSite\",\"@id\":\"https:\/\/www.camac-harps.com\/blog\/fr\/#website\",\"url\":\"https:\/\/www.camac-harps.com\/blog\/fr\/\",\"name\":\"Camac Harps\",\"description\":\"\",\"potentialAction\":[{\"@type\":\"SearchAction\",\"target\":{\"@type\":\"EntryPoint\",\"urlTemplate\":\"https:\/\/www.camac-harps.com\/blog\/fr\/?s={search_term_string}\"},\"query-input\":{\"@type\":\"PropertyValueSpecification\",\"valueRequired\":true,\"valueName\":\"search_term_string\"}}],\"inLanguage\":\"fr-FR\"},{\"@type\":\"Person\",\"@id\":\"https:\/\/www.camac-harps.com\/blog\/fr\/#\/schema\/person\/59b9e6843c0338179fb914afaf144d22\",\"name\":\"Helen Leitner\",\"image\":{\"@type\":\"ImageObject\",\"inLanguage\":\"fr-FR\",\"@id\":\"https:\/\/www.camac-harps.com\/blog\/fr\/#\/schema\/person\/image\/\",\"url\":\"https:\/\/secure.gravatar.com\/avatar\/ebbebff931219cff4c2d1e25c3229b2e036693f67bf237fb12f452d7a019a6da?s=96&d=mm&r=g\",\"contentUrl\":\"https:\/\/secure.gravatar.com\/avatar\/ebbebff931219cff4c2d1e25c3229b2e036693f67bf237fb12f452d7a019a6da?s=96&d=mm&r=g\",\"caption\":\"Helen Leitner\"},\"url\":\"https:\/\/www.camac-harps.com\/blog\/fr\/author\/ltnr\/\"}]}<\/script>","yoast_head_json":{"title":"Nouveau visage, m\u00eame accent\u2026 - Camac Harps","robots":{"index":"index","follow":"follow","max-snippet":"max-snippet:-1","max-image-preview":"max-image-preview:large","max-video-preview":"max-video-preview:-1"},"canonical":"https:\/\/www.camac-harps.com\/blog\/fr\/actualites\/nouveau-visage-meme-accent\/","og_locale":"fr_FR","og_type":"article","og_title":"Nouveau visage, m\u00eame accent\u2026 - Camac Harps","og_description":"Des changements se pr\u00e9parent au sein de notre \u00e9quipe charg\u00e9e de la communication et des relations avec les artistes : Helen Leitner passe le relais \u00e0 notre ami Alexander Rider. Nous leur souhaitons \u00e0 tous deux le meilleur et accueillons chaleureusement Alex au sein de l'\u00e9quipe !","og_url":"https:\/\/www.camac-harps.com\/blog\/fr\/actualites\/nouveau-visage-meme-accent\/","og_site_name":"Camac Harps","article_published_time":"2023-03-14T14:37:45+00:00","article_modified_time":"2023-03-15T17:09:16+00:00","og_image":[{"width":1200,"height":1200,"url":"https:\/\/www.camac-harps.com\/blog\/wp-content\/uploads\/sites\/27\/2023\/03\/helen-alex-.jpg","type":"image\/jpeg"}],"author":"Helen Leitner","twitter_card":"summary_large_image","twitter_misc":{"\u00c9crit par":"Helen Leitner","Dur\u00e9e de lecture estim\u00e9e":"2 minutes"},"schema":{"@context":"https:\/\/schema.org","@graph":[{"@type":"Article","@id":"https:\/\/www.camac-harps.com\/blog\/fr\/actualites\/nouveau-visage-meme-accent\/#article","isPartOf":{"@id":"https:\/\/www.camac-harps.com\/blog\/fr\/actualites\/nouveau-visage-meme-accent\/"},"author":{"name":"Helen Leitner","@id":"https:\/\/www.camac-harps.com\/blog\/fr\/#\/schema\/person\/59b9e6843c0338179fb914afaf144d22"},"headline":"Nouveau visage, m\u00eame accent\u2026","datePublished":"2023-03-14T14:37:45+00:00","dateModified":"2023-03-15T17:09:16+00:00","mainEntityOfPage":{"@id":"https:\/\/www.camac-harps.com\/blog\/fr\/actualites\/nouveau-visage-meme-accent\/"},"wordCount":404,"commentCount":0,"image":{"@id":"https:\/\/www.camac-harps.com\/blog\/fr\/actualites\/nouveau-visage-meme-accent\/#primaryimage"},"thumbnailUrl":"https:\/\/www.camac-harps.com\/blog\/wp-content\/uploads\/sites\/27\/2023\/03\/helen-alex-.jpg","articleSection":["\u00c0 la une","Actualit\u00e9s"],"inLanguage":"fr-FR","potentialAction":[{"@type":"CommentAction","name":"Comment","target":["https:\/\/www.camac-harps.com\/blog\/fr\/actualites\/nouveau-visage-meme-accent\/#respond"]}]},{"@type":"WebPage","@id":"https:\/\/www.camac-harps.com\/blog\/fr\/actualites\/nouveau-visage-meme-accent\/","url":"https:\/\/www.camac-harps.com\/blog\/fr\/actualites\/nouveau-visage-meme-accent\/","name":"Nouveau visage, m\u00eame accent\u2026 - Camac Harps","isPartOf":{"@id":"https:\/\/www.camac-harps.com\/blog\/fr\/#website"},"primaryImageOfPage":{"@id":"https:\/\/www.camac-harps.com\/blog\/fr\/actualites\/nouveau-visage-meme-accent\/#primaryimage"},"image":{"@id":"https:\/\/www.camac-harps.com\/blog\/fr\/actualites\/nouveau-visage-meme-accent\/#primaryimage"},"thumbnailUrl":"https:\/\/www.camac-harps.com\/blog\/wp-content\/uploads\/sites\/27\/2023\/03\/helen-alex-.jpg","datePublished":"2023-03-14T14:37:45+00:00","dateModified":"2023-03-15T17:09:16+00:00","author":{"@id":"https:\/\/www.camac-harps.com\/blog\/fr\/#\/schema\/person\/59b9e6843c0338179fb914afaf144d22"},"breadcrumb":{"@id":"https:\/\/www.camac-harps.com\/blog\/fr\/actualites\/nouveau-visage-meme-accent\/#breadcrumb"},"inLanguage":"fr-FR","potentialAction":[{"@type":"ReadAction","target":["https:\/\/www.camac-harps.com\/blog\/fr\/actualites\/nouveau-visage-meme-accent\/"]}]},{"@type":"ImageObject","inLanguage":"fr-FR","@id":"https:\/\/www.camac-harps.com\/blog\/fr\/actualites\/nouveau-visage-meme-accent\/#primaryimage","url":"https:\/\/www.camac-harps.com\/blog\/wp-content\/uploads\/sites\/27\/2023\/03\/helen-alex-.jpg","contentUrl":"https:\/\/www.camac-harps.com\/blog\/wp-content\/uploads\/sites\/27\/2023\/03\/helen-alex-.jpg","width":1200,"height":1200,"caption":"Helen and Alex"},{"@type":"BreadcrumbList","@id":"https:\/\/www.camac-harps.com\/blog\/fr\/actualites\/nouveau-visage-meme-accent\/#breadcrumb","itemListElement":[{"@type":"ListItem","position":1,"name":"Home","item":"https:\/\/www.camac-harps.com\/blog\/fr\/"},{"@type":"ListItem","position":2,"name":"Nouveau visage, m\u00eame accent\u2026"}]},{"@type":"WebSite","@id":"https:\/\/www.camac-harps.com\/blog\/fr\/#website","url":"https:\/\/www.camac-harps.com\/blog\/fr\/","name":"Camac Harps","description":"","potentialAction":[{"@type":"SearchAction","target":{"@type":"EntryPoint","urlTemplate":"https:\/\/www.camac-harps.com\/blog\/fr\/?s={search_term_string}"},"query-input":{"@type":"PropertyValueSpecification","valueRequired":true,"valueName":"search_term_string"}}],"inLanguage":"fr-FR"},{"@type":"Person","@id":"https:\/\/www.camac-harps.com\/blog\/fr\/#\/schema\/person\/59b9e6843c0338179fb914afaf144d22","name":"Helen Leitner","image":{"@type":"ImageObject","inLanguage":"fr-FR","@id":"https:\/\/www.camac-harps.com\/blog\/fr\/#\/schema\/person\/image\/","url":"https:\/\/secure.gravatar.com\/avatar\/ebbebff931219cff4c2d1e25c3229b2e036693f67bf237fb12f452d7a019a6da?s=96&d=mm&r=g","contentUrl":"https:\/\/secure.gravatar.com\/avatar\/ebbebff931219cff4c2d1e25c3229b2e036693f67bf237fb12f452d7a019a6da?s=96&d=mm&r=g","caption":"Helen Leitner"},"url":"https:\/\/www.camac-harps.com\/blog\/fr\/author\/ltnr\/"}]}},"_links":{"self":[{"href":"https:\/\/www.camac-harps.com\/blog\/fr\/wp-json\/wp\/v2\/posts\/30553","targetHints":{"allow":["GET"]}}],"collection":[{"href":"https:\/\/www.camac-harps.com\/blog\/fr\/wp-json\/wp\/v2\/posts"}],"about":[{"href":"https:\/\/www.camac-harps.com\/blog\/fr\/wp-json\/wp\/v2\/types\/post"}],"author":[{"embeddable":true,"href":"https:\/\/www.camac-harps.com\/blog\/fr\/wp-json\/wp\/v2\/users\/3"}],"replies":[{"embeddable":true,"href":"https:\/\/www.camac-harps.com\/blog\/fr\/wp-json\/wp\/v2\/comments?post=30553"}],"version-history":[{"count":4,"href":"https:\/\/www.camac-harps.com\/blog\/fr\/wp-json\/wp\/v2\/posts\/30553\/revisions"}],"predecessor-version":[{"id":30569,"href":"https:\/\/www.camac-harps.com\/blog\/fr\/wp-json\/wp\/v2\/posts\/30553\/revisions\/30569"}],"wp:featuredmedia":[{"embeddable":true,"href":"https:\/\/www.camac-harps.com\/blog\/fr\/wp-json\/wp\/v2\/media\/30566"}],"wp:attachment":[{"href":"https:\/\/www.camac-harps.com\/blog\/fr\/wp-json\/wp\/v2\/media?parent=30553"}],"wp:term":[{"taxonomy":"category","embeddable":true,"href":"https:\/\/www.camac-harps.com\/blog\/fr\/wp-json\/wp\/v2\/categories?post=30553"},{"taxonomy":"post_tag","embeddable":true,"href":"https:\/\/www.camac-harps.com\/blog\/fr\/wp-json\/wp\/v2\/tags?post=30553"}],"curies":[{"name":"wp","href":"https:\/\/api.w.org\/{rel}","templated":true}]}}