{"id":30651,"date":"2023-08-22T13:42:16","date_gmt":"2023-08-22T11:42:16","guid":{"rendered":"https:\/\/www.camac-harps.com\/blog\/?p=30651"},"modified":"2023-09-13T13:19:03","modified_gmt":"2023-09-13T11:19:03","slug":"francois-pernel-un-concert-hors-du-commun","status":"publish","type":"post","link":"https:\/\/www.camac-harps.com\/blog\/fr\/actualites\/francois-pernel-un-concert-hors-du-commun\/","title":{"rendered":"Fran\u00e7ois Pernel :  Un concert hors du commun\u2026"},"content":{"rendered":"<p class=\"p2\"><span class=\"s1\">Le harpiste <a href=\"https:\/\/francois-pernel.com\/\">Fran\u00e7ois Pernel<\/a> jouit d&rsquo;une excellente r\u00e9putation pour l\u2019ambiance musicale exceptionnelle qu\u2019il sait cr\u00e9er lors de mariages et d\u2019\u00e9v\u00e9nements vari\u00e9s. \u00c0 ce titre, il travaille en collaboration avec certains des principaux organisateurs de mariages du secteur.<\/span><\/p>\n<p class=\"p2\"><span class=\"s1\">Tout harpiste freelance se doit d\u2019\u00eatre ouvert aux possibilit\u00e9s qui se pr\u00e9sentent : c&rsquo;est l&rsquo;un des aspects magiques et impr\u00e9visibles de ce m\u00e9tier. Qui sera dans le public, quelles portes pourraient s\u2019ouvrir vers une nouvelle opportunit\u00e9 ? Un travail en am\u00e8ne un autre, et c&rsquo;est ainsi que les musiciens encha\u00eenent les engagements. Lorsque notre ami Fran\u00e7ois Pernel a jou\u00e9 au mariage du chirurgien Philippe Paillard, une remarque fortuite a donn\u00e9 lieu \u00e0 une performance inhabituelle&#8230;<\/span><\/p>\n<div id=\"attachment_30643\" class=\"wp-caption alignright\" style=\"width: 300px\"><img loading=\"lazy\" decoding=\"async\" class=\"size-medium wp-image-30643\" src=\"https:\/\/www.camac-harps.com\/blog\/wp-content\/uploads\/sites\/27\/2023\/08\/pernel-francois-blog-photo-par-cohen-bruno-300x200.jpg\" alt=\"Fran\u00e7ois Pernel joue sur son Camac \u00c9gerie pendant une op\u00e9ration chirurgicale. Photo BRUNO COHEN\" width=\"300\" height=\"200\" srcset=\"https:\/\/www.camac-harps.com\/blog\/wp-content\/uploads\/sites\/27\/2023\/08\/pernel-francois-blog-photo-par-cohen-bruno-300x200.jpg 300w, https:\/\/www.camac-harps.com\/blog\/wp-content\/uploads\/sites\/27\/2023\/08\/pernel-francois-blog-photo-par-cohen-bruno-1024x682.jpg 1024w, https:\/\/www.camac-harps.com\/blog\/wp-content\/uploads\/sites\/27\/2023\/08\/pernel-francois-blog-photo-par-cohen-bruno-768x512.jpg 768w, https:\/\/www.camac-harps.com\/blog\/wp-content\/uploads\/sites\/27\/2023\/08\/pernel-francois-blog-photo-par-cohen-bruno-1536x1024.jpg 1536w, https:\/\/www.camac-harps.com\/blog\/wp-content\/uploads\/sites\/27\/2023\/08\/pernel-francois-blog-photo-par-cohen-bruno-1000x667.jpg 1000w, https:\/\/www.camac-harps.com\/blog\/wp-content\/uploads\/sites\/27\/2023\/08\/pernel-francois-blog-photo-par-cohen-bruno-800x533.jpg 800w, https:\/\/www.camac-harps.com\/blog\/wp-content\/uploads\/sites\/27\/2023\/08\/pernel-francois-blog-photo-par-cohen-bruno-55x37.jpg 55w, https:\/\/www.camac-harps.com\/blog\/wp-content\/uploads\/sites\/27\/2023\/08\/pernel-francois-blog-photo-par-cohen-bruno-250x167.jpg 250w, https:\/\/www.camac-harps.com\/blog\/wp-content\/uploads\/sites\/27\/2023\/08\/pernel-francois-blog-photo-par-cohen-bruno.jpg 2000w\" sizes=\"auto, (max-width: 300px) 100vw, 300px\" \/><p class=\"wp-caption-text\">Fran\u00e7ois Pernel performs on his Camac \u00c9gerie during Fran\u00e7ois Pernel joue sur son Camac \u00c9gerie pendant une op\u00e9ration chirurgicale. Photo BRUNO COHEN<\/p><\/div>\n<p class=\"p2\"><span class=\"s1\">\u00ab\u00a0<i>J&rsquo;ai rencontr\u00e9 Philippe il y a bient\u00f4t deux ans car j&rsquo;\u00e9tais le harpiste \u00e0 son mariage. Nous avons depuis travaill\u00e9 \u00e0 d&rsquo;autres \u00e9v\u00e9nements musicaux et c&rsquo;est sous forme de boutade, lors de nos discussions que je lui ai dit : \u00ab\u00a0comme \u00e7a me plairait de pouvoir assister \u00e0 une journ\u00e9e au bloc\u00a0\u00bb.<\/i><\/span><\/p>\n<p class=\"p3\"><span class=\"s2\"><i>Philippe aime les challenges et il a tout de suite r\u00e9pondu avec enthousiasme et a rendu cela possible : avec la harpe !<\/i><\/span><\/p>\n<p class=\"p3\"><span class=\"s1\"><i>La clinique Bizet a valid\u00e9 et encadr\u00e9 le projet.<\/i><\/span><span class=\"s3\"><i>\u00a0\u00bb<\/i><\/span><\/p>\n<p class=\"p2\"><span class=\"s1\">[Un nom de clinique particuli\u00e8rement adapt\u00e9 dans ce contexte !]<\/span><\/p>\n<p class=\"p2\"><span class=\"s1\">L&rsquo;utilisation de la musique dans un contexte th\u00e9rapeutique, et particuli\u00e8rement celle de harpe, s&rsquo;est de plus en plus d\u00e9velopp\u00e9e ces derni\u00e8res ann\u00e9es. Il existe un certain nombre d&rsquo;initiatives au niveau mondial qui montrent aux harpistes comment intervenir au sein du monde m\u00e9dical dans des approches non intrusives profitant \u00e0 la fois aux patients, \u00e0 leurs familles et au personnel. Mais tr\u00e8s peu de harpistes se sont aventur\u00e9s dans le sanctuaire de la chirurgie elle-m\u00eame.<\/span><\/p>\n<p class=\"p4\"><span class=\"s1\"><i>\u00ab\u00a0Les retours que j&rsquo;ai eus tout au long de la journ\u00e9e m&rsquo;ont \u00e9videmment convaincu du bien \u00eatre qu&rsquo;apporte un instrument comme la harpe dans un contexte de soin.<\/i><\/span><\/p>\n<p class=\"p4\"><span class=\"s1\"><i>L&rsquo;h\u00f4pital reste un cadre anxiog\u00e8ne, m\u00eame si les \u00e9quipes travaillent de leur mieux \u00e0 rassurer les patients. Etant moi m\u00eame peu familier de cette ambiance, il m&rsquo;a fallu un certain temps pour comprendre la logique, c&rsquo;est un milieu \u00e0 part, hors du temps, avec des r\u00e8gles sp\u00e9cifiques, une ambiance \u2018d\u00e9connect\u00e9e du jour\u2019\u00a0\u00bb.<\/i><\/span><\/p>\n<p class=\"p2\"><span class=\"s1\">Nous avons pos\u00e9 cette question \u00e0 Fran\u00e7ois : est-ce une pratique qui devrait \u00eatre plus pr\u00e9sente dans les approches modernes de l&rsquo;instrument?<\/span><\/p>\n<p class=\"p3\"><span class=\"s3\">\u00ab\u00a0<\/span><span class=\"s1\"><i>Pour r\u00e9pondre pr\u00e9cis\u00e9ment, je vais juste citer un patient que j&rsquo;ai accompagn\u00e9 sur sa journ\u00e9e au bloc, et qui par ailleurs est chirurgien\u00a0: il m&rsquo;a confi\u00e9 que ma harpe \u00e9tait bien plus puissante que n&rsquo;importe quel antalgique\u00a0! Pour quelqu&rsquo;un qui \u00ab\u00a0connait la maison\u00a0\u00bb si je puis dire, son aveu donne tout son sens \u00e0 mon intervention.\u00a0\u00bb<\/i><\/span><\/p>\n<div id=\"attachment_30647\" class=\"wp-caption alignleft\" style=\"width: 300px\"><img loading=\"lazy\" decoding=\"async\" class=\"size-medium wp-image-30647\" src=\"https:\/\/www.camac-harps.com\/blog\/wp-content\/uploads\/sites\/27\/2023\/08\/pernel-francois-blog-photo-par-cohen-bruno2-300x200.jpg\" alt=\"Un chirurgien s\u00e9lectionne soigneusement son instrument pendant que Fran\u00e7ois joue. Photo par BRUNO COHEN\" width=\"300\" height=\"200\" srcset=\"https:\/\/www.camac-harps.com\/blog\/wp-content\/uploads\/sites\/27\/2023\/08\/pernel-francois-blog-photo-par-cohen-bruno2-300x200.jpg 300w, https:\/\/www.camac-harps.com\/blog\/wp-content\/uploads\/sites\/27\/2023\/08\/pernel-francois-blog-photo-par-cohen-bruno2-1024x684.jpg 1024w, https:\/\/www.camac-harps.com\/blog\/wp-content\/uploads\/sites\/27\/2023\/08\/pernel-francois-blog-photo-par-cohen-bruno2-768x513.jpg 768w, https:\/\/www.camac-harps.com\/blog\/wp-content\/uploads\/sites\/27\/2023\/08\/pernel-francois-blog-photo-par-cohen-bruno2-1536x1025.jpg 1536w, https:\/\/www.camac-harps.com\/blog\/wp-content\/uploads\/sites\/27\/2023\/08\/pernel-francois-blog-photo-par-cohen-bruno2-1000x668.jpg 1000w, https:\/\/www.camac-harps.com\/blog\/wp-content\/uploads\/sites\/27\/2023\/08\/pernel-francois-blog-photo-par-cohen-bruno2-800x534.jpg 800w, https:\/\/www.camac-harps.com\/blog\/wp-content\/uploads\/sites\/27\/2023\/08\/pernel-francois-blog-photo-par-cohen-bruno2-55x37.jpg 55w, https:\/\/www.camac-harps.com\/blog\/wp-content\/uploads\/sites\/27\/2023\/08\/pernel-francois-blog-photo-par-cohen-bruno2-250x167.jpg 250w, https:\/\/www.camac-harps.com\/blog\/wp-content\/uploads\/sites\/27\/2023\/08\/pernel-francois-blog-photo-par-cohen-bruno2.jpg 2000w\" sizes=\"auto, (max-width: 300px) 100vw, 300px\" \/><p class=\"wp-caption-text\">Un chirurgien s\u00e9lectionne soigneusement son instrument pendant que Fran\u00e7ois joue. Photo par BRUNO COHEN<\/p><\/div>\n<p class=\"p2\"><span class=\"s1\">N\u00e9anmoins, beaucoup d&rsquo;artistes pourraient ressentir de l\u2019appr\u00e9hension \u00e0 \u00eatre pr\u00e9sents dans un espace aussi restreint et physiquement exigeant, o\u00f9 l&rsquo;on ouvre les gens et o\u00f9 on les op\u00e8re. Cependant, Fran\u00e7ois a su rester concentr\u00e9 et, en plus, il \u00e9tait intens\u00e9ment fascin\u00e9 par les activit\u00e9s qui se d\u00e9roulaient devant lui\u00a0:<\/span><\/p>\n<p class=\"p3\"><span class=\"s3\">\u00ab\u00a0<\/span><span class=\"s1\"><i>J&rsquo;avais \u00e9t\u00e9 plus ou moins pr\u00e9par\u00e9, mais je n&rsquo;\u00e9tais pas fier non plus ! La premi\u00e8re op\u00e9ration \u00e9tait une PTG (proth\u00e8se totale du genou). C&rsquo;est une op\u00e9ration tr\u00e8s impressionnante. Puis il y eu une arthroscopie : j&rsquo;avais du mal \u00e0 jouer car j&rsquo;\u00e9tais \u00ab\u00a0fascin\u00e9\u00a0\u00bb par ce que je voyais \u00e0 l&rsquo;\u00e9cran ! Je n&rsquo;\u00e9tais pas non plus le nez au-dessus des actes chirurgicaux et j&rsquo;\u00e9tais bien ficel\u00e9 dans les \u00e9quipements de protection et d&rsquo;hygi\u00e8ne. Il y a des sons, des odeurs bien particuli\u00e8res qui rendent cet univers si singulier.<\/i><\/span><span class=\"s3\">\u00a0\u00bb<\/span><\/p>\n<p class=\"p2\"><span class=\"s1\">De nombreux musiciens et m\u00e9lomanes attesterons que la musique a le pouvoir de favoriser un sentiment de bien-\u00eatre int\u00e9rieur. Quantifier et qualifier ses effets est cependant une question nettement plus ardue. Mais il semblerait que les musiciens soient de plus en plus les bienvenus dans ces contextes difficiles, o\u00f9 la musique pourrait avoir un impact positif sur un \u00e9v\u00e9nement potentiellement effrayant (voire traumatisant).<\/span><\/p>\n<div id=\"attachment_30645\" class=\"wp-caption aligncenter\" style=\"width: 300px\"><img loading=\"lazy\" decoding=\"async\" class=\"size-medium wp-image-30645\" src=\"https:\/\/www.camac-harps.com\/blog\/wp-content\/uploads\/sites\/27\/2023\/08\/pernel-francois-blog-photo-par-cohen-bruno3-300x200.jpg\" alt=\"La musique de harpe peut aider \u00e0 soutenir les patients lorsqu'ils sont confront\u00e9s \u00e0 la douleur ou \u00e0 l'anxi\u00e9t\u00e9. Photo par BRUNO COHEN\" width=\"300\" height=\"200\" srcset=\"https:\/\/www.camac-harps.com\/blog\/wp-content\/uploads\/sites\/27\/2023\/08\/pernel-francois-blog-photo-par-cohen-bruno3-300x200.jpg 300w, https:\/\/www.camac-harps.com\/blog\/wp-content\/uploads\/sites\/27\/2023\/08\/pernel-francois-blog-photo-par-cohen-bruno3-1024x684.jpg 1024w, https:\/\/www.camac-harps.com\/blog\/wp-content\/uploads\/sites\/27\/2023\/08\/pernel-francois-blog-photo-par-cohen-bruno3-768x513.jpg 768w, https:\/\/www.camac-harps.com\/blog\/wp-content\/uploads\/sites\/27\/2023\/08\/pernel-francois-blog-photo-par-cohen-bruno3-1536x1025.jpg 1536w, https:\/\/www.camac-harps.com\/blog\/wp-content\/uploads\/sites\/27\/2023\/08\/pernel-francois-blog-photo-par-cohen-bruno3-1000x668.jpg 1000w, https:\/\/www.camac-harps.com\/blog\/wp-content\/uploads\/sites\/27\/2023\/08\/pernel-francois-blog-photo-par-cohen-bruno3-800x534.jpg 800w, https:\/\/www.camac-harps.com\/blog\/wp-content\/uploads\/sites\/27\/2023\/08\/pernel-francois-blog-photo-par-cohen-bruno3-55x37.jpg 55w, https:\/\/www.camac-harps.com\/blog\/wp-content\/uploads\/sites\/27\/2023\/08\/pernel-francois-blog-photo-par-cohen-bruno3-250x167.jpg 250w, https:\/\/www.camac-harps.com\/blog\/wp-content\/uploads\/sites\/27\/2023\/08\/pernel-francois-blog-photo-par-cohen-bruno3.jpg 2000w\" sizes=\"auto, (max-width: 300px) 100vw, 300px\" \/><p class=\"wp-caption-text\">La musique de harpe peut aider \u00e0 soutenir les patients lorsqu&rsquo;ils sont confront\u00e9s \u00e0 la douleur ou \u00e0 l&rsquo;anxi\u00e9t\u00e9. Photo par BRUNO COHEN<\/p><\/div>\n<p class=\"p3\"><span class=\"s3\">\u00ab\u00a0<\/span><span class=\"s2\"><i>La musique est tr\u00e8s puissante. J&rsquo;ai d\u00e9j\u00e0 eu le sentiment tr\u00e8s fort que la harpe pouvait \u00ab\u00a0nettoyer\u00a0\u00bb des ambiances o\u00f9 les individus se sentaient abandonn\u00e9s, livr\u00e9s \u00e0 eux m\u00eame. C&rsquo;\u00e9tait en Angleterre dans un centre avec des personnes en situation de handicap. Nous avons jou\u00e9 en duo avec une harpiste anglaise et \u00e0 la fin, un immense silence a pris place. La salle de concert \u00e9tait pour ainsi dire \u2018lessiv\u00e9e, reboot\u00e9e\u2019.<\/i><\/span><\/p>\n<p class=\"p4\"><span class=\"s1\"><i>A l&rsquo;inverse, \u00e9tant tr\u00e8s (trop) sensible, il m&rsquo;arrive de quitter un lieu si la musique qui y est jou\u00e9e ou diffus\u00e9e touche des \u00e9nergies basses. C&rsquo;est mon ressenti. Oui, il y a des musiques qui \u00e9l\u00e8vent l&rsquo;esprit et apaisent, d&rsquo;autres qui nous font entrer en r\u00e9sonance avec la col\u00e8re, la violence, l&rsquo;\u00e9loignement de soi.<\/i><\/span><\/p>\n<p class=\"p4\"><span class=\"s1\"><i>Je pense que les harpistes qui vont lire cet article ont d\u00e9j\u00e0 v\u00e9cu ces moments-l\u00e0 [&#8230;] il y a ces moments o\u00f9 la harpe est juste un vecteur, un outil pour transformer le moment, les gens&#8230; le lieu.<\/i><\/span><\/p>\n<p class=\"p4\"><span class=\"s1\"><i>Je crois en la toute puissance de la musique quand on sort de l&rsquo;ego. Je veux dire par l\u00e0 : quand l&rsquo;interpr\u00e8te n&rsquo;est qu&rsquo;un passeur, et que son instrument n&rsquo;est qu&rsquo;un pr\u00e9texte pour communiquer avec l&rsquo;Autre. Peu importe la partition.\u201d<\/i><\/span><\/p>\n","protected":false},"excerpt":{"rendered":"<p>Tout harpiste freelance se doit d\u2019\u00eatre ouvert aux possibilit\u00e9s qui se pr\u00e9sentent\u00a0: c&rsquo;est l&rsquo;un des aspects magiques et impr\u00e9visibles de ce m\u00e9tier. Qui sera dans le public, quelles portes pourraient s\u2019ouvrir vers une nouvelle opportunit\u00e9 ? Un travail en am\u00e8ne un autre, et c&rsquo;est ainsi que les musiciens encha\u00eenent les engagements. Lorsque notre ami Fran\u00e7ois Pernel a jou\u00e9 au mariage du chirurgien Philippe Paillard, une remarque fortuite a donn\u00e9 lieu \u00e0 une performance inhabituelle&#8230;<\/p>\n","protected":false},"author":11708,"featured_media":30643,"comment_status":"open","ping_status":"open","sticky":false,"template":"","format":"standard","meta":{"_acf_changed":false,"footnotes":""},"categories":[533],"tags":[],"class_list":["post-30651","post","type-post","status-publish","format-standard","has-post-thumbnail","hentry","category-actualites"],"acf":[],"yoast_head":"<title>Fran\u00e7ois Pernel : Un concert hors du commun\u2026 - Camac Harps<\/title>\n<meta name=\"description\" content=\"When harpist Fran\u00e7ois\u00a0 played at the marriage of\u00a0 Surgeon, Dr. Philippe Paillard, a throwaway remark led to a most unusual performance\u2026\" \/>\n<meta name=\"robots\" content=\"index, follow, max-snippet:-1, max-image-preview:large, max-video-preview:-1\" \/>\n<link rel=\"canonical\" href=\"https:\/\/www.camac-harps.com\/blog\/fr\/actualites\/francois-pernel-un-concert-hors-du-commun\/\" \/>\n<meta property=\"og:locale\" content=\"fr_FR\" \/>\n<meta property=\"og:type\" content=\"article\" \/>\n<meta property=\"og:title\" content=\"Fran\u00e7ois Pernel : Un concert hors du commun\u2026 - Camac Harps\" \/>\n<meta property=\"og:description\" content=\"When harpist Fran\u00e7ois\u00a0 played at the marriage of\u00a0 Surgeon, Dr. Philippe Paillard, a throwaway remark led to a most unusual performance\u2026\" \/>\n<meta property=\"og:url\" content=\"https:\/\/www.camac-harps.com\/blog\/fr\/actualites\/francois-pernel-un-concert-hors-du-commun\/\" \/>\n<meta property=\"og:site_name\" content=\"Camac Harps\" \/>\n<meta property=\"article:published_time\" content=\"2023-08-22T11:42:16+00:00\" \/>\n<meta property=\"article:modified_time\" content=\"2023-09-13T11:19:03+00:00\" \/>\n<meta property=\"og:image\" content=\"https:\/\/www.camac-harps.com\/blog\/wp-content\/uploads\/sites\/27\/2023\/08\/pernel-francois-blog-photo-par-cohen-bruno.jpg\" \/>\n\t<meta property=\"og:image:width\" content=\"2000\" \/>\n\t<meta property=\"og:image:height\" content=\"1333\" \/>\n\t<meta property=\"og:image:type\" content=\"image\/jpeg\" \/>\n<meta name=\"author\" content=\"alexrider\" \/>\n<meta name=\"twitter:card\" content=\"summary_large_image\" \/>\n<meta name=\"twitter:label1\" content=\"\u00c9crit par\" \/>\n\t<meta name=\"twitter:data1\" content=\"alexrider\" \/>\n\t<meta name=\"twitter:label2\" content=\"Dur\u00e9e de lecture estim\u00e9e\" \/>\n\t<meta name=\"twitter:data2\" content=\"5 minutes\" \/>\n<script type=\"application\/ld+json\" class=\"yoast-schema-graph\">{\"@context\":\"https:\/\/schema.org\",\"@graph\":[{\"@type\":\"Article\",\"@id\":\"https:\/\/www.camac-harps.com\/blog\/fr\/actualites\/francois-pernel-un-concert-hors-du-commun\/#article\",\"isPartOf\":{\"@id\":\"https:\/\/www.camac-harps.com\/blog\/fr\/actualites\/francois-pernel-un-concert-hors-du-commun\/\"},\"author\":{\"name\":\"alexrider\",\"@id\":\"https:\/\/www.camac-harps.com\/blog\/fr\/#\/schema\/person\/063699c28ac65abcf6a1aacf1103cbda\"},\"headline\":\"Fran\u00e7ois Pernel : Un concert hors du commun\u2026\",\"datePublished\":\"2023-08-22T11:42:16+00:00\",\"dateModified\":\"2023-09-13T11:19:03+00:00\",\"mainEntityOfPage\":{\"@id\":\"https:\/\/www.camac-harps.com\/blog\/fr\/actualites\/francois-pernel-un-concert-hors-du-commun\/\"},\"wordCount\":1042,\"commentCount\":0,\"image\":{\"@id\":\"https:\/\/www.camac-harps.com\/blog\/fr\/actualites\/francois-pernel-un-concert-hors-du-commun\/#primaryimage\"},\"thumbnailUrl\":\"https:\/\/www.camac-harps.com\/blog\/wp-content\/uploads\/sites\/27\/2023\/08\/pernel-francois-blog-photo-par-cohen-bruno.jpg\",\"articleSection\":[\"Actualit\u00e9s\"],\"inLanguage\":\"fr-FR\",\"potentialAction\":[{\"@type\":\"CommentAction\",\"name\":\"Comment\",\"target\":[\"https:\/\/www.camac-harps.com\/blog\/fr\/actualites\/francois-pernel-un-concert-hors-du-commun\/#respond\"]}]},{\"@type\":\"WebPage\",\"@id\":\"https:\/\/www.camac-harps.com\/blog\/fr\/actualites\/francois-pernel-un-concert-hors-du-commun\/\",\"url\":\"https:\/\/www.camac-harps.com\/blog\/fr\/actualites\/francois-pernel-un-concert-hors-du-commun\/\",\"name\":\"Fran\u00e7ois Pernel : Un concert hors du commun\u2026 - Camac Harps\",\"isPartOf\":{\"@id\":\"https:\/\/www.camac-harps.com\/blog\/fr\/#website\"},\"primaryImageOfPage\":{\"@id\":\"https:\/\/www.camac-harps.com\/blog\/fr\/actualites\/francois-pernel-un-concert-hors-du-commun\/#primaryimage\"},\"image\":{\"@id\":\"https:\/\/www.camac-harps.com\/blog\/fr\/actualites\/francois-pernel-un-concert-hors-du-commun\/#primaryimage\"},\"thumbnailUrl\":\"https:\/\/www.camac-harps.com\/blog\/wp-content\/uploads\/sites\/27\/2023\/08\/pernel-francois-blog-photo-par-cohen-bruno.jpg\",\"datePublished\":\"2023-08-22T11:42:16+00:00\",\"dateModified\":\"2023-09-13T11:19:03+00:00\",\"author\":{\"@id\":\"https:\/\/www.camac-harps.com\/blog\/fr\/#\/schema\/person\/063699c28ac65abcf6a1aacf1103cbda\"},\"description\":\"When harpist Fran\u00e7ois\u00a0 played at the marriage of\u00a0 Surgeon, Dr. Philippe Paillard, a throwaway remark led to a most unusual performance\u2026\",\"breadcrumb\":{\"@id\":\"https:\/\/www.camac-harps.com\/blog\/fr\/actualites\/francois-pernel-un-concert-hors-du-commun\/#breadcrumb\"},\"inLanguage\":\"fr-FR\",\"potentialAction\":[{\"@type\":\"ReadAction\",\"target\":[\"https:\/\/www.camac-harps.com\/blog\/fr\/actualites\/francois-pernel-un-concert-hors-du-commun\/\"]}]},{\"@type\":\"ImageObject\",\"inLanguage\":\"fr-FR\",\"@id\":\"https:\/\/www.camac-harps.com\/blog\/fr\/actualites\/francois-pernel-un-concert-hors-du-commun\/#primaryimage\",\"url\":\"https:\/\/www.camac-harps.com\/blog\/wp-content\/uploads\/sites\/27\/2023\/08\/pernel-francois-blog-photo-par-cohen-bruno.jpg\",\"contentUrl\":\"https:\/\/www.camac-harps.com\/blog\/wp-content\/uploads\/sites\/27\/2023\/08\/pernel-francois-blog-photo-par-cohen-bruno.jpg\",\"width\":2000,\"height\":1333,\"caption\":\"Fran\u00e7ois Pernel performs on his Camac \u00c9gerie during Fran\u00e7ois Pernel joue sur son Camac \u00c9gerie pendant une op\u00e9ration chirurgicale. Photo BRUNO COHEN\"},{\"@type\":\"BreadcrumbList\",\"@id\":\"https:\/\/www.camac-harps.com\/blog\/fr\/actualites\/francois-pernel-un-concert-hors-du-commun\/#breadcrumb\",\"itemListElement\":[{\"@type\":\"ListItem\",\"position\":1,\"name\":\"Home\",\"item\":\"https:\/\/www.camac-harps.com\/blog\/fr\/\"},{\"@type\":\"ListItem\",\"position\":2,\"name\":\"Fran\u00e7ois Pernel : Un concert hors du commun\u2026\"}]},{\"@type\":\"WebSite\",\"@id\":\"https:\/\/www.camac-harps.com\/blog\/fr\/#website\",\"url\":\"https:\/\/www.camac-harps.com\/blog\/fr\/\",\"name\":\"Camac Harps\",\"description\":\"\",\"potentialAction\":[{\"@type\":\"SearchAction\",\"target\":{\"@type\":\"EntryPoint\",\"urlTemplate\":\"https:\/\/www.camac-harps.com\/blog\/fr\/?s={search_term_string}\"},\"query-input\":{\"@type\":\"PropertyValueSpecification\",\"valueRequired\":true,\"valueName\":\"search_term_string\"}}],\"inLanguage\":\"fr-FR\"},{\"@type\":\"Person\",\"@id\":\"https:\/\/www.camac-harps.com\/blog\/fr\/#\/schema\/person\/063699c28ac65abcf6a1aacf1103cbda\",\"name\":\"alexrider\",\"image\":{\"@type\":\"ImageObject\",\"inLanguage\":\"fr-FR\",\"@id\":\"https:\/\/www.camac-harps.com\/blog\/fr\/#\/schema\/person\/image\/\",\"url\":\"https:\/\/secure.gravatar.com\/avatar\/ec8c53fa633da4d324cd5b269a0d07c1b692e75ed685d57a578c7207127db0f4?s=96&d=mm&r=g\",\"contentUrl\":\"https:\/\/secure.gravatar.com\/avatar\/ec8c53fa633da4d324cd5b269a0d07c1b692e75ed685d57a578c7207127db0f4?s=96&d=mm&r=g\",\"caption\":\"alexrider\"},\"url\":\"https:\/\/www.camac-harps.com\/blog\/fr\/author\/alexrider\/\"}]}<\/script>","yoast_head_json":{"title":"Fran\u00e7ois Pernel : Un concert hors du commun\u2026 - Camac Harps","description":"When harpist Fran\u00e7ois\u00a0 played at the marriage of\u00a0 Surgeon, Dr. Philippe Paillard, a throwaway remark led to a most unusual performance\u2026","robots":{"index":"index","follow":"follow","max-snippet":"max-snippet:-1","max-image-preview":"max-image-preview:large","max-video-preview":"max-video-preview:-1"},"canonical":"https:\/\/www.camac-harps.com\/blog\/fr\/actualites\/francois-pernel-un-concert-hors-du-commun\/","og_locale":"fr_FR","og_type":"article","og_title":"Fran\u00e7ois Pernel : Un concert hors du commun\u2026 - Camac Harps","og_description":"When harpist Fran\u00e7ois\u00a0 played at the marriage of\u00a0 Surgeon, Dr. Philippe Paillard, a throwaway remark led to a most unusual performance\u2026","og_url":"https:\/\/www.camac-harps.com\/blog\/fr\/actualites\/francois-pernel-un-concert-hors-du-commun\/","og_site_name":"Camac Harps","article_published_time":"2023-08-22T11:42:16+00:00","article_modified_time":"2023-09-13T11:19:03+00:00","og_image":[{"width":2000,"height":1333,"url":"https:\/\/www.camac-harps.com\/blog\/wp-content\/uploads\/sites\/27\/2023\/08\/pernel-francois-blog-photo-par-cohen-bruno.jpg","type":"image\/jpeg"}],"author":"alexrider","twitter_card":"summary_large_image","twitter_misc":{"\u00c9crit par":"alexrider","Dur\u00e9e de lecture estim\u00e9e":"5 minutes"},"schema":{"@context":"https:\/\/schema.org","@graph":[{"@type":"Article","@id":"https:\/\/www.camac-harps.com\/blog\/fr\/actualites\/francois-pernel-un-concert-hors-du-commun\/#article","isPartOf":{"@id":"https:\/\/www.camac-harps.com\/blog\/fr\/actualites\/francois-pernel-un-concert-hors-du-commun\/"},"author":{"name":"alexrider","@id":"https:\/\/www.camac-harps.com\/blog\/fr\/#\/schema\/person\/063699c28ac65abcf6a1aacf1103cbda"},"headline":"Fran\u00e7ois Pernel : Un concert hors du commun\u2026","datePublished":"2023-08-22T11:42:16+00:00","dateModified":"2023-09-13T11:19:03+00:00","mainEntityOfPage":{"@id":"https:\/\/www.camac-harps.com\/blog\/fr\/actualites\/francois-pernel-un-concert-hors-du-commun\/"},"wordCount":1042,"commentCount":0,"image":{"@id":"https:\/\/www.camac-harps.com\/blog\/fr\/actualites\/francois-pernel-un-concert-hors-du-commun\/#primaryimage"},"thumbnailUrl":"https:\/\/www.camac-harps.com\/blog\/wp-content\/uploads\/sites\/27\/2023\/08\/pernel-francois-blog-photo-par-cohen-bruno.jpg","articleSection":["Actualit\u00e9s"],"inLanguage":"fr-FR","potentialAction":[{"@type":"CommentAction","name":"Comment","target":["https:\/\/www.camac-harps.com\/blog\/fr\/actualites\/francois-pernel-un-concert-hors-du-commun\/#respond"]}]},{"@type":"WebPage","@id":"https:\/\/www.camac-harps.com\/blog\/fr\/actualites\/francois-pernel-un-concert-hors-du-commun\/","url":"https:\/\/www.camac-harps.com\/blog\/fr\/actualites\/francois-pernel-un-concert-hors-du-commun\/","name":"Fran\u00e7ois Pernel : Un concert hors du commun\u2026 - Camac Harps","isPartOf":{"@id":"https:\/\/www.camac-harps.com\/blog\/fr\/#website"},"primaryImageOfPage":{"@id":"https:\/\/www.camac-harps.com\/blog\/fr\/actualites\/francois-pernel-un-concert-hors-du-commun\/#primaryimage"},"image":{"@id":"https:\/\/www.camac-harps.com\/blog\/fr\/actualites\/francois-pernel-un-concert-hors-du-commun\/#primaryimage"},"thumbnailUrl":"https:\/\/www.camac-harps.com\/blog\/wp-content\/uploads\/sites\/27\/2023\/08\/pernel-francois-blog-photo-par-cohen-bruno.jpg","datePublished":"2023-08-22T11:42:16+00:00","dateModified":"2023-09-13T11:19:03+00:00","author":{"@id":"https:\/\/www.camac-harps.com\/blog\/fr\/#\/schema\/person\/063699c28ac65abcf6a1aacf1103cbda"},"description":"When harpist Fran\u00e7ois\u00a0 played at the marriage of\u00a0 Surgeon, Dr. Philippe Paillard, a throwaway remark led to a most unusual performance\u2026","breadcrumb":{"@id":"https:\/\/www.camac-harps.com\/blog\/fr\/actualites\/francois-pernel-un-concert-hors-du-commun\/#breadcrumb"},"inLanguage":"fr-FR","potentialAction":[{"@type":"ReadAction","target":["https:\/\/www.camac-harps.com\/blog\/fr\/actualites\/francois-pernel-un-concert-hors-du-commun\/"]}]},{"@type":"ImageObject","inLanguage":"fr-FR","@id":"https:\/\/www.camac-harps.com\/blog\/fr\/actualites\/francois-pernel-un-concert-hors-du-commun\/#primaryimage","url":"https:\/\/www.camac-harps.com\/blog\/wp-content\/uploads\/sites\/27\/2023\/08\/pernel-francois-blog-photo-par-cohen-bruno.jpg","contentUrl":"https:\/\/www.camac-harps.com\/blog\/wp-content\/uploads\/sites\/27\/2023\/08\/pernel-francois-blog-photo-par-cohen-bruno.jpg","width":2000,"height":1333,"caption":"Fran\u00e7ois Pernel performs on his Camac \u00c9gerie during Fran\u00e7ois Pernel joue sur son Camac \u00c9gerie pendant une op\u00e9ration chirurgicale. Photo BRUNO COHEN"},{"@type":"BreadcrumbList","@id":"https:\/\/www.camac-harps.com\/blog\/fr\/actualites\/francois-pernel-un-concert-hors-du-commun\/#breadcrumb","itemListElement":[{"@type":"ListItem","position":1,"name":"Home","item":"https:\/\/www.camac-harps.com\/blog\/fr\/"},{"@type":"ListItem","position":2,"name":"Fran\u00e7ois Pernel : Un concert hors du commun\u2026"}]},{"@type":"WebSite","@id":"https:\/\/www.camac-harps.com\/blog\/fr\/#website","url":"https:\/\/www.camac-harps.com\/blog\/fr\/","name":"Camac Harps","description":"","potentialAction":[{"@type":"SearchAction","target":{"@type":"EntryPoint","urlTemplate":"https:\/\/www.camac-harps.com\/blog\/fr\/?s={search_term_string}"},"query-input":{"@type":"PropertyValueSpecification","valueRequired":true,"valueName":"search_term_string"}}],"inLanguage":"fr-FR"},{"@type":"Person","@id":"https:\/\/www.camac-harps.com\/blog\/fr\/#\/schema\/person\/063699c28ac65abcf6a1aacf1103cbda","name":"alexrider","image":{"@type":"ImageObject","inLanguage":"fr-FR","@id":"https:\/\/www.camac-harps.com\/blog\/fr\/#\/schema\/person\/image\/","url":"https:\/\/secure.gravatar.com\/avatar\/ec8c53fa633da4d324cd5b269a0d07c1b692e75ed685d57a578c7207127db0f4?s=96&d=mm&r=g","contentUrl":"https:\/\/secure.gravatar.com\/avatar\/ec8c53fa633da4d324cd5b269a0d07c1b692e75ed685d57a578c7207127db0f4?s=96&d=mm&r=g","caption":"alexrider"},"url":"https:\/\/www.camac-harps.com\/blog\/fr\/author\/alexrider\/"}]}},"_links":{"self":[{"href":"https:\/\/www.camac-harps.com\/blog\/fr\/wp-json\/wp\/v2\/posts\/30651","targetHints":{"allow":["GET"]}}],"collection":[{"href":"https:\/\/www.camac-harps.com\/blog\/fr\/wp-json\/wp\/v2\/posts"}],"about":[{"href":"https:\/\/www.camac-harps.com\/blog\/fr\/wp-json\/wp\/v2\/types\/post"}],"author":[{"embeddable":true,"href":"https:\/\/www.camac-harps.com\/blog\/fr\/wp-json\/wp\/v2\/users\/11708"}],"replies":[{"embeddable":true,"href":"https:\/\/www.camac-harps.com\/blog\/fr\/wp-json\/wp\/v2\/comments?post=30651"}],"version-history":[{"count":5,"href":"https:\/\/www.camac-harps.com\/blog\/fr\/wp-json\/wp\/v2\/posts\/30651\/revisions"}],"predecessor-version":[{"id":30662,"href":"https:\/\/www.camac-harps.com\/blog\/fr\/wp-json\/wp\/v2\/posts\/30651\/revisions\/30662"}],"wp:featuredmedia":[{"embeddable":true,"href":"https:\/\/www.camac-harps.com\/blog\/fr\/wp-json\/wp\/v2\/media\/30643"}],"wp:attachment":[{"href":"https:\/\/www.camac-harps.com\/blog\/fr\/wp-json\/wp\/v2\/media?parent=30651"}],"wp:term":[{"taxonomy":"category","embeddable":true,"href":"https:\/\/www.camac-harps.com\/blog\/fr\/wp-json\/wp\/v2\/categories?post=30651"},{"taxonomy":"post_tag","embeddable":true,"href":"https:\/\/www.camac-harps.com\/blog\/fr\/wp-json\/wp\/v2\/tags?post=30651"}],"curies":[{"name":"wp","href":"https:\/\/api.w.org\/{rel}","templated":true}]}}