{"id":30681,"date":"2023-09-13T12:59:25","date_gmt":"2023-09-13T10:59:25","guid":{"rendered":"https:\/\/www.camac-harps.com\/blog\/?p=30681"},"modified":"2023-09-18T11:35:01","modified_gmt":"2023-09-18T09:35:01","slug":"donner-vie-a-une-oeuvre-les-harpes-camac-au-concours-de-lard","status":"publish","type":"post","link":"https:\/\/www.camac-harps.com\/blog\/fr\/actualites\/donner-vie-a-une-oeuvre-les-harpes-camac-au-concours-de-lard\/","title":{"rendered":"Donner vie \u00e0 une oeuvre : les Harpes Camac au concours de l&rsquo;ARD"},"content":{"rendered":"<p class=\"p1\"><span class=\"s1\">Organis\u00e9 par la radio bavaroise (Bayerischer Rundfunk) et reconnu mondialement, le tr\u00e8s prestigieux concours international de musique de l&rsquo;ARD (<i>Internationaler Musikwettbewerb der ARD<\/i>) se d\u00e9roule une fois par an \u00e0 Munich. Ce concours est consacr\u00e9 par alternance \u00e0 de nombreuses cat\u00e9gories instrumentales. Cela signifie qu&rsquo;un concours de l&rsquo;ARD d\u00e9di\u00e9 \u00e0 la harpe est un \u00e9v\u00e9nement extr\u00eamement rare, dot\u00e9 de r\u00e9compenses telles que de nombreux engagements pour des concerts en Allemagne (ainsi que des prix en argent).<\/span><\/p>\n<p class=\"p1\"><span class=\"s1\">Nous avons eu le plaisir de mettre des harpes \u00e0 la disposition des participants de cette \u00e9dition, et nous \u00e9tions tr\u00e8s fiers de retrouver en demi-finale Marcel Cara et Alexandra Bidi, tous deux jouant sur des harpes Camac, Mlle Bidi \u00e9tant s\u00e9lectionn\u00e9e pour acc\u00e9der \u00e0 la finale. Apr\u00e8s une finale exceptionnelle, Alexandra s\u2019est vue attribuer le deuxi\u00e8me prix ex \u00e6quo. Nous avons r\u00e9ussi \u00e0 la rencontrer, malgr\u00e9 son agenda tr\u00e8s charg\u00e9 par les concerts des laur\u00e9ats et ses nombreuses obligations\u00a0!<\/span><\/p>\n<div id=\"attachment_30678\" class=\"wp-caption aligncenter\" style=\"width: 300px\"><img loading=\"lazy\" decoding=\"async\" class=\"size-medium wp-image-30678\" src=\"https:\/\/www.camac-harps.com\/blog\/wp-content\/uploads\/sites\/27\/2023\/09\/bidi-alexandrabrso-imw-ard-2023-cdanieldelang-e4a2461-300x212.jpg\" alt=\"Alexandra Bidi sur sc\u00e8ne avec le Sinfonieorchester des bayerischen rundfunks, Photo : Daniel Delang\" width=\"300\" height=\"212\" srcset=\"https:\/\/www.camac-harps.com\/blog\/wp-content\/uploads\/sites\/27\/2023\/09\/bidi-alexandrabrso-imw-ard-2023-cdanieldelang-e4a2461-300x212.jpg 300w, https:\/\/www.camac-harps.com\/blog\/wp-content\/uploads\/sites\/27\/2023\/09\/bidi-alexandrabrso-imw-ard-2023-cdanieldelang-e4a2461-1024x723.jpg 1024w, https:\/\/www.camac-harps.com\/blog\/wp-content\/uploads\/sites\/27\/2023\/09\/bidi-alexandrabrso-imw-ard-2023-cdanieldelang-e4a2461-768x542.jpg 768w, https:\/\/www.camac-harps.com\/blog\/wp-content\/uploads\/sites\/27\/2023\/09\/bidi-alexandrabrso-imw-ard-2023-cdanieldelang-e4a2461-1536x1084.jpg 1536w, https:\/\/www.camac-harps.com\/blog\/wp-content\/uploads\/sites\/27\/2023\/09\/bidi-alexandrabrso-imw-ard-2023-cdanieldelang-e4a2461-2048x1446.jpg 2048w, https:\/\/www.camac-harps.com\/blog\/wp-content\/uploads\/sites\/27\/2023\/09\/bidi-alexandrabrso-imw-ard-2023-cdanieldelang-e4a2461-1000x706.jpg 1000w, https:\/\/www.camac-harps.com\/blog\/wp-content\/uploads\/sites\/27\/2023\/09\/bidi-alexandrabrso-imw-ard-2023-cdanieldelang-e4a2461-800x565.jpg 800w, https:\/\/www.camac-harps.com\/blog\/wp-content\/uploads\/sites\/27\/2023\/09\/bidi-alexandrabrso-imw-ard-2023-cdanieldelang-e4a2461-55x39.jpg 55w, https:\/\/www.camac-harps.com\/blog\/wp-content\/uploads\/sites\/27\/2023\/09\/bidi-alexandrabrso-imw-ard-2023-cdanieldelang-e4a2461-250x176.jpg 250w, https:\/\/www.camac-harps.com\/blog\/wp-content\/uploads\/sites\/27\/2023\/09\/bidi-alexandrabrso-imw-ard-2023-cdanieldelang-e4a2461-150x105.jpg 150w\" sizes=\"auto, (max-width: 300px) 100vw, 300px\" \/><p class=\"wp-caption-text\">Alexandra Bidi sur sc\u00e8ne avec le Sinfonieorchester des bayerischen rundfunks, Photo : Daniel<\/p><\/div>\n<p class=\"p1\"><span class=\"s1\">Nous sommes tr\u00e8s admiratifs d\u2019Alexandra et de tous les concurrents qui ont pr\u00e9par\u00e9 ce programme hors du commun, mais comment pr\u00e9parer un programme de quatre tours aussi intense\u00a0?\u00a0<\/span><\/p>\n<p class=\"p1\"><span class=\"s1\"><i>\u00ab\u00a0Pour \u00eatre vraiment \u00e0 l\u2019aise dans mon programme, j\u2019ai commenc\u00e9 (tranquillement) \u00e0 monter quelques pi\u00e8ces d\u00e8s que le concours a \u00e9t\u00e9 annonc\u00e9 (c\u2019est-\u00e0-dire en novembre 2022). Puis, en janvier, avec mon professeur, nous avons mis en place un planning de travail jusqu\u2019au concours, en prenant en compte ce que j\u2019avais (ou n\u2019avais pas) travaill\u00e9. C\u2019\u00e9tait tr\u00e8s agr\u00e9able d\u2019avoir un cadre : je savais que si je le respectais, j\u2019allais \u00eatre pr\u00eate.\u00a0\u00bb<\/i><\/span><\/p>\n<p class=\"p1\"><span class=\"s1\">Il semblerait qu&rsquo;il faille non seulement organiser son travail, mais aussi son temps libre\u00a0?\u00a0<\/span><\/p>\n<div id=\"attachment_30670\" class=\"wp-caption alignright\" style=\"width: 212px\"><img loading=\"lazy\" decoding=\"async\" class=\"size-medium wp-image-30670\" src=\"https:\/\/www.camac-harps.com\/blog\/wp-content\/uploads\/sites\/27\/2023\/09\/bidi-alexandra-imw-ard-2023-cdanieldelang-e4a0005-212x300.jpg\" alt=\"Alexandra Bidi r\u00e9p\u00e8te en coulisses au HMT de Munich Photo : Daniel Delang\" width=\"212\" height=\"300\" srcset=\"https:\/\/www.camac-harps.com\/blog\/wp-content\/uploads\/sites\/27\/2023\/09\/bidi-alexandra-imw-ard-2023-cdanieldelang-e4a0005-212x300.jpg 212w, https:\/\/www.camac-harps.com\/blog\/wp-content\/uploads\/sites\/27\/2023\/09\/bidi-alexandra-imw-ard-2023-cdanieldelang-e4a0005-723x1024.jpg 723w, https:\/\/www.camac-harps.com\/blog\/wp-content\/uploads\/sites\/27\/2023\/09\/bidi-alexandra-imw-ard-2023-cdanieldelang-e4a0005-768x1088.jpg 768w, https:\/\/www.camac-harps.com\/blog\/wp-content\/uploads\/sites\/27\/2023\/09\/bidi-alexandra-imw-ard-2023-cdanieldelang-e4a0005-1084x1536.jpg 1084w, https:\/\/www.camac-harps.com\/blog\/wp-content\/uploads\/sites\/27\/2023\/09\/bidi-alexandra-imw-ard-2023-cdanieldelang-e4a0005-1446x2048.jpg 1446w, https:\/\/www.camac-harps.com\/blog\/wp-content\/uploads\/sites\/27\/2023\/09\/bidi-alexandra-imw-ard-2023-cdanieldelang-e4a0005-1000x1416.jpg 1000w, https:\/\/www.camac-harps.com\/blog\/wp-content\/uploads\/sites\/27\/2023\/09\/bidi-alexandra-imw-ard-2023-cdanieldelang-e4a0005-300x425.jpg 300w, https:\/\/www.camac-harps.com\/blog\/wp-content\/uploads\/sites\/27\/2023\/09\/bidi-alexandra-imw-ard-2023-cdanieldelang-e4a0005-800x1133.jpg 800w, https:\/\/www.camac-harps.com\/blog\/wp-content\/uploads\/sites\/27\/2023\/09\/bidi-alexandra-imw-ard-2023-cdanieldelang-e4a0005-55x78.jpg 55w, https:\/\/www.camac-harps.com\/blog\/wp-content\/uploads\/sites\/27\/2023\/09\/bidi-alexandra-imw-ard-2023-cdanieldelang-e4a0005-250x354.jpg 250w, https:\/\/www.camac-harps.com\/blog\/wp-content\/uploads\/sites\/27\/2023\/09\/bidi-alexandra-imw-ard-2023-cdanieldelang-e4a0005-scaled.jpg 1807w\" sizes=\"auto, (max-width: 212px) 100vw, 212px\" \/><p class=\"wp-caption-text\">Alexandra Bidi r\u00e9p\u00e8te en coulisses au HMT de Munich Photo : Daniel Delang<\/p><\/div>\n<p class=\"p1\"><span class=\"s1\"><i>\u00a0<\/i><\/span><span class=\"s1\"><i>\u00ab\u00a0Pendant le mois d\u2019ao\u00fbt, je me suis juste concentr\u00e9e sur le repos. Plus je me reposais, et plus j\u2019allais avoir de l\u2019\u00e9nergie de l\u2019inspiration pendant le concours ! C\u2019est surtout au moment de la demi-finale et de la finale que j\u2019ai ressenti \u00e0 quel point ce temps de repos avait \u00e9t\u00e9 pr\u00e9cieux. La pression monte, et les r\u00e9p\u00e9titions s\u2019encha\u00eenent : on a moins de temps pour travailler, et on commence \u00e0 \u00eatre fatigu\u00e9 des tours pr\u00e9c\u00e9dents.\u00a0\u00bb<\/i><\/span><\/p>\n<p class=\"p1\"><span class=\"s1\">La prestation \u00e9tincelante d&rsquo;Alexandra lui a permis de remporter un prix sp\u00e9cial pour la meilleure interpr\u00e9tation de l&rsquo;\u0153uvre impos\u00e9e d&rsquo;\u00c9dith Canat de Chizy; nous avons interrog\u00e9 Alexandra sur l&rsquo;importance d&rsquo;\u00e9tudier et de jouer de nouvelles \u0153uvres.\u00a0<\/span><\/p>\n<p class=\"p1\"><span class=\"s1\"><i>\u00ab\u00a0Interpr\u00e9ter de la musique contemporaine est, pour moi, au moins aussi important que d\u2019interpr\u00e9ter le reste du r\u00e9pertoire. C\u2019est m\u00eame un travail tr\u00e8s compl\u00e9mentaire. En g\u00e9n\u00e9ral, on conna\u00eet moins bien le langage des compositeurs contemporains [\u2026]\u00a0 Alors, on trouve d\u2019autres mani\u00e8res d\u2019analyser, puis d\u2019incarner une \u0153uvre. En retrouvant le r\u00e9pertoire classique, on a de nouveaux outils pour l\u2019aborder, et on grandit en tant qu\u2019interpr\u00e8te.<\/i>\u00a0\u00bb<\/span><\/p>\n<div id=\"attachment_30672\" class=\"wp-caption alignleft\" style=\"width: 300px\"><img loading=\"lazy\" decoding=\"async\" class=\"size-medium wp-image-30672\" src=\"https:\/\/www.camac-harps.com\/blog\/wp-content\/uploads\/sites\/27\/2023\/09\/bidi-alexandra-imw-ard-2023-cdanieldelang-e4a1672-300x212.jpg\" alt=\"Alexandra Bidi r\u00e9p\u00e8te avec le Sinfonieorchester des Bayerishcen Rundfunks Photo : Daniel Delang\" width=\"300\" height=\"212\" srcset=\"https:\/\/www.camac-harps.com\/blog\/wp-content\/uploads\/sites\/27\/2023\/09\/bidi-alexandra-imw-ard-2023-cdanieldelang-e4a1672-300x212.jpg 300w, https:\/\/www.camac-harps.com\/blog\/wp-content\/uploads\/sites\/27\/2023\/09\/bidi-alexandra-imw-ard-2023-cdanieldelang-e4a1672-1024x723.jpg 1024w, https:\/\/www.camac-harps.com\/blog\/wp-content\/uploads\/sites\/27\/2023\/09\/bidi-alexandra-imw-ard-2023-cdanieldelang-e4a1672-768x542.jpg 768w, https:\/\/www.camac-harps.com\/blog\/wp-content\/uploads\/sites\/27\/2023\/09\/bidi-alexandra-imw-ard-2023-cdanieldelang-e4a1672-1536x1084.jpg 1536w, https:\/\/www.camac-harps.com\/blog\/wp-content\/uploads\/sites\/27\/2023\/09\/bidi-alexandra-imw-ard-2023-cdanieldelang-e4a1672-2048x1446.jpg 2048w, https:\/\/www.camac-harps.com\/blog\/wp-content\/uploads\/sites\/27\/2023\/09\/bidi-alexandra-imw-ard-2023-cdanieldelang-e4a1672-1000x706.jpg 1000w, https:\/\/www.camac-harps.com\/blog\/wp-content\/uploads\/sites\/27\/2023\/09\/bidi-alexandra-imw-ard-2023-cdanieldelang-e4a1672-800x565.jpg 800w, https:\/\/www.camac-harps.com\/blog\/wp-content\/uploads\/sites\/27\/2023\/09\/bidi-alexandra-imw-ard-2023-cdanieldelang-e4a1672-55x39.jpg 55w, https:\/\/www.camac-harps.com\/blog\/wp-content\/uploads\/sites\/27\/2023\/09\/bidi-alexandra-imw-ard-2023-cdanieldelang-e4a1672-250x176.jpg 250w, https:\/\/www.camac-harps.com\/blog\/wp-content\/uploads\/sites\/27\/2023\/09\/bidi-alexandra-imw-ard-2023-cdanieldelang-e4a1672-150x105.jpg 150w\" sizes=\"auto, (max-width: 300px) 100vw, 300px\" \/><p class=\"wp-caption-text\">Alexandra Bidi r\u00e9p\u00e8te avec le Sinfonieorchester des Bayerishcen Rundfunks Photo : Daniel Delang<\/p><\/div>\n<p class=\"p1\"><span class=\"s1\">A propos de r\u00e9pertoire classique, il n&rsquo;est malheureusement pas rare que certains organisateurs soient r\u00e9ticents \u00e0 l\u2019id\u00e9e d\u2019un concerto pour harpe, mais lorsqu&rsquo;on \u00e9coute le Boieldieu interpr\u00e9t\u00e9 par une soliste exceptionnelle accompagn\u00e9e par l\u2019un des meilleurs orchestres du monde (l&rsquo;orchestre de la Radio bavaroise), on le red\u00e9couvre avec une oreille neuve\u00a0!<\/span><\/p>\n<p class=\"p1\"><span class=\"s1\">Apr\u00e8s avoir surmont\u00e9 les difficult\u00e9s des trois premiers tours, atteindre la finale et l&rsquo;opportunit\u00e9 de collaborer avec un tel orchestre ont d\u00fb \u00eatre tr\u00e8s gratifiantes?\u00a0<\/span><\/p>\n<p class=\"p1\"><span class=\"s1\"><i>\u00ab\u00a0La joie pure. J\u2019ai pu partager une v\u00e9ritable complicit\u00e9 avec l\u2019orchestre et le chef. \u00c0 chaque fois que j\u2019avais une nouvelle id\u00e9e musicale, le chef et tous les musiciens \u00e9taient avec moi, et inversement. Tout \u00e7a, sans effort. En fait, j\u2019avais l\u2019impression de donner autant d\u2019\u00e9nergie que j\u2019en recevais.\u00a0\u00bb<\/i><\/span><\/p>\n<p class=\"p1\"><span class=\"s1\">Cette fougue naturelle \u00e9tait \u00e9vidente pour tous ceux qui ont assist\u00e9 \u00e0 la prestation d&rsquo;Alexandra.<\/span><\/p>\n<p class=\"p1\"><span class=\"s1\">En ce qui nous concerne, nous \u00e9tions particuli\u00e8rement fiers de mettre l\u2019une de nos harpes grand concert \u00e0 la disposition d&rsquo;Alexandra, qui l\u2019a accompagn\u00e9e tout au long des quatre \u00e9preuves du concours.\u00a0<\/span><\/p>\n<p class=\"p1\"><span class=\"s1\"><i>\u00ab\u00a0J\u2019ai pu d\u00e9couvrir une magnifique Art Nouveau. C\u2019est un mod\u00e8le que je connais car nous avons une Art Nouveau au Conservatoire. J\u2019ai m\u00eame eu la chance d\u2019enregistrer mon CD avec cet instrument.\u00a0<\/i><\/span><\/p>\n<p class=\"p1\"><span class=\"s1\"><i>Lorsque j\u2019ai essay\u00e9 la harpe du concours, j\u2019ai tout de suite \u00e9t\u00e9 frapp\u00e9e par sa sensibilit\u00e9. Je pouvais changer la couleur du son avec beaucoup de facilit\u00e9. [\u2026] C\u2019\u00e9tait donc pour moi un vrai plaisir de conclure le concours avec cette harpe.\u00a0\u00bb<\/i><\/span><\/p>\n<p class=\"p1\"><span class=\"s1\">Et quelle est la prochaine \u00e9tape pour la jeune artiste ?\u00a0<\/span><\/p>\n<p class=\"p1\"><span class=\"s1\"><i>\u00ab\u00a0Dormir, d\u00e9j\u00e0 !\u00a0 Blague \u00e0 part, j\u2019ai h\u00e2te de faire ma rentr\u00e9e en Master au Conservatoire (CNSM de Paris), de commencer mon m\u00e9moire, et de reprendre les cours \u00e0 l\u2019Universit\u00e9 (pour une L3 de math\u00e9matiques appliqu\u00e9es) !\u00a0\u00bb<\/i><\/span><\/p>\n<div id=\"attachment_30676\" class=\"wp-caption alignright\" style=\"width: 212px\"><img loading=\"lazy\" decoding=\"async\" class=\"size-medium wp-image-30676\" src=\"https:\/\/www.camac-harps.com\/blog\/wp-content\/uploads\/sites\/27\/2023\/09\/bidi-alexandra-imw-ard-2023-cdanieldelang-e4a0034-212x300.jpg\" alt=\"Alexandra Bidi avec Camac Art Nouveau (noire) photo : Daniel Delang\" width=\"212\" height=\"300\" srcset=\"https:\/\/www.camac-harps.com\/blog\/wp-content\/uploads\/sites\/27\/2023\/09\/bidi-alexandra-imw-ard-2023-cdanieldelang-e4a0034-212x300.jpg 212w, https:\/\/www.camac-harps.com\/blog\/wp-content\/uploads\/sites\/27\/2023\/09\/bidi-alexandra-imw-ard-2023-cdanieldelang-e4a0034-723x1024.jpg 723w, https:\/\/www.camac-harps.com\/blog\/wp-content\/uploads\/sites\/27\/2023\/09\/bidi-alexandra-imw-ard-2023-cdanieldelang-e4a0034-768x1088.jpg 768w, https:\/\/www.camac-harps.com\/blog\/wp-content\/uploads\/sites\/27\/2023\/09\/bidi-alexandra-imw-ard-2023-cdanieldelang-e4a0034-1084x1536.jpg 1084w, https:\/\/www.camac-harps.com\/blog\/wp-content\/uploads\/sites\/27\/2023\/09\/bidi-alexandra-imw-ard-2023-cdanieldelang-e4a0034-1446x2048.jpg 1446w, https:\/\/www.camac-harps.com\/blog\/wp-content\/uploads\/sites\/27\/2023\/09\/bidi-alexandra-imw-ard-2023-cdanieldelang-e4a0034-1000x1417.jpg 1000w, https:\/\/www.camac-harps.com\/blog\/wp-content\/uploads\/sites\/27\/2023\/09\/bidi-alexandra-imw-ard-2023-cdanieldelang-e4a0034-300x425.jpg 300w, https:\/\/www.camac-harps.com\/blog\/wp-content\/uploads\/sites\/27\/2023\/09\/bidi-alexandra-imw-ard-2023-cdanieldelang-e4a0034-800x1133.jpg 800w, https:\/\/www.camac-harps.com\/blog\/wp-content\/uploads\/sites\/27\/2023\/09\/bidi-alexandra-imw-ard-2023-cdanieldelang-e4a0034-55x78.jpg 55w, https:\/\/www.camac-harps.com\/blog\/wp-content\/uploads\/sites\/27\/2023\/09\/bidi-alexandra-imw-ard-2023-cdanieldelang-e4a0034-250x354.jpg 250w, https:\/\/www.camac-harps.com\/blog\/wp-content\/uploads\/sites\/27\/2023\/09\/bidi-alexandra-imw-ard-2023-cdanieldelang-e4a0034-scaled.jpg 1807w\" sizes=\"auto, (max-width: 212px) 100vw, 212px\" \/><p class=\"wp-caption-text\">Alexandra Bidi avec Camac Art Nouveau (noire) photo : Daniel Delang<\/p><\/div>\n<p class=\"p1\"><span class=\"s1\">Toutes nos f\u00e9licitations, Alexandra, pour votre talent exceptionnel, et nous nous r\u00e9jouissons de vous \u00e9couter r\u00e9guli\u00e8rement sur sc\u00e8ne\u00a0!<\/span><\/p>\n<p>Note: il est tout \u00e0 fait appropri\u00e9 de mentionner les autres fantastiques laur\u00e9ats : Tjasha Gafner (1er prix et prix du public) et Lea Maria L\u00f6ffler (2e prix ex-aequo).<\/p>\n","protected":false},"excerpt":{"rendered":"<p>Organis\u00e9 par la radio bavaroise (Bayerischer Rundfunk) et reconnu mondialement, le tr\u00e8s prestigieux concours international de musique de l&rsquo;ARD (Internationaler Musikwettbewerb der ARD) se d\u00e9roule une fois par an \u00e0 Munich. Apr\u00e8s une finale exceptionnelle, Alexandra s\u2019est vue attribuer le deuxi\u00e8me prix ex \u00e6quo. Nous avons r\u00e9ussi \u00e0 la rencontrer, malgr\u00e9 son agenda tr\u00e8s charg\u00e9 par les concerts des laur\u00e9ats et ses nombreuses obligations.<\/p>\n","protected":false},"author":11708,"featured_media":30678,"comment_status":"open","ping_status":"open","sticky":false,"template":"","format":"standard","meta":{"_acf_changed":false,"footnotes":""},"categories":[533],"tags":[],"class_list":["post-30681","post","type-post","status-publish","format-standard","has-post-thumbnail","hentry","category-actualites"],"acf":[],"yoast_head":"<title>Donner vie \u00e0 une oeuvre : les Harpes Camac au concours de l&#039;ARD - Camac Harps<\/title>\n<meta name=\"robots\" content=\"index, follow, max-snippet:-1, max-image-preview:large, max-video-preview:-1\" \/>\n<link rel=\"canonical\" href=\"https:\/\/www.camac-harps.com\/blog\/fr\/actualites\/donner-vie-a-une-oeuvre-les-harpes-camac-au-concours-de-lard\/\" \/>\n<meta property=\"og:locale\" content=\"fr_FR\" \/>\n<meta property=\"og:type\" content=\"article\" \/>\n<meta property=\"og:title\" content=\"Donner vie \u00e0 une oeuvre : les Harpes Camac au concours de l&#039;ARD - Camac Harps\" \/>\n<meta property=\"og:description\" content=\"Organis\u00e9 par la radio bavaroise (Bayerischer Rundfunk) et reconnu mondialement, le tr\u00e8s prestigieux concours international de musique de l&#039;ARD (Internationaler Musikwettbewerb der ARD) se d\u00e9roule une fois par an \u00e0 Munich. Apr\u00e8s une finale exceptionnelle, Alexandra s\u2019est vue attribuer le deuxi\u00e8me prix ex \u00e6quo. Nous avons r\u00e9ussi \u00e0 la rencontrer, malgr\u00e9 son agenda tr\u00e8s charg\u00e9 par les concerts des laur\u00e9ats et ses nombreuses obligations.\" \/>\n<meta property=\"og:url\" content=\"https:\/\/www.camac-harps.com\/blog\/fr\/actualites\/donner-vie-a-une-oeuvre-les-harpes-camac-au-concours-de-lard\/\" \/>\n<meta property=\"og:site_name\" content=\"Camac Harps\" \/>\n<meta property=\"article:published_time\" content=\"2023-09-13T10:59:25+00:00\" \/>\n<meta property=\"article:modified_time\" content=\"2023-09-18T09:35:01+00:00\" \/>\n<meta property=\"og:image\" content=\"https:\/\/www.camac-harps.com\/blog\/wp-content\/uploads\/sites\/27\/2023\/09\/bidi-alexandrabrso-imw-ard-2023-cdanieldelang-e4a2461-scaled.jpg\" \/>\n\t<meta property=\"og:image:width\" content=\"2560\" \/>\n\t<meta property=\"og:image:height\" content=\"1807\" \/>\n\t<meta property=\"og:image:type\" content=\"image\/jpeg\" \/>\n<meta name=\"author\" content=\"alexrider\" \/>\n<meta name=\"twitter:card\" content=\"summary_large_image\" \/>\n<meta name=\"twitter:label1\" content=\"\u00c9crit par\" \/>\n\t<meta name=\"twitter:data1\" content=\"alexrider\" \/>\n\t<meta name=\"twitter:label2\" content=\"Dur\u00e9e de lecture estim\u00e9e\" \/>\n\t<meta name=\"twitter:data2\" content=\"5 minutes\" \/>\n<script type=\"application\/ld+json\" class=\"yoast-schema-graph\">{\"@context\":\"https:\/\/schema.org\",\"@graph\":[{\"@type\":\"Article\",\"@id\":\"https:\/\/www.camac-harps.com\/blog\/fr\/actualites\/donner-vie-a-une-oeuvre-les-harpes-camac-au-concours-de-lard\/#article\",\"isPartOf\":{\"@id\":\"https:\/\/www.camac-harps.com\/blog\/fr\/actualites\/donner-vie-a-une-oeuvre-les-harpes-camac-au-concours-de-lard\/\"},\"author\":{\"name\":\"alexrider\",\"@id\":\"https:\/\/www.camac-harps.com\/blog\/fr\/#\/schema\/person\/063699c28ac65abcf6a1aacf1103cbda\"},\"headline\":\"Donner vie \u00e0 une oeuvre : les Harpes Camac au concours de l&rsquo;ARD\",\"datePublished\":\"2023-09-13T10:59:25+00:00\",\"dateModified\":\"2023-09-18T09:35:01+00:00\",\"mainEntityOfPage\":{\"@id\":\"https:\/\/www.camac-harps.com\/blog\/fr\/actualites\/donner-vie-a-une-oeuvre-les-harpes-camac-au-concours-de-lard\/\"},\"wordCount\":989,\"commentCount\":0,\"image\":{\"@id\":\"https:\/\/www.camac-harps.com\/blog\/fr\/actualites\/donner-vie-a-une-oeuvre-les-harpes-camac-au-concours-de-lard\/#primaryimage\"},\"thumbnailUrl\":\"https:\/\/www.camac-harps.com\/blog\/wp-content\/uploads\/sites\/27\/2023\/09\/bidi-alexandrabrso-imw-ard-2023-cdanieldelang-e4a2461-scaled.jpg\",\"articleSection\":[\"Actualit\u00e9s\"],\"inLanguage\":\"fr-FR\",\"potentialAction\":[{\"@type\":\"CommentAction\",\"name\":\"Comment\",\"target\":[\"https:\/\/www.camac-harps.com\/blog\/fr\/actualites\/donner-vie-a-une-oeuvre-les-harpes-camac-au-concours-de-lard\/#respond\"]}]},{\"@type\":\"WebPage\",\"@id\":\"https:\/\/www.camac-harps.com\/blog\/fr\/actualites\/donner-vie-a-une-oeuvre-les-harpes-camac-au-concours-de-lard\/\",\"url\":\"https:\/\/www.camac-harps.com\/blog\/fr\/actualites\/donner-vie-a-une-oeuvre-les-harpes-camac-au-concours-de-lard\/\",\"name\":\"Donner vie \u00e0 une oeuvre : les Harpes Camac au concours de l'ARD - Camac Harps\",\"isPartOf\":{\"@id\":\"https:\/\/www.camac-harps.com\/blog\/fr\/#website\"},\"primaryImageOfPage\":{\"@id\":\"https:\/\/www.camac-harps.com\/blog\/fr\/actualites\/donner-vie-a-une-oeuvre-les-harpes-camac-au-concours-de-lard\/#primaryimage\"},\"image\":{\"@id\":\"https:\/\/www.camac-harps.com\/blog\/fr\/actualites\/donner-vie-a-une-oeuvre-les-harpes-camac-au-concours-de-lard\/#primaryimage\"},\"thumbnailUrl\":\"https:\/\/www.camac-harps.com\/blog\/wp-content\/uploads\/sites\/27\/2023\/09\/bidi-alexandrabrso-imw-ard-2023-cdanieldelang-e4a2461-scaled.jpg\",\"datePublished\":\"2023-09-13T10:59:25+00:00\",\"dateModified\":\"2023-09-18T09:35:01+00:00\",\"author\":{\"@id\":\"https:\/\/www.camac-harps.com\/blog\/fr\/#\/schema\/person\/063699c28ac65abcf6a1aacf1103cbda\"},\"breadcrumb\":{\"@id\":\"https:\/\/www.camac-harps.com\/blog\/fr\/actualites\/donner-vie-a-une-oeuvre-les-harpes-camac-au-concours-de-lard\/#breadcrumb\"},\"inLanguage\":\"fr-FR\",\"potentialAction\":[{\"@type\":\"ReadAction\",\"target\":[\"https:\/\/www.camac-harps.com\/blog\/fr\/actualites\/donner-vie-a-une-oeuvre-les-harpes-camac-au-concours-de-lard\/\"]}]},{\"@type\":\"ImageObject\",\"inLanguage\":\"fr-FR\",\"@id\":\"https:\/\/www.camac-harps.com\/blog\/fr\/actualites\/donner-vie-a-une-oeuvre-les-harpes-camac-au-concours-de-lard\/#primaryimage\",\"url\":\"https:\/\/www.camac-harps.com\/blog\/wp-content\/uploads\/sites\/27\/2023\/09\/bidi-alexandrabrso-imw-ard-2023-cdanieldelang-e4a2461-scaled.jpg\",\"contentUrl\":\"https:\/\/www.camac-harps.com\/blog\/wp-content\/uploads\/sites\/27\/2023\/09\/bidi-alexandrabrso-imw-ard-2023-cdanieldelang-e4a2461-scaled.jpg\",\"width\":2560,\"height\":1807,\"caption\":\"Alexandra Bidi sur sc\u00e8ne avec le Sinfonieorchester des bayerischen rundfunks, Photo : Daniel Delang\"},{\"@type\":\"BreadcrumbList\",\"@id\":\"https:\/\/www.camac-harps.com\/blog\/fr\/actualites\/donner-vie-a-une-oeuvre-les-harpes-camac-au-concours-de-lard\/#breadcrumb\",\"itemListElement\":[{\"@type\":\"ListItem\",\"position\":1,\"name\":\"Home\",\"item\":\"https:\/\/www.camac-harps.com\/blog\/fr\/\"},{\"@type\":\"ListItem\",\"position\":2,\"name\":\"Donner vie \u00e0 une oeuvre : les Harpes Camac au concours de l&#8217;ARD\"}]},{\"@type\":\"WebSite\",\"@id\":\"https:\/\/www.camac-harps.com\/blog\/fr\/#website\",\"url\":\"https:\/\/www.camac-harps.com\/blog\/fr\/\",\"name\":\"Camac Harps\",\"description\":\"\",\"potentialAction\":[{\"@type\":\"SearchAction\",\"target\":{\"@type\":\"EntryPoint\",\"urlTemplate\":\"https:\/\/www.camac-harps.com\/blog\/fr\/?s={search_term_string}\"},\"query-input\":{\"@type\":\"PropertyValueSpecification\",\"valueRequired\":true,\"valueName\":\"search_term_string\"}}],\"inLanguage\":\"fr-FR\"},{\"@type\":\"Person\",\"@id\":\"https:\/\/www.camac-harps.com\/blog\/fr\/#\/schema\/person\/063699c28ac65abcf6a1aacf1103cbda\",\"name\":\"alexrider\",\"image\":{\"@type\":\"ImageObject\",\"inLanguage\":\"fr-FR\",\"@id\":\"https:\/\/www.camac-harps.com\/blog\/fr\/#\/schema\/person\/image\/\",\"url\":\"https:\/\/secure.gravatar.com\/avatar\/ec8c53fa633da4d324cd5b269a0d07c1b692e75ed685d57a578c7207127db0f4?s=96&d=mm&r=g\",\"contentUrl\":\"https:\/\/secure.gravatar.com\/avatar\/ec8c53fa633da4d324cd5b269a0d07c1b692e75ed685d57a578c7207127db0f4?s=96&d=mm&r=g\",\"caption\":\"alexrider\"},\"url\":\"https:\/\/www.camac-harps.com\/blog\/fr\/author\/alexrider\/\"}]}<\/script>","yoast_head_json":{"title":"Donner vie \u00e0 une oeuvre : les Harpes Camac au concours de l'ARD - Camac Harps","robots":{"index":"index","follow":"follow","max-snippet":"max-snippet:-1","max-image-preview":"max-image-preview:large","max-video-preview":"max-video-preview:-1"},"canonical":"https:\/\/www.camac-harps.com\/blog\/fr\/actualites\/donner-vie-a-une-oeuvre-les-harpes-camac-au-concours-de-lard\/","og_locale":"fr_FR","og_type":"article","og_title":"Donner vie \u00e0 une oeuvre : les Harpes Camac au concours de l'ARD - Camac Harps","og_description":"Organis\u00e9 par la radio bavaroise (Bayerischer Rundfunk) et reconnu mondialement, le tr\u00e8s prestigieux concours international de musique de l'ARD (Internationaler Musikwettbewerb der ARD) se d\u00e9roule une fois par an \u00e0 Munich. Apr\u00e8s une finale exceptionnelle, Alexandra s\u2019est vue attribuer le deuxi\u00e8me prix ex \u00e6quo. Nous avons r\u00e9ussi \u00e0 la rencontrer, malgr\u00e9 son agenda tr\u00e8s charg\u00e9 par les concerts des laur\u00e9ats et ses nombreuses obligations.","og_url":"https:\/\/www.camac-harps.com\/blog\/fr\/actualites\/donner-vie-a-une-oeuvre-les-harpes-camac-au-concours-de-lard\/","og_site_name":"Camac Harps","article_published_time":"2023-09-13T10:59:25+00:00","article_modified_time":"2023-09-18T09:35:01+00:00","og_image":[{"width":2560,"height":1807,"url":"https:\/\/www.camac-harps.com\/blog\/wp-content\/uploads\/sites\/27\/2023\/09\/bidi-alexandrabrso-imw-ard-2023-cdanieldelang-e4a2461-scaled.jpg","type":"image\/jpeg"}],"author":"alexrider","twitter_card":"summary_large_image","twitter_misc":{"\u00c9crit par":"alexrider","Dur\u00e9e de lecture estim\u00e9e":"5 minutes"},"schema":{"@context":"https:\/\/schema.org","@graph":[{"@type":"Article","@id":"https:\/\/www.camac-harps.com\/blog\/fr\/actualites\/donner-vie-a-une-oeuvre-les-harpes-camac-au-concours-de-lard\/#article","isPartOf":{"@id":"https:\/\/www.camac-harps.com\/blog\/fr\/actualites\/donner-vie-a-une-oeuvre-les-harpes-camac-au-concours-de-lard\/"},"author":{"name":"alexrider","@id":"https:\/\/www.camac-harps.com\/blog\/fr\/#\/schema\/person\/063699c28ac65abcf6a1aacf1103cbda"},"headline":"Donner vie \u00e0 une oeuvre : les Harpes Camac au concours de l&rsquo;ARD","datePublished":"2023-09-13T10:59:25+00:00","dateModified":"2023-09-18T09:35:01+00:00","mainEntityOfPage":{"@id":"https:\/\/www.camac-harps.com\/blog\/fr\/actualites\/donner-vie-a-une-oeuvre-les-harpes-camac-au-concours-de-lard\/"},"wordCount":989,"commentCount":0,"image":{"@id":"https:\/\/www.camac-harps.com\/blog\/fr\/actualites\/donner-vie-a-une-oeuvre-les-harpes-camac-au-concours-de-lard\/#primaryimage"},"thumbnailUrl":"https:\/\/www.camac-harps.com\/blog\/wp-content\/uploads\/sites\/27\/2023\/09\/bidi-alexandrabrso-imw-ard-2023-cdanieldelang-e4a2461-scaled.jpg","articleSection":["Actualit\u00e9s"],"inLanguage":"fr-FR","potentialAction":[{"@type":"CommentAction","name":"Comment","target":["https:\/\/www.camac-harps.com\/blog\/fr\/actualites\/donner-vie-a-une-oeuvre-les-harpes-camac-au-concours-de-lard\/#respond"]}]},{"@type":"WebPage","@id":"https:\/\/www.camac-harps.com\/blog\/fr\/actualites\/donner-vie-a-une-oeuvre-les-harpes-camac-au-concours-de-lard\/","url":"https:\/\/www.camac-harps.com\/blog\/fr\/actualites\/donner-vie-a-une-oeuvre-les-harpes-camac-au-concours-de-lard\/","name":"Donner vie \u00e0 une oeuvre : les Harpes Camac au concours de l'ARD - Camac Harps","isPartOf":{"@id":"https:\/\/www.camac-harps.com\/blog\/fr\/#website"},"primaryImageOfPage":{"@id":"https:\/\/www.camac-harps.com\/blog\/fr\/actualites\/donner-vie-a-une-oeuvre-les-harpes-camac-au-concours-de-lard\/#primaryimage"},"image":{"@id":"https:\/\/www.camac-harps.com\/blog\/fr\/actualites\/donner-vie-a-une-oeuvre-les-harpes-camac-au-concours-de-lard\/#primaryimage"},"thumbnailUrl":"https:\/\/www.camac-harps.com\/blog\/wp-content\/uploads\/sites\/27\/2023\/09\/bidi-alexandrabrso-imw-ard-2023-cdanieldelang-e4a2461-scaled.jpg","datePublished":"2023-09-13T10:59:25+00:00","dateModified":"2023-09-18T09:35:01+00:00","author":{"@id":"https:\/\/www.camac-harps.com\/blog\/fr\/#\/schema\/person\/063699c28ac65abcf6a1aacf1103cbda"},"breadcrumb":{"@id":"https:\/\/www.camac-harps.com\/blog\/fr\/actualites\/donner-vie-a-une-oeuvre-les-harpes-camac-au-concours-de-lard\/#breadcrumb"},"inLanguage":"fr-FR","potentialAction":[{"@type":"ReadAction","target":["https:\/\/www.camac-harps.com\/blog\/fr\/actualites\/donner-vie-a-une-oeuvre-les-harpes-camac-au-concours-de-lard\/"]}]},{"@type":"ImageObject","inLanguage":"fr-FR","@id":"https:\/\/www.camac-harps.com\/blog\/fr\/actualites\/donner-vie-a-une-oeuvre-les-harpes-camac-au-concours-de-lard\/#primaryimage","url":"https:\/\/www.camac-harps.com\/blog\/wp-content\/uploads\/sites\/27\/2023\/09\/bidi-alexandrabrso-imw-ard-2023-cdanieldelang-e4a2461-scaled.jpg","contentUrl":"https:\/\/www.camac-harps.com\/blog\/wp-content\/uploads\/sites\/27\/2023\/09\/bidi-alexandrabrso-imw-ard-2023-cdanieldelang-e4a2461-scaled.jpg","width":2560,"height":1807,"caption":"Alexandra Bidi sur sc\u00e8ne avec le Sinfonieorchester des bayerischen rundfunks, Photo : Daniel Delang"},{"@type":"BreadcrumbList","@id":"https:\/\/www.camac-harps.com\/blog\/fr\/actualites\/donner-vie-a-une-oeuvre-les-harpes-camac-au-concours-de-lard\/#breadcrumb","itemListElement":[{"@type":"ListItem","position":1,"name":"Home","item":"https:\/\/www.camac-harps.com\/blog\/fr\/"},{"@type":"ListItem","position":2,"name":"Donner vie \u00e0 une oeuvre : les Harpes Camac au concours de l&#8217;ARD"}]},{"@type":"WebSite","@id":"https:\/\/www.camac-harps.com\/blog\/fr\/#website","url":"https:\/\/www.camac-harps.com\/blog\/fr\/","name":"Camac Harps","description":"","potentialAction":[{"@type":"SearchAction","target":{"@type":"EntryPoint","urlTemplate":"https:\/\/www.camac-harps.com\/blog\/fr\/?s={search_term_string}"},"query-input":{"@type":"PropertyValueSpecification","valueRequired":true,"valueName":"search_term_string"}}],"inLanguage":"fr-FR"},{"@type":"Person","@id":"https:\/\/www.camac-harps.com\/blog\/fr\/#\/schema\/person\/063699c28ac65abcf6a1aacf1103cbda","name":"alexrider","image":{"@type":"ImageObject","inLanguage":"fr-FR","@id":"https:\/\/www.camac-harps.com\/blog\/fr\/#\/schema\/person\/image\/","url":"https:\/\/secure.gravatar.com\/avatar\/ec8c53fa633da4d324cd5b269a0d07c1b692e75ed685d57a578c7207127db0f4?s=96&d=mm&r=g","contentUrl":"https:\/\/secure.gravatar.com\/avatar\/ec8c53fa633da4d324cd5b269a0d07c1b692e75ed685d57a578c7207127db0f4?s=96&d=mm&r=g","caption":"alexrider"},"url":"https:\/\/www.camac-harps.com\/blog\/fr\/author\/alexrider\/"}]}},"_links":{"self":[{"href":"https:\/\/www.camac-harps.com\/blog\/fr\/wp-json\/wp\/v2\/posts\/30681","targetHints":{"allow":["GET"]}}],"collection":[{"href":"https:\/\/www.camac-harps.com\/blog\/fr\/wp-json\/wp\/v2\/posts"}],"about":[{"href":"https:\/\/www.camac-harps.com\/blog\/fr\/wp-json\/wp\/v2\/types\/post"}],"author":[{"embeddable":true,"href":"https:\/\/www.camac-harps.com\/blog\/fr\/wp-json\/wp\/v2\/users\/11708"}],"replies":[{"embeddable":true,"href":"https:\/\/www.camac-harps.com\/blog\/fr\/wp-json\/wp\/v2\/comments?post=30681"}],"version-history":[{"count":5,"href":"https:\/\/www.camac-harps.com\/blog\/fr\/wp-json\/wp\/v2\/posts\/30681\/revisions"}],"predecessor-version":[{"id":30717,"href":"https:\/\/www.camac-harps.com\/blog\/fr\/wp-json\/wp\/v2\/posts\/30681\/revisions\/30717"}],"wp:featuredmedia":[{"embeddable":true,"href":"https:\/\/www.camac-harps.com\/blog\/fr\/wp-json\/wp\/v2\/media\/30678"}],"wp:attachment":[{"href":"https:\/\/www.camac-harps.com\/blog\/fr\/wp-json\/wp\/v2\/media?parent=30681"}],"wp:term":[{"taxonomy":"category","embeddable":true,"href":"https:\/\/www.camac-harps.com\/blog\/fr\/wp-json\/wp\/v2\/categories?post=30681"},{"taxonomy":"post_tag","embeddable":true,"href":"https:\/\/www.camac-harps.com\/blog\/fr\/wp-json\/wp\/v2\/tags?post=30681"}],"curies":[{"name":"wp","href":"https:\/\/api.w.org\/{rel}","templated":true}]}}