{"id":31713,"date":"2025-04-04T10:00:40","date_gmt":"2025-04-04T08:00:40","guid":{"rendered":"https:\/\/www.camac-harps.com\/blog\/?p=31713"},"modified":"2025-04-04T10:02:56","modified_gmt":"2025-04-04T08:02:56","slug":"harpes-aux-max-revient","status":"publish","type":"post","link":"https:\/\/www.camac-harps.com\/blog\/fr\/actualites\/harpes-aux-max-revient\/","title":{"rendered":"Harpes aux Max revient pour sa quatri\u00e8me \u00e9dition!"},"content":{"rendered":"<p><span style=\"font-weight: 400;\"><a href=\"https:\/\/www.harpesaumax.com\/\">Harpes au Max<\/a> revient pour sa quatri\u00e8me \u00e9dition, organis\u00e9e par la Communaut\u00e9 de communes du Pays d\u2019Ancenis, la ville d\u2019Ancenis-Saint-G\u00e9r\u00e9on, et les Harpes Camac! <\/span><span style=\"font-weight: 400;\">Pendant quatre jours intenses en mai, les sonorit\u00e9s des harpes r\u00e9sonneront dans toutes les villes du territoire. Ce festival c\u00e9l\u00e8bre non seulement la harpe, mais t\u00e9moigne \u00e9galement de notre volont\u00e9 de participer \u00e0 la vie de la communaut\u00e9 locale.<\/span><\/p>\n<p>&nbsp;<\/p>\n<p><img loading=\"lazy\" decoding=\"async\" class=\"aligncenter wp-image-31718 size-large\" src=\"https:\/\/www.camac-harps.com\/blog\/wp-content\/uploads\/sites\/27\/2025\/04\/maq1a-bannieres-banniere-cahier-de-tendance---harpes-au-max-2025-2-1024x320.jpg\" alt=\"\" width=\"1024\" height=\"320\" srcset=\"https:\/\/www.camac-harps.com\/blog\/wp-content\/uploads\/sites\/27\/2025\/04\/maq1a-bannieres-banniere-cahier-de-tendance---harpes-au-max-2025-2-1024x320.jpg 1024w, https:\/\/www.camac-harps.com\/blog\/wp-content\/uploads\/sites\/27\/2025\/04\/maq1a-bannieres-banniere-cahier-de-tendance---harpes-au-max-2025-2-300x94.jpg 300w, https:\/\/www.camac-harps.com\/blog\/wp-content\/uploads\/sites\/27\/2025\/04\/maq1a-bannieres-banniere-cahier-de-tendance---harpes-au-max-2025-2-768x240.jpg 768w, https:\/\/www.camac-harps.com\/blog\/wp-content\/uploads\/sites\/27\/2025\/04\/maq1a-bannieres-banniere-cahier-de-tendance---harpes-au-max-2025-2-1536x480.jpg 1536w, https:\/\/www.camac-harps.com\/blog\/wp-content\/uploads\/sites\/27\/2025\/04\/maq1a-bannieres-banniere-cahier-de-tendance---harpes-au-max-2025-2-2048x640.jpg 2048w, https:\/\/www.camac-harps.com\/blog\/wp-content\/uploads\/sites\/27\/2025\/04\/maq1a-bannieres-banniere-cahier-de-tendance---harpes-au-max-2025-2-2000x625.jpg 2000w, https:\/\/www.camac-harps.com\/blog\/wp-content\/uploads\/sites\/27\/2025\/04\/maq1a-bannieres-banniere-cahier-de-tendance---harpes-au-max-2025-2-1000x313.jpg 1000w, https:\/\/www.camac-harps.com\/blog\/wp-content\/uploads\/sites\/27\/2025\/04\/maq1a-bannieres-banniere-cahier-de-tendance---harpes-au-max-2025-2-500x156.jpg 500w, https:\/\/www.camac-harps.com\/blog\/wp-content\/uploads\/sites\/27\/2025\/04\/maq1a-bannieres-banniere-cahier-de-tendance---harpes-au-max-2025-2-800x250.jpg 800w, https:\/\/www.camac-harps.com\/blog\/wp-content\/uploads\/sites\/27\/2025\/04\/maq1a-bannieres-banniere-cahier-de-tendance---harpes-au-max-2025-2-55x17.jpg 55w, https:\/\/www.camac-harps.com\/blog\/wp-content\/uploads\/sites\/27\/2025\/04\/maq1a-bannieres-banniere-cahier-de-tendance---harpes-au-max-2025-2-250x78.jpg 250w\" sizes=\"auto, (max-width: 1024px) 100vw, 1024px\" \/><\/p>\n<p><span style=\"font-weight: 400;\">Nous nous occupons de fournir les harpes, tandis que le pr\u00e9sident de Camac, Jakez Fran\u00e7ois, est en charge de la direction artistique. Cependant, le v\u00e9ritable c\u0153ur du festival r\u00e9side dans la COMPA (Communaut\u00e9 de communes du pays d\u2019Ancenis) et la ville d&rsquo;Ancenis-Saint-G\u00e9r\u00e9on. Alors que Harpes au Max se pr\u00e9pare pour sa quatri\u00e8me \u00e9dition, ils continuent de nous impressionner par leur passion grandissante pour la harpe. Toute la population se mobilise pour un long week-end grandiose, avec en premi\u00e8re ligne notre \u00e9quipe de collaborateurs, nos artisans et leurs familles, notre r\u00e9seau de distributeurs et, surtout, le public solidaire et enthousiaste.<\/span><\/p>\n<p><span style=\"font-weight: 400;\">Des artistes de renom, issus de la musique classique, du jazz, des traditions celtiques et des harpes de diverses cultures du monde entier, offriront un programme vari\u00e9 et passionnant. De nombreux concerts gratuits contribuent \u00e9galement \u00e0 cr\u00e9er une atmosph\u00e8re de partage pour tous les participants. Il est \u00e9galement possible de participer \u00e0 l&rsquo;une des attractions les plus originales du festival, le \u00ab\u00a0parcours myst\u00e8re\u00a0\u00bb, o\u00f9 les participants montent \u00e0 bord d&rsquo;un bus pour se rendre \u00e0 deux concerts surprises dans des lieux insolites du Pays d&rsquo;Ancenis.<\/span><\/p>\n<p><img loading=\"lazy\" decoding=\"async\" class=\"aligncenter wp-image-31716 size-large\" src=\"https:\/\/www.camac-harps.com\/blog\/wp-content\/uploads\/sites\/27\/2025\/04\/maq1a-bannieres-banniere-cahier-de-tendance---harpes-au-max-2025-1-1024x320.jpg\" alt=\"\" width=\"1024\" height=\"320\" srcset=\"https:\/\/www.camac-harps.com\/blog\/wp-content\/uploads\/sites\/27\/2025\/04\/maq1a-bannieres-banniere-cahier-de-tendance---harpes-au-max-2025-1-1024x320.jpg 1024w, https:\/\/www.camac-harps.com\/blog\/wp-content\/uploads\/sites\/27\/2025\/04\/maq1a-bannieres-banniere-cahier-de-tendance---harpes-au-max-2025-1-300x94.jpg 300w, https:\/\/www.camac-harps.com\/blog\/wp-content\/uploads\/sites\/27\/2025\/04\/maq1a-bannieres-banniere-cahier-de-tendance---harpes-au-max-2025-1-768x240.jpg 768w, https:\/\/www.camac-harps.com\/blog\/wp-content\/uploads\/sites\/27\/2025\/04\/maq1a-bannieres-banniere-cahier-de-tendance---harpes-au-max-2025-1-1536x480.jpg 1536w, https:\/\/www.camac-harps.com\/blog\/wp-content\/uploads\/sites\/27\/2025\/04\/maq1a-bannieres-banniere-cahier-de-tendance---harpes-au-max-2025-1-2048x640.jpg 2048w, https:\/\/www.camac-harps.com\/blog\/wp-content\/uploads\/sites\/27\/2025\/04\/maq1a-bannieres-banniere-cahier-de-tendance---harpes-au-max-2025-1-2000x625.jpg 2000w, https:\/\/www.camac-harps.com\/blog\/wp-content\/uploads\/sites\/27\/2025\/04\/maq1a-bannieres-banniere-cahier-de-tendance---harpes-au-max-2025-1-1000x313.jpg 1000w, https:\/\/www.camac-harps.com\/blog\/wp-content\/uploads\/sites\/27\/2025\/04\/maq1a-bannieres-banniere-cahier-de-tendance---harpes-au-max-2025-1-500x156.jpg 500w, https:\/\/www.camac-harps.com\/blog\/wp-content\/uploads\/sites\/27\/2025\/04\/maq1a-bannieres-banniere-cahier-de-tendance---harpes-au-max-2025-1-800x250.jpg 800w, https:\/\/www.camac-harps.com\/blog\/wp-content\/uploads\/sites\/27\/2025\/04\/maq1a-bannieres-banniere-cahier-de-tendance---harpes-au-max-2025-1-55x17.jpg 55w, https:\/\/www.camac-harps.com\/blog\/wp-content\/uploads\/sites\/27\/2025\/04\/maq1a-bannieres-banniere-cahier-de-tendance---harpes-au-max-2025-1-250x78.jpg 250w\" sizes=\"auto, (max-width: 1024px) 100vw, 1024px\" \/><\/p>\n<p>&nbsp;<\/p>\n<p><span style=\"font-weight: 400;\">Quels concerts prometteurs nous attendent en 2025 ? Il y en a trop pour tous les \u00e9num\u00e9rer !<\/span><\/p>\n<p><span style=\"font-weight: 400;\">Parmi les concerts particuli\u00e8rement attendus, citons le duo original du chanteur Stephan Eicher avec la harpiste Noemi Von Felten, les \u00e9minents harpistes jazz Evelyn Huber et Rossitsza Milevska, de la musique du V\u00e9n\u00e9zu\u00e9la avec Raider Alvarado (harpe llanera) et son trio Horizontes. Des propositions \u00e0 la crois\u00e9e des cultures sont \u00e9galement au programme : harpe et danse (avec Sarah Vaumourin), harpe et cirque (Compagnie Telenn Phare accompagn\u00e9e par Christine et Thierry Lutz), harpe et lecture (Fran\u00e7ois Pernel et Philippe Math\u00e9). C\u00f4t\u00e9 classique, le sextuor de harpes Hexarpa, la nouvelle g\u00e9n\u00e9ration de harpistes fran\u00e7aises en r\u00e9cital (Rose Pollier-Meliodon et Anne-Sophie Pannetier) et une soir\u00e9e incontournable \u00e0 travers les contes plus ou moins sombres avec Sylvain Blassel, le Quatuor Liger et le com\u00e9dien Philippe Math\u00e9<\/span><\/p>\n<p><span style=\"font-weight: 400;\">Il y en aura vraiment pour tous les go\u00fbts, et c&rsquo;est une occasion \u00e0 ne pas manquer de se retrouver autour de la harpe au c\u0153ur de notre ch\u00e8re r\u00e9gion.<\/span><\/p>\n<p><a href=\"https:\/\/www.harpesaumax.com\/mes-sorties\/agenda-des-sorties\/festival-harpes-au-max\/billetterie\"><span style=\"font-weight: 400;\">La billetterie ouvre le 8 avril 2025.<\/span><\/a><\/p>\n<p>&nbsp;<\/p>\n<p>&nbsp;<\/p>\n","protected":false},"excerpt":{"rendered":"<p>Harpes au Max revient pour sa quatri\u00e8me \u00e9dition, organis\u00e9e par la Communaut\u00e9 de communes du Pays d\u2019Ancenis, la ville d\u2019Ancenis-Saint-G\u00e9r\u00e9on, et les Harpes Camac !<\/p>\n","protected":false},"author":11708,"featured_media":31710,"comment_status":"open","ping_status":"open","sticky":false,"template":"","format":"standard","meta":{"_acf_changed":false,"footnotes":""},"categories":[533],"tags":[],"class_list":["post-31713","post","type-post","status-publish","format-standard","has-post-thumbnail","hentry","category-actualites"],"acf":[],"yoast_head":"<title>Harpes aux Max revient pour sa quatri\u00e8me \u00e9dition! - Camac Harps<\/title>\n<meta name=\"description\" content=\"Harpes au Max revient, organis\u00e9e par la Communaut\u00e9 de communes du Pays d\u2019Ancenis, la ville d\u2019Ancenis-Saint-G\u00e9r\u00e9on, et les Harpes Camac !\" \/>\n<meta name=\"robots\" content=\"index, follow, max-snippet:-1, max-image-preview:large, max-video-preview:-1\" \/>\n<link rel=\"canonical\" href=\"https:\/\/www.camac-harps.com\/blog\/fr\/actualites\/harpes-aux-max-revient\/\" \/>\n<meta property=\"og:locale\" content=\"fr_FR\" \/>\n<meta property=\"og:type\" content=\"article\" \/>\n<meta property=\"og:title\" content=\"Harpes aux Max revient pour sa quatri\u00e8me \u00e9dition! - Camac Harps\" \/>\n<meta property=\"og:description\" content=\"Harpes au Max revient, organis\u00e9e par la Communaut\u00e9 de communes du Pays d\u2019Ancenis, la ville d\u2019Ancenis-Saint-G\u00e9r\u00e9on, et les Harpes Camac !\" \/>\n<meta property=\"og:url\" content=\"https:\/\/www.camac-harps.com\/blog\/fr\/actualites\/harpes-aux-max-revient\/\" \/>\n<meta property=\"og:site_name\" content=\"Camac Harps\" \/>\n<meta property=\"article:published_time\" content=\"2025-04-04T08:00:40+00:00\" \/>\n<meta property=\"article:modified_time\" content=\"2025-04-04T08:02:56+00:00\" \/>\n<meta property=\"og:image\" content=\"https:\/\/www.camac-harps.com\/blog\/wp-content\/uploads\/sites\/27\/2025\/04\/harpes-aux-max.jpeg\" \/>\n\t<meta property=\"og:image:width\" content=\"669\" \/>\n\t<meta property=\"og:image:height\" content=\"563\" \/>\n\t<meta property=\"og:image:type\" content=\"image\/jpeg\" \/>\n<meta name=\"author\" content=\"alexrider\" \/>\n<meta name=\"twitter:card\" content=\"summary_large_image\" \/>\n<meta name=\"twitter:label1\" content=\"\u00c9crit par\" \/>\n\t<meta name=\"twitter:data1\" content=\"alexrider\" \/>\n\t<meta name=\"twitter:label2\" content=\"Dur\u00e9e de lecture estim\u00e9e\" \/>\n\t<meta name=\"twitter:data2\" content=\"3 minutes\" \/>\n<script type=\"application\/ld+json\" class=\"yoast-schema-graph\">{\"@context\":\"https:\/\/schema.org\",\"@graph\":[{\"@type\":\"Article\",\"@id\":\"https:\/\/www.camac-harps.com\/blog\/fr\/actualites\/harpes-aux-max-revient\/#article\",\"isPartOf\":{\"@id\":\"https:\/\/www.camac-harps.com\/blog\/fr\/actualites\/harpes-aux-max-revient\/\"},\"author\":{\"name\":\"alexrider\",\"@id\":\"https:\/\/www.camac-harps.com\/blog\/fr\/#\/schema\/person\/063699c28ac65abcf6a1aacf1103cbda\"},\"headline\":\"Harpes aux Max revient pour sa quatri\u00e8me \u00e9dition!\",\"datePublished\":\"2025-04-04T08:00:40+00:00\",\"dateModified\":\"2025-04-04T08:02:56+00:00\",\"mainEntityOfPage\":{\"@id\":\"https:\/\/www.camac-harps.com\/blog\/fr\/actualites\/harpes-aux-max-revient\/\"},\"wordCount\":474,\"commentCount\":0,\"image\":{\"@id\":\"https:\/\/www.camac-harps.com\/blog\/fr\/actualites\/harpes-aux-max-revient\/#primaryimage\"},\"thumbnailUrl\":\"https:\/\/www.camac-harps.com\/blog\/wp-content\/uploads\/sites\/27\/2025\/04\/harpes-aux-max.jpeg\",\"articleSection\":[\"Actualit\u00e9s\"],\"inLanguage\":\"fr-FR\",\"potentialAction\":[{\"@type\":\"CommentAction\",\"name\":\"Comment\",\"target\":[\"https:\/\/www.camac-harps.com\/blog\/fr\/actualites\/harpes-aux-max-revient\/#respond\"]}]},{\"@type\":\"WebPage\",\"@id\":\"https:\/\/www.camac-harps.com\/blog\/fr\/actualites\/harpes-aux-max-revient\/\",\"url\":\"https:\/\/www.camac-harps.com\/blog\/fr\/actualites\/harpes-aux-max-revient\/\",\"name\":\"Harpes aux Max revient pour sa quatri\u00e8me \u00e9dition! - Camac Harps\",\"isPartOf\":{\"@id\":\"https:\/\/www.camac-harps.com\/blog\/fr\/#website\"},\"primaryImageOfPage\":{\"@id\":\"https:\/\/www.camac-harps.com\/blog\/fr\/actualites\/harpes-aux-max-revient\/#primaryimage\"},\"image\":{\"@id\":\"https:\/\/www.camac-harps.com\/blog\/fr\/actualites\/harpes-aux-max-revient\/#primaryimage\"},\"thumbnailUrl\":\"https:\/\/www.camac-harps.com\/blog\/wp-content\/uploads\/sites\/27\/2025\/04\/harpes-aux-max.jpeg\",\"datePublished\":\"2025-04-04T08:00:40+00:00\",\"dateModified\":\"2025-04-04T08:02:56+00:00\",\"author\":{\"@id\":\"https:\/\/www.camac-harps.com\/blog\/fr\/#\/schema\/person\/063699c28ac65abcf6a1aacf1103cbda\"},\"description\":\"Harpes au Max revient, organis\u00e9e par la Communaut\u00e9 de communes du Pays d\u2019Ancenis, la ville d\u2019Ancenis-Saint-G\u00e9r\u00e9on, et les Harpes Camac !\",\"breadcrumb\":{\"@id\":\"https:\/\/www.camac-harps.com\/blog\/fr\/actualites\/harpes-aux-max-revient\/#breadcrumb\"},\"inLanguage\":\"fr-FR\",\"potentialAction\":[{\"@type\":\"ReadAction\",\"target\":[\"https:\/\/www.camac-harps.com\/blog\/fr\/actualites\/harpes-aux-max-revient\/\"]}]},{\"@type\":\"ImageObject\",\"inLanguage\":\"fr-FR\",\"@id\":\"https:\/\/www.camac-harps.com\/blog\/fr\/actualites\/harpes-aux-max-revient\/#primaryimage\",\"url\":\"https:\/\/www.camac-harps.com\/blog\/wp-content\/uploads\/sites\/27\/2025\/04\/harpes-aux-max.jpeg\",\"contentUrl\":\"https:\/\/www.camac-harps.com\/blog\/wp-content\/uploads\/sites\/27\/2025\/04\/harpes-aux-max.jpeg\",\"width\":669,\"height\":563,\"caption\":\"Harpes aux Max 2025\"},{\"@type\":\"BreadcrumbList\",\"@id\":\"https:\/\/www.camac-harps.com\/blog\/fr\/actualites\/harpes-aux-max-revient\/#breadcrumb\",\"itemListElement\":[{\"@type\":\"ListItem\",\"position\":1,\"name\":\"Home\",\"item\":\"https:\/\/www.camac-harps.com\/blog\/fr\/\"},{\"@type\":\"ListItem\",\"position\":2,\"name\":\"Harpes aux Max revient pour sa quatri\u00e8me \u00e9dition!\"}]},{\"@type\":\"WebSite\",\"@id\":\"https:\/\/www.camac-harps.com\/blog\/fr\/#website\",\"url\":\"https:\/\/www.camac-harps.com\/blog\/fr\/\",\"name\":\"Camac Harps\",\"description\":\"\",\"potentialAction\":[{\"@type\":\"SearchAction\",\"target\":{\"@type\":\"EntryPoint\",\"urlTemplate\":\"https:\/\/www.camac-harps.com\/blog\/fr\/?s={search_term_string}\"},\"query-input\":{\"@type\":\"PropertyValueSpecification\",\"valueRequired\":true,\"valueName\":\"search_term_string\"}}],\"inLanguage\":\"fr-FR\"},{\"@type\":\"Person\",\"@id\":\"https:\/\/www.camac-harps.com\/blog\/fr\/#\/schema\/person\/063699c28ac65abcf6a1aacf1103cbda\",\"name\":\"alexrider\",\"image\":{\"@type\":\"ImageObject\",\"inLanguage\":\"fr-FR\",\"@id\":\"https:\/\/www.camac-harps.com\/blog\/fr\/#\/schema\/person\/image\/\",\"url\":\"https:\/\/secure.gravatar.com\/avatar\/ec8c53fa633da4d324cd5b269a0d07c1b692e75ed685d57a578c7207127db0f4?s=96&d=mm&r=g\",\"contentUrl\":\"https:\/\/secure.gravatar.com\/avatar\/ec8c53fa633da4d324cd5b269a0d07c1b692e75ed685d57a578c7207127db0f4?s=96&d=mm&r=g\",\"caption\":\"alexrider\"},\"url\":\"https:\/\/www.camac-harps.com\/blog\/fr\/author\/alexrider\/\"}]}<\/script>","yoast_head_json":{"title":"Harpes aux Max revient pour sa quatri\u00e8me \u00e9dition! - Camac Harps","description":"Harpes au Max revient, organis\u00e9e par la Communaut\u00e9 de communes du Pays d\u2019Ancenis, la ville d\u2019Ancenis-Saint-G\u00e9r\u00e9on, et les Harpes Camac !","robots":{"index":"index","follow":"follow","max-snippet":"max-snippet:-1","max-image-preview":"max-image-preview:large","max-video-preview":"max-video-preview:-1"},"canonical":"https:\/\/www.camac-harps.com\/blog\/fr\/actualites\/harpes-aux-max-revient\/","og_locale":"fr_FR","og_type":"article","og_title":"Harpes aux Max revient pour sa quatri\u00e8me \u00e9dition! - Camac Harps","og_description":"Harpes au Max revient, organis\u00e9e par la Communaut\u00e9 de communes du Pays d\u2019Ancenis, la ville d\u2019Ancenis-Saint-G\u00e9r\u00e9on, et les Harpes Camac !","og_url":"https:\/\/www.camac-harps.com\/blog\/fr\/actualites\/harpes-aux-max-revient\/","og_site_name":"Camac Harps","article_published_time":"2025-04-04T08:00:40+00:00","article_modified_time":"2025-04-04T08:02:56+00:00","og_image":[{"width":669,"height":563,"url":"https:\/\/www.camac-harps.com\/blog\/wp-content\/uploads\/sites\/27\/2025\/04\/harpes-aux-max.jpeg","type":"image\/jpeg"}],"author":"alexrider","twitter_card":"summary_large_image","twitter_misc":{"\u00c9crit par":"alexrider","Dur\u00e9e de lecture estim\u00e9e":"3 minutes"},"schema":{"@context":"https:\/\/schema.org","@graph":[{"@type":"Article","@id":"https:\/\/www.camac-harps.com\/blog\/fr\/actualites\/harpes-aux-max-revient\/#article","isPartOf":{"@id":"https:\/\/www.camac-harps.com\/blog\/fr\/actualites\/harpes-aux-max-revient\/"},"author":{"name":"alexrider","@id":"https:\/\/www.camac-harps.com\/blog\/fr\/#\/schema\/person\/063699c28ac65abcf6a1aacf1103cbda"},"headline":"Harpes aux Max revient pour sa quatri\u00e8me \u00e9dition!","datePublished":"2025-04-04T08:00:40+00:00","dateModified":"2025-04-04T08:02:56+00:00","mainEntityOfPage":{"@id":"https:\/\/www.camac-harps.com\/blog\/fr\/actualites\/harpes-aux-max-revient\/"},"wordCount":474,"commentCount":0,"image":{"@id":"https:\/\/www.camac-harps.com\/blog\/fr\/actualites\/harpes-aux-max-revient\/#primaryimage"},"thumbnailUrl":"https:\/\/www.camac-harps.com\/blog\/wp-content\/uploads\/sites\/27\/2025\/04\/harpes-aux-max.jpeg","articleSection":["Actualit\u00e9s"],"inLanguage":"fr-FR","potentialAction":[{"@type":"CommentAction","name":"Comment","target":["https:\/\/www.camac-harps.com\/blog\/fr\/actualites\/harpes-aux-max-revient\/#respond"]}]},{"@type":"WebPage","@id":"https:\/\/www.camac-harps.com\/blog\/fr\/actualites\/harpes-aux-max-revient\/","url":"https:\/\/www.camac-harps.com\/blog\/fr\/actualites\/harpes-aux-max-revient\/","name":"Harpes aux Max revient pour sa quatri\u00e8me \u00e9dition! - Camac Harps","isPartOf":{"@id":"https:\/\/www.camac-harps.com\/blog\/fr\/#website"},"primaryImageOfPage":{"@id":"https:\/\/www.camac-harps.com\/blog\/fr\/actualites\/harpes-aux-max-revient\/#primaryimage"},"image":{"@id":"https:\/\/www.camac-harps.com\/blog\/fr\/actualites\/harpes-aux-max-revient\/#primaryimage"},"thumbnailUrl":"https:\/\/www.camac-harps.com\/blog\/wp-content\/uploads\/sites\/27\/2025\/04\/harpes-aux-max.jpeg","datePublished":"2025-04-04T08:00:40+00:00","dateModified":"2025-04-04T08:02:56+00:00","author":{"@id":"https:\/\/www.camac-harps.com\/blog\/fr\/#\/schema\/person\/063699c28ac65abcf6a1aacf1103cbda"},"description":"Harpes au Max revient, organis\u00e9e par la Communaut\u00e9 de communes du Pays d\u2019Ancenis, la ville d\u2019Ancenis-Saint-G\u00e9r\u00e9on, et les Harpes Camac !","breadcrumb":{"@id":"https:\/\/www.camac-harps.com\/blog\/fr\/actualites\/harpes-aux-max-revient\/#breadcrumb"},"inLanguage":"fr-FR","potentialAction":[{"@type":"ReadAction","target":["https:\/\/www.camac-harps.com\/blog\/fr\/actualites\/harpes-aux-max-revient\/"]}]},{"@type":"ImageObject","inLanguage":"fr-FR","@id":"https:\/\/www.camac-harps.com\/blog\/fr\/actualites\/harpes-aux-max-revient\/#primaryimage","url":"https:\/\/www.camac-harps.com\/blog\/wp-content\/uploads\/sites\/27\/2025\/04\/harpes-aux-max.jpeg","contentUrl":"https:\/\/www.camac-harps.com\/blog\/wp-content\/uploads\/sites\/27\/2025\/04\/harpes-aux-max.jpeg","width":669,"height":563,"caption":"Harpes aux Max 2025"},{"@type":"BreadcrumbList","@id":"https:\/\/www.camac-harps.com\/blog\/fr\/actualites\/harpes-aux-max-revient\/#breadcrumb","itemListElement":[{"@type":"ListItem","position":1,"name":"Home","item":"https:\/\/www.camac-harps.com\/blog\/fr\/"},{"@type":"ListItem","position":2,"name":"Harpes aux Max revient pour sa quatri\u00e8me \u00e9dition!"}]},{"@type":"WebSite","@id":"https:\/\/www.camac-harps.com\/blog\/fr\/#website","url":"https:\/\/www.camac-harps.com\/blog\/fr\/","name":"Camac Harps","description":"","potentialAction":[{"@type":"SearchAction","target":{"@type":"EntryPoint","urlTemplate":"https:\/\/www.camac-harps.com\/blog\/fr\/?s={search_term_string}"},"query-input":{"@type":"PropertyValueSpecification","valueRequired":true,"valueName":"search_term_string"}}],"inLanguage":"fr-FR"},{"@type":"Person","@id":"https:\/\/www.camac-harps.com\/blog\/fr\/#\/schema\/person\/063699c28ac65abcf6a1aacf1103cbda","name":"alexrider","image":{"@type":"ImageObject","inLanguage":"fr-FR","@id":"https:\/\/www.camac-harps.com\/blog\/fr\/#\/schema\/person\/image\/","url":"https:\/\/secure.gravatar.com\/avatar\/ec8c53fa633da4d324cd5b269a0d07c1b692e75ed685d57a578c7207127db0f4?s=96&d=mm&r=g","contentUrl":"https:\/\/secure.gravatar.com\/avatar\/ec8c53fa633da4d324cd5b269a0d07c1b692e75ed685d57a578c7207127db0f4?s=96&d=mm&r=g","caption":"alexrider"},"url":"https:\/\/www.camac-harps.com\/blog\/fr\/author\/alexrider\/"}]}},"_links":{"self":[{"href":"https:\/\/www.camac-harps.com\/blog\/fr\/wp-json\/wp\/v2\/posts\/31713","targetHints":{"allow":["GET"]}}],"collection":[{"href":"https:\/\/www.camac-harps.com\/blog\/fr\/wp-json\/wp\/v2\/posts"}],"about":[{"href":"https:\/\/www.camac-harps.com\/blog\/fr\/wp-json\/wp\/v2\/types\/post"}],"author":[{"embeddable":true,"href":"https:\/\/www.camac-harps.com\/blog\/fr\/wp-json\/wp\/v2\/users\/11708"}],"replies":[{"embeddable":true,"href":"https:\/\/www.camac-harps.com\/blog\/fr\/wp-json\/wp\/v2\/comments?post=31713"}],"version-history":[{"count":4,"href":"https:\/\/www.camac-harps.com\/blog\/fr\/wp-json\/wp\/v2\/posts\/31713\/revisions"}],"predecessor-version":[{"id":31723,"href":"https:\/\/www.camac-harps.com\/blog\/fr\/wp-json\/wp\/v2\/posts\/31713\/revisions\/31723"}],"wp:featuredmedia":[{"embeddable":true,"href":"https:\/\/www.camac-harps.com\/blog\/fr\/wp-json\/wp\/v2\/media\/31710"}],"wp:attachment":[{"href":"https:\/\/www.camac-harps.com\/blog\/fr\/wp-json\/wp\/v2\/media?parent=31713"}],"wp:term":[{"taxonomy":"category","embeddable":true,"href":"https:\/\/www.camac-harps.com\/blog\/fr\/wp-json\/wp\/v2\/categories?post=31713"},{"taxonomy":"post_tag","embeddable":true,"href":"https:\/\/www.camac-harps.com\/blog\/fr\/wp-json\/wp\/v2\/tags?post=31713"}],"curies":[{"name":"wp","href":"https:\/\/api.w.org\/{rel}","templated":true}]}}