{"id":3292,"date":"2016-01-08T15:47:31","date_gmt":"2016-01-08T15:47:31","guid":{"rendered":"http:\/\/www.harpblog.info\/?p=3292"},"modified":"2017-06-15T08:26:53","modified_gmt":"2017-06-15T08:26:53","slug":"atelier-et-concert-carte-blanche-a-cristina-braga","status":"publish","type":"post","link":"https:\/\/www.camac-harps.com\/blog\/fr\/non-classifiee\/atelier-et-concert-carte-blanche-a-cristina-braga\/","title":{"rendered":"Atelier et Concert \u00ab\u00a0Carte Blanche\u00a0\u00bb \u00e0 Cristina Braga : 7 f\u00e9vrier 2016 &#8211; 14h &#8211; Espace Camac Paris"},"content":{"rendered":"<div id=\"attachment_3289\" class=\"wp-caption alignleft\" style=\"width: 300px\"><a href=\"https:\/\/www.camac-harps.com\/wp-content\/uploads\/sites\/27\/2016\/01\/cristinabraga-1.jpg\" rel=\"attachment wp-att-3289\"><img loading=\"lazy\" decoding=\"async\" class=\"size-medium wp-image-3289\" src=\"https:\/\/www.camac-harps.com\/wp-content\/uploads\/sites\/27\/2016\/01\/cristinabraga-1-300x200.jpg\" alt=\"Cristina Braga\" width=\"300\" height=\"200\" srcset=\"https:\/\/www.camac-harps.com\/blog\/wp-content\/uploads\/sites\/27\/2016\/01\/cristinabraga-1-300x200.jpg 300w, https:\/\/www.camac-harps.com\/blog\/wp-content\/uploads\/sites\/27\/2016\/01\/cristinabraga-1-55x37.jpg 55w, https:\/\/www.camac-harps.com\/blog\/wp-content\/uploads\/sites\/27\/2016\/01\/cristinabraga-1-250x167.jpg 250w, https:\/\/www.camac-harps.com\/blog\/wp-content\/uploads\/sites\/27\/2016\/01\/cristinabraga-1.jpg 600w\" sizes=\"auto, (max-width: 300px) 100vw, 300px\" \/><\/a><p class=\"wp-caption-text\">Cristina Braga<\/p><\/div>\n<p>Jakez Fran\u00e7ois et Les Harpes Camac sont heureux de vous convier \u00e0 une journ\u00e9e d\u2019atelier et de concert autour de la musique br\u00e9silienne avec\u00a0<a href=\"http:\/\/www.cristinabraga.com\/\" target=\"_blank\" rel=\"alternate\">Cristina Braga<\/a>.<\/p>\n<p>Cristina Braga est l&rsquo;une des harpistes et chanteuses les plus connues du Br\u00e9sil.\u00a0De formation classique, elle est la premi\u00e8re harpiste de l&rsquo;orchestre symphonique du Th\u00e9atre de Rio de Janeiro ainsi que professeur \u00e0 l&rsquo;Ecole de Musique de l&rsquo;Universit\u00e9 de Rio. Cristina est \u00e9galement l&rsquo;un des ma\u00eetres de la musique br\u00e9silienne jou\u00e9e \u00e0 la harpe et a publi\u00e9 16 magnifiques et po\u00e9tiques albums sous diff\u00e9rentes formations.<\/p>\n<p>En explorant le r\u00e9pertoire traditionnel Bossa Nova et Samba, en incorporant ses racines aux standards classiques, ou bien au travers de ses propres compositions, Cristina Braga nous montre avec g\u00e9n\u00e9rosit\u00e9 comment jouer de notre Harpe Bleue avec une \u00e2me br\u00e9silienne.<\/p>\n<p>De 14h \u00e0 17h, cet atelier vous initiera aux fondamentaux de la Bossa Nova et vous donnera les cl\u00e9s n\u00e9cessaires pour interpr\u00e9ter, harmoniser et improviser sur les titres les plus connus de ce r\u00e9pertoire br\u00e9silien.<br \/>\nA 18h, Cristina Braga se produira sur la sc\u00e8ne de <a href=\"https:\/\/www.camac-harps.com\/blog\/fr\/shop\/l-espace-camac-paris\" target=\"_blank\">l&rsquo;Espace Camac<\/a> accompagn\u00e9e du bassiste Ricardo Medeiro pour vous pr\u00e9senter en avant premi\u00e8re leur dernier album &#8211; \u00ab\u00a0The Bossa Nova Brandeburg Concerto\u00a0\u00bb &#8211; enregistr\u00e9 avec le Brandenburger Symphoniker qui sera publi\u00e9 en mars prochain sur le label Enja Deutschland.<\/p>\n<div class=\"gdpr_opt_in\" data-cc-enable=\"youtube\">\n<div class=\"gdpr_opt_in__inner\">Je souhaite activer le contenu vid\u00e9o et j&rsquo;accepte que des donn\u00e9es soient charg\u00e9es \u00e0 partir de Google (voir <a href=\"https:\/\/www.camac-harps.com\/blog\/fr\/non-classifiee\/atelier-et-concert-carte-blanche-a-cristina-braga\/\" target=\"_blank\">les r\u00e8gles de confidentialit\u00e9<\/a>).<\/div>\n<\/div>\n<div class=\"video_container\">\n<div class=\"video_container__inner\"><iframe title=\"\u00c1guas de Mar\u00e7o \/ Cristina Braga\" width=\"500\" height=\"281\" alt-src=\"https:\/\/www.youtube-nocookie.com\/embed\/7Pp_Qn3-9Js?feature=oembed\" frameborder=\"0\" allow=\"accelerometer; autoplay; clipboard-write; encrypted-media; gyroscope; picture-in-picture; web-share\" referrerpolicy=\"strict-origin-when-cross-origin\" allowfullscreen><\/iframe><\/div>\n<\/div>\n<p>Ne manquez pas son passage \u00e0 l\u2019Espace Camac Paris !<\/p>\n<p>INSCRIPTIONS ET RESERVATIONS OBLIGATOIRES<br \/>\naupr\u00e8s de l\u2019ESPACE CAMAC :<\/p>\n<p><u>T\u00e9l\u00e9phone<\/u>\u00a0: 01 40 40 08 40 &#8211;\u00a0<u>Email<\/u>\u00a0:\u00a0<a href=\"mailto:espace.camac.paris@camac-harps.com\">espace.camac.paris@camac-harps.com<\/a><\/p>\n","protected":false},"excerpt":{"rendered":"<p>Jakez Fran\u00e7ois et Les Harpes Camac sont heureux de vous convier \u00e0 une journ\u00e9e d\u2019atelier et de concert autour de la musique br\u00e9silienne avec Cristina Braga.<\/p>\n","protected":false},"author":3,"featured_media":3289,"comment_status":"open","ping_status":"open","sticky":false,"template":"","format":"standard","meta":{"_acf_changed":false,"footnotes":""},"categories":[2],"tags":[],"class_list":["post-3292","post","type-post","status-publish","format-standard","has-post-thumbnail","hentry","category-non-classifiee"],"acf":[],"yoast_head":"<title>Atelier et Concert &quot;Carte Blanche&quot; \u00e0 Cristina Braga : 7 f\u00e9vrier 2016 - 14h - Espace Camac Paris - Camac Harps<\/title>\n<meta name=\"robots\" content=\"index, follow, max-snippet:-1, max-image-preview:large, max-video-preview:-1\" \/>\n<link rel=\"canonical\" href=\"https:\/\/www.camac-harps.com\/blog\/fr\/non-classifiee\/atelier-et-concert-carte-blanche-a-cristina-braga\/\" \/>\n<meta property=\"og:locale\" content=\"fr_FR\" \/>\n<meta property=\"og:type\" content=\"article\" \/>\n<meta property=\"og:title\" content=\"Atelier et Concert &quot;Carte Blanche&quot; \u00e0 Cristina Braga : 7 f\u00e9vrier 2016 - 14h - Espace Camac Paris - Camac Harps\" \/>\n<meta property=\"og:description\" content=\"Jakez Fran\u00e7ois et Les Harpes Camac sont heureux de vous convier \u00e0 une journ\u00e9e d\u2019atelier et de concert autour de la musique br\u00e9silienne avec Cristina Braga.\" \/>\n<meta property=\"og:url\" content=\"https:\/\/www.camac-harps.com\/blog\/fr\/non-classifiee\/atelier-et-concert-carte-blanche-a-cristina-braga\/\" \/>\n<meta property=\"og:site_name\" content=\"Camac Harps\" \/>\n<meta property=\"article:published_time\" content=\"2016-01-08T15:47:31+00:00\" \/>\n<meta property=\"article:modified_time\" content=\"2017-06-15T08:26:53+00:00\" \/>\n<meta property=\"og:image\" content=\"https:\/\/www.camac-harps.com\/blog\/wp-content\/uploads\/sites\/27\/2016\/01\/cristinabraga-1.jpg\" \/>\n\t<meta property=\"og:image:width\" content=\"600\" \/>\n\t<meta property=\"og:image:height\" content=\"400\" \/>\n\t<meta property=\"og:image:type\" content=\"image\/jpeg\" \/>\n<meta name=\"author\" content=\"Helen Leitner\" \/>\n<meta name=\"twitter:card\" content=\"summary_large_image\" \/>\n<meta name=\"twitter:label1\" content=\"\u00c9crit par\" \/>\n\t<meta name=\"twitter:data1\" content=\"Helen Leitner\" \/>\n\t<meta name=\"twitter:label2\" content=\"Dur\u00e9e de lecture estim\u00e9e\" \/>\n\t<meta name=\"twitter:data2\" content=\"1 minute\" \/>\n<script type=\"application\/ld+json\" class=\"yoast-schema-graph\">{\"@context\":\"https:\/\/schema.org\",\"@graph\":[{\"@type\":\"Article\",\"@id\":\"https:\/\/www.camac-harps.com\/blog\/fr\/non-classifiee\/atelier-et-concert-carte-blanche-a-cristina-braga\/#article\",\"isPartOf\":{\"@id\":\"https:\/\/www.camac-harps.com\/blog\/fr\/non-classifiee\/atelier-et-concert-carte-blanche-a-cristina-braga\/\"},\"author\":{\"name\":\"Helen Leitner\",\"@id\":\"https:\/\/www.camac-harps.com\/blog\/fr\/#\/schema\/person\/59b9e6843c0338179fb914afaf144d22\"},\"headline\":\"Atelier et Concert \u00ab\u00a0Carte Blanche\u00a0\u00bb \u00e0 Cristina Braga : 7 f\u00e9vrier 2016 &#8211; 14h &#8211; Espace Camac Paris\",\"datePublished\":\"2016-01-08T15:47:31+00:00\",\"dateModified\":\"2017-06-15T08:26:53+00:00\",\"mainEntityOfPage\":{\"@id\":\"https:\/\/www.camac-harps.com\/blog\/fr\/non-classifiee\/atelier-et-concert-carte-blanche-a-cristina-braga\/\"},\"wordCount\":307,\"commentCount\":0,\"image\":{\"@id\":\"https:\/\/www.camac-harps.com\/blog\/fr\/non-classifiee\/atelier-et-concert-carte-blanche-a-cristina-braga\/#primaryimage\"},\"thumbnailUrl\":\"https:\/\/www.camac-harps.com\/blog\/wp-content\/uploads\/sites\/27\/2016\/01\/cristinabraga-1.jpg\",\"articleSection\":[\"Non classifi\u00e9(e)\"],\"inLanguage\":\"fr-FR\",\"potentialAction\":[{\"@type\":\"CommentAction\",\"name\":\"Comment\",\"target\":[\"https:\/\/www.camac-harps.com\/blog\/fr\/non-classifiee\/atelier-et-concert-carte-blanche-a-cristina-braga\/#respond\"]}]},{\"@type\":\"WebPage\",\"@id\":\"https:\/\/www.camac-harps.com\/blog\/fr\/non-classifiee\/atelier-et-concert-carte-blanche-a-cristina-braga\/\",\"url\":\"https:\/\/www.camac-harps.com\/blog\/fr\/non-classifiee\/atelier-et-concert-carte-blanche-a-cristina-braga\/\",\"name\":\"Atelier et Concert \\\"Carte Blanche\\\" \u00e0 Cristina Braga : 7 f\u00e9vrier 2016 - 14h - Espace Camac Paris - Camac Harps\",\"isPartOf\":{\"@id\":\"https:\/\/www.camac-harps.com\/blog\/fr\/#website\"},\"primaryImageOfPage\":{\"@id\":\"https:\/\/www.camac-harps.com\/blog\/fr\/non-classifiee\/atelier-et-concert-carte-blanche-a-cristina-braga\/#primaryimage\"},\"image\":{\"@id\":\"https:\/\/www.camac-harps.com\/blog\/fr\/non-classifiee\/atelier-et-concert-carte-blanche-a-cristina-braga\/#primaryimage\"},\"thumbnailUrl\":\"https:\/\/www.camac-harps.com\/blog\/wp-content\/uploads\/sites\/27\/2016\/01\/cristinabraga-1.jpg\",\"datePublished\":\"2016-01-08T15:47:31+00:00\",\"dateModified\":\"2017-06-15T08:26:53+00:00\",\"author\":{\"@id\":\"https:\/\/www.camac-harps.com\/blog\/fr\/#\/schema\/person\/59b9e6843c0338179fb914afaf144d22\"},\"breadcrumb\":{\"@id\":\"https:\/\/www.camac-harps.com\/blog\/fr\/non-classifiee\/atelier-et-concert-carte-blanche-a-cristina-braga\/#breadcrumb\"},\"inLanguage\":\"fr-FR\",\"potentialAction\":[{\"@type\":\"ReadAction\",\"target\":[\"https:\/\/www.camac-harps.com\/blog\/fr\/non-classifiee\/atelier-et-concert-carte-blanche-a-cristina-braga\/\"]}]},{\"@type\":\"ImageObject\",\"inLanguage\":\"fr-FR\",\"@id\":\"https:\/\/www.camac-harps.com\/blog\/fr\/non-classifiee\/atelier-et-concert-carte-blanche-a-cristina-braga\/#primaryimage\",\"url\":\"https:\/\/www.camac-harps.com\/blog\/wp-content\/uploads\/sites\/27\/2016\/01\/cristinabraga-1.jpg\",\"contentUrl\":\"https:\/\/www.camac-harps.com\/blog\/wp-content\/uploads\/sites\/27\/2016\/01\/cristinabraga-1.jpg\",\"width\":600,\"height\":400,\"caption\":\"Cristina Braga\"},{\"@type\":\"BreadcrumbList\",\"@id\":\"https:\/\/www.camac-harps.com\/blog\/fr\/non-classifiee\/atelier-et-concert-carte-blanche-a-cristina-braga\/#breadcrumb\",\"itemListElement\":[{\"@type\":\"ListItem\",\"position\":1,\"name\":\"Home\",\"item\":\"https:\/\/www.camac-harps.com\/blog\/fr\/\"},{\"@type\":\"ListItem\",\"position\":2,\"name\":\"Atelier et Concert \u00ab\u00a0Carte Blanche\u00a0\u00bb \u00e0 Cristina Braga : 7 f\u00e9vrier 2016 &#8211; 14h &#8211; Espace Camac Paris\"}]},{\"@type\":\"WebSite\",\"@id\":\"https:\/\/www.camac-harps.com\/blog\/fr\/#website\",\"url\":\"https:\/\/www.camac-harps.com\/blog\/fr\/\",\"name\":\"Camac Harps\",\"description\":\"\",\"potentialAction\":[{\"@type\":\"SearchAction\",\"target\":{\"@type\":\"EntryPoint\",\"urlTemplate\":\"https:\/\/www.camac-harps.com\/blog\/fr\/?s={search_term_string}\"},\"query-input\":{\"@type\":\"PropertyValueSpecification\",\"valueRequired\":true,\"valueName\":\"search_term_string\"}}],\"inLanguage\":\"fr-FR\"},{\"@type\":\"Person\",\"@id\":\"https:\/\/www.camac-harps.com\/blog\/fr\/#\/schema\/person\/59b9e6843c0338179fb914afaf144d22\",\"name\":\"Helen Leitner\",\"image\":{\"@type\":\"ImageObject\",\"inLanguage\":\"fr-FR\",\"@id\":\"https:\/\/www.camac-harps.com\/blog\/fr\/#\/schema\/person\/image\/\",\"url\":\"https:\/\/secure.gravatar.com\/avatar\/ebbebff931219cff4c2d1e25c3229b2e036693f67bf237fb12f452d7a019a6da?s=96&d=mm&r=g\",\"contentUrl\":\"https:\/\/secure.gravatar.com\/avatar\/ebbebff931219cff4c2d1e25c3229b2e036693f67bf237fb12f452d7a019a6da?s=96&d=mm&r=g\",\"caption\":\"Helen Leitner\"},\"url\":\"https:\/\/www.camac-harps.com\/blog\/fr\/author\/ltnr\/\"}]}<\/script>","yoast_head_json":{"title":"Atelier et Concert \"Carte Blanche\" \u00e0 Cristina Braga : 7 f\u00e9vrier 2016 - 14h - Espace Camac Paris - Camac Harps","robots":{"index":"index","follow":"follow","max-snippet":"max-snippet:-1","max-image-preview":"max-image-preview:large","max-video-preview":"max-video-preview:-1"},"canonical":"https:\/\/www.camac-harps.com\/blog\/fr\/non-classifiee\/atelier-et-concert-carte-blanche-a-cristina-braga\/","og_locale":"fr_FR","og_type":"article","og_title":"Atelier et Concert \"Carte Blanche\" \u00e0 Cristina Braga : 7 f\u00e9vrier 2016 - 14h - Espace Camac Paris - Camac Harps","og_description":"Jakez Fran\u00e7ois et Les Harpes Camac sont heureux de vous convier \u00e0 une journ\u00e9e d\u2019atelier et de concert autour de la musique br\u00e9silienne avec Cristina Braga.","og_url":"https:\/\/www.camac-harps.com\/blog\/fr\/non-classifiee\/atelier-et-concert-carte-blanche-a-cristina-braga\/","og_site_name":"Camac Harps","article_published_time":"2016-01-08T15:47:31+00:00","article_modified_time":"2017-06-15T08:26:53+00:00","og_image":[{"width":600,"height":400,"url":"https:\/\/www.camac-harps.com\/blog\/wp-content\/uploads\/sites\/27\/2016\/01\/cristinabraga-1.jpg","type":"image\/jpeg"}],"author":"Helen Leitner","twitter_card":"summary_large_image","twitter_misc":{"\u00c9crit par":"Helen Leitner","Dur\u00e9e de lecture estim\u00e9e":"1 minute"},"schema":{"@context":"https:\/\/schema.org","@graph":[{"@type":"Article","@id":"https:\/\/www.camac-harps.com\/blog\/fr\/non-classifiee\/atelier-et-concert-carte-blanche-a-cristina-braga\/#article","isPartOf":{"@id":"https:\/\/www.camac-harps.com\/blog\/fr\/non-classifiee\/atelier-et-concert-carte-blanche-a-cristina-braga\/"},"author":{"name":"Helen Leitner","@id":"https:\/\/www.camac-harps.com\/blog\/fr\/#\/schema\/person\/59b9e6843c0338179fb914afaf144d22"},"headline":"Atelier et Concert \u00ab\u00a0Carte Blanche\u00a0\u00bb \u00e0 Cristina Braga : 7 f\u00e9vrier 2016 &#8211; 14h &#8211; Espace Camac Paris","datePublished":"2016-01-08T15:47:31+00:00","dateModified":"2017-06-15T08:26:53+00:00","mainEntityOfPage":{"@id":"https:\/\/www.camac-harps.com\/blog\/fr\/non-classifiee\/atelier-et-concert-carte-blanche-a-cristina-braga\/"},"wordCount":307,"commentCount":0,"image":{"@id":"https:\/\/www.camac-harps.com\/blog\/fr\/non-classifiee\/atelier-et-concert-carte-blanche-a-cristina-braga\/#primaryimage"},"thumbnailUrl":"https:\/\/www.camac-harps.com\/blog\/wp-content\/uploads\/sites\/27\/2016\/01\/cristinabraga-1.jpg","articleSection":["Non classifi\u00e9(e)"],"inLanguage":"fr-FR","potentialAction":[{"@type":"CommentAction","name":"Comment","target":["https:\/\/www.camac-harps.com\/blog\/fr\/non-classifiee\/atelier-et-concert-carte-blanche-a-cristina-braga\/#respond"]}]},{"@type":"WebPage","@id":"https:\/\/www.camac-harps.com\/blog\/fr\/non-classifiee\/atelier-et-concert-carte-blanche-a-cristina-braga\/","url":"https:\/\/www.camac-harps.com\/blog\/fr\/non-classifiee\/atelier-et-concert-carte-blanche-a-cristina-braga\/","name":"Atelier et Concert \"Carte Blanche\" \u00e0 Cristina Braga : 7 f\u00e9vrier 2016 - 14h - Espace Camac Paris - Camac Harps","isPartOf":{"@id":"https:\/\/www.camac-harps.com\/blog\/fr\/#website"},"primaryImageOfPage":{"@id":"https:\/\/www.camac-harps.com\/blog\/fr\/non-classifiee\/atelier-et-concert-carte-blanche-a-cristina-braga\/#primaryimage"},"image":{"@id":"https:\/\/www.camac-harps.com\/blog\/fr\/non-classifiee\/atelier-et-concert-carte-blanche-a-cristina-braga\/#primaryimage"},"thumbnailUrl":"https:\/\/www.camac-harps.com\/blog\/wp-content\/uploads\/sites\/27\/2016\/01\/cristinabraga-1.jpg","datePublished":"2016-01-08T15:47:31+00:00","dateModified":"2017-06-15T08:26:53+00:00","author":{"@id":"https:\/\/www.camac-harps.com\/blog\/fr\/#\/schema\/person\/59b9e6843c0338179fb914afaf144d22"},"breadcrumb":{"@id":"https:\/\/www.camac-harps.com\/blog\/fr\/non-classifiee\/atelier-et-concert-carte-blanche-a-cristina-braga\/#breadcrumb"},"inLanguage":"fr-FR","potentialAction":[{"@type":"ReadAction","target":["https:\/\/www.camac-harps.com\/blog\/fr\/non-classifiee\/atelier-et-concert-carte-blanche-a-cristina-braga\/"]}]},{"@type":"ImageObject","inLanguage":"fr-FR","@id":"https:\/\/www.camac-harps.com\/blog\/fr\/non-classifiee\/atelier-et-concert-carte-blanche-a-cristina-braga\/#primaryimage","url":"https:\/\/www.camac-harps.com\/blog\/wp-content\/uploads\/sites\/27\/2016\/01\/cristinabraga-1.jpg","contentUrl":"https:\/\/www.camac-harps.com\/blog\/wp-content\/uploads\/sites\/27\/2016\/01\/cristinabraga-1.jpg","width":600,"height":400,"caption":"Cristina Braga"},{"@type":"BreadcrumbList","@id":"https:\/\/www.camac-harps.com\/blog\/fr\/non-classifiee\/atelier-et-concert-carte-blanche-a-cristina-braga\/#breadcrumb","itemListElement":[{"@type":"ListItem","position":1,"name":"Home","item":"https:\/\/www.camac-harps.com\/blog\/fr\/"},{"@type":"ListItem","position":2,"name":"Atelier et Concert \u00ab\u00a0Carte Blanche\u00a0\u00bb \u00e0 Cristina Braga : 7 f\u00e9vrier 2016 &#8211; 14h &#8211; Espace Camac Paris"}]},{"@type":"WebSite","@id":"https:\/\/www.camac-harps.com\/blog\/fr\/#website","url":"https:\/\/www.camac-harps.com\/blog\/fr\/","name":"Camac Harps","description":"","potentialAction":[{"@type":"SearchAction","target":{"@type":"EntryPoint","urlTemplate":"https:\/\/www.camac-harps.com\/blog\/fr\/?s={search_term_string}"},"query-input":{"@type":"PropertyValueSpecification","valueRequired":true,"valueName":"search_term_string"}}],"inLanguage":"fr-FR"},{"@type":"Person","@id":"https:\/\/www.camac-harps.com\/blog\/fr\/#\/schema\/person\/59b9e6843c0338179fb914afaf144d22","name":"Helen Leitner","image":{"@type":"ImageObject","inLanguage":"fr-FR","@id":"https:\/\/www.camac-harps.com\/blog\/fr\/#\/schema\/person\/image\/","url":"https:\/\/secure.gravatar.com\/avatar\/ebbebff931219cff4c2d1e25c3229b2e036693f67bf237fb12f452d7a019a6da?s=96&d=mm&r=g","contentUrl":"https:\/\/secure.gravatar.com\/avatar\/ebbebff931219cff4c2d1e25c3229b2e036693f67bf237fb12f452d7a019a6da?s=96&d=mm&r=g","caption":"Helen Leitner"},"url":"https:\/\/www.camac-harps.com\/blog\/fr\/author\/ltnr\/"}]}},"_links":{"self":[{"href":"https:\/\/www.camac-harps.com\/blog\/fr\/wp-json\/wp\/v2\/posts\/3292","targetHints":{"allow":["GET"]}}],"collection":[{"href":"https:\/\/www.camac-harps.com\/blog\/fr\/wp-json\/wp\/v2\/posts"}],"about":[{"href":"https:\/\/www.camac-harps.com\/blog\/fr\/wp-json\/wp\/v2\/types\/post"}],"author":[{"embeddable":true,"href":"https:\/\/www.camac-harps.com\/blog\/fr\/wp-json\/wp\/v2\/users\/3"}],"replies":[{"embeddable":true,"href":"https:\/\/www.camac-harps.com\/blog\/fr\/wp-json\/wp\/v2\/comments?post=3292"}],"version-history":[{"count":1,"href":"https:\/\/www.camac-harps.com\/blog\/fr\/wp-json\/wp\/v2\/posts\/3292\/revisions"}],"predecessor-version":[{"id":20032,"href":"https:\/\/www.camac-harps.com\/blog\/fr\/wp-json\/wp\/v2\/posts\/3292\/revisions\/20032"}],"wp:featuredmedia":[{"embeddable":true,"href":"https:\/\/www.camac-harps.com\/blog\/fr\/wp-json\/wp\/v2\/media\/3289"}],"wp:attachment":[{"href":"https:\/\/www.camac-harps.com\/blog\/fr\/wp-json\/wp\/v2\/media?parent=3292"}],"wp:term":[{"taxonomy":"category","embeddable":true,"href":"https:\/\/www.camac-harps.com\/blog\/fr\/wp-json\/wp\/v2\/categories?post=3292"},{"taxonomy":"post_tag","embeddable":true,"href":"https:\/\/www.camac-harps.com\/blog\/fr\/wp-json\/wp\/v2\/tags?post=3292"}],"curies":[{"name":"wp","href":"https:\/\/api.w.org\/{rel}","templated":true}]}}