{"id":3356,"date":"2015-12-31T18:54:29","date_gmt":"2015-12-31T18:54:29","guid":{"rendered":"http:\/\/www.harpblog.info\/?p=3356"},"modified":"2017-06-29T07:57:50","modified_gmt":"2017-06-29T07:57:50","slug":"retour-sur-une-annee-2015-bien-remplie-2","status":"publish","type":"post","link":"https:\/\/www.camac-harps.com\/blog\/fr\/non-classifiee\/retour-sur-une-annee-2015-bien-remplie-2\/","title":{"rendered":"Retour sur une ann\u00e9e 2015 bien remplie !"},"content":{"rendered":"<p>En 2015, ce n&rsquo;est pas un, mais deux mod\u00e8les de harpe celtique qui ont vu le jour dans nos ateliers : l&rsquo;<a href=\"https:\/\/www.camac-harps.com\/blog\/fr\/harpes\/harpes-celtiques\/ulysse\" target=\"_blank\">Ulysse<\/a>, en f\u00e9vrier et l&rsquo;<a href=\"https:\/\/www.camac-harps.com\/blog\/fr\/harpes\/harpes-celtiques\/excalibur\" target=\"_blank\">Excalibur<\/a>\u00a0au cours de l&rsquo;\u00e9t\u00e9.<\/p>\n<p><a href=\"https:\/\/vimeo.com\/131785852\">https:\/\/vimeo.com\/131785852<\/a><\/p>\n<p>Un grand nombre de pr\u00e9sentations a\u00a0suivi. L&rsquo;Ulysse a fait sa premi\u00e8re apparition \u00e0 l&rsquo;Espace Camac le 8 mars, tandis que Fran\u00e7ois Pernel inaugurait l&rsquo;Ulysse de la plus belle des mani\u00e8res lors d&rsquo;un concert avec son groupe\u00a0Oak Ink aux\u00a0<a href=\"https:\/\/www.camac-harps.com\/blog\/fr_blog\/2015\/07\/32nd-rencontres-internationales-des-harpes-celtiques-july-8th-12th-2015-dinan-2\/\" target=\"_blank\">32e Rencontres Internationales des Harpes Celtiques de Dinan<\/a>. Notre programme de pr\u00e9sentation de ces deux nouveaux instruments se poursuit et vous pourrez par exemple venir les d\u00e9couvrir \u00e0 Antwerp les 23 et 24 janvier. N&rsquo;h\u00e9sitez pas \u00e0 consulter r\u00e9guli\u00e8rement\u00a0notre\u00a0<a href=\"https:\/\/www.camac-harps.com\/blog\/fr\/agenda\" target=\"_blank\">agenda<\/a>\u00a0pour rester au fait des \u00e9v\u00e9nements \u00e0 venir !<\/p>\n<p><a href=\"https:\/\/vimeo.com\/122361638\">https:\/\/vimeo.com\/122361638<\/a><\/p>\n<p><a href=\"https:\/\/www.camac-harps.com\/wp-content\/uploads\/sites\/27\/2015\/12\/10995678_837772262931454_1051965710457001241_n.jpg\" rel=\"attachment wp-att-3157\"><img loading=\"lazy\" decoding=\"async\" class=\"alignright size-medium wp-image-3157\" src=\"https:\/\/www.camac-harps.com\/wp-content\/uploads\/sites\/27\/2015\/12\/10995678_837772262931454_1051965710457001241_n-210x300.jpg\" alt=\"Dni Harfy w Krakowie\" width=\"210\" height=\"300\" srcset=\"https:\/\/www.camac-harps.com\/blog\/wp-content\/uploads\/sites\/27\/2015\/12\/10995678_837772262931454_1051965710457001241_n-210x300.jpg 210w, https:\/\/www.camac-harps.com\/blog\/wp-content\/uploads\/sites\/27\/2015\/12\/10995678_837772262931454_1051965710457001241_n-300x429.jpg 300w, https:\/\/www.camac-harps.com\/blog\/wp-content\/uploads\/sites\/27\/2015\/12\/10995678_837772262931454_1051965710457001241_n-55x79.jpg 55w, https:\/\/www.camac-harps.com\/blog\/wp-content\/uploads\/sites\/27\/2015\/12\/10995678_837772262931454_1051965710457001241_n-250x357.jpg 250w, https:\/\/www.camac-harps.com\/blog\/wp-content\/uploads\/sites\/27\/2015\/12\/10995678_837772262931454_1051965710457001241_n.jpg 672w\" sizes=\"auto, (max-width: 210px) 100vw, 210px\" \/><\/a>En 2015, nous nous sommes \u00e9galement rendus en Pologne \u00e0 l&rsquo;occasion des <a href=\"https:\/\/www.camac-harps.com\/blog\/fr_blog\/2015\/06\/competition-has-been-shown-to-be-useful\/\" target=\"_blank\">Journ\u00e9es de la Harpe \u00e0 Cracovie<\/a>, et nous avons r\u00e9vis\u00e9 plus d&rsquo;une centaine de harpes dans cinq des plus grandes villes polonaises.\u00a0Nous avons lanc\u00e9 le concours\u00a0<a href=\"https:\/\/www.camac-harps.com\/blog\/fr_blog\/2015\/06\/862\/\" target=\"_blank\">Dasson An Delenn<\/a>, dans la continuit\u00e9 de notre\u00a0<a href=\"https:\/\/www.camac-harps.com\/blog\/en_blog\/2015\/12\/jakez-francois-international-lever-harp-competition-2009\/\" target=\"_blank\">travail en faveur de la harpe celtique<\/a>, en particulier dans notre Bretagne natale. Nous continuons chaque ann\u00e9e \u00e0 soutenir le\u00a0Concours Fran\u00e7ais de la Harpe, la\u00a0Camac Competition \u00e0 London, et bon nombre d&rsquo;autres concours\u00a0qui se d\u00e9roulent r\u00e9guli\u00e8rement. Nous avons \u00e9tendu notre pr\u00e9sence en Suisse (jusque l\u00e0 principalement concentr\u00e9e en Suisse Romande) gr\u00e2ce \u00e0 notre collaboration avec\u00a0<a href=\"https:\/\/www.camac-harps.com\/blog\/fr_blog\/2015\/09\/un-week-end-de-festivals\/\" target=\"_blank\">Harfenfest Luzern<\/a>\u00a0dans la r\u00e9gion germanophone. <a href=\"https:\/\/www.camac-harps.com\/wp-content\/uploads\/sites\/27\/2015\/09\/nancy-front-page.jpg\" rel=\"attachment wp-att-1719\"><img loading=\"lazy\" decoding=\"async\" class=\"alignleft size-medium wp-image-1719\" src=\"https:\/\/www.camac-harps.com\/wp-content\/uploads\/sites\/27\/2015\/09\/nancy-front-page-142x300.jpg\" alt=\"Festival Camac, Nancy 2015\" width=\"142\" height=\"300\" srcset=\"https:\/\/www.camac-harps.com\/blog\/wp-content\/uploads\/sites\/27\/2015\/09\/nancy-front-page-142x300.jpg 142w, https:\/\/www.camac-harps.com\/blog\/wp-content\/uploads\/sites\/27\/2015\/09\/nancy-front-page-485x1024.jpg 485w, https:\/\/www.camac-harps.com\/blog\/wp-content\/uploads\/sites\/27\/2015\/09\/nancy-front-page-300x633.jpg 300w, https:\/\/www.camac-harps.com\/blog\/wp-content\/uploads\/sites\/27\/2015\/09\/nancy-front-page-55x116.jpg 55w, https:\/\/www.camac-harps.com\/blog\/wp-content\/uploads\/sites\/27\/2015\/09\/nancy-front-page-250x528.jpg 250w, https:\/\/www.camac-harps.com\/blog\/wp-content\/uploads\/sites\/27\/2015\/09\/nancy-front-page.jpg 584w\" sizes=\"auto, (max-width: 142px) 100vw, 142px\" \/><\/a>Chez nous, nous avons organis\u00e9 de nombreux concerts et master-classes \u00e0 <a href=\"https:\/\/www.camac-harps.com\/blog\/fr\/shop\/l-espace-camac-paris\" target=\"_blank\">L&rsquo;Espace Camac<\/a>, et en octobre a eu lieu la 10e \u00e9dition de notre Festival Camac. Le\u00a0Festival Camac se d\u00e9roule chaque ann\u00e9e dans une r\u00e9gion francophone diff\u00e9rente et met en avant toute la richesse de la vie harpistique en dehors de la capitale. Cette ann\u00e9e, c&rsquo;est \u00e0 <a href=\"https:\/\/www.camac-harps.com\/blog\/fr_blog\/2015\/10\/les-10-ans-du-the-festival-camac-celebres-en-bonne-et-due-forme-a-nancy\/\" target=\"_blank\">Nancy <\/a>que nous avons f\u00eat\u00e9 cette dixi\u00e8me \u00e9dition avec un programme festif.<\/p>\n<p>Les\u00a0\u00e9v\u00e9nements et pr\u00e9sentations auxquels nous participons sont pour la plupart organis\u00e9s en collaboration avec nos partenaires internationaux. Notre r\u00e9seau de partenaires est vital car c&rsquo;est gr\u00e2ce \u00e0 cela que vous pouvez trouver\u00a0un\u00a0<a href=\"https:\/\/www.camac-harps.com\/blog\/fr\/shop\/nos-partenaires\" target=\"_blank\">partenaire Camac \u00e0 votre service<\/a>\u00a0partout dans le monde.\u00a0Nous \u00e9tions tr\u00e8s heureux de fuir l&rsquo;Europe et son hiver morne pour nous\u00a0rendre \u00e0 Singapour \u00e0 l&rsquo;occasion de l&rsquo;inauguration du <a href=\"https:\/\/www.camac-harps.com\/blog\/fr_blog\/2015\/12\/rave-harps-devoile-ses-nouveaux-locaux-a-singapour\/\" target=\"_blank\">magnifique nouveau centre de Katryna Tan<\/a>. Nous avions \u00e9galement beaucoup appr\u00e9ci\u00e9 le\u00a0<a href=\"https:\/\/www.camac-harps.com\/blog\/fr_blog\/2015\/09\/harpfest-2015-singapour\/\" target=\"_blank\">HarpFest \u00e0 Singapour<\/a>\u00a0en septembre.\u00a0Les 7 et 8 f\u00e9vrier, nous \u00e9tions\u00a0<a href=\"https:\/\/www.camac-harps.com\/blog\/fr_blog\/2015\/12\/3149\/\" target=\"_blank\">\u00e0 Cardiff avec\u00a0Telynau Vining<\/a><strong>, <\/strong>avec qui nous nous sommes aussi rendus plus tard dans l&rsquo;ann\u00e9e \u00e0 \u00c9dimbourg et \u00e0\u00a0<a href=\"https:\/\/www.camac-harps.com\/blog\/fr_blog\/2015\/12\/cambridge-jazz-festival-2015-2\/\" target=\"_blank\">Cambridge<\/a>.\u00a0Au cours du premier semestre\u00a02015, nous avons particip\u00e9 \u00e0\u00a0<a href=\"https:\/\/www.camac-harps.com\/blog\/fr_blog\/2015\/06\/harfengalerie-camac-berlin-vielsaitig-auf-tour-2\/\" target=\"_blank\">cinq projets de tourn\u00e9es<\/a>\u00a0en partenariat avec la\u00a0<a href=\"https:\/\/www.camac-harps.com\/wp-content\/uploads\/sites\/27\/2015\/04\/6a00d8341d450753ef01b7c75ea997970b-500wi.png\" rel=\"attachment wp-att-202\"><img loading=\"lazy\" decoding=\"async\" class=\"wp-image-202 alignright\" src=\"https:\/\/www.camac-harps.com\/wp-content\/uploads\/sites\/27\/2015\/04\/6a00d8341d450753ef01b7c75ea997970b-500wi-253x300.png\" alt=\"Harfengalerie Camac Berlin: Vielsaitig auf Tour!\" width=\"200\" height=\"237\" srcset=\"https:\/\/www.camac-harps.com\/blog\/wp-content\/uploads\/sites\/27\/2015\/04\/6a00d8341d450753ef01b7c75ea997970b-500wi-253x300.png 253w, https:\/\/www.camac-harps.com\/blog\/wp-content\/uploads\/sites\/27\/2015\/04\/6a00d8341d450753ef01b7c75ea997970b-500wi-300x356.png 300w, https:\/\/www.camac-harps.com\/blog\/wp-content\/uploads\/sites\/27\/2015\/04\/6a00d8341d450753ef01b7c75ea997970b-500wi-55x65.png 55w, https:\/\/www.camac-harps.com\/blog\/wp-content\/uploads\/sites\/27\/2015\/04\/6a00d8341d450753ef01b7c75ea997970b-500wi-250x297.png 250w, https:\/\/www.camac-harps.com\/blog\/wp-content\/uploads\/sites\/27\/2015\/04\/6a00d8341d450753ef01b7c75ea997970b-500wi.png 500w\" sizes=\"auto, (max-width: 200px) 100vw, 200px\" \/><\/a><a href=\"http:\/\/www.harfengalerie.de\" target=\"_blank\">Harfengalerie Camac Berlin<\/a>, au\u00a0<a href=\"https:\/\/www.camac-harps.com\/blog\/fr_blog\/2015\/12\/troisieme-festival-de-harpe-de-zagreb-du-26-au-30-avril-2015\/\" target=\"_blank\">Zagreb International\u00a0Festival<\/a>\u00a0avec\u00a0Camac Croatie, et au 20e\u00a0Petar Konjovi\u0107 International Harp Competition avec nos partenaires serbes de Belgrade. Nous avons uni nos forces avec nos partenaires\u00a0Opus Peru Ars pour le\u00a0<a href=\"http:\/\/www.opusperuars.com\/ela-2015.html\" target=\"_blank\">Encuentro Latinoamericano de Arpistas<\/a>\u00a0\u00e0 Miraflores, et nous nous sommes rendus\u00a0<a href=\"https:\/\/www.camac-harps.com\/blog\/fr_blog\/2015\/12\/princeton-harp-festival-2015-4\/\" target=\"_blank\">\u00e0 Princeton<\/a>, <a href=\"http:\/\/www.somersetharpfest.com\" target=\"_blank\">Somerset<\/a> et\u00a0<a href=\"http:\/\/www.beginninginthemiddle.com\" target=\"_blank\">Williamsburg<\/a>\u00a0avec le\u00a0Virginia Harp Center. C&rsquo;est lors du Somerset Harp Festival que nous avons inaugur\u00e9\u00a0notre Ulysse aux Etats-Unis et tous nos instruments\u00a0ont \u00e9t\u00e9 vendus d\u00e8s le premier jour ! Nous avons con\u00e7u\u00a0<a href=\"https:\/\/www.camac-harps.com\/blog\/fr_blog\/2015\/06\/des-finitions-reine-des-neiges\/\" target=\"_blank\">dix harpes avec des finitions \u00ab\u00a0Reine des Neiges\u00a0\u00bb<\/a>\u00a0pour\u00a0Harp Chamber \u00e0\u00a0Hong Kong, et nous avons particip\u00e9 aux plus grands salons musicaux \u00e0 Francfort et \u00e0 Shanghai avec nos partenaires allemands et chinois. En Chine, nous avons \u00e9galement organis\u00e9 un stage sp\u00e9cialement d\u00e9di\u00e9 aux enseignants avec Katryna Tan et nos partenaires\u00a0<a href=\"http:\/\/www.ariamusic.com.cn\" target=\"_blank\">Beijing Aria Cultural Development<\/a>.<\/p>\n<p>Nous avons continuellement \u00e9t\u00e9 inspir\u00e9s par les artistes fantastiques avec qui nous avons la chance de travailler. Il est impossible de les nommer tous ! Nous avons \u00e9t\u00e9 \u00e9poustoufl\u00e9s\u00a0par Isabelle Moretti et\u00a0Fran\u00e7ois Leleux lors de leur interpr\u00e9tation du concerto pour harpe et hautbois de Mozart, en Norv\u00e8ge et en Allemagne. Nous ne nous sommes toujours pas tout \u00e0 fait remis de l&rsquo;<a href=\"https:\/\/www.camac-harps.com\/blog\/fr_blog\/2015\/12\/princeton-harp-festival-2015-4\/\" target=\"_blank\">incroyable prestation de Sylvain Blassel et son programme consacr\u00e9 \u00e0 Liszt \u00e0 Princeton<\/a>. C&rsquo;est aussi \u00e0 Princeton que nous avons d\u00e9couvert\u00a0<a href=\"https:\/\/www.camac-harps.com\/blog\/fr_blog\/2015\/12\/album-live-daddi-jacq\/\" target=\"_blank\">Addi and Jacq<\/a>. Le nouveau disque de concertos d&rsquo;Anneleen Lenaerts\u00a0avec le\u00a0Philharmonique de Bruxelles est sorti le m\u00eame jour que son superbe r\u00e9cital \u00e0\u00a0Prague (bon, d&rsquo;accord, en fait, c&rsquo;\u00e9tait fin 2014, mais <em>cela nous a inspir\u00e9s toute l&rsquo;ann\u00e9e<\/em> !). Lors de notre festival \u00e0 Nancy, nous \u00e9tions tr\u00e8s fiers d&rsquo;entendre\u00a0Elinor Bennett qui a jou\u00e9 sur cinq instruments issus de notre collection de harpes historiques. Et c&rsquo;est \u00e9galement \u00e0 Nancy que nous avons \u00e9t\u00e9 boulevers\u00e9s lors d&rsquo;une soir\u00e9e consacr\u00e9e aux plus grands concertos interpr\u00e9t\u00e9s avec l&rsquo;orchestre amateur\u00a0Mettensis Symphonia.<\/p>\n<p>Nous avons \u00e9galement appr\u00e9ci\u00e9 <a href=\"http:\/\/www.carnegiehall.org\/BlogPost.aspx?id=4295011343\" target=\"_blank\">la s\u00e9rie de vid\u00e9os<\/a>\u00a0sur Edmar Castaneda mise en ligne par le Carnegie Hall (y compris d&rsquo;ailleurs une vid\u00e9o sur la harpe llanera que nous avons con\u00e7ue pour et avec lui). Le d\u00e9veloppement de nos harpes sud-am\u00e9ricaines reste\u00a0une fen\u00eatre passionnante sur de nouveaux mondes et nous sommes souvent en Am\u00e9rique du Sud pour participer\u00a0\u00e0 leurs fantastiques festivals.\u00a0En octobre 2015, nous avons inaugur\u00e9 notre nouvelle harpe paraguayenne \u00e9lectrique au\u00a0World Harp Festival d&rsquo;Asuncion.<\/p>\n<p><a href=\"https:\/\/youtu.be\/qkPmrn97rE8\">https:\/\/youtu.be\/qkPmrn97rE8<\/a><\/p>\n<p>En parlant de harpes et de voyages, Catrin Finch nous a aussi lanc\u00e9 un beau d\u00e9fi : <a href=\"https:\/\/www.camac-harps.com\/blog\/fr_blog\/2015\/07\/catrin-finch-a-contre-courant-elle-parcourt-lethiopie-avec-une-harpe-bleue-pour-wateraid\/\" target=\"_blank\">envoyer une harpe bleue Addis Ababa<\/a>, dans le cadre de sa mission d&rsquo;ambassadrice pour Water Aid. Lara Somogyi poursuit ses\u00a0Big Blue Sessions, une s\u00e9rie de vid\u00e9os de musique pop interpr\u00e9t\u00e9e uniquement avec sa harpe bleue (nous avons soutenu ce projet en l&rsquo;aidant \u00e0\u00a0acqu\u00e9rir\u00a0<a href=\"https:\/\/www.camac-harps.com\/blog\/fr_blog\/2015\/06\/la-big-blue-sur-kickstarter\/\" target=\"_blank\">sa harpe bleue<\/a>). Nous avons fourni des harpes celtiques pour un grand projet transversal men\u00e9\u00a0par\u00a0C\u00e9line Gay Des Combes et Blandine Pigaglio au Conservatoire Populaire de Gen\u00e8ve, et\u00a0Elisabeth Valletti a sorti son album\u00a0<a href=\"https:\/\/www.camac-harps.com\/blog\/fr_blog\/2015\/07\/elisabeth-valletti-sacrum5\/\" target=\"_blank\">Sacrum&rsquo;5<\/a>\u00a0enregistr\u00e9 sur notre harpe \u00e0 p\u00e9dales MIDI. La harpe MIDI, lanc\u00e9e en 2011, n&rsquo;est pas une production commerciale. Nous en avons fabriqu\u00e9 deux exemplaires que nous r\u00e9servons aux projets sp\u00e9ciaux. Nous avons aussi \u00e9t\u00e9 ravis d&rsquo;avoir \u00e9t\u00e9 sollicit\u00e9s pour recommander une jeune harpiste pour l&rsquo;\u00e9mission \u00ab\u00a0Les Prodiges\u00a0\u00bb, diffus\u00e9e le 26 d\u00e9cembre sur France 2&#8230; et qu&rsquo;elle ait remport\u00e9 le prix dans sa cat\u00e9gorie !<\/p>\n<p>Notre <a href=\"http:\/\/www.harp-store.com\" target=\"_blank\">boutique en ligne<\/a>\u00a0fait tout son possible pour rester au fait de toute la richesse et le talent de la sc\u00e8ne harpistique et de nombreuses nouveaut\u00e9s nous parviennent des quatre coins du monde !<\/p>\n<div id=\"attachment_173\" class=\"wp-caption alignright\" style=\"width: 300px\"><a href=\"https:\/\/www.camac-harps.com\/wp-content\/uploads\/sites\/27\/2015\/04\/sawmill.jpg\" rel=\"attachment wp-att-173\"><img loading=\"lazy\" decoding=\"async\" class=\"wp-image-173 size-medium\" src=\"https:\/\/www.camac-harps.com\/wp-content\/uploads\/sites\/27\/2015\/04\/sawmill-300x200.jpg\" alt=\"At the sawmill\" width=\"300\" height=\"200\" srcset=\"https:\/\/www.camac-harps.com\/blog\/wp-content\/uploads\/sites\/27\/2015\/04\/sawmill-300x200.jpg 300w, https:\/\/www.camac-harps.com\/blog\/wp-content\/uploads\/sites\/27\/2015\/04\/sawmill-768x512.jpg 768w, https:\/\/www.camac-harps.com\/blog\/wp-content\/uploads\/sites\/27\/2015\/04\/sawmill-1024x682.jpg 1024w, https:\/\/www.camac-harps.com\/blog\/wp-content\/uploads\/sites\/27\/2015\/04\/sawmill-1000x666.jpg 1000w, https:\/\/www.camac-harps.com\/blog\/wp-content\/uploads\/sites\/27\/2015\/04\/sawmill-800x533.jpg 800w, https:\/\/www.camac-harps.com\/blog\/wp-content\/uploads\/sites\/27\/2015\/04\/sawmill-55x37.jpg 55w, https:\/\/www.camac-harps.com\/blog\/wp-content\/uploads\/sites\/27\/2015\/04\/sawmill-250x167.jpg 250w, https:\/\/www.camac-harps.com\/blog\/wp-content\/uploads\/sites\/27\/2015\/04\/sawmill.jpg 1280w\" sizes=\"auto, (max-width: 300px) 100vw, 300px\" \/><\/a><p class=\"wp-caption-text\">Examen d&rsquo;une r\u00e9cente livraison \u00e0 la scierie<\/p><\/div>\n<p>C&rsquo;est aussi au cours de l&rsquo;hiver 2015 que notre paparazzi interne a eu la chance d&rsquo;<a href=\"https:\/\/www.camac-harps.com\/blog\/fr_blog\/2015\/09\/lhistoire-de-nos-tables-dharmonie\/\" target=\"_blank\">accompagner Jakez en Autriche,<\/a>\u00a0o\u00f9 il s\u00e9lectionne l&rsquo;\u00e9pic\u00e9a de nos tables d&rsquo;harmonie. Nous n&rsquo;utilisons que du bois qui a pouss\u00e9 \u00e0 une altitude minimum de 1000m, et issu de for\u00eats membres du programme de d\u00e9veloppement durable\u00a0PEFC. Pour en savoir plus \u00e0 ce sujet, vous pouvez lire cet\u00a0<a href=\"https:\/\/www.camac-harps.com\/blog\/fr_blog\/2015\/09\/lhistoire-de-nos-tables-dharmonie\/\" target=\"_blank\">article<\/a>, et comprendre comment l&rsquo;\u00e2me d&rsquo;une harpe Camac toute neuve, tout en \u00e9tant \u00e0 la pointe de l&rsquo;innovation, est \u00e9galement d\u00e9j\u00e0 vieille de plus de deux cents ans.<\/p>\n<p><a href=\"https:\/\/www.camac-harps.com\/blog\/en\/camac-eng\/our-ateliers-eng\" rel=\"attachment wp-att-3141\"><img loading=\"lazy\" decoding=\"async\" class=\"alignleft wp-image-3141 size-full\" src=\"https:\/\/www.camac-harps.com\/wp-content\/uploads\/sites\/27\/2015\/12\/2007.jpg\" alt=\"Entreprise du Patrimoine Vivant\" width=\"200\" height=\"180\" srcset=\"https:\/\/www.camac-harps.com\/blog\/wp-content\/uploads\/sites\/27\/2015\/12\/2007.jpg 200w, https:\/\/www.camac-harps.com\/blog\/wp-content\/uploads\/sites\/27\/2015\/12\/2007-55x50.jpg 55w\" sizes=\"auto, (max-width: 200px) 100vw, 200px\" \/><\/a>C&rsquo;est cette association de l&rsquo;ancien et du nouveau qui est au c\u0153ur de notre inspiration de luthier.\u00a0Nous mettons en valeur les plus belles traditions de la lutherie fran\u00e7aise, et nous cherchons constamment des am\u00e9liorations, pour que nos harpes soient toujours meilleures pour vous. Nous sommes tr\u00e8s fiers de continuer \u00e0 fabriquer nos harpes enti\u00e8rement en France, dans nos\u00a0ateliers en Bretagne, avec toute l&rsquo;expertise de nos salari\u00e9s qui travaillent ensemble, stimulent mutuellement leur cr\u00e9ativit\u00e9 et d\u00e9veloppent leur savoir-faire depuis des ann\u00e9es.<\/p>\n<p>Alors que la nouvelle ann\u00e9e se profile, nous vous souhaitons \u00e0 tous une tr\u00e8s belle et heureuse ann\u00e9e 2016 !<\/p>\n","protected":false},"excerpt":{"rendered":"<p>Alors que la nouvelle ann\u00e9e se profile, nous vous souhaitons \u00e0 tous une tr\u00e8s belle et heureuse ann\u00e9e 2016 !<\/p>\n","protected":false},"author":3,"featured_media":168,"comment_status":"open","ping_status":"open","sticky":false,"template":"","format":"standard","meta":{"_acf_changed":false,"footnotes":""},"categories":[2],"tags":[],"class_list":["post-3356","post","type-post","status-publish","format-standard","has-post-thumbnail","hentry","category-non-classifiee"],"acf":[],"yoast_head":"<title>Retour sur une ann\u00e9e 2015 bien remplie ! - Camac Harps<\/title>\n<meta name=\"robots\" content=\"index, follow, max-snippet:-1, max-image-preview:large, max-video-preview:-1\" \/>\n<link rel=\"canonical\" href=\"https:\/\/www.camac-harps.com\/blog\/fr\/non-classifiee\/retour-sur-une-annee-2015-bien-remplie-2\/\" \/>\n<meta property=\"og:locale\" content=\"fr_FR\" \/>\n<meta property=\"og:type\" content=\"article\" \/>\n<meta property=\"og:title\" content=\"Retour sur une ann\u00e9e 2015 bien remplie ! - Camac Harps\" \/>\n<meta property=\"og:description\" content=\"Alors que la nouvelle ann\u00e9e se profile, nous vous souhaitons \u00e0 tous une tr\u00e8s belle et heureuse ann\u00e9e 2016 !\" \/>\n<meta property=\"og:url\" content=\"https:\/\/www.camac-harps.com\/blog\/fr\/non-classifiee\/retour-sur-une-annee-2015-bien-remplie-2\/\" \/>\n<meta property=\"og:site_name\" content=\"Camac Harps\" \/>\n<meta property=\"article:published_time\" content=\"2015-12-31T18:54:29+00:00\" \/>\n<meta property=\"article:modified_time\" content=\"2017-06-29T07:57:50+00:00\" \/>\n<meta property=\"og:image\" content=\"https:\/\/www.camac-harps.com\/blog\/wp-content\/uploads\/sites\/27\/2015\/04\/bischofsmutze.jpg\" \/>\n\t<meta property=\"og:image:width\" content=\"1280\" \/>\n\t<meta property=\"og:image:height\" content=\"853\" \/>\n\t<meta property=\"og:image:type\" content=\"image\/jpeg\" \/>\n<meta name=\"author\" content=\"Helen Leitner\" \/>\n<meta name=\"twitter:card\" content=\"summary_large_image\" \/>\n<meta name=\"twitter:label1\" content=\"\u00c9crit par\" \/>\n\t<meta name=\"twitter:data1\" content=\"Helen Leitner\" \/>\n\t<meta name=\"twitter:label2\" content=\"Dur\u00e9e de lecture estim\u00e9e\" \/>\n\t<meta name=\"twitter:data2\" content=\"6 minutes\" \/>\n<script type=\"application\/ld+json\" class=\"yoast-schema-graph\">{\"@context\":\"https:\/\/schema.org\",\"@graph\":[{\"@type\":\"Article\",\"@id\":\"https:\/\/www.camac-harps.com\/blog\/fr\/non-classifiee\/retour-sur-une-annee-2015-bien-remplie-2\/#article\",\"isPartOf\":{\"@id\":\"https:\/\/www.camac-harps.com\/blog\/fr\/non-classifiee\/retour-sur-une-annee-2015-bien-remplie-2\/\"},\"author\":{\"name\":\"Helen Leitner\",\"@id\":\"https:\/\/www.camac-harps.com\/blog\/fr\/#\/schema\/person\/59b9e6843c0338179fb914afaf144d22\"},\"headline\":\"Retour sur une ann\u00e9e 2015 bien remplie !\",\"datePublished\":\"2015-12-31T18:54:29+00:00\",\"dateModified\":\"2017-06-29T07:57:50+00:00\",\"mainEntityOfPage\":{\"@id\":\"https:\/\/www.camac-harps.com\/blog\/fr\/non-classifiee\/retour-sur-une-annee-2015-bien-remplie-2\/\"},\"wordCount\":1344,\"commentCount\":0,\"image\":{\"@id\":\"https:\/\/www.camac-harps.com\/blog\/fr\/non-classifiee\/retour-sur-une-annee-2015-bien-remplie-2\/#primaryimage\"},\"thumbnailUrl\":\"https:\/\/www.camac-harps.com\/blog\/wp-content\/uploads\/sites\/27\/2015\/04\/bischofsmutze.jpg\",\"articleSection\":[\"Non classifi\u00e9(e)\"],\"inLanguage\":\"fr-FR\",\"potentialAction\":[{\"@type\":\"CommentAction\",\"name\":\"Comment\",\"target\":[\"https:\/\/www.camac-harps.com\/blog\/fr\/non-classifiee\/retour-sur-une-annee-2015-bien-remplie-2\/#respond\"]}]},{\"@type\":\"WebPage\",\"@id\":\"https:\/\/www.camac-harps.com\/blog\/fr\/non-classifiee\/retour-sur-une-annee-2015-bien-remplie-2\/\",\"url\":\"https:\/\/www.camac-harps.com\/blog\/fr\/non-classifiee\/retour-sur-une-annee-2015-bien-remplie-2\/\",\"name\":\"Retour sur une ann\u00e9e 2015 bien remplie ! - Camac Harps\",\"isPartOf\":{\"@id\":\"https:\/\/www.camac-harps.com\/blog\/fr\/#website\"},\"primaryImageOfPage\":{\"@id\":\"https:\/\/www.camac-harps.com\/blog\/fr\/non-classifiee\/retour-sur-une-annee-2015-bien-remplie-2\/#primaryimage\"},\"image\":{\"@id\":\"https:\/\/www.camac-harps.com\/blog\/fr\/non-classifiee\/retour-sur-une-annee-2015-bien-remplie-2\/#primaryimage\"},\"thumbnailUrl\":\"https:\/\/www.camac-harps.com\/blog\/wp-content\/uploads\/sites\/27\/2015\/04\/bischofsmutze.jpg\",\"datePublished\":\"2015-12-31T18:54:29+00:00\",\"dateModified\":\"2017-06-29T07:57:50+00:00\",\"author\":{\"@id\":\"https:\/\/www.camac-harps.com\/blog\/fr\/#\/schema\/person\/59b9e6843c0338179fb914afaf144d22\"},\"breadcrumb\":{\"@id\":\"https:\/\/www.camac-harps.com\/blog\/fr\/non-classifiee\/retour-sur-une-annee-2015-bien-remplie-2\/#breadcrumb\"},\"inLanguage\":\"fr-FR\",\"potentialAction\":[{\"@type\":\"ReadAction\",\"target\":[\"https:\/\/www.camac-harps.com\/blog\/fr\/non-classifiee\/retour-sur-une-annee-2015-bien-remplie-2\/\"]}]},{\"@type\":\"ImageObject\",\"inLanguage\":\"fr-FR\",\"@id\":\"https:\/\/www.camac-harps.com\/blog\/fr\/non-classifiee\/retour-sur-une-annee-2015-bien-remplie-2\/#primaryimage\",\"url\":\"https:\/\/www.camac-harps.com\/blog\/wp-content\/uploads\/sites\/27\/2015\/04\/bischofsmutze.jpg\",\"contentUrl\":\"https:\/\/www.camac-harps.com\/blog\/wp-content\/uploads\/sites\/27\/2015\/04\/bischofsmutze.jpg\",\"width\":1280,\"height\":853,\"caption\":\"In the Alps, where the trees are chosen. The mountain in the background is called the \u201cBischofsm\u00fctze\u201d or \u201cBishop\u2019s hat\u201d, because it looks like a Bishop\u2019s hat. It is said to be a source of peculiar power and energy\u2026\"},{\"@type\":\"BreadcrumbList\",\"@id\":\"https:\/\/www.camac-harps.com\/blog\/fr\/non-classifiee\/retour-sur-une-annee-2015-bien-remplie-2\/#breadcrumb\",\"itemListElement\":[{\"@type\":\"ListItem\",\"position\":1,\"name\":\"Home\",\"item\":\"https:\/\/www.camac-harps.com\/blog\/fr\/\"},{\"@type\":\"ListItem\",\"position\":2,\"name\":\"Retour sur une ann\u00e9e 2015 bien remplie !\"}]},{\"@type\":\"WebSite\",\"@id\":\"https:\/\/www.camac-harps.com\/blog\/fr\/#website\",\"url\":\"https:\/\/www.camac-harps.com\/blog\/fr\/\",\"name\":\"Camac Harps\",\"description\":\"\",\"potentialAction\":[{\"@type\":\"SearchAction\",\"target\":{\"@type\":\"EntryPoint\",\"urlTemplate\":\"https:\/\/www.camac-harps.com\/blog\/fr\/?s={search_term_string}\"},\"query-input\":{\"@type\":\"PropertyValueSpecification\",\"valueRequired\":true,\"valueName\":\"search_term_string\"}}],\"inLanguage\":\"fr-FR\"},{\"@type\":\"Person\",\"@id\":\"https:\/\/www.camac-harps.com\/blog\/fr\/#\/schema\/person\/59b9e6843c0338179fb914afaf144d22\",\"name\":\"Helen Leitner\",\"image\":{\"@type\":\"ImageObject\",\"inLanguage\":\"fr-FR\",\"@id\":\"https:\/\/www.camac-harps.com\/blog\/fr\/#\/schema\/person\/image\/\",\"url\":\"https:\/\/secure.gravatar.com\/avatar\/ebbebff931219cff4c2d1e25c3229b2e036693f67bf237fb12f452d7a019a6da?s=96&d=mm&r=g\",\"contentUrl\":\"https:\/\/secure.gravatar.com\/avatar\/ebbebff931219cff4c2d1e25c3229b2e036693f67bf237fb12f452d7a019a6da?s=96&d=mm&r=g\",\"caption\":\"Helen Leitner\"},\"url\":\"https:\/\/www.camac-harps.com\/blog\/fr\/author\/ltnr\/\"}]}<\/script>","yoast_head_json":{"title":"Retour sur une ann\u00e9e 2015 bien remplie ! - Camac Harps","robots":{"index":"index","follow":"follow","max-snippet":"max-snippet:-1","max-image-preview":"max-image-preview:large","max-video-preview":"max-video-preview:-1"},"canonical":"https:\/\/www.camac-harps.com\/blog\/fr\/non-classifiee\/retour-sur-une-annee-2015-bien-remplie-2\/","og_locale":"fr_FR","og_type":"article","og_title":"Retour sur une ann\u00e9e 2015 bien remplie ! - Camac Harps","og_description":"Alors que la nouvelle ann\u00e9e se profile, nous vous souhaitons \u00e0 tous une tr\u00e8s belle et heureuse ann\u00e9e 2016 !","og_url":"https:\/\/www.camac-harps.com\/blog\/fr\/non-classifiee\/retour-sur-une-annee-2015-bien-remplie-2\/","og_site_name":"Camac Harps","article_published_time":"2015-12-31T18:54:29+00:00","article_modified_time":"2017-06-29T07:57:50+00:00","og_image":[{"width":1280,"height":853,"url":"https:\/\/www.camac-harps.com\/blog\/wp-content\/uploads\/sites\/27\/2015\/04\/bischofsmutze.jpg","type":"image\/jpeg"}],"author":"Helen Leitner","twitter_card":"summary_large_image","twitter_misc":{"\u00c9crit par":"Helen Leitner","Dur\u00e9e de lecture estim\u00e9e":"6 minutes"},"schema":{"@context":"https:\/\/schema.org","@graph":[{"@type":"Article","@id":"https:\/\/www.camac-harps.com\/blog\/fr\/non-classifiee\/retour-sur-une-annee-2015-bien-remplie-2\/#article","isPartOf":{"@id":"https:\/\/www.camac-harps.com\/blog\/fr\/non-classifiee\/retour-sur-une-annee-2015-bien-remplie-2\/"},"author":{"name":"Helen Leitner","@id":"https:\/\/www.camac-harps.com\/blog\/fr\/#\/schema\/person\/59b9e6843c0338179fb914afaf144d22"},"headline":"Retour sur une ann\u00e9e 2015 bien remplie !","datePublished":"2015-12-31T18:54:29+00:00","dateModified":"2017-06-29T07:57:50+00:00","mainEntityOfPage":{"@id":"https:\/\/www.camac-harps.com\/blog\/fr\/non-classifiee\/retour-sur-une-annee-2015-bien-remplie-2\/"},"wordCount":1344,"commentCount":0,"image":{"@id":"https:\/\/www.camac-harps.com\/blog\/fr\/non-classifiee\/retour-sur-une-annee-2015-bien-remplie-2\/#primaryimage"},"thumbnailUrl":"https:\/\/www.camac-harps.com\/blog\/wp-content\/uploads\/sites\/27\/2015\/04\/bischofsmutze.jpg","articleSection":["Non classifi\u00e9(e)"],"inLanguage":"fr-FR","potentialAction":[{"@type":"CommentAction","name":"Comment","target":["https:\/\/www.camac-harps.com\/blog\/fr\/non-classifiee\/retour-sur-une-annee-2015-bien-remplie-2\/#respond"]}]},{"@type":"WebPage","@id":"https:\/\/www.camac-harps.com\/blog\/fr\/non-classifiee\/retour-sur-une-annee-2015-bien-remplie-2\/","url":"https:\/\/www.camac-harps.com\/blog\/fr\/non-classifiee\/retour-sur-une-annee-2015-bien-remplie-2\/","name":"Retour sur une ann\u00e9e 2015 bien remplie ! - Camac Harps","isPartOf":{"@id":"https:\/\/www.camac-harps.com\/blog\/fr\/#website"},"primaryImageOfPage":{"@id":"https:\/\/www.camac-harps.com\/blog\/fr\/non-classifiee\/retour-sur-une-annee-2015-bien-remplie-2\/#primaryimage"},"image":{"@id":"https:\/\/www.camac-harps.com\/blog\/fr\/non-classifiee\/retour-sur-une-annee-2015-bien-remplie-2\/#primaryimage"},"thumbnailUrl":"https:\/\/www.camac-harps.com\/blog\/wp-content\/uploads\/sites\/27\/2015\/04\/bischofsmutze.jpg","datePublished":"2015-12-31T18:54:29+00:00","dateModified":"2017-06-29T07:57:50+00:00","author":{"@id":"https:\/\/www.camac-harps.com\/blog\/fr\/#\/schema\/person\/59b9e6843c0338179fb914afaf144d22"},"breadcrumb":{"@id":"https:\/\/www.camac-harps.com\/blog\/fr\/non-classifiee\/retour-sur-une-annee-2015-bien-remplie-2\/#breadcrumb"},"inLanguage":"fr-FR","potentialAction":[{"@type":"ReadAction","target":["https:\/\/www.camac-harps.com\/blog\/fr\/non-classifiee\/retour-sur-une-annee-2015-bien-remplie-2\/"]}]},{"@type":"ImageObject","inLanguage":"fr-FR","@id":"https:\/\/www.camac-harps.com\/blog\/fr\/non-classifiee\/retour-sur-une-annee-2015-bien-remplie-2\/#primaryimage","url":"https:\/\/www.camac-harps.com\/blog\/wp-content\/uploads\/sites\/27\/2015\/04\/bischofsmutze.jpg","contentUrl":"https:\/\/www.camac-harps.com\/blog\/wp-content\/uploads\/sites\/27\/2015\/04\/bischofsmutze.jpg","width":1280,"height":853,"caption":"In the Alps, where the trees are chosen. The mountain in the background is called the \u201cBischofsm\u00fctze\u201d or \u201cBishop\u2019s hat\u201d, because it looks like a Bishop\u2019s hat. It is said to be a source of peculiar power and energy\u2026"},{"@type":"BreadcrumbList","@id":"https:\/\/www.camac-harps.com\/blog\/fr\/non-classifiee\/retour-sur-une-annee-2015-bien-remplie-2\/#breadcrumb","itemListElement":[{"@type":"ListItem","position":1,"name":"Home","item":"https:\/\/www.camac-harps.com\/blog\/fr\/"},{"@type":"ListItem","position":2,"name":"Retour sur une ann\u00e9e 2015 bien remplie !"}]},{"@type":"WebSite","@id":"https:\/\/www.camac-harps.com\/blog\/fr\/#website","url":"https:\/\/www.camac-harps.com\/blog\/fr\/","name":"Camac Harps","description":"","potentialAction":[{"@type":"SearchAction","target":{"@type":"EntryPoint","urlTemplate":"https:\/\/www.camac-harps.com\/blog\/fr\/?s={search_term_string}"},"query-input":{"@type":"PropertyValueSpecification","valueRequired":true,"valueName":"search_term_string"}}],"inLanguage":"fr-FR"},{"@type":"Person","@id":"https:\/\/www.camac-harps.com\/blog\/fr\/#\/schema\/person\/59b9e6843c0338179fb914afaf144d22","name":"Helen Leitner","image":{"@type":"ImageObject","inLanguage":"fr-FR","@id":"https:\/\/www.camac-harps.com\/blog\/fr\/#\/schema\/person\/image\/","url":"https:\/\/secure.gravatar.com\/avatar\/ebbebff931219cff4c2d1e25c3229b2e036693f67bf237fb12f452d7a019a6da?s=96&d=mm&r=g","contentUrl":"https:\/\/secure.gravatar.com\/avatar\/ebbebff931219cff4c2d1e25c3229b2e036693f67bf237fb12f452d7a019a6da?s=96&d=mm&r=g","caption":"Helen Leitner"},"url":"https:\/\/www.camac-harps.com\/blog\/fr\/author\/ltnr\/"}]}},"_links":{"self":[{"href":"https:\/\/www.camac-harps.com\/blog\/fr\/wp-json\/wp\/v2\/posts\/3356","targetHints":{"allow":["GET"]}}],"collection":[{"href":"https:\/\/www.camac-harps.com\/blog\/fr\/wp-json\/wp\/v2\/posts"}],"about":[{"href":"https:\/\/www.camac-harps.com\/blog\/fr\/wp-json\/wp\/v2\/types\/post"}],"author":[{"embeddable":true,"href":"https:\/\/www.camac-harps.com\/blog\/fr\/wp-json\/wp\/v2\/users\/3"}],"replies":[{"embeddable":true,"href":"https:\/\/www.camac-harps.com\/blog\/fr\/wp-json\/wp\/v2\/comments?post=3356"}],"version-history":[{"count":3,"href":"https:\/\/www.camac-harps.com\/blog\/fr\/wp-json\/wp\/v2\/posts\/3356\/revisions"}],"predecessor-version":[{"id":20779,"href":"https:\/\/www.camac-harps.com\/blog\/fr\/wp-json\/wp\/v2\/posts\/3356\/revisions\/20779"}],"wp:featuredmedia":[{"embeddable":true,"href":"https:\/\/www.camac-harps.com\/blog\/fr\/wp-json\/wp\/v2\/media\/168"}],"wp:attachment":[{"href":"https:\/\/www.camac-harps.com\/blog\/fr\/wp-json\/wp\/v2\/media?parent=3356"}],"wp:term":[{"taxonomy":"category","embeddable":true,"href":"https:\/\/www.camac-harps.com\/blog\/fr\/wp-json\/wp\/v2\/categories?post=3356"},{"taxonomy":"post_tag","embeddable":true,"href":"https:\/\/www.camac-harps.com\/blog\/fr\/wp-json\/wp\/v2\/tags?post=3356"}],"curies":[{"name":"wp","href":"https:\/\/api.w.org\/{rel}","templated":true}]}}