{"id":3680,"date":"2016-01-27T15:05:27","date_gmt":"2016-01-27T15:05:27","guid":{"rendered":"http:\/\/www.harpblog.info\/?p=3680"},"modified":"2017-06-29T07:43:19","modified_gmt":"2017-06-29T07:43:19","slug":"bologna-harp-festival-une-edition-dediee-a-la-harpe-celtique","status":"publish","type":"post","link":"https:\/\/www.camac-harps.com\/blog\/fr\/actualites\/bologna-harp-festival-une-edition-dediee-a-la-harpe-celtique\/","title":{"rendered":"Portrait de Marianne Gubri"},"content":{"rendered":"<div id=\"attachment_4093\" class=\"wp-caption alignleft\" style=\"width: 300px\"><a href=\"https:\/\/www.camac-harps.com\/wp-content\/uploads\/sites\/27\/2016\/01\/12661990_499736686878346_53682776310527873_n.jpg\" rel=\"attachment wp-att-4093\"><img loading=\"lazy\" decoding=\"async\" class=\"size-medium wp-image-4093\" src=\"https:\/\/www.camac-harps.com\/wp-content\/uploads\/sites\/27\/2016\/01\/12661990_499736686878346_53682776310527873_n-300x200.jpg\" alt=\"Marianne Gubri\" width=\"300\" height=\"200\" srcset=\"https:\/\/www.camac-harps.com\/blog\/wp-content\/uploads\/sites\/27\/2016\/01\/12661990_499736686878346_53682776310527873_n-300x200.jpg 300w, https:\/\/www.camac-harps.com\/blog\/wp-content\/uploads\/sites\/27\/2016\/01\/12661990_499736686878346_53682776310527873_n-800x533.jpg 800w, https:\/\/www.camac-harps.com\/blog\/wp-content\/uploads\/sites\/27\/2016\/01\/12661990_499736686878346_53682776310527873_n-768x512.jpg 768w, https:\/\/www.camac-harps.com\/blog\/wp-content\/uploads\/sites\/27\/2016\/01\/12661990_499736686878346_53682776310527873_n-55x37.jpg 55w, https:\/\/www.camac-harps.com\/blog\/wp-content\/uploads\/sites\/27\/2016\/01\/12661990_499736686878346_53682776310527873_n-250x167.jpg 250w, https:\/\/www.camac-harps.com\/blog\/wp-content\/uploads\/sites\/27\/2016\/01\/12661990_499736686878346_53682776310527873_n.jpg 960w\" sizes=\"auto, (max-width: 300px) 100vw, 300px\" \/><\/a><p class=\"wp-caption-text\">Marianne Gubri<\/p><\/div>\n<p><a href=\"http:\/\/www.mariannegubri.com\" target=\"_blank\">Marianne Gubri<\/a> est une harpiste d\u2019origine bretonne r\u00e9sidant en Italie, o\u00f9 elle a cr\u00e9\u00e9 l\u2019<a href=\"http:\/\/www.millearpeggi.com\" target=\"_blank\">Associazione Arpeggi<\/a>, pour la diffusion culturelle de la harpe. Sous les auspices de cette association s\u2019est d\u00e9roul\u00e9e en f\u00e9vrier 2016 la seconde \u00e9dition du <a href=\"http:\/\/www.millearpeggi.com\/#!bologna-harp-festival\/c1t44\" target=\"_blank\">Bologna Harp Festival.<\/a> Cette fois-ci, le festival avait comme fil conducteur la harpe celtique avec une programmation alternant des artistes italiens et\u00a0des artistes \u00e9trangers au sein de la ville de Bologne.<\/p>\n<p>Marianne explique que \u00ab\u00a0Bologne a \u00e9t\u00e9 d\u00e9clar\u00e9e <a href=\"http:\/\/en.unesco.org\/creative-cities\/bologna\" target=\"_blank\">Ville Cr\u00e9ative de la Musique par l\u2019UNESCO<\/a>. La ville a une importante tradition musicale, une \u00e9norme collection de partitions et d\u2019instruments historiques, et elle h\u00e9berge de nombreuses institutions li\u00e9es \u00e0 la musique classique et moderne. J\u2019ai \u00e9t\u00e9 ravie de constater que, depuis les d\u00e9buts, la quasi totalit\u00e9 des concerts et des stages ont affich\u00e9 complet\u00a0! Nous avons obtenu un partenariat avec la Ville de Bologne, avec l\u2019Association Italienne de la Harpe et avec d\u2019autres saisons musicales au sein de th\u00e9\u00e2tres de la ville et du d\u00e9partement.<\/p>\n<p><a href=\"https:\/\/www.camac-harps.com\/wp-content\/uploads\/sites\/27\/2016\/01\/fdec69_6d7ab3e685cd4548b6cb8d625b70599d.jpg\" rel=\"attachment wp-att-3678\"><img loading=\"lazy\" decoding=\"async\" class=\"alignright size-medium wp-image-3678\" src=\"https:\/\/www.camac-harps.com\/wp-content\/uploads\/sites\/27\/2016\/01\/fdec69_6d7ab3e685cd4548b6cb8d625b70599d-300x212.jpg\" alt=\"Bologna Harp Festival\" width=\"300\" height=\"212\" srcset=\"https:\/\/www.camac-harps.com\/blog\/wp-content\/uploads\/sites\/27\/2016\/01\/fdec69_6d7ab3e685cd4548b6cb8d625b70599d-300x212.jpg 300w, https:\/\/www.camac-harps.com\/blog\/wp-content\/uploads\/sites\/27\/2016\/01\/fdec69_6d7ab3e685cd4548b6cb8d625b70599d-55x39.jpg 55w, https:\/\/www.camac-harps.com\/blog\/wp-content\/uploads\/sites\/27\/2016\/01\/fdec69_6d7ab3e685cd4548b6cb8d625b70599d-250x176.jpg 250w, https:\/\/www.camac-harps.com\/blog\/wp-content\/uploads\/sites\/27\/2016\/01\/fdec69_6d7ab3e685cd4548b6cb8d625b70599d-150x105.jpg 150w, https:\/\/www.camac-harps.com\/blog\/wp-content\/uploads\/sites\/27\/2016\/01\/fdec69_6d7ab3e685cd4548b6cb8d625b70599d.jpg 600w\" sizes=\"auto, (max-width: 300px) 100vw, 300px\" \/><\/a><\/p>\n<p>Cette ann\u00e9e, nous avons voulu explorer en particulier la harpe celtique. C\u2019est un instrument vraiment cr\u00e9atif, qui englobe tellement de styles musicaux diff\u00e9rents, dont &#8211; et pas seulement &#8211;\u00a0 la musique traditionnelle. Notre Association compte maintenant quarante \u00e9l\u00e8ves, et bien s\u00fbr beaucoup d\u2019enfants connaissent principalement la harpe celtique. Avec ma coll\u00e8gue Irene De Bartolo, nous cr\u00e9ons souvent des <a href=\"http:\/\/www.millearpeggi.com\/#!corsi-e-eventi\/rlypd\" target=\"_blank\">projets<\/a> li\u00e9s \u00e0 nos activit\u00e9s p\u00e9dagogiques, c\u2019est ainsi que nos \u00e9l\u00e8ves peuvent faire l\u2019exp\u00e9rience directe ce qu\u2019ils apprennent en cours\u00a0! Nous avons pour but de r\u00e9aliser un large \u00e9ventail d\u2019\u00e9v\u00e9nements aussi bien pour les enfants que pour les adultes. C\u2019est aussi important pour moi d\u2019\u00e9quilibrer la participation de harpistes italiens &#8211; qui re\u00e7oivent souvent encore peu d\u2019attention de la part des festivals \u2013 et d\u2019artistes internationaux. Ceci est \u00e9galement tr\u00e8s stimulant pour le grand public, parce qu\u2019ils peuvent d\u00e9couvrir combien le monde de la harpe est riche et vari\u00e9, aussi bien sur notre territoire qu&rsquo;\u00e0 l\u2019\u00e9tranger.<\/p>\n<div id=\"attachment_4086\" class=\"wp-caption alignleft\" style=\"width: 300px\"><a href=\"https:\/\/www.camac-harps.com\/wp-content\/uploads\/sites\/27\/2016\/01\/camac-italia-ph.-pauline-fazzioli.jpg\" rel=\"attachment wp-att-4086\"><img loading=\"lazy\" decoding=\"async\" class=\"size-medium wp-image-4086\" src=\"https:\/\/www.camac-harps.com\/wp-content\/uploads\/sites\/27\/2016\/01\/camac-italia-ph.-pauline-fazzioli-300x225.jpg\" alt=\"Part of Camac Italia's exhibition as part of the Bologna Celtic Harp Festival 2016\" width=\"300\" height=\"225\" srcset=\"https:\/\/www.camac-harps.com\/blog\/wp-content\/uploads\/sites\/27\/2016\/01\/camac-italia-ph.-pauline-fazzioli-300x225.jpg 300w, https:\/\/www.camac-harps.com\/blog\/wp-content\/uploads\/sites\/27\/2016\/01\/camac-italia-ph.-pauline-fazzioli-768x576.jpg 768w, https:\/\/www.camac-harps.com\/blog\/wp-content\/uploads\/sites\/27\/2016\/01\/camac-italia-ph.-pauline-fazzioli-800x600.jpg 800w, https:\/\/www.camac-harps.com\/blog\/wp-content\/uploads\/sites\/27\/2016\/01\/camac-italia-ph.-pauline-fazzioli-55x41.jpg 55w, https:\/\/www.camac-harps.com\/blog\/wp-content\/uploads\/sites\/27\/2016\/01\/camac-italia-ph.-pauline-fazzioli-250x188.jpg 250w, https:\/\/www.camac-harps.com\/blog\/wp-content\/uploads\/sites\/27\/2016\/01\/camac-italia-ph.-pauline-fazzioli.jpg 960w\" sizes=\"auto, (max-width: 300px) 100vw, 300px\" \/><\/a><p class=\"wp-caption-text\">Une partie de l&rsquo;exposition propos\u00e9e par\u00a0Camac Italia lors de l&rsquo;\u00e9dition 2016 du Bologna Celtic Harp Festival 2016<\/p><\/div>\n<p>Nous sommes tr\u00e8s reconnaissants \u00e0 Enrico Tartarotti et \u00e0 l&rsquo;\u00e9quipe de Camac Italia qui ont \u00e9t\u00e9 pr\u00e9sents depuis nos d\u00e9buts, en nous pr\u00eatant des harpes, en r\u00e9alisant des expositions et en soutenant nos activit\u00e9s. Notre festival n\u2019aurait pu \u00eatre complet sans leur participation, et cette ann\u00e9e nous avons \u00e9t\u00e9 heureux de pouvoir h\u00e9berger leur exposition de harpes celtiques au sein du <a href=\"http:\/\/www.museibologna.it\/musica\" target=\"_blank\">Mus\u00e9e de la Musique de Bologne<\/a> durant notre \u00e9v\u00e9nement.\u00a0\u00bb<\/p>\n<p>&nbsp;<\/p>\n<p>Tout en \u00e9tant une enseignante exceptionnellement dynamique, Marianne a \u00e9galement une intense activit\u00e9 comme interpr\u00e8te dans une vaste gamme de projets. Vous pouvez l\u2019entendre dans un duo celtique avec Irene De Bartolo, ou jouant Granados, De Falla, Albeniz, Lecuona et Salzedo avec une danseuse flamenco, ou encore dans des programmes de musiques anciennes italiennes et japonaises. Elle jouera bient\u00f4t \u00e0 Paris avec son duo <a href=\"http:\/\/www.museibologna.it\/musica\" target=\"_blank\">Harp &amp; Hang<\/a> dans une intrigante combinaison avec Paolo Borghi. Leurs compositions originales et m\u00e9ditatives sont fascinantes, et elles \u00e9voquent un univers sonore qui leur est propre.<\/p>\n<p>M\u00eame si vous n\u2019avez pas pu \u00eatre \u00e0 Bologne pour le Festival durant le mois dernier, vous pouvez explorer la galerie de photos ci-dessous\u00a0!<\/p>\n\n\t\t<style type=\"text\/css\">\n\t\t\t#gallery-1 {\n\t\t\t\tmargin: auto;\n\t\t\t}\n\t\t\t#gallery-1 .gallery-item {\n\t\t\t\tfloat: left;\n\t\t\t\tmargin-top: 10px;\n\t\t\t\ttext-align: center;\n\t\t\t\twidth: 33%;\n\t\t\t}\n\t\t\t#gallery-1 img {\n\t\t\t\tborder: 2px solid #cfcfcf;\n\t\t\t}\n\t\t\t#gallery-1 .gallery-caption {\n\t\t\t\tmargin-left: 0;\n\t\t\t}\n\t\t\t\/* see gallery_shortcode() in wp-includes\/media.php *\/\n\t\t<\/style>\n\t\t<div id='gallery-1' class='gallery galleryid-3680 gallery-columns-3 gallery-size-medium'><dl class='gallery-item'>\n\t\t\t<dt class='gallery-icon landscape'>\n\t\t\t\t<a href='https:\/\/www.camac-harps.com\/blog\/wp-content\/uploads\/sites\/27\/2016\/01\/12715542_502648693253812_3995516149707281217_n.jpg'><img loading=\"lazy\" decoding=\"async\" width=\"300\" height=\"226\" src=\"https:\/\/www.camac-harps.com\/blog\/wp-content\/uploads\/sites\/27\/2016\/01\/12715542_502648693253812_3995516149707281217_n-300x226.jpg\" class=\"attachment-medium size-medium\" alt=\"\" aria-describedby=\"gallery-1-24060\" srcset=\"https:\/\/www.camac-harps.com\/blog\/wp-content\/uploads\/sites\/27\/2016\/01\/12715542_502648693253812_3995516149707281217_n-300x226.jpg 300w, https:\/\/www.camac-harps.com\/blog\/wp-content\/uploads\/sites\/27\/2016\/01\/12715542_502648693253812_3995516149707281217_n-768x579.jpg 768w, https:\/\/www.camac-harps.com\/blog\/wp-content\/uploads\/sites\/27\/2016\/01\/12715542_502648693253812_3995516149707281217_n-800x603.jpg 800w, https:\/\/www.camac-harps.com\/blog\/wp-content\/uploads\/sites\/27\/2016\/01\/12715542_502648693253812_3995516149707281217_n-55x41.jpg 55w, https:\/\/www.camac-harps.com\/blog\/wp-content\/uploads\/sites\/27\/2016\/01\/12715542_502648693253812_3995516149707281217_n-250x189.jpg 250w, https:\/\/www.camac-harps.com\/blog\/wp-content\/uploads\/sites\/27\/2016\/01\/12715542_502648693253812_3995516149707281217_n.jpg 960w\" sizes=\"auto, (max-width: 300px) 100vw, 300px\" \/><\/a>\n\t\t\t<\/dt>\n\t\t\t\t<dd class='wp-caption-text gallery-caption' id='gallery-1-24060'>\n\t\t\t\tMyrdhin\n\t\t\t\t<\/dd><\/dl><dl class='gallery-item'>\n\t\t\t<dt class='gallery-icon landscape'>\n\t\t\t\t<a href='https:\/\/www.camac-harps.com\/blog\/wp-content\/uploads\/sites\/27\/2016\/01\/12661990_499736686878346_53682776310527873_n.jpg'><img loading=\"lazy\" decoding=\"async\" width=\"300\" height=\"200\" src=\"https:\/\/www.camac-harps.com\/blog\/wp-content\/uploads\/sites\/27\/2016\/01\/12661990_499736686878346_53682776310527873_n-300x200.jpg\" class=\"attachment-medium size-medium\" alt=\"\" aria-describedby=\"gallery-1-24061\" srcset=\"https:\/\/www.camac-harps.com\/blog\/wp-content\/uploads\/sites\/27\/2016\/01\/12661990_499736686878346_53682776310527873_n-300x200.jpg 300w, https:\/\/www.camac-harps.com\/blog\/wp-content\/uploads\/sites\/27\/2016\/01\/12661990_499736686878346_53682776310527873_n-768x512.jpg 768w, https:\/\/www.camac-harps.com\/blog\/wp-content\/uploads\/sites\/27\/2016\/01\/12661990_499736686878346_53682776310527873_n-800x533.jpg 800w, https:\/\/www.camac-harps.com\/blog\/wp-content\/uploads\/sites\/27\/2016\/01\/12661990_499736686878346_53682776310527873_n-55x37.jpg 55w, https:\/\/www.camac-harps.com\/blog\/wp-content\/uploads\/sites\/27\/2016\/01\/12661990_499736686878346_53682776310527873_n-250x167.jpg 250w, https:\/\/www.camac-harps.com\/blog\/wp-content\/uploads\/sites\/27\/2016\/01\/12661990_499736686878346_53682776310527873_n.jpg 960w\" sizes=\"auto, (max-width: 300px) 100vw, 300px\" \/><\/a>\n\t\t\t<\/dt>\n\t\t\t\t<dd class='wp-caption-text gallery-caption' id='gallery-1-24061'>\n\t\t\t\tMarianne Gubri\n\t\t\t\t<\/dd><\/dl><dl class='gallery-item'>\n\t\t\t<dt class='gallery-icon landscape'>\n\t\t\t\t<a href='https:\/\/www.camac-harps.com\/blog\/wp-content\/uploads\/sites\/27\/2016\/01\/dsc02499-2-1.jpg'><img loading=\"lazy\" decoding=\"async\" width=\"300\" height=\"225\" src=\"https:\/\/www.camac-harps.com\/blog\/wp-content\/uploads\/sites\/27\/2016\/01\/dsc02499-2-1-300x225.jpg\" class=\"attachment-medium size-medium\" alt=\"\" aria-describedby=\"gallery-1-24062\" srcset=\"https:\/\/www.camac-harps.com\/blog\/wp-content\/uploads\/sites\/27\/2016\/01\/dsc02499-2-1-300x225.jpg 300w, https:\/\/www.camac-harps.com\/blog\/wp-content\/uploads\/sites\/27\/2016\/01\/dsc02499-2-1-768x577.jpg 768w, https:\/\/www.camac-harps.com\/blog\/wp-content\/uploads\/sites\/27\/2016\/01\/dsc02499-2-1-800x601.jpg 800w, https:\/\/www.camac-harps.com\/blog\/wp-content\/uploads\/sites\/27\/2016\/01\/dsc02499-2-1-55x41.jpg 55w, https:\/\/www.camac-harps.com\/blog\/wp-content\/uploads\/sites\/27\/2016\/01\/dsc02499-2-1-250x188.jpg 250w, https:\/\/www.camac-harps.com\/blog\/wp-content\/uploads\/sites\/27\/2016\/01\/dsc02499-2-1.jpg 950w\" sizes=\"auto, (max-width: 300px) 100vw, 300px\" \/><\/a>\n\t\t\t<\/dt>\n\t\t\t\t<dd class='wp-caption-text gallery-caption' id='gallery-1-24062'>\n\t\t\t\tRaoul Moretti interpr\u00e9tant &lsquo;Harpscapes&rsquo;\n\t\t\t\t<\/dd><\/dl><br style=\"clear: both\" \/><dl class='gallery-item'>\n\t\t\t<dt class='gallery-icon landscape'>\n\t\t\t\t<a href='https:\/\/www.camac-harps.com\/blog\/wp-content\/uploads\/sites\/27\/2016\/01\/camac-italia-ph.-pauline-fazzioli.jpg'><img loading=\"lazy\" decoding=\"async\" width=\"300\" height=\"225\" src=\"https:\/\/www.camac-harps.com\/blog\/wp-content\/uploads\/sites\/27\/2016\/01\/camac-italia-ph.-pauline-fazzioli-300x225.jpg\" class=\"attachment-medium size-medium\" alt=\"\" aria-describedby=\"gallery-1-24059\" srcset=\"https:\/\/www.camac-harps.com\/blog\/wp-content\/uploads\/sites\/27\/2016\/01\/camac-italia-ph.-pauline-fazzioli-300x225.jpg 300w, https:\/\/www.camac-harps.com\/blog\/wp-content\/uploads\/sites\/27\/2016\/01\/camac-italia-ph.-pauline-fazzioli-768x576.jpg 768w, https:\/\/www.camac-harps.com\/blog\/wp-content\/uploads\/sites\/27\/2016\/01\/camac-italia-ph.-pauline-fazzioli-800x600.jpg 800w, https:\/\/www.camac-harps.com\/blog\/wp-content\/uploads\/sites\/27\/2016\/01\/camac-italia-ph.-pauline-fazzioli-55x41.jpg 55w, https:\/\/www.camac-harps.com\/blog\/wp-content\/uploads\/sites\/27\/2016\/01\/camac-italia-ph.-pauline-fazzioli-250x188.jpg 250w, https:\/\/www.camac-harps.com\/blog\/wp-content\/uploads\/sites\/27\/2016\/01\/camac-italia-ph.-pauline-fazzioli.jpg 960w\" sizes=\"auto, (max-width: 300px) 100vw, 300px\" \/><\/a>\n\t\t\t<\/dt>\n\t\t\t\t<dd class='wp-caption-text gallery-caption' id='gallery-1-24059'>\n\t\t\t\tUne partie de l&rsquo;exposition propos\u00e9e par Camac Italia lors de l&rsquo;\u00e9dition 2016 du Bologna Celtic Harp Festival\n\t\t\t\t<\/dd><\/dl><dl class='gallery-item'>\n\t\t\t<dt class='gallery-icon portrait'>\n\t\t\t\t<a href='https:\/\/www.camac-harps.com\/blog\/wp-content\/uploads\/sites\/27\/2016\/01\/12670266_501717436680271_1622981274975038721_n.jpg'><img loading=\"lazy\" decoding=\"async\" width=\"165\" height=\"300\" src=\"https:\/\/www.camac-harps.com\/blog\/wp-content\/uploads\/sites\/27\/2016\/01\/12670266_501717436680271_1622981274975038721_n-165x300.jpg\" class=\"attachment-medium size-medium\" alt=\"\" aria-describedby=\"gallery-1-24063\" srcset=\"https:\/\/www.camac-harps.com\/blog\/wp-content\/uploads\/sites\/27\/2016\/01\/12670266_501717436680271_1622981274975038721_n-165x300.jpg 165w, https:\/\/www.camac-harps.com\/blog\/wp-content\/uploads\/sites\/27\/2016\/01\/12670266_501717436680271_1622981274975038721_n-300x545.jpg 300w, https:\/\/www.camac-harps.com\/blog\/wp-content\/uploads\/sites\/27\/2016\/01\/12670266_501717436680271_1622981274975038721_n-55x100.jpg 55w, https:\/\/www.camac-harps.com\/blog\/wp-content\/uploads\/sites\/27\/2016\/01\/12670266_501717436680271_1622981274975038721_n-250x455.jpg 250w, https:\/\/www.camac-harps.com\/blog\/wp-content\/uploads\/sites\/27\/2016\/01\/12670266_501717436680271_1622981274975038721_n.jpg 528w\" sizes=\"auto, (max-width: 165px) 100vw, 165px\" \/><\/a>\n\t\t\t<\/dt>\n\t\t\t\t<dd class='wp-caption-text gallery-caption' id='gallery-1-24063'>\n\t\t\t\tTout est pr\u00eat pour l&rsquo;arriv\u00e9e des stagiaires !\n\t\t\t\t<\/dd><\/dl><dl class='gallery-item'>\n\t\t\t<dt class='gallery-icon portrait'>\n\t\t\t\t<a href='https:\/\/www.camac-harps.com\/blog\/wp-content\/uploads\/sites\/27\/2016\/01\/12687853_501783843340297_3238674762521738046_n.jpg'><img loading=\"lazy\" decoding=\"async\" width=\"225\" height=\"300\" src=\"https:\/\/www.camac-harps.com\/blog\/wp-content\/uploads\/sites\/27\/2016\/01\/12687853_501783843340297_3238674762521738046_n-225x300.jpg\" class=\"attachment-medium size-medium\" alt=\"\" aria-describedby=\"gallery-1-24064\" srcset=\"https:\/\/www.camac-harps.com\/blog\/wp-content\/uploads\/sites\/27\/2016\/01\/12687853_501783843340297_3238674762521738046_n-225x300.jpg 225w, https:\/\/www.camac-harps.com\/blog\/wp-content\/uploads\/sites\/27\/2016\/01\/12687853_501783843340297_3238674762521738046_n-300x400.jpg 300w, https:\/\/www.camac-harps.com\/blog\/wp-content\/uploads\/sites\/27\/2016\/01\/12687853_501783843340297_3238674762521738046_n-55x73.jpg 55w, https:\/\/www.camac-harps.com\/blog\/wp-content\/uploads\/sites\/27\/2016\/01\/12687853_501783843340297_3238674762521738046_n-250x333.jpg 250w, https:\/\/www.camac-harps.com\/blog\/wp-content\/uploads\/sites\/27\/2016\/01\/12687853_501783843340297_3238674762521738046_n.jpg 720w\" sizes=\"auto, (max-width: 225px) 100vw, 225px\" \/><\/a>\n\t\t\t<\/dt>\n\t\t\t\t<dd class='wp-caption-text gallery-caption' id='gallery-1-24064'>\n\t\t\t\tStage avec Myrdhin\n\t\t\t\t<\/dd><\/dl><br style=\"clear: both\" \/>\n\t\t<\/div>\n\n<p><span style=\"font-family: Calibri,Verdana,Helvetica,Arial\">\u00a0<\/span><\/p>\n","protected":false},"excerpt":{"rendered":"<p>La deuxi\u00e8me \u00e9dition du Bologna Harp Festival se d\u00e9roulera du 30 janvier au 14 f\u00e9vrier et sera consacr\u00e9e \u00e0 la harpe celtique.<\/p>\n","protected":false},"author":3,"featured_media":4093,"comment_status":"open","ping_status":"open","sticky":false,"template":"","format":"standard","meta":{"_acf_changed":false,"footnotes":""},"categories":[533],"tags":[],"class_list":["post-3680","post","type-post","status-publish","format-standard","has-post-thumbnail","hentry","category-actualites"],"acf":[],"yoast_head":"<title>Portrait de Marianne Gubri - Camac Harps<\/title>\n<meta name=\"robots\" content=\"index, follow, max-snippet:-1, max-image-preview:large, max-video-preview:-1\" \/>\n<link rel=\"canonical\" href=\"https:\/\/www.camac-harps.com\/blog\/fr\/actualites\/bologna-harp-festival-une-edition-dediee-a-la-harpe-celtique\/\" \/>\n<meta property=\"og:locale\" content=\"fr_FR\" \/>\n<meta property=\"og:type\" content=\"article\" \/>\n<meta property=\"og:title\" content=\"Portrait de Marianne Gubri - Camac Harps\" \/>\n<meta property=\"og:description\" content=\"La deuxi\u00e8me \u00e9dition du Bologna Harp Festival se d\u00e9roulera du 30 janvier au 14 f\u00e9vrier et sera consacr\u00e9e \u00e0 la harpe celtique.\" \/>\n<meta property=\"og:url\" content=\"https:\/\/www.camac-harps.com\/blog\/fr\/actualites\/bologna-harp-festival-une-edition-dediee-a-la-harpe-celtique\/\" \/>\n<meta property=\"og:site_name\" content=\"Camac Harps\" \/>\n<meta property=\"article:published_time\" content=\"2016-01-27T15:05:27+00:00\" \/>\n<meta property=\"article:modified_time\" content=\"2017-06-29T07:43:19+00:00\" \/>\n<meta property=\"og:image\" content=\"https:\/\/www.camac-harps.com\/blog\/wp-content\/uploads\/sites\/27\/2016\/01\/12661990_499736686878346_53682776310527873_n.jpg\" \/>\n\t<meta property=\"og:image:width\" content=\"960\" \/>\n\t<meta property=\"og:image:height\" content=\"640\" \/>\n\t<meta property=\"og:image:type\" content=\"image\/jpeg\" \/>\n<meta name=\"author\" content=\"Helen Leitner\" \/>\n<meta name=\"twitter:card\" content=\"summary_large_image\" \/>\n<meta name=\"twitter:label1\" content=\"\u00c9crit par\" \/>\n\t<meta name=\"twitter:data1\" content=\"Helen Leitner\" \/>\n\t<meta name=\"twitter:label2\" content=\"Dur\u00e9e de lecture estim\u00e9e\" \/>\n\t<meta name=\"twitter:data2\" content=\"3 minutes\" \/>\n<script type=\"application\/ld+json\" class=\"yoast-schema-graph\">{\"@context\":\"https:\/\/schema.org\",\"@graph\":[{\"@type\":\"Article\",\"@id\":\"https:\/\/www.camac-harps.com\/blog\/fr\/actualites\/bologna-harp-festival-une-edition-dediee-a-la-harpe-celtique\/#article\",\"isPartOf\":{\"@id\":\"https:\/\/www.camac-harps.com\/blog\/fr\/actualites\/bologna-harp-festival-une-edition-dediee-a-la-harpe-celtique\/\"},\"author\":{\"name\":\"Helen Leitner\",\"@id\":\"https:\/\/www.camac-harps.com\/blog\/fr\/#\/schema\/person\/59b9e6843c0338179fb914afaf144d22\"},\"headline\":\"Portrait de Marianne Gubri\",\"datePublished\":\"2016-01-27T15:05:27+00:00\",\"dateModified\":\"2017-06-29T07:43:19+00:00\",\"mainEntityOfPage\":{\"@id\":\"https:\/\/www.camac-harps.com\/blog\/fr\/actualites\/bologna-harp-festival-une-edition-dediee-a-la-harpe-celtique\/\"},\"wordCount\":612,\"commentCount\":0,\"image\":{\"@id\":\"https:\/\/www.camac-harps.com\/blog\/fr\/actualites\/bologna-harp-festival-une-edition-dediee-a-la-harpe-celtique\/#primaryimage\"},\"thumbnailUrl\":\"https:\/\/www.camac-harps.com\/blog\/wp-content\/uploads\/sites\/27\/2016\/01\/12661990_499736686878346_53682776310527873_n.jpg\",\"articleSection\":[\"Actualit\u00e9s\"],\"inLanguage\":\"fr-FR\",\"potentialAction\":[{\"@type\":\"CommentAction\",\"name\":\"Comment\",\"target\":[\"https:\/\/www.camac-harps.com\/blog\/fr\/actualites\/bologna-harp-festival-une-edition-dediee-a-la-harpe-celtique\/#respond\"]}]},{\"@type\":\"WebPage\",\"@id\":\"https:\/\/www.camac-harps.com\/blog\/fr\/actualites\/bologna-harp-festival-une-edition-dediee-a-la-harpe-celtique\/\",\"url\":\"https:\/\/www.camac-harps.com\/blog\/fr\/actualites\/bologna-harp-festival-une-edition-dediee-a-la-harpe-celtique\/\",\"name\":\"Portrait de Marianne Gubri - Camac Harps\",\"isPartOf\":{\"@id\":\"https:\/\/www.camac-harps.com\/blog\/fr\/#website\"},\"primaryImageOfPage\":{\"@id\":\"https:\/\/www.camac-harps.com\/blog\/fr\/actualites\/bologna-harp-festival-une-edition-dediee-a-la-harpe-celtique\/#primaryimage\"},\"image\":{\"@id\":\"https:\/\/www.camac-harps.com\/blog\/fr\/actualites\/bologna-harp-festival-une-edition-dediee-a-la-harpe-celtique\/#primaryimage\"},\"thumbnailUrl\":\"https:\/\/www.camac-harps.com\/blog\/wp-content\/uploads\/sites\/27\/2016\/01\/12661990_499736686878346_53682776310527873_n.jpg\",\"datePublished\":\"2016-01-27T15:05:27+00:00\",\"dateModified\":\"2017-06-29T07:43:19+00:00\",\"author\":{\"@id\":\"https:\/\/www.camac-harps.com\/blog\/fr\/#\/schema\/person\/59b9e6843c0338179fb914afaf144d22\"},\"breadcrumb\":{\"@id\":\"https:\/\/www.camac-harps.com\/blog\/fr\/actualites\/bologna-harp-festival-une-edition-dediee-a-la-harpe-celtique\/#breadcrumb\"},\"inLanguage\":\"fr-FR\",\"potentialAction\":[{\"@type\":\"ReadAction\",\"target\":[\"https:\/\/www.camac-harps.com\/blog\/fr\/actualites\/bologna-harp-festival-une-edition-dediee-a-la-harpe-celtique\/\"]}]},{\"@type\":\"ImageObject\",\"inLanguage\":\"fr-FR\",\"@id\":\"https:\/\/www.camac-harps.com\/blog\/fr\/actualites\/bologna-harp-festival-une-edition-dediee-a-la-harpe-celtique\/#primaryimage\",\"url\":\"https:\/\/www.camac-harps.com\/blog\/wp-content\/uploads\/sites\/27\/2016\/01\/12661990_499736686878346_53682776310527873_n.jpg\",\"contentUrl\":\"https:\/\/www.camac-harps.com\/blog\/wp-content\/uploads\/sites\/27\/2016\/01\/12661990_499736686878346_53682776310527873_n.jpg\",\"width\":960,\"height\":640,\"caption\":\"Marianne Gubri\"},{\"@type\":\"BreadcrumbList\",\"@id\":\"https:\/\/www.camac-harps.com\/blog\/fr\/actualites\/bologna-harp-festival-une-edition-dediee-a-la-harpe-celtique\/#breadcrumb\",\"itemListElement\":[{\"@type\":\"ListItem\",\"position\":1,\"name\":\"Home\",\"item\":\"https:\/\/www.camac-harps.com\/blog\/fr\/\"},{\"@type\":\"ListItem\",\"position\":2,\"name\":\"Portrait de Marianne Gubri\"}]},{\"@type\":\"WebSite\",\"@id\":\"https:\/\/www.camac-harps.com\/blog\/fr\/#website\",\"url\":\"https:\/\/www.camac-harps.com\/blog\/fr\/\",\"name\":\"Camac Harps\",\"description\":\"\",\"potentialAction\":[{\"@type\":\"SearchAction\",\"target\":{\"@type\":\"EntryPoint\",\"urlTemplate\":\"https:\/\/www.camac-harps.com\/blog\/fr\/?s={search_term_string}\"},\"query-input\":{\"@type\":\"PropertyValueSpecification\",\"valueRequired\":true,\"valueName\":\"search_term_string\"}}],\"inLanguage\":\"fr-FR\"},{\"@type\":\"Person\",\"@id\":\"https:\/\/www.camac-harps.com\/blog\/fr\/#\/schema\/person\/59b9e6843c0338179fb914afaf144d22\",\"name\":\"Helen Leitner\",\"image\":{\"@type\":\"ImageObject\",\"inLanguage\":\"fr-FR\",\"@id\":\"https:\/\/www.camac-harps.com\/blog\/fr\/#\/schema\/person\/image\/\",\"url\":\"https:\/\/secure.gravatar.com\/avatar\/ebbebff931219cff4c2d1e25c3229b2e036693f67bf237fb12f452d7a019a6da?s=96&d=mm&r=g\",\"contentUrl\":\"https:\/\/secure.gravatar.com\/avatar\/ebbebff931219cff4c2d1e25c3229b2e036693f67bf237fb12f452d7a019a6da?s=96&d=mm&r=g\",\"caption\":\"Helen Leitner\"},\"url\":\"https:\/\/www.camac-harps.com\/blog\/fr\/author\/ltnr\/\"}]}<\/script>","yoast_head_json":{"title":"Portrait de Marianne Gubri - Camac Harps","robots":{"index":"index","follow":"follow","max-snippet":"max-snippet:-1","max-image-preview":"max-image-preview:large","max-video-preview":"max-video-preview:-1"},"canonical":"https:\/\/www.camac-harps.com\/blog\/fr\/actualites\/bologna-harp-festival-une-edition-dediee-a-la-harpe-celtique\/","og_locale":"fr_FR","og_type":"article","og_title":"Portrait de Marianne Gubri - Camac Harps","og_description":"La deuxi\u00e8me \u00e9dition du Bologna Harp Festival se d\u00e9roulera du 30 janvier au 14 f\u00e9vrier et sera consacr\u00e9e \u00e0 la harpe celtique.","og_url":"https:\/\/www.camac-harps.com\/blog\/fr\/actualites\/bologna-harp-festival-une-edition-dediee-a-la-harpe-celtique\/","og_site_name":"Camac Harps","article_published_time":"2016-01-27T15:05:27+00:00","article_modified_time":"2017-06-29T07:43:19+00:00","og_image":[{"width":960,"height":640,"url":"https:\/\/www.camac-harps.com\/blog\/wp-content\/uploads\/sites\/27\/2016\/01\/12661990_499736686878346_53682776310527873_n.jpg","type":"image\/jpeg"}],"author":"Helen Leitner","twitter_card":"summary_large_image","twitter_misc":{"\u00c9crit par":"Helen Leitner","Dur\u00e9e de lecture estim\u00e9e":"3 minutes"},"schema":{"@context":"https:\/\/schema.org","@graph":[{"@type":"Article","@id":"https:\/\/www.camac-harps.com\/blog\/fr\/actualites\/bologna-harp-festival-une-edition-dediee-a-la-harpe-celtique\/#article","isPartOf":{"@id":"https:\/\/www.camac-harps.com\/blog\/fr\/actualites\/bologna-harp-festival-une-edition-dediee-a-la-harpe-celtique\/"},"author":{"name":"Helen Leitner","@id":"https:\/\/www.camac-harps.com\/blog\/fr\/#\/schema\/person\/59b9e6843c0338179fb914afaf144d22"},"headline":"Portrait de Marianne Gubri","datePublished":"2016-01-27T15:05:27+00:00","dateModified":"2017-06-29T07:43:19+00:00","mainEntityOfPage":{"@id":"https:\/\/www.camac-harps.com\/blog\/fr\/actualites\/bologna-harp-festival-une-edition-dediee-a-la-harpe-celtique\/"},"wordCount":612,"commentCount":0,"image":{"@id":"https:\/\/www.camac-harps.com\/blog\/fr\/actualites\/bologna-harp-festival-une-edition-dediee-a-la-harpe-celtique\/#primaryimage"},"thumbnailUrl":"https:\/\/www.camac-harps.com\/blog\/wp-content\/uploads\/sites\/27\/2016\/01\/12661990_499736686878346_53682776310527873_n.jpg","articleSection":["Actualit\u00e9s"],"inLanguage":"fr-FR","potentialAction":[{"@type":"CommentAction","name":"Comment","target":["https:\/\/www.camac-harps.com\/blog\/fr\/actualites\/bologna-harp-festival-une-edition-dediee-a-la-harpe-celtique\/#respond"]}]},{"@type":"WebPage","@id":"https:\/\/www.camac-harps.com\/blog\/fr\/actualites\/bologna-harp-festival-une-edition-dediee-a-la-harpe-celtique\/","url":"https:\/\/www.camac-harps.com\/blog\/fr\/actualites\/bologna-harp-festival-une-edition-dediee-a-la-harpe-celtique\/","name":"Portrait de Marianne Gubri - Camac Harps","isPartOf":{"@id":"https:\/\/www.camac-harps.com\/blog\/fr\/#website"},"primaryImageOfPage":{"@id":"https:\/\/www.camac-harps.com\/blog\/fr\/actualites\/bologna-harp-festival-une-edition-dediee-a-la-harpe-celtique\/#primaryimage"},"image":{"@id":"https:\/\/www.camac-harps.com\/blog\/fr\/actualites\/bologna-harp-festival-une-edition-dediee-a-la-harpe-celtique\/#primaryimage"},"thumbnailUrl":"https:\/\/www.camac-harps.com\/blog\/wp-content\/uploads\/sites\/27\/2016\/01\/12661990_499736686878346_53682776310527873_n.jpg","datePublished":"2016-01-27T15:05:27+00:00","dateModified":"2017-06-29T07:43:19+00:00","author":{"@id":"https:\/\/www.camac-harps.com\/blog\/fr\/#\/schema\/person\/59b9e6843c0338179fb914afaf144d22"},"breadcrumb":{"@id":"https:\/\/www.camac-harps.com\/blog\/fr\/actualites\/bologna-harp-festival-une-edition-dediee-a-la-harpe-celtique\/#breadcrumb"},"inLanguage":"fr-FR","potentialAction":[{"@type":"ReadAction","target":["https:\/\/www.camac-harps.com\/blog\/fr\/actualites\/bologna-harp-festival-une-edition-dediee-a-la-harpe-celtique\/"]}]},{"@type":"ImageObject","inLanguage":"fr-FR","@id":"https:\/\/www.camac-harps.com\/blog\/fr\/actualites\/bologna-harp-festival-une-edition-dediee-a-la-harpe-celtique\/#primaryimage","url":"https:\/\/www.camac-harps.com\/blog\/wp-content\/uploads\/sites\/27\/2016\/01\/12661990_499736686878346_53682776310527873_n.jpg","contentUrl":"https:\/\/www.camac-harps.com\/blog\/wp-content\/uploads\/sites\/27\/2016\/01\/12661990_499736686878346_53682776310527873_n.jpg","width":960,"height":640,"caption":"Marianne Gubri"},{"@type":"BreadcrumbList","@id":"https:\/\/www.camac-harps.com\/blog\/fr\/actualites\/bologna-harp-festival-une-edition-dediee-a-la-harpe-celtique\/#breadcrumb","itemListElement":[{"@type":"ListItem","position":1,"name":"Home","item":"https:\/\/www.camac-harps.com\/blog\/fr\/"},{"@type":"ListItem","position":2,"name":"Portrait de Marianne Gubri"}]},{"@type":"WebSite","@id":"https:\/\/www.camac-harps.com\/blog\/fr\/#website","url":"https:\/\/www.camac-harps.com\/blog\/fr\/","name":"Camac Harps","description":"","potentialAction":[{"@type":"SearchAction","target":{"@type":"EntryPoint","urlTemplate":"https:\/\/www.camac-harps.com\/blog\/fr\/?s={search_term_string}"},"query-input":{"@type":"PropertyValueSpecification","valueRequired":true,"valueName":"search_term_string"}}],"inLanguage":"fr-FR"},{"@type":"Person","@id":"https:\/\/www.camac-harps.com\/blog\/fr\/#\/schema\/person\/59b9e6843c0338179fb914afaf144d22","name":"Helen Leitner","image":{"@type":"ImageObject","inLanguage":"fr-FR","@id":"https:\/\/www.camac-harps.com\/blog\/fr\/#\/schema\/person\/image\/","url":"https:\/\/secure.gravatar.com\/avatar\/ebbebff931219cff4c2d1e25c3229b2e036693f67bf237fb12f452d7a019a6da?s=96&d=mm&r=g","contentUrl":"https:\/\/secure.gravatar.com\/avatar\/ebbebff931219cff4c2d1e25c3229b2e036693f67bf237fb12f452d7a019a6da?s=96&d=mm&r=g","caption":"Helen Leitner"},"url":"https:\/\/www.camac-harps.com\/blog\/fr\/author\/ltnr\/"}]}},"_links":{"self":[{"href":"https:\/\/www.camac-harps.com\/blog\/fr\/wp-json\/wp\/v2\/posts\/3680","targetHints":{"allow":["GET"]}}],"collection":[{"href":"https:\/\/www.camac-harps.com\/blog\/fr\/wp-json\/wp\/v2\/posts"}],"about":[{"href":"https:\/\/www.camac-harps.com\/blog\/fr\/wp-json\/wp\/v2\/types\/post"}],"author":[{"embeddable":true,"href":"https:\/\/www.camac-harps.com\/blog\/fr\/wp-json\/wp\/v2\/users\/3"}],"replies":[{"embeddable":true,"href":"https:\/\/www.camac-harps.com\/blog\/fr\/wp-json\/wp\/v2\/comments?post=3680"}],"version-history":[{"count":3,"href":"https:\/\/www.camac-harps.com\/blog\/fr\/wp-json\/wp\/v2\/posts\/3680\/revisions"}],"predecessor-version":[{"id":20529,"href":"https:\/\/www.camac-harps.com\/blog\/fr\/wp-json\/wp\/v2\/posts\/3680\/revisions\/20529"}],"wp:featuredmedia":[{"embeddable":true,"href":"https:\/\/www.camac-harps.com\/blog\/fr\/wp-json\/wp\/v2\/media\/4093"}],"wp:attachment":[{"href":"https:\/\/www.camac-harps.com\/blog\/fr\/wp-json\/wp\/v2\/media?parent=3680"}],"wp:term":[{"taxonomy":"category","embeddable":true,"href":"https:\/\/www.camac-harps.com\/blog\/fr\/wp-json\/wp\/v2\/categories?post=3680"},{"taxonomy":"post_tag","embeddable":true,"href":"https:\/\/www.camac-harps.com\/blog\/fr\/wp-json\/wp\/v2\/tags?post=3680"}],"curies":[{"name":"wp","href":"https:\/\/api.w.org\/{rel}","templated":true}]}}